{"id":32300,"date":"2023-02-27T12:41:42","date_gmt":"2023-02-27T11:41:42","guid":{"rendered":"https:\/\/www.plexus.es\/?p=32300"},"modified":"2024-05-22T14:18:45","modified_gmt":"2024-05-22T12:18:45","slug":"plexus-tech-compromiso-empresa","status":"publish","type":"post","link":"https:\/\/www.plexus.es\/de\/plexus-tech-compromiso-empresa\/","title":{"rendered":"Plexus Tech, en el selecto grupo de firmas gallegas m\u00e1s comprometidas"},"content":{"rendered":"<div class=\"fusion-fullwidth fullwidth-box fusion-builder-row-1 fusion-flex-container nonhundred-percent-fullwidth non-hundred-percent-height-scrolling\" style=\"background-color: rgba(255,255,255,0);background-position: center center;background-repeat: no-repeat;border-width: 0px 0px 0px 0px;border-color:#e8ebef;border-style:solid;\" ><div class=\"fusion-builder-row fusion-row fusion-flex-align-items-flex-start\" style=\"max-width:1310.4px;margin-left: calc(-4% \/ 2 );margin-right: calc(-4% \/ 2 );\"><div class=\"fusion-layout-column fusion_builder_column fusion-builder-column-0 fusion_builder_column_1_1 1_1 fusion-flex-column\"><div class=\"fusion-column-wrapper fusion-flex-justify-content-flex-start fusion-content-layout-column\" style=\"background-position:left top;background-repeat:no-repeat;-webkit-background-size:cover;-moz-background-size:cover;-o-background-size:cover;background-size:cover;padding: 0px 0px 0px 0px;\"><div class=\"fusion-text fusion-text-1\"><p><b><span data-contrast=\"auto\">Un reconocimiento al compromiso de <a href=\"https:\/\/www.plexus.es\/somos\/\" target=\"_blank\" rel=\"noopener\"><span>Plexus Tech<\/span><\/a><\/span><\/b><span data-contrast=\"auto\">. La compa\u00f1\u00eda ha sido nombrada como una de las m\u00e1s comprometidas de Galicia, en la tercera edici\u00f3n de los <a href=\"https:\/\/www.economiadigital.es\/galicia\/wp-content\/uploads\/sites\/3\/2023\/02\/Atlas-Gallego-de-la-Empresa-Comprometida-2022_CAS_hojas-sueltas.pdf\" target=\"_blank\" rel=\"noopener\"><span>premios Atlas<\/span><\/a><\/span><span data-contrast=\"auto\">.<\/span><b><span data-contrast=\"auto\"> La firma recibi\u00f3 un total de 15 estrellas, con m\u00e1xima puntuaci\u00f3n en las categor\u00edas de \u201cBuen Gobierno\u201d y \u201cPersonas\u201d<\/span><\/b><span data-contrast=\"auto\">,\u00a0en estos galardones que entrega\u00a0Econom\u00eda Digital.<\/span><span data-ccp-props=\"{\">\u00a0<\/span><\/p>\n<p><span data-contrast=\"auto\">Estos grandes resultados para Plexus Tech se dieron a conocer el pasado viernes, 24 de febrero, en la sede de Afundaci\u00f3n de Santiago de Compostela, en un acto\u00a0que cont\u00f3 con la presencia del vicepresidente primero de la Xunta y conselleiro de Econom\u00eda, Fransico Conde, el presidente de la Confederaci\u00f3n de Empresarios de Galicia, Juan Manuel Vieites, y el director t\u00e9cnico del Atlas Gallego de la Empresa Comprometida, el economista Marcelino Fern\u00e1ndez Mallo.<\/span><span data-ccp-props=\"{\">\u00a0<\/span><\/p>\n<p><b><span data-contrast=\"auto\">Este premio destaca el grado de implicaci\u00f3n de las empresas gallegas con el\u00a0entorno, el\u00a0medioambiente, la\u00a0gobernanza\u00a0y las\u00a0personas. <\/span><\/b><span data-contrast=\"auto\">Los organizadores realizan un completo estudio para valorar las actuaciones de cada participante.<\/span><span data-ccp-props=\"{\">\u00a0<\/span><\/p>\n<p><span data-contrast=\"auto\">Dentro de este trabajo, de los 60 concurrentes, <\/span><b><span data-contrast=\"auto\">Plexus Tech se encuentra entre las diez mejores compa\u00f1\u00edas por su compromiso.<\/span><\/b><span data-contrast=\"auto\"> La firma tecnol\u00f3gica se sit\u00faa <\/span><b><span data-contrast=\"auto\">en el segundo escal\u00f3n del podio.<\/span><\/b><span data-contrast=\"auto\"> Cabe destacar que, del m\u00e1ximo de 20 estrellas, recibi\u00f3 15, una menos que los l\u00edderes. Tan s\u00f3lo es superado por seis entidades: Abanca, Inditex, Grupo Calvo, Greenalia, Gadisa y Congalsa.<\/span><span data-ccp-props=\"{\">\u00a0<\/span><\/p>\n<p><span data-contrast=\"auto\">Entre el an\u00e1lisis, adem\u00e1s de sobresalir el reconocimiento m\u00e1ximo recibido en las categor\u00edas de Buen Gobierno y Personas, <\/span><b><span data-contrast=\"auto\">resulta meritorio tambi\u00e9n la evoluci\u00f3n respecto a la edici\u00f3n anterior<\/span><\/b><span data-contrast=\"auto\">. As\u00ed, la compa\u00f1\u00eda ha pasado de las <span><a href=\"https:\/\/www.economiadigital.es\/galicia\/wp-content\/uploads\/sites\/3\/2022\/01\/Atlas-Galego-da-Empresa-Comprometida-2021_GALEGO.pdf\" target=\"_blank\" rel=\"noopener\">11 Estrellas de 2021<\/a><\/span> <\/span><span data-contrast=\"auto\">a las 15 actuales.<\/span><span data-ccp-props=\"{\">\u00a0<\/span><\/p>\n<p><span data-contrast=\"auto\">Entre las distintas categor\u00edas, aument\u00f3 sus valoraciones en las citadas dos \u00e1reas de m\u00e1xima puntaci\u00f3n, con una Estrella m\u00e1s. Sin embargo,<\/span><b><span data-contrast=\"auto\"> el mayor incremento se produce en \u201cEntorno\u201d, con dos Estrellas m\u00e1s, pasando de una a tres. <\/span><\/b><span data-contrast=\"auto\">Por su parte, se mantienen las dos Estrellas en el apartado de Medio Ambiente. <\/span><span data-ccp-props=\"{\">\u00a0<\/span><\/p>\n<p><span data-contrast=\"auto\">En la radiograf\u00eda de todos los competidores, cabe se\u00f1alar que <\/span><b><span data-contrast=\"auto\">en \u201cPersonas\u201d, tan s\u00f3lo cuatro compa\u00f1\u00edas, entre ellas Plexus Tech,\u00a0logran la puntuaci\u00f3n m\u00e1xima<\/span><\/b><span data-contrast=\"auto\">. Esto demuestra sin duda la importancia del talento dentro de la filosof\u00eda de Tecnolog\u00eda con Alma.\u00a0<\/span><span data-ccp-props=\"{\">\u00a0<\/span><\/p>\n<p><span data-contrast=\"auto\">Asimismo, este \u00e9xito cobra mayor fuerza dentro del panorama geopol\u00edtico y econ\u00f3mico mundial, pasando de una pandemia a los efectos devastadores de una guerra. De este modo, Francisco Conde, quiso poner en valor el paso dado por empresas como Plexus Tech.\u00a0<\/span><span data-ccp-props=\"{\">\u00a0<\/span><\/p>\n<p><span data-contrast=\"auto\">\u201cEn todas las variables analizadas hay una enorme preocupaci\u00f3n por parte de la empresa de elementos que hasta hace muy poco tiempo seguramente no eran tan importantes. Est\u00e1n <\/span><b><span data-contrast=\"auto\">preocupadas por el control de las emisiones, por el uso de las energ\u00edas renovables o por la revisi\u00f3n de los procesos (productivos) con fines de preservaci\u00f3n<\/span><\/b><span data-contrast=\"auto\">. Y esto, lejos de verse en t\u00e9rminos de costes, se est\u00e1 analizando en t\u00e9rminos de competitividad\u201d, concluy\u00f3.<\/span><span data-ccp-props=\"{\">\u00a0<\/span><\/p>\n<\/div><\/div><style type=\"text\/css\">.fusion-body .fusion-builder-column-0{width:100% !important;margin-top : 20px;margin-bottom : 20px;}.fusion-builder-column-0 > .fusion-column-wrapper {padding-top : 0px !important;padding-right : 0px !important;margin-right : 1.92%;padding-bottom : 0px !important;padding-left : 0px !important;margin-left : 1.92%;}@media only screen and (max-width:1200px) {.fusion-body .fusion-builder-column-0{width:100% !important;order : 0;}.fusion-builder-column-0 > .fusion-column-wrapper {margin-right : 1.92%;margin-left : 1.92%;}}@media only screen and (max-width:640px) {.fusion-body .fusion-builder-column-0{width:100% !important;order : 0;}.fusion-builder-column-0 > .fusion-column-wrapper {margin-right : 1.92%;margin-left : 1.92%;}}<\/style><\/div><div class=\"fusion-layout-column fusion_builder_column fusion-builder-column-1 fusion_builder_column_1_2 1_2 fusion-flex-column fusion-flex-align-self-flex-start\"><div class=\"fusion-column-wrapper fusion-flex-justify-content-flex-start fusion-content-layout-column\" style=\"background-position:left top;background-repeat:no-repeat;-webkit-background-size:cover;-moz-background-size:cover;-o-background-size:cover;background-size:cover;padding: 0px 0px 0px 0px;\"><div style=\"text-align:center;\"><span class=\" fusion-imageframe imageframe-none imageframe-1 hover-type-none\" style=\"border-radius:12px;\"><img width=\"300\" height=\"190\" alt=\"Plexus Tech recibi\u00f3 15 Estrellas de veinte.\" title=\"Atlas Gallego\" src=\"https:\/\/www.plexus.es\/wp-content\/uploads\/2023\/02\/Atlas-Gallego.png\" data-orig-src=\"https:\/\/www.plexus.es\/wp-content\/uploads\/2023\/02\/Atlas-Gallego-300x190.png\" class=\"lazyload img-responsive wp-image-32304\" srcset=\"data:image\/svg+xml,%3Csvg%20xmlns%3D%27http%3A%2F%2Fwww.w3.org%2F2000%2Fsvg%27%20width%3D%27949%27%20height%3D%27600%27%20viewBox%3D%270%200%20949%20600%27%3E%3Crect%20width%3D%27949%27%20height%3D%27600%27%20fill-opacity%3D%220%22%2F%3E%3C%2Fsvg%3E\" data-srcset=\"https:\/\/www.plexus.es\/wp-content\/uploads\/2023\/02\/Atlas-Gallego-200x126.png 200w, https:\/\/www.plexus.es\/wp-content\/uploads\/2023\/02\/Atlas-Gallego-400x253.png 400w, https:\/\/www.plexus.es\/wp-content\/uploads\/2023\/02\/Atlas-Gallego-600x379.png 600w, https:\/\/www.plexus.es\/wp-content\/uploads\/2023\/02\/Atlas-Gallego-800x506.png 800w, https:\/\/www.plexus.es\/wp-content\/uploads\/2023\/02\/Atlas-Gallego.png 949w\" data-sizes=\"auto\" data-orig-sizes=\"(max-width: 640px) 100vw, 600px\" \/><\/span><\/div><\/div><style type=\"text\/css\">.fusion-body .fusion-builder-column-1{width:50% !important;margin-top : 20px;margin-bottom : 20px;}.fusion-builder-column-1 > .fusion-column-wrapper {padding-top : 0px !important;padding-right : 0px !important;margin-right : 3.84%;padding-bottom : 0px !important;padding-left : 0px !important;margin-left : 3.84%;}@media only screen and (max-width:1200px) {.fusion-body .fusion-builder-column-1{width:50% !important;order : 0;}.fusion-builder-column-1 > .fusion-column-wrapper {margin-right : 3.84%;margin-left : 3.84%;}}@media only screen and (max-width:640px) {.fusion-body .fusion-builder-column-1{width:100% !important;order : 0;}.fusion-builder-column-1 > .fusion-column-wrapper {margin-right : 1.92%;margin-left : 1.92%;}}<\/style><\/div><div class=\"fusion-layout-column fusion_builder_column fusion-builder-column-2 fusion_builder_column_1_2 1_2 fusion-flex-column fusion-flex-align-self-flex-start\"><div class=\"fusion-column-wrapper fusion-flex-justify-content-flex-start fusion-content-layout-column\" style=\"background-position:left top;background-repeat:no-repeat;-webkit-background-size:cover;-moz-background-size:cover;-o-background-size:cover;background-size:cover;padding: 0px 0px 0px 0px;\"><div style=\"text-align:center;\"><span class=\" fusion-imageframe imageframe-none imageframe-2 hover-type-none\" style=\"border-radius:12px;\"><img width=\"855\" height=\"541\" title=\"Plexus Atlas\" src=\"https:\/\/www.plexus.es\/wp-content\/uploads\/2023\/02\/Plexus-Atlas.png\" data-orig-src=\"https:\/\/www.plexus.es\/wp-content\/uploads\/2023\/02\/Plexus-Atlas.png\" class=\"lazyload img-responsive wp-image-32342\" srcset=\"data:image\/svg+xml,%3Csvg%20xmlns%3D%27http%3A%2F%2Fwww.w3.org%2F2000%2Fsvg%27%20width%3D%27855%27%20height%3D%27541%27%20viewBox%3D%270%200%20855%20541%27%3E%3Crect%20width%3D%27855%27%20height%3D%27541%27%20fill-opacity%3D%220%22%2F%3E%3C%2Fsvg%3E\" data-srcset=\"https:\/\/www.plexus.es\/wp-content\/uploads\/2023\/02\/Plexus-Atlas-200x127.png 200w, https:\/\/www.plexus.es\/wp-content\/uploads\/2023\/02\/Plexus-Atlas-400x253.png 400w, https:\/\/www.plexus.es\/wp-content\/uploads\/2023\/02\/Plexus-Atlas-600x380.png 600w, https:\/\/www.plexus.es\/wp-content\/uploads\/2023\/02\/Plexus-Atlas-800x506.png 800w, https:\/\/www.plexus.es\/wp-content\/uploads\/2023\/02\/Plexus-Atlas.png 855w\" data-sizes=\"auto\" data-orig-sizes=\"(max-width: 640px) 100vw, 600px\" \/><\/span><\/div><\/div><style type=\"text\/css\">.fusion-body .fusion-builder-column-2{width:50% !important;margin-top : 20px;margin-bottom : 20px;}.fusion-builder-column-2 > .fusion-column-wrapper {padding-top : 0px !important;padding-right : 0px !important;margin-right : 3.84%;padding-bottom : 0px !important;padding-left : 0px !important;margin-left : 3.84%;}@media only screen and (max-width:1200px) {.fusion-body .fusion-builder-column-2{width:50% !important;order : 0;}.fusion-builder-column-2 > .fusion-column-wrapper {margin-right : 3.84%;margin-left : 3.84%;}}@media only screen and (max-width:640px) {.fusion-body .fusion-builder-column-2{width:100% !important;order : 0;}.fusion-builder-column-2 > .fusion-column-wrapper {margin-right : 1.92%;margin-left : 1.92%;}}<\/style><\/div><\/div><style type=\"text\/css\">.fusion-body .fusion-flex-container.fusion-builder-row-1{ padding-top : 0px;margin-top : 0px;padding-right : 0px;padding-bottom : 0px;margin-bottom : 0px;padding-left : 0px;}<\/style><\/div>\n","protected":false},"excerpt":{"rendered":"<p>Plexus Tech recibi\u00f3 15 Estrellas en la tercera edici\u00f3n de los premios Atlas, de Econom\u00eda Digital. Destaca la valoraci\u00f3n en \u201cBuen Gobierno\u201d y \u201cPersonas\u201d.<\/p>\n","protected":false},"author":1,"featured_media":32324,"comment_status":"open","ping_status":"open","sticky":false,"template":"","format":"standard","meta":[],"categories":[109,105],"tags":[],"yoast_head":"<!-- This site is optimized with the Yoast SEO plugin v17.4 - https:\/\/yoast.com\/wordpress\/plugins\/seo\/ -->\n<title>Plexus Tech, en el selecto grupo de firmas gallegas m\u00e1s comprometidas<\/title>\n<meta name=\"description\" content=\"Plexus Tech recibi\u00f3 15 Estrellas en la tercera edici\u00f3n de los premios Atlas de Econom\u00eda Digital, que valoran el compromiso de las empresas.\" \/>\n<meta name=\"robots\" content=\"index, follow, max-snippet:-1, max-image-preview:large, max-video-preview:-1\" \/>\n<link rel=\"canonical\" href=\"https:\/\/www.plexus.es\/plexus-tech-compromiso-empresa\/\" \/>\n<meta property=\"og:locale\" content=\"de_DE\" \/>\n<meta property=\"og:type\" content=\"article\" \/>\n<meta property=\"og:title\" content=\"Plexus Tech, en el selecto grupo de firmas gallegas m\u00e1s comprometidas\" \/>\n<meta property=\"og:description\" content=\"Plexus Tech recibi\u00f3 15 Estrellas en la tercera edici\u00f3n de los premios Atlas de Econom\u00eda Digital, que valoran el compromiso de las empresas.\" \/>\n<meta property=\"og:url\" content=\"https:\/\/www.plexus.es\/plexus-tech-compromiso-empresa\/\" \/>\n<meta property=\"og:site_name\" content=\"Plexus Tech\" \/>\n<meta property=\"article:publisher\" content=\"https:\/\/www.facebook.com\/Plexus.Techno\" \/>\n<meta property=\"article:published_time\" content=\"2023-02-27T11:41:42+00:00\" \/>\n<meta property=\"article:modified_time\" content=\"2024-05-22T12:18:45+00:00\" \/>\n<meta property=\"og:image\" content=\"https:\/\/www.plexus.es\/wp-content\/uploads\/2023\/02\/Atlas-Gallego-1.png\" \/>\n\t<meta property=\"og:image:width\" content=\"949\" \/>\n\t<meta property=\"og:image:height\" content=\"600\" \/>\n<meta name=\"twitter:card\" content=\"summary_large_image\" \/>\n<meta name=\"twitter:creator\" content=\"@plexustech_\" \/>\n<meta name=\"twitter:site\" content=\"@plexustech_\" \/>\n<meta name=\"twitter:label1\" content=\"Verfasst von\" \/>\n\t<meta name=\"twitter:data1\" content=\"admin_plexus\" \/>\n\t<meta name=\"twitter:label2\" content=\"Gesch\u00e4tzte Lesezeit\" \/>\n\t<meta name=\"twitter:data2\" content=\"4 Minuten\" \/>\n<script type=\"application\/ld+json\" class=\"yoast-schema-graph\">{\"@context\":\"https:\/\/schema.org\",\"@graph\":[{\"@type\":\"Organization\",\"@id\":\"https:\/\/www.plexus.es\/#organization\",\"name\":\"Plexus Tech\",\"url\":\"https:\/\/www.plexus.es\/\",\"sameAs\":[\"https:\/\/www.facebook.com\/Plexus.Techno\",\"https:\/\/www.instagram.com\/plexus.tech\/\",\"https:\/\/www.linkedin.com\/company\/plexus-tech\/mycompany\/\",\"https:\/\/www.youtube.com\/user\/tecnologiasplexus\",\"https:\/\/twitter.com\/plexustech_\"],\"logo\":{\"@type\":\"ImageObject\",\"@id\":\"https:\/\/www.plexus.es\/#logo\",\"inLanguage\":\"de-DE\",\"url\":\"https:\/\/www.plexus.es\/wp-content\/uploads\/2021\/11\/logo-plexus-2021.png\",\"contentUrl\":\"https:\/\/www.plexus.es\/wp-content\/uploads\/2021\/11\/logo-plexus-2021.png\",\"width\":600,\"height\":600,\"caption\":\"Plexus Tech\"},\"image\":{\"@id\":\"https:\/\/www.plexus.es\/#logo\"}},{\"@type\":\"WebSite\",\"@id\":\"https:\/\/www.plexus.es\/#website\",\"url\":\"https:\/\/www.plexus.es\/\",\"name\":\"Plexus Tech\",\"description\":\"Tecnolog\\u00eda con Alma\",\"publisher\":{\"@id\":\"https:\/\/www.plexus.es\/#organization\"},\"potentialAction\":[{\"@type\":\"SearchAction\",\"target\":{\"@type\":\"EntryPoint\",\"urlTemplate\":\"https:\/\/www.plexus.es\/?s={search_term_string}\"},\"query-input\":\"required name=search_term_string\"}],\"inLanguage\":\"de-DE\"},{\"@type\":\"ImageObject\",\"@id\":\"https:\/\/www.plexus.es\/plexus-tech-compromiso-empresa\/#primaryimage\",\"inLanguage\":\"de-DE\",\"url\":\"https:\/\/www.plexus.es\/wp-content\/uploads\/2023\/02\/Atlas-Gallego-1.png\",\"contentUrl\":\"https:\/\/www.plexus.es\/wp-content\/uploads\/2023\/02\/Atlas-Gallego-1.png\",\"width\":949,\"height\":600,\"caption\":\"Plexus Tech recibi\\u00f3 15 Estrellas de veinte.\"},{\"@type\":\"WebPage\",\"@id\":\"https:\/\/www.plexus.es\/plexus-tech-compromiso-empresa\/#webpage\",\"url\":\"https:\/\/www.plexus.es\/plexus-tech-compromiso-empresa\/\",\"name\":\"Plexus Tech, en el selecto grupo de firmas gallegas m\\u00e1s comprometidas\",\"isPartOf\":{\"@id\":\"https:\/\/www.plexus.es\/#website\"},\"primaryImageOfPage\":{\"@id\":\"https:\/\/www.plexus.es\/plexus-tech-compromiso-empresa\/#primaryimage\"},\"datePublished\":\"2023-02-27T11:41:42+00:00\",\"dateModified\":\"2024-05-22T12:18:45+00:00\",\"description\":\"Plexus Tech recibi\\u00f3 15 Estrellas en la tercera edici\\u00f3n de los premios Atlas de Econom\\u00eda Digital, que valoran el compromiso de las empresas.\",\"breadcrumb\":{\"@id\":\"https:\/\/www.plexus.es\/plexus-tech-compromiso-empresa\/#breadcrumb\"},\"inLanguage\":\"de-DE\",\"potentialAction\":[{\"@type\":\"ReadAction\",\"target\":[\"https:\/\/www.plexus.es\/plexus-tech-compromiso-empresa\/\"]}]},{\"@type\":\"BreadcrumbList\",\"@id\":\"https:\/\/www.plexus.es\/plexus-tech-compromiso-empresa\/#breadcrumb\",\"itemListElement\":[{\"@type\":\"ListItem\",\"position\":1,\"name\":\"Home\",\"item\":\"https:\/\/www.plexus.es\/\"},{\"@type\":\"ListItem\",\"position\":2,\"name\":\"Plexus Tech, en el selecto grupo de firmas gallegas m\\u00e1s comprometidas\"}]},{\"@type\":\"Article\",\"@id\":\"https:\/\/www.plexus.es\/plexus-tech-compromiso-empresa\/#article\",\"isPartOf\":{\"@id\":\"https:\/\/www.plexus.es\/plexus-tech-compromiso-empresa\/#webpage\"},\"author\":{\"@id\":\"https:\/\/www.plexus.es\/#\/schema\/person\/8f02d5ce6d7b659fa68b0e90317c5171\"},\"headline\":\"Plexus Tech, en el selecto grupo de firmas gallegas m\\u00e1s comprometidas\",\"datePublished\":\"2023-02-27T11:41:42+00:00\",\"dateModified\":\"2024-05-22T12:18:45+00:00\",\"mainEntityOfPage\":{\"@id\":\"https:\/\/www.plexus.es\/plexus-tech-compromiso-empresa\/#webpage\"},\"wordCount\":1996,\"commentCount\":0,\"publisher\":{\"@id\":\"https:\/\/www.plexus.es\/#organization\"},\"image\":{\"@id\":\"https:\/\/www.plexus.es\/plexus-tech-compromiso-empresa\/#primaryimage\"},\"thumbnailUrl\":\"https:\/\/www.plexus.es\/wp-content\/uploads\/2023\/02\/Atlas-Gallego-1.png\",\"articleSection\":[\"Compromiso\",\"Tech&amp;Innovaci\\u00f3n\"],\"inLanguage\":\"de-DE\",\"potentialAction\":[{\"@type\":\"CommentAction\",\"name\":\"Comment\",\"target\":[\"https:\/\/www.plexus.es\/plexus-tech-compromiso-empresa\/#respond\"]}]},{\"@type\":\"Person\",\"@id\":\"https:\/\/www.plexus.es\/#\/schema\/person\/8f02d5ce6d7b659fa68b0e90317c5171\",\"name\":\"admin_plexus\",\"image\":{\"@type\":\"ImageObject\",\"@id\":\"https:\/\/www.plexus.es\/#personlogo\",\"inLanguage\":\"de-DE\",\"url\":\"https:\/\/secure.gravatar.com\/avatar\/c1d7caf9a4063a74393abcf91991e9cd?s=96&d=mm&r=g\",\"contentUrl\":\"https:\/\/secure.gravatar.com\/avatar\/c1d7caf9a4063a74393abcf91991e9cd?s=96&d=mm&r=g\",\"caption\":\"admin_plexus\"},\"sameAs\":[\"https:\/\/www.plexus.es\"]}]}<\/script>\n<!-- \/ Yoast SEO plugin. -->","yoast_head_json":{"title":"Plexus Tech, en el selecto grupo de firmas gallegas m\u00e1s comprometidas","description":"Plexus Tech recibi\u00f3 15 Estrellas en la tercera edici\u00f3n de los premios Atlas de Econom\u00eda Digital, que valoran el compromiso de las empresas.","robots":{"index":"index","follow":"follow","max-snippet":"max-snippet:-1","max-image-preview":"max-image-preview:large","max-video-preview":"max-video-preview:-1"},"canonical":"https:\/\/www.plexus.es\/plexus-tech-compromiso-empresa\/","og_locale":"de_DE","og_type":"article","og_title":"Plexus Tech, en el selecto grupo de firmas gallegas m\u00e1s comprometidas","og_description":"Plexus Tech recibi\u00f3 15 Estrellas en la tercera edici\u00f3n de los premios Atlas de Econom\u00eda Digital, que valoran el compromiso de las empresas.","og_url":"https:\/\/www.plexus.es\/plexus-tech-compromiso-empresa\/","og_site_name":"Plexus Tech","article_publisher":"https:\/\/www.facebook.com\/Plexus.Techno","article_published_time":"2023-02-27T11:41:42+00:00","article_modified_time":"2024-05-22T12:18:45+00:00","og_image":[{"width":949,"height":600,"url":"https:\/\/www.plexus.es\/wp-content\/uploads\/2023\/02\/Atlas-Gallego-1.png","type":"image\/png"}],"twitter_card":"summary_large_image","twitter_creator":"@plexustech_","twitter_site":"@plexustech_","twitter_misc":{"Verfasst von":"admin_plexus","Gesch\u00e4tzte Lesezeit":"4 Minuten"},"schema":{"@context":"https:\/\/schema.org","@graph":[{"@type":"Organization","@id":"https:\/\/www.plexus.es\/#organization","name":"Plexus Tech","url":"https:\/\/www.plexus.es\/","sameAs":["https:\/\/www.facebook.com\/Plexus.Techno","https:\/\/www.instagram.com\/plexus.tech\/","https:\/\/www.linkedin.com\/company\/plexus-tech\/mycompany\/","https:\/\/www.youtube.com\/user\/tecnologiasplexus","https:\/\/twitter.com\/plexustech_"],"logo":{"@type":"ImageObject","@id":"https:\/\/www.plexus.es\/#logo","inLanguage":"de-DE","url":"https:\/\/www.plexus.es\/wp-content\/uploads\/2021\/11\/logo-plexus-2021.png","contentUrl":"https:\/\/www.plexus.es\/wp-content\/uploads\/2021\/11\/logo-plexus-2021.png","width":600,"height":600,"caption":"Plexus Tech"},"image":{"@id":"https:\/\/www.plexus.es\/#logo"}},{"@type":"WebSite","@id":"https:\/\/www.plexus.es\/#website","url":"https:\/\/www.plexus.es\/","name":"Plexus Tech","description":"Tecnolog\u00eda con Alma","publisher":{"@id":"https:\/\/www.plexus.es\/#organization"},"potentialAction":[{"@type":"SearchAction","target":{"@type":"EntryPoint","urlTemplate":"https:\/\/www.plexus.es\/?s={search_term_string}"},"query-input":"required name=search_term_string"}],"inLanguage":"de-DE"},{"@type":"ImageObject","@id":"https:\/\/www.plexus.es\/plexus-tech-compromiso-empresa\/#primaryimage","inLanguage":"de-DE","url":"https:\/\/www.plexus.es\/wp-content\/uploads\/2023\/02\/Atlas-Gallego-1.png","contentUrl":"https:\/\/www.plexus.es\/wp-content\/uploads\/2023\/02\/Atlas-Gallego-1.png","width":949,"height":600,"caption":"Plexus Tech recibi\u00f3 15 Estrellas de veinte."},{"@type":"WebPage","@id":"https:\/\/www.plexus.es\/plexus-tech-compromiso-empresa\/#webpage","url":"https:\/\/www.plexus.es\/plexus-tech-compromiso-empresa\/","name":"Plexus Tech, en el selecto grupo de firmas gallegas m\u00e1s comprometidas","isPartOf":{"@id":"https:\/\/www.plexus.es\/#website"},"primaryImageOfPage":{"@id":"https:\/\/www.plexus.es\/plexus-tech-compromiso-empresa\/#primaryimage"},"datePublished":"2023-02-27T11:41:42+00:00","dateModified":"2024-05-22T12:18:45+00:00","description":"Plexus Tech recibi\u00f3 15 Estrellas en la tercera edici\u00f3n de los premios Atlas de Econom\u00eda Digital, que valoran el compromiso de las empresas.","breadcrumb":{"@id":"https:\/\/www.plexus.es\/plexus-tech-compromiso-empresa\/#breadcrumb"},"inLanguage":"de-DE","potentialAction":[{"@type":"ReadAction","target":["https:\/\/www.plexus.es\/plexus-tech-compromiso-empresa\/"]}]},{"@type":"BreadcrumbList","@id":"https:\/\/www.plexus.es\/plexus-tech-compromiso-empresa\/#breadcrumb","itemListElement":[{"@type":"ListItem","position":1,"name":"Home","item":"https:\/\/www.plexus.es\/"},{"@type":"ListItem","position":2,"name":"Plexus Tech, en el selecto grupo de firmas gallegas m\u00e1s comprometidas"}]},{"@type":"Article","@id":"https:\/\/www.plexus.es\/plexus-tech-compromiso-empresa\/#article","isPartOf":{"@id":"https:\/\/www.plexus.es\/plexus-tech-compromiso-empresa\/#webpage"},"author":{"@id":"https:\/\/www.plexus.es\/#\/schema\/person\/8f02d5ce6d7b659fa68b0e90317c5171"},"headline":"Plexus Tech, en el selecto grupo de firmas gallegas m\u00e1s comprometidas","datePublished":"2023-02-27T11:41:42+00:00","dateModified":"2024-05-22T12:18:45+00:00","mainEntityOfPage":{"@id":"https:\/\/www.plexus.es\/plexus-tech-compromiso-empresa\/#webpage"},"wordCount":1996,"commentCount":0,"publisher":{"@id":"https:\/\/www.plexus.es\/#organization"},"image":{"@id":"https:\/\/www.plexus.es\/plexus-tech-compromiso-empresa\/#primaryimage"},"thumbnailUrl":"https:\/\/www.plexus.es\/wp-content\/uploads\/2023\/02\/Atlas-Gallego-1.png","articleSection":["Compromiso","Tech&amp;Innovaci\u00f3n"],"inLanguage":"de-DE","potentialAction":[{"@type":"CommentAction","name":"Comment","target":["https:\/\/www.plexus.es\/plexus-tech-compromiso-empresa\/#respond"]}]},{"@type":"Person","@id":"https:\/\/www.plexus.es\/#\/schema\/person\/8f02d5ce6d7b659fa68b0e90317c5171","name":"admin_plexus","image":{"@type":"ImageObject","@id":"https:\/\/www.plexus.es\/#personlogo","inLanguage":"de-DE","url":"https:\/\/secure.gravatar.com\/avatar\/c1d7caf9a4063a74393abcf91991e9cd?s=96&d=mm&r=g","contentUrl":"https:\/\/secure.gravatar.com\/avatar\/c1d7caf9a4063a74393abcf91991e9cd?s=96&d=mm&r=g","caption":"admin_plexus"},"sameAs":["https:\/\/www.plexus.es"]}]}},"_links":{"self":[{"href":"https:\/\/www.plexus.es\/de\/wp-json\/wp\/v2\/posts\/32300"}],"collection":[{"href":"https:\/\/www.plexus.es\/de\/wp-json\/wp\/v2\/posts"}],"about":[{"href":"https:\/\/www.plexus.es\/de\/wp-json\/wp\/v2\/types\/post"}],"author":[{"embeddable":true,"href":"https:\/\/www.plexus.es\/de\/wp-json\/wp\/v2\/users\/1"}],"replies":[{"embeddable":true,"href":"https:\/\/www.plexus.es\/de\/wp-json\/wp\/v2\/comments?post=32300"}],"version-history":[{"count":12,"href":"https:\/\/www.plexus.es\/de\/wp-json\/wp\/v2\/posts\/32300\/revisions"}],"predecessor-version":[{"id":42357,"href":"https:\/\/www.plexus.es\/de\/wp-json\/wp\/v2\/posts\/32300\/revisions\/42357"}],"wp:featuredmedia":[{"embeddable":true,"href":"https:\/\/www.plexus.es\/de\/wp-json\/wp\/v2\/media\/32324"}],"wp:attachment":[{"href":"https:\/\/www.plexus.es\/de\/wp-json\/wp\/v2\/media?parent=32300"}],"wp:term":[{"taxonomy":"category","embeddable":true,"href":"https:\/\/www.plexus.es\/de\/wp-json\/wp\/v2\/categories?post=32300"},{"taxonomy":"post_tag","embeddable":true,"href":"https:\/\/www.plexus.es\/de\/wp-json\/wp\/v2\/tags?post=32300"}],"curies":[{"name":"wp","href":"https:\/\/api.w.org\/{rel}","templated":true}]}}