{"id":3288,"date":"2021-10-25T15:23:18","date_gmt":"2021-10-25T15:23:18","guid":{"rendered":"https:\/\/www.plexus.es\/?p=3288"},"modified":"2024-04-18T14:34:13","modified_gmt":"2024-04-18T12:34:13","slug":"plexus-tech-echalliance-referente-europeo-salud","status":"publish","type":"post","link":"https:\/\/www.plexus.es\/de\/plexus-tech-echalliance-referente-europeo-salud\/","title":{"rendered":"Plexus Tech, referente europeo en salud por ECHAlliance"},"content":{"rendered":"<div class=\"fusion-fullwidth fullwidth-box fusion-builder-row-1 fusion-flex-container nonhundred-percent-fullwidth non-hundred-percent-height-scrolling\" style=\"background-color: rgba(255,255,255,0);background-position: center center;background-repeat: no-repeat;border-width: 0px 0px 0px 0px;border-color:#e8ebef;border-style:solid;\" ><div class=\"fusion-builder-row fusion-row fusion-flex-align-items-flex-start\" style=\"max-width:1310.4px;margin-left: calc(-4% \/ 2 );margin-right: calc(-4% \/ 2 );\"><div class=\"fusion-layout-column fusion_builder_column fusion-builder-column-0 fusion_builder_column_1_2 1_2 fusion-flex-column\"><div class=\"fusion-column-wrapper fusion-flex-justify-content-flex-start fusion-content-layout-column\" style=\"background-position:left top;background-repeat:no-repeat;-webkit-background-size:cover;-moz-background-size:cover;-o-background-size:cover;background-size:cover;padding: 0px 0px 0px 0px;\"><div class=\"fusion-text fusion-text-1\"><div class=\"field field-name-body field-type-text-with-summary field-label-hidden\">\n<div class=\"field-items\">\n<div class=\"field-item even\">\n<p><strong style=\"font-size: 20px; line-height: 33px;\" data-fusion-font=\"true\">Plexus Tech<\/strong><span style=\"font-size: 20px; line-height: 33px;\" data-fusion-font=\"true\"> ha sido la tecnol\u00f3gica elegida por <\/span><strong style=\"font-size: 20px; line-height: 33px;\" data-fusion-font=\"true\">ECHAlliance<\/strong><span style=\"font-size: 20px; line-height: 33px;\" data-fusion-font=\"true\"> como <\/span><strong style=\"font-size: 20px; line-height: 33px;\" data-fusion-font=\"true\">referente en el sector <a href=\"https:\/\/www.plexus.es\/plexus-tech-tecnologia-servicio-salud\/\" target=\"_blank\" rel=\"noopener\">salud<\/a><\/strong><span style=\"font-size: 20px; line-height: 33px;\" data-fusion-font=\"true\"> dentro de su ecosistema de cl\u00fasters internacionales.<\/span><\/p>\n<p><strong style=\"font-size: 20px; line-height: 33px;\" data-fusion-font=\"true\">ECHAlliance es un conector global del sector salud<\/strong><span style=\"font-size: 20px; line-height: 33px;\" data-fusion-font=\"true\"> que aglutina 78 pa\u00edses y 4,4 mil millones de personas. En este sentido, cuenta con m\u00e1s de 20.000 expertos, proveedores de atenci\u00f3n m\u00e9dica y social, empresas l\u00edderes, investigadores, seguros y grupos de pacientes y ciudadanos. <\/span><\/p>\n<p><span style=\"font-size: 20px; line-height: 33px;\" data-fusion-font=\"true\">Por lo tanto, <\/span><strong style=\"font-size: 20px; line-height: 33px;\" data-fusion-font=\"true\">se trata de un reconocimiento internacional<\/strong><span style=\"font-size: 20px; line-height: 33px;\" data-fusion-font=\"true\"> muy importante para la compa\u00f1\u00eda y que pone en valor el trabajo de nuestros equipos.<\/span><\/p>\n<p><span style=\"font-size: 20px; line-height: 33px;\" data-fusion-font=\"true\">Adem\u00e1s del reconocimiento, <\/span><strong style=\"font-size: 20px; line-height: 33px;\" data-fusion-font=\"true\">ECHAlliance tambi\u00e9n ha destacado el ecosistema de salud de Galicia.<\/strong><span style=\"font-size: 20px; line-height: 33px;\" data-fusion-font=\"true\"> En este sentido, lo ha remarcado como referente a nivel europeo. Para ello, lo ha catalogado como un modelo a seguir para entender la necesidad de una mayor organizaci\u00f3n, colaboraci\u00f3n y oportunidades de negocio en el sector de la sanidad.<\/span><\/p>\n<p><span style=\"font-size: 20px; line-height: 33px;\" data-fusion-font=\"true\">El CEO de la comapa\u00f1\u00eda, <\/span><strong style=\"font-size: 20px; line-height: 33px;\" data-fusion-font=\"true\">Antonio Agrasar,<\/strong><span style=\"font-size: 20px; line-height: 33px;\" data-fusion-font=\"true\"> ha valorado muy positivamente<\/span><strong>\u00a0<a href=\"https:\/\/www.elespanol.com\/quincemil\/articulos\/economia\/plexus-tech-tecnologica-elegida-por-echalliance-como-referente-en-el-sector-salud\" target=\"_blank\" rel=\"noopener noreferrer\" data-extlink=\"\"><em><span style=\"font-size: 20px; line-height: 33px;\" data-fusion-font=\"true\">esta noticia<\/span><\/em><\/a><\/strong><span style=\"font-size: 20px; line-height: 33px;\" data-fusion-font=\"true\">. &#8222;Si hay algo que te pueda hacer sentir orgulloso en tu d\u00eda a d\u00eda es que tu trabajo <\/span><strong style=\"font-size: 20px; line-height: 33px;\" data-fusion-font=\"true\">trascienda de un mero proyecto ilusionante. Y que lo haga para convertirse en una soluci\u00f3n innovadora <\/strong><span style=\"font-size: 20px; line-height: 33px;\" data-fusion-font=\"true\">que ayude verdaderamente a la sociedad&#8220;, cit\u00f3.<\/span><\/p>\n<\/div>\n<\/div>\n<\/div>\n<div class=\"field field-name-field-etiquetas field-type-taxonomy-term-reference field-label-hidden\"><\/div>\n<\/div><\/div><style type=\"text\/css\">.fusion-body .fusion-builder-column-0{width:50% !important;margin-top : 0px;margin-bottom : 0px;}.fusion-builder-column-0 > .fusion-column-wrapper {padding-top : 0px !important;padding-right : 0px !important;margin-right : 3.84%;padding-bottom : 0px !important;padding-left : 0px !important;margin-left : 3.84%;}@media only screen and (max-width:1200px) {.fusion-body .fusion-builder-column-0{width:50% !important;}.fusion-builder-column-0 > .fusion-column-wrapper {margin-right : 3.84%;margin-left : 3.84%;}}@media only screen and (max-width:640px) {.fusion-body .fusion-builder-column-0{width:100% !important;}.fusion-builder-column-0 > .fusion-column-wrapper {margin-right : 1.92%;margin-left : 1.92%;}}<\/style><\/div><div class=\"fusion-layout-column fusion_builder_column fusion-builder-column-1 fusion_builder_column_1_2 1_2 fusion-flex-column\"><div class=\"fusion-column-wrapper fusion-flex-justify-content-flex-start fusion-content-layout-column\" style=\"background-position:left top;background-repeat:no-repeat;-webkit-background-size:cover;-moz-background-size:cover;-o-background-size:cover;background-size:cover;padding: 0px 0px 0px 0px;\"><div ><span class=\" fusion-imageframe imageframe-none imageframe-1 hover-type-none\" style=\"border-radius:12px;\"><img width=\"600\" height=\"338\" src=\"https:\/\/www.plexus.es\/wp-content\/uploads\/2021\/10\/echalliance-logo.jpeg\" data-orig-src=\"https:\/\/www.plexus.es\/wp-content\/uploads\/2021\/10\/echalliance-logo-600x338.jpeg\" class=\"lazyload img-responsive wp-image-24135\" srcset=\"data:image\/svg+xml,%3Csvg%20xmlns%3D%27http%3A%2F%2Fwww.w3.org%2F2000%2Fsvg%27%20width%3D%271280%27%20height%3D%27720%27%20viewBox%3D%270%200%201280%20720%27%3E%3Crect%20width%3D%271280%27%20height%3D%27720%27%20fill-opacity%3D%220%22%2F%3E%3C%2Fsvg%3E\" data-srcset=\"https:\/\/www.plexus.es\/wp-content\/uploads\/2021\/10\/echalliance-logo-200x113.jpeg 200w, https:\/\/www.plexus.es\/wp-content\/uploads\/2021\/10\/echalliance-logo-400x225.jpeg 400w, https:\/\/www.plexus.es\/wp-content\/uploads\/2021\/10\/echalliance-logo-600x338.jpeg 600w, https:\/\/www.plexus.es\/wp-content\/uploads\/2021\/10\/echalliance-logo-800x450.jpeg 800w, https:\/\/www.plexus.es\/wp-content\/uploads\/2021\/10\/echalliance-logo-1200x675.jpeg 1200w, https:\/\/www.plexus.es\/wp-content\/uploads\/2021\/10\/echalliance-logo.jpeg 1280w\" data-sizes=\"auto\" data-orig-sizes=\"(max-width: 640px) 100vw, 600px\" \/><\/span><\/div><\/div><style type=\"text\/css\">.fusion-body .fusion-builder-column-1{width:50% !important;margin-top : 20px;margin-bottom : 20px;}.fusion-builder-column-1 > .fusion-column-wrapper {padding-top : 0px !important;padding-right : 0px !important;margin-right : 3.84%;padding-bottom : 0px !important;padding-left : 0px !important;margin-left : 3.84%;}@media only screen and (max-width:1200px) {.fusion-body .fusion-builder-column-1{width:50% !important;order : 0;}.fusion-builder-column-1 > .fusion-column-wrapper {margin-right : 3.84%;margin-left : 3.84%;}}@media only screen and (max-width:640px) {.fusion-body .fusion-builder-column-1{width:100% !important;order : 0;}.fusion-builder-column-1 > .fusion-column-wrapper {margin-right : 1.92%;margin-left : 1.92%;}}<\/style><\/div><\/div><style type=\"text\/css\">.fusion-body .fusion-flex-container.fusion-builder-row-1{ padding-top : 0px;margin-top : 0px;padding-right : 0px;padding-bottom : 0px;margin-bottom : 0px;padding-left : 0px;}<\/style><\/div>\n","protected":false},"excerpt":{"rendered":"<p>Plexus ha sido escogida por la alianza de clusters de salud europeos como referente en soluciones tecnol\u00f3gicas para el sector.<\/p>\n","protected":false},"author":1,"featured_media":4292,"comment_status":"open","ping_status":"open","sticky":false,"template":"","format":"standard","meta":[],"categories":[42],"tags":[],"yoast_head":"<!-- This site is optimized with the Yoast SEO plugin v17.4 - https:\/\/yoast.com\/wordpress\/plugins\/seo\/ -->\n<title>Plexus Tech elegida por ECHAlliance como referente europeo en salud<\/title>\n<meta name=\"description\" content=\"Plexus ha sido la tecnol\u00f3gica elegida por ECHAlliance como referente en el sector salud dentro de su ecosistema de cl\u00fasters internacionales.\" \/>\n<meta name=\"robots\" content=\"index, follow, max-snippet:-1, max-image-preview:large, max-video-preview:-1\" \/>\n<link rel=\"canonical\" href=\"https:\/\/www.plexus.es\/plexus-tech-echalliance-referente-europeo-salud\/\" \/>\n<meta property=\"og:locale\" content=\"de_DE\" \/>\n<meta property=\"og:type\" content=\"article\" \/>\n<meta property=\"og:title\" content=\"Plexus Tech elegida por ECHAlliance como referente europeo en salud\" \/>\n<meta property=\"og:description\" content=\"Plexus ha sido la tecnol\u00f3gica elegida por ECHAlliance como referente en el sector salud dentro de su ecosistema de cl\u00fasters internacionales.\" \/>\n<meta property=\"og:url\" content=\"https:\/\/www.plexus.es\/plexus-tech-echalliance-referente-europeo-salud\/\" \/>\n<meta property=\"og:site_name\" content=\"Plexus Tech\" \/>\n<meta property=\"article:publisher\" content=\"https:\/\/www.facebook.com\/Plexus.Techno\" \/>\n<meta property=\"article:published_time\" content=\"2021-10-25T15:23:18+00:00\" \/>\n<meta property=\"article:modified_time\" content=\"2024-04-18T12:34:13+00:00\" \/>\n<meta property=\"og:image\" content=\"https:\/\/www.plexus.es\/wp-content\/uploads\/2021\/10\/business-woman-working-on-laptop-scaled-e1635499900703.jpg\" \/>\n\t<meta property=\"og:image:width\" content=\"2425\" \/>\n\t<meta property=\"og:image:height\" content=\"1683\" \/>\n<meta name=\"twitter:card\" content=\"summary_large_image\" \/>\n<meta name=\"twitter:creator\" content=\"@plexustech_\" \/>\n<meta name=\"twitter:site\" content=\"@plexustech_\" \/>\n<meta name=\"twitter:label1\" content=\"Verfasst von\" \/>\n\t<meta name=\"twitter:data1\" content=\"admin_plexus\" \/>\n\t<meta name=\"twitter:label2\" content=\"Gesch\u00e4tzte Lesezeit\" \/>\n\t<meta name=\"twitter:data2\" content=\"4 Minuten\" \/>\n<script type=\"application\/ld+json\" class=\"yoast-schema-graph\">{\"@context\":\"https:\/\/schema.org\",\"@graph\":[{\"@type\":\"Organization\",\"@id\":\"https:\/\/www.plexus.es\/#organization\",\"name\":\"Plexus Tech\",\"url\":\"https:\/\/www.plexus.es\/\",\"sameAs\":[\"https:\/\/www.facebook.com\/Plexus.Techno\",\"https:\/\/www.instagram.com\/plexus.tech\/\",\"https:\/\/www.linkedin.com\/company\/plexus-tech\/mycompany\/\",\"https:\/\/www.youtube.com\/user\/tecnologiasplexus\",\"https:\/\/twitter.com\/plexustech_\"],\"logo\":{\"@type\":\"ImageObject\",\"@id\":\"https:\/\/www.plexus.es\/#logo\",\"inLanguage\":\"de-DE\",\"url\":\"https:\/\/www.plexus.es\/wp-content\/uploads\/2021\/11\/logo-plexus-2021.png\",\"contentUrl\":\"https:\/\/www.plexus.es\/wp-content\/uploads\/2021\/11\/logo-plexus-2021.png\",\"width\":600,\"height\":600,\"caption\":\"Plexus Tech\"},\"image\":{\"@id\":\"https:\/\/www.plexus.es\/#logo\"}},{\"@type\":\"WebSite\",\"@id\":\"https:\/\/www.plexus.es\/#website\",\"url\":\"https:\/\/www.plexus.es\/\",\"name\":\"Plexus Tech\",\"description\":\"Tecnolog\\u00eda con Alma\",\"publisher\":{\"@id\":\"https:\/\/www.plexus.es\/#organization\"},\"potentialAction\":[{\"@type\":\"SearchAction\",\"target\":{\"@type\":\"EntryPoint\",\"urlTemplate\":\"https:\/\/www.plexus.es\/?s={search_term_string}\"},\"query-input\":\"required name=search_term_string\"}],\"inLanguage\":\"de-DE\"},{\"@type\":\"ImageObject\",\"@id\":\"https:\/\/www.plexus.es\/plexus-tech-echalliance-referente-europeo-salud\/#primaryimage\",\"inLanguage\":\"de-DE\",\"url\":\"https:\/\/www.plexus.es\/wp-content\/uploads\/2021\/10\/business-woman-working-on-laptop-scaled-e1635499900703.jpg\",\"contentUrl\":\"https:\/\/www.plexus.es\/wp-content\/uploads\/2021\/10\/business-woman-working-on-laptop-scaled-e1635499900703.jpg\",\"width\":2425,\"height\":1683,\"caption\":\"Noticia en Quincemil: Plexus Tech, tecnol\\u00f3gica elegida por ECHAlliance como referente del sector salud\"},{\"@type\":\"WebPage\",\"@id\":\"https:\/\/www.plexus.es\/plexus-tech-echalliance-referente-europeo-salud\/#webpage\",\"url\":\"https:\/\/www.plexus.es\/plexus-tech-echalliance-referente-europeo-salud\/\",\"name\":\"Plexus Tech elegida por ECHAlliance como referente europeo en salud\",\"isPartOf\":{\"@id\":\"https:\/\/www.plexus.es\/#website\"},\"primaryImageOfPage\":{\"@id\":\"https:\/\/www.plexus.es\/plexus-tech-echalliance-referente-europeo-salud\/#primaryimage\"},\"datePublished\":\"2021-10-25T15:23:18+00:00\",\"dateModified\":\"2024-04-18T12:34:13+00:00\",\"description\":\"Plexus ha sido la tecnol\\u00f3gica elegida por ECHAlliance como referente en el sector salud dentro de su ecosistema de cl\\u00fasters internacionales.\",\"breadcrumb\":{\"@id\":\"https:\/\/www.plexus.es\/plexus-tech-echalliance-referente-europeo-salud\/#breadcrumb\"},\"inLanguage\":\"de-DE\",\"potentialAction\":[{\"@type\":\"ReadAction\",\"target\":[\"https:\/\/www.plexus.es\/plexus-tech-echalliance-referente-europeo-salud\/\"]}]},{\"@type\":\"BreadcrumbList\",\"@id\":\"https:\/\/www.plexus.es\/plexus-tech-echalliance-referente-europeo-salud\/#breadcrumb\",\"itemListElement\":[{\"@type\":\"ListItem\",\"position\":1,\"name\":\"Home\",\"item\":\"https:\/\/www.plexus.es\/\"},{\"@type\":\"ListItem\",\"position\":2,\"name\":\"Plexus Tech, referente europeo en salud por ECHAlliance\"}]},{\"@type\":\"Article\",\"@id\":\"https:\/\/www.plexus.es\/plexus-tech-echalliance-referente-europeo-salud\/#article\",\"isPartOf\":{\"@id\":\"https:\/\/www.plexus.es\/plexus-tech-echalliance-referente-europeo-salud\/#webpage\"},\"author\":{\"@id\":\"https:\/\/www.plexus.es\/#\/schema\/person\/8f02d5ce6d7b659fa68b0e90317c5171\"},\"headline\":\"Plexus Tech, referente europeo en salud por ECHAlliance\",\"datePublished\":\"2021-10-25T15:23:18+00:00\",\"dateModified\":\"2024-04-18T12:34:13+00:00\",\"mainEntityOfPage\":{\"@id\":\"https:\/\/www.plexus.es\/plexus-tech-echalliance-referente-europeo-salud\/#webpage\"},\"wordCount\":768,\"commentCount\":0,\"publisher\":{\"@id\":\"https:\/\/www.plexus.es\/#organization\"},\"image\":{\"@id\":\"https:\/\/www.plexus.es\/plexus-tech-echalliance-referente-europeo-salud\/#primaryimage\"},\"thumbnailUrl\":\"https:\/\/www.plexus.es\/wp-content\/uploads\/2021\/10\/business-woman-working-on-laptop-scaled-e1635499900703.jpg\",\"articleSection\":[\"Sanidad\"],\"inLanguage\":\"de-DE\",\"potentialAction\":[{\"@type\":\"CommentAction\",\"name\":\"Comment\",\"target\":[\"https:\/\/www.plexus.es\/plexus-tech-echalliance-referente-europeo-salud\/#respond\"]}]},{\"@type\":\"Person\",\"@id\":\"https:\/\/www.plexus.es\/#\/schema\/person\/8f02d5ce6d7b659fa68b0e90317c5171\",\"name\":\"admin_plexus\",\"image\":{\"@type\":\"ImageObject\",\"@id\":\"https:\/\/www.plexus.es\/#personlogo\",\"inLanguage\":\"de-DE\",\"url\":\"https:\/\/secure.gravatar.com\/avatar\/c1d7caf9a4063a74393abcf91991e9cd?s=96&d=mm&r=g\",\"contentUrl\":\"https:\/\/secure.gravatar.com\/avatar\/c1d7caf9a4063a74393abcf91991e9cd?s=96&d=mm&r=g\",\"caption\":\"admin_plexus\"},\"sameAs\":[\"https:\/\/www.plexus.es\"]}]}<\/script>\n<!-- \/ Yoast SEO plugin. -->","yoast_head_json":{"title":"Plexus Tech elegida por ECHAlliance como referente europeo en salud","description":"Plexus ha sido la tecnol\u00f3gica elegida por ECHAlliance como referente en el sector salud dentro de su ecosistema de cl\u00fasters internacionales.","robots":{"index":"index","follow":"follow","max-snippet":"max-snippet:-1","max-image-preview":"max-image-preview:large","max-video-preview":"max-video-preview:-1"},"canonical":"https:\/\/www.plexus.es\/plexus-tech-echalliance-referente-europeo-salud\/","og_locale":"de_DE","og_type":"article","og_title":"Plexus Tech elegida por ECHAlliance como referente europeo en salud","og_description":"Plexus ha sido la tecnol\u00f3gica elegida por ECHAlliance como referente en el sector salud dentro de su ecosistema de cl\u00fasters internacionales.","og_url":"https:\/\/www.plexus.es\/plexus-tech-echalliance-referente-europeo-salud\/","og_site_name":"Plexus Tech","article_publisher":"https:\/\/www.facebook.com\/Plexus.Techno","article_published_time":"2021-10-25T15:23:18+00:00","article_modified_time":"2024-04-18T12:34:13+00:00","og_image":[{"width":2425,"height":1683,"url":"https:\/\/www.plexus.es\/wp-content\/uploads\/2021\/10\/business-woman-working-on-laptop-scaled-e1635499900703.jpg","type":"image\/jpeg"}],"twitter_card":"summary_large_image","twitter_creator":"@plexustech_","twitter_site":"@plexustech_","twitter_misc":{"Verfasst von":"admin_plexus","Gesch\u00e4tzte Lesezeit":"4 Minuten"},"schema":{"@context":"https:\/\/schema.org","@graph":[{"@type":"Organization","@id":"https:\/\/www.plexus.es\/#organization","name":"Plexus Tech","url":"https:\/\/www.plexus.es\/","sameAs":["https:\/\/www.facebook.com\/Plexus.Techno","https:\/\/www.instagram.com\/plexus.tech\/","https:\/\/www.linkedin.com\/company\/plexus-tech\/mycompany\/","https:\/\/www.youtube.com\/user\/tecnologiasplexus","https:\/\/twitter.com\/plexustech_"],"logo":{"@type":"ImageObject","@id":"https:\/\/www.plexus.es\/#logo","inLanguage":"de-DE","url":"https:\/\/www.plexus.es\/wp-content\/uploads\/2021\/11\/logo-plexus-2021.png","contentUrl":"https:\/\/www.plexus.es\/wp-content\/uploads\/2021\/11\/logo-plexus-2021.png","width":600,"height":600,"caption":"Plexus Tech"},"image":{"@id":"https:\/\/www.plexus.es\/#logo"}},{"@type":"WebSite","@id":"https:\/\/www.plexus.es\/#website","url":"https:\/\/www.plexus.es\/","name":"Plexus Tech","description":"Tecnolog\u00eda con Alma","publisher":{"@id":"https:\/\/www.plexus.es\/#organization"},"potentialAction":[{"@type":"SearchAction","target":{"@type":"EntryPoint","urlTemplate":"https:\/\/www.plexus.es\/?s={search_term_string}"},"query-input":"required name=search_term_string"}],"inLanguage":"de-DE"},{"@type":"ImageObject","@id":"https:\/\/www.plexus.es\/plexus-tech-echalliance-referente-europeo-salud\/#primaryimage","inLanguage":"de-DE","url":"https:\/\/www.plexus.es\/wp-content\/uploads\/2021\/10\/business-woman-working-on-laptop-scaled-e1635499900703.jpg","contentUrl":"https:\/\/www.plexus.es\/wp-content\/uploads\/2021\/10\/business-woman-working-on-laptop-scaled-e1635499900703.jpg","width":2425,"height":1683,"caption":"Noticia en Quincemil: Plexus Tech, tecnol\u00f3gica elegida por ECHAlliance como referente del sector salud"},{"@type":"WebPage","@id":"https:\/\/www.plexus.es\/plexus-tech-echalliance-referente-europeo-salud\/#webpage","url":"https:\/\/www.plexus.es\/plexus-tech-echalliance-referente-europeo-salud\/","name":"Plexus Tech elegida por ECHAlliance como referente europeo en salud","isPartOf":{"@id":"https:\/\/www.plexus.es\/#website"},"primaryImageOfPage":{"@id":"https:\/\/www.plexus.es\/plexus-tech-echalliance-referente-europeo-salud\/#primaryimage"},"datePublished":"2021-10-25T15:23:18+00:00","dateModified":"2024-04-18T12:34:13+00:00","description":"Plexus ha sido la tecnol\u00f3gica elegida por ECHAlliance como referente en el sector salud dentro de su ecosistema de cl\u00fasters internacionales.","breadcrumb":{"@id":"https:\/\/www.plexus.es\/plexus-tech-echalliance-referente-europeo-salud\/#breadcrumb"},"inLanguage":"de-DE","potentialAction":[{"@type":"ReadAction","target":["https:\/\/www.plexus.es\/plexus-tech-echalliance-referente-europeo-salud\/"]}]},{"@type":"BreadcrumbList","@id":"https:\/\/www.plexus.es\/plexus-tech-echalliance-referente-europeo-salud\/#breadcrumb","itemListElement":[{"@type":"ListItem","position":1,"name":"Home","item":"https:\/\/www.plexus.es\/"},{"@type":"ListItem","position":2,"name":"Plexus Tech, referente europeo en salud por ECHAlliance"}]},{"@type":"Article","@id":"https:\/\/www.plexus.es\/plexus-tech-echalliance-referente-europeo-salud\/#article","isPartOf":{"@id":"https:\/\/www.plexus.es\/plexus-tech-echalliance-referente-europeo-salud\/#webpage"},"author":{"@id":"https:\/\/www.plexus.es\/#\/schema\/person\/8f02d5ce6d7b659fa68b0e90317c5171"},"headline":"Plexus Tech, referente europeo en salud por ECHAlliance","datePublished":"2021-10-25T15:23:18+00:00","dateModified":"2024-04-18T12:34:13+00:00","mainEntityOfPage":{"@id":"https:\/\/www.plexus.es\/plexus-tech-echalliance-referente-europeo-salud\/#webpage"},"wordCount":768,"commentCount":0,"publisher":{"@id":"https:\/\/www.plexus.es\/#organization"},"image":{"@id":"https:\/\/www.plexus.es\/plexus-tech-echalliance-referente-europeo-salud\/#primaryimage"},"thumbnailUrl":"https:\/\/www.plexus.es\/wp-content\/uploads\/2021\/10\/business-woman-working-on-laptop-scaled-e1635499900703.jpg","articleSection":["Sanidad"],"inLanguage":"de-DE","potentialAction":[{"@type":"CommentAction","name":"Comment","target":["https:\/\/www.plexus.es\/plexus-tech-echalliance-referente-europeo-salud\/#respond"]}]},{"@type":"Person","@id":"https:\/\/www.plexus.es\/#\/schema\/person\/8f02d5ce6d7b659fa68b0e90317c5171","name":"admin_plexus","image":{"@type":"ImageObject","@id":"https:\/\/www.plexus.es\/#personlogo","inLanguage":"de-DE","url":"https:\/\/secure.gravatar.com\/avatar\/c1d7caf9a4063a74393abcf91991e9cd?s=96&d=mm&r=g","contentUrl":"https:\/\/secure.gravatar.com\/avatar\/c1d7caf9a4063a74393abcf91991e9cd?s=96&d=mm&r=g","caption":"admin_plexus"},"sameAs":["https:\/\/www.plexus.es"]}]}},"_links":{"self":[{"href":"https:\/\/www.plexus.es\/de\/wp-json\/wp\/v2\/posts\/3288"}],"collection":[{"href":"https:\/\/www.plexus.es\/de\/wp-json\/wp\/v2\/posts"}],"about":[{"href":"https:\/\/www.plexus.es\/de\/wp-json\/wp\/v2\/types\/post"}],"author":[{"embeddable":true,"href":"https:\/\/www.plexus.es\/de\/wp-json\/wp\/v2\/users\/1"}],"replies":[{"embeddable":true,"href":"https:\/\/www.plexus.es\/de\/wp-json\/wp\/v2\/comments?post=3288"}],"version-history":[{"count":19,"href":"https:\/\/www.plexus.es\/de\/wp-json\/wp\/v2\/posts\/3288\/revisions"}],"predecessor-version":[{"id":37859,"href":"https:\/\/www.plexus.es\/de\/wp-json\/wp\/v2\/posts\/3288\/revisions\/37859"}],"wp:featuredmedia":[{"embeddable":true,"href":"https:\/\/www.plexus.es\/de\/wp-json\/wp\/v2\/media\/4292"}],"wp:attachment":[{"href":"https:\/\/www.plexus.es\/de\/wp-json\/wp\/v2\/media?parent=3288"}],"wp:term":[{"taxonomy":"category","embeddable":true,"href":"https:\/\/www.plexus.es\/de\/wp-json\/wp\/v2\/categories?post=3288"},{"taxonomy":"post_tag","embeddable":true,"href":"https:\/\/www.plexus.es\/de\/wp-json\/wp\/v2\/tags?post=3288"}],"curies":[{"name":"wp","href":"https:\/\/api.w.org\/{rel}","templated":true}]}}