{"id":33832,"date":"2023-05-31T16:50:42","date_gmt":"2023-05-31T14:50:42","guid":{"rendered":"https:\/\/www.plexus.es\/?p=33832"},"modified":"2024-05-23T13:22:36","modified_gmt":"2024-05-23T11:22:36","slug":"lucia-villaverde-mujeres-tech","status":"publish","type":"post","link":"https:\/\/www.plexus.es\/de\/lucia-villaverde-mujeres-tech\/","title":{"rendered":"&#8222;Soy una tech tard\u00eda: si yo pude, cuantas podr\u00e1n y a\u00fan no lo saben&#8220;"},"content":{"rendered":"<div class=\"fusion-fullwidth fullwidth-box fusion-builder-row-1 fusion-flex-container nonhundred-percent-fullwidth non-hundred-percent-height-scrolling\" style=\"background-color: rgba(255,255,255,0);background-position: center center;background-repeat: no-repeat;border-width: 0px 0px 0px 0px;border-color:#e8ebef;border-style:solid;\" ><div class=\"fusion-builder-row fusion-row fusion-flex-align-items-flex-start\" style=\"max-width:1310.4px;margin-left: calc(-4% \/ 2 );margin-right: calc(-4% \/ 2 );\"><div class=\"fusion-layout-column fusion_builder_column fusion-builder-column-0 fusion_builder_column_1_1 1_1 fusion-flex-column fusion-flex-align-self-center\"><div class=\"fusion-column-wrapper fusion-flex-justify-content-center fusion-content-layout-column\" style=\"background-position:left top;background-repeat:no-repeat;-webkit-background-size:cover;-moz-background-size:cover;-o-background-size:cover;background-size:cover;padding: 0px 0px 0px 0px;\"><div style=\"text-align:center;\"><span class=\" fusion-imageframe imageframe-none imageframe-1 hover-type-none\" style=\"border-radius:12px;\"><img width=\"300\" height=\"190\" alt=\"Luc\u00eda Villaverde participar\u00e1 en el evento sobre mujeres tech\" title=\"Charlamos con Luc\u00eda Web\" src=\"https:\/\/www.plexus.es\/wp-content\/uploads\/2023\/05\/Charlamos-con-Lucia-Web-1.png\" data-orig-src=\"https:\/\/www.plexus.es\/wp-content\/uploads\/2023\/05\/Charlamos-con-Lucia-Web-1-300x190.png\" class=\"lazyload img-responsive wp-image-33859\" srcset=\"data:image\/svg+xml,%3Csvg%20xmlns%3D%27http%3A%2F%2Fwww.w3.org%2F2000%2Fsvg%27%20width%3D%27949%27%20height%3D%27601%27%20viewBox%3D%270%200%20949%20601%27%3E%3Crect%20width%3D%27949%27%20height%3D%27601%27%20fill-opacity%3D%220%22%2F%3E%3C%2Fsvg%3E\" data-srcset=\"https:\/\/www.plexus.es\/wp-content\/uploads\/2023\/05\/Charlamos-con-Lucia-Web-1-200x127.png 200w, https:\/\/www.plexus.es\/wp-content\/uploads\/2023\/05\/Charlamos-con-Lucia-Web-1-400x253.png 400w, https:\/\/www.plexus.es\/wp-content\/uploads\/2023\/05\/Charlamos-con-Lucia-Web-1-600x380.png 600w, https:\/\/www.plexus.es\/wp-content\/uploads\/2023\/05\/Charlamos-con-Lucia-Web-1-800x507.png 800w, https:\/\/www.plexus.es\/wp-content\/uploads\/2023\/05\/Charlamos-con-Lucia-Web-1.png 949w\" data-sizes=\"auto\" data-orig-sizes=\"(max-width: 640px) 100vw, 300px\" \/><\/span><\/div><\/div><style type=\"text\/css\">.fusion-body .fusion-builder-column-0{width:100% !important;margin-top : 20px;margin-bottom : 20px;}.fusion-builder-column-0 > .fusion-column-wrapper {padding-top : 0px !important;padding-right : 0px !important;margin-right : 1.92%;padding-bottom : 0px !important;padding-left : 0px !important;margin-left : 1.92%;}@media only screen and (max-width:1200px) {.fusion-body .fusion-builder-column-0{width:100% !important;order : 0;}.fusion-builder-column-0 > .fusion-column-wrapper {margin-right : 1.92%;margin-left : 1.92%;}}@media only screen and (max-width:640px) {.fusion-body .fusion-builder-column-0{width:100% !important;order : 0;}.fusion-builder-column-0 > .fusion-column-wrapper {margin-right : 1.92%;margin-left : 1.92%;}}<\/style><\/div><div class=\"fusion-layout-column fusion_builder_column fusion-builder-column-1 fusion_builder_column_1_1 1_1 fusion-flex-column\"><div class=\"fusion-column-wrapper fusion-flex-justify-content-flex-start fusion-content-layout-column\" style=\"background-position:left top;background-repeat:no-repeat;-webkit-background-size:cover;-moz-background-size:cover;-o-background-size:cover;background-size:cover;padding: 0px 0px 0px 0px;\"><div class=\"fusion-text fusion-text-1\"><h2>Luc\u00eda Villaverde, de Plexus Tech, participar\u00e1 en el evento de W4TT para dar visibilidad a mujeres tech<\/h2>\n<p>Uno de los compromisos de la tecnolog\u00eda, y que comparte Plexus Tech, es la puesta en valor del talento femenino para romper con la brecha digital de g\u00e9nero. Todav\u00eda a d\u00eda de hoy, el n\u00famero de mujeres tech es muy inferior al de los hombres, una diferencia que tambi\u00e9n se aprecia en el <strong><span style=\"color: #000080;\"><a style=\"color: #000080;\" href=\"https:\/\/www.plexus.es\/plexus-tech-reivindica-el-papel-de-la-mujer-en-la-tecnologia\/\" target=\"_blank\" rel=\"noopener\">acceso a las carreras STEM<\/a><\/span><\/strong>. En todo caso, poco a poco, se van dando pasos para lograr una mayor igualdad.<\/p>\n<p>Con este objetivo, cada vez se est\u00e1n desarrollando m\u00e1s iniciativas para incentivar la entrada de mujeres en el \u00e1mbito tecnol\u00f3gico. Entre eses proyectos se encuentra, por ejemplo, el de <span style=\"color: #000080;\"><strong><a style=\"color: #000080;\" href=\"https:\/\/www.eventbrite.es\/e\/entradas-5o-evento-anfitrionas-hablemos-de-tecnologia-606724277647\" target=\"_blank\" rel=\"noopener\">Women for Technical Talks (W4TT<\/a><\/strong><\/span>), <strong>un grupo que busca visibilizar, promocionar y dar apoyo a mujeres tech.<\/strong><\/p>\n<p>Dentro de esa misi\u00f3n, anualmente organizan <strong>el evento <em>Anfitrionas: Hablemos de Tecnolog\u00eda<\/em><\/strong>, una cita que celebrar\u00e1 su quinta edici\u00f3n este s\u00e1bado y en la que <strong>estar\u00e1 presente Plexus Tech.<\/strong> Lo har\u00e1 de la mano de <strong>Luc\u00eda Villaverde Soler<\/strong>, del \u00c1rea de Data, quien mostrar\u00e1 a las asistentes su experiencia personal en el sector.<\/p>\n<p>La Analista de Datos y Power BI Developer formar\u00e1 parte de un importante elenco de ponentes, en una jornada que pretende servir de inspiraci\u00f3n para muchas mujeres.<\/p>\n<p>Ser\u00e1 un encuentro <strong>para reflexionar, para aprender y para destacar el papel de tantas mujeres tech de Espa\u00f1a<\/strong>, como es el caso de Luc\u00eda Villaverde.<\/p>\n<h3>Participaci\u00f3n de Luc\u00eda Villaverde como \u2018<em>Anfitriona<\/em>\u2019<\/h3>\n<p><strong>\u00bfQu\u00e9 supone para ti participar en el evento de Women for Technical Talks (W4TT)?<\/strong><\/p>\n<p>Es un honor. Voy con una mezcla de sensaciones, sobre todo agradecimiento y respeto, porque las charlas que se van a impartir son de much\u00edsimo nivel. Ser\u00e1 mi primera vez de manera presencial, lo que me impone, a la vez que me ilusiona much\u00edsimo. Todas las personas que van lo hacen de manera altruista, donando su valioso tiempo y con una energ\u00eda que alimenta.<\/p>\n<p><strong>\u00bfSobre qu\u00e9 versar\u00e1 tu intervenci\u00f3n?<\/strong><\/p>\n<p>Mi ponencia se encuentra en el apartado de inspiraci\u00f3n. Contar\u00e9 mi experiencia, de c\u00f3mo se puede reconducir una carrera hacia el mundo Tech, sin serlo de nacimiento y siendo mujer.<\/p>\n<p>Por un lado, pienso: \u00bfA qui\u00e9n voy a inspirar yo? Pero, por otro lado, pienso: si yo pude, \u00a1cu\u00e1ntas podr\u00e1n y a\u00fan no lo saben!<\/p>\n<p>Voy con mi gotita de agua. As\u00ed se hacen los Oc\u00e9anos.<\/p>\n<h4>Experiencia personal en el mundo de la tecnolog\u00eda<\/h4>\n<p><strong>\u00bfQu\u00e9 destacar\u00edas de tu experiencia en este sector?<\/strong><\/p>\n<p>Yo soy tech tard\u00eda y lo estoy disfrutando much\u00edsimo. Mi camino ha sido casi sin querer, pero tiene alta dosis de pasi\u00f3n.<\/p>\n<p>Lo que me gusta, me ilusiona y me enamora es lo que aprendo cada d\u00eda. Todos los d\u00edas me sorprendo con algo. Me gusta, sobre todo, como es absolutamente imposible saber de todo. Hay que trabajar en equipo y eso es algo muy enriquecedor, no solo a nivel profesional, sino tambi\u00e9n a nivel personal.<\/p>\n<p><strong>\u00bfC\u00f3mo llegaste a \u00e9l?<\/strong><\/p>\n<p>Como he dicho antes, soy tard\u00eda, aunque siempre fui una chica de Ciencias. Siempre me gust\u00f3 adaptarme a las mejoras y cambios tecnol\u00f3gicos, pero a veces, como buena gallega, iba con mucha prudencia.<\/p>\n<p>Pero despu\u00e9s de comprobar el buen uso, toda la potencia y toda la flexibilidad que podemos obtener evolucionando con la tecnolog\u00eda, me lanc\u00e9. Estoy disfrutando mucho el camino, con mucho respeto y siempre apoyada con mis compa\u00f1eros.<\/p>\n<p><strong>\u00bfAlguna mujer tech que te haya inspirado?<\/strong><\/p>\n<p>Adem\u00e1s de las cl\u00e1sicas, en la pandemia conoc\u00ed (virtualmente) a una mujer, que se parece mucho f\u00edsicamente a mi madre. Ana Mar\u00eda Bisb\u00e9, y me inspir\u00f3 much\u00edsimo. Yo pensaba, \u00bfc\u00f3mo esta se\u00f1ora (igual que mi madre) puede tener esta energ\u00eda y mover todo lo que mueve y saber tanto?<\/p>\n<p>Es Consultora Business Intelligence, autora de libros con la editorial Anaya, Linkedin Learning Trainer, Microsoft Data Platform MVP, Microsoft Partner Power BI y Ganadora Globant Award Techfluencer Espa\u00f1a 2022.<\/p>\n<h3>Desaf\u00edos y retos para las mujeres en la tecnolog\u00eda<\/h3>\n<p><strong>\u00bfCu\u00e1les son los desaf\u00edos a los que se enfrentan las mujeres tech?<\/strong><\/p>\n<p>Mi opini\u00f3n es que a veces es la propia persona y ya no tanto una brecha de g\u00e9nero en s\u00ed misma. A lo largo de la historia no ha habido muchos modelos femeninos a seguir en este campo. Y cuando los ha habido, se ven como algo muy extraordinario. Por ello, a veces es la falta de confianza y la comparaci\u00f3n continua en modelos masculinos o en femeninos muy sobresalientes, lo que provoca una infravaloraci\u00f3n de lo que una es capaz de hacer. Siempre parece poco.<\/p>\n<p><strong>\u00bfQu\u00e9 medidas se podr\u00edan tomar para una mayor participaci\u00f3n de mujeres en la industria tecnol\u00f3gica?<\/strong><\/p>\n<p>Mi percepci\u00f3n es que estamos en el buen camino. Mi experiencia, por ejemplo, aqu\u00ed mismo en Plexus, es que hay mucho talento femenino. Yo tengo compa\u00f1eras con las que comparto trabajo todos los d\u00edas, igual que con compa\u00f1eros, y no percibo ninguna diferencia.<\/p>\n<p><strong>\u00bfC\u00f3mo se podr\u00eda incrementar la participaci\u00f3n de ni\u00f1as y j\u00f3venes en carreras STEM?<\/strong><\/p>\n<p>Es una pregunta muy dif\u00edcil, ojal\u00e1 yo tuviera una respuesta v\u00e1lida. De todas formas, soy una gran defensora del \u201cdespacito y buena letra\u201d. No creo en acciones extremas que luego caigan en el olvido o que fomenten el talento femenino a costa de menospreciar el trabajo ya existente.<\/p>\n<p>Por otro lado, y de nuevo en mi experiencia, por lo que veo en mi entorno, con amigas de mis hijos o mi propia hija, ya se ha avanzado mucho. Hay actividades en todos los centros donde se participa por igual y las alumnas tienen un papel relevante con sus propuestas.<\/p>\n<p>Destacar\u00eda de esto, sobre todo, la capacidad que tienen de trabajar en equipo sin importar con quien (chicos y chicas). Lo hacen con naturalidad.<\/p>\n<p><strong>\u00bfQu\u00e9 consejos le dar\u00edas a una joven que comienza su carrera profesional en este \u00e1mbito<\/strong><strong>?<\/strong><\/p>\n<p>Mi consejo, ser\u00eda enfocado en que no hay que medir, ni comparar. Mi sensaci\u00f3n es que a veces somos muy exigentes y no valoramos en su justa medida lo que hacemos. No importa que sea mucho o poco. \u00bfPara qui\u00e9n? A veces poco es el camino para mucho.<\/p>\n<\/div><\/div><style type=\"text\/css\">.fusion-body .fusion-builder-column-1{width:100% !important;margin-top : 20px;margin-bottom : 20px;}.fusion-builder-column-1 > .fusion-column-wrapper {padding-top : 0px !important;padding-right : 0px !important;margin-right : 1.92%;padding-bottom : 0px !important;padding-left : 0px !important;margin-left : 1.92%;}@media only screen and (max-width:1200px) {.fusion-body .fusion-builder-column-1{width:100% !important;order : 0;}.fusion-builder-column-1 > .fusion-column-wrapper {margin-right : 1.92%;margin-left : 1.92%;}}@media only screen and (max-width:640px) {.fusion-body .fusion-builder-column-1{width:100% !important;order : 0;}.fusion-builder-column-1 > .fusion-column-wrapper {margin-right : 1.92%;margin-left : 1.92%;}}<\/style><\/div><\/div><style type=\"text\/css\">.fusion-body .fusion-flex-container.fusion-builder-row-1{ padding-top : 0px;margin-top : 0px;padding-right : 0px;padding-bottom : 0px;margin-bottom : 0px;padding-left : 0px;}<\/style><\/div>\n","protected":false},"excerpt":{"rendered":"<p>Luc\u00eda Villaverde, de Plexus Tech, participa en el evento de Women for Technical Talks (W4TT) para visibilizar el papel de la mujer en la tecnolog\u00eda.<\/p>\n","protected":false},"author":1,"featured_media":33856,"comment_status":"open","ping_status":"open","sticky":false,"template":"","format":"standard","meta":[],"categories":[109,107],"tags":[],"yoast_head":"<!-- This site is optimized with the Yoast SEO plugin v17.4 - https:\/\/yoast.com\/wordpress\/plugins\/seo\/ -->\n<title>Luc\u00eda Villaverde: &quot;Soy tech tard\u00eda: si pude, cuantas podr\u00e1n y no lo saben&quot;<\/title>\n<meta name=\"description\" content=\"Luc\u00eda Villaverde participar\u00e1 en el evento de Women for Technical Talks (W4TT) para visibilizar el papel de la mujeres tech.\" \/>\n<meta name=\"robots\" content=\"index, follow, max-snippet:-1, max-image-preview:large, max-video-preview:-1\" \/>\n<link rel=\"canonical\" href=\"https:\/\/www.plexus.es\/lucia-villaverde-mujeres-tech\/\" \/>\n<meta property=\"og:locale\" content=\"de_DE\" \/>\n<meta property=\"og:type\" content=\"article\" \/>\n<meta property=\"og:title\" content=\"Luc\u00eda Villaverde: &quot;Soy tech tard\u00eda: si pude, cuantas podr\u00e1n y no lo saben&quot;\" \/>\n<meta property=\"og:description\" content=\"Luc\u00eda Villaverde participar\u00e1 en el evento de Women for Technical Talks (W4TT) para visibilizar el papel de la mujeres tech.\" \/>\n<meta property=\"og:url\" content=\"https:\/\/www.plexus.es\/lucia-villaverde-mujeres-tech\/\" \/>\n<meta property=\"og:site_name\" content=\"Plexus Tech\" \/>\n<meta property=\"article:publisher\" content=\"https:\/\/www.facebook.com\/Plexus.Techno\" \/>\n<meta property=\"article:published_time\" content=\"2023-05-31T14:50:42+00:00\" \/>\n<meta property=\"article:modified_time\" content=\"2024-05-23T11:22:36+00:00\" \/>\n<meta property=\"og:image\" content=\"https:\/\/www.plexus.es\/wp-content\/uploads\/2023\/05\/Charlamos-con-Lucia-Web-1.png\" \/>\n\t<meta property=\"og:image:width\" content=\"949\" \/>\n\t<meta property=\"og:image:height\" content=\"601\" \/>\n<meta name=\"twitter:card\" content=\"summary_large_image\" \/>\n<meta name=\"twitter:creator\" content=\"@plexustech_\" \/>\n<meta name=\"twitter:site\" content=\"@plexustech_\" \/>\n<meta name=\"twitter:label1\" content=\"Verfasst von\" \/>\n\t<meta name=\"twitter:data1\" content=\"admin_plexus\" \/>\n\t<meta name=\"twitter:label2\" content=\"Gesch\u00e4tzte Lesezeit\" \/>\n\t<meta name=\"twitter:data2\" content=\"4 Minuten\" \/>\n<script type=\"application\/ld+json\" class=\"yoast-schema-graph\">{\"@context\":\"https:\/\/schema.org\",\"@graph\":[{\"@type\":\"Organization\",\"@id\":\"https:\/\/www.plexus.es\/#organization\",\"name\":\"Plexus Tech\",\"url\":\"https:\/\/www.plexus.es\/\",\"sameAs\":[\"https:\/\/www.facebook.com\/Plexus.Techno\",\"https:\/\/www.instagram.com\/plexus.tech\/\",\"https:\/\/www.linkedin.com\/company\/plexus-tech\/mycompany\/\",\"https:\/\/www.youtube.com\/user\/tecnologiasplexus\",\"https:\/\/twitter.com\/plexustech_\"],\"logo\":{\"@type\":\"ImageObject\",\"@id\":\"https:\/\/www.plexus.es\/#logo\",\"inLanguage\":\"de-DE\",\"url\":\"https:\/\/www.plexus.es\/wp-content\/uploads\/2021\/11\/logo-plexus-2021.png\",\"contentUrl\":\"https:\/\/www.plexus.es\/wp-content\/uploads\/2021\/11\/logo-plexus-2021.png\",\"width\":600,\"height\":600,\"caption\":\"Plexus Tech\"},\"image\":{\"@id\":\"https:\/\/www.plexus.es\/#logo\"}},{\"@type\":\"WebSite\",\"@id\":\"https:\/\/www.plexus.es\/#website\",\"url\":\"https:\/\/www.plexus.es\/\",\"name\":\"Plexus Tech\",\"description\":\"Tecnolog\\u00eda con Alma\",\"publisher\":{\"@id\":\"https:\/\/www.plexus.es\/#organization\"},\"potentialAction\":[{\"@type\":\"SearchAction\",\"target\":{\"@type\":\"EntryPoint\",\"urlTemplate\":\"https:\/\/www.plexus.es\/?s={search_term_string}\"},\"query-input\":\"required name=search_term_string\"}],\"inLanguage\":\"de-DE\"},{\"@type\":\"ImageObject\",\"@id\":\"https:\/\/www.plexus.es\/lucia-villaverde-mujeres-tech\/#primaryimage\",\"inLanguage\":\"de-DE\",\"url\":\"https:\/\/www.plexus.es\/wp-content\/uploads\/2023\/05\/Charlamos-con-Lucia-Web-1.png\",\"contentUrl\":\"https:\/\/www.plexus.es\/wp-content\/uploads\/2023\/05\/Charlamos-con-Lucia-Web-1.png\",\"width\":949,\"height\":601,\"caption\":\"Charlamos con Luc\\u00eda Villaverde, \\u00c1rea de arquitectura y Data, Participante de la 5\\u00aa edici\\u00f3n. Anfitriona Hablemos de tecnolog\\u00eda.\"},{\"@type\":\"WebPage\",\"@id\":\"https:\/\/www.plexus.es\/lucia-villaverde-mujeres-tech\/#webpage\",\"url\":\"https:\/\/www.plexus.es\/lucia-villaverde-mujeres-tech\/\",\"name\":\"Luc\\u00eda Villaverde: \\\"Soy tech tard\\u00eda: si pude, cuantas podr\\u00e1n y no lo saben\\\"\",\"isPartOf\":{\"@id\":\"https:\/\/www.plexus.es\/#website\"},\"primaryImageOfPage\":{\"@id\":\"https:\/\/www.plexus.es\/lucia-villaverde-mujeres-tech\/#primaryimage\"},\"datePublished\":\"2023-05-31T14:50:42+00:00\",\"dateModified\":\"2024-05-23T11:22:36+00:00\",\"description\":\"Luc\\u00eda Villaverde participar\\u00e1 en el evento de Women for Technical Talks (W4TT) para visibilizar el papel de la mujeres tech.\",\"breadcrumb\":{\"@id\":\"https:\/\/www.plexus.es\/lucia-villaverde-mujeres-tech\/#breadcrumb\"},\"inLanguage\":\"de-DE\",\"potentialAction\":[{\"@type\":\"ReadAction\",\"target\":[\"https:\/\/www.plexus.es\/lucia-villaverde-mujeres-tech\/\"]}]},{\"@type\":\"BreadcrumbList\",\"@id\":\"https:\/\/www.plexus.es\/lucia-villaverde-mujeres-tech\/#breadcrumb\",\"itemListElement\":[{\"@type\":\"ListItem\",\"position\":1,\"name\":\"Home\",\"item\":\"https:\/\/www.plexus.es\/\"},{\"@type\":\"ListItem\",\"position\":2,\"name\":\"\\u00abSoy una tech tard\\u00eda: si yo pude, cuantas podr\\u00e1n y a\\u00fan no lo saben\\u00bb\"}]},{\"@type\":\"Article\",\"@id\":\"https:\/\/www.plexus.es\/lucia-villaverde-mujeres-tech\/#article\",\"isPartOf\":{\"@id\":\"https:\/\/www.plexus.es\/lucia-villaverde-mujeres-tech\/#webpage\"},\"author\":{\"@id\":\"https:\/\/www.plexus.es\/#\/schema\/person\/8f02d5ce6d7b659fa68b0e90317c5171\"},\"headline\":\"&#8222;Soy una tech tard\\u00eda: si yo pude, cuantas podr\\u00e1n y a\\u00fan no lo saben&#8220;\",\"datePublished\":\"2023-05-31T14:50:42+00:00\",\"dateModified\":\"2024-05-23T11:22:36+00:00\",\"mainEntityOfPage\":{\"@id\":\"https:\/\/www.plexus.es\/lucia-villaverde-mujeres-tech\/#webpage\"},\"wordCount\":2187,\"commentCount\":0,\"publisher\":{\"@id\":\"https:\/\/www.plexus.es\/#organization\"},\"image\":{\"@id\":\"https:\/\/www.plexus.es\/lucia-villaverde-mujeres-tech\/#primaryimage\"},\"thumbnailUrl\":\"https:\/\/www.plexus.es\/wp-content\/uploads\/2023\/05\/Charlamos-con-Lucia-Web-1.png\",\"articleSection\":[\"Compromiso\",\"Eventos\"],\"inLanguage\":\"de-DE\",\"potentialAction\":[{\"@type\":\"CommentAction\",\"name\":\"Comment\",\"target\":[\"https:\/\/www.plexus.es\/lucia-villaverde-mujeres-tech\/#respond\"]}]},{\"@type\":\"Person\",\"@id\":\"https:\/\/www.plexus.es\/#\/schema\/person\/8f02d5ce6d7b659fa68b0e90317c5171\",\"name\":\"admin_plexus\",\"image\":{\"@type\":\"ImageObject\",\"@id\":\"https:\/\/www.plexus.es\/#personlogo\",\"inLanguage\":\"de-DE\",\"url\":\"https:\/\/secure.gravatar.com\/avatar\/c1d7caf9a4063a74393abcf91991e9cd?s=96&d=mm&r=g\",\"contentUrl\":\"https:\/\/secure.gravatar.com\/avatar\/c1d7caf9a4063a74393abcf91991e9cd?s=96&d=mm&r=g\",\"caption\":\"admin_plexus\"},\"sameAs\":[\"https:\/\/www.plexus.es\"]}]}<\/script>\n<!-- \/ Yoast SEO plugin. -->","yoast_head_json":{"title":"Luc\u00eda Villaverde: \"Soy tech tard\u00eda: si pude, cuantas podr\u00e1n y no lo saben\"","description":"Luc\u00eda Villaverde participar\u00e1 en el evento de Women for Technical Talks (W4TT) para visibilizar el papel de la mujeres tech.","robots":{"index":"index","follow":"follow","max-snippet":"max-snippet:-1","max-image-preview":"max-image-preview:large","max-video-preview":"max-video-preview:-1"},"canonical":"https:\/\/www.plexus.es\/lucia-villaverde-mujeres-tech\/","og_locale":"de_DE","og_type":"article","og_title":"Luc\u00eda Villaverde: \"Soy tech tard\u00eda: si pude, cuantas podr\u00e1n y no lo saben\"","og_description":"Luc\u00eda Villaverde participar\u00e1 en el evento de Women for Technical Talks (W4TT) para visibilizar el papel de la mujeres tech.","og_url":"https:\/\/www.plexus.es\/lucia-villaverde-mujeres-tech\/","og_site_name":"Plexus Tech","article_publisher":"https:\/\/www.facebook.com\/Plexus.Techno","article_published_time":"2023-05-31T14:50:42+00:00","article_modified_time":"2024-05-23T11:22:36+00:00","og_image":[{"width":949,"height":601,"url":"https:\/\/www.plexus.es\/wp-content\/uploads\/2023\/05\/Charlamos-con-Lucia-Web-1.png","type":"image\/png"}],"twitter_card":"summary_large_image","twitter_creator":"@plexustech_","twitter_site":"@plexustech_","twitter_misc":{"Verfasst von":"admin_plexus","Gesch\u00e4tzte Lesezeit":"4 Minuten"},"schema":{"@context":"https:\/\/schema.org","@graph":[{"@type":"Organization","@id":"https:\/\/www.plexus.es\/#organization","name":"Plexus Tech","url":"https:\/\/www.plexus.es\/","sameAs":["https:\/\/www.facebook.com\/Plexus.Techno","https:\/\/www.instagram.com\/plexus.tech\/","https:\/\/www.linkedin.com\/company\/plexus-tech\/mycompany\/","https:\/\/www.youtube.com\/user\/tecnologiasplexus","https:\/\/twitter.com\/plexustech_"],"logo":{"@type":"ImageObject","@id":"https:\/\/www.plexus.es\/#logo","inLanguage":"de-DE","url":"https:\/\/www.plexus.es\/wp-content\/uploads\/2021\/11\/logo-plexus-2021.png","contentUrl":"https:\/\/www.plexus.es\/wp-content\/uploads\/2021\/11\/logo-plexus-2021.png","width":600,"height":600,"caption":"Plexus Tech"},"image":{"@id":"https:\/\/www.plexus.es\/#logo"}},{"@type":"WebSite","@id":"https:\/\/www.plexus.es\/#website","url":"https:\/\/www.plexus.es\/","name":"Plexus Tech","description":"Tecnolog\u00eda con Alma","publisher":{"@id":"https:\/\/www.plexus.es\/#organization"},"potentialAction":[{"@type":"SearchAction","target":{"@type":"EntryPoint","urlTemplate":"https:\/\/www.plexus.es\/?s={search_term_string}"},"query-input":"required name=search_term_string"}],"inLanguage":"de-DE"},{"@type":"ImageObject","@id":"https:\/\/www.plexus.es\/lucia-villaverde-mujeres-tech\/#primaryimage","inLanguage":"de-DE","url":"https:\/\/www.plexus.es\/wp-content\/uploads\/2023\/05\/Charlamos-con-Lucia-Web-1.png","contentUrl":"https:\/\/www.plexus.es\/wp-content\/uploads\/2023\/05\/Charlamos-con-Lucia-Web-1.png","width":949,"height":601,"caption":"Charlamos con Luc\u00eda Villaverde, \u00c1rea de arquitectura y Data, Participante de la 5\u00aa edici\u00f3n. Anfitriona Hablemos de tecnolog\u00eda."},{"@type":"WebPage","@id":"https:\/\/www.plexus.es\/lucia-villaverde-mujeres-tech\/#webpage","url":"https:\/\/www.plexus.es\/lucia-villaverde-mujeres-tech\/","name":"Luc\u00eda Villaverde: \"Soy tech tard\u00eda: si pude, cuantas podr\u00e1n y no lo saben\"","isPartOf":{"@id":"https:\/\/www.plexus.es\/#website"},"primaryImageOfPage":{"@id":"https:\/\/www.plexus.es\/lucia-villaverde-mujeres-tech\/#primaryimage"},"datePublished":"2023-05-31T14:50:42+00:00","dateModified":"2024-05-23T11:22:36+00:00","description":"Luc\u00eda Villaverde participar\u00e1 en el evento de Women for Technical Talks (W4TT) para visibilizar el papel de la mujeres tech.","breadcrumb":{"@id":"https:\/\/www.plexus.es\/lucia-villaverde-mujeres-tech\/#breadcrumb"},"inLanguage":"de-DE","potentialAction":[{"@type":"ReadAction","target":["https:\/\/www.plexus.es\/lucia-villaverde-mujeres-tech\/"]}]},{"@type":"BreadcrumbList","@id":"https:\/\/www.plexus.es\/lucia-villaverde-mujeres-tech\/#breadcrumb","itemListElement":[{"@type":"ListItem","position":1,"name":"Home","item":"https:\/\/www.plexus.es\/"},{"@type":"ListItem","position":2,"name":"\u00abSoy una tech tard\u00eda: si yo pude, cuantas podr\u00e1n y a\u00fan no lo saben\u00bb"}]},{"@type":"Article","@id":"https:\/\/www.plexus.es\/lucia-villaverde-mujeres-tech\/#article","isPartOf":{"@id":"https:\/\/www.plexus.es\/lucia-villaverde-mujeres-tech\/#webpage"},"author":{"@id":"https:\/\/www.plexus.es\/#\/schema\/person\/8f02d5ce6d7b659fa68b0e90317c5171"},"headline":"&#8222;Soy una tech tard\u00eda: si yo pude, cuantas podr\u00e1n y a\u00fan no lo saben&#8220;","datePublished":"2023-05-31T14:50:42+00:00","dateModified":"2024-05-23T11:22:36+00:00","mainEntityOfPage":{"@id":"https:\/\/www.plexus.es\/lucia-villaverde-mujeres-tech\/#webpage"},"wordCount":2187,"commentCount":0,"publisher":{"@id":"https:\/\/www.plexus.es\/#organization"},"image":{"@id":"https:\/\/www.plexus.es\/lucia-villaverde-mujeres-tech\/#primaryimage"},"thumbnailUrl":"https:\/\/www.plexus.es\/wp-content\/uploads\/2023\/05\/Charlamos-con-Lucia-Web-1.png","articleSection":["Compromiso","Eventos"],"inLanguage":"de-DE","potentialAction":[{"@type":"CommentAction","name":"Comment","target":["https:\/\/www.plexus.es\/lucia-villaverde-mujeres-tech\/#respond"]}]},{"@type":"Person","@id":"https:\/\/www.plexus.es\/#\/schema\/person\/8f02d5ce6d7b659fa68b0e90317c5171","name":"admin_plexus","image":{"@type":"ImageObject","@id":"https:\/\/www.plexus.es\/#personlogo","inLanguage":"de-DE","url":"https:\/\/secure.gravatar.com\/avatar\/c1d7caf9a4063a74393abcf91991e9cd?s=96&d=mm&r=g","contentUrl":"https:\/\/secure.gravatar.com\/avatar\/c1d7caf9a4063a74393abcf91991e9cd?s=96&d=mm&r=g","caption":"admin_plexus"},"sameAs":["https:\/\/www.plexus.es"]}]}},"_links":{"self":[{"href":"https:\/\/www.plexus.es\/de\/wp-json\/wp\/v2\/posts\/33832"}],"collection":[{"href":"https:\/\/www.plexus.es\/de\/wp-json\/wp\/v2\/posts"}],"about":[{"href":"https:\/\/www.plexus.es\/de\/wp-json\/wp\/v2\/types\/post"}],"author":[{"embeddable":true,"href":"https:\/\/www.plexus.es\/de\/wp-json\/wp\/v2\/users\/1"}],"replies":[{"embeddable":true,"href":"https:\/\/www.plexus.es\/de\/wp-json\/wp\/v2\/comments?post=33832"}],"version-history":[{"count":19,"href":"https:\/\/www.plexus.es\/de\/wp-json\/wp\/v2\/posts\/33832\/revisions"}],"predecessor-version":[{"id":42517,"href":"https:\/\/www.plexus.es\/de\/wp-json\/wp\/v2\/posts\/33832\/revisions\/42517"}],"wp:featuredmedia":[{"embeddable":true,"href":"https:\/\/www.plexus.es\/de\/wp-json\/wp\/v2\/media\/33856"}],"wp:attachment":[{"href":"https:\/\/www.plexus.es\/de\/wp-json\/wp\/v2\/media?parent=33832"}],"wp:term":[{"taxonomy":"category","embeddable":true,"href":"https:\/\/www.plexus.es\/de\/wp-json\/wp\/v2\/categories?post=33832"},{"taxonomy":"post_tag","embeddable":true,"href":"https:\/\/www.plexus.es\/de\/wp-json\/wp\/v2\/tags?post=33832"}],"curies":[{"name":"wp","href":"https:\/\/api.w.org\/{rel}","templated":true}]}}