{"id":34851,"date":"2023-09-13T13:48:15","date_gmt":"2023-09-13T11:48:15","guid":{"rendered":"https:\/\/www.plexus.es\/?p=34851"},"modified":"2024-05-22T15:48:28","modified_gmt":"2024-05-22T13:48:28","slug":"celebramos-dia-del-programador-nuestras-programadoras-informaticas","status":"publish","type":"post","link":"https:\/\/www.plexus.es\/de\/celebramos-dia-del-programador-nuestras-programadoras-informaticas\/","title":{"rendered":"Homenaje a nuestros programadoras\/es en el D\u00eda del Programador"},"content":{"rendered":"<div class=\"fusion-fullwidth fullwidth-box fusion-builder-row-1 fusion-flex-container nonhundred-percent-fullwidth non-hundred-percent-height-scrolling\" style=\"background-color: rgba(255,255,255,0);background-position: center center;background-repeat: no-repeat;border-width: 0px 0px 0px 0px;border-color:#e8ebef;border-style:solid;\" ><div class=\"fusion-builder-row fusion-row fusion-flex-align-items-flex-start\" style=\"max-width:1310.4px;margin-left: calc(-4% \/ 2 );margin-right: calc(-4% \/ 2 );\"><div class=\"fusion-layout-column fusion_builder_column fusion-builder-column-0 fusion_builder_column_1_1 1_1 fusion-flex-column fusion-flex-align-self-center\"><div class=\"fusion-column-wrapper fusion-flex-justify-content-center fusion-content-layout-column\" style=\"background-position:left top;background-repeat:no-repeat;-webkit-background-size:cover;-moz-background-size:cover;-o-background-size:cover;background-size:cover;padding: 0px 0px 0px 0px;\"><div class=\"fusion-text fusion-text-1\"><p>El 13 de septiembre es el D\u00eda del Programador y la Programadora inform\u00e1tica. En Plexus Tech, como empresa tecnol\u00f3gica, <strong>contamos con un gran n\u00famero de profesionales de la programaci\u00f3n<\/strong> formando parte de nuestros equipos.<\/p>\n<p><strong>Su talento nos permite llevar a cabo proyectos que tienen por objetivo mejorar la vida digital de las personas.<\/strong> A trav\u00e9s de diferentes lenguajes, ya sea <strong>Python, Java, C++ o cualquier otro<\/strong>, desarrollamos c\u00f3digo que responde a los problemas que puedan tener los usuarios en la red.<\/p>\n<p>Por este motivo, en este 2023, desde Plexus Tech hemos querido homenajear a nuestros programadores y programadoras por su gran trabajo, <strong>poniendo en valor su dedicaci\u00f3n y talento<\/strong>. Hoy compartimos <strong>cuatro ejemplos de profesionales que han destacado su experiencia en la empresa<\/strong>, mostrando lo aprendido en este tiempo en nuestra familia.<\/p>\n<p><strong>Bel\u00e9n Olives de Larragan, desarrolladora de Software<\/strong>, ha querido destacar los beneficios del trabajo en equipo. <strong>\u201cColaborar y compartir ideas en equipo<\/strong> me permite seguir mejorando y aprendiendo sobre programaci\u00f3n\u201d.<\/p>\n<p><strong>David Rodr\u00edguez Mart\u00ednez, programador Full-Stack<\/strong>, ha resaltado tambi\u00e9n el m\u00e9todo laboral de los equipos de programaci\u00f3n. \u201cProgramar me ha ense\u00f1ado a<strong> afrontar los problemas de una forma m\u00e1s met\u00f3dica, tanto en lo personal como en lo profesional<\/strong>\u201d.<\/p>\n<p><strong>Isabel Cristina Saleta Meza, desarrolladora de Software<\/strong>, ha puesto en valor los retos a los que se enfrenta cada d\u00eda como programadora inform\u00e1tica. \u201cEsta vocaci\u00f3n me permite <strong>seguir evolucionando y ret\u00e1ndome a m\u00ed misma<\/strong> cada d\u00eda\u201d.<\/p>\n<p>Y <strong>Jacobo Fern\u00e1ndez Barreiro, programador Junior<\/strong>, ha se\u00f1alado el punto de vista cr\u00edtico aprendido desde su puesto. \u201c<strong>Ser programador en Plexus me ha demostrado que un punto de vista cr\u00edtico<\/strong> puede resultar muy valioso\u201d.<\/p>\n<p><strong>Su labor<\/strong>, as\u00ed como la de todas y todos sus compa\u00f1eros, <strong>es fundamental para seguir avanzando en tantos y tantos proyectos tecnol\u00f3gicos y servicios de innovaci\u00f3n<\/strong>. Por ello, por cada l\u00ednea de c\u00f3digo y cada desaf\u00edo superado, gracias.<\/p>\n<h3>\u00bfPor qu\u00e9 se celebra el D\u00eda del Programador Inform\u00e1tico el 13 de septiembre?<\/h3>\n<p><strong>La conmemoraci\u00f3n<\/strong> del d\u00eda del Programador Inform\u00e1tico en el 13 de septiembre <strong>tiene su raz\u00f3n de ser en la propia profesi\u00f3n<\/strong>. El 13 de septiembre es el <strong>d\u00eda n\u00famero 256 del a\u00f1o<\/strong>. Esta cifra es igual a <strong>la cantidad de n\u00fameros que se pueden representar en un byte de 8 bits<\/strong>. Por lo tanto, <strong>tiene su relaci\u00f3n con el c\u00f3digo binario<\/strong>, tan bien conocido por las programadoras y programadores inform\u00e1ticos.<\/p>\n<p>Esta efem\u00e9rides tiene su origen en 2002, fruto de la labor de los <strong>dos programadores inform\u00e1ticos rusos: Valentin Balt y Michael Cherviakov<\/strong>. Ellos iniciaron una recogida de firmas para instar al gobierno de Rusia a declarar esta jornada. En todo caso, no ser\u00eda hasta 2009 cuando se comenzar\u00eda a celebrar este d\u00eda del Programador Inform\u00e1tico.<\/p>\n<p>Cabe destacar tambi\u00e9n que, en a\u00f1o bisiesto, el d\u00eda se celebra el 12 de septiembre.<\/p>\n<h4>Ada Lovelace: la inventora de la programaci\u00f3n, una mujer STEM<\/h4>\n<p><strong>La programaci\u00f3n inform\u00e1tica tiene su origen mucho antes de que existiera un ordenador y su precursora fue una mujer: Ada Lovelace<\/strong>. La \u201cmadre\u201d de la programaci\u00f3n es un claro ejemplo de mujer STEM. Una referente en la tecnolog\u00eda que <strong>hizo historia y <\/strong>que <strong>marc\u00f3 el camino a muchas y muchos otros<\/strong> que vinieron detr\u00e1s. En nuestra web puedes leer el <a href=\"https:\/\/www.plexus.es\/lucia-villaverde-mujeres-tech\/\" target=\"_blank\" rel=\"noopener\"><strong>ejemplo de Luc\u00eda Villaverde<\/strong><\/a>.<\/p>\n<p>Nacida en 1815, Augusta Ada Byron fue una adelantada a su \u00e9poca. A mediados del siglo XIX fue capaz de demostrar que un telar matem\u00e1tico pod\u00eda seguir una <strong>secuencia de operaciones simples para realizar un c\u00e1lculo complejo<\/strong>.<\/p>\n<p>Formada en matem\u00e1ticas, lig\u00f3 el c\u00e1lculo y la programaci\u00f3n en un manuscrito hist\u00f3rico. En \u00e9l hizo anotaciones y cr\u00edticas a las ideas que planteaba el italiano <strong>Luigi Menabrea<\/strong> para su m\u00e1quina de an\u00e1lisis matem\u00e1tico.<\/p>\n<p>En este documento, <strong>la matem\u00e1tica inglesa afirmaba que lo correcto ser\u00eda que la m\u00e1quina consiguiera resolver problemas matem\u00e1ticos con secuencia de operaciones<\/strong>. Adem\u00e1s, tambi\u00e9n apuntaba que esta pudiese operar con s\u00edmbolos y no s\u00f3lo con n\u00fameros.<\/p>\n<p>De esta manera, lig\u00f3 c\u00e1lculo y programaci\u00f3n, <strong>esbozando lo que posteriormente ser\u00eda la tecnolog\u00eda moderna<\/strong>.<\/p>\n<\/div><\/div><style type=\"text\/css\">.fusion-body .fusion-builder-column-0{width:100% !important;margin-top : 20px;margin-bottom : 20px;}.fusion-builder-column-0 > .fusion-column-wrapper {padding-top : 0px !important;padding-right : 0px !important;margin-right : 1.92%;padding-bottom : 0px !important;padding-left : 0px !important;margin-left : 1.92%;}@media only screen and (max-width:1200px) {.fusion-body .fusion-builder-column-0{width:100% !important;order : 0;}.fusion-builder-column-0 > .fusion-column-wrapper {margin-right : 1.92%;margin-left : 1.92%;}}@media only screen and (max-width:640px) {.fusion-body .fusion-builder-column-0{width:100% !important;order : 0;}.fusion-builder-column-0 > .fusion-column-wrapper {margin-right : 1.92%;margin-left : 1.92%;}}<\/style><\/div><div class=\"fusion-layout-column fusion_builder_column fusion-builder-column-1 fusion_builder_column_1_2 1_2 fusion-flex-column fusion-flex-align-self-center\"><div class=\"fusion-column-wrapper fusion-flex-justify-content-center fusion-content-layout-column\" style=\"background-position:left top;background-repeat:no-repeat;-webkit-background-size:cover;-moz-background-size:cover;-o-background-size:cover;background-size:cover;padding: 0px 0px 0px 0px;\"><div style=\"text-align:center;\"><span class=\" fusion-imageframe imageframe-none imageframe-1 hover-type-none\" style=\"border-radius:12px;\"><img width=\"300\" height=\"300\" alt=\"Isabel Cristina Saleta, desarrolladora de software\" title=\"Isabel Cristina Saleta, desarrolladora de software\" src=\"https:\/\/www.plexus.es\/wp-content\/uploads\/2023\/09\/Isabel-Cristina-Saleta-desarrolladora-de-software.png\" data-orig-src=\"https:\/\/www.plexus.es\/wp-content\/uploads\/2023\/09\/Isabel-Cristina-Saleta-desarrolladora-de-software-300x300.png\" class=\"lazyload img-responsive wp-image-34868\" srcset=\"data:image\/svg+xml,%3Csvg%20xmlns%3D%27http%3A%2F%2Fwww.w3.org%2F2000%2Fsvg%27%20width%3D%271081%27%20height%3D%271081%27%20viewBox%3D%270%200%201081%201081%27%3E%3Crect%20width%3D%271081%27%20height%3D%271081%27%20fill-opacity%3D%220%22%2F%3E%3C%2Fsvg%3E\" data-srcset=\"https:\/\/www.plexus.es\/wp-content\/uploads\/2023\/09\/Isabel-Cristina-Saleta-desarrolladora-de-software-200x200.png 200w, https:\/\/www.plexus.es\/wp-content\/uploads\/2023\/09\/Isabel-Cristina-Saleta-desarrolladora-de-software-400x400.png 400w, https:\/\/www.plexus.es\/wp-content\/uploads\/2023\/09\/Isabel-Cristina-Saleta-desarrolladora-de-software-600x600.png 600w, https:\/\/www.plexus.es\/wp-content\/uploads\/2023\/09\/Isabel-Cristina-Saleta-desarrolladora-de-software-800x800.png 800w, https:\/\/www.plexus.es\/wp-content\/uploads\/2023\/09\/Isabel-Cristina-Saleta-desarrolladora-de-software.png 1081w\" data-sizes=\"auto\" data-orig-sizes=\"(max-width: 640px) 100vw, 600px\" \/><\/span><\/div><\/div><style type=\"text\/css\">.fusion-body .fusion-builder-column-1{width:50% !important;margin-top : 20px;margin-bottom : 20px;}.fusion-builder-column-1 > .fusion-column-wrapper {padding-top : 0px !important;padding-right : 0px !important;margin-right : 3.84%;padding-bottom : 0px !important;padding-left : 0px !important;margin-left : 3.84%;}@media only screen and (max-width:1200px) {.fusion-body .fusion-builder-column-1{width:50% !important;order : 0;}.fusion-builder-column-1 > .fusion-column-wrapper {margin-right : 3.84%;margin-left : 3.84%;}}@media only screen and (max-width:640px) {.fusion-body .fusion-builder-column-1{width:100% !important;order : 0;}.fusion-builder-column-1 > .fusion-column-wrapper {margin-right : 1.92%;margin-left : 1.92%;}}<\/style><\/div><div class=\"fusion-layout-column fusion_builder_column fusion-builder-column-2 fusion_builder_column_1_2 1_2 fusion-flex-column fusion-flex-align-self-center\"><div class=\"fusion-column-wrapper fusion-flex-justify-content-center fusion-content-layout-column\" style=\"background-position:left top;background-repeat:no-repeat;-webkit-background-size:cover;-moz-background-size:cover;-o-background-size:cover;background-size:cover;padding: 0px 0px 0px 0px;\"><div style=\"text-align:center;\"><span class=\" fusion-imageframe imageframe-none imageframe-2 hover-type-none\" style=\"border-radius:12px;\"><img width=\"300\" height=\"300\" alt=\"Jacobo Fern\u00e1ndez, Programador Inform\u00e1tico Junior de Plexus\" title=\"Jacobo Fern\u00e1ndez, Programador Inform\u00e1tico Junior de Plexus\" src=\"https:\/\/www.plexus.es\/wp-content\/uploads\/2023\/09\/Jacobo-Fernandez-Programador-Informatico-Junior-de-Plexus.png\" data-orig-src=\"https:\/\/www.plexus.es\/wp-content\/uploads\/2023\/09\/Jacobo-Fernandez-Programador-Informatico-Junior-de-Plexus-300x300.png\" class=\"lazyload img-responsive wp-image-34880\" srcset=\"data:image\/svg+xml,%3Csvg%20xmlns%3D%27http%3A%2F%2Fwww.w3.org%2F2000%2Fsvg%27%20width%3D%271081%27%20height%3D%271081%27%20viewBox%3D%270%200%201081%201081%27%3E%3Crect%20width%3D%271081%27%20height%3D%271081%27%20fill-opacity%3D%220%22%2F%3E%3C%2Fsvg%3E\" data-srcset=\"https:\/\/www.plexus.es\/wp-content\/uploads\/2023\/09\/Jacobo-Fernandez-Programador-Informatico-Junior-de-Plexus-200x200.png 200w, https:\/\/www.plexus.es\/wp-content\/uploads\/2023\/09\/Jacobo-Fernandez-Programador-Informatico-Junior-de-Plexus-400x400.png 400w, https:\/\/www.plexus.es\/wp-content\/uploads\/2023\/09\/Jacobo-Fernandez-Programador-Informatico-Junior-de-Plexus-600x600.png 600w, https:\/\/www.plexus.es\/wp-content\/uploads\/2023\/09\/Jacobo-Fernandez-Programador-Informatico-Junior-de-Plexus-800x800.png 800w, https:\/\/www.plexus.es\/wp-content\/uploads\/2023\/09\/Jacobo-Fernandez-Programador-Informatico-Junior-de-Plexus.png 1081w\" data-sizes=\"auto\" data-orig-sizes=\"(max-width: 640px) 100vw, 600px\" \/><\/span><\/div><\/div><style type=\"text\/css\">.fusion-body .fusion-builder-column-2{width:50% !important;margin-top : 20px;margin-bottom : 20px;}.fusion-builder-column-2 > .fusion-column-wrapper {padding-top : 0px !important;padding-right : 0px !important;margin-right : 3.84%;padding-bottom : 0px !important;padding-left : 0px !important;margin-left : 3.84%;}@media only screen and (max-width:1200px) {.fusion-body .fusion-builder-column-2{width:50% !important;order : 0;}.fusion-builder-column-2 > .fusion-column-wrapper {margin-right : 3.84%;margin-left : 3.84%;}}@media only screen and (max-width:640px) {.fusion-body .fusion-builder-column-2{width:100% !important;order : 0;}.fusion-builder-column-2 > .fusion-column-wrapper {margin-right : 1.92%;margin-left : 1.92%;}}<\/style><\/div><div class=\"fusion-layout-column fusion_builder_column fusion-builder-column-3 fusion_builder_column_1_2 1_2 fusion-flex-column fusion-flex-align-self-center\"><div class=\"fusion-column-wrapper fusion-flex-justify-content-center fusion-content-layout-column\" style=\"background-position:left top;background-repeat:no-repeat;-webkit-background-size:cover;-moz-background-size:cover;-o-background-size:cover;background-size:cover;padding: 0px 0px 0px 0px;\"><div style=\"text-align:center;\"><span class=\" fusion-imageframe imageframe-none imageframe-3 hover-type-none\" style=\"border-radius:12px;\"><img width=\"300\" height=\"300\" alt=\"Bel\u00e9n Olives, desarrolladora de Software de Plexus Tech\" title=\"Bel\u00e9n Olives, desarrolladora de Software de Plexus Tech\" src=\"https:\/\/www.plexus.es\/wp-content\/uploads\/2023\/09\/Belen-Olives-desarrolladora-de-Software-de-Plexus-Tech.png\" data-orig-src=\"https:\/\/www.plexus.es\/wp-content\/uploads\/2023\/09\/Belen-Olives-desarrolladora-de-Software-de-Plexus-Tech-300x300.png\" class=\"lazyload img-responsive wp-image-34874\" srcset=\"data:image\/svg+xml,%3Csvg%20xmlns%3D%27http%3A%2F%2Fwww.w3.org%2F2000%2Fsvg%27%20width%3D%271081%27%20height%3D%271081%27%20viewBox%3D%270%200%201081%201081%27%3E%3Crect%20width%3D%271081%27%20height%3D%271081%27%20fill-opacity%3D%220%22%2F%3E%3C%2Fsvg%3E\" data-srcset=\"https:\/\/www.plexus.es\/wp-content\/uploads\/2023\/09\/Belen-Olives-desarrolladora-de-Software-de-Plexus-Tech-200x200.png 200w, https:\/\/www.plexus.es\/wp-content\/uploads\/2023\/09\/Belen-Olives-desarrolladora-de-Software-de-Plexus-Tech-400x400.png 400w, https:\/\/www.plexus.es\/wp-content\/uploads\/2023\/09\/Belen-Olives-desarrolladora-de-Software-de-Plexus-Tech-600x600.png 600w, https:\/\/www.plexus.es\/wp-content\/uploads\/2023\/09\/Belen-Olives-desarrolladora-de-Software-de-Plexus-Tech-800x800.png 800w, https:\/\/www.plexus.es\/wp-content\/uploads\/2023\/09\/Belen-Olives-desarrolladora-de-Software-de-Plexus-Tech.png 1081w\" data-sizes=\"auto\" data-orig-sizes=\"(max-width: 640px) 100vw, 600px\" \/><\/span><\/div><\/div><style type=\"text\/css\">.fusion-body .fusion-builder-column-3{width:50% !important;margin-top : 20px;margin-bottom : 20px;}.fusion-builder-column-3 > .fusion-column-wrapper {padding-top : 0px !important;padding-right : 0px !important;margin-right : 3.84%;padding-bottom : 0px !important;padding-left : 0px !important;margin-left : 3.84%;}@media only screen and (max-width:1200px) {.fusion-body .fusion-builder-column-3{width:50% !important;order : 0;}.fusion-builder-column-3 > .fusion-column-wrapper {margin-right : 3.84%;margin-left : 3.84%;}}@media only screen and (max-width:640px) {.fusion-body .fusion-builder-column-3{width:100% !important;order : 0;}.fusion-builder-column-3 > .fusion-column-wrapper {margin-right : 1.92%;margin-left : 1.92%;}}<\/style><\/div><div class=\"fusion-layout-column fusion_builder_column fusion-builder-column-4 fusion_builder_column_1_2 1_2 fusion-flex-column fusion-flex-align-self-center\"><div class=\"fusion-column-wrapper fusion-flex-justify-content-center fusion-content-layout-column\" style=\"background-position:left top;background-repeat:no-repeat;-webkit-background-size:cover;-moz-background-size:cover;-o-background-size:cover;background-size:cover;padding: 0px 0px 0px 0px;\"><div style=\"text-align:center;\"><span class=\" fusion-imageframe imageframe-none imageframe-4 hover-type-none\" style=\"border-radius:12px;\"><img width=\"300\" height=\"300\" alt=\"David Rodr\u00edguez, programador inform\u00e1tico\" title=\"David Rodr\u00edguez, programador inform\u00e1tico\" src=\"https:\/\/www.plexus.es\/wp-content\/uploads\/2023\/09\/David-Rodriguez-programador-informatico.png\" data-orig-src=\"https:\/\/www.plexus.es\/wp-content\/uploads\/2023\/09\/David-Rodriguez-programador-informatico-300x300.png\" class=\"lazyload img-responsive wp-image-34862\" srcset=\"data:image\/svg+xml,%3Csvg%20xmlns%3D%27http%3A%2F%2Fwww.w3.org%2F2000%2Fsvg%27%20width%3D%271081%27%20height%3D%271081%27%20viewBox%3D%270%200%201081%201081%27%3E%3Crect%20width%3D%271081%27%20height%3D%271081%27%20fill-opacity%3D%220%22%2F%3E%3C%2Fsvg%3E\" data-srcset=\"https:\/\/www.plexus.es\/wp-content\/uploads\/2023\/09\/David-Rodriguez-programador-informatico-200x200.png 200w, https:\/\/www.plexus.es\/wp-content\/uploads\/2023\/09\/David-Rodriguez-programador-informatico-400x400.png 400w, https:\/\/www.plexus.es\/wp-content\/uploads\/2023\/09\/David-Rodriguez-programador-informatico-600x600.png 600w, https:\/\/www.plexus.es\/wp-content\/uploads\/2023\/09\/David-Rodriguez-programador-informatico-800x800.png 800w, https:\/\/www.plexus.es\/wp-content\/uploads\/2023\/09\/David-Rodriguez-programador-informatico.png 1081w\" data-sizes=\"auto\" data-orig-sizes=\"(max-width: 640px) 100vw, 600px\" \/><\/span><\/div><\/div><style type=\"text\/css\">.fusion-body .fusion-builder-column-4{width:50% !important;margin-top : 20px;margin-bottom : 20px;}.fusion-builder-column-4 > .fusion-column-wrapper {padding-top : 0px !important;padding-right : 0px !important;margin-right : 3.84%;padding-bottom : 0px !important;padding-left : 0px !important;margin-left : 3.84%;}@media only screen and (max-width:1200px) {.fusion-body .fusion-builder-column-4{width:50% !important;order : 0;}.fusion-builder-column-4 > .fusion-column-wrapper {margin-right : 3.84%;margin-left : 3.84%;}}@media only screen and (max-width:640px) {.fusion-body .fusion-builder-column-4{width:100% !important;order : 0;}.fusion-builder-column-4 > .fusion-column-wrapper {margin-right : 1.92%;margin-left : 1.92%;}}<\/style><\/div><div class=\"fusion-layout-column fusion_builder_column fusion-builder-column-5 fusion_builder_column_1_1 1_1 fusion-flex-column\"><div class=\"fusion-column-wrapper fusion-flex-justify-content-flex-start fusion-content-layout-column\" style=\"background-position:left top;background-repeat:no-repeat;-webkit-background-size:cover;-moz-background-size:cover;-o-background-size:cover;background-size:cover;padding: 0px 0px 0px 0px;\"><\/div><style type=\"text\/css\">.fusion-body .fusion-builder-column-5{width:100% !important;margin-top : 20px;margin-bottom : 20px;}.fusion-builder-column-5 > .fusion-column-wrapper {padding-top : 0px !important;padding-right : 0px !important;margin-right : 1.92%;padding-bottom : 0px !important;padding-left : 0px !important;margin-left : 1.92%;}@media only screen and (max-width:1200px) {.fusion-body .fusion-builder-column-5{width:100% !important;order : 0;}.fusion-builder-column-5 > .fusion-column-wrapper {margin-right : 1.92%;margin-left : 1.92%;}}@media only screen and (max-width:640px) {.fusion-body .fusion-builder-column-5{width:100% !important;order : 0;}.fusion-builder-column-5 > .fusion-column-wrapper {margin-right : 1.92%;margin-left : 1.92%;}}<\/style><\/div><\/div><style type=\"text\/css\">.fusion-body .fusion-flex-container.fusion-builder-row-1{ padding-top : 0px;margin-top : 0px;padding-right : 0px;padding-bottom : 0px;margin-bottom : 0px;padding-left : 0px;}<\/style><\/div>\n","protected":false},"excerpt":{"rendered":"<p>Con motivo de la celebraci\u00f3n del D\u00eda del Programador Inform\u00e1tico y de la Programadora Inform\u00e1tica, Plexus Tech ha puesto en valor el trabajo de sus equipos<\/p>\n","protected":false},"author":1,"featured_media":34894,"comment_status":"open","ping_status":"open","sticky":false,"template":"","format":"standard","meta":[],"categories":[109,45,105],"tags":[],"yoast_head":"<!-- This site is optimized with the Yoast SEO plugin v17.4 - https:\/\/yoast.com\/wordpress\/plugins\/seo\/ -->\n<title>Celebramos el D\u00eda del Programador con nuestras programadoras\/os<\/title>\n<meta name=\"description\" content=\"Con motivo de la celebraci\u00f3n del D\u00eda del Programador Inform\u00e1tico, Plexus Tech ha puesto en valor el trabajo de sus equipos\" \/>\n<meta name=\"robots\" content=\"index, follow, max-snippet:-1, max-image-preview:large, max-video-preview:-1\" \/>\n<link rel=\"canonical\" href=\"https:\/\/www.plexus.es\/celebramos-dia-del-programador-nuestras-programadoras-informaticas\/\" \/>\n<meta property=\"og:locale\" content=\"de_DE\" \/>\n<meta property=\"og:type\" content=\"article\" \/>\n<meta property=\"og:title\" content=\"Celebramos el D\u00eda del Programador con nuestras programadoras\/os\" \/>\n<meta property=\"og:description\" content=\"Con motivo de la celebraci\u00f3n del D\u00eda del Programador Inform\u00e1tico, Plexus Tech ha puesto en valor el trabajo de sus equipos\" \/>\n<meta property=\"og:url\" content=\"https:\/\/www.plexus.es\/celebramos-dia-del-programador-nuestras-programadoras-informaticas\/\" \/>\n<meta property=\"og:site_name\" content=\"Plexus Tech\" \/>\n<meta property=\"article:publisher\" content=\"https:\/\/www.facebook.com\/Plexus.Techno\" \/>\n<meta property=\"article:published_time\" content=\"2023-09-13T11:48:15+00:00\" \/>\n<meta property=\"article:modified_time\" content=\"2024-05-22T13:48:28+00:00\" \/>\n<meta property=\"og:image\" content=\"https:\/\/www.plexus.es\/wp-content\/uploads\/2023\/09\/230925_Dia_del_Programador-Belen-olives.png\" \/>\n\t<meta property=\"og:image:width\" content=\"949\" \/>\n\t<meta property=\"og:image:height\" content=\"601\" \/>\n<meta name=\"twitter:card\" content=\"summary_large_image\" \/>\n<meta name=\"twitter:creator\" content=\"@plexustech_\" \/>\n<meta name=\"twitter:site\" content=\"@plexustech_\" \/>\n<meta name=\"twitter:label1\" content=\"Verfasst von\" \/>\n\t<meta name=\"twitter:data1\" content=\"admin_plexus\" \/>\n\t<meta name=\"twitter:label2\" content=\"Gesch\u00e4tzte Lesezeit\" \/>\n\t<meta name=\"twitter:data2\" content=\"8 Minuten\" \/>\n<script type=\"application\/ld+json\" class=\"yoast-schema-graph\">{\"@context\":\"https:\/\/schema.org\",\"@graph\":[{\"@type\":\"Organization\",\"@id\":\"https:\/\/www.plexus.es\/#organization\",\"name\":\"Plexus Tech\",\"url\":\"https:\/\/www.plexus.es\/\",\"sameAs\":[\"https:\/\/www.facebook.com\/Plexus.Techno\",\"https:\/\/www.instagram.com\/plexus.tech\/\",\"https:\/\/www.linkedin.com\/company\/plexus-tech\/mycompany\/\",\"https:\/\/www.youtube.com\/user\/tecnologiasplexus\",\"https:\/\/twitter.com\/plexustech_\"],\"logo\":{\"@type\":\"ImageObject\",\"@id\":\"https:\/\/www.plexus.es\/#logo\",\"inLanguage\":\"de-DE\",\"url\":\"https:\/\/www.plexus.es\/wp-content\/uploads\/2021\/11\/logo-plexus-2021.png\",\"contentUrl\":\"https:\/\/www.plexus.es\/wp-content\/uploads\/2021\/11\/logo-plexus-2021.png\",\"width\":600,\"height\":600,\"caption\":\"Plexus Tech\"},\"image\":{\"@id\":\"https:\/\/www.plexus.es\/#logo\"}},{\"@type\":\"WebSite\",\"@id\":\"https:\/\/www.plexus.es\/#website\",\"url\":\"https:\/\/www.plexus.es\/\",\"name\":\"Plexus Tech\",\"description\":\"Tecnolog\\u00eda con Alma\",\"publisher\":{\"@id\":\"https:\/\/www.plexus.es\/#organization\"},\"potentialAction\":[{\"@type\":\"SearchAction\",\"target\":{\"@type\":\"EntryPoint\",\"urlTemplate\":\"https:\/\/www.plexus.es\/?s={search_term_string}\"},\"query-input\":\"required name=search_term_string\"}],\"inLanguage\":\"de-DE\"},{\"@type\":\"ImageObject\",\"@id\":\"https:\/\/www.plexus.es\/celebramos-dia-del-programador-nuestras-programadoras-informaticas\/#primaryimage\",\"inLanguage\":\"de-DE\",\"url\":\"https:\/\/www.plexus.es\/wp-content\/uploads\/2023\/09\/230925_Dia_del_Programador-Belen-olives.png\",\"contentUrl\":\"https:\/\/www.plexus.es\/wp-content\/uploads\/2023\/09\/230925_Dia_del_Programador-Belen-olives.png\",\"width\":949,\"height\":601,\"caption\":\"D\\u00eda del Programador. Bel\\u00e9n Olives, desarrolladora de Software para Plexus Tech\"},{\"@type\":\"WebPage\",\"@id\":\"https:\/\/www.plexus.es\/celebramos-dia-del-programador-nuestras-programadoras-informaticas\/#webpage\",\"url\":\"https:\/\/www.plexus.es\/celebramos-dia-del-programador-nuestras-programadoras-informaticas\/\",\"name\":\"Celebramos el D\\u00eda del Programador con nuestras programadoras\/os\",\"isPartOf\":{\"@id\":\"https:\/\/www.plexus.es\/#website\"},\"primaryImageOfPage\":{\"@id\":\"https:\/\/www.plexus.es\/celebramos-dia-del-programador-nuestras-programadoras-informaticas\/#primaryimage\"},\"datePublished\":\"2023-09-13T11:48:15+00:00\",\"dateModified\":\"2024-05-22T13:48:28+00:00\",\"description\":\"Con motivo de la celebraci\\u00f3n del D\\u00eda del Programador Inform\\u00e1tico, Plexus Tech ha puesto en valor el trabajo de sus equipos\",\"breadcrumb\":{\"@id\":\"https:\/\/www.plexus.es\/celebramos-dia-del-programador-nuestras-programadoras-informaticas\/#breadcrumb\"},\"inLanguage\":\"de-DE\",\"potentialAction\":[{\"@type\":\"ReadAction\",\"target\":[\"https:\/\/www.plexus.es\/celebramos-dia-del-programador-nuestras-programadoras-informaticas\/\"]}]},{\"@type\":\"BreadcrumbList\",\"@id\":\"https:\/\/www.plexus.es\/celebramos-dia-del-programador-nuestras-programadoras-informaticas\/#breadcrumb\",\"itemListElement\":[{\"@type\":\"ListItem\",\"position\":1,\"name\":\"Home\",\"item\":\"https:\/\/www.plexus.es\/\"},{\"@type\":\"ListItem\",\"position\":2,\"name\":\"Homenaje a nuestros programadoras\/es en el D\\u00eda del Programador\"}]},{\"@type\":\"Article\",\"@id\":\"https:\/\/www.plexus.es\/celebramos-dia-del-programador-nuestras-programadoras-informaticas\/#article\",\"isPartOf\":{\"@id\":\"https:\/\/www.plexus.es\/celebramos-dia-del-programador-nuestras-programadoras-informaticas\/#webpage\"},\"author\":{\"@id\":\"https:\/\/www.plexus.es\/#\/schema\/person\/8f02d5ce6d7b659fa68b0e90317c5171\"},\"headline\":\"Homenaje a nuestros programadoras\/es en el D\\u00eda del Programador\",\"datePublished\":\"2023-09-13T11:48:15+00:00\",\"dateModified\":\"2024-05-22T13:48:28+00:00\",\"mainEntityOfPage\":{\"@id\":\"https:\/\/www.plexus.es\/celebramos-dia-del-programador-nuestras-programadoras-informaticas\/#webpage\"},\"wordCount\":3294,\"commentCount\":0,\"publisher\":{\"@id\":\"https:\/\/www.plexus.es\/#organization\"},\"image\":{\"@id\":\"https:\/\/www.plexus.es\/celebramos-dia-del-programador-nuestras-programadoras-informaticas\/#primaryimage\"},\"thumbnailUrl\":\"https:\/\/www.plexus.es\/wp-content\/uploads\/2023\/09\/230925_Dia_del_Programador-Belen-olives.png\",\"articleSection\":[\"Compromiso\",\"Talento\",\"Tech&amp;Innovaci\\u00f3n\"],\"inLanguage\":\"de-DE\",\"potentialAction\":[{\"@type\":\"CommentAction\",\"name\":\"Comment\",\"target\":[\"https:\/\/www.plexus.es\/celebramos-dia-del-programador-nuestras-programadoras-informaticas\/#respond\"]}]},{\"@type\":\"Person\",\"@id\":\"https:\/\/www.plexus.es\/#\/schema\/person\/8f02d5ce6d7b659fa68b0e90317c5171\",\"name\":\"admin_plexus\",\"image\":{\"@type\":\"ImageObject\",\"@id\":\"https:\/\/www.plexus.es\/#personlogo\",\"inLanguage\":\"de-DE\",\"url\":\"https:\/\/secure.gravatar.com\/avatar\/c1d7caf9a4063a74393abcf91991e9cd?s=96&d=mm&r=g\",\"contentUrl\":\"https:\/\/secure.gravatar.com\/avatar\/c1d7caf9a4063a74393abcf91991e9cd?s=96&d=mm&r=g\",\"caption\":\"admin_plexus\"},\"sameAs\":[\"https:\/\/www.plexus.es\"]}]}<\/script>\n<!-- \/ Yoast SEO plugin. -->","yoast_head_json":{"title":"Celebramos el D\u00eda del Programador con nuestras programadoras\/os","description":"Con motivo de la celebraci\u00f3n del D\u00eda del Programador Inform\u00e1tico, Plexus Tech ha puesto en valor el trabajo de sus equipos","robots":{"index":"index","follow":"follow","max-snippet":"max-snippet:-1","max-image-preview":"max-image-preview:large","max-video-preview":"max-video-preview:-1"},"canonical":"https:\/\/www.plexus.es\/celebramos-dia-del-programador-nuestras-programadoras-informaticas\/","og_locale":"de_DE","og_type":"article","og_title":"Celebramos el D\u00eda del Programador con nuestras programadoras\/os","og_description":"Con motivo de la celebraci\u00f3n del D\u00eda del Programador Inform\u00e1tico, Plexus Tech ha puesto en valor el trabajo de sus equipos","og_url":"https:\/\/www.plexus.es\/celebramos-dia-del-programador-nuestras-programadoras-informaticas\/","og_site_name":"Plexus Tech","article_publisher":"https:\/\/www.facebook.com\/Plexus.Techno","article_published_time":"2023-09-13T11:48:15+00:00","article_modified_time":"2024-05-22T13:48:28+00:00","og_image":[{"width":949,"height":601,"url":"https:\/\/www.plexus.es\/wp-content\/uploads\/2023\/09\/230925_Dia_del_Programador-Belen-olives.png","type":"image\/png"}],"twitter_card":"summary_large_image","twitter_creator":"@plexustech_","twitter_site":"@plexustech_","twitter_misc":{"Verfasst von":"admin_plexus","Gesch\u00e4tzte Lesezeit":"8 Minuten"},"schema":{"@context":"https:\/\/schema.org","@graph":[{"@type":"Organization","@id":"https:\/\/www.plexus.es\/#organization","name":"Plexus Tech","url":"https:\/\/www.plexus.es\/","sameAs":["https:\/\/www.facebook.com\/Plexus.Techno","https:\/\/www.instagram.com\/plexus.tech\/","https:\/\/www.linkedin.com\/company\/plexus-tech\/mycompany\/","https:\/\/www.youtube.com\/user\/tecnologiasplexus","https:\/\/twitter.com\/plexustech_"],"logo":{"@type":"ImageObject","@id":"https:\/\/www.plexus.es\/#logo","inLanguage":"de-DE","url":"https:\/\/www.plexus.es\/wp-content\/uploads\/2021\/11\/logo-plexus-2021.png","contentUrl":"https:\/\/www.plexus.es\/wp-content\/uploads\/2021\/11\/logo-plexus-2021.png","width":600,"height":600,"caption":"Plexus Tech"},"image":{"@id":"https:\/\/www.plexus.es\/#logo"}},{"@type":"WebSite","@id":"https:\/\/www.plexus.es\/#website","url":"https:\/\/www.plexus.es\/","name":"Plexus Tech","description":"Tecnolog\u00eda con Alma","publisher":{"@id":"https:\/\/www.plexus.es\/#organization"},"potentialAction":[{"@type":"SearchAction","target":{"@type":"EntryPoint","urlTemplate":"https:\/\/www.plexus.es\/?s={search_term_string}"},"query-input":"required name=search_term_string"}],"inLanguage":"de-DE"},{"@type":"ImageObject","@id":"https:\/\/www.plexus.es\/celebramos-dia-del-programador-nuestras-programadoras-informaticas\/#primaryimage","inLanguage":"de-DE","url":"https:\/\/www.plexus.es\/wp-content\/uploads\/2023\/09\/230925_Dia_del_Programador-Belen-olives.png","contentUrl":"https:\/\/www.plexus.es\/wp-content\/uploads\/2023\/09\/230925_Dia_del_Programador-Belen-olives.png","width":949,"height":601,"caption":"D\u00eda del Programador. Bel\u00e9n Olives, desarrolladora de Software para Plexus Tech"},{"@type":"WebPage","@id":"https:\/\/www.plexus.es\/celebramos-dia-del-programador-nuestras-programadoras-informaticas\/#webpage","url":"https:\/\/www.plexus.es\/celebramos-dia-del-programador-nuestras-programadoras-informaticas\/","name":"Celebramos el D\u00eda del Programador con nuestras programadoras\/os","isPartOf":{"@id":"https:\/\/www.plexus.es\/#website"},"primaryImageOfPage":{"@id":"https:\/\/www.plexus.es\/celebramos-dia-del-programador-nuestras-programadoras-informaticas\/#primaryimage"},"datePublished":"2023-09-13T11:48:15+00:00","dateModified":"2024-05-22T13:48:28+00:00","description":"Con motivo de la celebraci\u00f3n del D\u00eda del Programador Inform\u00e1tico, Plexus Tech ha puesto en valor el trabajo de sus equipos","breadcrumb":{"@id":"https:\/\/www.plexus.es\/celebramos-dia-del-programador-nuestras-programadoras-informaticas\/#breadcrumb"},"inLanguage":"de-DE","potentialAction":[{"@type":"ReadAction","target":["https:\/\/www.plexus.es\/celebramos-dia-del-programador-nuestras-programadoras-informaticas\/"]}]},{"@type":"BreadcrumbList","@id":"https:\/\/www.plexus.es\/celebramos-dia-del-programador-nuestras-programadoras-informaticas\/#breadcrumb","itemListElement":[{"@type":"ListItem","position":1,"name":"Home","item":"https:\/\/www.plexus.es\/"},{"@type":"ListItem","position":2,"name":"Homenaje a nuestros programadoras\/es en el D\u00eda del Programador"}]},{"@type":"Article","@id":"https:\/\/www.plexus.es\/celebramos-dia-del-programador-nuestras-programadoras-informaticas\/#article","isPartOf":{"@id":"https:\/\/www.plexus.es\/celebramos-dia-del-programador-nuestras-programadoras-informaticas\/#webpage"},"author":{"@id":"https:\/\/www.plexus.es\/#\/schema\/person\/8f02d5ce6d7b659fa68b0e90317c5171"},"headline":"Homenaje a nuestros programadoras\/es en el D\u00eda del Programador","datePublished":"2023-09-13T11:48:15+00:00","dateModified":"2024-05-22T13:48:28+00:00","mainEntityOfPage":{"@id":"https:\/\/www.plexus.es\/celebramos-dia-del-programador-nuestras-programadoras-informaticas\/#webpage"},"wordCount":3294,"commentCount":0,"publisher":{"@id":"https:\/\/www.plexus.es\/#organization"},"image":{"@id":"https:\/\/www.plexus.es\/celebramos-dia-del-programador-nuestras-programadoras-informaticas\/#primaryimage"},"thumbnailUrl":"https:\/\/www.plexus.es\/wp-content\/uploads\/2023\/09\/230925_Dia_del_Programador-Belen-olives.png","articleSection":["Compromiso","Talento","Tech&amp;Innovaci\u00f3n"],"inLanguage":"de-DE","potentialAction":[{"@type":"CommentAction","name":"Comment","target":["https:\/\/www.plexus.es\/celebramos-dia-del-programador-nuestras-programadoras-informaticas\/#respond"]}]},{"@type":"Person","@id":"https:\/\/www.plexus.es\/#\/schema\/person\/8f02d5ce6d7b659fa68b0e90317c5171","name":"admin_plexus","image":{"@type":"ImageObject","@id":"https:\/\/www.plexus.es\/#personlogo","inLanguage":"de-DE","url":"https:\/\/secure.gravatar.com\/avatar\/c1d7caf9a4063a74393abcf91991e9cd?s=96&d=mm&r=g","contentUrl":"https:\/\/secure.gravatar.com\/avatar\/c1d7caf9a4063a74393abcf91991e9cd?s=96&d=mm&r=g","caption":"admin_plexus"},"sameAs":["https:\/\/www.plexus.es"]}]}},"_links":{"self":[{"href":"https:\/\/www.plexus.es\/de\/wp-json\/wp\/v2\/posts\/34851"}],"collection":[{"href":"https:\/\/www.plexus.es\/de\/wp-json\/wp\/v2\/posts"}],"about":[{"href":"https:\/\/www.plexus.es\/de\/wp-json\/wp\/v2\/types\/post"}],"author":[{"embeddable":true,"href":"https:\/\/www.plexus.es\/de\/wp-json\/wp\/v2\/users\/1"}],"replies":[{"embeddable":true,"href":"https:\/\/www.plexus.es\/de\/wp-json\/wp\/v2\/comments?post=34851"}],"version-history":[{"count":11,"href":"https:\/\/www.plexus.es\/de\/wp-json\/wp\/v2\/posts\/34851\/revisions"}],"predecessor-version":[{"id":42387,"href":"https:\/\/www.plexus.es\/de\/wp-json\/wp\/v2\/posts\/34851\/revisions\/42387"}],"wp:featuredmedia":[{"embeddable":true,"href":"https:\/\/www.plexus.es\/de\/wp-json\/wp\/v2\/media\/34894"}],"wp:attachment":[{"href":"https:\/\/www.plexus.es\/de\/wp-json\/wp\/v2\/media?parent=34851"}],"wp:term":[{"taxonomy":"category","embeddable":true,"href":"https:\/\/www.plexus.es\/de\/wp-json\/wp\/v2\/categories?post=34851"},{"taxonomy":"post_tag","embeddable":true,"href":"https:\/\/www.plexus.es\/de\/wp-json\/wp\/v2\/tags?post=34851"}],"curies":[{"name":"wp","href":"https:\/\/api.w.org\/{rel}","templated":true}]}}