{"id":3762,"date":"2021-10-26T07:55:19","date_gmt":"2021-10-26T05:55:19","guid":{"rendered":"https:\/\/www.plexus.es\/?p=3762"},"modified":"2024-04-18T14:23:03","modified_gmt":"2024-04-18T12:23:03","slug":"plexus-commercetools-solucion-ecommerce-integrado","status":"publish","type":"post","link":"https:\/\/www.plexus.es\/de\/plexus-commercetools-solucion-ecommerce-integrado\/","title":{"rendered":"Plexus Tech y commercetools, nueva alianza estrat\u00e9gica"},"content":{"rendered":"<div class=\"fusion-fullwidth fullwidth-box fusion-builder-row-1 fusion-flex-container nonhundred-percent-fullwidth non-hundred-percent-height-scrolling\" style=\"background-color: rgba(255,255,255,0);background-position: center center;background-repeat: no-repeat;border-width: 0px 0px 0px 0px;border-color:#e8ebef;border-style:solid;\" ><div class=\"fusion-builder-row fusion-row fusion-flex-align-items-flex-start\" style=\"max-width:1310.4px;margin-left: calc(-4% \/ 2 );margin-right: calc(-4% \/ 2 );\"><div class=\"fusion-layout-column fusion_builder_column fusion-builder-column-0 fusion_builder_column_1_2 1_2 fusion-flex-column\"><div class=\"fusion-column-wrapper fusion-flex-justify-content-flex-start fusion-content-layout-column\" style=\"background-position:left top;background-repeat:no-repeat;-webkit-background-size:cover;-moz-background-size:cover;-o-background-size:cover;background-size:cover;padding: 0px 0px 0px 0px;\"><div class=\"fusion-text fusion-text-1\"><p style=\"text-align: left;\"><span style=\"font-weight: normal;\"><b>Pexus Tech<\/b> ha anunciado una nueva alianza con <b>commercetools<\/b>, con este acuerdo la compa\u00f1\u00eda persigue avanzar en soluciones de comercio integrado para sus clientes.<\/span><\/p>\n<p><span style=\"font-weight: normal;\">Commercetools es una <b><a href=\"https:\/\/commercetools.com\/\" target=\"_blank\" rel=\"noopener\">plataforma digital de soluciones<\/a> de <a href=\"https:\/\/www.plexus.es\/productos\/dennaria-plataforma-servicios-pago-criptomonedas\/\" target=\"_blank\" rel=\"noopener\">eCommerce<\/a> basadas en los principios MACH <\/b>(Microservicios, APIS, Cloud-native y Headless) y comercio compuesto. Esta plataforma permite a las empresas disponer de un eCommerce integrado con otras soluciones y con otros desarollos web ya existente<\/span>s.<\/p>\n<\/div><\/div><style type=\"text\/css\">.fusion-body .fusion-builder-column-0{width:50% !important;margin-top : 0px;margin-bottom : 0px;}.fusion-builder-column-0 > .fusion-column-wrapper {padding-top : 0px !important;padding-right : 0px !important;margin-right : 3.84%;padding-bottom : 0px !important;padding-left : 0px !important;margin-left : 3.84%;}@media only screen and (max-width:1200px) {.fusion-body .fusion-builder-column-0{width:50% !important;}.fusion-builder-column-0 > .fusion-column-wrapper {margin-right : 3.84%;margin-left : 3.84%;}}@media only screen and (max-width:640px) {.fusion-body .fusion-builder-column-0{width:100% !important;}.fusion-builder-column-0 > .fusion-column-wrapper {margin-right : 1.92%;margin-left : 1.92%;}}<\/style><\/div><div class=\"fusion-layout-column fusion_builder_column fusion-builder-column-1 fusion_builder_column_1_2 1_2 fusion-flex-column\"><div class=\"fusion-column-wrapper fusion-flex-justify-content-flex-start fusion-content-layout-column\" style=\"background-position:left top;background-repeat:no-repeat;-webkit-background-size:cover;-moz-background-size:cover;-o-background-size:cover;background-size:cover;padding: 0px 0px 0px 0px;\"><div ><span class=\" fusion-imageframe imageframe-none imageframe-1 hover-type-none\" style=\"border-radius:12px;\"><img width=\"1024\" height=\"439\" alt=\"Oficinas de commercetools\" src=\"data:image\/svg+xml,%3Csvg%20xmlns%3D%27http%3A%2F%2Fwww.w3.org%2F2000%2Fsvg%27%20width%3D%27843%27%20height%3D%27598%27%20viewBox%3D%270%200%20843%20598%27%3E%3Crect%20width%3D%27843%27%20height%3D%27598%27%20fill-opacity%3D%220%22%2F%3E%3C%2Fsvg%3E\" data-orig-src=\"https:\/\/www.plexus.es\/wp-content\/uploads\/2021\/10\/FOTO-DE-CABECERA-EcN-1-1-1024x439.png\" class=\"lazyload img-responsive wp-image-23040\"\/><\/span><\/div><\/div><style type=\"text\/css\">.fusion-body .fusion-builder-column-1{width:50% !important;margin-top : 20px;margin-bottom : 20px;}.fusion-builder-column-1 > .fusion-column-wrapper {padding-top : 0px !important;padding-right : 0px !important;margin-right : 3.84%;padding-bottom : 0px !important;padding-left : 0px !important;margin-left : 3.84%;}@media only screen and (max-width:1200px) {.fusion-body .fusion-builder-column-1{width:50% !important;order : 0;}.fusion-builder-column-1 > .fusion-column-wrapper {margin-right : 3.84%;margin-left : 3.84%;}}@media only screen and (max-width:640px) {.fusion-body .fusion-builder-column-1{width:100% !important;order : 0;}.fusion-builder-column-1 > .fusion-column-wrapper {margin-right : 1.92%;margin-left : 1.92%;}}<\/style><\/div><\/div><style type=\"text\/css\">.fusion-body .fusion-flex-container.fusion-builder-row-1{ padding-top : 0px;margin-top : 0px;padding-right : 0px;padding-bottom : 0px;margin-bottom : 0px;padding-left : 0px;}<\/style><\/div>\n","protected":false},"excerpt":{"rendered":"<p>La alianza con la plataforma digital nutrir\u00e1 los servicios de eCommerce integrado de la compa\u00f1\u00eda. <\/p>\n","protected":false},"author":1,"featured_media":4053,"comment_status":"open","ping_status":"open","sticky":false,"template":"","format":"standard","meta":[],"categories":[105],"tags":[],"yoast_head":"<!-- This site is optimized with the Yoast SEO plugin v17.4 - https:\/\/yoast.com\/wordpress\/plugins\/seo\/ -->\n<title>Plexus Tech y commercetools, nueva alianza estrat\u00e9gica<\/title>\n<meta name=\"description\" content=\"La alianza con commercetools, plataforma digital basada en principios MACH y comercio compuesto nutrir\u00e1 los eCommerce integrados de Plexus\" \/>\n<meta name=\"robots\" content=\"index, follow, max-snippet:-1, max-image-preview:large, max-video-preview:-1\" \/>\n<link rel=\"canonical\" href=\"https:\/\/www.plexus.es\/plexus-commercetools-solucion-ecommerce-integrado\/\" \/>\n<meta property=\"og:locale\" content=\"de_DE\" \/>\n<meta property=\"og:type\" content=\"article\" \/>\n<meta property=\"og:title\" content=\"Plexus Tech y commercetools, nueva alianza estrat\u00e9gica\" \/>\n<meta property=\"og:description\" content=\"La alianza con commercetools, plataforma digital basada en principios MACH y comercio compuesto nutrir\u00e1 los eCommerce integrados de Plexus\" \/>\n<meta property=\"og:url\" content=\"https:\/\/www.plexus.es\/plexus-commercetools-solucion-ecommerce-integrado\/\" \/>\n<meta property=\"og:site_name\" content=\"Plexus Tech\" \/>\n<meta property=\"article:publisher\" content=\"https:\/\/www.facebook.com\/Plexus.Techno\" \/>\n<meta property=\"article:published_time\" content=\"2021-10-26T05:55:19+00:00\" \/>\n<meta property=\"article:modified_time\" content=\"2024-04-18T12:23:03+00:00\" \/>\n<meta property=\"og:image\" content=\"https:\/\/www.plexus.es\/wp-content\/uploads\/2021\/10\/grafica_partners_2040x1440_150_dpi-scaled.jpg\" \/>\n\t<meta property=\"og:image:width\" content=\"2560\" \/>\n\t<meta property=\"og:image:height\" content=\"1807\" \/>\n<meta name=\"twitter:card\" content=\"summary_large_image\" \/>\n<meta name=\"twitter:creator\" content=\"@plexustech_\" \/>\n<meta name=\"twitter:site\" content=\"@plexustech_\" \/>\n<meta name=\"twitter:label1\" content=\"Verfasst von\" \/>\n\t<meta name=\"twitter:data1\" content=\"admin_plexus\" \/>\n\t<meta name=\"twitter:label2\" content=\"Gesch\u00e4tzte Lesezeit\" \/>\n\t<meta name=\"twitter:data2\" content=\"3 Minuten\" \/>\n<script type=\"application\/ld+json\" class=\"yoast-schema-graph\">{\"@context\":\"https:\/\/schema.org\",\"@graph\":[{\"@type\":\"Organization\",\"@id\":\"https:\/\/www.plexus.es\/#organization\",\"name\":\"Plexus Tech\",\"url\":\"https:\/\/www.plexus.es\/\",\"sameAs\":[\"https:\/\/www.facebook.com\/Plexus.Techno\",\"https:\/\/www.instagram.com\/plexus.tech\/\",\"https:\/\/www.linkedin.com\/company\/plexus-tech\/mycompany\/\",\"https:\/\/www.youtube.com\/user\/tecnologiasplexus\",\"https:\/\/twitter.com\/plexustech_\"],\"logo\":{\"@type\":\"ImageObject\",\"@id\":\"https:\/\/www.plexus.es\/#logo\",\"inLanguage\":\"de-DE\",\"url\":\"https:\/\/www.plexus.es\/wp-content\/uploads\/2021\/11\/logo-plexus-2021.png\",\"contentUrl\":\"https:\/\/www.plexus.es\/wp-content\/uploads\/2021\/11\/logo-plexus-2021.png\",\"width\":600,\"height\":600,\"caption\":\"Plexus Tech\"},\"image\":{\"@id\":\"https:\/\/www.plexus.es\/#logo\"}},{\"@type\":\"WebSite\",\"@id\":\"https:\/\/www.plexus.es\/#website\",\"url\":\"https:\/\/www.plexus.es\/\",\"name\":\"Plexus Tech\",\"description\":\"Tecnolog\\u00eda con Alma\",\"publisher\":{\"@id\":\"https:\/\/www.plexus.es\/#organization\"},\"potentialAction\":[{\"@type\":\"SearchAction\",\"target\":{\"@type\":\"EntryPoint\",\"urlTemplate\":\"https:\/\/www.plexus.es\/?s={search_term_string}\"},\"query-input\":\"required name=search_term_string\"}],\"inLanguage\":\"de-DE\"},{\"@type\":\"ImageObject\",\"@id\":\"https:\/\/www.plexus.es\/plexus-commercetools-solucion-ecommerce-integrado\/#primaryimage\",\"inLanguage\":\"de-DE\",\"url\":\"https:\/\/www.plexus.es\/wp-content\/uploads\/2021\/10\/grafica_partners_2040x1440_150_dpi-scaled.jpg\",\"contentUrl\":\"https:\/\/www.plexus.es\/wp-content\/uploads\/2021\/10\/grafica_partners_2040x1440_150_dpi-scaled.jpg\",\"width\":2560,\"height\":1807,\"caption\":\"Alianza estrat\\u00e9gica Plexus Tech y commercetools\"},{\"@type\":\"WebPage\",\"@id\":\"https:\/\/www.plexus.es\/plexus-commercetools-solucion-ecommerce-integrado\/#webpage\",\"url\":\"https:\/\/www.plexus.es\/plexus-commercetools-solucion-ecommerce-integrado\/\",\"name\":\"Plexus Tech y commercetools, nueva alianza estrat\\u00e9gica\",\"isPartOf\":{\"@id\":\"https:\/\/www.plexus.es\/#website\"},\"primaryImageOfPage\":{\"@id\":\"https:\/\/www.plexus.es\/plexus-commercetools-solucion-ecommerce-integrado\/#primaryimage\"},\"datePublished\":\"2021-10-26T05:55:19+00:00\",\"dateModified\":\"2024-04-18T12:23:03+00:00\",\"description\":\"La alianza con commercetools, plataforma digital basada en principios MACH y comercio compuesto nutrir\\u00e1 los eCommerce integrados de Plexus\",\"breadcrumb\":{\"@id\":\"https:\/\/www.plexus.es\/plexus-commercetools-solucion-ecommerce-integrado\/#breadcrumb\"},\"inLanguage\":\"de-DE\",\"potentialAction\":[{\"@type\":\"ReadAction\",\"target\":[\"https:\/\/www.plexus.es\/plexus-commercetools-solucion-ecommerce-integrado\/\"]}]},{\"@type\":\"BreadcrumbList\",\"@id\":\"https:\/\/www.plexus.es\/plexus-commercetools-solucion-ecommerce-integrado\/#breadcrumb\",\"itemListElement\":[{\"@type\":\"ListItem\",\"position\":1,\"name\":\"Home\",\"item\":\"https:\/\/www.plexus.es\/\"},{\"@type\":\"ListItem\",\"position\":2,\"name\":\"Plexus Tech y commercetools, nueva alianza estrat\\u00e9gica\"}]},{\"@type\":\"Article\",\"@id\":\"https:\/\/www.plexus.es\/plexus-commercetools-solucion-ecommerce-integrado\/#article\",\"isPartOf\":{\"@id\":\"https:\/\/www.plexus.es\/plexus-commercetools-solucion-ecommerce-integrado\/#webpage\"},\"author\":{\"@id\":\"https:\/\/www.plexus.es\/#\/schema\/person\/8f02d5ce6d7b659fa68b0e90317c5171\"},\"headline\":\"Plexus Tech y commercetools, nueva alianza estrat\\u00e9gica\",\"datePublished\":\"2021-10-26T05:55:19+00:00\",\"dateModified\":\"2024-04-18T12:23:03+00:00\",\"mainEntityOfPage\":{\"@id\":\"https:\/\/www.plexus.es\/plexus-commercetools-solucion-ecommerce-integrado\/#webpage\"},\"wordCount\":691,\"commentCount\":0,\"publisher\":{\"@id\":\"https:\/\/www.plexus.es\/#organization\"},\"image\":{\"@id\":\"https:\/\/www.plexus.es\/plexus-commercetools-solucion-ecommerce-integrado\/#primaryimage\"},\"thumbnailUrl\":\"https:\/\/www.plexus.es\/wp-content\/uploads\/2021\/10\/grafica_partners_2040x1440_150_dpi-scaled.jpg\",\"articleSection\":[\"Tech&amp;Innovaci\\u00f3n\"],\"inLanguage\":\"de-DE\",\"potentialAction\":[{\"@type\":\"CommentAction\",\"name\":\"Comment\",\"target\":[\"https:\/\/www.plexus.es\/plexus-commercetools-solucion-ecommerce-integrado\/#respond\"]}]},{\"@type\":\"Person\",\"@id\":\"https:\/\/www.plexus.es\/#\/schema\/person\/8f02d5ce6d7b659fa68b0e90317c5171\",\"name\":\"admin_plexus\",\"image\":{\"@type\":\"ImageObject\",\"@id\":\"https:\/\/www.plexus.es\/#personlogo\",\"inLanguage\":\"de-DE\",\"url\":\"https:\/\/secure.gravatar.com\/avatar\/c1d7caf9a4063a74393abcf91991e9cd?s=96&d=mm&r=g\",\"contentUrl\":\"https:\/\/secure.gravatar.com\/avatar\/c1d7caf9a4063a74393abcf91991e9cd?s=96&d=mm&r=g\",\"caption\":\"admin_plexus\"},\"sameAs\":[\"https:\/\/www.plexus.es\"]}]}<\/script>\n<!-- \/ Yoast SEO plugin. -->","yoast_head_json":{"title":"Plexus Tech y commercetools, nueva alianza estrat\u00e9gica","description":"La alianza con commercetools, plataforma digital basada en principios MACH y comercio compuesto nutrir\u00e1 los eCommerce integrados de Plexus","robots":{"index":"index","follow":"follow","max-snippet":"max-snippet:-1","max-image-preview":"max-image-preview:large","max-video-preview":"max-video-preview:-1"},"canonical":"https:\/\/www.plexus.es\/plexus-commercetools-solucion-ecommerce-integrado\/","og_locale":"de_DE","og_type":"article","og_title":"Plexus Tech y commercetools, nueva alianza estrat\u00e9gica","og_description":"La alianza con commercetools, plataforma digital basada en principios MACH y comercio compuesto nutrir\u00e1 los eCommerce integrados de Plexus","og_url":"https:\/\/www.plexus.es\/plexus-commercetools-solucion-ecommerce-integrado\/","og_site_name":"Plexus Tech","article_publisher":"https:\/\/www.facebook.com\/Plexus.Techno","article_published_time":"2021-10-26T05:55:19+00:00","article_modified_time":"2024-04-18T12:23:03+00:00","og_image":[{"width":2560,"height":1807,"url":"https:\/\/www.plexus.es\/wp-content\/uploads\/2021\/10\/grafica_partners_2040x1440_150_dpi-scaled.jpg","type":"image\/jpeg"}],"twitter_card":"summary_large_image","twitter_creator":"@plexustech_","twitter_site":"@plexustech_","twitter_misc":{"Verfasst von":"admin_plexus","Gesch\u00e4tzte Lesezeit":"3 Minuten"},"schema":{"@context":"https:\/\/schema.org","@graph":[{"@type":"Organization","@id":"https:\/\/www.plexus.es\/#organization","name":"Plexus Tech","url":"https:\/\/www.plexus.es\/","sameAs":["https:\/\/www.facebook.com\/Plexus.Techno","https:\/\/www.instagram.com\/plexus.tech\/","https:\/\/www.linkedin.com\/company\/plexus-tech\/mycompany\/","https:\/\/www.youtube.com\/user\/tecnologiasplexus","https:\/\/twitter.com\/plexustech_"],"logo":{"@type":"ImageObject","@id":"https:\/\/www.plexus.es\/#logo","inLanguage":"de-DE","url":"https:\/\/www.plexus.es\/wp-content\/uploads\/2021\/11\/logo-plexus-2021.png","contentUrl":"https:\/\/www.plexus.es\/wp-content\/uploads\/2021\/11\/logo-plexus-2021.png","width":600,"height":600,"caption":"Plexus Tech"},"image":{"@id":"https:\/\/www.plexus.es\/#logo"}},{"@type":"WebSite","@id":"https:\/\/www.plexus.es\/#website","url":"https:\/\/www.plexus.es\/","name":"Plexus Tech","description":"Tecnolog\u00eda con Alma","publisher":{"@id":"https:\/\/www.plexus.es\/#organization"},"potentialAction":[{"@type":"SearchAction","target":{"@type":"EntryPoint","urlTemplate":"https:\/\/www.plexus.es\/?s={search_term_string}"},"query-input":"required name=search_term_string"}],"inLanguage":"de-DE"},{"@type":"ImageObject","@id":"https:\/\/www.plexus.es\/plexus-commercetools-solucion-ecommerce-integrado\/#primaryimage","inLanguage":"de-DE","url":"https:\/\/www.plexus.es\/wp-content\/uploads\/2021\/10\/grafica_partners_2040x1440_150_dpi-scaled.jpg","contentUrl":"https:\/\/www.plexus.es\/wp-content\/uploads\/2021\/10\/grafica_partners_2040x1440_150_dpi-scaled.jpg","width":2560,"height":1807,"caption":"Alianza estrat\u00e9gica Plexus Tech y commercetools"},{"@type":"WebPage","@id":"https:\/\/www.plexus.es\/plexus-commercetools-solucion-ecommerce-integrado\/#webpage","url":"https:\/\/www.plexus.es\/plexus-commercetools-solucion-ecommerce-integrado\/","name":"Plexus Tech y commercetools, nueva alianza estrat\u00e9gica","isPartOf":{"@id":"https:\/\/www.plexus.es\/#website"},"primaryImageOfPage":{"@id":"https:\/\/www.plexus.es\/plexus-commercetools-solucion-ecommerce-integrado\/#primaryimage"},"datePublished":"2021-10-26T05:55:19+00:00","dateModified":"2024-04-18T12:23:03+00:00","description":"La alianza con commercetools, plataforma digital basada en principios MACH y comercio compuesto nutrir\u00e1 los eCommerce integrados de Plexus","breadcrumb":{"@id":"https:\/\/www.plexus.es\/plexus-commercetools-solucion-ecommerce-integrado\/#breadcrumb"},"inLanguage":"de-DE","potentialAction":[{"@type":"ReadAction","target":["https:\/\/www.plexus.es\/plexus-commercetools-solucion-ecommerce-integrado\/"]}]},{"@type":"BreadcrumbList","@id":"https:\/\/www.plexus.es\/plexus-commercetools-solucion-ecommerce-integrado\/#breadcrumb","itemListElement":[{"@type":"ListItem","position":1,"name":"Home","item":"https:\/\/www.plexus.es\/"},{"@type":"ListItem","position":2,"name":"Plexus Tech y commercetools, nueva alianza estrat\u00e9gica"}]},{"@type":"Article","@id":"https:\/\/www.plexus.es\/plexus-commercetools-solucion-ecommerce-integrado\/#article","isPartOf":{"@id":"https:\/\/www.plexus.es\/plexus-commercetools-solucion-ecommerce-integrado\/#webpage"},"author":{"@id":"https:\/\/www.plexus.es\/#\/schema\/person\/8f02d5ce6d7b659fa68b0e90317c5171"},"headline":"Plexus Tech y commercetools, nueva alianza estrat\u00e9gica","datePublished":"2021-10-26T05:55:19+00:00","dateModified":"2024-04-18T12:23:03+00:00","mainEntityOfPage":{"@id":"https:\/\/www.plexus.es\/plexus-commercetools-solucion-ecommerce-integrado\/#webpage"},"wordCount":691,"commentCount":0,"publisher":{"@id":"https:\/\/www.plexus.es\/#organization"},"image":{"@id":"https:\/\/www.plexus.es\/plexus-commercetools-solucion-ecommerce-integrado\/#primaryimage"},"thumbnailUrl":"https:\/\/www.plexus.es\/wp-content\/uploads\/2021\/10\/grafica_partners_2040x1440_150_dpi-scaled.jpg","articleSection":["Tech&amp;Innovaci\u00f3n"],"inLanguage":"de-DE","potentialAction":[{"@type":"CommentAction","name":"Comment","target":["https:\/\/www.plexus.es\/plexus-commercetools-solucion-ecommerce-integrado\/#respond"]}]},{"@type":"Person","@id":"https:\/\/www.plexus.es\/#\/schema\/person\/8f02d5ce6d7b659fa68b0e90317c5171","name":"admin_plexus","image":{"@type":"ImageObject","@id":"https:\/\/www.plexus.es\/#personlogo","inLanguage":"de-DE","url":"https:\/\/secure.gravatar.com\/avatar\/c1d7caf9a4063a74393abcf91991e9cd?s=96&d=mm&r=g","contentUrl":"https:\/\/secure.gravatar.com\/avatar\/c1d7caf9a4063a74393abcf91991e9cd?s=96&d=mm&r=g","caption":"admin_plexus"},"sameAs":["https:\/\/www.plexus.es"]}]}},"_links":{"self":[{"href":"https:\/\/www.plexus.es\/de\/wp-json\/wp\/v2\/posts\/3762"}],"collection":[{"href":"https:\/\/www.plexus.es\/de\/wp-json\/wp\/v2\/posts"}],"about":[{"href":"https:\/\/www.plexus.es\/de\/wp-json\/wp\/v2\/types\/post"}],"author":[{"embeddable":true,"href":"https:\/\/www.plexus.es\/de\/wp-json\/wp\/v2\/users\/1"}],"replies":[{"embeddable":true,"href":"https:\/\/www.plexus.es\/de\/wp-json\/wp\/v2\/comments?post=3762"}],"version-history":[{"count":14,"href":"https:\/\/www.plexus.es\/de\/wp-json\/wp\/v2\/posts\/3762\/revisions"}],"predecessor-version":[{"id":37856,"href":"https:\/\/www.plexus.es\/de\/wp-json\/wp\/v2\/posts\/3762\/revisions\/37856"}],"wp:featuredmedia":[{"embeddable":true,"href":"https:\/\/www.plexus.es\/de\/wp-json\/wp\/v2\/media\/4053"}],"wp:attachment":[{"href":"https:\/\/www.plexus.es\/de\/wp-json\/wp\/v2\/media?parent=3762"}],"wp:term":[{"taxonomy":"category","embeddable":true,"href":"https:\/\/www.plexus.es\/de\/wp-json\/wp\/v2\/categories?post=3762"},{"taxonomy":"post_tag","embeddable":true,"href":"https:\/\/www.plexus.es\/de\/wp-json\/wp\/v2\/tags?post=3762"}],"curies":[{"name":"wp","href":"https:\/\/api.w.org\/{rel}","templated":true}]}}