{"id":44347,"date":"2024-08-16T13:07:02","date_gmt":"2024-08-16T11:07:02","guid":{"rendered":"https:\/\/www.plexus.es\/?p=44347"},"modified":"2024-10-03T13:21:22","modified_gmt":"2024-10-03T11:21:22","slug":"programa-contratacion-madrid-plexus","status":"publish","type":"post","link":"https:\/\/www.plexus.es\/de\/programa-contratacion-madrid-plexus\/","title":{"rendered":"Somos beneficiarios del programa que fomenta la contrataci\u00f3n en Madrid"},"content":{"rendered":"<div class=\"fusion-fullwidth fullwidth-box fusion-builder-row-1 fusion-flex-container container-detail-news plexus_css nonhundred-percent-fullwidth non-hundred-percent-height-scrolling\" style=\"background-color: rgba(255,255,255,0);background-position: center center;background-repeat: no-repeat;border-width: 0px 0px 0px 0px;border-color:#e8ebef;border-style:solid;\" ><div class=\"fusion-builder-row fusion-row fusion-flex-align-items-flex-start\" style=\"max-width:1310.4px;margin-left: calc(-4% \/ 2 );margin-right: calc(-4% \/ 2 );\"><div class=\"fusion-layout-column fusion_builder_column fusion-builder-column-0 fusion_builder_column_1_1 1_1 fusion-flex-column fusion-flex-align-self-stretch\"><div class=\"fusion-column-wrapper fusion-flex-justify-content-center fusion-content-layout-column\" style=\"background-position:left top;background-repeat:no-repeat;-webkit-background-size:cover;-moz-background-size:cover;-o-background-size:cover;background-size:cover;padding: 0px 0px 0px 0px;\"><div style=\"text-align:center;\"><span class=\" fusion-imageframe imageframe-none imageframe-1 hover-type-none\" style=\"border-radius:12px;margin-top:0px;margin-right:0px;margin-bottom:0px;margin-left:0px;\"><a class=\"fusion-no-lightbox\" href=\"https:\/\/www.linkedin.com\/posts\/plexus-tech_goodnews-gemelosdigitales-platgdia-activity-7146514515004735488-uBrB?utm_source=share&amp;utm_medium=member_desktop\" target=\"_self\" aria-label=\"Acuerdo Comunidad Madrid Plexus\"><img width=\"948\" height=\"600\" alt=\"Plexus Tech fomenta la contrataci\u00f3n en la Comunidad de Madrid\" src=\"https:\/\/www.plexus.es\/wp-content\/uploads\/2024\/10\/Acuerdo-Comunidad-Madrid-Plexus.png\" data-orig-src=\"https:\/\/www.plexus.es\/wp-content\/uploads\/2024\/10\/Acuerdo-Comunidad-Madrid-Plexus.png\" class=\"lazyload img-responsive wp-image-44351\" srcset=\"data:image\/svg+xml,%3Csvg%20xmlns%3D%27http%3A%2F%2Fwww.w3.org%2F2000%2Fsvg%27%20width%3D%27948%27%20height%3D%27600%27%20viewBox%3D%270%200%20948%20600%27%3E%3Crect%20width%3D%27948%27%20height%3D%27600%27%20fill-opacity%3D%220%22%2F%3E%3C%2Fsvg%3E\" data-srcset=\"https:\/\/www.plexus.es\/wp-content\/uploads\/2024\/10\/Acuerdo-Comunidad-Madrid-Plexus-200x127.png 200w, https:\/\/www.plexus.es\/wp-content\/uploads\/2024\/10\/Acuerdo-Comunidad-Madrid-Plexus-400x253.png 400w, https:\/\/www.plexus.es\/wp-content\/uploads\/2024\/10\/Acuerdo-Comunidad-Madrid-Plexus-600x380.png 600w, https:\/\/www.plexus.es\/wp-content\/uploads\/2024\/10\/Acuerdo-Comunidad-Madrid-Plexus-800x506.png 800w, https:\/\/www.plexus.es\/wp-content\/uploads\/2024\/10\/Acuerdo-Comunidad-Madrid-Plexus.png 948w\" data-sizes=\"auto\" data-orig-sizes=\"(max-width: 640px) 100vw, 948px\" \/><\/a><\/span><\/div><\/div><style type=\"text\/css\">.fusion-body .fusion-builder-column-0{width:100% !important;margin-top : 0px;margin-bottom : 0px;}.fusion-builder-column-0 > .fusion-column-wrapper {padding-top : 0 !important;padding-right : 0px !important;margin-right : 1.92%;padding-bottom : 0 !important;padding-left : 0px !important;margin-left : 1.92%;}@media only screen and (max-width:1200px) {.fusion-body .fusion-builder-column-0{width:100% !important;order : 0;}.fusion-builder-column-0 > .fusion-column-wrapper {margin-right : 1.92%;margin-left : 1.92%;}}@media only screen and (max-width:640px) {.fusion-body .fusion-builder-column-0{width:100% !important;order : 0;}.fusion-builder-column-0 > .fusion-column-wrapper {margin-right : 1.92%;margin-left : 1.92%;}}<\/style><\/div><div class=\"fusion-layout-column fusion_builder_column fusion-builder-column-1 fusion_builder_column_1_1 1_1 fusion-flex-column\"><div class=\"fusion-column-wrapper fusion-flex-justify-content-flex-start fusion-content-layout-column\" style=\"background-position:left top;background-repeat:no-repeat;-webkit-background-size:cover;-moz-background-size:cover;-o-background-size:cover;background-size:cover;padding: 0px 0px 0px 0px;\"><div class=\"fusion-text fusion-text-1\"><ul>\n<li>\n<h2>Con este programa para el fomento de la contrataci\u00f3n contribuimos al desarrollo econ\u00f3mico y social de la comunidad.<\/h2>\n<\/li>\n<\/ul>\n<p>En Plexus Tech <strong>hemos resultado beneficiarios del Programa para el Fomento de la Contrataci\u00f3n en la Comunidad de Madrid.<\/strong> Un proyecto que nos produce mucha ilusi\u00f3n y que nos permite avanzar en nuestros objetivos de innovaci\u00f3n, sostenibilidad e inclusi\u00f3n social.<\/p>\n<p>De este modo, con <a href=\"https:\/\/sede.comunidad.madrid\/ayudas-becas-subvenciones\/contratacion-indefinida-especi-atencion\" target=\"_blank\" rel=\"noopener\">este programa de fomento a la contrataci\u00f3n<\/a>, desde Plexus Tech <strong>contribuimos al desarrollo econ\u00f3mico y social de la comunidad aut\u00f3noma<\/strong>. Para ello, aportamos nuestra experiencia y nuestro servicio tecnol\u00f3gico integral.<\/p>\n<p>Asimismo, con este programa, cofinanciado por el Fondo Social Europeo Plus (FSE+), podremos seguir avanzando en nuestro objetivo de <a href=\"https:\/\/www.plexus.es\/productos-propios\/\" target=\"_blank\" rel=\"noopener\"><strong>hacer tecnolog\u00eda que mejore la vida de las personas<\/strong><\/a>. As\u00ed, podremos llevar a cabo nuevas iniciativas que beneficiar\u00e1n a empresas, emprendedores, instituciones y ciudadanos.<\/p>\n<\/div><\/div><style type=\"text\/css\">.fusion-body .fusion-builder-column-1{width:100% !important;margin-top : 20px;margin-bottom : 20px;}.fusion-builder-column-1 > .fusion-column-wrapper {padding-top : 0px !important;padding-right : 0px !important;margin-right : 1.92%;padding-bottom : 0px !important;padding-left : 0px !important;margin-left : 1.92%;}@media only screen and (max-width:1200px) {.fusion-body .fusion-builder-column-1{width:100% !important;order : 0;}.fusion-builder-column-1 > .fusion-column-wrapper {margin-right : 1.92%;margin-left : 1.92%;}}@media only screen and (max-width:640px) {.fusion-body .fusion-builder-column-1{width:100% !important;order : 0;}.fusion-builder-column-1 > .fusion-column-wrapper {margin-right : 1.92%;margin-left : 1.92%;}}<\/style><\/div><\/div><style type=\"text\/css\">.fusion-body .fusion-flex-container.fusion-builder-row-1{ padding-top : 0px;margin-top : 0;padding-right : 0px;padding-bottom : 0px;margin-bottom : 0;padding-left : 0px;}<\/style><\/div>\n","protected":false},"excerpt":{"rendered":"<p>Esta iniciativa de fomento de la contrataci\u00f3n contribuye al desarrollo econ\u00f3mico y social de la Comunidad de Madrid.<\/p>\n","protected":false},"author":1,"featured_media":44348,"comment_status":"open","ping_status":"open","sticky":false,"template":"","format":"standard","meta":[],"categories":[109,45],"tags":[],"yoast_head":"<!-- This site is optimized with the Yoast SEO plugin v17.4 - https:\/\/yoast.com\/wordpress\/plugins\/seo\/ -->\n<title>Somos beneficiarios del programa que fomenta la contrataci\u00f3n en Madrid<\/title>\n<meta name=\"description\" content=\"Plexus Tech ha resultado beneficiaria del programa para el fomento de la contrataci\u00f3n en la Comunidad de Madrid\" \/>\n<meta name=\"robots\" content=\"index, follow, max-snippet:-1, max-image-preview:large, max-video-preview:-1\" \/>\n<link rel=\"canonical\" href=\"https:\/\/www.plexus.es\/programa-contratacion-madrid-plexus\/\" \/>\n<meta property=\"og:locale\" content=\"de_DE\" \/>\n<meta property=\"og:type\" content=\"article\" \/>\n<meta property=\"og:title\" content=\"Somos beneficiarios del programa que fomenta la contrataci\u00f3n en Madrid\" \/>\n<meta property=\"og:description\" content=\"Plexus Tech ha resultado beneficiaria del programa para el fomento de la contrataci\u00f3n en la Comunidad de Madrid\" \/>\n<meta property=\"og:url\" content=\"https:\/\/www.plexus.es\/programa-contratacion-madrid-plexus\/\" \/>\n<meta property=\"og:site_name\" content=\"Plexus Tech\" \/>\n<meta property=\"article:publisher\" content=\"https:\/\/www.facebook.com\/Plexus.Techno\" \/>\n<meta property=\"article:published_time\" content=\"2024-08-16T11:07:02+00:00\" \/>\n<meta property=\"article:modified_time\" content=\"2024-10-03T11:21:22+00:00\" \/>\n<meta property=\"og:image\" content=\"https:\/\/www.plexus.es\/wp-content\/uploads\/2024\/10\/Acuerdo-Comunidad-Madrid-Plexus.png\" \/>\n\t<meta property=\"og:image:width\" content=\"948\" \/>\n\t<meta property=\"og:image:height\" content=\"600\" \/>\n<meta name=\"twitter:card\" content=\"summary_large_image\" \/>\n<meta name=\"twitter:creator\" content=\"@plexustech_\" \/>\n<meta name=\"twitter:site\" content=\"@plexustech_\" \/>\n<meta name=\"twitter:label1\" content=\"Verfasst von\" \/>\n\t<meta name=\"twitter:data1\" content=\"admin_plexus\" \/>\n\t<meta name=\"twitter:label2\" content=\"Gesch\u00e4tzte Lesezeit\" \/>\n\t<meta name=\"twitter:data2\" content=\"5 Minuten\" \/>\n<script type=\"application\/ld+json\" class=\"yoast-schema-graph\">{\"@context\":\"https:\/\/schema.org\",\"@graph\":[{\"@type\":\"Organization\",\"@id\":\"https:\/\/www.plexus.es\/#organization\",\"name\":\"Plexus Tech\",\"url\":\"https:\/\/www.plexus.es\/\",\"sameAs\":[\"https:\/\/www.facebook.com\/Plexus.Techno\",\"https:\/\/www.instagram.com\/plexus.tech\/\",\"https:\/\/www.linkedin.com\/company\/plexus-tech\/mycompany\/\",\"https:\/\/www.youtube.com\/user\/tecnologiasplexus\",\"https:\/\/twitter.com\/plexustech_\"],\"logo\":{\"@type\":\"ImageObject\",\"@id\":\"https:\/\/www.plexus.es\/#logo\",\"inLanguage\":\"de-DE\",\"url\":\"https:\/\/www.plexus.es\/wp-content\/uploads\/2021\/11\/logo-plexus-2021.png\",\"contentUrl\":\"https:\/\/www.plexus.es\/wp-content\/uploads\/2021\/11\/logo-plexus-2021.png\",\"width\":600,\"height\":600,\"caption\":\"Plexus Tech\"},\"image\":{\"@id\":\"https:\/\/www.plexus.es\/#logo\"}},{\"@type\":\"WebSite\",\"@id\":\"https:\/\/www.plexus.es\/#website\",\"url\":\"https:\/\/www.plexus.es\/\",\"name\":\"Plexus Tech\",\"description\":\"Tecnolog\\u00eda con Alma\",\"publisher\":{\"@id\":\"https:\/\/www.plexus.es\/#organization\"},\"potentialAction\":[{\"@type\":\"SearchAction\",\"target\":{\"@type\":\"EntryPoint\",\"urlTemplate\":\"https:\/\/www.plexus.es\/?s={search_term_string}\"},\"query-input\":\"required name=search_term_string\"}],\"inLanguage\":\"de-DE\"},{\"@type\":\"ImageObject\",\"@id\":\"https:\/\/www.plexus.es\/programa-contratacion-madrid-plexus\/#primaryimage\",\"inLanguage\":\"de-DE\",\"url\":\"https:\/\/www.plexus.es\/wp-content\/uploads\/2024\/10\/Acuerdo-Comunidad-Madrid-Plexus.png\",\"contentUrl\":\"https:\/\/www.plexus.es\/wp-content\/uploads\/2024\/10\/Acuerdo-Comunidad-Madrid-Plexus.png\",\"width\":948,\"height\":600,\"caption\":\"Plexus Tech fomenta la contrataci\\u00f3n en la Comunidad de Madrid\"},{\"@type\":\"WebPage\",\"@id\":\"https:\/\/www.plexus.es\/programa-contratacion-madrid-plexus\/#webpage\",\"url\":\"https:\/\/www.plexus.es\/programa-contratacion-madrid-plexus\/\",\"name\":\"Somos beneficiarios del programa que fomenta la contrataci\\u00f3n en Madrid\",\"isPartOf\":{\"@id\":\"https:\/\/www.plexus.es\/#website\"},\"primaryImageOfPage\":{\"@id\":\"https:\/\/www.plexus.es\/programa-contratacion-madrid-plexus\/#primaryimage\"},\"datePublished\":\"2024-08-16T11:07:02+00:00\",\"dateModified\":\"2024-10-03T11:21:22+00:00\",\"description\":\"Plexus Tech ha resultado beneficiaria del programa para el fomento de la contrataci\\u00f3n en la Comunidad de Madrid\",\"breadcrumb\":{\"@id\":\"https:\/\/www.plexus.es\/programa-contratacion-madrid-plexus\/#breadcrumb\"},\"inLanguage\":\"de-DE\",\"potentialAction\":[{\"@type\":\"ReadAction\",\"target\":[\"https:\/\/www.plexus.es\/programa-contratacion-madrid-plexus\/\"]}]},{\"@type\":\"BreadcrumbList\",\"@id\":\"https:\/\/www.plexus.es\/programa-contratacion-madrid-plexus\/#breadcrumb\",\"itemListElement\":[{\"@type\":\"ListItem\",\"position\":1,\"name\":\"Home\",\"item\":\"https:\/\/www.plexus.es\/\"},{\"@type\":\"ListItem\",\"position\":2,\"name\":\"Somos beneficiarios del programa que fomenta la contrataci\\u00f3n en Madrid\"}]},{\"@type\":\"Article\",\"@id\":\"https:\/\/www.plexus.es\/programa-contratacion-madrid-plexus\/#article\",\"isPartOf\":{\"@id\":\"https:\/\/www.plexus.es\/programa-contratacion-madrid-plexus\/#webpage\"},\"author\":{\"@id\":\"https:\/\/www.plexus.es\/#\/schema\/person\/8f02d5ce6d7b659fa68b0e90317c5171\"},\"headline\":\"Somos beneficiarios del programa que fomenta la contrataci\\u00f3n en Madrid\",\"datePublished\":\"2024-08-16T11:07:02+00:00\",\"dateModified\":\"2024-10-03T11:21:22+00:00\",\"mainEntityOfPage\":{\"@id\":\"https:\/\/www.plexus.es\/programa-contratacion-madrid-plexus\/#webpage\"},\"wordCount\":1236,\"commentCount\":0,\"publisher\":{\"@id\":\"https:\/\/www.plexus.es\/#organization\"},\"image\":{\"@id\":\"https:\/\/www.plexus.es\/programa-contratacion-madrid-plexus\/#primaryimage\"},\"thumbnailUrl\":\"https:\/\/www.plexus.es\/wp-content\/uploads\/2024\/10\/Acuerdo-Comunidad-Madrid-Plexus.png\",\"articleSection\":[\"Compromiso\",\"Talento\"],\"inLanguage\":\"de-DE\",\"potentialAction\":[{\"@type\":\"CommentAction\",\"name\":\"Comment\",\"target\":[\"https:\/\/www.plexus.es\/programa-contratacion-madrid-plexus\/#respond\"]}]},{\"@type\":\"Person\",\"@id\":\"https:\/\/www.plexus.es\/#\/schema\/person\/8f02d5ce6d7b659fa68b0e90317c5171\",\"name\":\"admin_plexus\",\"image\":{\"@type\":\"ImageObject\",\"@id\":\"https:\/\/www.plexus.es\/#personlogo\",\"inLanguage\":\"de-DE\",\"url\":\"https:\/\/secure.gravatar.com\/avatar\/c1d7caf9a4063a74393abcf91991e9cd?s=96&d=mm&r=g\",\"contentUrl\":\"https:\/\/secure.gravatar.com\/avatar\/c1d7caf9a4063a74393abcf91991e9cd?s=96&d=mm&r=g\",\"caption\":\"admin_plexus\"},\"sameAs\":[\"https:\/\/www.plexus.es\"]}]}<\/script>\n<!-- \/ Yoast SEO plugin. -->","yoast_head_json":{"title":"Somos beneficiarios del programa que fomenta la contrataci\u00f3n en Madrid","description":"Plexus Tech ha resultado beneficiaria del programa para el fomento de la contrataci\u00f3n en la Comunidad de Madrid","robots":{"index":"index","follow":"follow","max-snippet":"max-snippet:-1","max-image-preview":"max-image-preview:large","max-video-preview":"max-video-preview:-1"},"canonical":"https:\/\/www.plexus.es\/programa-contratacion-madrid-plexus\/","og_locale":"de_DE","og_type":"article","og_title":"Somos beneficiarios del programa que fomenta la contrataci\u00f3n en Madrid","og_description":"Plexus Tech ha resultado beneficiaria del programa para el fomento de la contrataci\u00f3n en la Comunidad de Madrid","og_url":"https:\/\/www.plexus.es\/programa-contratacion-madrid-plexus\/","og_site_name":"Plexus Tech","article_publisher":"https:\/\/www.facebook.com\/Plexus.Techno","article_published_time":"2024-08-16T11:07:02+00:00","article_modified_time":"2024-10-03T11:21:22+00:00","og_image":[{"width":948,"height":600,"url":"https:\/\/www.plexus.es\/wp-content\/uploads\/2024\/10\/Acuerdo-Comunidad-Madrid-Plexus.png","type":"image\/png"}],"twitter_card":"summary_large_image","twitter_creator":"@plexustech_","twitter_site":"@plexustech_","twitter_misc":{"Verfasst von":"admin_plexus","Gesch\u00e4tzte Lesezeit":"5 Minuten"},"schema":{"@context":"https:\/\/schema.org","@graph":[{"@type":"Organization","@id":"https:\/\/www.plexus.es\/#organization","name":"Plexus Tech","url":"https:\/\/www.plexus.es\/","sameAs":["https:\/\/www.facebook.com\/Plexus.Techno","https:\/\/www.instagram.com\/plexus.tech\/","https:\/\/www.linkedin.com\/company\/plexus-tech\/mycompany\/","https:\/\/www.youtube.com\/user\/tecnologiasplexus","https:\/\/twitter.com\/plexustech_"],"logo":{"@type":"ImageObject","@id":"https:\/\/www.plexus.es\/#logo","inLanguage":"de-DE","url":"https:\/\/www.plexus.es\/wp-content\/uploads\/2021\/11\/logo-plexus-2021.png","contentUrl":"https:\/\/www.plexus.es\/wp-content\/uploads\/2021\/11\/logo-plexus-2021.png","width":600,"height":600,"caption":"Plexus Tech"},"image":{"@id":"https:\/\/www.plexus.es\/#logo"}},{"@type":"WebSite","@id":"https:\/\/www.plexus.es\/#website","url":"https:\/\/www.plexus.es\/","name":"Plexus Tech","description":"Tecnolog\u00eda con Alma","publisher":{"@id":"https:\/\/www.plexus.es\/#organization"},"potentialAction":[{"@type":"SearchAction","target":{"@type":"EntryPoint","urlTemplate":"https:\/\/www.plexus.es\/?s={search_term_string}"},"query-input":"required name=search_term_string"}],"inLanguage":"de-DE"},{"@type":"ImageObject","@id":"https:\/\/www.plexus.es\/programa-contratacion-madrid-plexus\/#primaryimage","inLanguage":"de-DE","url":"https:\/\/www.plexus.es\/wp-content\/uploads\/2024\/10\/Acuerdo-Comunidad-Madrid-Plexus.png","contentUrl":"https:\/\/www.plexus.es\/wp-content\/uploads\/2024\/10\/Acuerdo-Comunidad-Madrid-Plexus.png","width":948,"height":600,"caption":"Plexus Tech fomenta la contrataci\u00f3n en la Comunidad de Madrid"},{"@type":"WebPage","@id":"https:\/\/www.plexus.es\/programa-contratacion-madrid-plexus\/#webpage","url":"https:\/\/www.plexus.es\/programa-contratacion-madrid-plexus\/","name":"Somos beneficiarios del programa que fomenta la contrataci\u00f3n en Madrid","isPartOf":{"@id":"https:\/\/www.plexus.es\/#website"},"primaryImageOfPage":{"@id":"https:\/\/www.plexus.es\/programa-contratacion-madrid-plexus\/#primaryimage"},"datePublished":"2024-08-16T11:07:02+00:00","dateModified":"2024-10-03T11:21:22+00:00","description":"Plexus Tech ha resultado beneficiaria del programa para el fomento de la contrataci\u00f3n en la Comunidad de Madrid","breadcrumb":{"@id":"https:\/\/www.plexus.es\/programa-contratacion-madrid-plexus\/#breadcrumb"},"inLanguage":"de-DE","potentialAction":[{"@type":"ReadAction","target":["https:\/\/www.plexus.es\/programa-contratacion-madrid-plexus\/"]}]},{"@type":"BreadcrumbList","@id":"https:\/\/www.plexus.es\/programa-contratacion-madrid-plexus\/#breadcrumb","itemListElement":[{"@type":"ListItem","position":1,"name":"Home","item":"https:\/\/www.plexus.es\/"},{"@type":"ListItem","position":2,"name":"Somos beneficiarios del programa que fomenta la contrataci\u00f3n en Madrid"}]},{"@type":"Article","@id":"https:\/\/www.plexus.es\/programa-contratacion-madrid-plexus\/#article","isPartOf":{"@id":"https:\/\/www.plexus.es\/programa-contratacion-madrid-plexus\/#webpage"},"author":{"@id":"https:\/\/www.plexus.es\/#\/schema\/person\/8f02d5ce6d7b659fa68b0e90317c5171"},"headline":"Somos beneficiarios del programa que fomenta la contrataci\u00f3n en Madrid","datePublished":"2024-08-16T11:07:02+00:00","dateModified":"2024-10-03T11:21:22+00:00","mainEntityOfPage":{"@id":"https:\/\/www.plexus.es\/programa-contratacion-madrid-plexus\/#webpage"},"wordCount":1236,"commentCount":0,"publisher":{"@id":"https:\/\/www.plexus.es\/#organization"},"image":{"@id":"https:\/\/www.plexus.es\/programa-contratacion-madrid-plexus\/#primaryimage"},"thumbnailUrl":"https:\/\/www.plexus.es\/wp-content\/uploads\/2024\/10\/Acuerdo-Comunidad-Madrid-Plexus.png","articleSection":["Compromiso","Talento"],"inLanguage":"de-DE","potentialAction":[{"@type":"CommentAction","name":"Comment","target":["https:\/\/www.plexus.es\/programa-contratacion-madrid-plexus\/#respond"]}]},{"@type":"Person","@id":"https:\/\/www.plexus.es\/#\/schema\/person\/8f02d5ce6d7b659fa68b0e90317c5171","name":"admin_plexus","image":{"@type":"ImageObject","@id":"https:\/\/www.plexus.es\/#personlogo","inLanguage":"de-DE","url":"https:\/\/secure.gravatar.com\/avatar\/c1d7caf9a4063a74393abcf91991e9cd?s=96&d=mm&r=g","contentUrl":"https:\/\/secure.gravatar.com\/avatar\/c1d7caf9a4063a74393abcf91991e9cd?s=96&d=mm&r=g","caption":"admin_plexus"},"sameAs":["https:\/\/www.plexus.es"]}]}},"_links":{"self":[{"href":"https:\/\/www.plexus.es\/de\/wp-json\/wp\/v2\/posts\/44347"}],"collection":[{"href":"https:\/\/www.plexus.es\/de\/wp-json\/wp\/v2\/posts"}],"about":[{"href":"https:\/\/www.plexus.es\/de\/wp-json\/wp\/v2\/types\/post"}],"author":[{"embeddable":true,"href":"https:\/\/www.plexus.es\/de\/wp-json\/wp\/v2\/users\/1"}],"replies":[{"embeddable":true,"href":"https:\/\/www.plexus.es\/de\/wp-json\/wp\/v2\/comments?post=44347"}],"version-history":[{"count":6,"href":"https:\/\/www.plexus.es\/de\/wp-json\/wp\/v2\/posts\/44347\/revisions"}],"predecessor-version":[{"id":44381,"href":"https:\/\/www.plexus.es\/de\/wp-json\/wp\/v2\/posts\/44347\/revisions\/44381"}],"wp:featuredmedia":[{"embeddable":true,"href":"https:\/\/www.plexus.es\/de\/wp-json\/wp\/v2\/media\/44348"}],"wp:attachment":[{"href":"https:\/\/www.plexus.es\/de\/wp-json\/wp\/v2\/media?parent=44347"}],"wp:term":[{"taxonomy":"category","embeddable":true,"href":"https:\/\/www.plexus.es\/de\/wp-json\/wp\/v2\/categories?post=44347"},{"taxonomy":"post_tag","embeddable":true,"href":"https:\/\/www.plexus.es\/de\/wp-json\/wp\/v2\/tags?post=44347"}],"curies":[{"name":"wp","href":"https:\/\/api.w.org\/{rel}","templated":true}]}}