{"id":45600,"date":"2024-12-19T13:23:46","date_gmt":"2024-12-19T12:23:46","guid":{"rendered":"https:\/\/www.plexus.es\/?p=45600"},"modified":"2025-01-09T16:16:43","modified_gmt":"2025-01-09T15:16:43","slug":"uma-plexus-tech-catedra-ciberdefensa","status":"publish","type":"post","link":"https:\/\/www.plexus.es\/de\/uma-plexus-tech-catedra-ciberdefensa\/","title":{"rendered":"Acuerdo con la Universidad de M\u00e1laga para crear una C\u00e1tedra de Ciberdefensa"},"content":{"rendered":"<div class=\"fusion-fullwidth fullwidth-box fusion-builder-row-1 fusion-flex-container container-detail-news plexus_css nonhundred-percent-fullwidth non-hundred-percent-height-scrolling\" style=\"background-color: rgba(255,255,255,0);background-position: center center;background-repeat: no-repeat;border-width: 0px 0px 0px 0px;border-color:#e8ebef;border-style:solid;\" ><div class=\"fusion-builder-row fusion-row fusion-flex-align-items-flex-start\" style=\"max-width:1310.4px;margin-left: calc(-4% \/ 2 );margin-right: calc(-4% \/ 2 );\"><div class=\"fusion-layout-column fusion_builder_column fusion-builder-column-0 fusion_builder_column_1_2 1_2 fusion-flex-column fusion-flex-align-self-stretch\"><div class=\"fusion-column-wrapper fusion-flex-justify-content-center fusion-content-layout-column\" style=\"background-position:left top;background-repeat:no-repeat;-webkit-background-size:cover;-moz-background-size:cover;-o-background-size:cover;background-size:cover;padding: 0px 0px 0px 0px;\"><div style=\"text-align:center;\"><span class=\" fusion-imageframe imageframe-none imageframe-1 hover-type-none\" style=\"border-radius:12px;margin-top:0px;margin-right:0px;margin-bottom:0px;margin-left:0px;\"><a class=\"fusion-no-lightbox\" href=\"https:\/\/www.linkedin.com\/posts\/plexus-tech_goodnews-gemelosdigitales-platgdia-activity-7146514515004735488-uBrB?utm_source=share&amp;utm_medium=member_desktop\" target=\"_self\" aria-label=\"IMG-20241218-WA0002\"><img width=\"1233\" height=\"780\" alt=\"El rector de la Universidad de M\u00e1laga, Teodomiro L\u00f3pez, y Crist\u00f3bal Ramos, socio-director de Plexus Tech, tras firmar el acuerdo.\" src=\"https:\/\/www.plexus.es\/wp-content\/uploads\/2024\/12\/IMG-20241218-WA0002.jpg\" data-orig-src=\"https:\/\/www.plexus.es\/wp-content\/uploads\/2024\/12\/IMG-20241218-WA0002.jpg\" class=\"lazyload img-responsive wp-image-45605\" srcset=\"data:image\/svg+xml,%3Csvg%20xmlns%3D%27http%3A%2F%2Fwww.w3.org%2F2000%2Fsvg%27%20width%3D%271233%27%20height%3D%27780%27%20viewBox%3D%270%200%201233%20780%27%3E%3Crect%20width%3D%271233%27%20height%3D%27780%27%20fill-opacity%3D%220%22%2F%3E%3C%2Fsvg%3E\" data-srcset=\"https:\/\/www.plexus.es\/wp-content\/uploads\/2024\/12\/IMG-20241218-WA0002-200x127.jpg 200w, https:\/\/www.plexus.es\/wp-content\/uploads\/2024\/12\/IMG-20241218-WA0002-400x253.jpg 400w, https:\/\/www.plexus.es\/wp-content\/uploads\/2024\/12\/IMG-20241218-WA0002-600x380.jpg 600w, https:\/\/www.plexus.es\/wp-content\/uploads\/2024\/12\/IMG-20241218-WA0002-800x506.jpg 800w, https:\/\/www.plexus.es\/wp-content\/uploads\/2024\/12\/IMG-20241218-WA0002-1200x759.jpg 1200w, https:\/\/www.plexus.es\/wp-content\/uploads\/2024\/12\/IMG-20241218-WA0002.jpg 1233w\" data-sizes=\"auto\" data-orig-sizes=\"(max-width: 640px) 100vw, 600px\" \/><\/a><\/span><\/div><\/div><style type=\"text\/css\">.fusion-body .fusion-builder-column-0{width:50% !important;margin-top : 0px;margin-bottom : 0px;}.fusion-builder-column-0 > .fusion-column-wrapper {padding-top : 0 !important;padding-right : 0px !important;margin-right : 3.84%;padding-bottom : 0 !important;padding-left : 0px !important;margin-left : 3.84%;}@media only screen and (max-width:1200px) {.fusion-body .fusion-builder-column-0{width:50% !important;order : 0;}.fusion-builder-column-0 > .fusion-column-wrapper {margin-right : 3.84%;margin-left : 3.84%;}}@media only screen and (max-width:640px) {.fusion-body .fusion-builder-column-0{width:100% !important;order : 0;}.fusion-builder-column-0 > .fusion-column-wrapper {margin-right : 1.92%;margin-left : 1.92%;}}<\/style><\/div><div class=\"fusion-layout-column fusion_builder_column fusion-builder-column-1 fusion_builder_column_1_2 1_2 fusion-flex-column fusion-flex-align-self-stretch\"><div class=\"fusion-column-wrapper fusion-flex-justify-content-center fusion-content-layout-column\" style=\"background-position:left top;background-repeat:no-repeat;-webkit-background-size:cover;-moz-background-size:cover;-o-background-size:cover;background-size:cover;padding: 0px 0px 0px 0px;\"><div style=\"text-align:center;\"><span class=\" fusion-imageframe imageframe-none imageframe-2 hover-type-none\" style=\"border-radius:12px;margin-top:0px;margin-right:0px;margin-bottom:0px;margin-left:0px;\"><a class=\"fusion-no-lightbox\" href=\"https:\/\/www.linkedin.com\/posts\/plexus-tech_goodnews-gemelosdigitales-platgdia-activity-7146514515004735488-uBrB?utm_source=share&amp;utm_medium=member_desktop\" target=\"_self\" aria-label=\"IMG-20241218-WA0012\"><img width=\"1450\" height=\"918\" alt=\"El rector de la Universidad de M\u00e1laga, Teodomiro L\u00f3pez, y Crist\u00f3bal Ramos, socio-director de Plexus Tech, en el momento de la firma del acuerdo para la C\u00e1tedra de Ciberdefensa\" src=\"https:\/\/www.plexus.es\/wp-content\/uploads\/2024\/12\/IMG-20241218-WA0012.jpg\" data-orig-src=\"https:\/\/www.plexus.es\/wp-content\/uploads\/2024\/12\/IMG-20241218-WA0012.jpg\" class=\"lazyload img-responsive wp-image-45611\" srcset=\"data:image\/svg+xml,%3Csvg%20xmlns%3D%27http%3A%2F%2Fwww.w3.org%2F2000%2Fsvg%27%20width%3D%271450%27%20height%3D%27918%27%20viewBox%3D%270%200%201450%20918%27%3E%3Crect%20width%3D%271450%27%20height%3D%27918%27%20fill-opacity%3D%220%22%2F%3E%3C%2Fsvg%3E\" data-srcset=\"https:\/\/www.plexus.es\/wp-content\/uploads\/2024\/12\/IMG-20241218-WA0012-200x127.jpg 200w, https:\/\/www.plexus.es\/wp-content\/uploads\/2024\/12\/IMG-20241218-WA0012-400x253.jpg 400w, https:\/\/www.plexus.es\/wp-content\/uploads\/2024\/12\/IMG-20241218-WA0012-600x380.jpg 600w, https:\/\/www.plexus.es\/wp-content\/uploads\/2024\/12\/IMG-20241218-WA0012-800x506.jpg 800w, https:\/\/www.plexus.es\/wp-content\/uploads\/2024\/12\/IMG-20241218-WA0012-1200x760.jpg 1200w, https:\/\/www.plexus.es\/wp-content\/uploads\/2024\/12\/IMG-20241218-WA0012.jpg 1450w\" data-sizes=\"auto\" data-orig-sizes=\"(max-width: 640px) 100vw, 600px\" \/><\/a><\/span><\/div><\/div><style type=\"text\/css\">.fusion-body .fusion-builder-column-1{width:50% !important;margin-top : 0px;margin-bottom : 0px;}.fusion-builder-column-1 > .fusion-column-wrapper {padding-top : 0 !important;padding-right : 0px !important;margin-right : 3.84%;padding-bottom : 0 !important;padding-left : 0px !important;margin-left : 3.84%;}@media only screen and (max-width:1200px) {.fusion-body .fusion-builder-column-1{width:50% !important;order : 0;}.fusion-builder-column-1 > .fusion-column-wrapper {margin-right : 3.84%;margin-left : 3.84%;}}@media only screen and (max-width:640px) {.fusion-body .fusion-builder-column-1{width:100% !important;order : 0;}.fusion-builder-column-1 > .fusion-column-wrapper {margin-right : 1.92%;margin-left : 1.92%;}}<\/style><\/div><div class=\"fusion-layout-column fusion_builder_column fusion-builder-column-2 fusion_builder_column_1_1 1_1 fusion-flex-column\"><div class=\"fusion-column-wrapper fusion-flex-justify-content-flex-start fusion-content-layout-column\" style=\"background-position:left top;background-repeat:no-repeat;-webkit-background-size:cover;-moz-background-size:cover;-o-background-size:cover;background-size:cover;padding: 0px 0px 0px 0px;\"><div class=\"fusion-text fusion-text-1\"><h2>La C\u00e1tedra de Ciberdefensa impulsar\u00e1 acciones formativas y de investigaci\u00f3n sobre la seguridad avanzada y la resiliencia inteligente.<\/h2>\n<p><strong>Crist\u00f3bal Ramos<\/strong>, <strong>socio-director<\/strong> de Plexus Tech, y <strong>Teodomiro L\u00f3pez<\/strong>, <strong>rector<\/strong> de la Universidad de M\u00e1laga (UMA), <strong>han firmado<\/strong> esta semana un <a href=\"https:\/\/www.uma.es\/sala-de-prensa\/noticias\/la-uma-y-la-empresa-plexus-firman-un-acuerdo-para-crear-una-catedra-de-ciberdefensa\/\" target=\"_blank\" rel=\"noopener\"><strong>acuerdo de colaboraci\u00f3n<\/strong><\/a> para la creaci\u00f3n de la C\u00e1tedra de Ciberdefensa y resiliencia inteligente en el centro andaluz.<\/p>\n<p>Esta c\u00e1tedra de mecenazgo <strong>est\u00e1 dirigida al alumnado de la Escuela T\u00e9cnica Superior de Ingenier\u00eda Inform\u00e1tica. <\/strong>Para ello,\u00a0contar\u00e1 con la direcci\u00f3n del catedr\u00e1tico Javier L\u00f3pez, director del grupo de investigaci\u00f3n NICS Lab.<\/p>\n<p>Esta C\u00e1tedra nace con la finalidad de crear e impulsar actividades en materia de docencia, investigaci\u00f3n, transferencia, innovaci\u00f3n, emprendimiento y divulgaci\u00f3n de conocimiento sobre:<\/p>\n<ul>\n<li>Ciberdefensa.<\/li>\n<li>Seguridad avanzada.<\/li>\n<li>Resiliencia inteligente.<\/li>\n<li>Y anal\u00edtica avanzada.<\/li>\n<\/ul>\n<h3><\/h3>\n<h3>Un compromiso estrat\u00e9gico entre Plexus Tech y la UMA.<\/h3>\n<p>Sin duda, la investigaci\u00f3n y el avance en el campo de la Ciberdefensa es un <strong>pilar fundamental. Se trata de una herramienta necesaria para enfrentar los desaf\u00edos de un mundo cada vez m\u00e1s digitalizado<\/strong> y expuesto a ciberamenazas m\u00e1s sofisticadas. En este contexto, la colaboraci\u00f3n entre la Universidad de M\u00e1laga y Plexus Tech se consolida como <a href=\"https:\/\/www.plexus.es\/servicios\/ciberseguridad\/\" target=\"_blank\" rel=\"noopener\"><strong>un compromiso estrat\u00e9gico por ambas partes.<\/strong><\/a> En esta l\u00ednea, ambos se comprometen a generar soluciones innovadoras en el \u00e1rea. La C\u00e1tedra impulsar\u00e1 la colaboraci\u00f3n en investigaci\u00f3n entre ambas entidades, as\u00ed como la formaci\u00f3n de talento especializado y el avance en la protecci\u00f3n de infraestructuras y servicios cr\u00edticos.<\/p>\n<p>De este modo, <strong>esta alianza promueve un entorno acad\u00e9mico y profesional de excelencia. <\/strong>Asimismo, responde a las crecientes demandas de ciberdefensa, a la vez que prepara al personal investigador y al estudiantado para liderar este campo clave en el desarrollo tecnol\u00f3gico y econ\u00f3mico. De esta forma, las t\u00e9cnicas de ciberdefensa <strong>no solo se centran en estrategias preventivas<\/strong> basadas en una defensa tradicional y perimetral, sino que tambi\u00e9n deben estar apoyadas por medidas proactivas y correctivas. Estas acciones favorecen la consciencia situacional de las entidades y la resiliencia de sus sistemas frente a ataques potenciales. Adem\u00e1s, tambi\u00e9n permiten, en todo momento, dar garant\u00edas de continuidad en las acciones operativas y la sostenibilidad de los modelos de negocio.<\/p>\n<\/div><\/div><style type=\"text\/css\">.fusion-body .fusion-builder-column-2{width:100% !important;margin-top : 20px;margin-bottom : 20px;}.fusion-builder-column-2 > .fusion-column-wrapper {padding-top : 0px !important;padding-right : 0px !important;margin-right : 1.92%;padding-bottom : 0px !important;padding-left : 0px !important;margin-left : 1.92%;}@media only screen and (max-width:1200px) {.fusion-body .fusion-builder-column-2{width:100% !important;order : 0;}.fusion-builder-column-2 > .fusion-column-wrapper {margin-right : 1.92%;margin-left : 1.92%;}}@media only screen and (max-width:640px) {.fusion-body .fusion-builder-column-2{width:100% !important;order : 0;}.fusion-builder-column-2 > .fusion-column-wrapper {margin-right : 1.92%;margin-left : 1.92%;}}<\/style><\/div><\/div><style type=\"text\/css\">.fusion-body .fusion-flex-container.fusion-builder-row-1{ padding-top : 0px;margin-top : 0;padding-right : 0px;padding-bottom : 0px;margin-bottom : 0;padding-left : 0px;}<\/style><\/div>\n","protected":false},"excerpt":{"rendered":"<p>La C\u00e1tedra de Ciberdefensa impulsar\u00e1 acciones formativas y de investigaci\u00f3n sobre seguridad avanzada y resiliencia inteligente.<\/p>\n","protected":false},"author":1,"featured_media":45602,"comment_status":"open","ping_status":"open","sticky":false,"template":"","format":"standard","meta":[],"categories":[40,211,105],"tags":[],"yoast_head":"<!-- This site is optimized with the Yoast SEO plugin v17.4 - https:\/\/yoast.com\/wordpress\/plugins\/seo\/ -->\n<title>Plexus y la UMA firman un acuerdo para crear la C\u00e1tedra de Ciberdefensa<\/title>\n<meta name=\"description\" content=\"La C\u00e1tedra de Ciberdefensa impulsar\u00e1 acciones formativas y de investigaci\u00f3n sobre la seguridad avanzada y la resiliencia inteligente.\" \/>\n<meta name=\"robots\" content=\"index, follow, max-snippet:-1, max-image-preview:large, max-video-preview:-1\" \/>\n<link rel=\"canonical\" href=\"https:\/\/www.plexus.es\/uma-plexus-tech-catedra-ciberdefensa\/\" \/>\n<meta property=\"og:locale\" content=\"de_DE\" \/>\n<meta property=\"og:type\" content=\"article\" \/>\n<meta property=\"og:title\" content=\"Plexus y la UMA firman un acuerdo para crear la C\u00e1tedra de Ciberdefensa\" \/>\n<meta property=\"og:description\" content=\"La C\u00e1tedra de Ciberdefensa impulsar\u00e1 acciones formativas y de investigaci\u00f3n sobre la seguridad avanzada y la resiliencia inteligente.\" \/>\n<meta property=\"og:url\" content=\"https:\/\/www.plexus.es\/uma-plexus-tech-catedra-ciberdefensa\/\" \/>\n<meta property=\"og:site_name\" content=\"Plexus Tech\" \/>\n<meta property=\"article:publisher\" content=\"https:\/\/www.facebook.com\/Plexus.Techno\" \/>\n<meta property=\"article:published_time\" content=\"2024-12-19T12:23:46+00:00\" \/>\n<meta property=\"article:modified_time\" content=\"2025-01-09T15:16:43+00:00\" \/>\n<meta property=\"og:image\" content=\"https:\/\/www.plexus.es\/wp-content\/uploads\/2024\/12\/IMG-20241218-WA0002.jpg\" \/>\n\t<meta property=\"og:image:width\" content=\"1233\" \/>\n\t<meta property=\"og:image:height\" content=\"780\" \/>\n<meta name=\"twitter:card\" content=\"summary_large_image\" \/>\n<meta name=\"twitter:creator\" content=\"@plexustech_\" \/>\n<meta name=\"twitter:site\" content=\"@plexustech_\" \/>\n<meta name=\"twitter:label1\" content=\"Verfasst von\" \/>\n\t<meta name=\"twitter:data1\" content=\"admin_plexus\" \/>\n\t<meta name=\"twitter:label2\" content=\"Gesch\u00e4tzte Lesezeit\" \/>\n\t<meta name=\"twitter:data2\" content=\"4 Minuten\" \/>\n<script type=\"application\/ld+json\" class=\"yoast-schema-graph\">{\"@context\":\"https:\/\/schema.org\",\"@graph\":[{\"@type\":\"Organization\",\"@id\":\"https:\/\/www.plexus.es\/#organization\",\"name\":\"Plexus Tech\",\"url\":\"https:\/\/www.plexus.es\/\",\"sameAs\":[\"https:\/\/www.facebook.com\/Plexus.Techno\",\"https:\/\/www.instagram.com\/plexus.tech\/\",\"https:\/\/www.linkedin.com\/company\/plexus-tech\/mycompany\/\",\"https:\/\/www.youtube.com\/user\/tecnologiasplexus\",\"https:\/\/twitter.com\/plexustech_\"],\"logo\":{\"@type\":\"ImageObject\",\"@id\":\"https:\/\/www.plexus.es\/#logo\",\"inLanguage\":\"de-DE\",\"url\":\"https:\/\/www.plexus.es\/wp-content\/uploads\/2021\/11\/logo-plexus-2021.png\",\"contentUrl\":\"https:\/\/www.plexus.es\/wp-content\/uploads\/2021\/11\/logo-plexus-2021.png\",\"width\":600,\"height\":600,\"caption\":\"Plexus Tech\"},\"image\":{\"@id\":\"https:\/\/www.plexus.es\/#logo\"}},{\"@type\":\"WebSite\",\"@id\":\"https:\/\/www.plexus.es\/#website\",\"url\":\"https:\/\/www.plexus.es\/\",\"name\":\"Plexus Tech\",\"description\":\"Tecnolog\\u00eda con Alma\",\"publisher\":{\"@id\":\"https:\/\/www.plexus.es\/#organization\"},\"potentialAction\":[{\"@type\":\"SearchAction\",\"target\":{\"@type\":\"EntryPoint\",\"urlTemplate\":\"https:\/\/www.plexus.es\/?s={search_term_string}\"},\"query-input\":\"required name=search_term_string\"}],\"inLanguage\":\"de-DE\"},{\"@type\":\"ImageObject\",\"@id\":\"https:\/\/www.plexus.es\/uma-plexus-tech-catedra-ciberdefensa\/#primaryimage\",\"inLanguage\":\"de-DE\",\"url\":\"https:\/\/www.plexus.es\/wp-content\/uploads\/2024\/12\/IMG-20241218-WA0002.jpg\",\"contentUrl\":\"https:\/\/www.plexus.es\/wp-content\/uploads\/2024\/12\/IMG-20241218-WA0002.jpg\",\"width\":1233,\"height\":780,\"caption\":\"El rector de la Universidad de M\\u00e1laga, Teodomiro L\\u00f3pez, y Crist\\u00f3bal Ramos, socio-director de Plexus Tech, tras firmar el acuerdo que llevar\\u00e1 al centro universitario a impartir una c\\u00e1tedra de Ciberdefensa\"},{\"@type\":\"WebPage\",\"@id\":\"https:\/\/www.plexus.es\/uma-plexus-tech-catedra-ciberdefensa\/#webpage\",\"url\":\"https:\/\/www.plexus.es\/uma-plexus-tech-catedra-ciberdefensa\/\",\"name\":\"Plexus y la UMA firman un acuerdo para crear la C\\u00e1tedra de Ciberdefensa\",\"isPartOf\":{\"@id\":\"https:\/\/www.plexus.es\/#website\"},\"primaryImageOfPage\":{\"@id\":\"https:\/\/www.plexus.es\/uma-plexus-tech-catedra-ciberdefensa\/#primaryimage\"},\"datePublished\":\"2024-12-19T12:23:46+00:00\",\"dateModified\":\"2025-01-09T15:16:43+00:00\",\"description\":\"La C\\u00e1tedra de Ciberdefensa impulsar\\u00e1 acciones formativas y de investigaci\\u00f3n sobre la seguridad avanzada y la resiliencia inteligente.\",\"breadcrumb\":{\"@id\":\"https:\/\/www.plexus.es\/uma-plexus-tech-catedra-ciberdefensa\/#breadcrumb\"},\"inLanguage\":\"de-DE\",\"potentialAction\":[{\"@type\":\"ReadAction\",\"target\":[\"https:\/\/www.plexus.es\/uma-plexus-tech-catedra-ciberdefensa\/\"]}]},{\"@type\":\"BreadcrumbList\",\"@id\":\"https:\/\/www.plexus.es\/uma-plexus-tech-catedra-ciberdefensa\/#breadcrumb\",\"itemListElement\":[{\"@type\":\"ListItem\",\"position\":1,\"name\":\"Home\",\"item\":\"https:\/\/www.plexus.es\/\"},{\"@type\":\"ListItem\",\"position\":2,\"name\":\"Acuerdo con la Universidad de M\\u00e1laga para crear una C\\u00e1tedra de Ciberdefensa\"}]},{\"@type\":\"Article\",\"@id\":\"https:\/\/www.plexus.es\/uma-plexus-tech-catedra-ciberdefensa\/#article\",\"isPartOf\":{\"@id\":\"https:\/\/www.plexus.es\/uma-plexus-tech-catedra-ciberdefensa\/#webpage\"},\"author\":{\"@id\":\"https:\/\/www.plexus.es\/#\/schema\/person\/8f02d5ce6d7b659fa68b0e90317c5171\"},\"headline\":\"Acuerdo con la Universidad de M\\u00e1laga para crear una C\\u00e1tedra de Ciberdefensa\",\"datePublished\":\"2024-12-19T12:23:46+00:00\",\"dateModified\":\"2025-01-09T15:16:43+00:00\",\"mainEntityOfPage\":{\"@id\":\"https:\/\/www.plexus.es\/uma-plexus-tech-catedra-ciberdefensa\/#webpage\"},\"wordCount\":1906,\"commentCount\":0,\"publisher\":{\"@id\":\"https:\/\/www.plexus.es\/#organization\"},\"image\":{\"@id\":\"https:\/\/www.plexus.es\/uma-plexus-tech-catedra-ciberdefensa\/#primaryimage\"},\"thumbnailUrl\":\"https:\/\/www.plexus.es\/wp-content\/uploads\/2024\/12\/IMG-20241218-WA0002.jpg\",\"articleSection\":[\"Ciberseguridad\",\"Nachrichten\",\"Tech&amp;Innovaci\\u00f3n\"],\"inLanguage\":\"de-DE\",\"potentialAction\":[{\"@type\":\"CommentAction\",\"name\":\"Comment\",\"target\":[\"https:\/\/www.plexus.es\/uma-plexus-tech-catedra-ciberdefensa\/#respond\"]}]},{\"@type\":\"Person\",\"@id\":\"https:\/\/www.plexus.es\/#\/schema\/person\/8f02d5ce6d7b659fa68b0e90317c5171\",\"name\":\"admin_plexus\",\"image\":{\"@type\":\"ImageObject\",\"@id\":\"https:\/\/www.plexus.es\/#personlogo\",\"inLanguage\":\"de-DE\",\"url\":\"https:\/\/secure.gravatar.com\/avatar\/c1d7caf9a4063a74393abcf91991e9cd?s=96&d=mm&r=g\",\"contentUrl\":\"https:\/\/secure.gravatar.com\/avatar\/c1d7caf9a4063a74393abcf91991e9cd?s=96&d=mm&r=g\",\"caption\":\"admin_plexus\"},\"sameAs\":[\"https:\/\/www.plexus.es\"]}]}<\/script>\n<!-- \/ Yoast SEO plugin. -->","yoast_head_json":{"title":"Plexus y la UMA firman un acuerdo para crear la C\u00e1tedra de Ciberdefensa","description":"La C\u00e1tedra de Ciberdefensa impulsar\u00e1 acciones formativas y de investigaci\u00f3n sobre la seguridad avanzada y la resiliencia inteligente.","robots":{"index":"index","follow":"follow","max-snippet":"max-snippet:-1","max-image-preview":"max-image-preview:large","max-video-preview":"max-video-preview:-1"},"canonical":"https:\/\/www.plexus.es\/uma-plexus-tech-catedra-ciberdefensa\/","og_locale":"de_DE","og_type":"article","og_title":"Plexus y la UMA firman un acuerdo para crear la C\u00e1tedra de Ciberdefensa","og_description":"La C\u00e1tedra de Ciberdefensa impulsar\u00e1 acciones formativas y de investigaci\u00f3n sobre la seguridad avanzada y la resiliencia inteligente.","og_url":"https:\/\/www.plexus.es\/uma-plexus-tech-catedra-ciberdefensa\/","og_site_name":"Plexus Tech","article_publisher":"https:\/\/www.facebook.com\/Plexus.Techno","article_published_time":"2024-12-19T12:23:46+00:00","article_modified_time":"2025-01-09T15:16:43+00:00","og_image":[{"width":1233,"height":780,"url":"https:\/\/www.plexus.es\/wp-content\/uploads\/2024\/12\/IMG-20241218-WA0002.jpg","type":"image\/jpeg"}],"twitter_card":"summary_large_image","twitter_creator":"@plexustech_","twitter_site":"@plexustech_","twitter_misc":{"Verfasst von":"admin_plexus","Gesch\u00e4tzte Lesezeit":"4 Minuten"},"schema":{"@context":"https:\/\/schema.org","@graph":[{"@type":"Organization","@id":"https:\/\/www.plexus.es\/#organization","name":"Plexus Tech","url":"https:\/\/www.plexus.es\/","sameAs":["https:\/\/www.facebook.com\/Plexus.Techno","https:\/\/www.instagram.com\/plexus.tech\/","https:\/\/www.linkedin.com\/company\/plexus-tech\/mycompany\/","https:\/\/www.youtube.com\/user\/tecnologiasplexus","https:\/\/twitter.com\/plexustech_"],"logo":{"@type":"ImageObject","@id":"https:\/\/www.plexus.es\/#logo","inLanguage":"de-DE","url":"https:\/\/www.plexus.es\/wp-content\/uploads\/2021\/11\/logo-plexus-2021.png","contentUrl":"https:\/\/www.plexus.es\/wp-content\/uploads\/2021\/11\/logo-plexus-2021.png","width":600,"height":600,"caption":"Plexus Tech"},"image":{"@id":"https:\/\/www.plexus.es\/#logo"}},{"@type":"WebSite","@id":"https:\/\/www.plexus.es\/#website","url":"https:\/\/www.plexus.es\/","name":"Plexus Tech","description":"Tecnolog\u00eda con Alma","publisher":{"@id":"https:\/\/www.plexus.es\/#organization"},"potentialAction":[{"@type":"SearchAction","target":{"@type":"EntryPoint","urlTemplate":"https:\/\/www.plexus.es\/?s={search_term_string}"},"query-input":"required name=search_term_string"}],"inLanguage":"de-DE"},{"@type":"ImageObject","@id":"https:\/\/www.plexus.es\/uma-plexus-tech-catedra-ciberdefensa\/#primaryimage","inLanguage":"de-DE","url":"https:\/\/www.plexus.es\/wp-content\/uploads\/2024\/12\/IMG-20241218-WA0002.jpg","contentUrl":"https:\/\/www.plexus.es\/wp-content\/uploads\/2024\/12\/IMG-20241218-WA0002.jpg","width":1233,"height":780,"caption":"El rector de la Universidad de M\u00e1laga, Teodomiro L\u00f3pez, y Crist\u00f3bal Ramos, socio-director de Plexus Tech, tras firmar el acuerdo que llevar\u00e1 al centro universitario a impartir una c\u00e1tedra de Ciberdefensa"},{"@type":"WebPage","@id":"https:\/\/www.plexus.es\/uma-plexus-tech-catedra-ciberdefensa\/#webpage","url":"https:\/\/www.plexus.es\/uma-plexus-tech-catedra-ciberdefensa\/","name":"Plexus y la UMA firman un acuerdo para crear la C\u00e1tedra de Ciberdefensa","isPartOf":{"@id":"https:\/\/www.plexus.es\/#website"},"primaryImageOfPage":{"@id":"https:\/\/www.plexus.es\/uma-plexus-tech-catedra-ciberdefensa\/#primaryimage"},"datePublished":"2024-12-19T12:23:46+00:00","dateModified":"2025-01-09T15:16:43+00:00","description":"La C\u00e1tedra de Ciberdefensa impulsar\u00e1 acciones formativas y de investigaci\u00f3n sobre la seguridad avanzada y la resiliencia inteligente.","breadcrumb":{"@id":"https:\/\/www.plexus.es\/uma-plexus-tech-catedra-ciberdefensa\/#breadcrumb"},"inLanguage":"de-DE","potentialAction":[{"@type":"ReadAction","target":["https:\/\/www.plexus.es\/uma-plexus-tech-catedra-ciberdefensa\/"]}]},{"@type":"BreadcrumbList","@id":"https:\/\/www.plexus.es\/uma-plexus-tech-catedra-ciberdefensa\/#breadcrumb","itemListElement":[{"@type":"ListItem","position":1,"name":"Home","item":"https:\/\/www.plexus.es\/"},{"@type":"ListItem","position":2,"name":"Acuerdo con la Universidad de M\u00e1laga para crear una C\u00e1tedra de Ciberdefensa"}]},{"@type":"Article","@id":"https:\/\/www.plexus.es\/uma-plexus-tech-catedra-ciberdefensa\/#article","isPartOf":{"@id":"https:\/\/www.plexus.es\/uma-plexus-tech-catedra-ciberdefensa\/#webpage"},"author":{"@id":"https:\/\/www.plexus.es\/#\/schema\/person\/8f02d5ce6d7b659fa68b0e90317c5171"},"headline":"Acuerdo con la Universidad de M\u00e1laga para crear una C\u00e1tedra de Ciberdefensa","datePublished":"2024-12-19T12:23:46+00:00","dateModified":"2025-01-09T15:16:43+00:00","mainEntityOfPage":{"@id":"https:\/\/www.plexus.es\/uma-plexus-tech-catedra-ciberdefensa\/#webpage"},"wordCount":1906,"commentCount":0,"publisher":{"@id":"https:\/\/www.plexus.es\/#organization"},"image":{"@id":"https:\/\/www.plexus.es\/uma-plexus-tech-catedra-ciberdefensa\/#primaryimage"},"thumbnailUrl":"https:\/\/www.plexus.es\/wp-content\/uploads\/2024\/12\/IMG-20241218-WA0002.jpg","articleSection":["Ciberseguridad","Nachrichten","Tech&amp;Innovaci\u00f3n"],"inLanguage":"de-DE","potentialAction":[{"@type":"CommentAction","name":"Comment","target":["https:\/\/www.plexus.es\/uma-plexus-tech-catedra-ciberdefensa\/#respond"]}]},{"@type":"Person","@id":"https:\/\/www.plexus.es\/#\/schema\/person\/8f02d5ce6d7b659fa68b0e90317c5171","name":"admin_plexus","image":{"@type":"ImageObject","@id":"https:\/\/www.plexus.es\/#personlogo","inLanguage":"de-DE","url":"https:\/\/secure.gravatar.com\/avatar\/c1d7caf9a4063a74393abcf91991e9cd?s=96&d=mm&r=g","contentUrl":"https:\/\/secure.gravatar.com\/avatar\/c1d7caf9a4063a74393abcf91991e9cd?s=96&d=mm&r=g","caption":"admin_plexus"},"sameAs":["https:\/\/www.plexus.es"]}]}},"_links":{"self":[{"href":"https:\/\/www.plexus.es\/de\/wp-json\/wp\/v2\/posts\/45600"}],"collection":[{"href":"https:\/\/www.plexus.es\/de\/wp-json\/wp\/v2\/posts"}],"about":[{"href":"https:\/\/www.plexus.es\/de\/wp-json\/wp\/v2\/types\/post"}],"author":[{"embeddable":true,"href":"https:\/\/www.plexus.es\/de\/wp-json\/wp\/v2\/users\/1"}],"replies":[{"embeddable":true,"href":"https:\/\/www.plexus.es\/de\/wp-json\/wp\/v2\/comments?post=45600"}],"version-history":[{"count":7,"href":"https:\/\/www.plexus.es\/de\/wp-json\/wp\/v2\/posts\/45600\/revisions"}],"predecessor-version":[{"id":45736,"href":"https:\/\/www.plexus.es\/de\/wp-json\/wp\/v2\/posts\/45600\/revisions\/45736"}],"wp:featuredmedia":[{"embeddable":true,"href":"https:\/\/www.plexus.es\/de\/wp-json\/wp\/v2\/media\/45602"}],"wp:attachment":[{"href":"https:\/\/www.plexus.es\/de\/wp-json\/wp\/v2\/media?parent=45600"}],"wp:term":[{"taxonomy":"category","embeddable":true,"href":"https:\/\/www.plexus.es\/de\/wp-json\/wp\/v2\/categories?post=45600"},{"taxonomy":"post_tag","embeddable":true,"href":"https:\/\/www.plexus.es\/de\/wp-json\/wp\/v2\/tags?post=45600"}],"curies":[{"name":"wp","href":"https:\/\/api.w.org\/{rel}","templated":true}]}}