{"id":46776,"date":"2025-04-08T17:23:25","date_gmt":"2025-04-08T15:23:25","guid":{"rendered":"https:\/\/www.plexus.es\/?p=46776"},"modified":"2025-04-24T16:48:56","modified_gmt":"2025-04-24T14:48:56","slug":"plexus-tech-presente-la-nit-2025-barcelona","status":"publish","type":"post","link":"https:\/\/www.plexus.es\/de\/plexus-tech-presente-la-nit-2025-barcelona\/","title":{"rendered":"Estamos presentes en La Nit de les Telecomunicacions i la Inform\u00e0tica de Barcelona"},"content":{"rendered":"<div class=\"fusion-fullwidth fullwidth-box fusion-builder-row-1 fusion-flex-container container-detail-news plexus_css nonhundred-percent-fullwidth non-hundred-percent-height-scrolling\" style=\"background-color: rgba(255,255,255,0);background-position: center center;background-repeat: no-repeat;border-width: 0px 0px 0px 0px;border-color:#e8ebef;border-style:solid;\" ><div class=\"fusion-builder-row fusion-row fusion-flex-align-items-flex-start\" style=\"max-width:1310.4px;margin-left: calc(-4% \/ 2 );margin-right: calc(-4% \/ 2 );\"><div class=\"fusion-layout-column fusion_builder_column fusion-builder-column-0 fusion_builder_column_1_1 1_1 fusion-flex-column fusion-flex-align-self-stretch\"><div class=\"fusion-column-wrapper fusion-flex-justify-content-center fusion-content-layout-column\" style=\"background-position:left top;background-repeat:no-repeat;-webkit-background-size:cover;-moz-background-size:cover;-o-background-size:cover;background-size:cover;padding: 0px 0px 0px 0px;\"><div style=\"text-align:center;\"><span class=\" fusion-imageframe imageframe-none imageframe-1 hover-type-none\" style=\"border-radius:12px;margin-top:0px;margin-right:0px;margin-bottom:0px;margin-left:0px;\"><a class=\"fusion-no-lightbox\" href=\"https:\/\/www.linkedin.com\/posts\/plexus-tech_goodnews-gemelosdigitales-platgdia-activity-7146514515004735488-uBrB?utm_source=share&amp;utm_medium=member_desktop\" target=\"_self\" aria-label=\"1743767141742\"><img width=\"1549\" height=\"1162\" alt=\"Equipo de Plexus e ItechGrup presentes en La Nit 2025 de Barcelona.\" src=\"https:\/\/www.plexus.es\/wp-content\/uploads\/2025\/04\/1743767141742.jpg\" data-orig-src=\"https:\/\/www.plexus.es\/wp-content\/uploads\/2025\/04\/1743767141742.jpg\" class=\"lazyload img-responsive wp-image-46780\" srcset=\"data:image\/svg+xml,%3Csvg%20xmlns%3D%27http%3A%2F%2Fwww.w3.org%2F2000%2Fsvg%27%20width%3D%271549%27%20height%3D%271162%27%20viewBox%3D%270%200%201549%201162%27%3E%3Crect%20width%3D%271549%27%20height%3D%271162%27%20fill-opacity%3D%220%22%2F%3E%3C%2Fsvg%3E\" data-srcset=\"https:\/\/www.plexus.es\/wp-content\/uploads\/2025\/04\/1743767141742-200x150.jpg 200w, https:\/\/www.plexus.es\/wp-content\/uploads\/2025\/04\/1743767141742-400x300.jpg 400w, https:\/\/www.plexus.es\/wp-content\/uploads\/2025\/04\/1743767141742-600x450.jpg 600w, https:\/\/www.plexus.es\/wp-content\/uploads\/2025\/04\/1743767141742-800x600.jpg 800w, https:\/\/www.plexus.es\/wp-content\/uploads\/2025\/04\/1743767141742-1200x900.jpg 1200w, https:\/\/www.plexus.es\/wp-content\/uploads\/2025\/04\/1743767141742.jpg 1549w\" data-sizes=\"auto\" data-orig-sizes=\"(max-width: 640px) 100vw, 1549px\" \/><\/a><\/span><\/div><\/div><style type=\"text\/css\">.fusion-body .fusion-builder-column-0{width:100% !important;margin-top : 0px;margin-bottom : 0px;}.fusion-builder-column-0 > .fusion-column-wrapper {padding-top : 0 !important;padding-right : 0px !important;margin-right : 1.92%;padding-bottom : 0 !important;padding-left : 0px !important;margin-left : 1.92%;}@media only screen and (max-width:1200px) {.fusion-body .fusion-builder-column-0{width:100% !important;order : 0;}.fusion-builder-column-0 > .fusion-column-wrapper {margin-right : 1.92%;margin-left : 1.92%;}}@media only screen and (max-width:640px) {.fusion-body .fusion-builder-column-0{width:100% !important;order : 0;}.fusion-builder-column-0 > .fusion-column-wrapper {margin-right : 1.92%;margin-left : 1.92%;}}<\/style><\/div><div class=\"fusion-layout-column fusion_builder_column fusion-builder-column-1 fusion_builder_column_1_1 1_1 fusion-flex-column\"><div class=\"fusion-column-wrapper fusion-flex-justify-content-flex-start fusion-content-layout-column\" style=\"background-position:left top;background-repeat:no-repeat;-webkit-background-size:cover;-moz-background-size:cover;-o-background-size:cover;background-size:cover;padding: 0px 0px 0px 0px;\"><div class=\"fusion-text fusion-text-1\"><h2>Junto a ITechGrup, Plexus Tech particip\u00f3 en La Nit 2025, evento de referencia en el ecosistema digital catal\u00e1n.<\/h2>\n<p>Plexus Tech y los compa\u00f1eros de <a href=\"https:\/\/www.itechgrup.com\/es\/inicio\/\" target=\"_blank\" rel=\"noopener\"><strong>ITechGrup by Plexus<\/strong> <\/a>participaron en la <strong>30\u00aa edici\u00f3n de La Nit 2025 de les Telecomunicacions i la Inform\u00e0tica de Barcelona<\/strong>. Un a\u00f1o m\u00e1s, la compa\u00f1\u00eda disfrut\u00f3 al m\u00e1ximo del evento de referencia en el ecosistema digital catal\u00e1n, compartiendo mucha tecnolog\u00eda e innovaci\u00f3n. Adem\u00e1s, tambi\u00e9n fue uno de los patrocinadores de este encuentro destacado para el sector.<\/p>\n<p>La cita sirvi\u00f3 para reconocer el talento, la innovaci\u00f3n y el impulso colectivo hacia <strong>una sociedad m\u00e1s digital y conectada<\/strong>. Por ello, desde Plexus Tech felicitan a las personas y empresas premiadas, as\u00ed como a la organizaci\u00f3n por estos 30 a\u00f1os impulsando el sector tecnol\u00f3gico.<\/p>\n<p>Asimismo, cabe destacar que la presencia en La Nit 2025, evento celebrado en L\u2019Auditori de Barcelona, sirvi\u00f3 tambi\u00e9n para <a href=\"https:\/\/www.plexus.es\/somos\/\" target=\"_blank\" rel=\"noopener\"><strong>poner en valor el papel de Plexus Tech en Catalu\u00f1a<\/strong><\/a>, comunidad en la que est\u00e1 muy presente.<\/p>\n<\/div><\/div><style type=\"text\/css\">.fusion-body .fusion-builder-column-1{width:100% !important;margin-top : 20px;margin-bottom : 20px;}.fusion-builder-column-1 > .fusion-column-wrapper {padding-top : 0px !important;padding-right : 0px !important;margin-right : 1.92%;padding-bottom : 0px !important;padding-left : 0px !important;margin-left : 1.92%;}@media only screen and (max-width:1200px) {.fusion-body .fusion-builder-column-1{width:100% !important;order : 0;}.fusion-builder-column-1 > .fusion-column-wrapper {margin-right : 1.92%;margin-left : 1.92%;}}@media only screen and (max-width:640px) {.fusion-body .fusion-builder-column-1{width:100% !important;order : 0;}.fusion-builder-column-1 > .fusion-column-wrapper {margin-right : 1.92%;margin-left : 1.92%;}}<\/style><\/div><\/div><style type=\"text\/css\">.fusion-body .fusion-flex-container.fusion-builder-row-1{ padding-top : 0px;margin-top : 0;padding-right : 0px;padding-bottom : 0px;margin-bottom : 0;padding-left : 0px;}<\/style><\/div>\n","protected":false},"excerpt":{"rendered":"<p>Junto a los compa\u00f1eros de ITechGrup, Plexus Tech particip\u00f3 en La Nit 2025, el evento de referencia en el ecosistema digital catal\u00e1n.<\/p>\n","protected":false},"author":1,"featured_media":46818,"comment_status":"open","ping_status":"open","sticky":false,"template":"","format":"standard","meta":[],"categories":[107,105],"tags":[],"yoast_head":"<!-- This site is optimized with the Yoast SEO plugin v17.4 - https:\/\/yoast.com\/wordpress\/plugins\/seo\/ -->\n<title>Plexus Tech presente en La Nit 2025 de Barcelona<\/title>\n<meta name=\"description\" content=\"Junto a los compa\u00f1eros de ITechGrup, Plexus Tech particip\u00f3 en La Nit 2025, evento de referencia en el ecosistema digital catal\u00e1n.\" \/>\n<meta name=\"robots\" content=\"index, follow, max-snippet:-1, max-image-preview:large, max-video-preview:-1\" \/>\n<link rel=\"canonical\" href=\"https:\/\/www.plexus.es\/plexus-tech-presente-la-nit-2025-barcelona\/\" \/>\n<meta property=\"og:locale\" content=\"de_DE\" \/>\n<meta property=\"og:type\" content=\"article\" \/>\n<meta property=\"og:title\" content=\"Plexus Tech presente en La Nit 2025 de Barcelona\" \/>\n<meta property=\"og:description\" content=\"Junto a los compa\u00f1eros de ITechGrup, Plexus Tech particip\u00f3 en La Nit 2025, evento de referencia en el ecosistema digital catal\u00e1n.\" \/>\n<meta property=\"og:url\" content=\"https:\/\/www.plexus.es\/plexus-tech-presente-la-nit-2025-barcelona\/\" \/>\n<meta property=\"og:site_name\" content=\"Plexus Tech\" \/>\n<meta property=\"article:publisher\" content=\"https:\/\/www.facebook.com\/Plexus.Techno\" \/>\n<meta property=\"article:published_time\" content=\"2025-04-08T15:23:25+00:00\" \/>\n<meta property=\"article:modified_time\" content=\"2025-04-24T14:48:56+00:00\" \/>\n<meta property=\"og:image\" content=\"https:\/\/www.plexus.es\/wp-content\/uploads\/2025\/02\/La-Nit-2025-de-Barcelona.png\" \/>\n\t<meta property=\"og:image:width\" content=\"949\" \/>\n\t<meta property=\"og:image:height\" content=\"601\" \/>\n<meta name=\"twitter:card\" content=\"summary_large_image\" \/>\n<meta name=\"twitter:creator\" content=\"@plexustech_\" \/>\n<meta name=\"twitter:site\" content=\"@plexustech_\" \/>\n<meta name=\"twitter:label1\" content=\"Verfasst von\" \/>\n\t<meta name=\"twitter:data1\" content=\"admin_plexus\" \/>\n\t<meta name=\"twitter:label2\" content=\"Gesch\u00e4tzte Lesezeit\" \/>\n\t<meta name=\"twitter:data2\" content=\"3 Minuten\" \/>\n<script type=\"application\/ld+json\" class=\"yoast-schema-graph\">{\"@context\":\"https:\/\/schema.org\",\"@graph\":[{\"@type\":\"Organization\",\"@id\":\"https:\/\/www.plexus.es\/#organization\",\"name\":\"Plexus Tech\",\"url\":\"https:\/\/www.plexus.es\/\",\"sameAs\":[\"https:\/\/www.facebook.com\/Plexus.Techno\",\"https:\/\/www.instagram.com\/plexus.tech\/\",\"https:\/\/www.linkedin.com\/company\/plexus-tech\/mycompany\/\",\"https:\/\/www.youtube.com\/user\/tecnologiasplexus\",\"https:\/\/twitter.com\/plexustech_\"],\"logo\":{\"@type\":\"ImageObject\",\"@id\":\"https:\/\/www.plexus.es\/#logo\",\"inLanguage\":\"de-DE\",\"url\":\"https:\/\/www.plexus.es\/wp-content\/uploads\/2021\/11\/logo-plexus-2021.png\",\"contentUrl\":\"https:\/\/www.plexus.es\/wp-content\/uploads\/2021\/11\/logo-plexus-2021.png\",\"width\":600,\"height\":600,\"caption\":\"Plexus Tech\"},\"image\":{\"@id\":\"https:\/\/www.plexus.es\/#logo\"}},{\"@type\":\"WebSite\",\"@id\":\"https:\/\/www.plexus.es\/#website\",\"url\":\"https:\/\/www.plexus.es\/\",\"name\":\"Plexus Tech\",\"description\":\"Tecnolog\\u00eda con Alma\",\"publisher\":{\"@id\":\"https:\/\/www.plexus.es\/#organization\"},\"potentialAction\":[{\"@type\":\"SearchAction\",\"target\":{\"@type\":\"EntryPoint\",\"urlTemplate\":\"https:\/\/www.plexus.es\/?s={search_term_string}\"},\"query-input\":\"required name=search_term_string\"}],\"inLanguage\":\"de-DE\"},{\"@type\":\"ImageObject\",\"@id\":\"https:\/\/www.plexus.es\/plexus-tech-presente-la-nit-2025-barcelona\/#primaryimage\",\"inLanguage\":\"de-DE\",\"url\":\"https:\/\/www.plexus.es\/wp-content\/uploads\/2025\/02\/La-Nit-2025-de-Barcelona.png\",\"contentUrl\":\"https:\/\/www.plexus.es\/wp-content\/uploads\/2025\/02\/La-Nit-2025-de-Barcelona.png\",\"width\":949,\"height\":601,\"caption\":\"Equipo de Plexus e ItechGrup presentes en La Nit 2025 de Barcelona.\"},{\"@type\":\"WebPage\",\"@id\":\"https:\/\/www.plexus.es\/plexus-tech-presente-la-nit-2025-barcelona\/#webpage\",\"url\":\"https:\/\/www.plexus.es\/plexus-tech-presente-la-nit-2025-barcelona\/\",\"name\":\"Plexus Tech presente en La Nit 2025 de Barcelona\",\"isPartOf\":{\"@id\":\"https:\/\/www.plexus.es\/#website\"},\"primaryImageOfPage\":{\"@id\":\"https:\/\/www.plexus.es\/plexus-tech-presente-la-nit-2025-barcelona\/#primaryimage\"},\"datePublished\":\"2025-04-08T15:23:25+00:00\",\"dateModified\":\"2025-04-24T14:48:56+00:00\",\"description\":\"Junto a los compa\\u00f1eros de ITechGrup, Plexus Tech particip\\u00f3 en La Nit 2025, evento de referencia en el ecosistema digital catal\\u00e1n.\",\"breadcrumb\":{\"@id\":\"https:\/\/www.plexus.es\/plexus-tech-presente-la-nit-2025-barcelona\/#breadcrumb\"},\"inLanguage\":\"de-DE\",\"potentialAction\":[{\"@type\":\"ReadAction\",\"target\":[\"https:\/\/www.plexus.es\/plexus-tech-presente-la-nit-2025-barcelona\/\"]}]},{\"@type\":\"BreadcrumbList\",\"@id\":\"https:\/\/www.plexus.es\/plexus-tech-presente-la-nit-2025-barcelona\/#breadcrumb\",\"itemListElement\":[{\"@type\":\"ListItem\",\"position\":1,\"name\":\"Home\",\"item\":\"https:\/\/www.plexus.es\/\"},{\"@type\":\"ListItem\",\"position\":2,\"name\":\"Estamos presentes en La Nit de les Telecomunicacions i la Inform\\u00e0tica de Barcelona\"}]},{\"@type\":\"Article\",\"@id\":\"https:\/\/www.plexus.es\/plexus-tech-presente-la-nit-2025-barcelona\/#article\",\"isPartOf\":{\"@id\":\"https:\/\/www.plexus.es\/plexus-tech-presente-la-nit-2025-barcelona\/#webpage\"},\"author\":{\"@id\":\"https:\/\/www.plexus.es\/#\/schema\/person\/8f02d5ce6d7b659fa68b0e90317c5171\"},\"headline\":\"Estamos presentes en La Nit de les Telecomunicacions i la Inform\\u00e0tica de Barcelona\",\"datePublished\":\"2025-04-08T15:23:25+00:00\",\"dateModified\":\"2025-04-24T14:48:56+00:00\",\"mainEntityOfPage\":{\"@id\":\"https:\/\/www.plexus.es\/plexus-tech-presente-la-nit-2025-barcelona\/#webpage\"},\"wordCount\":1271,\"commentCount\":0,\"publisher\":{\"@id\":\"https:\/\/www.plexus.es\/#organization\"},\"image\":{\"@id\":\"https:\/\/www.plexus.es\/plexus-tech-presente-la-nit-2025-barcelona\/#primaryimage\"},\"thumbnailUrl\":\"https:\/\/www.plexus.es\/wp-content\/uploads\/2025\/02\/La-Nit-2025-de-Barcelona.png\",\"articleSection\":[\"Eventos\",\"Tech&amp;Innovaci\\u00f3n\"],\"inLanguage\":\"de-DE\",\"potentialAction\":[{\"@type\":\"CommentAction\",\"name\":\"Comment\",\"target\":[\"https:\/\/www.plexus.es\/plexus-tech-presente-la-nit-2025-barcelona\/#respond\"]}]},{\"@type\":\"Person\",\"@id\":\"https:\/\/www.plexus.es\/#\/schema\/person\/8f02d5ce6d7b659fa68b0e90317c5171\",\"name\":\"admin_plexus\",\"image\":{\"@type\":\"ImageObject\",\"@id\":\"https:\/\/www.plexus.es\/#personlogo\",\"inLanguage\":\"de-DE\",\"url\":\"https:\/\/secure.gravatar.com\/avatar\/c1d7caf9a4063a74393abcf91991e9cd?s=96&d=mm&r=g\",\"contentUrl\":\"https:\/\/secure.gravatar.com\/avatar\/c1d7caf9a4063a74393abcf91991e9cd?s=96&d=mm&r=g\",\"caption\":\"admin_plexus\"},\"sameAs\":[\"https:\/\/www.plexus.es\"]}]}<\/script>\n<!-- \/ Yoast SEO plugin. -->","yoast_head_json":{"title":"Plexus Tech presente en La Nit 2025 de Barcelona","description":"Junto a los compa\u00f1eros de ITechGrup, Plexus Tech particip\u00f3 en La Nit 2025, evento de referencia en el ecosistema digital catal\u00e1n.","robots":{"index":"index","follow":"follow","max-snippet":"max-snippet:-1","max-image-preview":"max-image-preview:large","max-video-preview":"max-video-preview:-1"},"canonical":"https:\/\/www.plexus.es\/plexus-tech-presente-la-nit-2025-barcelona\/","og_locale":"de_DE","og_type":"article","og_title":"Plexus Tech presente en La Nit 2025 de Barcelona","og_description":"Junto a los compa\u00f1eros de ITechGrup, Plexus Tech particip\u00f3 en La Nit 2025, evento de referencia en el ecosistema digital catal\u00e1n.","og_url":"https:\/\/www.plexus.es\/plexus-tech-presente-la-nit-2025-barcelona\/","og_site_name":"Plexus Tech","article_publisher":"https:\/\/www.facebook.com\/Plexus.Techno","article_published_time":"2025-04-08T15:23:25+00:00","article_modified_time":"2025-04-24T14:48:56+00:00","og_image":[{"width":949,"height":601,"url":"https:\/\/www.plexus.es\/wp-content\/uploads\/2025\/02\/La-Nit-2025-de-Barcelona.png","type":"image\/png"}],"twitter_card":"summary_large_image","twitter_creator":"@plexustech_","twitter_site":"@plexustech_","twitter_misc":{"Verfasst von":"admin_plexus","Gesch\u00e4tzte Lesezeit":"3 Minuten"},"schema":{"@context":"https:\/\/schema.org","@graph":[{"@type":"Organization","@id":"https:\/\/www.plexus.es\/#organization","name":"Plexus Tech","url":"https:\/\/www.plexus.es\/","sameAs":["https:\/\/www.facebook.com\/Plexus.Techno","https:\/\/www.instagram.com\/plexus.tech\/","https:\/\/www.linkedin.com\/company\/plexus-tech\/mycompany\/","https:\/\/www.youtube.com\/user\/tecnologiasplexus","https:\/\/twitter.com\/plexustech_"],"logo":{"@type":"ImageObject","@id":"https:\/\/www.plexus.es\/#logo","inLanguage":"de-DE","url":"https:\/\/www.plexus.es\/wp-content\/uploads\/2021\/11\/logo-plexus-2021.png","contentUrl":"https:\/\/www.plexus.es\/wp-content\/uploads\/2021\/11\/logo-plexus-2021.png","width":600,"height":600,"caption":"Plexus Tech"},"image":{"@id":"https:\/\/www.plexus.es\/#logo"}},{"@type":"WebSite","@id":"https:\/\/www.plexus.es\/#website","url":"https:\/\/www.plexus.es\/","name":"Plexus Tech","description":"Tecnolog\u00eda con Alma","publisher":{"@id":"https:\/\/www.plexus.es\/#organization"},"potentialAction":[{"@type":"SearchAction","target":{"@type":"EntryPoint","urlTemplate":"https:\/\/www.plexus.es\/?s={search_term_string}"},"query-input":"required name=search_term_string"}],"inLanguage":"de-DE"},{"@type":"ImageObject","@id":"https:\/\/www.plexus.es\/plexus-tech-presente-la-nit-2025-barcelona\/#primaryimage","inLanguage":"de-DE","url":"https:\/\/www.plexus.es\/wp-content\/uploads\/2025\/02\/La-Nit-2025-de-Barcelona.png","contentUrl":"https:\/\/www.plexus.es\/wp-content\/uploads\/2025\/02\/La-Nit-2025-de-Barcelona.png","width":949,"height":601,"caption":"Equipo de Plexus e ItechGrup presentes en La Nit 2025 de Barcelona."},{"@type":"WebPage","@id":"https:\/\/www.plexus.es\/plexus-tech-presente-la-nit-2025-barcelona\/#webpage","url":"https:\/\/www.plexus.es\/plexus-tech-presente-la-nit-2025-barcelona\/","name":"Plexus Tech presente en La Nit 2025 de Barcelona","isPartOf":{"@id":"https:\/\/www.plexus.es\/#website"},"primaryImageOfPage":{"@id":"https:\/\/www.plexus.es\/plexus-tech-presente-la-nit-2025-barcelona\/#primaryimage"},"datePublished":"2025-04-08T15:23:25+00:00","dateModified":"2025-04-24T14:48:56+00:00","description":"Junto a los compa\u00f1eros de ITechGrup, Plexus Tech particip\u00f3 en La Nit 2025, evento de referencia en el ecosistema digital catal\u00e1n.","breadcrumb":{"@id":"https:\/\/www.plexus.es\/plexus-tech-presente-la-nit-2025-barcelona\/#breadcrumb"},"inLanguage":"de-DE","potentialAction":[{"@type":"ReadAction","target":["https:\/\/www.plexus.es\/plexus-tech-presente-la-nit-2025-barcelona\/"]}]},{"@type":"BreadcrumbList","@id":"https:\/\/www.plexus.es\/plexus-tech-presente-la-nit-2025-barcelona\/#breadcrumb","itemListElement":[{"@type":"ListItem","position":1,"name":"Home","item":"https:\/\/www.plexus.es\/"},{"@type":"ListItem","position":2,"name":"Estamos presentes en La Nit de les Telecomunicacions i la Inform\u00e0tica de Barcelona"}]},{"@type":"Article","@id":"https:\/\/www.plexus.es\/plexus-tech-presente-la-nit-2025-barcelona\/#article","isPartOf":{"@id":"https:\/\/www.plexus.es\/plexus-tech-presente-la-nit-2025-barcelona\/#webpage"},"author":{"@id":"https:\/\/www.plexus.es\/#\/schema\/person\/8f02d5ce6d7b659fa68b0e90317c5171"},"headline":"Estamos presentes en La Nit de les Telecomunicacions i la Inform\u00e0tica de Barcelona","datePublished":"2025-04-08T15:23:25+00:00","dateModified":"2025-04-24T14:48:56+00:00","mainEntityOfPage":{"@id":"https:\/\/www.plexus.es\/plexus-tech-presente-la-nit-2025-barcelona\/#webpage"},"wordCount":1271,"commentCount":0,"publisher":{"@id":"https:\/\/www.plexus.es\/#organization"},"image":{"@id":"https:\/\/www.plexus.es\/plexus-tech-presente-la-nit-2025-barcelona\/#primaryimage"},"thumbnailUrl":"https:\/\/www.plexus.es\/wp-content\/uploads\/2025\/02\/La-Nit-2025-de-Barcelona.png","articleSection":["Eventos","Tech&amp;Innovaci\u00f3n"],"inLanguage":"de-DE","potentialAction":[{"@type":"CommentAction","name":"Comment","target":["https:\/\/www.plexus.es\/plexus-tech-presente-la-nit-2025-barcelona\/#respond"]}]},{"@type":"Person","@id":"https:\/\/www.plexus.es\/#\/schema\/person\/8f02d5ce6d7b659fa68b0e90317c5171","name":"admin_plexus","image":{"@type":"ImageObject","@id":"https:\/\/www.plexus.es\/#personlogo","inLanguage":"de-DE","url":"https:\/\/secure.gravatar.com\/avatar\/c1d7caf9a4063a74393abcf91991e9cd?s=96&d=mm&r=g","contentUrl":"https:\/\/secure.gravatar.com\/avatar\/c1d7caf9a4063a74393abcf91991e9cd?s=96&d=mm&r=g","caption":"admin_plexus"},"sameAs":["https:\/\/www.plexus.es"]}]}},"_links":{"self":[{"href":"https:\/\/www.plexus.es\/de\/wp-json\/wp\/v2\/posts\/46776"}],"collection":[{"href":"https:\/\/www.plexus.es\/de\/wp-json\/wp\/v2\/posts"}],"about":[{"href":"https:\/\/www.plexus.es\/de\/wp-json\/wp\/v2\/types\/post"}],"author":[{"embeddable":true,"href":"https:\/\/www.plexus.es\/de\/wp-json\/wp\/v2\/users\/1"}],"replies":[{"embeddable":true,"href":"https:\/\/www.plexus.es\/de\/wp-json\/wp\/v2\/comments?post=46776"}],"version-history":[{"count":9,"href":"https:\/\/www.plexus.es\/de\/wp-json\/wp\/v2\/posts\/46776\/revisions"}],"predecessor-version":[{"id":47071,"href":"https:\/\/www.plexus.es\/de\/wp-json\/wp\/v2\/posts\/46776\/revisions\/47071"}],"wp:featuredmedia":[{"embeddable":true,"href":"https:\/\/www.plexus.es\/de\/wp-json\/wp\/v2\/media\/46818"}],"wp:attachment":[{"href":"https:\/\/www.plexus.es\/de\/wp-json\/wp\/v2\/media?parent=46776"}],"wp:term":[{"taxonomy":"category","embeddable":true,"href":"https:\/\/www.plexus.es\/de\/wp-json\/wp\/v2\/categories?post=46776"},{"taxonomy":"post_tag","embeddable":true,"href":"https:\/\/www.plexus.es\/de\/wp-json\/wp\/v2\/tags?post=46776"}],"curies":[{"name":"wp","href":"https:\/\/api.w.org\/{rel}","templated":true}]}}