{"id":46789,"date":"2025-03-18T16:55:42","date_gmt":"2025-03-18T15:55:42","guid":{"rendered":"https:\/\/www.plexus.es\/?p=46789"},"modified":"2025-04-09T09:21:50","modified_gmt":"2025-04-09T07:21:50","slug":"impacto-ia-generativa-desarrollo-software-evento-vitae-consultores","status":"publish","type":"post","link":"https:\/\/www.plexus.es\/de\/impacto-ia-generativa-desarrollo-software-evento-vitae-consultores\/","title":{"rendered":"El impacto de la IA Generativa en el desarrollo de software: lo tratamos con Vitae Consultores"},"content":{"rendered":"<div class=\"fusion-fullwidth fullwidth-box fusion-builder-row-1 fusion-flex-container container-detail-news plexus_css nonhundred-percent-fullwidth non-hundred-percent-height-scrolling\" style=\"background-color: rgba(255,255,255,0);background-position: center center;background-repeat: no-repeat;border-width: 0px 0px 0px 0px;border-color:#e8ebef;border-style:solid;\" ><div class=\"fusion-builder-row fusion-row fusion-flex-align-items-flex-start\" style=\"max-width:1310.4px;margin-left: calc(-4% \/ 2 );margin-right: calc(-4% \/ 2 );\"><div class=\"fusion-layout-column fusion_builder_column fusion-builder-column-0 fusion_builder_column_1_2 1_2 fusion-flex-column fusion-flex-align-self-stretch\"><div class=\"fusion-column-wrapper fusion-flex-justify-content-center fusion-content-layout-column\" style=\"background-position:left top;background-repeat:no-repeat;-webkit-background-size:cover;-moz-background-size:cover;-o-background-size:cover;background-size:cover;padding: 0px 0px 0px 0px;\"><div style=\"text-align:center;\"><span class=\" fusion-imageframe imageframe-none imageframe-1 hover-type-none\" style=\"border-radius:12px;margin-top:0px;margin-right:0px;margin-bottom:0px;margin-left:0px;\"><a class=\"fusion-no-lightbox\" href=\"https:\/\/www.linkedin.com\/posts\/plexus-tech_goodnews-gemelosdigitales-platgdia-activity-7146514515004735488-uBrB?utm_source=share&amp;utm_medium=member_desktop\" target=\"_self\" aria-label=\"1742216381948\"><img width=\"300\" height=\"225\" alt=\"Juan Mart\u00ednez Neira, director de Desarrollo de Plexus Tech, acompa\u00f1ado por \" src=\"https:\/\/www.plexus.es\/wp-content\/uploads\/2025\/04\/1742216381948.jpg\" data-orig-src=\"https:\/\/www.plexus.es\/wp-content\/uploads\/2025\/04\/1742216381948-300x225.jpg\" class=\"lazyload img-responsive wp-image-46793\" srcset=\"data:image\/svg+xml,%3Csvg%20xmlns%3D%27http%3A%2F%2Fwww.w3.org%2F2000%2Fsvg%27%20width%3D%271024%27%20height%3D%27768%27%20viewBox%3D%270%200%201024%20768%27%3E%3Crect%20width%3D%271024%27%20height%3D%27768%27%20fill-opacity%3D%220%22%2F%3E%3C%2Fsvg%3E\" data-srcset=\"https:\/\/www.plexus.es\/wp-content\/uploads\/2025\/04\/1742216381948-200x150.jpg 200w, https:\/\/www.plexus.es\/wp-content\/uploads\/2025\/04\/1742216381948-400x300.jpg 400w, https:\/\/www.plexus.es\/wp-content\/uploads\/2025\/04\/1742216381948-600x450.jpg 600w, https:\/\/www.plexus.es\/wp-content\/uploads\/2025\/04\/1742216381948-800x600.jpg 800w, https:\/\/www.plexus.es\/wp-content\/uploads\/2025\/04\/1742216381948.jpg 1024w\" data-sizes=\"auto\" data-orig-sizes=\"(max-width: 640px) 100vw, 600px\" \/><\/a><\/span><\/div><\/div><style type=\"text\/css\">.fusion-body .fusion-builder-column-0{width:50% !important;margin-top : 0px;margin-bottom : 0px;}.fusion-builder-column-0 > .fusion-column-wrapper {padding-top : 0 !important;padding-right : 0px !important;margin-right : 3.84%;padding-bottom : 0 !important;padding-left : 0px !important;margin-left : 3.84%;}@media only screen and (max-width:1200px) {.fusion-body .fusion-builder-column-0{width:50% !important;order : 0;}.fusion-builder-column-0 > .fusion-column-wrapper {margin-right : 3.84%;margin-left : 3.84%;}}@media only screen and (max-width:640px) {.fusion-body .fusion-builder-column-0{width:100% !important;order : 0;}.fusion-builder-column-0 > .fusion-column-wrapper {margin-right : 1.92%;margin-left : 1.92%;}}<\/style><\/div><div class=\"fusion-layout-column fusion_builder_column fusion-builder-column-1 fusion_builder_column_1_2 1_2 fusion-flex-column fusion-flex-align-self-stretch\"><div class=\"fusion-column-wrapper fusion-flex-justify-content-center fusion-content-layout-column\" style=\"background-position:left top;background-repeat:no-repeat;-webkit-background-size:cover;-moz-background-size:cover;-o-background-size:cover;background-size:cover;padding: 0px 0px 0px 0px;\"><div style=\"text-align:center;\"><span class=\" fusion-imageframe imageframe-none imageframe-2 hover-type-none\" style=\"border-radius:12px;margin-top:0px;margin-right:0px;margin-bottom:0px;margin-left:0px;\"><a class=\"fusion-no-lightbox\" href=\"https:\/\/www.linkedin.com\/posts\/plexus-tech_goodnews-gemelosdigitales-platgdia-activity-7146514515004735488-uBrB?utm_source=share&amp;utm_medium=member_desktop\" target=\"_self\" aria-label=\"1742216382024\"><img width=\"300\" height=\"225\" alt=\"Juan Mart\u00ednez Neira, durante su ponencia sobre el uso de la IA Generativa en el desarrollo de Software.\" src=\"https:\/\/www.plexus.es\/wp-content\/uploads\/2025\/04\/1742216382024.jpg\" data-orig-src=\"https:\/\/www.plexus.es\/wp-content\/uploads\/2025\/04\/1742216382024-300x225.jpg\" class=\"lazyload img-responsive wp-image-46799\" srcset=\"data:image\/svg+xml,%3Csvg%20xmlns%3D%27http%3A%2F%2Fwww.w3.org%2F2000%2Fsvg%27%20width%3D%271024%27%20height%3D%27768%27%20viewBox%3D%270%200%201024%20768%27%3E%3Crect%20width%3D%271024%27%20height%3D%27768%27%20fill-opacity%3D%220%22%2F%3E%3C%2Fsvg%3E\" data-srcset=\"https:\/\/www.plexus.es\/wp-content\/uploads\/2025\/04\/1742216382024-200x150.jpg 200w, https:\/\/www.plexus.es\/wp-content\/uploads\/2025\/04\/1742216382024-400x300.jpg 400w, https:\/\/www.plexus.es\/wp-content\/uploads\/2025\/04\/1742216382024-600x450.jpg 600w, https:\/\/www.plexus.es\/wp-content\/uploads\/2025\/04\/1742216382024-800x600.jpg 800w, https:\/\/www.plexus.es\/wp-content\/uploads\/2025\/04\/1742216382024.jpg 1024w\" data-sizes=\"auto\" data-orig-sizes=\"(max-width: 640px) 100vw, 600px\" \/><\/a><\/span><\/div><\/div><style type=\"text\/css\">.fusion-body .fusion-builder-column-1{width:50% !important;margin-top : 0px;margin-bottom : 0px;}.fusion-builder-column-1 > .fusion-column-wrapper {padding-top : 0 !important;padding-right : 0px !important;margin-right : 3.84%;padding-bottom : 0 !important;padding-left : 0px !important;margin-left : 3.84%;}@media only screen and (max-width:1200px) {.fusion-body .fusion-builder-column-1{width:50% !important;order : 0;}.fusion-builder-column-1 > .fusion-column-wrapper {margin-right : 3.84%;margin-left : 3.84%;}}@media only screen and (max-width:640px) {.fusion-body .fusion-builder-column-1{width:100% !important;order : 0;}.fusion-builder-column-1 > .fusion-column-wrapper {margin-right : 1.92%;margin-left : 1.92%;}}<\/style><\/div><div class=\"fusion-layout-column fusion_builder_column fusion-builder-column-2 fusion_builder_column_1_1 1_1 fusion-flex-column\"><div class=\"fusion-column-wrapper fusion-flex-justify-content-flex-start fusion-content-layout-column\" style=\"background-position:left top;background-repeat:no-repeat;-webkit-background-size:cover;-moz-background-size:cover;-o-background-size:cover;background-size:cover;padding: 0px 0px 0px 0px;\"><div class=\"fusion-text fusion-text-1\"><h2>Juan Mart\u00ednez Neira, director de Desarrollo de Plexus Tech, imparti\u00f3 una ponencia sobre el impacto econ\u00f3mico de la IA Generativa en el sector en el encuentro organizado en la Cidade das TIC.<\/h2>\n<p>\u00bfHa venido para quedarse la<strong> IA Generativa<\/strong> en el desarrollo de Software? Bajo esa pregunta, el <strong>director de Desarrollo de Plexus Tech, Juan Mart\u00ednez Neira<\/strong>, particip\u00f3 en el evento organizado por Vitae Consultores en la Cidade das TIC de A Coru\u00f1a. El experto imparti\u00f3 una <strong>ponencia clave sobre el impacto econ\u00f3mico y las expectativas reales<\/strong> de implementaci\u00f3n a corto plazo de esta tecnolog\u00eda.<\/p>\n<p>Durante su conferencia, Juan Mart\u00ednez <strong>Neira aport\u00f3 una visi\u00f3n crucial sobre el posible uso de la IA Generativa en el desarrollo de software<\/strong>. En este sentido, remarc\u00f3 su utilidad, aunque poniendo de manifiesto que su potencial est\u00e1 por verse.<\/p>\n<p>As\u00ed, el director de Desarrollo de Plexus Tech coincidi\u00f3 en su exposici\u00f3n con las ideas compartidas tambi\u00e9n por los otros dos expertos participantes en la cita: Carlos J. Escudero Casc\u00f3n de la Universidad de A Coru\u00f1a (UDC) y Carlos Gonzalez Jardon, PMP de Abanca.<\/p>\n<p>De este modo, fue <strong>un evento lleno de aprendizajes y reflexiones sobre c\u00f3mo la tecnolog\u00eda est\u00e1 moldeando el futuro del desarrollo<\/strong>. Como apuntan los organizadores, entre ideas generadas y las respuestas aportadas, destacaron varios titulares:<\/p>\n<ul>\n<li><strong><a href=\"https:\/\/www.plexus.es\/servicios\/ia\/\" target=\"_blank\" rel=\"noopener\">La IA en el desarrollo de software es una realidad<\/a>, pero las expectativas todav\u00eda son promesas<\/strong> que el futuro dir\u00e1 si son exageras o no.<\/li>\n<li><strong>El impacto<\/strong> en las organizaciones de la IA en la actualidad <strong>es todav\u00eda escaso.<\/strong> Aun as\u00ed, destaca su uso en la ayuda en la &#8222;resoluci\u00f3n de problemas de codificaci\u00f3n&#8220;, su alta utilidad en &#8222;Testing&#8220; y en generar &#8222;documentaci\u00f3n&#8220;.<\/li>\n<li>La IA en el desarrollo de Software es una <strong>tecnolog\u00eda \u00fatil que ha venido para quedarse y usarse<\/strong>.<\/li>\n<\/ul>\n<p>Sin duda, una cita que se puede catalogar como un \u00e9xito, de la que disfrutaron las decenas de asistentes presentes <strong>en la <a href=\"https:\/\/www.cidadedastic.gal\/\" target=\"_blank\" rel=\"noopener\">Cidade das TIC<\/a>.<\/strong><\/p>\n<\/div><\/div><style type=\"text\/css\">.fusion-body .fusion-builder-column-2{width:100% !important;margin-top : 20px;margin-bottom : 20px;}.fusion-builder-column-2 > .fusion-column-wrapper {padding-top : 0px !important;padding-right : 0px !important;margin-right : 1.92%;padding-bottom : 0px !important;padding-left : 0px !important;margin-left : 1.92%;}@media only screen and (max-width:1200px) {.fusion-body .fusion-builder-column-2{width:100% !important;order : 0;}.fusion-builder-column-2 > .fusion-column-wrapper {margin-right : 1.92%;margin-left : 1.92%;}}@media only screen and (max-width:640px) {.fusion-body .fusion-builder-column-2{width:100% !important;order : 0;}.fusion-builder-column-2 > .fusion-column-wrapper {margin-right : 1.92%;margin-left : 1.92%;}}<\/style><\/div><\/div><style type=\"text\/css\">.fusion-body .fusion-flex-container.fusion-builder-row-1{ padding-top : 0px;margin-top : 0;padding-right : 0px;padding-bottom : 0px;margin-bottom : 0;padding-left : 0px;}<\/style><\/div>\n","protected":false},"excerpt":{"rendered":"<p>Juan Mart\u00ednez Neira, director de Desarrollo de Plexus Tech, imparti\u00f3 una ponencia sobre el impacto econ\u00f3mico de la IA en el sector.<\/p>\n","protected":false},"author":1,"featured_media":46806,"comment_status":"open","ping_status":"open","sticky":false,"template":"","format":"standard","meta":[],"categories":[107,211,105],"tags":[],"yoast_head":"<!-- This site is optimized with the Yoast SEO plugin v17.4 - https:\/\/yoast.com\/wordpress\/plugins\/seo\/ -->\n<title>El impacto de la IA Generativa en el desarrollo de software<\/title>\n<meta name=\"description\" content=\"Juan Mart\u00ednez Neira, director de Desarrollo de Plexus Tech, imparti\u00f3 una ponencia sobre el impacto econ\u00f3mico de la IA Generativa en el sector.\" \/>\n<meta name=\"robots\" content=\"index, follow, max-snippet:-1, max-image-preview:large, max-video-preview:-1\" \/>\n<link rel=\"canonical\" href=\"https:\/\/www.plexus.es\/impacto-ia-generativa-desarrollo-software-evento-vitae-consultores\/\" \/>\n<meta property=\"og:locale\" content=\"de_DE\" \/>\n<meta property=\"og:type\" content=\"article\" \/>\n<meta property=\"og:title\" content=\"El impacto de la IA Generativa en el desarrollo de software\" \/>\n<meta property=\"og:description\" content=\"Juan Mart\u00ednez Neira, director de Desarrollo de Plexus Tech, imparti\u00f3 una ponencia sobre el impacto econ\u00f3mico de la IA Generativa en el sector.\" \/>\n<meta property=\"og:url\" content=\"https:\/\/www.plexus.es\/impacto-ia-generativa-desarrollo-software-evento-vitae-consultores\/\" \/>\n<meta property=\"og:site_name\" content=\"Plexus Tech\" \/>\n<meta property=\"article:publisher\" content=\"https:\/\/www.facebook.com\/Plexus.Techno\" \/>\n<meta property=\"article:published_time\" content=\"2025-03-18T15:55:42+00:00\" \/>\n<meta property=\"article:modified_time\" content=\"2025-04-09T07:21:50+00:00\" \/>\n<meta property=\"og:image\" content=\"https:\/\/www.plexus.es\/wp-content\/uploads\/2025\/02\/Juan-Martinez-Neira-evento-Vitae-Consultadores-IA-Generativa.png\" \/>\n\t<meta property=\"og:image:width\" content=\"949\" \/>\n\t<meta property=\"og:image:height\" content=\"601\" \/>\n<meta name=\"twitter:card\" content=\"summary_large_image\" \/>\n<meta name=\"twitter:creator\" content=\"@plexustech_\" \/>\n<meta name=\"twitter:site\" content=\"@plexustech_\" \/>\n<meta name=\"twitter:label1\" content=\"Verfasst von\" \/>\n\t<meta name=\"twitter:data1\" content=\"admin_plexus\" \/>\n\t<meta name=\"twitter:label2\" content=\"Gesch\u00e4tzte Lesezeit\" \/>\n\t<meta name=\"twitter:data2\" content=\"4 Minuten\" \/>\n<script type=\"application\/ld+json\" class=\"yoast-schema-graph\">{\"@context\":\"https:\/\/schema.org\",\"@graph\":[{\"@type\":\"Organization\",\"@id\":\"https:\/\/www.plexus.es\/#organization\",\"name\":\"Plexus Tech\",\"url\":\"https:\/\/www.plexus.es\/\",\"sameAs\":[\"https:\/\/www.facebook.com\/Plexus.Techno\",\"https:\/\/www.instagram.com\/plexus.tech\/\",\"https:\/\/www.linkedin.com\/company\/plexus-tech\/mycompany\/\",\"https:\/\/www.youtube.com\/user\/tecnologiasplexus\",\"https:\/\/twitter.com\/plexustech_\"],\"logo\":{\"@type\":\"ImageObject\",\"@id\":\"https:\/\/www.plexus.es\/#logo\",\"inLanguage\":\"de-DE\",\"url\":\"https:\/\/www.plexus.es\/wp-content\/uploads\/2021\/11\/logo-plexus-2021.png\",\"contentUrl\":\"https:\/\/www.plexus.es\/wp-content\/uploads\/2021\/11\/logo-plexus-2021.png\",\"width\":600,\"height\":600,\"caption\":\"Plexus Tech\"},\"image\":{\"@id\":\"https:\/\/www.plexus.es\/#logo\"}},{\"@type\":\"WebSite\",\"@id\":\"https:\/\/www.plexus.es\/#website\",\"url\":\"https:\/\/www.plexus.es\/\",\"name\":\"Plexus Tech\",\"description\":\"Tecnolog\\u00eda con Alma\",\"publisher\":{\"@id\":\"https:\/\/www.plexus.es\/#organization\"},\"potentialAction\":[{\"@type\":\"SearchAction\",\"target\":{\"@type\":\"EntryPoint\",\"urlTemplate\":\"https:\/\/www.plexus.es\/?s={search_term_string}\"},\"query-input\":\"required name=search_term_string\"}],\"inLanguage\":\"de-DE\"},{\"@type\":\"ImageObject\",\"@id\":\"https:\/\/www.plexus.es\/impacto-ia-generativa-desarrollo-software-evento-vitae-consultores\/#primaryimage\",\"inLanguage\":\"de-DE\",\"url\":\"https:\/\/www.plexus.es\/wp-content\/uploads\/2025\/02\/Juan-Martinez-Neira-evento-Vitae-Consultadores-IA-Generativa.png\",\"contentUrl\":\"https:\/\/www.plexus.es\/wp-content\/uploads\/2025\/02\/Juan-Martinez-Neira-evento-Vitae-Consultadores-IA-Generativa.png\",\"width\":949,\"height\":601,\"caption\":\"Juan Mart\\u00ednez Neira, director de Desarrollo de Plexus Tech, acompa\\u00f1ado por Carlos J. Escudero, de la UDC, y Carlos Gonzalez, de Abanca.; en el evento sobre IA Generativa celebrado por Vitae Consultores en la Cidade das TIC\"},{\"@type\":\"WebPage\",\"@id\":\"https:\/\/www.plexus.es\/impacto-ia-generativa-desarrollo-software-evento-vitae-consultores\/#webpage\",\"url\":\"https:\/\/www.plexus.es\/impacto-ia-generativa-desarrollo-software-evento-vitae-consultores\/\",\"name\":\"El impacto de la IA Generativa en el desarrollo de software\",\"isPartOf\":{\"@id\":\"https:\/\/www.plexus.es\/#website\"},\"primaryImageOfPage\":{\"@id\":\"https:\/\/www.plexus.es\/impacto-ia-generativa-desarrollo-software-evento-vitae-consultores\/#primaryimage\"},\"datePublished\":\"2025-03-18T15:55:42+00:00\",\"dateModified\":\"2025-04-09T07:21:50+00:00\",\"description\":\"Juan Mart\\u00ednez Neira, director de Desarrollo de Plexus Tech, imparti\\u00f3 una ponencia sobre el impacto econ\\u00f3mico de la IA Generativa en el sector.\",\"breadcrumb\":{\"@id\":\"https:\/\/www.plexus.es\/impacto-ia-generativa-desarrollo-software-evento-vitae-consultores\/#breadcrumb\"},\"inLanguage\":\"de-DE\",\"potentialAction\":[{\"@type\":\"ReadAction\",\"target\":[\"https:\/\/www.plexus.es\/impacto-ia-generativa-desarrollo-software-evento-vitae-consultores\/\"]}]},{\"@type\":\"BreadcrumbList\",\"@id\":\"https:\/\/www.plexus.es\/impacto-ia-generativa-desarrollo-software-evento-vitae-consultores\/#breadcrumb\",\"itemListElement\":[{\"@type\":\"ListItem\",\"position\":1,\"name\":\"Home\",\"item\":\"https:\/\/www.plexus.es\/\"},{\"@type\":\"ListItem\",\"position\":2,\"name\":\"El impacto de la IA Generativa en el desarrollo de software: lo tratamos con Vitae Consultores\"}]},{\"@type\":\"Article\",\"@id\":\"https:\/\/www.plexus.es\/impacto-ia-generativa-desarrollo-software-evento-vitae-consultores\/#article\",\"isPartOf\":{\"@id\":\"https:\/\/www.plexus.es\/impacto-ia-generativa-desarrollo-software-evento-vitae-consultores\/#webpage\"},\"author\":{\"@id\":\"https:\/\/www.plexus.es\/#\/schema\/person\/8f02d5ce6d7b659fa68b0e90317c5171\"},\"headline\":\"El impacto de la IA Generativa en el desarrollo de software: lo tratamos con Vitae Consultores\",\"datePublished\":\"2025-03-18T15:55:42+00:00\",\"dateModified\":\"2025-04-09T07:21:50+00:00\",\"mainEntityOfPage\":{\"@id\":\"https:\/\/www.plexus.es\/impacto-ia-generativa-desarrollo-software-evento-vitae-consultores\/#webpage\"},\"wordCount\":1854,\"commentCount\":0,\"publisher\":{\"@id\":\"https:\/\/www.plexus.es\/#organization\"},\"image\":{\"@id\":\"https:\/\/www.plexus.es\/impacto-ia-generativa-desarrollo-software-evento-vitae-consultores\/#primaryimage\"},\"thumbnailUrl\":\"https:\/\/www.plexus.es\/wp-content\/uploads\/2025\/02\/Juan-Martinez-Neira-evento-Vitae-Consultadores-IA-Generativa.png\",\"articleSection\":[\"Eventos\",\"Nachrichten\",\"Tech&amp;Innovaci\\u00f3n\"],\"inLanguage\":\"de-DE\",\"potentialAction\":[{\"@type\":\"CommentAction\",\"name\":\"Comment\",\"target\":[\"https:\/\/www.plexus.es\/impacto-ia-generativa-desarrollo-software-evento-vitae-consultores\/#respond\"]}]},{\"@type\":\"Person\",\"@id\":\"https:\/\/www.plexus.es\/#\/schema\/person\/8f02d5ce6d7b659fa68b0e90317c5171\",\"name\":\"admin_plexus\",\"image\":{\"@type\":\"ImageObject\",\"@id\":\"https:\/\/www.plexus.es\/#personlogo\",\"inLanguage\":\"de-DE\",\"url\":\"https:\/\/secure.gravatar.com\/avatar\/c1d7caf9a4063a74393abcf91991e9cd?s=96&d=mm&r=g\",\"contentUrl\":\"https:\/\/secure.gravatar.com\/avatar\/c1d7caf9a4063a74393abcf91991e9cd?s=96&d=mm&r=g\",\"caption\":\"admin_plexus\"},\"sameAs\":[\"https:\/\/www.plexus.es\"]}]}<\/script>\n<!-- \/ Yoast SEO plugin. -->","yoast_head_json":{"title":"El impacto de la IA Generativa en el desarrollo de software","description":"Juan Mart\u00ednez Neira, director de Desarrollo de Plexus Tech, imparti\u00f3 una ponencia sobre el impacto econ\u00f3mico de la IA Generativa en el sector.","robots":{"index":"index","follow":"follow","max-snippet":"max-snippet:-1","max-image-preview":"max-image-preview:large","max-video-preview":"max-video-preview:-1"},"canonical":"https:\/\/www.plexus.es\/impacto-ia-generativa-desarrollo-software-evento-vitae-consultores\/","og_locale":"de_DE","og_type":"article","og_title":"El impacto de la IA Generativa en el desarrollo de software","og_description":"Juan Mart\u00ednez Neira, director de Desarrollo de Plexus Tech, imparti\u00f3 una ponencia sobre el impacto econ\u00f3mico de la IA Generativa en el sector.","og_url":"https:\/\/www.plexus.es\/impacto-ia-generativa-desarrollo-software-evento-vitae-consultores\/","og_site_name":"Plexus Tech","article_publisher":"https:\/\/www.facebook.com\/Plexus.Techno","article_published_time":"2025-03-18T15:55:42+00:00","article_modified_time":"2025-04-09T07:21:50+00:00","og_image":[{"width":949,"height":601,"url":"https:\/\/www.plexus.es\/wp-content\/uploads\/2025\/02\/Juan-Martinez-Neira-evento-Vitae-Consultadores-IA-Generativa.png","type":"image\/png"}],"twitter_card":"summary_large_image","twitter_creator":"@plexustech_","twitter_site":"@plexustech_","twitter_misc":{"Verfasst von":"admin_plexus","Gesch\u00e4tzte Lesezeit":"4 Minuten"},"schema":{"@context":"https:\/\/schema.org","@graph":[{"@type":"Organization","@id":"https:\/\/www.plexus.es\/#organization","name":"Plexus Tech","url":"https:\/\/www.plexus.es\/","sameAs":["https:\/\/www.facebook.com\/Plexus.Techno","https:\/\/www.instagram.com\/plexus.tech\/","https:\/\/www.linkedin.com\/company\/plexus-tech\/mycompany\/","https:\/\/www.youtube.com\/user\/tecnologiasplexus","https:\/\/twitter.com\/plexustech_"],"logo":{"@type":"ImageObject","@id":"https:\/\/www.plexus.es\/#logo","inLanguage":"de-DE","url":"https:\/\/www.plexus.es\/wp-content\/uploads\/2021\/11\/logo-plexus-2021.png","contentUrl":"https:\/\/www.plexus.es\/wp-content\/uploads\/2021\/11\/logo-plexus-2021.png","width":600,"height":600,"caption":"Plexus Tech"},"image":{"@id":"https:\/\/www.plexus.es\/#logo"}},{"@type":"WebSite","@id":"https:\/\/www.plexus.es\/#website","url":"https:\/\/www.plexus.es\/","name":"Plexus Tech","description":"Tecnolog\u00eda con Alma","publisher":{"@id":"https:\/\/www.plexus.es\/#organization"},"potentialAction":[{"@type":"SearchAction","target":{"@type":"EntryPoint","urlTemplate":"https:\/\/www.plexus.es\/?s={search_term_string}"},"query-input":"required name=search_term_string"}],"inLanguage":"de-DE"},{"@type":"ImageObject","@id":"https:\/\/www.plexus.es\/impacto-ia-generativa-desarrollo-software-evento-vitae-consultores\/#primaryimage","inLanguage":"de-DE","url":"https:\/\/www.plexus.es\/wp-content\/uploads\/2025\/02\/Juan-Martinez-Neira-evento-Vitae-Consultadores-IA-Generativa.png","contentUrl":"https:\/\/www.plexus.es\/wp-content\/uploads\/2025\/02\/Juan-Martinez-Neira-evento-Vitae-Consultadores-IA-Generativa.png","width":949,"height":601,"caption":"Juan Mart\u00ednez Neira, director de Desarrollo de Plexus Tech, acompa\u00f1ado por Carlos J. Escudero, de la UDC, y Carlos Gonzalez, de Abanca.; en el evento sobre IA Generativa celebrado por Vitae Consultores en la Cidade das TIC"},{"@type":"WebPage","@id":"https:\/\/www.plexus.es\/impacto-ia-generativa-desarrollo-software-evento-vitae-consultores\/#webpage","url":"https:\/\/www.plexus.es\/impacto-ia-generativa-desarrollo-software-evento-vitae-consultores\/","name":"El impacto de la IA Generativa en el desarrollo de software","isPartOf":{"@id":"https:\/\/www.plexus.es\/#website"},"primaryImageOfPage":{"@id":"https:\/\/www.plexus.es\/impacto-ia-generativa-desarrollo-software-evento-vitae-consultores\/#primaryimage"},"datePublished":"2025-03-18T15:55:42+00:00","dateModified":"2025-04-09T07:21:50+00:00","description":"Juan Mart\u00ednez Neira, director de Desarrollo de Plexus Tech, imparti\u00f3 una ponencia sobre el impacto econ\u00f3mico de la IA Generativa en el sector.","breadcrumb":{"@id":"https:\/\/www.plexus.es\/impacto-ia-generativa-desarrollo-software-evento-vitae-consultores\/#breadcrumb"},"inLanguage":"de-DE","potentialAction":[{"@type":"ReadAction","target":["https:\/\/www.plexus.es\/impacto-ia-generativa-desarrollo-software-evento-vitae-consultores\/"]}]},{"@type":"BreadcrumbList","@id":"https:\/\/www.plexus.es\/impacto-ia-generativa-desarrollo-software-evento-vitae-consultores\/#breadcrumb","itemListElement":[{"@type":"ListItem","position":1,"name":"Home","item":"https:\/\/www.plexus.es\/"},{"@type":"ListItem","position":2,"name":"El impacto de la IA Generativa en el desarrollo de software: lo tratamos con Vitae Consultores"}]},{"@type":"Article","@id":"https:\/\/www.plexus.es\/impacto-ia-generativa-desarrollo-software-evento-vitae-consultores\/#article","isPartOf":{"@id":"https:\/\/www.plexus.es\/impacto-ia-generativa-desarrollo-software-evento-vitae-consultores\/#webpage"},"author":{"@id":"https:\/\/www.plexus.es\/#\/schema\/person\/8f02d5ce6d7b659fa68b0e90317c5171"},"headline":"El impacto de la IA Generativa en el desarrollo de software: lo tratamos con Vitae Consultores","datePublished":"2025-03-18T15:55:42+00:00","dateModified":"2025-04-09T07:21:50+00:00","mainEntityOfPage":{"@id":"https:\/\/www.plexus.es\/impacto-ia-generativa-desarrollo-software-evento-vitae-consultores\/#webpage"},"wordCount":1854,"commentCount":0,"publisher":{"@id":"https:\/\/www.plexus.es\/#organization"},"image":{"@id":"https:\/\/www.plexus.es\/impacto-ia-generativa-desarrollo-software-evento-vitae-consultores\/#primaryimage"},"thumbnailUrl":"https:\/\/www.plexus.es\/wp-content\/uploads\/2025\/02\/Juan-Martinez-Neira-evento-Vitae-Consultadores-IA-Generativa.png","articleSection":["Eventos","Nachrichten","Tech&amp;Innovaci\u00f3n"],"inLanguage":"de-DE","potentialAction":[{"@type":"CommentAction","name":"Comment","target":["https:\/\/www.plexus.es\/impacto-ia-generativa-desarrollo-software-evento-vitae-consultores\/#respond"]}]},{"@type":"Person","@id":"https:\/\/www.plexus.es\/#\/schema\/person\/8f02d5ce6d7b659fa68b0e90317c5171","name":"admin_plexus","image":{"@type":"ImageObject","@id":"https:\/\/www.plexus.es\/#personlogo","inLanguage":"de-DE","url":"https:\/\/secure.gravatar.com\/avatar\/c1d7caf9a4063a74393abcf91991e9cd?s=96&d=mm&r=g","contentUrl":"https:\/\/secure.gravatar.com\/avatar\/c1d7caf9a4063a74393abcf91991e9cd?s=96&d=mm&r=g","caption":"admin_plexus"},"sameAs":["https:\/\/www.plexus.es"]}]}},"_links":{"self":[{"href":"https:\/\/www.plexus.es\/de\/wp-json\/wp\/v2\/posts\/46789"}],"collection":[{"href":"https:\/\/www.plexus.es\/de\/wp-json\/wp\/v2\/posts"}],"about":[{"href":"https:\/\/www.plexus.es\/de\/wp-json\/wp\/v2\/types\/post"}],"author":[{"embeddable":true,"href":"https:\/\/www.plexus.es\/de\/wp-json\/wp\/v2\/users\/1"}],"replies":[{"embeddable":true,"href":"https:\/\/www.plexus.es\/de\/wp-json\/wp\/v2\/comments?post=46789"}],"version-history":[{"count":4,"href":"https:\/\/www.plexus.es\/de\/wp-json\/wp\/v2\/posts\/46789\/revisions"}],"predecessor-version":[{"id":46805,"href":"https:\/\/www.plexus.es\/de\/wp-json\/wp\/v2\/posts\/46789\/revisions\/46805"}],"wp:featuredmedia":[{"embeddable":true,"href":"https:\/\/www.plexus.es\/de\/wp-json\/wp\/v2\/media\/46806"}],"wp:attachment":[{"href":"https:\/\/www.plexus.es\/de\/wp-json\/wp\/v2\/media?parent=46789"}],"wp:term":[{"taxonomy":"category","embeddable":true,"href":"https:\/\/www.plexus.es\/de\/wp-json\/wp\/v2\/categories?post=46789"},{"taxonomy":"post_tag","embeddable":true,"href":"https:\/\/www.plexus.es\/de\/wp-json\/wp\/v2\/tags?post=46789"}],"curies":[{"name":"wp","href":"https:\/\/api.w.org\/{rel}","templated":true}]}}