{"id":47973,"date":"2025-05-18T18:03:38","date_gmt":"2025-05-18T16:03:38","guid":{"rendered":"https:\/\/www.plexus.es\/?p=47973"},"modified":"2025-06-05T18:17:20","modified_gmt":"2025-06-05T16:17:20","slug":"plexus-tech-gaad-2025-accesibilidad-digital-real","status":"publish","type":"post","link":"https:\/\/www.plexus.es\/de\/plexus-tech-gaad-2025-accesibilidad-digital-real\/","title":{"rendered":"Plexus Tech GAAD 2025: Seguimos trabajando por una accesibilidad digital real"},"content":{"rendered":"<div class=\"fusion-fullwidth fullwidth-box fusion-builder-row-1 fusion-flex-container container-detail-news plexus_css nonhundred-percent-fullwidth non-hundred-percent-height-scrolling\" style=\"background-color: rgba(255,255,255,0);background-position: center center;background-repeat: no-repeat;border-width: 0px 0px 0px 0px;border-color:#e8ebef;border-style:solid;\" ><div class=\"fusion-builder-row fusion-row fusion-flex-align-items-flex-start\" style=\"max-width:1310.4px;margin-left: calc(-4% \/ 2 );margin-right: calc(-4% \/ 2 );\"><div class=\"fusion-layout-column fusion_builder_column fusion-builder-column-0 fusion_builder_column_1_1 1_1 fusion-flex-column\"><div class=\"fusion-column-wrapper fusion-flex-justify-content-flex-start fusion-content-layout-column\" style=\"background-position:left top;background-repeat:no-repeat;-webkit-background-size:cover;-moz-background-size:cover;-o-background-size:cover;background-size:cover;padding: 0px 0px 0px 0px;\"><div class=\"fusion-text fusion-text-1\"><h2>En Plexus Tech realizamos un evento en streaming para abordar la revoluci\u00f3n tecnol\u00f3gica de la accesibilidad digital.<\/h2>\n<p data-start=\"634\" data-end=\"955\">Por el <strong>D\u00eda Mundial de la Concienciaci\u00f3n sobre la Accesibilidad (<a href=\"https:\/\/www.plexus.es\/servicios\/accesibilidad\/\" target=\"_blank\" rel=\"noopener\">GAAD<\/a><\/strong>), en Plexus Tech mostramos nuestro compromiso con la inclusi\u00f3n. Un a\u00f1o m\u00e1s, con motivo de esta jornada, realizamos un gran <strong>evento<\/strong> en <em>streaming<\/em> <strong>lleno de inspiraci\u00f3n, aprendizaje y compromiso.<\/strong><\/p>\n<p data-start=\"634\" data-end=\"955\">Durante el encuentro, profesionales de referencia de diferentes sectores, expertos en normativa y dise\u00f1adores UX\/UI compartieron <strong>experiencias, buenas pr\u00e1cticas y reflexiones sobre la accesibilidad digital.<\/strong> As\u00ed, abordamos con ellos c\u00f3mo est\u00e1 transformando el entorno digital.<\/p>\n<p data-start=\"634\" data-end=\"955\">De este modo, desde Plexus Tech <strong>visibilizamos nuestro compromiso con la inclusi\u00f3n<\/strong> para alcanzar una accesibilidad digital real. Adem\u00e1s, aportamos luz sobre el impacto de las nuevas leyes y est\u00e1ndares. Y tambi\u00e9n <strong>mostramos c\u00f3mo<\/strong>, desde la compa\u00f1\u00eda, <strong>estamos transformando el entorno digital.<\/strong><\/p>\n<h3>La inclusi\u00f3n, en el coraz\u00f3n de la revoluci\u00f3n digital.<\/h3>\n<p>Uno de los puntos destacados del evento de GAAD 2025 de Plexus Tech fue la <strong>mesa redonda sobre normativa<\/strong> y perspectivas de futuro. En ella, participaron:<\/p>\n<ul>\n<li>Ram\u00f3n Corominas, consultor de accesibilidad en Technosite.<\/li>\n<li>Sergio Luj\u00e1n, profesor de programaci\u00f3n y accesibilidad web en la Universidad de Alicante.<\/li>\n<li>Mar\u00eda Inmaculada, coordinadora de accesibilidad digital en Ineco.<\/li>\n<li>Emmanuelle Guti\u00e9rrez, miembro de W3C y CEO de Sidar.<\/li>\n<li>Jos\u00e9 Delicado, consultor de accesibilidad de Plexus Tech.<\/li>\n<\/ul>\n<p>Entre otros temas, estas cinco personas referentes en la materia, abordaron:<\/p>\n<ul>\n<li>Qui\u00e9n regular\u00e1 la <strong>accesibilidad en el sector privado.<\/strong><\/li>\n<li>C\u00f3mo evolucionan las normas, como por ejemplo la <strong>Ley 11\/2023 y <\/strong>la<strong> WCAG 3.0<\/strong>.<\/li>\n<li><strong>El papel de las comunidades aut\u00f3nomas<\/strong> en este \u00e1mbito.<\/li>\n<\/ul>\n<p>Entre las principales conclusiones, los expertos destacaron que <strong>el sistema todav\u00eda est\u00e1 por definir<\/strong>. Durante sus exposiciones, subrayaron que las normas nacionales y europeas est\u00e1n poco armonizadas. Adem\u00e1s, destacaron que hay competencias solapadas, que faltan mecanismos claros de vigilancia y que existe una <strong>necesidad de definir roles regulatorios.<\/strong><\/p>\n<p>Asimismo, pusieron en valor que<strong> la accesibilidad es un camino, no un destino<\/strong>. As\u00ed, remarcaron que se trata de un proceso continuo que debe adaptarse a las tecnolog\u00edas cambiantes. Por ello, consideran que gobiernos, empresas y desarrolladores deben comprometerse a introducir la accesibilidad digital desde la base.<\/p>\n<h4>La accesibilidad digital, desde la base de los proyectos.<\/h4>\n<p>Adem\u00e1s de abordar el tema legal, en nuestro evento por el GAAD 2025 tambi\u00e9n pudimos conocer casos reales de empresas y c\u00f3mo la accesibilidad digital est\u00e1 llegando al dise\u00f1o.<\/p>\n<p>En lo que respecta al primer punto, contamos con <strong>testimonios reales<\/strong> de Renfe, Santander, Govern de les Illes Balears y B100. Desde su experiencia, nos mostraron c\u00f3mo la accesibilidad est\u00e1 generando impacto y transformaci\u00f3n en sus estructuras y servicios.<\/p>\n<p>Por su parte, en tema de dise\u00f1o, <strong>profesionales UX\/UI<\/strong>, tanto de Plexus como de entidades externas, trasladaron <strong>c\u00f3mo integran la accesibilidad en su d\u00eda a d\u00eda<\/strong>. En especial, apuntaron los retos que plantea esta revoluci\u00f3n digital y el valor que aporta a los equipos y a los productos.<\/p>\n<p>Sin duda, fue una gran jornada para seguir avanzando en una accesibilidad digital real. <strong>Un evento muy enriquecedor que nos acerca a esta revoluci\u00f3n digital.<\/strong> Y es que la accesibilidad es necesaria en todas las disciplinas de nuestro trabajo, desde la conceptualizaci\u00f3n de un proyecto hasta su desarrollo.<\/p>\n<p>Por \u00faltimo, cabe destacar que puedes revivir el evento completo <a href=\"https:\/\/youtu.be\/GaHuCsOfy4U\" target=\"_blank\" rel=\"noopener\"><strong>en nuestro canal de Youtube.<\/strong><\/a><\/p>\n<\/div><\/div><style type=\"text\/css\">.fusion-body .fusion-builder-column-0{width:100% !important;margin-top : 20px;margin-bottom : 20px;}.fusion-builder-column-0 > .fusion-column-wrapper {padding-top : 0px !important;padding-right : 0px !important;margin-right : 1.92%;padding-bottom : 0px !important;padding-left : 0px !important;margin-left : 1.92%;}@media only screen and (max-width:1200px) {.fusion-body .fusion-builder-column-0{width:100% !important;order : 0;}.fusion-builder-column-0 > .fusion-column-wrapper {margin-right : 1.92%;margin-left : 1.92%;}}@media only screen and (max-width:640px) {.fusion-body .fusion-builder-column-0{width:100% !important;order : 0;}.fusion-builder-column-0 > .fusion-column-wrapper {margin-right : 1.92%;margin-left : 1.92%;}}<\/style><\/div><\/div><style type=\"text\/css\">.fusion-body .fusion-flex-container.fusion-builder-row-1{ padding-top : 0px;margin-top : 0;padding-right : 0px;padding-bottom : 0px;margin-bottom : 0;padding-left : 0px;}<\/style><\/div>\n","protected":false},"excerpt":{"rendered":"<p>En Plexus Tech realizamos un evento en streaming para abordar la revoluci\u00f3n tecnol\u00f3gica de la accesibilidad digital.<\/p>\n","protected":false},"author":1,"featured_media":47974,"comment_status":"open","ping_status":"open","sticky":false,"template":"","format":"standard","meta":[],"categories":[109,107],"tags":[],"yoast_head":"<!-- This site is optimized with the Yoast SEO plugin v17.4 - https:\/\/yoast.com\/wordpress\/plugins\/seo\/ -->\n<title>Plexus Tech GAAD: Seguimos trabajando por una accesibilidad digital real<\/title>\n<meta name=\"description\" content=\"En Plexus Tech realizamos un evento en streaming para abordar la revoluci\u00f3n tecnol\u00f3gica de la accesibilidad digital.\" \/>\n<meta name=\"robots\" content=\"index, follow, max-snippet:-1, max-image-preview:large, max-video-preview:-1\" \/>\n<link rel=\"canonical\" href=\"https:\/\/www.plexus.es\/plexus-tech-gaad-2025-accesibilidad-digital-real\/\" \/>\n<meta property=\"og:locale\" content=\"de_DE\" \/>\n<meta property=\"og:type\" content=\"article\" \/>\n<meta property=\"og:title\" content=\"Plexus Tech GAAD: Seguimos trabajando por una accesibilidad digital real\" \/>\n<meta property=\"og:description\" content=\"En Plexus Tech realizamos un evento en streaming para abordar la revoluci\u00f3n tecnol\u00f3gica de la accesibilidad digital.\" \/>\n<meta property=\"og:url\" content=\"https:\/\/www.plexus.es\/plexus-tech-gaad-2025-accesibilidad-digital-real\/\" \/>\n<meta property=\"og:site_name\" content=\"Plexus Tech\" \/>\n<meta property=\"article:publisher\" content=\"https:\/\/www.facebook.com\/Plexus.Techno\" \/>\n<meta property=\"article:published_time\" content=\"2025-05-18T16:03:38+00:00\" \/>\n<meta property=\"article:modified_time\" content=\"2025-06-05T16:17:20+00:00\" \/>\n<meta property=\"og:image\" content=\"https:\/\/www.plexus.es\/wp-content\/uploads\/2025\/06\/GAAD.jpg\" \/>\n\t<meta property=\"og:image:width\" content=\"1605\" \/>\n\t<meta property=\"og:image:height\" content=\"1204\" \/>\n<meta name=\"twitter:card\" content=\"summary_large_image\" \/>\n<meta name=\"twitter:creator\" content=\"@plexustech_\" \/>\n<meta name=\"twitter:site\" content=\"@plexustech_\" \/>\n<meta name=\"twitter:label1\" content=\"Verfasst von\" \/>\n\t<meta name=\"twitter:data1\" content=\"admin_plexus\" \/>\n\t<meta name=\"twitter:label2\" content=\"Gesch\u00e4tzte Lesezeit\" \/>\n\t<meta name=\"twitter:data2\" content=\"3 Minuten\" \/>\n<script type=\"application\/ld+json\" class=\"yoast-schema-graph\">{\"@context\":\"https:\/\/schema.org\",\"@graph\":[{\"@type\":\"Organization\",\"@id\":\"https:\/\/www.plexus.es\/#organization\",\"name\":\"Plexus Tech\",\"url\":\"https:\/\/www.plexus.es\/\",\"sameAs\":[\"https:\/\/www.facebook.com\/Plexus.Techno\",\"https:\/\/www.instagram.com\/plexus.tech\/\",\"https:\/\/www.linkedin.com\/company\/plexus-tech\/mycompany\/\",\"https:\/\/www.youtube.com\/user\/tecnologiasplexus\",\"https:\/\/twitter.com\/plexustech_\"],\"logo\":{\"@type\":\"ImageObject\",\"@id\":\"https:\/\/www.plexus.es\/#logo\",\"inLanguage\":\"de-DE\",\"url\":\"https:\/\/www.plexus.es\/wp-content\/uploads\/2021\/11\/logo-plexus-2021.png\",\"contentUrl\":\"https:\/\/www.plexus.es\/wp-content\/uploads\/2021\/11\/logo-plexus-2021.png\",\"width\":600,\"height\":600,\"caption\":\"Plexus Tech\"},\"image\":{\"@id\":\"https:\/\/www.plexus.es\/#logo\"}},{\"@type\":\"WebSite\",\"@id\":\"https:\/\/www.plexus.es\/#website\",\"url\":\"https:\/\/www.plexus.es\/\",\"name\":\"Plexus Tech\",\"description\":\"Tecnolog\\u00eda con Alma\",\"publisher\":{\"@id\":\"https:\/\/www.plexus.es\/#organization\"},\"potentialAction\":[{\"@type\":\"SearchAction\",\"target\":{\"@type\":\"EntryPoint\",\"urlTemplate\":\"https:\/\/www.plexus.es\/?s={search_term_string}\"},\"query-input\":\"required name=search_term_string\"}],\"inLanguage\":\"de-DE\"},{\"@type\":\"ImageObject\",\"@id\":\"https:\/\/www.plexus.es\/plexus-tech-gaad-2025-accesibilidad-digital-real\/#primaryimage\",\"inLanguage\":\"de-DE\",\"url\":\"https:\/\/www.plexus.es\/wp-content\/uploads\/2025\/06\/GAAD.jpg\",\"contentUrl\":\"https:\/\/www.plexus.es\/wp-content\/uploads\/2025\/06\/GAAD.jpg\",\"width\":1605,\"height\":1204,\"caption\":\"Plexus Tech GAAD 2025: Seguimos trabajando por una accesibilidad digital real\"},{\"@type\":\"WebPage\",\"@id\":\"https:\/\/www.plexus.es\/plexus-tech-gaad-2025-accesibilidad-digital-real\/#webpage\",\"url\":\"https:\/\/www.plexus.es\/plexus-tech-gaad-2025-accesibilidad-digital-real\/\",\"name\":\"Plexus Tech GAAD: Seguimos trabajando por una accesibilidad digital real\",\"isPartOf\":{\"@id\":\"https:\/\/www.plexus.es\/#website\"},\"primaryImageOfPage\":{\"@id\":\"https:\/\/www.plexus.es\/plexus-tech-gaad-2025-accesibilidad-digital-real\/#primaryimage\"},\"datePublished\":\"2025-05-18T16:03:38+00:00\",\"dateModified\":\"2025-06-05T16:17:20+00:00\",\"description\":\"En Plexus Tech realizamos un evento en streaming para abordar la revoluci\\u00f3n tecnol\\u00f3gica de la accesibilidad digital.\",\"breadcrumb\":{\"@id\":\"https:\/\/www.plexus.es\/plexus-tech-gaad-2025-accesibilidad-digital-real\/#breadcrumb\"},\"inLanguage\":\"de-DE\",\"potentialAction\":[{\"@type\":\"ReadAction\",\"target\":[\"https:\/\/www.plexus.es\/plexus-tech-gaad-2025-accesibilidad-digital-real\/\"]}]},{\"@type\":\"BreadcrumbList\",\"@id\":\"https:\/\/www.plexus.es\/plexus-tech-gaad-2025-accesibilidad-digital-real\/#breadcrumb\",\"itemListElement\":[{\"@type\":\"ListItem\",\"position\":1,\"name\":\"Home\",\"item\":\"https:\/\/www.plexus.es\/\"},{\"@type\":\"ListItem\",\"position\":2,\"name\":\"Plexus Tech GAAD 2025: Seguimos trabajando por una accesibilidad digital real\"}]},{\"@type\":\"Article\",\"@id\":\"https:\/\/www.plexus.es\/plexus-tech-gaad-2025-accesibilidad-digital-real\/#article\",\"isPartOf\":{\"@id\":\"https:\/\/www.plexus.es\/plexus-tech-gaad-2025-accesibilidad-digital-real\/#webpage\"},\"author\":{\"@id\":\"https:\/\/www.plexus.es\/#\/schema\/person\/8f02d5ce6d7b659fa68b0e90317c5171\"},\"headline\":\"Plexus Tech GAAD 2025: Seguimos trabajando por una accesibilidad digital real\",\"datePublished\":\"2025-05-18T16:03:38+00:00\",\"dateModified\":\"2025-06-05T16:17:20+00:00\",\"mainEntityOfPage\":{\"@id\":\"https:\/\/www.plexus.es\/plexus-tech-gaad-2025-accesibilidad-digital-real\/#webpage\"},\"wordCount\":1259,\"commentCount\":0,\"publisher\":{\"@id\":\"https:\/\/www.plexus.es\/#organization\"},\"image\":{\"@id\":\"https:\/\/www.plexus.es\/plexus-tech-gaad-2025-accesibilidad-digital-real\/#primaryimage\"},\"thumbnailUrl\":\"https:\/\/www.plexus.es\/wp-content\/uploads\/2025\/06\/GAAD.jpg\",\"articleSection\":[\"Compromiso\",\"Eventos\"],\"inLanguage\":\"de-DE\",\"potentialAction\":[{\"@type\":\"CommentAction\",\"name\":\"Comment\",\"target\":[\"https:\/\/www.plexus.es\/plexus-tech-gaad-2025-accesibilidad-digital-real\/#respond\"]}]},{\"@type\":\"Person\",\"@id\":\"https:\/\/www.plexus.es\/#\/schema\/person\/8f02d5ce6d7b659fa68b0e90317c5171\",\"name\":\"admin_plexus\",\"image\":{\"@type\":\"ImageObject\",\"@id\":\"https:\/\/www.plexus.es\/#personlogo\",\"inLanguage\":\"de-DE\",\"url\":\"https:\/\/secure.gravatar.com\/avatar\/c1d7caf9a4063a74393abcf91991e9cd?s=96&d=mm&r=g\",\"contentUrl\":\"https:\/\/secure.gravatar.com\/avatar\/c1d7caf9a4063a74393abcf91991e9cd?s=96&d=mm&r=g\",\"caption\":\"admin_plexus\"},\"sameAs\":[\"https:\/\/www.plexus.es\"]}]}<\/script>\n<!-- \/ Yoast SEO plugin. -->","yoast_head_json":{"title":"Plexus Tech GAAD: Seguimos trabajando por una accesibilidad digital real","description":"En Plexus Tech realizamos un evento en streaming para abordar la revoluci\u00f3n tecnol\u00f3gica de la accesibilidad digital.","robots":{"index":"index","follow":"follow","max-snippet":"max-snippet:-1","max-image-preview":"max-image-preview:large","max-video-preview":"max-video-preview:-1"},"canonical":"https:\/\/www.plexus.es\/plexus-tech-gaad-2025-accesibilidad-digital-real\/","og_locale":"de_DE","og_type":"article","og_title":"Plexus Tech GAAD: Seguimos trabajando por una accesibilidad digital real","og_description":"En Plexus Tech realizamos un evento en streaming para abordar la revoluci\u00f3n tecnol\u00f3gica de la accesibilidad digital.","og_url":"https:\/\/www.plexus.es\/plexus-tech-gaad-2025-accesibilidad-digital-real\/","og_site_name":"Plexus Tech","article_publisher":"https:\/\/www.facebook.com\/Plexus.Techno","article_published_time":"2025-05-18T16:03:38+00:00","article_modified_time":"2025-06-05T16:17:20+00:00","og_image":[{"width":1605,"height":1204,"url":"https:\/\/www.plexus.es\/wp-content\/uploads\/2025\/06\/GAAD.jpg","type":"image\/jpeg"}],"twitter_card":"summary_large_image","twitter_creator":"@plexustech_","twitter_site":"@plexustech_","twitter_misc":{"Verfasst von":"admin_plexus","Gesch\u00e4tzte Lesezeit":"3 Minuten"},"schema":{"@context":"https:\/\/schema.org","@graph":[{"@type":"Organization","@id":"https:\/\/www.plexus.es\/#organization","name":"Plexus Tech","url":"https:\/\/www.plexus.es\/","sameAs":["https:\/\/www.facebook.com\/Plexus.Techno","https:\/\/www.instagram.com\/plexus.tech\/","https:\/\/www.linkedin.com\/company\/plexus-tech\/mycompany\/","https:\/\/www.youtube.com\/user\/tecnologiasplexus","https:\/\/twitter.com\/plexustech_"],"logo":{"@type":"ImageObject","@id":"https:\/\/www.plexus.es\/#logo","inLanguage":"de-DE","url":"https:\/\/www.plexus.es\/wp-content\/uploads\/2021\/11\/logo-plexus-2021.png","contentUrl":"https:\/\/www.plexus.es\/wp-content\/uploads\/2021\/11\/logo-plexus-2021.png","width":600,"height":600,"caption":"Plexus Tech"},"image":{"@id":"https:\/\/www.plexus.es\/#logo"}},{"@type":"WebSite","@id":"https:\/\/www.plexus.es\/#website","url":"https:\/\/www.plexus.es\/","name":"Plexus Tech","description":"Tecnolog\u00eda con Alma","publisher":{"@id":"https:\/\/www.plexus.es\/#organization"},"potentialAction":[{"@type":"SearchAction","target":{"@type":"EntryPoint","urlTemplate":"https:\/\/www.plexus.es\/?s={search_term_string}"},"query-input":"required name=search_term_string"}],"inLanguage":"de-DE"},{"@type":"ImageObject","@id":"https:\/\/www.plexus.es\/plexus-tech-gaad-2025-accesibilidad-digital-real\/#primaryimage","inLanguage":"de-DE","url":"https:\/\/www.plexus.es\/wp-content\/uploads\/2025\/06\/GAAD.jpg","contentUrl":"https:\/\/www.plexus.es\/wp-content\/uploads\/2025\/06\/GAAD.jpg","width":1605,"height":1204,"caption":"Plexus Tech GAAD 2025: Seguimos trabajando por una accesibilidad digital real"},{"@type":"WebPage","@id":"https:\/\/www.plexus.es\/plexus-tech-gaad-2025-accesibilidad-digital-real\/#webpage","url":"https:\/\/www.plexus.es\/plexus-tech-gaad-2025-accesibilidad-digital-real\/","name":"Plexus Tech GAAD: Seguimos trabajando por una accesibilidad digital real","isPartOf":{"@id":"https:\/\/www.plexus.es\/#website"},"primaryImageOfPage":{"@id":"https:\/\/www.plexus.es\/plexus-tech-gaad-2025-accesibilidad-digital-real\/#primaryimage"},"datePublished":"2025-05-18T16:03:38+00:00","dateModified":"2025-06-05T16:17:20+00:00","description":"En Plexus Tech realizamos un evento en streaming para abordar la revoluci\u00f3n tecnol\u00f3gica de la accesibilidad digital.","breadcrumb":{"@id":"https:\/\/www.plexus.es\/plexus-tech-gaad-2025-accesibilidad-digital-real\/#breadcrumb"},"inLanguage":"de-DE","potentialAction":[{"@type":"ReadAction","target":["https:\/\/www.plexus.es\/plexus-tech-gaad-2025-accesibilidad-digital-real\/"]}]},{"@type":"BreadcrumbList","@id":"https:\/\/www.plexus.es\/plexus-tech-gaad-2025-accesibilidad-digital-real\/#breadcrumb","itemListElement":[{"@type":"ListItem","position":1,"name":"Home","item":"https:\/\/www.plexus.es\/"},{"@type":"ListItem","position":2,"name":"Plexus Tech GAAD 2025: Seguimos trabajando por una accesibilidad digital real"}]},{"@type":"Article","@id":"https:\/\/www.plexus.es\/plexus-tech-gaad-2025-accesibilidad-digital-real\/#article","isPartOf":{"@id":"https:\/\/www.plexus.es\/plexus-tech-gaad-2025-accesibilidad-digital-real\/#webpage"},"author":{"@id":"https:\/\/www.plexus.es\/#\/schema\/person\/8f02d5ce6d7b659fa68b0e90317c5171"},"headline":"Plexus Tech GAAD 2025: Seguimos trabajando por una accesibilidad digital real","datePublished":"2025-05-18T16:03:38+00:00","dateModified":"2025-06-05T16:17:20+00:00","mainEntityOfPage":{"@id":"https:\/\/www.plexus.es\/plexus-tech-gaad-2025-accesibilidad-digital-real\/#webpage"},"wordCount":1259,"commentCount":0,"publisher":{"@id":"https:\/\/www.plexus.es\/#organization"},"image":{"@id":"https:\/\/www.plexus.es\/plexus-tech-gaad-2025-accesibilidad-digital-real\/#primaryimage"},"thumbnailUrl":"https:\/\/www.plexus.es\/wp-content\/uploads\/2025\/06\/GAAD.jpg","articleSection":["Compromiso","Eventos"],"inLanguage":"de-DE","potentialAction":[{"@type":"CommentAction","name":"Comment","target":["https:\/\/www.plexus.es\/plexus-tech-gaad-2025-accesibilidad-digital-real\/#respond"]}]},{"@type":"Person","@id":"https:\/\/www.plexus.es\/#\/schema\/person\/8f02d5ce6d7b659fa68b0e90317c5171","name":"admin_plexus","image":{"@type":"ImageObject","@id":"https:\/\/www.plexus.es\/#personlogo","inLanguage":"de-DE","url":"https:\/\/secure.gravatar.com\/avatar\/c1d7caf9a4063a74393abcf91991e9cd?s=96&d=mm&r=g","contentUrl":"https:\/\/secure.gravatar.com\/avatar\/c1d7caf9a4063a74393abcf91991e9cd?s=96&d=mm&r=g","caption":"admin_plexus"},"sameAs":["https:\/\/www.plexus.es"]}]}},"_links":{"self":[{"href":"https:\/\/www.plexus.es\/de\/wp-json\/wp\/v2\/posts\/47973"}],"collection":[{"href":"https:\/\/www.plexus.es\/de\/wp-json\/wp\/v2\/posts"}],"about":[{"href":"https:\/\/www.plexus.es\/de\/wp-json\/wp\/v2\/types\/post"}],"author":[{"embeddable":true,"href":"https:\/\/www.plexus.es\/de\/wp-json\/wp\/v2\/users\/1"}],"replies":[{"embeddable":true,"href":"https:\/\/www.plexus.es\/de\/wp-json\/wp\/v2\/comments?post=47973"}],"version-history":[{"count":1,"href":"https:\/\/www.plexus.es\/de\/wp-json\/wp\/v2\/posts\/47973\/revisions"}],"predecessor-version":[{"id":47980,"href":"https:\/\/www.plexus.es\/de\/wp-json\/wp\/v2\/posts\/47973\/revisions\/47980"}],"wp:featuredmedia":[{"embeddable":true,"href":"https:\/\/www.plexus.es\/de\/wp-json\/wp\/v2\/media\/47974"}],"wp:attachment":[{"href":"https:\/\/www.plexus.es\/de\/wp-json\/wp\/v2\/media?parent=47973"}],"wp:term":[{"taxonomy":"category","embeddable":true,"href":"https:\/\/www.plexus.es\/de\/wp-json\/wp\/v2\/categories?post=47973"},{"taxonomy":"post_tag","embeddable":true,"href":"https:\/\/www.plexus.es\/de\/wp-json\/wp\/v2\/tags?post=47973"}],"curies":[{"name":"wp","href":"https:\/\/api.w.org\/{rel}","templated":true}]}}