{"id":49043,"date":"2025-09-15T12:00:17","date_gmt":"2025-09-15T10:00:17","guid":{"rendered":"https:\/\/www.plexus.es\/?p=49043"},"modified":"2025-09-16T17:48:14","modified_gmt":"2025-09-16T15:48:14","slug":"plataforma-de-territorio-inteligente-transformacion-digital-galicia-plexus-tech","status":"publish","type":"post","link":"https:\/\/www.plexus.es\/de\/plataforma-de-territorio-inteligente-transformacion-digital-galicia-plexus-tech\/","title":{"rendered":"Transformamos digitalmente Galicia con la Plataforma de Territorio Inteligente"},"content":{"rendered":"<div class=\"fusion-fullwidth fullwidth-box fusion-builder-row-1 fusion-flex-container container-detail-news plexus_css nonhundred-percent-fullwidth non-hundred-percent-height-scrolling\" style=\"background-color: rgba(255,255,255,0);background-position: center center;background-repeat: no-repeat;border-width: 0px 0px 0px 0px;border-color:#e8ebef;border-style:solid;\" ><div class=\"fusion-builder-row fusion-row fusion-flex-align-items-flex-start\" style=\"max-width:1310.4px;margin-left: calc(-4% \/ 2 );margin-right: calc(-4% \/ 2 );\"><div class=\"fusion-layout-column fusion_builder_column fusion-builder-column-0 fusion_builder_column_1_1 1_1 fusion-flex-column\"><div class=\"fusion-column-wrapper fusion-flex-justify-content-flex-start fusion-content-layout-column\" style=\"background-position:left top;background-repeat:no-repeat;-webkit-background-size:cover;-moz-background-size:cover;-o-background-size:cover;background-size:cover;padding: 0px 0px 0px 0px;\"><div class=\"fusion-text fusion-text-1\"><h2>Plexus Tech colabora con Amtega en la creaci\u00f3n de una plataforma inteligente para mejorar la gesti\u00f3n del territorio y los servicios p\u00fablicos.<\/h2>\n<p>En Plexus Tech estamos muy contentos de poder anunciar que <a href=\"https:\/\/www.elcorreogallego.es\/galicia\/2025\/09\/10\/xunta-integra-datos-geograficos-plataforma-121379114.html\" target=\"_blank\" rel=\"noopener\"><strong>seguimos contribuyendo a la transformaci\u00f3n digital de Galicia<\/strong><\/a>. En esta ocasi\u00f3n, de la mano de la Axencia para Modernizaci\u00f3n Tecnol\u00f3xica de Galicia (<a href=\"https:\/\/amtega.xunta.gal\/es\" target=\"_blank\" rel=\"noopener\"><strong>Amtega<\/strong><\/a>), estamos evolucionando la <strong>Plataforma de Territorio Inteligente<\/strong>. Una pionera soluci\u00f3n que tiene por objetivo <strong>mejorar la gesti\u00f3n del territorio y los servicios p\u00fablicos.<\/strong><\/p>\n<p>Para ello, la Plataforma de Territorio Inteligente <strong>integra datos de m\u00faltiples fuentes<\/strong> (sensores IoT, sat\u00e9lites, drones y sistemas de informaci\u00f3n geogr\u00e1fica &#8211; GIS) <strong>para monitorizar y gestionar el territorio en tiempo real.<\/strong><\/p>\n<p>En este sentido, gracias a tecnolog\u00edas como Big Data, IA, Machine Learning e Internet de las Cosas, <strong>esta plataforma permite:<\/strong><\/p>\n<ul>\n<li><strong>Crear Gemelos Digitales<\/strong> del Territorio para simular escenarios y predecir situaciones.<\/li>\n<li><strong>Mejorar la gesti\u00f3n de emergencias<\/strong>, la planificaci\u00f3n urbana y la protecci\u00f3n del medio rural.<\/li>\n<li>Adem\u00e1s de ofrecer <strong>herramientas avanzadas para la toma de decisiones<\/strong> y la optimizaci\u00f3n de recursos.<\/li>\n<\/ul>\n<p>En lo que respecta a Plexus Tech, estamos liderando la integraci\u00f3n tecnol\u00f3gica y la <strong>evoluci\u00f3n de la plataforma hacia estos modelos predictivos<\/strong>. De este modo, impulsamos la innovaci\u00f3n y hacemos que Galicia sea referente en territorios inteligentes.<\/p>\n<p>Asimismo, seguimos trabajando para que la <a href=\"https:\/\/www.plexus.es\/servicios\/i-d-i\/\" target=\"_blank\" rel=\"noopener\"><strong>innovaci\u00f3n tecnol\u00f3gica aporte valor directo al territorio<\/strong><\/a>, fortaleciendo su desarrollo sostenible y econ\u00f3mico. As\u00ed, aportamos soluciones que mejoren las vidas de los ciudadanos y ayudan a la toma de decisiones de las administraciones.<\/p>\n<\/div><\/div><style type=\"text\/css\">.fusion-body .fusion-builder-column-0{width:100% !important;margin-top : 20px;margin-bottom : 20px;}.fusion-builder-column-0 > .fusion-column-wrapper {padding-top : 0px !important;padding-right : 0px !important;margin-right : 1.92%;padding-bottom : 0px !important;padding-left : 0px !important;margin-left : 1.92%;}@media only screen and (max-width:1200px) {.fusion-body .fusion-builder-column-0{width:100% !important;order : 0;}.fusion-builder-column-0 > .fusion-column-wrapper {margin-right : 1.92%;margin-left : 1.92%;}}@media only screen and (max-width:640px) {.fusion-body .fusion-builder-column-0{width:100% !important;order : 0;}.fusion-builder-column-0 > .fusion-column-wrapper {margin-right : 1.92%;margin-left : 1.92%;}}<\/style><\/div><div class=\"fusion-layout-column fusion_builder_column fusion-builder-column-1 fusion_builder_column_1_1 1_1 fusion-flex-column fusion-flex-align-self-stretch\"><div class=\"fusion-column-wrapper fusion-flex-justify-content-center fusion-content-layout-column\" style=\"background-position:left top;background-repeat:no-repeat;-webkit-background-size:cover;-moz-background-size:cover;-o-background-size:cover;background-size:cover;padding: 0px 0px 0px 0px;\"><div style=\"text-align:center;\"><span class=\" fusion-imageframe imageframe-none imageframe-1 hover-type-none\" style=\"border-radius:12px;margin-top:0px;margin-right:0px;margin-bottom:0px;margin-left:0px;\"><a class=\"fusion-no-lightbox\" href=\"https:\/\/www.linkedin.com\/posts\/plexus-tech_goodnews-gemelosdigitales-platgdia-activity-7146514515004735488-uBrB?utm_source=share&amp;utm_medium=member_desktop\" target=\"_self\" aria-label=\"Plexus e Amtega\"><img width=\"300\" height=\"190\" alt=\"Plexus y Amtega desarrollan la Plataforma de Territorio Inteligente.\" src=\"https:\/\/www.plexus.es\/wp-content\/uploads\/2025\/09\/Plexus-e-Amtega.png\" data-orig-src=\"https:\/\/www.plexus.es\/wp-content\/uploads\/2025\/09\/Plexus-e-Amtega-300x190.png\" class=\"lazyload img-responsive wp-image-49047\" srcset=\"data:image\/svg+xml,%3Csvg%20xmlns%3D%27http%3A%2F%2Fwww.w3.org%2F2000%2Fsvg%27%20width%3D%27948%27%20height%3D%27600%27%20viewBox%3D%270%200%20948%20600%27%3E%3Crect%20width%3D%27948%27%20height%3D%27600%27%20fill-opacity%3D%220%22%2F%3E%3C%2Fsvg%3E\" data-srcset=\"https:\/\/www.plexus.es\/wp-content\/uploads\/2025\/09\/Plexus-e-Amtega-200x127.png 200w, https:\/\/www.plexus.es\/wp-content\/uploads\/2025\/09\/Plexus-e-Amtega-400x253.png 400w, https:\/\/www.plexus.es\/wp-content\/uploads\/2025\/09\/Plexus-e-Amtega-600x380.png 600w, https:\/\/www.plexus.es\/wp-content\/uploads\/2025\/09\/Plexus-e-Amtega-800x506.png 800w, https:\/\/www.plexus.es\/wp-content\/uploads\/2025\/09\/Plexus-e-Amtega.png 948w\" data-sizes=\"auto\" data-orig-sizes=\"(max-width: 640px) 100vw, 300px\" \/><\/a><\/span><\/div><\/div><style type=\"text\/css\">.fusion-body .fusion-builder-column-1{width:100% !important;margin-top : 0px;margin-bottom : 0px;}.fusion-builder-column-1 > .fusion-column-wrapper {padding-top : 0 !important;padding-right : 0px !important;margin-right : 1.92%;padding-bottom : 0 !important;padding-left : 0px !important;margin-left : 1.92%;}@media only screen and (max-width:1200px) {.fusion-body .fusion-builder-column-1{width:100% !important;order : 0;}.fusion-builder-column-1 > .fusion-column-wrapper {margin-right : 1.92%;margin-left : 1.92%;}}@media only screen and (max-width:640px) {.fusion-body .fusion-builder-column-1{width:100% !important;order : 0;}.fusion-builder-column-1 > .fusion-column-wrapper {margin-right : 1.92%;margin-left : 1.92%;}}<\/style><\/div><\/div><style type=\"text\/css\">.fusion-body .fusion-flex-container.fusion-builder-row-1{ padding-top : 0px;margin-top : 0;padding-right : 0px;padding-bottom : 0px;margin-bottom : 0;padding-left : 0px;}<\/style><\/div>\n","protected":false},"excerpt":{"rendered":"<p>Colaboramos con Amtega para la creaci\u00f3n de una plataforma inteligente para mejorar la gesti\u00f3n del territorio y los servicios p\u00fablicos.<\/p>\n","protected":false},"author":1,"featured_media":49044,"comment_status":"open","ping_status":"open","sticky":false,"template":"","format":"standard","meta":[],"categories":[211,105],"tags":[],"yoast_head":"<!-- This site is optimized with the Yoast SEO plugin v17.4 - https:\/\/yoast.com\/wordpress\/plugins\/seo\/ -->\n<title>Transformamos Galicia con la Plataforma de Territorio Inteligente<\/title>\n<meta name=\"description\" content=\"Plexus Tech colabora con Amtega en la creaci\u00f3n de una plataforma inteligente para mejorar la gesti\u00f3n del territorio y los servicios p\u00fablicos.\" \/>\n<meta name=\"robots\" content=\"index, follow, max-snippet:-1, max-image-preview:large, max-video-preview:-1\" \/>\n<link rel=\"canonical\" href=\"https:\/\/www.plexus.es\/plataforma-de-territorio-inteligente-transformacion-digital-galicia-plexus-tech\/\" \/>\n<meta property=\"og:locale\" content=\"de_DE\" \/>\n<meta property=\"og:type\" content=\"article\" \/>\n<meta property=\"og:title\" content=\"Transformamos Galicia con la Plataforma de Territorio Inteligente\" \/>\n<meta property=\"og:description\" content=\"Plexus Tech colabora con Amtega en la creaci\u00f3n de una plataforma inteligente para mejorar la gesti\u00f3n del territorio y los servicios p\u00fablicos.\" \/>\n<meta property=\"og:url\" content=\"https:\/\/www.plexus.es\/plataforma-de-territorio-inteligente-transformacion-digital-galicia-plexus-tech\/\" \/>\n<meta property=\"og:site_name\" content=\"Plexus Tech\" \/>\n<meta property=\"article:publisher\" content=\"https:\/\/www.facebook.com\/Plexus.Techno\" \/>\n<meta property=\"article:published_time\" content=\"2025-09-15T10:00:17+00:00\" \/>\n<meta property=\"article:modified_time\" content=\"2025-09-16T15:48:14+00:00\" \/>\n<meta property=\"og:image\" content=\"https:\/\/www.plexus.es\/wp-content\/uploads\/2025\/09\/Plexus-e-Amtega.png\" \/>\n\t<meta property=\"og:image:width\" content=\"948\" \/>\n\t<meta property=\"og:image:height\" content=\"600\" \/>\n<meta name=\"twitter:card\" content=\"summary_large_image\" \/>\n<meta name=\"twitter:creator\" content=\"@plexustech_\" \/>\n<meta name=\"twitter:site\" content=\"@plexustech_\" \/>\n<meta name=\"twitter:label1\" content=\"Verfasst von\" \/>\n\t<meta name=\"twitter:data1\" content=\"admin_plexus\" \/>\n\t<meta name=\"twitter:label2\" content=\"Gesch\u00e4tzte Lesezeit\" \/>\n\t<meta name=\"twitter:data2\" content=\"3 Minuten\" \/>\n<script type=\"application\/ld+json\" class=\"yoast-schema-graph\">{\"@context\":\"https:\/\/schema.org\",\"@graph\":[{\"@type\":\"Organization\",\"@id\":\"https:\/\/www.plexus.es\/#organization\",\"name\":\"Plexus Tech\",\"url\":\"https:\/\/www.plexus.es\/\",\"sameAs\":[\"https:\/\/www.facebook.com\/Plexus.Techno\",\"https:\/\/www.instagram.com\/plexus.tech\/\",\"https:\/\/www.linkedin.com\/company\/plexus-tech\/mycompany\/\",\"https:\/\/www.youtube.com\/user\/tecnologiasplexus\",\"https:\/\/twitter.com\/plexustech_\"],\"logo\":{\"@type\":\"ImageObject\",\"@id\":\"https:\/\/www.plexus.es\/#logo\",\"inLanguage\":\"de-DE\",\"url\":\"https:\/\/www.plexus.es\/wp-content\/uploads\/2021\/11\/logo-plexus-2021.png\",\"contentUrl\":\"https:\/\/www.plexus.es\/wp-content\/uploads\/2021\/11\/logo-plexus-2021.png\",\"width\":600,\"height\":600,\"caption\":\"Plexus Tech\"},\"image\":{\"@id\":\"https:\/\/www.plexus.es\/#logo\"}},{\"@type\":\"WebSite\",\"@id\":\"https:\/\/www.plexus.es\/#website\",\"url\":\"https:\/\/www.plexus.es\/\",\"name\":\"Plexus Tech\",\"description\":\"Tecnolog\\u00eda con Alma\",\"publisher\":{\"@id\":\"https:\/\/www.plexus.es\/#organization\"},\"potentialAction\":[{\"@type\":\"SearchAction\",\"target\":{\"@type\":\"EntryPoint\",\"urlTemplate\":\"https:\/\/www.plexus.es\/?s={search_term_string}\"},\"query-input\":\"required name=search_term_string\"}],\"inLanguage\":\"de-DE\"},{\"@type\":\"ImageObject\",\"@id\":\"https:\/\/www.plexus.es\/plataforma-de-territorio-inteligente-transformacion-digital-galicia-plexus-tech\/#primaryimage\",\"inLanguage\":\"de-DE\",\"url\":\"https:\/\/www.plexus.es\/wp-content\/uploads\/2025\/09\/Plexus-e-Amtega.png\",\"contentUrl\":\"https:\/\/www.plexus.es\/wp-content\/uploads\/2025\/09\/Plexus-e-Amtega.png\",\"width\":948,\"height\":600,\"caption\":\"Plexus Tech y Amtega desarrollan la Plataforma de Territorio Inteligente.\"},{\"@type\":\"WebPage\",\"@id\":\"https:\/\/www.plexus.es\/plataforma-de-territorio-inteligente-transformacion-digital-galicia-plexus-tech\/#webpage\",\"url\":\"https:\/\/www.plexus.es\/plataforma-de-territorio-inteligente-transformacion-digital-galicia-plexus-tech\/\",\"name\":\"Transformamos Galicia con la Plataforma de Territorio Inteligente\",\"isPartOf\":{\"@id\":\"https:\/\/www.plexus.es\/#website\"},\"primaryImageOfPage\":{\"@id\":\"https:\/\/www.plexus.es\/plataforma-de-territorio-inteligente-transformacion-digital-galicia-plexus-tech\/#primaryimage\"},\"datePublished\":\"2025-09-15T10:00:17+00:00\",\"dateModified\":\"2025-09-16T15:48:14+00:00\",\"description\":\"Plexus Tech colabora con Amtega en la creaci\\u00f3n de una plataforma inteligente para mejorar la gesti\\u00f3n del territorio y los servicios p\\u00fablicos.\",\"breadcrumb\":{\"@id\":\"https:\/\/www.plexus.es\/plataforma-de-territorio-inteligente-transformacion-digital-galicia-plexus-tech\/#breadcrumb\"},\"inLanguage\":\"de-DE\",\"potentialAction\":[{\"@type\":\"ReadAction\",\"target\":[\"https:\/\/www.plexus.es\/plataforma-de-territorio-inteligente-transformacion-digital-galicia-plexus-tech\/\"]}]},{\"@type\":\"BreadcrumbList\",\"@id\":\"https:\/\/www.plexus.es\/plataforma-de-territorio-inteligente-transformacion-digital-galicia-plexus-tech\/#breadcrumb\",\"itemListElement\":[{\"@type\":\"ListItem\",\"position\":1,\"name\":\"Home\",\"item\":\"https:\/\/www.plexus.es\/\"},{\"@type\":\"ListItem\",\"position\":2,\"name\":\"Transformamos digitalmente Galicia con la Plataforma de Territorio Inteligente\"}]},{\"@type\":\"Article\",\"@id\":\"https:\/\/www.plexus.es\/plataforma-de-territorio-inteligente-transformacion-digital-galicia-plexus-tech\/#article\",\"isPartOf\":{\"@id\":\"https:\/\/www.plexus.es\/plataforma-de-territorio-inteligente-transformacion-digital-galicia-plexus-tech\/#webpage\"},\"author\":{\"@id\":\"https:\/\/www.plexus.es\/#\/schema\/person\/8f02d5ce6d7b659fa68b0e90317c5171\"},\"headline\":\"Transformamos digitalmente Galicia con la Plataforma de Territorio Inteligente\",\"datePublished\":\"2025-09-15T10:00:17+00:00\",\"dateModified\":\"2025-09-16T15:48:14+00:00\",\"mainEntityOfPage\":{\"@id\":\"https:\/\/www.plexus.es\/plataforma-de-territorio-inteligente-transformacion-digital-galicia-plexus-tech\/#webpage\"},\"wordCount\":1364,\"commentCount\":0,\"publisher\":{\"@id\":\"https:\/\/www.plexus.es\/#organization\"},\"image\":{\"@id\":\"https:\/\/www.plexus.es\/plataforma-de-territorio-inteligente-transformacion-digital-galicia-plexus-tech\/#primaryimage\"},\"thumbnailUrl\":\"https:\/\/www.plexus.es\/wp-content\/uploads\/2025\/09\/Plexus-e-Amtega.png\",\"articleSection\":[\"Nachrichten\",\"Tech&amp;Innovaci\\u00f3n\"],\"inLanguage\":\"de-DE\",\"potentialAction\":[{\"@type\":\"CommentAction\",\"name\":\"Comment\",\"target\":[\"https:\/\/www.plexus.es\/plataforma-de-territorio-inteligente-transformacion-digital-galicia-plexus-tech\/#respond\"]}]},{\"@type\":\"Person\",\"@id\":\"https:\/\/www.plexus.es\/#\/schema\/person\/8f02d5ce6d7b659fa68b0e90317c5171\",\"name\":\"admin_plexus\",\"image\":{\"@type\":\"ImageObject\",\"@id\":\"https:\/\/www.plexus.es\/#personlogo\",\"inLanguage\":\"de-DE\",\"url\":\"https:\/\/secure.gravatar.com\/avatar\/c1d7caf9a4063a74393abcf91991e9cd?s=96&d=mm&r=g\",\"contentUrl\":\"https:\/\/secure.gravatar.com\/avatar\/c1d7caf9a4063a74393abcf91991e9cd?s=96&d=mm&r=g\",\"caption\":\"admin_plexus\"},\"sameAs\":[\"https:\/\/www.plexus.es\"]}]}<\/script>\n<!-- \/ Yoast SEO plugin. -->","yoast_head_json":{"title":"Transformamos Galicia con la Plataforma de Territorio Inteligente","description":"Plexus Tech colabora con Amtega en la creaci\u00f3n de una plataforma inteligente para mejorar la gesti\u00f3n del territorio y los servicios p\u00fablicos.","robots":{"index":"index","follow":"follow","max-snippet":"max-snippet:-1","max-image-preview":"max-image-preview:large","max-video-preview":"max-video-preview:-1"},"canonical":"https:\/\/www.plexus.es\/plataforma-de-territorio-inteligente-transformacion-digital-galicia-plexus-tech\/","og_locale":"de_DE","og_type":"article","og_title":"Transformamos Galicia con la Plataforma de Territorio Inteligente","og_description":"Plexus Tech colabora con Amtega en la creaci\u00f3n de una plataforma inteligente para mejorar la gesti\u00f3n del territorio y los servicios p\u00fablicos.","og_url":"https:\/\/www.plexus.es\/plataforma-de-territorio-inteligente-transformacion-digital-galicia-plexus-tech\/","og_site_name":"Plexus Tech","article_publisher":"https:\/\/www.facebook.com\/Plexus.Techno","article_published_time":"2025-09-15T10:00:17+00:00","article_modified_time":"2025-09-16T15:48:14+00:00","og_image":[{"width":948,"height":600,"url":"https:\/\/www.plexus.es\/wp-content\/uploads\/2025\/09\/Plexus-e-Amtega.png","type":"image\/png"}],"twitter_card":"summary_large_image","twitter_creator":"@plexustech_","twitter_site":"@plexustech_","twitter_misc":{"Verfasst von":"admin_plexus","Gesch\u00e4tzte Lesezeit":"3 Minuten"},"schema":{"@context":"https:\/\/schema.org","@graph":[{"@type":"Organization","@id":"https:\/\/www.plexus.es\/#organization","name":"Plexus Tech","url":"https:\/\/www.plexus.es\/","sameAs":["https:\/\/www.facebook.com\/Plexus.Techno","https:\/\/www.instagram.com\/plexus.tech\/","https:\/\/www.linkedin.com\/company\/plexus-tech\/mycompany\/","https:\/\/www.youtube.com\/user\/tecnologiasplexus","https:\/\/twitter.com\/plexustech_"],"logo":{"@type":"ImageObject","@id":"https:\/\/www.plexus.es\/#logo","inLanguage":"de-DE","url":"https:\/\/www.plexus.es\/wp-content\/uploads\/2021\/11\/logo-plexus-2021.png","contentUrl":"https:\/\/www.plexus.es\/wp-content\/uploads\/2021\/11\/logo-plexus-2021.png","width":600,"height":600,"caption":"Plexus Tech"},"image":{"@id":"https:\/\/www.plexus.es\/#logo"}},{"@type":"WebSite","@id":"https:\/\/www.plexus.es\/#website","url":"https:\/\/www.plexus.es\/","name":"Plexus Tech","description":"Tecnolog\u00eda con Alma","publisher":{"@id":"https:\/\/www.plexus.es\/#organization"},"potentialAction":[{"@type":"SearchAction","target":{"@type":"EntryPoint","urlTemplate":"https:\/\/www.plexus.es\/?s={search_term_string}"},"query-input":"required name=search_term_string"}],"inLanguage":"de-DE"},{"@type":"ImageObject","@id":"https:\/\/www.plexus.es\/plataforma-de-territorio-inteligente-transformacion-digital-galicia-plexus-tech\/#primaryimage","inLanguage":"de-DE","url":"https:\/\/www.plexus.es\/wp-content\/uploads\/2025\/09\/Plexus-e-Amtega.png","contentUrl":"https:\/\/www.plexus.es\/wp-content\/uploads\/2025\/09\/Plexus-e-Amtega.png","width":948,"height":600,"caption":"Plexus Tech y Amtega desarrollan la Plataforma de Territorio Inteligente."},{"@type":"WebPage","@id":"https:\/\/www.plexus.es\/plataforma-de-territorio-inteligente-transformacion-digital-galicia-plexus-tech\/#webpage","url":"https:\/\/www.plexus.es\/plataforma-de-territorio-inteligente-transformacion-digital-galicia-plexus-tech\/","name":"Transformamos Galicia con la Plataforma de Territorio Inteligente","isPartOf":{"@id":"https:\/\/www.plexus.es\/#website"},"primaryImageOfPage":{"@id":"https:\/\/www.plexus.es\/plataforma-de-territorio-inteligente-transformacion-digital-galicia-plexus-tech\/#primaryimage"},"datePublished":"2025-09-15T10:00:17+00:00","dateModified":"2025-09-16T15:48:14+00:00","description":"Plexus Tech colabora con Amtega en la creaci\u00f3n de una plataforma inteligente para mejorar la gesti\u00f3n del territorio y los servicios p\u00fablicos.","breadcrumb":{"@id":"https:\/\/www.plexus.es\/plataforma-de-territorio-inteligente-transformacion-digital-galicia-plexus-tech\/#breadcrumb"},"inLanguage":"de-DE","potentialAction":[{"@type":"ReadAction","target":["https:\/\/www.plexus.es\/plataforma-de-territorio-inteligente-transformacion-digital-galicia-plexus-tech\/"]}]},{"@type":"BreadcrumbList","@id":"https:\/\/www.plexus.es\/plataforma-de-territorio-inteligente-transformacion-digital-galicia-plexus-tech\/#breadcrumb","itemListElement":[{"@type":"ListItem","position":1,"name":"Home","item":"https:\/\/www.plexus.es\/"},{"@type":"ListItem","position":2,"name":"Transformamos digitalmente Galicia con la Plataforma de Territorio Inteligente"}]},{"@type":"Article","@id":"https:\/\/www.plexus.es\/plataforma-de-territorio-inteligente-transformacion-digital-galicia-plexus-tech\/#article","isPartOf":{"@id":"https:\/\/www.plexus.es\/plataforma-de-territorio-inteligente-transformacion-digital-galicia-plexus-tech\/#webpage"},"author":{"@id":"https:\/\/www.plexus.es\/#\/schema\/person\/8f02d5ce6d7b659fa68b0e90317c5171"},"headline":"Transformamos digitalmente Galicia con la Plataforma de Territorio Inteligente","datePublished":"2025-09-15T10:00:17+00:00","dateModified":"2025-09-16T15:48:14+00:00","mainEntityOfPage":{"@id":"https:\/\/www.plexus.es\/plataforma-de-territorio-inteligente-transformacion-digital-galicia-plexus-tech\/#webpage"},"wordCount":1364,"commentCount":0,"publisher":{"@id":"https:\/\/www.plexus.es\/#organization"},"image":{"@id":"https:\/\/www.plexus.es\/plataforma-de-territorio-inteligente-transformacion-digital-galicia-plexus-tech\/#primaryimage"},"thumbnailUrl":"https:\/\/www.plexus.es\/wp-content\/uploads\/2025\/09\/Plexus-e-Amtega.png","articleSection":["Nachrichten","Tech&amp;Innovaci\u00f3n"],"inLanguage":"de-DE","potentialAction":[{"@type":"CommentAction","name":"Comment","target":["https:\/\/www.plexus.es\/plataforma-de-territorio-inteligente-transformacion-digital-galicia-plexus-tech\/#respond"]}]},{"@type":"Person","@id":"https:\/\/www.plexus.es\/#\/schema\/person\/8f02d5ce6d7b659fa68b0e90317c5171","name":"admin_plexus","image":{"@type":"ImageObject","@id":"https:\/\/www.plexus.es\/#personlogo","inLanguage":"de-DE","url":"https:\/\/secure.gravatar.com\/avatar\/c1d7caf9a4063a74393abcf91991e9cd?s=96&d=mm&r=g","contentUrl":"https:\/\/secure.gravatar.com\/avatar\/c1d7caf9a4063a74393abcf91991e9cd?s=96&d=mm&r=g","caption":"admin_plexus"},"sameAs":["https:\/\/www.plexus.es"]}]}},"_links":{"self":[{"href":"https:\/\/www.plexus.es\/de\/wp-json\/wp\/v2\/posts\/49043"}],"collection":[{"href":"https:\/\/www.plexus.es\/de\/wp-json\/wp\/v2\/posts"}],"about":[{"href":"https:\/\/www.plexus.es\/de\/wp-json\/wp\/v2\/types\/post"}],"author":[{"embeddable":true,"href":"https:\/\/www.plexus.es\/de\/wp-json\/wp\/v2\/users\/1"}],"replies":[{"embeddable":true,"href":"https:\/\/www.plexus.es\/de\/wp-json\/wp\/v2\/comments?post=49043"}],"version-history":[{"count":3,"href":"https:\/\/www.plexus.es\/de\/wp-json\/wp\/v2\/posts\/49043\/revisions"}],"predecessor-version":[{"id":49052,"href":"https:\/\/www.plexus.es\/de\/wp-json\/wp\/v2\/posts\/49043\/revisions\/49052"}],"wp:featuredmedia":[{"embeddable":true,"href":"https:\/\/www.plexus.es\/de\/wp-json\/wp\/v2\/media\/49044"}],"wp:attachment":[{"href":"https:\/\/www.plexus.es\/de\/wp-json\/wp\/v2\/media?parent=49043"}],"wp:term":[{"taxonomy":"category","embeddable":true,"href":"https:\/\/www.plexus.es\/de\/wp-json\/wp\/v2\/categories?post=49043"},{"taxonomy":"post_tag","embeddable":true,"href":"https:\/\/www.plexus.es\/de\/wp-json\/wp\/v2\/tags?post=49043"}],"curies":[{"name":"wp","href":"https:\/\/api.w.org\/{rel}","templated":true}]}}