{"id":50945,"date":"2026-02-27T12:00:54","date_gmt":"2026-02-27T11:00:54","guid":{"rendered":"https:\/\/www.plexus.es\/?p=50945"},"modified":"2026-02-27T13:46:17","modified_gmt":"2026-02-27T12:46:17","slug":"ciberseguridad-entorno-sanitario-obligacion-omar-orta-plexus-tech","status":"publish","type":"post","link":"https:\/\/www.plexus.es\/de\/ciberseguridad-entorno-sanitario-obligacion-omar-orta-plexus-tech\/","title":{"rendered":"Omar Orta: \u201cLa ciberseguridad en el entorno sanitario es una obligaci\u00f3n\u201d"},"content":{"rendered":"<div class=\"fusion-fullwidth fullwidth-box fusion-builder-row-1 fusion-flex-container container-detail-news plexus_css nonhundred-percent-fullwidth non-hundred-percent-height-scrolling\" style=\"background-color: rgba(255,255,255,0);background-position: center center;background-repeat: no-repeat;border-width: 0px 0px 0px 0px;border-color:#e8ebef;border-style:solid;\" ><div class=\"fusion-builder-row fusion-row fusion-flex-align-items-flex-start\" style=\"max-width:1310.4px;margin-left: calc(-4% \/ 2 );margin-right: calc(-4% \/ 2 );\"><div class=\"fusion-layout-column fusion_builder_column fusion-builder-column-0 fusion_builder_column_1_2 1_2 fusion-flex-column fusion-flex-align-self-stretch\"><div class=\"fusion-column-wrapper fusion-flex-justify-content-center fusion-content-layout-column\" style=\"background-position:left top;background-repeat:no-repeat;-webkit-background-size:cover;-moz-background-size:cover;-o-background-size:cover;background-size:cover;padding: 0px 0px 0px 0px;\"><div style=\"text-align:center;\"><span class=\" fusion-imageframe imageframe-none imageframe-1 hover-type-none\" style=\"border-radius:12px;margin-top:0px;margin-right:0px;margin-bottom:0px;margin-left:0px;\"><a class=\"fusion-no-lightbox\" href=\"https:\/\/www.linkedin.com\/posts\/plexus-tech_goodnews-gemelosdigitales-platgdia-activity-7146514515004735488-uBrB?utm_source=share&amp;utm_medium=member_desktop\" target=\"_self\" aria-label=\"Omar Orta Charla\"><img width=\"800\" height=\"533\" alt=\"Omar Orta, director de Ciberseguridad de Plexus Tech, durante su intervenci\u00f3n para abordar los desaf\u00edos reales en la protecci\u00f3n del dato en el entorno sanitario.\" src=\"https:\/\/www.plexus.es\/wp-content\/uploads\/2026\/02\/Omar-Orta-Charla.jpg\" data-orig-src=\"https:\/\/www.plexus.es\/wp-content\/uploads\/2026\/02\/Omar-Orta-Charla.jpg\" class=\"lazyload img-responsive wp-image-50961\" srcset=\"data:image\/svg+xml,%3Csvg%20xmlns%3D%27http%3A%2F%2Fwww.w3.org%2F2000%2Fsvg%27%20width%3D%27800%27%20height%3D%27533%27%20viewBox%3D%270%200%20800%20533%27%3E%3Crect%20width%3D%27800%27%20height%3D%27533%27%20fill-opacity%3D%220%22%2F%3E%3C%2Fsvg%3E\" data-srcset=\"https:\/\/www.plexus.es\/wp-content\/uploads\/2026\/02\/Omar-Orta-Charla-200x133.jpg 200w, https:\/\/www.plexus.es\/wp-content\/uploads\/2026\/02\/Omar-Orta-Charla-400x267.jpg 400w, https:\/\/www.plexus.es\/wp-content\/uploads\/2026\/02\/Omar-Orta-Charla-600x400.jpg 600w, https:\/\/www.plexus.es\/wp-content\/uploads\/2026\/02\/Omar-Orta-Charla.jpg 800w\" data-sizes=\"auto\" data-orig-sizes=\"(max-width: 640px) 100vw, 600px\" \/><\/a><\/span><\/div><\/div><style type=\"text\/css\">.fusion-body .fusion-builder-column-0{width:50% !important;margin-top : 0px;margin-bottom : 0px;}.fusion-builder-column-0 > .fusion-column-wrapper {padding-top : 0 !important;padding-right : 0px !important;margin-right : 3.84%;padding-bottom : 0 !important;padding-left : 0px !important;margin-left : 3.84%;}@media only screen and (max-width:1200px) {.fusion-body .fusion-builder-column-0{width:50% !important;order : 0;}.fusion-builder-column-0 > .fusion-column-wrapper {margin-right : 3.84%;margin-left : 3.84%;}}@media only screen and (max-width:640px) {.fusion-body .fusion-builder-column-0{width:100% !important;order : 0;}.fusion-builder-column-0 > .fusion-column-wrapper {margin-right : 1.92%;margin-left : 1.92%;}}<\/style><\/div><div class=\"fusion-layout-column fusion_builder_column fusion-builder-column-1 fusion_builder_column_1_2 1_2 fusion-flex-column fusion-flex-align-self-stretch\"><div class=\"fusion-column-wrapper fusion-flex-justify-content-center fusion-content-layout-column\" style=\"background-position:left top;background-repeat:no-repeat;-webkit-background-size:cover;-moz-background-size:cover;-o-background-size:cover;background-size:cover;padding: 0px 0px 0px 0px;\"><div style=\"text-align:center;\"><span class=\" fusion-imageframe imageframe-none imageframe-2 hover-type-none\" style=\"border-radius:12px;margin-top:0px;margin-right:0px;margin-bottom:0px;margin-left:0px;\"><a class=\"fusion-no-lightbox\" href=\"https:\/\/www.linkedin.com\/posts\/plexus-tech_goodnews-gemelosdigitales-platgdia-activity-7146514515004735488-uBrB?utm_source=share&amp;utm_medium=member_desktop\" target=\"_self\" aria-label=\"Omar Orta Participacion\"><img width=\"2040\" height=\"1530\" alt=\"Nuestro director de Ciberseguridad, Omar Orta, durante su participaci\u00f3n en la sesi\u00f3n &quot;Soluciones para la ciberseguridad en entornos sanitarios&quot;\" src=\"https:\/\/www.plexus.es\/wp-content\/uploads\/2026\/02\/Omar-Orta-Participacion.jpg\" data-orig-src=\"https:\/\/www.plexus.es\/wp-content\/uploads\/2026\/02\/Omar-Orta-Participacion.jpg\" class=\"lazyload img-responsive wp-image-50955\" srcset=\"data:image\/svg+xml,%3Csvg%20xmlns%3D%27http%3A%2F%2Fwww.w3.org%2F2000%2Fsvg%27%20width%3D%272040%27%20height%3D%271530%27%20viewBox%3D%270%200%202040%201530%27%3E%3Crect%20width%3D%272040%27%20height%3D%271530%27%20fill-opacity%3D%220%22%2F%3E%3C%2Fsvg%3E\" data-srcset=\"https:\/\/www.plexus.es\/wp-content\/uploads\/2026\/02\/Omar-Orta-Participacion-200x150.jpg 200w, https:\/\/www.plexus.es\/wp-content\/uploads\/2026\/02\/Omar-Orta-Participacion-400x300.jpg 400w, https:\/\/www.plexus.es\/wp-content\/uploads\/2026\/02\/Omar-Orta-Participacion-600x450.jpg 600w, https:\/\/www.plexus.es\/wp-content\/uploads\/2026\/02\/Omar-Orta-Participacion-800x600.jpg 800w, https:\/\/www.plexus.es\/wp-content\/uploads\/2026\/02\/Omar-Orta-Participacion-1200x900.jpg 1200w, https:\/\/www.plexus.es\/wp-content\/uploads\/2026\/02\/Omar-Orta-Participacion.jpg 2040w\" data-sizes=\"auto\" data-orig-sizes=\"(max-width: 640px) 100vw, 600px\" \/><\/a><\/span><\/div><\/div><style type=\"text\/css\">.fusion-body .fusion-builder-column-1{width:50% !important;margin-top : 0px;margin-bottom : 0px;}.fusion-builder-column-1 > .fusion-column-wrapper {padding-top : 0 !important;padding-right : 0px !important;margin-right : 3.84%;padding-bottom : 0 !important;padding-left : 0px !important;margin-left : 3.84%;}@media only screen and (max-width:1200px) {.fusion-body .fusion-builder-column-1{width:50% !important;order : 0;}.fusion-builder-column-1 > .fusion-column-wrapper {margin-right : 3.84%;margin-left : 3.84%;}}@media only screen and (max-width:640px) {.fusion-body .fusion-builder-column-1{width:100% !important;order : 0;}.fusion-builder-column-1 > .fusion-column-wrapper {margin-right : 1.92%;margin-left : 1.92%;}}<\/style><\/div><div class=\"fusion-layout-column fusion_builder_column fusion-builder-column-2 fusion_builder_column_1_1 1_1 fusion-flex-column\"><div class=\"fusion-column-wrapper fusion-flex-justify-content-flex-start fusion-content-layout-column\" style=\"background-position:left top;background-repeat:no-repeat;-webkit-background-size:cover;-moz-background-size:cover;-o-background-size:cover;background-size:cover;padding: 0px 0px 0px 0px;\"><div class=\"fusion-text fusion-text-1\"><h2>Nuestro director de Ciberseguridad analiz\u00f3 los nuevos desaf\u00edos en el entorno sanitario en el XXIII Foro de Seguridad y Protecci\u00f3n de Datos de Salud.<\/h2>\n<p>\u201c<strong>La ciberseguridad<\/strong> en el entorno sanitario ya no es opcional: es <strong>una obligaci\u00f3n ligada a la protecci\u00f3n de datos cl\u00ednicos\u2026 y al riesgo vital<\/strong>\u201d. Con esta reflexi\u00f3n cerr\u00f3 nuestro <strong>director de <a href=\"https:\/\/www.plexus.es\/servicios\/ciberseguridad\/\" target=\"_blank\" rel=\"noopener\">Ciberseguridad<\/a>, Omar Orta<\/strong>, su participaci\u00f3n en el XXIII Foro de Seguridad y Protecci\u00f3n de Datos de Salud.<\/p>\n<p>La participaci\u00f3n de nuestro director se enmarc\u00f3 en la sesi\u00f3n &#8222;Soluciones para la ciberseguridad en entornos sanitarios&#8220;. Una conferencia en la que abord\u00f3 los nuevos desaf\u00edos para en entorno m\u00e9dico, en <strong>un contexto cada vez m\u00e1s regulado por normativas como NIS2<\/strong>. Adem\u00e1s, puso el foco en los desaf\u00edos reales que viven hoy las organizaciones sanitarias.<\/p>\n<p>Desde nuestro expertise en proyectos para el sector, Omar Orta se\u00f1al\u00f3 que<strong> desde nuestra compa\u00f1\u00eda apostamos por un enfoque de seguridad por capas<\/strong> que complemente el SOC y las tecnolog\u00edas existentes.<\/p>\n<p>En esta l\u00ednea, cit\u00f3, en el \u00e1mbito sanitario muchos dispositivos no pueden apagarse ante una amenaza. Por ello, \u201c<strong>es clave automatizar respuestas<\/strong> como el aislamiento controlado, garantizando la continuidad asistencial\u201d.<\/p>\n<h3>XXIII Foro de Seguridad y Protecci\u00f3n de Datos de Salud.<\/h3>\n<p>El <a href=\"https:\/\/seis.es\/foropd2026\/\" target=\"_blank\" rel=\"noopener\">XXIII Foro de Seguridad y Protecci\u00f3n de Datos de Salud<\/a>, organizado por la Sociedad Espa\u00f1ola de Inform\u00e1tica de la Salud (SEIS), se celebr\u00f3 en Bilbao el 25 y 26 de febrero. El evento de referencia<strong> reuni\u00f3 a m\u00e1s de 350 profesionales del sector<\/strong> y un espacio para avanzar en la protecci\u00f3n del dato en salud.<\/p>\n<p>All\u00ed, junto a l\u00edderes en el entorno sanitario, <strong>desde Plexus Tech compartimos visi\u00f3n, experiencia y retos<\/strong>, tanto sobre ciberseguridad como sobre la importante protecci\u00f3n del dato sanitario.<\/p>\n<p>Todo ello, con el objetivo de lograr <strong>una atenci\u00f3n sanitaria de calidad<\/strong>, eficiente y especialmente respetuosa con los derechos de la sociedad.<\/p>\n<\/div><\/div><style type=\"text\/css\">.fusion-body .fusion-builder-column-2{width:100% !important;margin-top : 20px;margin-bottom : 20px;}.fusion-builder-column-2 > .fusion-column-wrapper {padding-top : 0px !important;padding-right : 0px !important;margin-right : 1.92%;padding-bottom : 0px !important;padding-left : 0px !important;margin-left : 1.92%;}@media only screen and (max-width:1200px) {.fusion-body .fusion-builder-column-2{width:100% !important;order : 0;}.fusion-builder-column-2 > .fusion-column-wrapper {margin-right : 1.92%;margin-left : 1.92%;}}@media only screen and (max-width:640px) {.fusion-body .fusion-builder-column-2{width:100% !important;order : 0;}.fusion-builder-column-2 > .fusion-column-wrapper {margin-right : 1.92%;margin-left : 1.92%;}}<\/style><\/div><\/div><style type=\"text\/css\">.fusion-body .fusion-flex-container.fusion-builder-row-1{ padding-top : 0px;margin-top : 0;padding-right : 0px;padding-bottom : 0px;margin-bottom : 0;padding-left : 0px;}<\/style><\/div>\n","protected":false},"excerpt":{"rendered":"<p>Nuestro director de Ciberseguridad analiz\u00f3 los desaf\u00edos del entorno sanitario en el XXIII Foro de Seguridad y Protecci\u00f3n de Datos de Salud.<\/p>\n","protected":false},"author":1,"featured_media":50946,"comment_status":"open","ping_status":"open","sticky":false,"template":"","format":"standard","meta":[],"categories":[40,107,42],"tags":[],"yoast_head":"<!-- This site is optimized with the Yoast SEO plugin v17.4 - https:\/\/yoast.com\/wordpress\/plugins\/seo\/ -->\n<title>Omar Orta: \u201cLa ciberseguridad en el entorno sanitario es una obligaci\u00f3n\u201d<\/title>\n<meta name=\"description\" content=\"Nuestro director de Ciberseguridad analiz\u00f3 los desaf\u00edos del entorno sanitario en el XXIII Foro de Seguridad y Protecci\u00f3n de Datos de Salud.\" \/>\n<meta name=\"robots\" content=\"index, follow, max-snippet:-1, max-image-preview:large, max-video-preview:-1\" \/>\n<link rel=\"canonical\" href=\"https:\/\/www.plexus.es\/ciberseguridad-entorno-sanitario-obligacion-omar-orta-plexus-tech\/\" \/>\n<meta property=\"og:locale\" content=\"de_DE\" \/>\n<meta property=\"og:type\" content=\"article\" \/>\n<meta property=\"og:title\" content=\"Omar Orta: \u201cLa ciberseguridad en el entorno sanitario es una obligaci\u00f3n\u201d\" \/>\n<meta property=\"og:description\" content=\"Nuestro director de Ciberseguridad analiz\u00f3 los desaf\u00edos del entorno sanitario en el XXIII Foro de Seguridad y Protecci\u00f3n de Datos de Salud.\" \/>\n<meta property=\"og:url\" content=\"https:\/\/www.plexus.es\/ciberseguridad-entorno-sanitario-obligacion-omar-orta-plexus-tech\/\" \/>\n<meta property=\"og:site_name\" content=\"Plexus Tech\" \/>\n<meta property=\"article:publisher\" content=\"https:\/\/www.facebook.com\/Plexus.Techno\" \/>\n<meta property=\"article:published_time\" content=\"2026-02-27T11:00:54+00:00\" \/>\n<meta property=\"article:modified_time\" content=\"2026-02-27T12:46:17+00:00\" \/>\n<meta property=\"og:image\" content=\"https:\/\/www.plexus.es\/wp-content\/uploads\/2026\/02\/Portada-Omar-Orta-web.jpg\" \/>\n\t<meta property=\"og:image:width\" content=\"948\" \/>\n\t<meta property=\"og:image:height\" content=\"600\" \/>\n<meta name=\"twitter:card\" content=\"summary_large_image\" \/>\n<meta name=\"twitter:creator\" content=\"@plexustech_\" \/>\n<meta name=\"twitter:site\" content=\"@plexustech_\" \/>\n<meta name=\"twitter:label1\" content=\"Verfasst von\" \/>\n\t<meta name=\"twitter:data1\" content=\"admin_plexus\" \/>\n\t<meta name=\"twitter:label2\" content=\"Gesch\u00e4tzte Lesezeit\" \/>\n\t<meta name=\"twitter:data2\" content=\"5 Minuten\" \/>\n<script type=\"application\/ld+json\" class=\"yoast-schema-graph\">{\"@context\":\"https:\/\/schema.org\",\"@graph\":[{\"@type\":\"Organization\",\"@id\":\"https:\/\/www.plexus.es\/#organization\",\"name\":\"Plexus Tech\",\"url\":\"https:\/\/www.plexus.es\/\",\"sameAs\":[\"https:\/\/www.facebook.com\/Plexus.Techno\",\"https:\/\/www.instagram.com\/plexus.tech\/\",\"https:\/\/www.linkedin.com\/company\/plexus-tech\/mycompany\/\",\"https:\/\/www.youtube.com\/user\/tecnologiasplexus\",\"https:\/\/twitter.com\/plexustech_\"],\"logo\":{\"@type\":\"ImageObject\",\"@id\":\"https:\/\/www.plexus.es\/#logo\",\"inLanguage\":\"de-DE\",\"url\":\"https:\/\/www.plexus.es\/wp-content\/uploads\/2021\/11\/logo-plexus-2021.png\",\"contentUrl\":\"https:\/\/www.plexus.es\/wp-content\/uploads\/2021\/11\/logo-plexus-2021.png\",\"width\":600,\"height\":600,\"caption\":\"Plexus Tech\"},\"image\":{\"@id\":\"https:\/\/www.plexus.es\/#logo\"}},{\"@type\":\"WebSite\",\"@id\":\"https:\/\/www.plexus.es\/#website\",\"url\":\"https:\/\/www.plexus.es\/\",\"name\":\"Plexus Tech\",\"description\":\"Tecnolog\\u00eda con Alma\",\"publisher\":{\"@id\":\"https:\/\/www.plexus.es\/#organization\"},\"potentialAction\":[{\"@type\":\"SearchAction\",\"target\":{\"@type\":\"EntryPoint\",\"urlTemplate\":\"https:\/\/www.plexus.es\/?s={search_term_string}\"},\"query-input\":\"required name=search_term_string\"}],\"inLanguage\":\"de-DE\"},{\"@type\":\"ImageObject\",\"@id\":\"https:\/\/www.plexus.es\/ciberseguridad-entorno-sanitario-obligacion-omar-orta-plexus-tech\/#primaryimage\",\"inLanguage\":\"de-DE\",\"url\":\"https:\/\/www.plexus.es\/wp-content\/uploads\/2026\/02\/Portada-Omar-Orta-web.jpg\",\"contentUrl\":\"https:\/\/www.plexus.es\/wp-content\/uploads\/2026\/02\/Portada-Omar-Orta-web.jpg\",\"width\":948,\"height\":600,\"caption\":\"Omar Orta, director de Ciberseguridad de Plexus Tech, durante su intervenci\\u00f3n para abordar los desaf\\u00edos reales en la protecci\\u00f3n del dato en el entorno sanitario.\"},{\"@type\":\"WebPage\",\"@id\":\"https:\/\/www.plexus.es\/ciberseguridad-entorno-sanitario-obligacion-omar-orta-plexus-tech\/#webpage\",\"url\":\"https:\/\/www.plexus.es\/ciberseguridad-entorno-sanitario-obligacion-omar-orta-plexus-tech\/\",\"name\":\"Omar Orta: \\u201cLa ciberseguridad en el entorno sanitario es una obligaci\\u00f3n\\u201d\",\"isPartOf\":{\"@id\":\"https:\/\/www.plexus.es\/#website\"},\"primaryImageOfPage\":{\"@id\":\"https:\/\/www.plexus.es\/ciberseguridad-entorno-sanitario-obligacion-omar-orta-plexus-tech\/#primaryimage\"},\"datePublished\":\"2026-02-27T11:00:54+00:00\",\"dateModified\":\"2026-02-27T12:46:17+00:00\",\"description\":\"Nuestro director de Ciberseguridad analiz\\u00f3 los desaf\\u00edos del entorno sanitario en el XXIII Foro de Seguridad y Protecci\\u00f3n de Datos de Salud.\",\"breadcrumb\":{\"@id\":\"https:\/\/www.plexus.es\/ciberseguridad-entorno-sanitario-obligacion-omar-orta-plexus-tech\/#breadcrumb\"},\"inLanguage\":\"de-DE\",\"potentialAction\":[{\"@type\":\"ReadAction\",\"target\":[\"https:\/\/www.plexus.es\/ciberseguridad-entorno-sanitario-obligacion-omar-orta-plexus-tech\/\"]}]},{\"@type\":\"BreadcrumbList\",\"@id\":\"https:\/\/www.plexus.es\/ciberseguridad-entorno-sanitario-obligacion-omar-orta-plexus-tech\/#breadcrumb\",\"itemListElement\":[{\"@type\":\"ListItem\",\"position\":1,\"name\":\"Home\",\"item\":\"https:\/\/www.plexus.es\/\"},{\"@type\":\"ListItem\",\"position\":2,\"name\":\"Omar Orta: \\u201cLa ciberseguridad en el entorno sanitario es una obligaci\\u00f3n\\u201d\"}]},{\"@type\":\"Article\",\"@id\":\"https:\/\/www.plexus.es\/ciberseguridad-entorno-sanitario-obligacion-omar-orta-plexus-tech\/#article\",\"isPartOf\":{\"@id\":\"https:\/\/www.plexus.es\/ciberseguridad-entorno-sanitario-obligacion-omar-orta-plexus-tech\/#webpage\"},\"author\":{\"@id\":\"https:\/\/www.plexus.es\/#\/schema\/person\/8f02d5ce6d7b659fa68b0e90317c5171\"},\"headline\":\"Omar Orta: \\u201cLa ciberseguridad en el entorno sanitario es una obligaci\\u00f3n\\u201d\",\"datePublished\":\"2026-02-27T11:00:54+00:00\",\"dateModified\":\"2026-02-27T12:46:17+00:00\",\"mainEntityOfPage\":{\"@id\":\"https:\/\/www.plexus.es\/ciberseguridad-entorno-sanitario-obligacion-omar-orta-plexus-tech\/#webpage\"},\"wordCount\":1837,\"commentCount\":0,\"publisher\":{\"@id\":\"https:\/\/www.plexus.es\/#organization\"},\"image\":{\"@id\":\"https:\/\/www.plexus.es\/ciberseguridad-entorno-sanitario-obligacion-omar-orta-plexus-tech\/#primaryimage\"},\"thumbnailUrl\":\"https:\/\/www.plexus.es\/wp-content\/uploads\/2026\/02\/Portada-Omar-Orta-web.jpg\",\"articleSection\":[\"Ciberseguridad\",\"Eventos\",\"Sanidad\"],\"inLanguage\":\"de-DE\",\"potentialAction\":[{\"@type\":\"CommentAction\",\"name\":\"Comment\",\"target\":[\"https:\/\/www.plexus.es\/ciberseguridad-entorno-sanitario-obligacion-omar-orta-plexus-tech\/#respond\"]}]},{\"@type\":\"Person\",\"@id\":\"https:\/\/www.plexus.es\/#\/schema\/person\/8f02d5ce6d7b659fa68b0e90317c5171\",\"name\":\"admin_plexus\",\"image\":{\"@type\":\"ImageObject\",\"@id\":\"https:\/\/www.plexus.es\/#personlogo\",\"inLanguage\":\"de-DE\",\"url\":\"https:\/\/secure.gravatar.com\/avatar\/c1d7caf9a4063a74393abcf91991e9cd?s=96&d=mm&r=g\",\"contentUrl\":\"https:\/\/secure.gravatar.com\/avatar\/c1d7caf9a4063a74393abcf91991e9cd?s=96&d=mm&r=g\",\"caption\":\"admin_plexus\"},\"sameAs\":[\"https:\/\/www.plexus.es\"]}]}<\/script>\n<!-- \/ Yoast SEO plugin. -->","yoast_head_json":{"title":"Omar Orta: \u201cLa ciberseguridad en el entorno sanitario es una obligaci\u00f3n\u201d","description":"Nuestro director de Ciberseguridad analiz\u00f3 los desaf\u00edos del entorno sanitario en el XXIII Foro de Seguridad y Protecci\u00f3n de Datos de Salud.","robots":{"index":"index","follow":"follow","max-snippet":"max-snippet:-1","max-image-preview":"max-image-preview:large","max-video-preview":"max-video-preview:-1"},"canonical":"https:\/\/www.plexus.es\/ciberseguridad-entorno-sanitario-obligacion-omar-orta-plexus-tech\/","og_locale":"de_DE","og_type":"article","og_title":"Omar Orta: \u201cLa ciberseguridad en el entorno sanitario es una obligaci\u00f3n\u201d","og_description":"Nuestro director de Ciberseguridad analiz\u00f3 los desaf\u00edos del entorno sanitario en el XXIII Foro de Seguridad y Protecci\u00f3n de Datos de Salud.","og_url":"https:\/\/www.plexus.es\/ciberseguridad-entorno-sanitario-obligacion-omar-orta-plexus-tech\/","og_site_name":"Plexus Tech","article_publisher":"https:\/\/www.facebook.com\/Plexus.Techno","article_published_time":"2026-02-27T11:00:54+00:00","article_modified_time":"2026-02-27T12:46:17+00:00","og_image":[{"width":948,"height":600,"url":"https:\/\/www.plexus.es\/wp-content\/uploads\/2026\/02\/Portada-Omar-Orta-web.jpg","type":"image\/jpeg"}],"twitter_card":"summary_large_image","twitter_creator":"@plexustech_","twitter_site":"@plexustech_","twitter_misc":{"Verfasst von":"admin_plexus","Gesch\u00e4tzte Lesezeit":"5 Minuten"},"schema":{"@context":"https:\/\/schema.org","@graph":[{"@type":"Organization","@id":"https:\/\/www.plexus.es\/#organization","name":"Plexus Tech","url":"https:\/\/www.plexus.es\/","sameAs":["https:\/\/www.facebook.com\/Plexus.Techno","https:\/\/www.instagram.com\/plexus.tech\/","https:\/\/www.linkedin.com\/company\/plexus-tech\/mycompany\/","https:\/\/www.youtube.com\/user\/tecnologiasplexus","https:\/\/twitter.com\/plexustech_"],"logo":{"@type":"ImageObject","@id":"https:\/\/www.plexus.es\/#logo","inLanguage":"de-DE","url":"https:\/\/www.plexus.es\/wp-content\/uploads\/2021\/11\/logo-plexus-2021.png","contentUrl":"https:\/\/www.plexus.es\/wp-content\/uploads\/2021\/11\/logo-plexus-2021.png","width":600,"height":600,"caption":"Plexus Tech"},"image":{"@id":"https:\/\/www.plexus.es\/#logo"}},{"@type":"WebSite","@id":"https:\/\/www.plexus.es\/#website","url":"https:\/\/www.plexus.es\/","name":"Plexus Tech","description":"Tecnolog\u00eda con Alma","publisher":{"@id":"https:\/\/www.plexus.es\/#organization"},"potentialAction":[{"@type":"SearchAction","target":{"@type":"EntryPoint","urlTemplate":"https:\/\/www.plexus.es\/?s={search_term_string}"},"query-input":"required name=search_term_string"}],"inLanguage":"de-DE"},{"@type":"ImageObject","@id":"https:\/\/www.plexus.es\/ciberseguridad-entorno-sanitario-obligacion-omar-orta-plexus-tech\/#primaryimage","inLanguage":"de-DE","url":"https:\/\/www.plexus.es\/wp-content\/uploads\/2026\/02\/Portada-Omar-Orta-web.jpg","contentUrl":"https:\/\/www.plexus.es\/wp-content\/uploads\/2026\/02\/Portada-Omar-Orta-web.jpg","width":948,"height":600,"caption":"Omar Orta, director de Ciberseguridad de Plexus Tech, durante su intervenci\u00f3n para abordar los desaf\u00edos reales en la protecci\u00f3n del dato en el entorno sanitario."},{"@type":"WebPage","@id":"https:\/\/www.plexus.es\/ciberseguridad-entorno-sanitario-obligacion-omar-orta-plexus-tech\/#webpage","url":"https:\/\/www.plexus.es\/ciberseguridad-entorno-sanitario-obligacion-omar-orta-plexus-tech\/","name":"Omar Orta: \u201cLa ciberseguridad en el entorno sanitario es una obligaci\u00f3n\u201d","isPartOf":{"@id":"https:\/\/www.plexus.es\/#website"},"primaryImageOfPage":{"@id":"https:\/\/www.plexus.es\/ciberseguridad-entorno-sanitario-obligacion-omar-orta-plexus-tech\/#primaryimage"},"datePublished":"2026-02-27T11:00:54+00:00","dateModified":"2026-02-27T12:46:17+00:00","description":"Nuestro director de Ciberseguridad analiz\u00f3 los desaf\u00edos del entorno sanitario en el XXIII Foro de Seguridad y Protecci\u00f3n de Datos de Salud.","breadcrumb":{"@id":"https:\/\/www.plexus.es\/ciberseguridad-entorno-sanitario-obligacion-omar-orta-plexus-tech\/#breadcrumb"},"inLanguage":"de-DE","potentialAction":[{"@type":"ReadAction","target":["https:\/\/www.plexus.es\/ciberseguridad-entorno-sanitario-obligacion-omar-orta-plexus-tech\/"]}]},{"@type":"BreadcrumbList","@id":"https:\/\/www.plexus.es\/ciberseguridad-entorno-sanitario-obligacion-omar-orta-plexus-tech\/#breadcrumb","itemListElement":[{"@type":"ListItem","position":1,"name":"Home","item":"https:\/\/www.plexus.es\/"},{"@type":"ListItem","position":2,"name":"Omar Orta: \u201cLa ciberseguridad en el entorno sanitario es una obligaci\u00f3n\u201d"}]},{"@type":"Article","@id":"https:\/\/www.plexus.es\/ciberseguridad-entorno-sanitario-obligacion-omar-orta-plexus-tech\/#article","isPartOf":{"@id":"https:\/\/www.plexus.es\/ciberseguridad-entorno-sanitario-obligacion-omar-orta-plexus-tech\/#webpage"},"author":{"@id":"https:\/\/www.plexus.es\/#\/schema\/person\/8f02d5ce6d7b659fa68b0e90317c5171"},"headline":"Omar Orta: \u201cLa ciberseguridad en el entorno sanitario es una obligaci\u00f3n\u201d","datePublished":"2026-02-27T11:00:54+00:00","dateModified":"2026-02-27T12:46:17+00:00","mainEntityOfPage":{"@id":"https:\/\/www.plexus.es\/ciberseguridad-entorno-sanitario-obligacion-omar-orta-plexus-tech\/#webpage"},"wordCount":1837,"commentCount":0,"publisher":{"@id":"https:\/\/www.plexus.es\/#organization"},"image":{"@id":"https:\/\/www.plexus.es\/ciberseguridad-entorno-sanitario-obligacion-omar-orta-plexus-tech\/#primaryimage"},"thumbnailUrl":"https:\/\/www.plexus.es\/wp-content\/uploads\/2026\/02\/Portada-Omar-Orta-web.jpg","articleSection":["Ciberseguridad","Eventos","Sanidad"],"inLanguage":"de-DE","potentialAction":[{"@type":"CommentAction","name":"Comment","target":["https:\/\/www.plexus.es\/ciberseguridad-entorno-sanitario-obligacion-omar-orta-plexus-tech\/#respond"]}]},{"@type":"Person","@id":"https:\/\/www.plexus.es\/#\/schema\/person\/8f02d5ce6d7b659fa68b0e90317c5171","name":"admin_plexus","image":{"@type":"ImageObject","@id":"https:\/\/www.plexus.es\/#personlogo","inLanguage":"de-DE","url":"https:\/\/secure.gravatar.com\/avatar\/c1d7caf9a4063a74393abcf91991e9cd?s=96&d=mm&r=g","contentUrl":"https:\/\/secure.gravatar.com\/avatar\/c1d7caf9a4063a74393abcf91991e9cd?s=96&d=mm&r=g","caption":"admin_plexus"},"sameAs":["https:\/\/www.plexus.es"]}]}},"_links":{"self":[{"href":"https:\/\/www.plexus.es\/de\/wp-json\/wp\/v2\/posts\/50945"}],"collection":[{"href":"https:\/\/www.plexus.es\/de\/wp-json\/wp\/v2\/posts"}],"about":[{"href":"https:\/\/www.plexus.es\/de\/wp-json\/wp\/v2\/types\/post"}],"author":[{"embeddable":true,"href":"https:\/\/www.plexus.es\/de\/wp-json\/wp\/v2\/users\/1"}],"replies":[{"embeddable":true,"href":"https:\/\/www.plexus.es\/de\/wp-json\/wp\/v2\/comments?post=50945"}],"version-history":[{"count":2,"href":"https:\/\/www.plexus.es\/de\/wp-json\/wp\/v2\/posts\/50945\/revisions"}],"predecessor-version":[{"id":50965,"href":"https:\/\/www.plexus.es\/de\/wp-json\/wp\/v2\/posts\/50945\/revisions\/50965"}],"wp:featuredmedia":[{"embeddable":true,"href":"https:\/\/www.plexus.es\/de\/wp-json\/wp\/v2\/media\/50946"}],"wp:attachment":[{"href":"https:\/\/www.plexus.es\/de\/wp-json\/wp\/v2\/media?parent=50945"}],"wp:term":[{"taxonomy":"category","embeddable":true,"href":"https:\/\/www.plexus.es\/de\/wp-json\/wp\/v2\/categories?post=50945"},{"taxonomy":"post_tag","embeddable":true,"href":"https:\/\/www.plexus.es\/de\/wp-json\/wp\/v2\/tags?post=50945"}],"curies":[{"name":"wp","href":"https:\/\/api.w.org\/{rel}","templated":true}]}}