{"id":16598,"date":"2022-04-08T09:39:36","date_gmt":"2022-04-08T07:39:36","guid":{"rendered":"https:\/\/www.plexus.es\/?p=16598"},"modified":"2024-05-22T12:45:40","modified_gmt":"2024-05-22T10:45:40","slug":"hcd-nueva-incorporacion-a-la-familia-plexus","status":"publish","type":"post","link":"https:\/\/www.plexus.es\/en\/hcd-nueva-incorporacion-a-la-familia-plexus\/","title":{"rendered":"La incorporaci\u00f3n de HCD, otra pieza en la internacionalizaci\u00f3n de Plexus Tech"},"content":{"rendered":"<div class=\"fusion-fullwidth fullwidth-box fusion-builder-row-1 fusion-flex-container nonhundred-percent-fullwidth non-hundred-percent-height-scrolling\" style=\"background-color: rgba(255,255,255,0);background-position: center center;background-repeat: no-repeat;border-width: 0px 0px 0px 0px;border-color:#e8ebef;border-style:solid;\" ><div class=\"fusion-builder-row fusion-row fusion-flex-align-items-flex-start\" style=\"max-width:1310.4px;margin-left: calc(-4% \/ 2 );margin-right: calc(-4% \/ 2 );\"><div class=\"fusion-layout-column fusion_builder_column fusion-builder-column-0 fusion_builder_column_1_2 1_2 fusion-flex-column\"><div class=\"fusion-column-wrapper fusion-flex-justify-content-flex-start fusion-content-layout-column\" style=\"background-position:left top;background-repeat:no-repeat;-webkit-background-size:cover;-moz-background-size:cover;-o-background-size:cover;background-size:cover;padding: 0px 0px 0px 0px;\"><div class=\"fusion-text fusion-text-1\"><p><span style=\"font-weight: 400;\">Plexus Tech ha cerrado la adquisici\u00f3n de HCD (Human Computer Development), una compa\u00f1\u00eda con <strong>sedes en diversos pa\u00edses de Europa y un amplio expertise en \u00e1reas digitales.<\/strong> Actualmente, Plexus Tech cuenta con un total de 21 sedes con gran capilaridad en todo el territorio espa\u00f1ol y tiene la mirada puesta en consolidar su presencia europea, adem\u00e1s de cruzar el charco al mercado norteamericano, donde recientemente ha abierto una oficina en Miami.<\/span><\/p>\n<p>HCD cuenta con presencia en Alemania, Reino Unido, Portugal y Polonia, y con conocimientos en proyectos como aplicaciones m\u00f3viles y experiencia de usuario con un marcado car\u00e1cter innovador.\u00a0 Con esta adquisici\u00f3n, se refuerza la meta de <strong>conseguir un amplio despliegue en el mercado europeo como parte estrat\u00e9gica de crecimiento y expansi\u00f3n a nivel internacional.<\/strong><\/p>\n<p><span style=\"font-weight: 400;\">Otro de los objetivos de la compa\u00f1\u00eda es crear c\u00e9lulas de hiperespecializaci\u00f3n en las \u00faltimas tecnolog\u00edas para todas las \u00e1reas transversales como ciberseguridad, digital, customer centric, arquitectura y data, cloud, ecommerce, desarrollo y para ello ha incorporado en los \u00faltimos meses, adem\u00e1s de HCD, una compa\u00f1\u00eda con sede en Portugal <strong>capilarizando las fronteras de actuaci\u00f3n de la tecnol\u00f3gica en el pa\u00eds luso<\/strong>.\u00a0<\/span><\/p>\n<p><span style=\"font-weight: 400;\">Actualmente trabajamos con una parte de las empresas del Ibex 35, en diversos sectores como banca, turismo, servicios sociales, siendo l\u00edderes a nivel nacional en el sector de salud tanto en la administraci\u00f3n p\u00fablica como privada. Seguimos priorizando buscar el mejor talento en tecnolog\u00edas de vanguardia, y conseguir as\u00ed un importante desarrollo en el mercado europeo manteniendo nuestro sello como primera tecnol\u00f3gica independiente en Espa\u00f1a.<\/span><\/p>\n<p><a href=\"https:\/\/amp.expansion.com\/empresas\/tecnologia\/2022\/04\/06\/624da5f2e5fdeacd158b4841.html\" target=\"_blank\" rel=\"noopener\">Consulta el art\u00edculo de Expansi\u00f3n.<\/a><\/p>\n<p><a href=\"https:\/\/www.lavozdegalicia.es\/noticia\/galicia-economica\/2022\/04\/07\/gallega-plexus-tech-adquiere-firma-portuguesa-hcd\/00031649321444651150648.htm\" target=\"_blank\" rel=\"noopener\">Consulta la noticia de La Voz de Galicia.<\/a><\/p>\n<p><a href=\"https:\/\/www.elespanol.com\/quincemil\/articulos\/actualidad\/la-compania-gallega-plexus-tech-compra-la-portuguesa-hcd-y-avanza-en-su-internacionalizacion\" target=\"_blank\" rel=\"noopener\">Consulta la noticia de El Espa\u00f1ol.<\/a><\/p>\n<\/div><\/div><style type=\"text\/css\">.fusion-body .fusion-builder-column-0{width:50% !important;margin-top : 20px;margin-bottom : 20px;}.fusion-builder-column-0 > .fusion-column-wrapper {padding-top : 0px !important;padding-right : 0px !important;margin-right : 3.84%;padding-bottom : 0px !important;padding-left : 0px !important;margin-left : 3.84%;}@media only screen and (max-width:1200px) {.fusion-body .fusion-builder-column-0{width:50% !important;order : 0;}.fusion-builder-column-0 > .fusion-column-wrapper {margin-right : 3.84%;margin-left : 3.84%;}}@media only screen and (max-width:640px) {.fusion-body .fusion-builder-column-0{width:100% !important;order : 0;}.fusion-builder-column-0 > .fusion-column-wrapper {margin-right : 1.92%;margin-left : 1.92%;}}<\/style><\/div><div class=\"fusion-layout-column fusion_builder_column fusion-builder-column-1 fusion_builder_column_1_2 1_2 fusion-flex-column\"><div class=\"fusion-column-wrapper fusion-flex-justify-content-flex-start fusion-content-layout-column\" style=\"background-position:left top;background-repeat:no-repeat;-webkit-background-size:cover;-moz-background-size:cover;-o-background-size:cover;background-size:cover;padding: 0px 0px 0px 0px;\"><div ><span class=\" fusion-imageframe imageframe-none imageframe-1 hover-type-none\" style=\"border-radius:12px;\"><img width=\"600\" height=\"399\" alt=\"Antonio Agrasar, consejero dele\" title=\"antonio-agrasar-expansion-hcd\" src=\"https:\/\/www.plexus.es\/wp-content\/uploads\/2022\/04\/antonio-agrasar-expansion-hcd.png\" data-orig-src=\"https:\/\/www.plexus.es\/wp-content\/uploads\/2022\/04\/antonio-agrasar-expansion-hcd-600x399.png\" class=\"lazyload img-responsive wp-image-16608\" srcset=\"data:image\/svg+xml,%3Csvg%20xmlns%3D%27http%3A%2F%2Fwww.w3.org%2F2000%2Fsvg%27%20width%3D%271140%27%20height%3D%27759%27%20viewBox%3D%270%200%201140%20759%27%3E%3Crect%20width%3D%271140%27%20height%3D%27759%27%20fill-opacity%3D%220%22%2F%3E%3C%2Fsvg%3E\" data-srcset=\"https:\/\/www.plexus.es\/wp-content\/uploads\/2022\/04\/antonio-agrasar-expansion-hcd-200x133.png 200w, https:\/\/www.plexus.es\/wp-content\/uploads\/2022\/04\/antonio-agrasar-expansion-hcd-400x266.png 400w, https:\/\/www.plexus.es\/wp-content\/uploads\/2022\/04\/antonio-agrasar-expansion-hcd-600x399.png 600w, https:\/\/www.plexus.es\/wp-content\/uploads\/2022\/04\/antonio-agrasar-expansion-hcd-800x533.png 800w, https:\/\/www.plexus.es\/wp-content\/uploads\/2022\/04\/antonio-agrasar-expansion-hcd.png 1140w\" data-sizes=\"auto\" data-orig-sizes=\"(max-width: 640px) 100vw, 600px\" \/><\/span><\/div><\/div><style type=\"text\/css\">.fusion-body .fusion-builder-column-1{width:50% !important;margin-top : 20px;margin-bottom : 20px;}.fusion-builder-column-1 > .fusion-column-wrapper {padding-top : 0px !important;padding-right : 0px !important;margin-right : 3.84%;padding-bottom : 0px !important;padding-left : 0px !important;margin-left : 3.84%;}@media only screen and (max-width:1200px) {.fusion-body .fusion-builder-column-1{width:50% !important;order : 0;}.fusion-builder-column-1 > .fusion-column-wrapper {margin-right : 3.84%;margin-left : 3.84%;}}@media only screen and (max-width:640px) {.fusion-body .fusion-builder-column-1{width:100% !important;order : 0;}.fusion-builder-column-1 > .fusion-column-wrapper {margin-right : 1.92%;margin-left : 1.92%;}}<\/style><\/div><\/div><style type=\"text\/css\">.fusion-body .fusion-flex-container.fusion-builder-row-1{ padding-top : 0px;margin-top : 0px;padding-right : 0px;padding-bottom : 0px;margin-bottom : 0px;padding-left : 0px;}<\/style><\/div>\n","protected":false},"excerpt":{"rendered":"<p>La compa\u00f1\u00eda HCD cuenta con una notable presencia europea, y refuerza la pol\u00edtica de expansi\u00f3n internacional de Plexus Tech.<\/p>\n","protected":false},"author":1,"featured_media":16607,"comment_status":"open","ping_status":"open","sticky":false,"template":"","format":"standard","meta":[],"categories":[91,215],"tags":[],"yoast_head":"<!-- This site is optimized with the Yoast SEO plugin v17.4 - https:\/\/yoast.com\/wordpress\/plugins\/seo\/ -->\n<title>La incorporaci\u00f3n de HCD, otra pieza en la internacionalizaci\u00f3n de Plexus Tech<\/title>\n<meta name=\"robots\" content=\"index, follow, max-snippet:-1, max-image-preview:large, max-video-preview:-1\" \/>\n<link rel=\"canonical\" href=\"https:\/\/www.plexus.es\/hcd-nueva-incorporacion-a-la-familia-plexus\/\" \/>\n<meta property=\"og:locale\" content=\"en_US\" \/>\n<meta property=\"og:type\" content=\"article\" \/>\n<meta property=\"og:title\" content=\"La incorporaci\u00f3n de HCD, otra pieza en la internacionalizaci\u00f3n de Plexus Tech\" \/>\n<meta property=\"og:description\" content=\"La compa\u00f1\u00eda HCD cuenta con una notable presencia europea, y refuerza la pol\u00edtica de expansi\u00f3n internacional de Plexus Tech.\" \/>\n<meta property=\"og:url\" content=\"https:\/\/www.plexus.es\/hcd-nueva-incorporacion-a-la-familia-plexus\/\" \/>\n<meta property=\"og:site_name\" content=\"Plexus Tech\" \/>\n<meta property=\"article:publisher\" content=\"https:\/\/www.facebook.com\/Plexus.Techno\" \/>\n<meta property=\"article:published_time\" content=\"2022-04-08T07:39:36+00:00\" \/>\n<meta property=\"article:modified_time\" content=\"2024-05-22T10:45:40+00:00\" \/>\n<meta property=\"og:image\" content=\"https:\/\/www.plexus.es\/wp-content\/uploads\/2022\/04\/antonio-agrasar-expansion-hcd-e1652183029810.png\" \/>\n\t<meta property=\"og:image:width\" content=\"1011\" \/>\n\t<meta property=\"og:image:height\" content=\"758\" \/>\n<meta name=\"twitter:card\" content=\"summary_large_image\" \/>\n<meta name=\"twitter:creator\" content=\"@plexustech_\" \/>\n<meta name=\"twitter:site\" content=\"@plexustech_\" \/>\n<meta name=\"twitter:label1\" content=\"Written by\" \/>\n\t<meta name=\"twitter:data1\" content=\"admin_plexus\" \/>\n<script type=\"application\/ld+json\" class=\"yoast-schema-graph\">{\"@context\":\"https:\/\/schema.org\",\"@graph\":[{\"@type\":\"Organization\",\"@id\":\"https:\/\/www.plexus.es\/#organization\",\"name\":\"Plexus Tech\",\"url\":\"https:\/\/www.plexus.es\/\",\"sameAs\":[\"https:\/\/www.facebook.com\/Plexus.Techno\",\"https:\/\/www.instagram.com\/plexus.tech\/\",\"https:\/\/www.linkedin.com\/company\/plexus-tech\/mycompany\/\",\"https:\/\/www.youtube.com\/user\/tecnologiasplexus\",\"https:\/\/twitter.com\/plexustech_\"],\"logo\":{\"@type\":\"ImageObject\",\"@id\":\"https:\/\/www.plexus.es\/#logo\",\"inLanguage\":\"en-US\",\"url\":\"https:\/\/www.plexus.es\/wp-content\/uploads\/2021\/11\/logo-plexus-2021.png\",\"contentUrl\":\"https:\/\/www.plexus.es\/wp-content\/uploads\/2021\/11\/logo-plexus-2021.png\",\"width\":600,\"height\":600,\"caption\":\"Plexus Tech\"},\"image\":{\"@id\":\"https:\/\/www.plexus.es\/#logo\"}},{\"@type\":\"WebSite\",\"@id\":\"https:\/\/www.plexus.es\/#website\",\"url\":\"https:\/\/www.plexus.es\/\",\"name\":\"Plexus Tech\",\"description\":\"Tecnolog\\u00eda con Alma\",\"publisher\":{\"@id\":\"https:\/\/www.plexus.es\/#organization\"},\"potentialAction\":[{\"@type\":\"SearchAction\",\"target\":{\"@type\":\"EntryPoint\",\"urlTemplate\":\"https:\/\/www.plexus.es\/?s={search_term_string}\"},\"query-input\":\"required name=search_term_string\"}],\"inLanguage\":\"en-US\"},{\"@type\":\"ImageObject\",\"@id\":\"https:\/\/www.plexus.es\/hcd-nueva-incorporacion-a-la-familia-plexus\/#primaryimage\",\"inLanguage\":\"en-US\",\"url\":\"https:\/\/www.plexus.es\/wp-content\/uploads\/2022\/04\/antonio-agrasar-expansion-hcd-e1652183029810.png\",\"contentUrl\":\"https:\/\/www.plexus.es\/wp-content\/uploads\/2022\/04\/antonio-agrasar-expansion-hcd-e1652183029810.png\",\"width\":1011,\"height\":758,\"caption\":\"Antonio Agrasar, consejero delegado de Plexus Tech\"},{\"@type\":\"WebPage\",\"@id\":\"https:\/\/www.plexus.es\/hcd-nueva-incorporacion-a-la-familia-plexus\/#webpage\",\"url\":\"https:\/\/www.plexus.es\/hcd-nueva-incorporacion-a-la-familia-plexus\/\",\"name\":\"La incorporaci\\u00f3n de HCD, otra pieza en la internacionalizaci\\u00f3n de Plexus Tech\",\"isPartOf\":{\"@id\":\"https:\/\/www.plexus.es\/#website\"},\"primaryImageOfPage\":{\"@id\":\"https:\/\/www.plexus.es\/hcd-nueva-incorporacion-a-la-familia-plexus\/#primaryimage\"},\"datePublished\":\"2022-04-08T07:39:36+00:00\",\"dateModified\":\"2024-05-22T10:45:40+00:00\",\"breadcrumb\":{\"@id\":\"https:\/\/www.plexus.es\/hcd-nueva-incorporacion-a-la-familia-plexus\/#breadcrumb\"},\"inLanguage\":\"en-US\",\"potentialAction\":[{\"@type\":\"ReadAction\",\"target\":[\"https:\/\/www.plexus.es\/hcd-nueva-incorporacion-a-la-familia-plexus\/\"]}]},{\"@type\":\"BreadcrumbList\",\"@id\":\"https:\/\/www.plexus.es\/hcd-nueva-incorporacion-a-la-familia-plexus\/#breadcrumb\",\"itemListElement\":[{\"@type\":\"ListItem\",\"position\":1,\"name\":\"Home\",\"item\":\"https:\/\/www.plexus.es\/\"},{\"@type\":\"ListItem\",\"position\":2,\"name\":\"La incorporaci\\u00f3n de HCD, otra pieza en la internacionalizaci\\u00f3n de Plexus Tech\"}]},{\"@type\":\"Article\",\"@id\":\"https:\/\/www.plexus.es\/hcd-nueva-incorporacion-a-la-familia-plexus\/#article\",\"isPartOf\":{\"@id\":\"https:\/\/www.plexus.es\/hcd-nueva-incorporacion-a-la-familia-plexus\/#webpage\"},\"author\":{\"@id\":\"https:\/\/www.plexus.es\/#\/schema\/person\/8f02d5ce6d7b659fa68b0e90317c5171\"},\"headline\":\"La incorporaci\\u00f3n de HCD, otra pieza en la internacionalizaci\\u00f3n de Plexus Tech\",\"datePublished\":\"2022-04-08T07:39:36+00:00\",\"dateModified\":\"2024-05-22T10:45:40+00:00\",\"mainEntityOfPage\":{\"@id\":\"https:\/\/www.plexus.es\/hcd-nueva-incorporacion-a-la-familia-plexus\/#webpage\"},\"wordCount\":1266,\"commentCount\":0,\"publisher\":{\"@id\":\"https:\/\/www.plexus.es\/#organization\"},\"image\":{\"@id\":\"https:\/\/www.plexus.es\/hcd-nueva-incorporacion-a-la-familia-plexus\/#primaryimage\"},\"thumbnailUrl\":\"https:\/\/www.plexus.es\/wp-content\/uploads\/2022\/04\/antonio-agrasar-expansion-hcd-e1652183029810.png\",\"articleSection\":[\"Media\",\"Tech&amp;Innovation\"],\"inLanguage\":\"en-US\",\"potentialAction\":[{\"@type\":\"CommentAction\",\"name\":\"Comment\",\"target\":[\"https:\/\/www.plexus.es\/hcd-nueva-incorporacion-a-la-familia-plexus\/#respond\"]}]},{\"@type\":\"Person\",\"@id\":\"https:\/\/www.plexus.es\/#\/schema\/person\/8f02d5ce6d7b659fa68b0e90317c5171\",\"name\":\"admin_plexus\",\"image\":{\"@type\":\"ImageObject\",\"@id\":\"https:\/\/www.plexus.es\/#personlogo\",\"inLanguage\":\"en-US\",\"url\":\"https:\/\/secure.gravatar.com\/avatar\/c1d7caf9a4063a74393abcf91991e9cd?s=96&d=mm&r=g\",\"contentUrl\":\"https:\/\/secure.gravatar.com\/avatar\/c1d7caf9a4063a74393abcf91991e9cd?s=96&d=mm&r=g\",\"caption\":\"admin_plexus\"},\"sameAs\":[\"https:\/\/www.plexus.es\"]}]}<\/script>\n<!-- \/ Yoast SEO plugin. -->","yoast_head_json":{"title":"La incorporaci\u00f3n de HCD, otra pieza en la internacionalizaci\u00f3n de Plexus Tech","robots":{"index":"index","follow":"follow","max-snippet":"max-snippet:-1","max-image-preview":"max-image-preview:large","max-video-preview":"max-video-preview:-1"},"canonical":"https:\/\/www.plexus.es\/hcd-nueva-incorporacion-a-la-familia-plexus\/","og_locale":"en_US","og_type":"article","og_title":"La incorporaci\u00f3n de HCD, otra pieza en la internacionalizaci\u00f3n de Plexus Tech","og_description":"La compa\u00f1\u00eda HCD cuenta con una notable presencia europea, y refuerza la pol\u00edtica de expansi\u00f3n internacional de Plexus Tech.","og_url":"https:\/\/www.plexus.es\/hcd-nueva-incorporacion-a-la-familia-plexus\/","og_site_name":"Plexus Tech","article_publisher":"https:\/\/www.facebook.com\/Plexus.Techno","article_published_time":"2022-04-08T07:39:36+00:00","article_modified_time":"2024-05-22T10:45:40+00:00","og_image":[{"width":1011,"height":758,"url":"https:\/\/www.plexus.es\/wp-content\/uploads\/2022\/04\/antonio-agrasar-expansion-hcd-e1652183029810.png","type":"image\/png"}],"twitter_card":"summary_large_image","twitter_creator":"@plexustech_","twitter_site":"@plexustech_","twitter_misc":{"Written by":"admin_plexus"},"schema":{"@context":"https:\/\/schema.org","@graph":[{"@type":"Organization","@id":"https:\/\/www.plexus.es\/#organization","name":"Plexus Tech","url":"https:\/\/www.plexus.es\/","sameAs":["https:\/\/www.facebook.com\/Plexus.Techno","https:\/\/www.instagram.com\/plexus.tech\/","https:\/\/www.linkedin.com\/company\/plexus-tech\/mycompany\/","https:\/\/www.youtube.com\/user\/tecnologiasplexus","https:\/\/twitter.com\/plexustech_"],"logo":{"@type":"ImageObject","@id":"https:\/\/www.plexus.es\/#logo","inLanguage":"en-US","url":"https:\/\/www.plexus.es\/wp-content\/uploads\/2021\/11\/logo-plexus-2021.png","contentUrl":"https:\/\/www.plexus.es\/wp-content\/uploads\/2021\/11\/logo-plexus-2021.png","width":600,"height":600,"caption":"Plexus Tech"},"image":{"@id":"https:\/\/www.plexus.es\/#logo"}},{"@type":"WebSite","@id":"https:\/\/www.plexus.es\/#website","url":"https:\/\/www.plexus.es\/","name":"Plexus Tech","description":"Tecnolog\u00eda con Alma","publisher":{"@id":"https:\/\/www.plexus.es\/#organization"},"potentialAction":[{"@type":"SearchAction","target":{"@type":"EntryPoint","urlTemplate":"https:\/\/www.plexus.es\/?s={search_term_string}"},"query-input":"required name=search_term_string"}],"inLanguage":"en-US"},{"@type":"ImageObject","@id":"https:\/\/www.plexus.es\/hcd-nueva-incorporacion-a-la-familia-plexus\/#primaryimage","inLanguage":"en-US","url":"https:\/\/www.plexus.es\/wp-content\/uploads\/2022\/04\/antonio-agrasar-expansion-hcd-e1652183029810.png","contentUrl":"https:\/\/www.plexus.es\/wp-content\/uploads\/2022\/04\/antonio-agrasar-expansion-hcd-e1652183029810.png","width":1011,"height":758,"caption":"Antonio Agrasar, consejero delegado de Plexus Tech"},{"@type":"WebPage","@id":"https:\/\/www.plexus.es\/hcd-nueva-incorporacion-a-la-familia-plexus\/#webpage","url":"https:\/\/www.plexus.es\/hcd-nueva-incorporacion-a-la-familia-plexus\/","name":"La incorporaci\u00f3n de HCD, otra pieza en la internacionalizaci\u00f3n de Plexus Tech","isPartOf":{"@id":"https:\/\/www.plexus.es\/#website"},"primaryImageOfPage":{"@id":"https:\/\/www.plexus.es\/hcd-nueva-incorporacion-a-la-familia-plexus\/#primaryimage"},"datePublished":"2022-04-08T07:39:36+00:00","dateModified":"2024-05-22T10:45:40+00:00","breadcrumb":{"@id":"https:\/\/www.plexus.es\/hcd-nueva-incorporacion-a-la-familia-plexus\/#breadcrumb"},"inLanguage":"en-US","potentialAction":[{"@type":"ReadAction","target":["https:\/\/www.plexus.es\/hcd-nueva-incorporacion-a-la-familia-plexus\/"]}]},{"@type":"BreadcrumbList","@id":"https:\/\/www.plexus.es\/hcd-nueva-incorporacion-a-la-familia-plexus\/#breadcrumb","itemListElement":[{"@type":"ListItem","position":1,"name":"Home","item":"https:\/\/www.plexus.es\/"},{"@type":"ListItem","position":2,"name":"La incorporaci\u00f3n de HCD, otra pieza en la internacionalizaci\u00f3n de Plexus Tech"}]},{"@type":"Article","@id":"https:\/\/www.plexus.es\/hcd-nueva-incorporacion-a-la-familia-plexus\/#article","isPartOf":{"@id":"https:\/\/www.plexus.es\/hcd-nueva-incorporacion-a-la-familia-plexus\/#webpage"},"author":{"@id":"https:\/\/www.plexus.es\/#\/schema\/person\/8f02d5ce6d7b659fa68b0e90317c5171"},"headline":"La incorporaci\u00f3n de HCD, otra pieza en la internacionalizaci\u00f3n de Plexus Tech","datePublished":"2022-04-08T07:39:36+00:00","dateModified":"2024-05-22T10:45:40+00:00","mainEntityOfPage":{"@id":"https:\/\/www.plexus.es\/hcd-nueva-incorporacion-a-la-familia-plexus\/#webpage"},"wordCount":1266,"commentCount":0,"publisher":{"@id":"https:\/\/www.plexus.es\/#organization"},"image":{"@id":"https:\/\/www.plexus.es\/hcd-nueva-incorporacion-a-la-familia-plexus\/#primaryimage"},"thumbnailUrl":"https:\/\/www.plexus.es\/wp-content\/uploads\/2022\/04\/antonio-agrasar-expansion-hcd-e1652183029810.png","articleSection":["Media","Tech&amp;Innovation"],"inLanguage":"en-US","potentialAction":[{"@type":"CommentAction","name":"Comment","target":["https:\/\/www.plexus.es\/hcd-nueva-incorporacion-a-la-familia-plexus\/#respond"]}]},{"@type":"Person","@id":"https:\/\/www.plexus.es\/#\/schema\/person\/8f02d5ce6d7b659fa68b0e90317c5171","name":"admin_plexus","image":{"@type":"ImageObject","@id":"https:\/\/www.plexus.es\/#personlogo","inLanguage":"en-US","url":"https:\/\/secure.gravatar.com\/avatar\/c1d7caf9a4063a74393abcf91991e9cd?s=96&d=mm&r=g","contentUrl":"https:\/\/secure.gravatar.com\/avatar\/c1d7caf9a4063a74393abcf91991e9cd?s=96&d=mm&r=g","caption":"admin_plexus"},"sameAs":["https:\/\/www.plexus.es"]}]}},"_links":{"self":[{"href":"https:\/\/www.plexus.es\/en\/wp-json\/wp\/v2\/posts\/16598"}],"collection":[{"href":"https:\/\/www.plexus.es\/en\/wp-json\/wp\/v2\/posts"}],"about":[{"href":"https:\/\/www.plexus.es\/en\/wp-json\/wp\/v2\/types\/post"}],"author":[{"embeddable":true,"href":"https:\/\/www.plexus.es\/en\/wp-json\/wp\/v2\/users\/1"}],"replies":[{"embeddable":true,"href":"https:\/\/www.plexus.es\/en\/wp-json\/wp\/v2\/comments?post=16598"}],"version-history":[{"count":9,"href":"https:\/\/www.plexus.es\/en\/wp-json\/wp\/v2\/posts\/16598\/revisions"}],"predecessor-version":[{"id":42350,"href":"https:\/\/www.plexus.es\/en\/wp-json\/wp\/v2\/posts\/16598\/revisions\/42350"}],"wp:featuredmedia":[{"embeddable":true,"href":"https:\/\/www.plexus.es\/en\/wp-json\/wp\/v2\/media\/16607"}],"wp:attachment":[{"href":"https:\/\/www.plexus.es\/en\/wp-json\/wp\/v2\/media?parent=16598"}],"wp:term":[{"taxonomy":"category","embeddable":true,"href":"https:\/\/www.plexus.es\/en\/wp-json\/wp\/v2\/categories?post=16598"},{"taxonomy":"post_tag","embeddable":true,"href":"https:\/\/www.plexus.es\/en\/wp-json\/wp\/v2\/tags?post=16598"}],"curies":[{"name":"wp","href":"https:\/\/api.w.org\/{rel}","templated":true}]}}