{"id":35664,"date":"2023-12-15T13:25:28","date_gmt":"2023-12-15T12:25:28","guid":{"rendered":"https:\/\/www.plexus.es\/?p=35664"},"modified":"2024-02-27T14:58:30","modified_gmt":"2024-02-27T13:58:30","slug":"quadient-plexus-tech-alianza-estrategica-comunicaciones","status":"publish","type":"post","link":"https:\/\/www.plexus.es\/en\/quadient-plexus-tech-alianza-estrategica-comunicaciones\/","title":{"rendered":"Plexus Tech empodera las comunicaciones con clientes con Quadient"},"content":{"rendered":"<div class=\"fusion-fullwidth fullwidth-box fusion-builder-row-1 fusion-flex-container nonhundred-percent-fullwidth non-hundred-percent-height-scrolling\" style=\"background-color: rgba(255,255,255,0);background-position: center center;background-repeat: no-repeat;border-width: 0px 0px 0px 0px;border-color:#e8ebef;border-style:solid;\" ><div class=\"fusion-builder-row fusion-row fusion-flex-align-items-flex-start\" style=\"max-width:1310.4px;margin-left: calc(-4% \/ 2 );margin-right: calc(-4% \/ 2 );\"><div class=\"fusion-layout-column fusion_builder_column fusion-builder-column-0 fusion_builder_column_1_1 1_1 fusion-flex-column fusion-flex-align-self-center\"><div class=\"fusion-column-wrapper fusion-flex-justify-content-center fusion-content-layout-column\" style=\"background-position:left top;background-repeat:no-repeat;-webkit-background-size:cover;-moz-background-size:cover;-o-background-size:cover;background-size:cover;padding: 0px 0px 0px 0px;\"><div style=\"text-align:center;\"><span class=\" fusion-imageframe imageframe-none imageframe-1 hover-type-none\" style=\"border-radius:12px;\"><img width=\"720\" height=\"480\" alt=\"Plexus Tech y Quadient refuerzan su alianza. Firma del acuerdo de partnership con Antonio Agrasar, Fundador y CEO de Plexus Tech; y Mike Davies, nuestro compromiso\u201d, afirm\u00f3 Mike Davies, VP de Ventas y Operaciones, CXM ROE en Quadient.\" title=\"partnertship1\" src=\"https:\/\/www.plexus.es\/wp-content\/uploads\/2023\/12\/partnertship1.jpg\" data-orig-src=\"https:\/\/www.plexus.es\/wp-content\/uploads\/2023\/12\/partnertship1.jpg\" class=\"lazyload img-responsive wp-image-35672\" srcset=\"data:image\/svg+xml,%3Csvg%20xmlns%3D%27http%3A%2F%2Fwww.w3.org%2F2000%2Fsvg%27%20width%3D%27720%27%20height%3D%27480%27%20viewBox%3D%270%200%20720%20480%27%3E%3Crect%20width%3D%27720%27%20height%3D%27480%27%20fill-opacity%3D%220%22%2F%3E%3C%2Fsvg%3E\" data-srcset=\"https:\/\/www.plexus.es\/wp-content\/uploads\/2023\/12\/partnertship1-200x133.jpg 200w, https:\/\/www.plexus.es\/wp-content\/uploads\/2023\/12\/partnertship1-400x267.jpg 400w, https:\/\/www.plexus.es\/wp-content\/uploads\/2023\/12\/partnertship1-600x400.jpg 600w, https:\/\/www.plexus.es\/wp-content\/uploads\/2023\/12\/partnertship1.jpg 720w\" data-sizes=\"auto\" data-orig-sizes=\"(max-width: 640px) 100vw, 720px\" \/><\/span><\/div><\/div><style type=\"text\/css\">.fusion-body .fusion-builder-column-0{width:100% !important;margin-top : 20px;margin-bottom : 20px;}.fusion-builder-column-0 > .fusion-column-wrapper {padding-top : 0px !important;padding-right : 0px !important;margin-right : 1.92%;padding-bottom : 0px !important;padding-left : 0px !important;margin-left : 1.92%;}@media only screen and (max-width:1200px) {.fusion-body .fusion-builder-column-0{width:100% !important;order : 0;}.fusion-builder-column-0 > .fusion-column-wrapper {margin-right : 1.92%;margin-left : 1.92%;}}@media only screen and (max-width:640px) {.fusion-body .fusion-builder-column-0{width:100% !important;order : 0;}.fusion-builder-column-0 > .fusion-column-wrapper {margin-right : 1.92%;margin-left : 1.92%;}}<\/style><\/div><div class=\"fusion-layout-column fusion_builder_column fusion-builder-column-1 fusion_builder_column_1_1 1_1 fusion-flex-column\"><div class=\"fusion-column-wrapper fusion-flex-justify-content-flex-start fusion-content-layout-column\" style=\"background-position:left top;background-repeat:no-repeat;-webkit-background-size:cover;-moz-background-size:cover;-o-background-size:cover;background-size:cover;padding: 0px 0px 0px 0px;\"><div class=\"fusion-text fusion-text-1\"><h2>La alianza estrat\u00e9gica con Quadient permite a Plexus Tech ofrecer una amplia gama de funcionalidades CCM y CXM, as\u00ed como reforzar su \u00e1rea de Customer First<\/h2>\n<p><strong>Plexus Tech<\/strong> <strong>refuerza el acuerdo de partnership con <a href=\"https:\/\/www.quadient.com\/es\/inicio\" target=\"_blank\" rel=\"noopener\"><span style=\"color: #000080;\">Quadient<\/span><\/a><\/strong>, l\u00edder mundial en soluciones de comunicaci\u00f3n centradas en el cliente. Esta alianza estrat\u00e9gica ya est\u00e1 <strong>permitiendo a los clientes de la compa\u00f1\u00eda tecnol\u00f3gica acceder a una plataforma centralizada de vanguardia<\/strong>, potenciada por Quadient Inspire. Con ella<strong> optimizan y gestionan de manera eficiente sus comunicaciones,<\/strong> tanto internas como externas.<\/p>\n<p>Mediante la plataforma <em><strong>Quadient Inspire<\/strong><\/em>, se ofrecen a los clientes una <strong>amplia gama de funcionalidades CCM<\/strong> (Customer Comunication Management) y <strong>CXM<\/strong> (Customer Experience Management). Estas <strong>incluyen la generaci\u00f3n y modificaci\u00f3n de comunicaciones<\/strong>, as\u00ed como la construcci\u00f3n y entrega de estas. Adem\u00e1s, esta herramienta les permite monitorizar la experiencia del cliente, facilitando la creaci\u00f3n de flujos de seguimiento de los procesos.<\/p>\n<p>En este sentido, Plexus Tech ha sido <strong>el primer integrador espa\u00f1ol en crear un centro de experiencia Quadient<\/strong>,<strong> para dar servicio a sus clientes<\/strong>. Un equipo formado por profesionales cualificados y certificados garantizan el \u00e9xito de estos proyectos. Con ellos impactan en el <em>delivery<\/em> de comunicaciones end to end y orquestando la experiencia en los <em>journeys<\/em> de sus clientes.<\/p>\n<p>Fruto de esta alianza estrat\u00e9gica con Quadient, <strong>Plexus Tech refuerza su \u00e1rea de <a href=\"https:\/\/www.plexus.es\/customerfirst\/\" target=\"_blank\" rel=\"noopener\"><span style=\"color: #000080;\">Customer First.<\/span><\/a><\/strong>\u00a0En este sentido, <strong>con un Centro Experto<\/strong> en la plataforma, <strong>ponen el foco en la especializaci\u00f3n en la transformaci\u00f3n digital de las empresas y la generaci\u00f3n de valor en sus negocios<\/strong>.<\/p>\n<p>A su vez, brindan a Quadient una mayor expansi\u00f3n en el mercado, aprovechando su experiencia y su red en diversos sectores y mercados. Adem\u00e1s, <strong>la combinaci\u00f3n de las fortalezas y competencias de ambas empresas proporciona la capacidad de ofrecer soluciones tecnol\u00f3gicas m\u00e1s completas y poderosas a los clientes<\/strong>.<\/p>\n<p>El acuerdo de partnership fue rubricado esta semana en un acto en el que participaron con Mike Davies, VP de Ventas y Operaciones, CXM ROE en Quadient; y Antonio Agrasar, Fundador y CEO de Plexus Tech.<\/p>\n<\/div><\/div><style type=\"text\/css\">.fusion-body .fusion-builder-column-1{width:100% !important;margin-top : 20px;margin-bottom : 20px;}.fusion-builder-column-1 > .fusion-column-wrapper {padding-top : 0px !important;padding-right : 0px !important;margin-right : 1.92%;padding-bottom : 0px !important;padding-left : 0px !important;margin-left : 1.92%;}@media only screen and (max-width:1200px) {.fusion-body .fusion-builder-column-1{width:100% !important;order : 0;}.fusion-builder-column-1 > .fusion-column-wrapper {margin-right : 1.92%;margin-left : 1.92%;}}@media only screen and (max-width:640px) {.fusion-body .fusion-builder-column-1{width:100% !important;order : 0;}.fusion-builder-column-1 > .fusion-column-wrapper {margin-right : 1.92%;margin-left : 1.92%;}}<\/style><\/div><\/div><style type=\"text\/css\">.fusion-body .fusion-flex-container.fusion-builder-row-1{ padding-top : 0px;margin-top : 0px;padding-right : 0px;padding-bottom : 0px;margin-bottom : 0px;padding-left : 0px;}<\/style><\/div>\n","protected":false},"excerpt":{"rendered":"<p>Esta alianza estrat\u00e9gica permite a Plexus Tech fortalecer el \u00e1rea de Customer First con una amplia gama de funcionalidades CCM y CXM<\/p>\n","protected":false},"author":1,"featured_media":35665,"comment_status":"open","ping_status":"open","sticky":false,"template":"","format":"standard","meta":[],"categories":[215],"tags":[],"yoast_head":"<!-- This site is optimized with the Yoast SEO plugin v17.4 - https:\/\/yoast.com\/wordpress\/plugins\/seo\/ -->\n<title>Quadient y Plexus Tech refuerzan su alianza estrat\u00e9gica<\/title>\n<meta name=\"description\" content=\"En Plexus Tech reforzamos nuestra alianza estrat\u00e9gica con Quadient, lo que nos permite empoderar las comunicaciones con nuestros clientes\" \/>\n<meta name=\"robots\" content=\"index, follow, max-snippet:-1, max-image-preview:large, max-video-preview:-1\" \/>\n<link rel=\"canonical\" href=\"https:\/\/www.plexus.es\/quadient-plexus-tech-alianza-estrategica-comunicaciones\/\" \/>\n<meta property=\"og:locale\" content=\"en_US\" \/>\n<meta property=\"og:type\" content=\"article\" \/>\n<meta property=\"og:title\" content=\"Quadient y Plexus Tech refuerzan su alianza estrat\u00e9gica\" \/>\n<meta property=\"og:description\" content=\"En Plexus Tech reforzamos nuestra alianza estrat\u00e9gica con Quadient, lo que nos permite empoderar las comunicaciones con nuestros clientes\" \/>\n<meta property=\"og:url\" content=\"https:\/\/www.plexus.es\/quadient-plexus-tech-alianza-estrategica-comunicaciones\/\" \/>\n<meta property=\"og:site_name\" content=\"Plexus Tech\" \/>\n<meta property=\"article:publisher\" content=\"https:\/\/www.facebook.com\/Plexus.Techno\" \/>\n<meta property=\"article:published_time\" content=\"2023-12-15T12:25:28+00:00\" \/>\n<meta property=\"article:modified_time\" content=\"2024-02-27T13:58:30+00:00\" \/>\n<meta property=\"og:image\" content=\"https:\/\/www.plexus.es\/wp-content\/uploads\/2023\/12\/web_01.png\" \/>\n\t<meta property=\"og:image:width\" content=\"948\" \/>\n\t<meta property=\"og:image:height\" content=\"600\" \/>\n<meta name=\"twitter:card\" content=\"summary_large_image\" \/>\n<meta name=\"twitter:creator\" content=\"@plexustech_\" \/>\n<meta name=\"twitter:site\" content=\"@plexustech_\" \/>\n<meta name=\"twitter:label1\" content=\"Written by\" \/>\n\t<meta name=\"twitter:data1\" content=\"admin_plexus\" \/>\n\t<meta name=\"twitter:label2\" content=\"Est. reading time\" \/>\n\t<meta name=\"twitter:data2\" content=\"4 minutes\" \/>\n<script type=\"application\/ld+json\" class=\"yoast-schema-graph\">{\"@context\":\"https:\/\/schema.org\",\"@graph\":[{\"@type\":\"Organization\",\"@id\":\"https:\/\/www.plexus.es\/#organization\",\"name\":\"Plexus Tech\",\"url\":\"https:\/\/www.plexus.es\/\",\"sameAs\":[\"https:\/\/www.facebook.com\/Plexus.Techno\",\"https:\/\/www.instagram.com\/plexus.tech\/\",\"https:\/\/www.linkedin.com\/company\/plexus-tech\/mycompany\/\",\"https:\/\/www.youtube.com\/user\/tecnologiasplexus\",\"https:\/\/twitter.com\/plexustech_\"],\"logo\":{\"@type\":\"ImageObject\",\"@id\":\"https:\/\/www.plexus.es\/#logo\",\"inLanguage\":\"en-US\",\"url\":\"https:\/\/www.plexus.es\/wp-content\/uploads\/2021\/11\/logo-plexus-2021.png\",\"contentUrl\":\"https:\/\/www.plexus.es\/wp-content\/uploads\/2021\/11\/logo-plexus-2021.png\",\"width\":600,\"height\":600,\"caption\":\"Plexus Tech\"},\"image\":{\"@id\":\"https:\/\/www.plexus.es\/#logo\"}},{\"@type\":\"WebSite\",\"@id\":\"https:\/\/www.plexus.es\/#website\",\"url\":\"https:\/\/www.plexus.es\/\",\"name\":\"Plexus Tech\",\"description\":\"Tecnolog\\u00eda con Alma\",\"publisher\":{\"@id\":\"https:\/\/www.plexus.es\/#organization\"},\"potentialAction\":[{\"@type\":\"SearchAction\",\"target\":{\"@type\":\"EntryPoint\",\"urlTemplate\":\"https:\/\/www.plexus.es\/?s={search_term_string}\"},\"query-input\":\"required name=search_term_string\"}],\"inLanguage\":\"en-US\"},{\"@type\":\"ImageObject\",\"@id\":\"https:\/\/www.plexus.es\/quadient-plexus-tech-alianza-estrategica-comunicaciones\/#primaryimage\",\"inLanguage\":\"en-US\",\"url\":\"https:\/\/www.plexus.es\/wp-content\/uploads\/2023\/12\/web_01.png\",\"contentUrl\":\"https:\/\/www.plexus.es\/wp-content\/uploads\/2023\/12\/web_01.png\",\"width\":948,\"height\":600,\"caption\":\"Firma del acuerdo de partnership con Antonio Agrasar, Fundador y CEO de Plexus Tech; y Mike Davies, nuestro compromiso\\u201d, afirm\\u00f3 Mike Davies, VP de Ventas y Operaciones, CXM ROE en Quadient.\"},{\"@type\":\"WebPage\",\"@id\":\"https:\/\/www.plexus.es\/quadient-plexus-tech-alianza-estrategica-comunicaciones\/#webpage\",\"url\":\"https:\/\/www.plexus.es\/quadient-plexus-tech-alianza-estrategica-comunicaciones\/\",\"name\":\"Quadient y Plexus Tech refuerzan su alianza estrat\\u00e9gica\",\"isPartOf\":{\"@id\":\"https:\/\/www.plexus.es\/#website\"},\"primaryImageOfPage\":{\"@id\":\"https:\/\/www.plexus.es\/quadient-plexus-tech-alianza-estrategica-comunicaciones\/#primaryimage\"},\"datePublished\":\"2023-12-15T12:25:28+00:00\",\"dateModified\":\"2024-02-27T13:58:30+00:00\",\"description\":\"En Plexus Tech reforzamos nuestra alianza estrat\\u00e9gica con Quadient, lo que nos permite empoderar las comunicaciones con nuestros clientes\",\"breadcrumb\":{\"@id\":\"https:\/\/www.plexus.es\/quadient-plexus-tech-alianza-estrategica-comunicaciones\/#breadcrumb\"},\"inLanguage\":\"en-US\",\"potentialAction\":[{\"@type\":\"ReadAction\",\"target\":[\"https:\/\/www.plexus.es\/quadient-plexus-tech-alianza-estrategica-comunicaciones\/\"]}]},{\"@type\":\"BreadcrumbList\",\"@id\":\"https:\/\/www.plexus.es\/quadient-plexus-tech-alianza-estrategica-comunicaciones\/#breadcrumb\",\"itemListElement\":[{\"@type\":\"ListItem\",\"position\":1,\"name\":\"Home\",\"item\":\"https:\/\/www.plexus.es\/en\/home\/\"},{\"@type\":\"ListItem\",\"position\":2,\"name\":\"Plexus Tech empodera las comunicaciones con clientes con Quadient\"}]},{\"@type\":\"Article\",\"@id\":\"https:\/\/www.plexus.es\/quadient-plexus-tech-alianza-estrategica-comunicaciones\/#article\",\"isPartOf\":{\"@id\":\"https:\/\/www.plexus.es\/quadient-plexus-tech-alianza-estrategica-comunicaciones\/#webpage\"},\"author\":{\"@id\":\"https:\/\/www.plexus.es\/#\/schema\/person\/8f02d5ce6d7b659fa68b0e90317c5171\"},\"headline\":\"Plexus Tech empodera las comunicaciones con clientes con Quadient\",\"datePublished\":\"2023-12-15T12:25:28+00:00\",\"dateModified\":\"2024-02-27T13:58:30+00:00\",\"mainEntityOfPage\":{\"@id\":\"https:\/\/www.plexus.es\/quadient-plexus-tech-alianza-estrategica-comunicaciones\/#webpage\"},\"wordCount\":1290,\"commentCount\":0,\"publisher\":{\"@id\":\"https:\/\/www.plexus.es\/#organization\"},\"image\":{\"@id\":\"https:\/\/www.plexus.es\/quadient-plexus-tech-alianza-estrategica-comunicaciones\/#primaryimage\"},\"thumbnailUrl\":\"https:\/\/www.plexus.es\/wp-content\/uploads\/2023\/12\/web_01.png\",\"articleSection\":[\"Tech&amp;Innovation\"],\"inLanguage\":\"en-US\",\"potentialAction\":[{\"@type\":\"CommentAction\",\"name\":\"Comment\",\"target\":[\"https:\/\/www.plexus.es\/quadient-plexus-tech-alianza-estrategica-comunicaciones\/#respond\"]}]},{\"@type\":\"Person\",\"@id\":\"https:\/\/www.plexus.es\/#\/schema\/person\/8f02d5ce6d7b659fa68b0e90317c5171\",\"name\":\"admin_plexus\",\"image\":{\"@type\":\"ImageObject\",\"@id\":\"https:\/\/www.plexus.es\/#personlogo\",\"inLanguage\":\"en-US\",\"url\":\"https:\/\/secure.gravatar.com\/avatar\/c1d7caf9a4063a74393abcf91991e9cd?s=96&d=mm&r=g\",\"contentUrl\":\"https:\/\/secure.gravatar.com\/avatar\/c1d7caf9a4063a74393abcf91991e9cd?s=96&d=mm&r=g\",\"caption\":\"admin_plexus\"},\"sameAs\":[\"https:\/\/www.plexus.es\"]}]}<\/script>\n<!-- \/ Yoast SEO plugin. -->","yoast_head_json":{"title":"Quadient y Plexus Tech refuerzan su alianza estrat\u00e9gica","description":"En Plexus Tech reforzamos nuestra alianza estrat\u00e9gica con Quadient, lo que nos permite empoderar las comunicaciones con nuestros clientes","robots":{"index":"index","follow":"follow","max-snippet":"max-snippet:-1","max-image-preview":"max-image-preview:large","max-video-preview":"max-video-preview:-1"},"canonical":"https:\/\/www.plexus.es\/quadient-plexus-tech-alianza-estrategica-comunicaciones\/","og_locale":"en_US","og_type":"article","og_title":"Quadient y Plexus Tech refuerzan su alianza estrat\u00e9gica","og_description":"En Plexus Tech reforzamos nuestra alianza estrat\u00e9gica con Quadient, lo que nos permite empoderar las comunicaciones con nuestros clientes","og_url":"https:\/\/www.plexus.es\/quadient-plexus-tech-alianza-estrategica-comunicaciones\/","og_site_name":"Plexus Tech","article_publisher":"https:\/\/www.facebook.com\/Plexus.Techno","article_published_time":"2023-12-15T12:25:28+00:00","article_modified_time":"2024-02-27T13:58:30+00:00","og_image":[{"width":948,"height":600,"url":"https:\/\/www.plexus.es\/wp-content\/uploads\/2023\/12\/web_01.png","type":"image\/png"}],"twitter_card":"summary_large_image","twitter_creator":"@plexustech_","twitter_site":"@plexustech_","twitter_misc":{"Written by":"admin_plexus","Est. reading time":"4 minutes"},"schema":{"@context":"https:\/\/schema.org","@graph":[{"@type":"Organization","@id":"https:\/\/www.plexus.es\/#organization","name":"Plexus Tech","url":"https:\/\/www.plexus.es\/","sameAs":["https:\/\/www.facebook.com\/Plexus.Techno","https:\/\/www.instagram.com\/plexus.tech\/","https:\/\/www.linkedin.com\/company\/plexus-tech\/mycompany\/","https:\/\/www.youtube.com\/user\/tecnologiasplexus","https:\/\/twitter.com\/plexustech_"],"logo":{"@type":"ImageObject","@id":"https:\/\/www.plexus.es\/#logo","inLanguage":"en-US","url":"https:\/\/www.plexus.es\/wp-content\/uploads\/2021\/11\/logo-plexus-2021.png","contentUrl":"https:\/\/www.plexus.es\/wp-content\/uploads\/2021\/11\/logo-plexus-2021.png","width":600,"height":600,"caption":"Plexus Tech"},"image":{"@id":"https:\/\/www.plexus.es\/#logo"}},{"@type":"WebSite","@id":"https:\/\/www.plexus.es\/#website","url":"https:\/\/www.plexus.es\/","name":"Plexus Tech","description":"Tecnolog\u00eda con Alma","publisher":{"@id":"https:\/\/www.plexus.es\/#organization"},"potentialAction":[{"@type":"SearchAction","target":{"@type":"EntryPoint","urlTemplate":"https:\/\/www.plexus.es\/?s={search_term_string}"},"query-input":"required name=search_term_string"}],"inLanguage":"en-US"},{"@type":"ImageObject","@id":"https:\/\/www.plexus.es\/quadient-plexus-tech-alianza-estrategica-comunicaciones\/#primaryimage","inLanguage":"en-US","url":"https:\/\/www.plexus.es\/wp-content\/uploads\/2023\/12\/web_01.png","contentUrl":"https:\/\/www.plexus.es\/wp-content\/uploads\/2023\/12\/web_01.png","width":948,"height":600,"caption":"Firma del acuerdo de partnership con Antonio Agrasar, Fundador y CEO de Plexus Tech; y Mike Davies, nuestro compromiso\u201d, afirm\u00f3 Mike Davies, VP de Ventas y Operaciones, CXM ROE en Quadient."},{"@type":"WebPage","@id":"https:\/\/www.plexus.es\/quadient-plexus-tech-alianza-estrategica-comunicaciones\/#webpage","url":"https:\/\/www.plexus.es\/quadient-plexus-tech-alianza-estrategica-comunicaciones\/","name":"Quadient y Plexus Tech refuerzan su alianza estrat\u00e9gica","isPartOf":{"@id":"https:\/\/www.plexus.es\/#website"},"primaryImageOfPage":{"@id":"https:\/\/www.plexus.es\/quadient-plexus-tech-alianza-estrategica-comunicaciones\/#primaryimage"},"datePublished":"2023-12-15T12:25:28+00:00","dateModified":"2024-02-27T13:58:30+00:00","description":"En Plexus Tech reforzamos nuestra alianza estrat\u00e9gica con Quadient, lo que nos permite empoderar las comunicaciones con nuestros clientes","breadcrumb":{"@id":"https:\/\/www.plexus.es\/quadient-plexus-tech-alianza-estrategica-comunicaciones\/#breadcrumb"},"inLanguage":"en-US","potentialAction":[{"@type":"ReadAction","target":["https:\/\/www.plexus.es\/quadient-plexus-tech-alianza-estrategica-comunicaciones\/"]}]},{"@type":"BreadcrumbList","@id":"https:\/\/www.plexus.es\/quadient-plexus-tech-alianza-estrategica-comunicaciones\/#breadcrumb","itemListElement":[{"@type":"ListItem","position":1,"name":"Home","item":"https:\/\/www.plexus.es\/en\/home\/"},{"@type":"ListItem","position":2,"name":"Plexus Tech empodera las comunicaciones con clientes con Quadient"}]},{"@type":"Article","@id":"https:\/\/www.plexus.es\/quadient-plexus-tech-alianza-estrategica-comunicaciones\/#article","isPartOf":{"@id":"https:\/\/www.plexus.es\/quadient-plexus-tech-alianza-estrategica-comunicaciones\/#webpage"},"author":{"@id":"https:\/\/www.plexus.es\/#\/schema\/person\/8f02d5ce6d7b659fa68b0e90317c5171"},"headline":"Plexus Tech empodera las comunicaciones con clientes con Quadient","datePublished":"2023-12-15T12:25:28+00:00","dateModified":"2024-02-27T13:58:30+00:00","mainEntityOfPage":{"@id":"https:\/\/www.plexus.es\/quadient-plexus-tech-alianza-estrategica-comunicaciones\/#webpage"},"wordCount":1290,"commentCount":0,"publisher":{"@id":"https:\/\/www.plexus.es\/#organization"},"image":{"@id":"https:\/\/www.plexus.es\/quadient-plexus-tech-alianza-estrategica-comunicaciones\/#primaryimage"},"thumbnailUrl":"https:\/\/www.plexus.es\/wp-content\/uploads\/2023\/12\/web_01.png","articleSection":["Tech&amp;Innovation"],"inLanguage":"en-US","potentialAction":[{"@type":"CommentAction","name":"Comment","target":["https:\/\/www.plexus.es\/quadient-plexus-tech-alianza-estrategica-comunicaciones\/#respond"]}]},{"@type":"Person","@id":"https:\/\/www.plexus.es\/#\/schema\/person\/8f02d5ce6d7b659fa68b0e90317c5171","name":"admin_plexus","image":{"@type":"ImageObject","@id":"https:\/\/www.plexus.es\/#personlogo","inLanguage":"en-US","url":"https:\/\/secure.gravatar.com\/avatar\/c1d7caf9a4063a74393abcf91991e9cd?s=96&d=mm&r=g","contentUrl":"https:\/\/secure.gravatar.com\/avatar\/c1d7caf9a4063a74393abcf91991e9cd?s=96&d=mm&r=g","caption":"admin_plexus"},"sameAs":["https:\/\/www.plexus.es"]}]}},"_links":{"self":[{"href":"https:\/\/www.plexus.es\/en\/wp-json\/wp\/v2\/posts\/35664"}],"collection":[{"href":"https:\/\/www.plexus.es\/en\/wp-json\/wp\/v2\/posts"}],"about":[{"href":"https:\/\/www.plexus.es\/en\/wp-json\/wp\/v2\/types\/post"}],"author":[{"embeddable":true,"href":"https:\/\/www.plexus.es\/en\/wp-json\/wp\/v2\/users\/1"}],"replies":[{"embeddable":true,"href":"https:\/\/www.plexus.es\/en\/wp-json\/wp\/v2\/comments?post=35664"}],"version-history":[{"count":16,"href":"https:\/\/www.plexus.es\/en\/wp-json\/wp\/v2\/posts\/35664\/revisions"}],"predecessor-version":[{"id":36557,"href":"https:\/\/www.plexus.es\/en\/wp-json\/wp\/v2\/posts\/35664\/revisions\/36557"}],"wp:featuredmedia":[{"embeddable":true,"href":"https:\/\/www.plexus.es\/en\/wp-json\/wp\/v2\/media\/35665"}],"wp:attachment":[{"href":"https:\/\/www.plexus.es\/en\/wp-json\/wp\/v2\/media?parent=35664"}],"wp:term":[{"taxonomy":"category","embeddable":true,"href":"https:\/\/www.plexus.es\/en\/wp-json\/wp\/v2\/categories?post=35664"},{"taxonomy":"post_tag","embeddable":true,"href":"https:\/\/www.plexus.es\/en\/wp-json\/wp\/v2\/tags?post=35664"}],"curies":[{"name":"wp","href":"https:\/\/api.w.org\/{rel}","templated":true}]}}