{"id":36460,"date":"2024-02-21T14:35:34","date_gmt":"2024-02-21T13:35:34","guid":{"rendered":"https:\/\/www.plexus.es\/?p=36460"},"modified":"2024-02-27T13:17:17","modified_gmt":"2024-02-27T12:17:17","slug":"plexus-tech-tecnologia-proposito-sector-sociosanitario","status":"publish","type":"post","link":"https:\/\/www.plexus.es\/en\/plexus-tech-tecnologia-proposito-sector-sociosanitario\/","title":{"rendered":"Tecnolog\u00eda con prop\u00f3sito para los desaf\u00edos del sector sociosanitario"},"content":{"rendered":"<div class=\"fusion-fullwidth fullwidth-box fusion-builder-row-1 fusion-flex-container nonhundred-percent-fullwidth non-hundred-percent-height-scrolling\" style=\"background-color: rgba(255,255,255,0);background-position: center center;background-repeat: no-repeat;border-width: 0px 0px 0px 0px;border-color:#e8ebef;border-style:solid;\" ><div class=\"fusion-builder-row fusion-row fusion-flex-align-items-flex-start\" style=\"max-width:1310.4px;margin-left: calc(-4% \/ 2 );margin-right: calc(-4% \/ 2 );\"><div class=\"fusion-layout-column fusion_builder_column fusion-builder-column-0 fusion_builder_column_1_1 1_1 fusion-flex-column fusion-flex-align-self-center\"><div class=\"fusion-column-wrapper fusion-flex-justify-content-center fusion-content-layout-column\" style=\"background-position:left top;background-repeat:no-repeat;-webkit-background-size:cover;-moz-background-size:cover;-o-background-size:cover;background-size:cover;padding: 0px 0px 0px 0px;\"><div style=\"text-align:center;\"><span class=\" fusion-imageframe imageframe-none imageframe-1 hover-type-none\" style=\"border-radius:12px;margin-top:0px;margin-bottom:0px;\"><a class=\"fusion-no-lightbox\" href=\"https:\/\/www.linkedin.com\/posts\/plexus-tech_goodnews-gemelosdigitales-platgdia-activity-7146514515004735488-uBrB?utm_source=share&amp;utm_medium=member_desktop\" target=\"_self\" aria-label=\"Manel Chao &#8211; Congreso Dependencia\"><img width=\"2016\" height=\"1512\" alt=\"Jos\u00e9 Manuel Chao, socio director del \u00e1rea de Salud de Plexus Tech, en la presentaci\u00f3n en la que destac\u00f3 las capacidades de Plexus Tech para el sector sociosanitario\" src=\"https:\/\/www.plexus.es\/wp-content\/uploads\/2024\/02\/Manel-Chao-Congreso-Dependencia.jpeg\" data-orig-src=\"https:\/\/www.plexus.es\/wp-content\/uploads\/2024\/02\/Manel-Chao-Congreso-Dependencia.jpeg\" class=\"lazyload img-responsive wp-image-36463\" srcset=\"data:image\/svg+xml,%3Csvg%20xmlns%3D%27http%3A%2F%2Fwww.w3.org%2F2000%2Fsvg%27%20width%3D%272016%27%20height%3D%271512%27%20viewBox%3D%270%200%202016%201512%27%3E%3Crect%20width%3D%272016%27%20height%3D%271512%27%20fill-opacity%3D%220%22%2F%3E%3C%2Fsvg%3E\" data-srcset=\"https:\/\/www.plexus.es\/wp-content\/uploads\/2024\/02\/Manel-Chao-Congreso-Dependencia-200x150.jpeg 200w, https:\/\/www.plexus.es\/wp-content\/uploads\/2024\/02\/Manel-Chao-Congreso-Dependencia-400x300.jpeg 400w, https:\/\/www.plexus.es\/wp-content\/uploads\/2024\/02\/Manel-Chao-Congreso-Dependencia-600x450.jpeg 600w, https:\/\/www.plexus.es\/wp-content\/uploads\/2024\/02\/Manel-Chao-Congreso-Dependencia-800x600.jpeg 800w, https:\/\/www.plexus.es\/wp-content\/uploads\/2024\/02\/Manel-Chao-Congreso-Dependencia-1200x900.jpeg 1200w, https:\/\/www.plexus.es\/wp-content\/uploads\/2024\/02\/Manel-Chao-Congreso-Dependencia.jpeg 2016w\" data-sizes=\"auto\" data-orig-sizes=\"(max-width: 640px) 100vw, 2016px\" \/><\/a><\/span><\/div><\/div><style type=\"text\/css\">.fusion-body .fusion-builder-column-0{width:100% !important;margin-top : 20px;margin-bottom : 20px;}.fusion-builder-column-0 > .fusion-column-wrapper {padding-top : 0px !important;padding-right : 0px !important;margin-right : 1.92%;padding-bottom : 0px !important;padding-left : 0px !important;margin-left : 1.92%;}@media only screen and (max-width:1200px) {.fusion-body .fusion-builder-column-0{width:100% !important;order : 0;}.fusion-builder-column-0 > .fusion-column-wrapper {margin-right : 1.92%;margin-left : 1.92%;}}@media only screen and (max-width:640px) {.fusion-body .fusion-builder-column-0{width:100% !important;order : 0;}.fusion-builder-column-0 > .fusion-column-wrapper {margin-right : 1.92%;margin-left : 1.92%;}}<\/style><\/div><div class=\"fusion-layout-column fusion_builder_column fusion-builder-column-1 fusion_builder_column_1_1 1_1 fusion-flex-column\"><div class=\"fusion-column-wrapper fusion-flex-justify-content-flex-start fusion-content-layout-column\" style=\"background-position:left top;background-repeat:no-repeat;-webkit-background-size:cover;-moz-background-size:cover;-o-background-size:cover;background-size:cover;padding: 0px 0px 0px 0px;\"><div class=\"fusion-text fusion-text-1\"><h2>La compa\u00f1\u00eda tecnol\u00f3gica, en colaboraci\u00f3n con Aturnos, llev\u00f3 sus soluciones de innovaci\u00f3n para el sector sociosanitario al encuentro internacional celebrado en Madrid<\/h2>\n<p><strong>Plexus Tech puso en valor la tecnolog\u00eda con prop\u00f3sito y las soluciones innovadoras que mejoran la vida de las personas en el V Congreso Nacional de Dependencia y Sanidad by Alimarke<\/strong>t, celebrado esta semana en IFEMA Madrid. Como experto en esta \u00e1rea, la compa\u00f1\u00eda tecnol\u00f3gica particip\u00f3,<a href=\"https:\/\/www.aturnos.com\/\" target=\"_blank\" rel=\"noopener\"><span style=\"color: #000080;\"><strong> junto a su partner Aturnos<\/strong><\/span><\/a>. Lo hizo resaltando el gran desaf\u00edo que supone la innovaci\u00f3n en los cuidados y tratamientos de las personas mayores.<\/p>\n<p>Fueron tres intensas jornadas de networking, en las que Plexus Tech expuso sus capacidades tecnol\u00f3gicas para el sector sociosanitario. En ellas destac\u00f3 la<strong> sesi\u00f3n informativa realizada por el socio-director del \u00e1rea de Salud de la compa\u00f1\u00eda, Jos\u00e9 Manuel Chao Ardao.<\/strong> Una presentaci\u00f3n en la que estuvo acompa\u00f1ado por el CEO de Aturnos, Pablo Garc\u00eda Ansola.<\/p>\n<p>Como <strong>l\u00edderes en soluciones tech para el sector sociosanitario, se incidi\u00f3 en la importancia de una aplicaci\u00f3n de la tecnolog\u00eda que englobe todo el proceso.<\/strong> Con esta premisa, el objetivo es conseguir as\u00ed sacar el m\u00e1ximo partido a las organizaciones. En este sentido, Plexus Tech cuenta con un <a href=\"https:\/\/www.plexus.es\/servicios\/\" target=\"_blank\" rel=\"noopener\"><strong><span style=\"color: #000080;\">cat\u00e1logo de servicios 360<\/span><\/strong><\/a> que le permiten acompa\u00f1ar a las empresas en toda su transformaci\u00f3n digital.<\/p>\n<p>\u201cLo que mejor representa nuestro trabajo en el sector sociosanitario es nuestro <strong>enfoque para que las organizaciones sean <em>Data-Driven<\/em><\/strong>. <strong>Conseguimos que el dato est\u00e9 en el centro de las decisiones empresariales<\/strong>. As\u00ed, les permitimos tomar decisiones informadas y mejoramos sus resultados\u201d, explic\u00f3 Jos\u00e9 Manuel Chao durante la presentaci\u00f3n.<\/p>\n<p>Esta innovaci\u00f3n se desarrolla con un prop\u00f3sito, el cual define a la compa\u00f1\u00eda: mejorar la vida de la sociedad. Este reto, que llevan defendiendo desde hace m\u00e1s de 24 a\u00f1os, lo trasladan a las <strong>m\u00e1s de 150 millones de personas en todo el mundo que interact\u00faan con la tecnolog\u00eda de Plexus Tech<\/strong>.<\/p>\n<h3>El dato, en el centro de las decisiones sociosanitarias.<\/h3>\n<p>Durante la presentaci\u00f3n realizada en el Teatro Central de IFEMA, Jos\u00e9 Manuel Chao Ardao resalt\u00f3 la importancia que tienen los datos para las organizaciones. A trav\u00e9s de su an\u00e1lisis masivo y poni\u00e9ndolos en el centro, Plexus Tech consigue que las organizaciones, como explic\u00f3, logren sus objetivos.<\/p>\n<p>\u201c<strong>El primer gran pilar es la recogida de datos<\/strong>, ya que implica minimizar al m\u00e1ximo el error, aportando m\u00e1s valor al resultado final. <strong>El segundo gran punto es la seguridad del dato, su custodia y trazabilidad.<\/strong> En Plexus incorporamos la ciberseguridad en todo el proceso, incluso desde el dise\u00f1o, lo que aporta un valor diferencial. <strong>Y el tercer escal\u00f3n son nuestras aplicaciones de gesti\u00f3n de la actividad sociosanitaria<\/strong>, alineadas con los restantes puntos. Cabe mencionar que no solo implantamos las herramientas, sino que acompa\u00f1amos a las compa\u00f1\u00edas en su continuidad para su m\u00e1ximo aprovechamiento\u201d, detall\u00f3 el socio-director del \u00e1rea de Salud.<\/p>\n<p>De este modo, gracias a la informaci\u00f3n recaba en el proceso, y a las capacidades de las nuevas herramientas de innovaci\u00f3n, como la IA o la algoritmia, \u201c<strong>trabajamos el dato desde un punto de vista avanzando, pudiendo aplicarlo a un uso concreto y espec\u00edfico, una personalizaci\u00f3n que permite obtener el m\u00e1ximo rendimiento de la organizaci\u00f3n<\/strong>\u201d, remarc\u00f3.<\/p>\n<p>En todo caso, esta toma de decisiones <em>Data-Driven<\/em> se acompa\u00f1a en Plexus Tech con un amplio cat\u00e1logo de servicios, tal y como se\u00f1al\u00f3 Jos\u00e9 Manuel Chao. Dentro de ese ecosistema 360 de soluciones de innovaci\u00f3n se encuentran las <strong>herramientas para el \u00e1rea de recursos humanos de las empresas<\/strong>. Y es ah\u00ed, precisamente, donde surge la colaboraci\u00f3n como socio tecnol\u00f3gico con Aturnos.<\/p>\n<p>Cabe recordar que, en esta \u00e1rea de RRHH y gesti\u00f3n de talento, la compa\u00f1\u00eda tecnol\u00f3gica cuenta con un equipo experto en estas herramientas, destacando tambi\u00e9n su <strong>acuerdo de partnership con SAP<\/strong><\/p>\n<\/div><\/div><style type=\"text\/css\">.fusion-body .fusion-builder-column-1{width:100% !important;margin-top : 20px;margin-bottom : 20px;}.fusion-builder-column-1 > .fusion-column-wrapper {padding-top : 0px !important;padding-right : 0px !important;margin-right : 1.92%;padding-bottom : 0px !important;padding-left : 0px !important;margin-left : 1.92%;}@media only screen and (max-width:1200px) {.fusion-body .fusion-builder-column-1{width:100% !important;order : 0;}.fusion-builder-column-1 > .fusion-column-wrapper {margin-right : 1.92%;margin-left : 1.92%;}}@media only screen and (max-width:640px) {.fusion-body .fusion-builder-column-1{width:100% !important;order : 0;}.fusion-builder-column-1 > .fusion-column-wrapper {margin-right : 1.92%;margin-left : 1.92%;}}<\/style><\/div><\/div><style type=\"text\/css\">.fusion-body .fusion-flex-container.fusion-builder-row-1{ padding-top : 0px;margin-top : 0px;padding-right : 0px;padding-bottom : 0px;margin-bottom : 0px;padding-left : 0px;}<\/style><\/div>\n","protected":false},"excerpt":{"rendered":"<p>Plexus Tech, junto a su partner Aturnos, llev\u00f3 sus soluciones de innovaci\u00f3n para el sector sociosanitario al V Congreso Nacional de Dependencia y Sanidad<\/p>\n","protected":false},"author":1,"featured_media":36534,"comment_status":"open","ping_status":"open","sticky":false,"template":"","format":"standard","meta":[],"categories":[107,215],"tags":[],"yoast_head":"<!-- This site is optimized with the Yoast SEO plugin v17.4 - https:\/\/yoast.com\/wordpress\/plugins\/seo\/ -->\n<title>Plexus destaca la tecnolog\u00eda con prop\u00f3sito para el sector sociosanitario<\/title>\n<meta name=\"description\" content=\"Plexus Tech, con Aturnos, llev\u00f3 sus soluciones de innovaci\u00f3n para el sector sociosanitario al V Congreso Nacional de Dependencia y Sanidad\" \/>\n<meta name=\"robots\" content=\"index, follow, max-snippet:-1, max-image-preview:large, max-video-preview:-1\" \/>\n<link rel=\"canonical\" href=\"https:\/\/www.plexus.es\/plexus-tech-tecnologia-proposito-sector-sociosanitario\/\" \/>\n<meta property=\"og:locale\" content=\"en_US\" \/>\n<meta property=\"og:type\" content=\"article\" \/>\n<meta property=\"og:title\" content=\"Plexus destaca la tecnolog\u00eda con prop\u00f3sito para el sector sociosanitario\" \/>\n<meta property=\"og:description\" content=\"Plexus Tech, con Aturnos, llev\u00f3 sus soluciones de innovaci\u00f3n para el sector sociosanitario al V Congreso Nacional de Dependencia y Sanidad\" \/>\n<meta property=\"og:url\" content=\"https:\/\/www.plexus.es\/plexus-tech-tecnologia-proposito-sector-sociosanitario\/\" \/>\n<meta property=\"og:site_name\" content=\"Plexus Tech\" \/>\n<meta property=\"article:publisher\" content=\"https:\/\/www.facebook.com\/Plexus.Techno\" \/>\n<meta property=\"article:published_time\" content=\"2024-02-21T13:35:34+00:00\" \/>\n<meta property=\"article:modified_time\" content=\"2024-02-27T12:17:17+00:00\" \/>\n<meta property=\"og:image\" content=\"https:\/\/www.plexus.es\/wp-content\/uploads\/2024\/02\/Azul-1.jpg\" \/>\n\t<meta property=\"og:image:width\" content=\"1508\" \/>\n\t<meta property=\"og:image:height\" content=\"1134\" \/>\n<meta name=\"twitter:card\" content=\"summary_large_image\" \/>\n<meta name=\"twitter:creator\" content=\"@plexustech_\" \/>\n<meta name=\"twitter:site\" content=\"@plexustech_\" \/>\n<meta name=\"twitter:label1\" content=\"Written by\" \/>\n\t<meta name=\"twitter:data1\" content=\"admin_plexus\" \/>\n\t<meta name=\"twitter:label2\" content=\"Est. reading time\" \/>\n\t<meta name=\"twitter:data2\" content=\"4 minutes\" \/>\n<script type=\"application\/ld+json\" class=\"yoast-schema-graph\">{\"@context\":\"https:\/\/schema.org\",\"@graph\":[{\"@type\":\"Organization\",\"@id\":\"https:\/\/www.plexus.es\/#organization\",\"name\":\"Plexus Tech\",\"url\":\"https:\/\/www.plexus.es\/\",\"sameAs\":[\"https:\/\/www.facebook.com\/Plexus.Techno\",\"https:\/\/www.instagram.com\/plexus.tech\/\",\"https:\/\/www.linkedin.com\/company\/plexus-tech\/mycompany\/\",\"https:\/\/www.youtube.com\/user\/tecnologiasplexus\",\"https:\/\/twitter.com\/plexustech_\"],\"logo\":{\"@type\":\"ImageObject\",\"@id\":\"https:\/\/www.plexus.es\/#logo\",\"inLanguage\":\"en-US\",\"url\":\"https:\/\/www.plexus.es\/wp-content\/uploads\/2021\/11\/logo-plexus-2021.png\",\"contentUrl\":\"https:\/\/www.plexus.es\/wp-content\/uploads\/2021\/11\/logo-plexus-2021.png\",\"width\":600,\"height\":600,\"caption\":\"Plexus Tech\"},\"image\":{\"@id\":\"https:\/\/www.plexus.es\/#logo\"}},{\"@type\":\"WebSite\",\"@id\":\"https:\/\/www.plexus.es\/#website\",\"url\":\"https:\/\/www.plexus.es\/\",\"name\":\"Plexus Tech\",\"description\":\"Tecnolog\\u00eda con Alma\",\"publisher\":{\"@id\":\"https:\/\/www.plexus.es\/#organization\"},\"potentialAction\":[{\"@type\":\"SearchAction\",\"target\":{\"@type\":\"EntryPoint\",\"urlTemplate\":\"https:\/\/www.plexus.es\/?s={search_term_string}\"},\"query-input\":\"required name=search_term_string\"}],\"inLanguage\":\"en-US\"},{\"@type\":\"ImageObject\",\"@id\":\"https:\/\/www.plexus.es\/plexus-tech-tecnologia-proposito-sector-sociosanitario\/#primaryimage\",\"inLanguage\":\"en-US\",\"url\":\"https:\/\/www.plexus.es\/wp-content\/uploads\/2024\/02\/Azul-1.jpg\",\"contentUrl\":\"https:\/\/www.plexus.es\/wp-content\/uploads\/2024\/02\/Azul-1.jpg\",\"width\":1508,\"height\":1134,\"caption\":\"Jos\\u00e9 Manuel Chao, socio director del \\u00e1rea de Salud de Plexus Tech, en la presentaci\\u00f3n en la que destac\\u00f3 las capacidades de Plexus Tech para el sector sociosanitario\"},{\"@type\":\"WebPage\",\"@id\":\"https:\/\/www.plexus.es\/plexus-tech-tecnologia-proposito-sector-sociosanitario\/#webpage\",\"url\":\"https:\/\/www.plexus.es\/plexus-tech-tecnologia-proposito-sector-sociosanitario\/\",\"name\":\"Plexus destaca la tecnolog\\u00eda con prop\\u00f3sito para el sector sociosanitario\",\"isPartOf\":{\"@id\":\"https:\/\/www.plexus.es\/#website\"},\"primaryImageOfPage\":{\"@id\":\"https:\/\/www.plexus.es\/plexus-tech-tecnologia-proposito-sector-sociosanitario\/#primaryimage\"},\"datePublished\":\"2024-02-21T13:35:34+00:00\",\"dateModified\":\"2024-02-27T12:17:17+00:00\",\"description\":\"Plexus Tech, con Aturnos, llev\\u00f3 sus soluciones de innovaci\\u00f3n para el sector sociosanitario al V Congreso Nacional de Dependencia y Sanidad\",\"breadcrumb\":{\"@id\":\"https:\/\/www.plexus.es\/plexus-tech-tecnologia-proposito-sector-sociosanitario\/#breadcrumb\"},\"inLanguage\":\"en-US\",\"potentialAction\":[{\"@type\":\"ReadAction\",\"target\":[\"https:\/\/www.plexus.es\/plexus-tech-tecnologia-proposito-sector-sociosanitario\/\"]}]},{\"@type\":\"BreadcrumbList\",\"@id\":\"https:\/\/www.plexus.es\/plexus-tech-tecnologia-proposito-sector-sociosanitario\/#breadcrumb\",\"itemListElement\":[{\"@type\":\"ListItem\",\"position\":1,\"name\":\"Home\",\"item\":\"https:\/\/www.plexus.es\/\"},{\"@type\":\"ListItem\",\"position\":2,\"name\":\"Tecnolog\\u00eda con prop\\u00f3sito para los desaf\\u00edos del sector sociosanitario\"}]},{\"@type\":\"Article\",\"@id\":\"https:\/\/www.plexus.es\/plexus-tech-tecnologia-proposito-sector-sociosanitario\/#article\",\"isPartOf\":{\"@id\":\"https:\/\/www.plexus.es\/plexus-tech-tecnologia-proposito-sector-sociosanitario\/#webpage\"},\"author\":{\"@id\":\"https:\/\/www.plexus.es\/#\/schema\/person\/8f02d5ce6d7b659fa68b0e90317c5171\"},\"headline\":\"Tecnolog\\u00eda con prop\\u00f3sito para los desaf\\u00edos del sector sociosanitario\",\"datePublished\":\"2024-02-21T13:35:34+00:00\",\"dateModified\":\"2024-02-27T12:17:17+00:00\",\"mainEntityOfPage\":{\"@id\":\"https:\/\/www.plexus.es\/plexus-tech-tecnologia-proposito-sector-sociosanitario\/#webpage\"},\"wordCount\":1627,\"commentCount\":0,\"publisher\":{\"@id\":\"https:\/\/www.plexus.es\/#organization\"},\"image\":{\"@id\":\"https:\/\/www.plexus.es\/plexus-tech-tecnologia-proposito-sector-sociosanitario\/#primaryimage\"},\"thumbnailUrl\":\"https:\/\/www.plexus.es\/wp-content\/uploads\/2024\/02\/Azul-1.jpg\",\"articleSection\":[\"Eventos\",\"Tech&amp;Innovation\"],\"inLanguage\":\"en-US\",\"potentialAction\":[{\"@type\":\"CommentAction\",\"name\":\"Comment\",\"target\":[\"https:\/\/www.plexus.es\/plexus-tech-tecnologia-proposito-sector-sociosanitario\/#respond\"]}]},{\"@type\":\"Person\",\"@id\":\"https:\/\/www.plexus.es\/#\/schema\/person\/8f02d5ce6d7b659fa68b0e90317c5171\",\"name\":\"admin_plexus\",\"image\":{\"@type\":\"ImageObject\",\"@id\":\"https:\/\/www.plexus.es\/#personlogo\",\"inLanguage\":\"en-US\",\"url\":\"https:\/\/secure.gravatar.com\/avatar\/c1d7caf9a4063a74393abcf91991e9cd?s=96&d=mm&r=g\",\"contentUrl\":\"https:\/\/secure.gravatar.com\/avatar\/c1d7caf9a4063a74393abcf91991e9cd?s=96&d=mm&r=g\",\"caption\":\"admin_plexus\"},\"sameAs\":[\"https:\/\/www.plexus.es\"]}]}<\/script>\n<!-- \/ Yoast SEO plugin. -->","yoast_head_json":{"title":"Plexus destaca la tecnolog\u00eda con prop\u00f3sito para el sector sociosanitario","description":"Plexus Tech, con Aturnos, llev\u00f3 sus soluciones de innovaci\u00f3n para el sector sociosanitario al V Congreso Nacional de Dependencia y Sanidad","robots":{"index":"index","follow":"follow","max-snippet":"max-snippet:-1","max-image-preview":"max-image-preview:large","max-video-preview":"max-video-preview:-1"},"canonical":"https:\/\/www.plexus.es\/plexus-tech-tecnologia-proposito-sector-sociosanitario\/","og_locale":"en_US","og_type":"article","og_title":"Plexus destaca la tecnolog\u00eda con prop\u00f3sito para el sector sociosanitario","og_description":"Plexus Tech, con Aturnos, llev\u00f3 sus soluciones de innovaci\u00f3n para el sector sociosanitario al V Congreso Nacional de Dependencia y Sanidad","og_url":"https:\/\/www.plexus.es\/plexus-tech-tecnologia-proposito-sector-sociosanitario\/","og_site_name":"Plexus Tech","article_publisher":"https:\/\/www.facebook.com\/Plexus.Techno","article_published_time":"2024-02-21T13:35:34+00:00","article_modified_time":"2024-02-27T12:17:17+00:00","og_image":[{"width":1508,"height":1134,"url":"https:\/\/www.plexus.es\/wp-content\/uploads\/2024\/02\/Azul-1.jpg","type":"image\/jpeg"}],"twitter_card":"summary_large_image","twitter_creator":"@plexustech_","twitter_site":"@plexustech_","twitter_misc":{"Written by":"admin_plexus","Est. reading time":"4 minutes"},"schema":{"@context":"https:\/\/schema.org","@graph":[{"@type":"Organization","@id":"https:\/\/www.plexus.es\/#organization","name":"Plexus Tech","url":"https:\/\/www.plexus.es\/","sameAs":["https:\/\/www.facebook.com\/Plexus.Techno","https:\/\/www.instagram.com\/plexus.tech\/","https:\/\/www.linkedin.com\/company\/plexus-tech\/mycompany\/","https:\/\/www.youtube.com\/user\/tecnologiasplexus","https:\/\/twitter.com\/plexustech_"],"logo":{"@type":"ImageObject","@id":"https:\/\/www.plexus.es\/#logo","inLanguage":"en-US","url":"https:\/\/www.plexus.es\/wp-content\/uploads\/2021\/11\/logo-plexus-2021.png","contentUrl":"https:\/\/www.plexus.es\/wp-content\/uploads\/2021\/11\/logo-plexus-2021.png","width":600,"height":600,"caption":"Plexus Tech"},"image":{"@id":"https:\/\/www.plexus.es\/#logo"}},{"@type":"WebSite","@id":"https:\/\/www.plexus.es\/#website","url":"https:\/\/www.plexus.es\/","name":"Plexus Tech","description":"Tecnolog\u00eda con Alma","publisher":{"@id":"https:\/\/www.plexus.es\/#organization"},"potentialAction":[{"@type":"SearchAction","target":{"@type":"EntryPoint","urlTemplate":"https:\/\/www.plexus.es\/?s={search_term_string}"},"query-input":"required name=search_term_string"}],"inLanguage":"en-US"},{"@type":"ImageObject","@id":"https:\/\/www.plexus.es\/plexus-tech-tecnologia-proposito-sector-sociosanitario\/#primaryimage","inLanguage":"en-US","url":"https:\/\/www.plexus.es\/wp-content\/uploads\/2024\/02\/Azul-1.jpg","contentUrl":"https:\/\/www.plexus.es\/wp-content\/uploads\/2024\/02\/Azul-1.jpg","width":1508,"height":1134,"caption":"Jos\u00e9 Manuel Chao, socio director del \u00e1rea de Salud de Plexus Tech, en la presentaci\u00f3n en la que destac\u00f3 las capacidades de Plexus Tech para el sector sociosanitario"},{"@type":"WebPage","@id":"https:\/\/www.plexus.es\/plexus-tech-tecnologia-proposito-sector-sociosanitario\/#webpage","url":"https:\/\/www.plexus.es\/plexus-tech-tecnologia-proposito-sector-sociosanitario\/","name":"Plexus destaca la tecnolog\u00eda con prop\u00f3sito para el sector sociosanitario","isPartOf":{"@id":"https:\/\/www.plexus.es\/#website"},"primaryImageOfPage":{"@id":"https:\/\/www.plexus.es\/plexus-tech-tecnologia-proposito-sector-sociosanitario\/#primaryimage"},"datePublished":"2024-02-21T13:35:34+00:00","dateModified":"2024-02-27T12:17:17+00:00","description":"Plexus Tech, con Aturnos, llev\u00f3 sus soluciones de innovaci\u00f3n para el sector sociosanitario al V Congreso Nacional de Dependencia y Sanidad","breadcrumb":{"@id":"https:\/\/www.plexus.es\/plexus-tech-tecnologia-proposito-sector-sociosanitario\/#breadcrumb"},"inLanguage":"en-US","potentialAction":[{"@type":"ReadAction","target":["https:\/\/www.plexus.es\/plexus-tech-tecnologia-proposito-sector-sociosanitario\/"]}]},{"@type":"BreadcrumbList","@id":"https:\/\/www.plexus.es\/plexus-tech-tecnologia-proposito-sector-sociosanitario\/#breadcrumb","itemListElement":[{"@type":"ListItem","position":1,"name":"Home","item":"https:\/\/www.plexus.es\/"},{"@type":"ListItem","position":2,"name":"Tecnolog\u00eda con prop\u00f3sito para los desaf\u00edos del sector sociosanitario"}]},{"@type":"Article","@id":"https:\/\/www.plexus.es\/plexus-tech-tecnologia-proposito-sector-sociosanitario\/#article","isPartOf":{"@id":"https:\/\/www.plexus.es\/plexus-tech-tecnologia-proposito-sector-sociosanitario\/#webpage"},"author":{"@id":"https:\/\/www.plexus.es\/#\/schema\/person\/8f02d5ce6d7b659fa68b0e90317c5171"},"headline":"Tecnolog\u00eda con prop\u00f3sito para los desaf\u00edos del sector sociosanitario","datePublished":"2024-02-21T13:35:34+00:00","dateModified":"2024-02-27T12:17:17+00:00","mainEntityOfPage":{"@id":"https:\/\/www.plexus.es\/plexus-tech-tecnologia-proposito-sector-sociosanitario\/#webpage"},"wordCount":1627,"commentCount":0,"publisher":{"@id":"https:\/\/www.plexus.es\/#organization"},"image":{"@id":"https:\/\/www.plexus.es\/plexus-tech-tecnologia-proposito-sector-sociosanitario\/#primaryimage"},"thumbnailUrl":"https:\/\/www.plexus.es\/wp-content\/uploads\/2024\/02\/Azul-1.jpg","articleSection":["Eventos","Tech&amp;Innovation"],"inLanguage":"en-US","potentialAction":[{"@type":"CommentAction","name":"Comment","target":["https:\/\/www.plexus.es\/plexus-tech-tecnologia-proposito-sector-sociosanitario\/#respond"]}]},{"@type":"Person","@id":"https:\/\/www.plexus.es\/#\/schema\/person\/8f02d5ce6d7b659fa68b0e90317c5171","name":"admin_plexus","image":{"@type":"ImageObject","@id":"https:\/\/www.plexus.es\/#personlogo","inLanguage":"en-US","url":"https:\/\/secure.gravatar.com\/avatar\/c1d7caf9a4063a74393abcf91991e9cd?s=96&d=mm&r=g","contentUrl":"https:\/\/secure.gravatar.com\/avatar\/c1d7caf9a4063a74393abcf91991e9cd?s=96&d=mm&r=g","caption":"admin_plexus"},"sameAs":["https:\/\/www.plexus.es"]}]}},"_links":{"self":[{"href":"https:\/\/www.plexus.es\/en\/wp-json\/wp\/v2\/posts\/36460"}],"collection":[{"href":"https:\/\/www.plexus.es\/en\/wp-json\/wp\/v2\/posts"}],"about":[{"href":"https:\/\/www.plexus.es\/en\/wp-json\/wp\/v2\/types\/post"}],"author":[{"embeddable":true,"href":"https:\/\/www.plexus.es\/en\/wp-json\/wp\/v2\/users\/1"}],"replies":[{"embeddable":true,"href":"https:\/\/www.plexus.es\/en\/wp-json\/wp\/v2\/comments?post=36460"}],"version-history":[{"count":10,"href":"https:\/\/www.plexus.es\/en\/wp-json\/wp\/v2\/posts\/36460\/revisions"}],"predecessor-version":[{"id":36494,"href":"https:\/\/www.plexus.es\/en\/wp-json\/wp\/v2\/posts\/36460\/revisions\/36494"}],"wp:featuredmedia":[{"embeddable":true,"href":"https:\/\/www.plexus.es\/en\/wp-json\/wp\/v2\/media\/36534"}],"wp:attachment":[{"href":"https:\/\/www.plexus.es\/en\/wp-json\/wp\/v2\/media?parent=36460"}],"wp:term":[{"taxonomy":"category","embeddable":true,"href":"https:\/\/www.plexus.es\/en\/wp-json\/wp\/v2\/categories?post=36460"},{"taxonomy":"post_tag","embeddable":true,"href":"https:\/\/www.plexus.es\/en\/wp-json\/wp\/v2\/tags?post=36460"}],"curies":[{"name":"wp","href":"https:\/\/api.w.org\/{rel}","templated":true}]}}