{"id":46919,"date":"2025-04-11T16:00:17","date_gmt":"2025-04-11T14:00:17","guid":{"rendered":"https:\/\/www.plexus.es\/?p=46919"},"modified":"2025-04-15T17:28:45","modified_gmt":"2025-04-15T15:28:45","slug":"antonio-agrasar-participa-en-el-dia-da-escola-de-enxenaria-2025-de-la-etse","status":"publish","type":"post","link":"https:\/\/www.plexus.es\/en\/antonio-agrasar-participa-en-el-dia-da-escola-de-enxenaria-2025-de-la-etse\/","title":{"rendered":"Antonio Agrasar participa en el D\u00eda da Escola de Enxe\u00f1ar\u00eda 2025 de la ETSE"},"content":{"rendered":"<div class=\"fusion-fullwidth fullwidth-box fusion-builder-row-1 fusion-flex-container container-detail-news plexus_css nonhundred-percent-fullwidth non-hundred-percent-height-scrolling\" style=\"background-color: rgba(255,255,255,0);background-position: center center;background-repeat: no-repeat;border-width: 0px 0px 0px 0px;border-color:#e8ebef;border-style:solid;\" ><div class=\"fusion-builder-row fusion-row fusion-flex-align-items-flex-start\" style=\"max-width:1310.4px;margin-left: calc(-4% \/ 2 );margin-right: calc(-4% \/ 2 );\"><div class=\"fusion-layout-column fusion_builder_column fusion-builder-column-0 fusion_builder_column_1_3 1_3 fusion-flex-column fusion-flex-align-self-stretch\"><div class=\"fusion-column-wrapper fusion-flex-justify-content-center fusion-content-layout-column\" style=\"background-position:left top;background-repeat:no-repeat;-webkit-background-size:cover;-moz-background-size:cover;-o-background-size:cover;background-size:cover;padding: 0px 0px 0px 0px;\"><div style=\"text-align:center;\"><span class=\" fusion-imageframe imageframe-none imageframe-1 hover-type-none\" style=\"border-radius:12px;margin-top:0px;margin-right:0px;margin-bottom:0px;margin-left:0px;\"><a class=\"fusion-no-lightbox\" href=\"https:\/\/www.linkedin.com\/posts\/plexus-tech_goodnews-gemelosdigitales-platgdia-activity-7146514515004735488-uBrB?utm_source=share&amp;utm_medium=member_desktop\" target=\"_self\" aria-label=\"Agrasar Ponencia 3\"><img width=\"300\" height=\"200\" alt=\"Antonio Agrasar durante su ponencia en los actos del patr\u00f3n de la ETSE.\" src=\"https:\/\/www.plexus.es\/wp-content\/uploads\/2025\/04\/Agrasar-Ponencia-3-scaled.jpg\" data-orig-src=\"https:\/\/www.plexus.es\/wp-content\/uploads\/2025\/04\/Agrasar-Ponencia-3-300x200.jpg\" class=\"lazyload img-responsive wp-image-46934\" srcset=\"data:image\/svg+xml,%3Csvg%20xmlns%3D%27http%3A%2F%2Fwww.w3.org%2F2000%2Fsvg%27%20width%3D%272560%27%20height%3D%271707%27%20viewBox%3D%270%200%202560%201707%27%3E%3Crect%20width%3D%272560%27%20height%3D%271707%27%20fill-opacity%3D%220%22%2F%3E%3C%2Fsvg%3E\" data-srcset=\"https:\/\/www.plexus.es\/wp-content\/uploads\/2025\/04\/Agrasar-Ponencia-3-200x133.jpg 200w, https:\/\/www.plexus.es\/wp-content\/uploads\/2025\/04\/Agrasar-Ponencia-3-400x267.jpg 400w, https:\/\/www.plexus.es\/wp-content\/uploads\/2025\/04\/Agrasar-Ponencia-3-600x400.jpg 600w, https:\/\/www.plexus.es\/wp-content\/uploads\/2025\/04\/Agrasar-Ponencia-3-800x533.jpg 800w, https:\/\/www.plexus.es\/wp-content\/uploads\/2025\/04\/Agrasar-Ponencia-3-1200x800.jpg 1200w\" data-sizes=\"auto\" data-orig-sizes=\"(max-width: 640px) 100vw, 400px\" \/><\/a><\/span><\/div><\/div><style type=\"text\/css\">.fusion-body .fusion-builder-column-0{width:33.333333333333% !important;margin-top : 0px;margin-bottom : 0px;}.fusion-builder-column-0 > .fusion-column-wrapper {padding-top : 0 !important;padding-right : 0px !important;margin-right : 5.76%;padding-bottom : 0 !important;padding-left : 0px !important;margin-left : 5.76%;}@media only screen and (max-width:1200px) {.fusion-body .fusion-builder-column-0{width:33.333333333333% !important;order : 0;}.fusion-builder-column-0 > .fusion-column-wrapper {margin-right : 5.76%;margin-left : 5.76%;}}@media only screen and (max-width:640px) {.fusion-body .fusion-builder-column-0{width:100% !important;order : 0;}.fusion-builder-column-0 > .fusion-column-wrapper {margin-right : 1.92%;margin-left : 1.92%;}}<\/style><\/div><div class=\"fusion-layout-column fusion_builder_column fusion-builder-column-1 fusion_builder_column_1_3 1_3 fusion-flex-column fusion-flex-align-self-stretch\"><div class=\"fusion-column-wrapper fusion-flex-justify-content-center fusion-content-layout-column\" style=\"background-position:left top;background-repeat:no-repeat;-webkit-background-size:cover;-moz-background-size:cover;-o-background-size:cover;background-size:cover;padding: 0px 0px 0px 0px;\"><div style=\"text-align:center;\"><span class=\" fusion-imageframe imageframe-none imageframe-2 hover-type-none\" style=\"border-radius:12px;margin-top:0px;margin-right:0px;margin-bottom:0px;margin-left:0px;\"><a class=\"fusion-no-lightbox\" href=\"https:\/\/www.linkedin.com\/posts\/plexus-tech_goodnews-gemelosdigitales-platgdia-activity-7146514515004735488-uBrB?utm_source=share&amp;utm_medium=member_desktop\" target=\"_self\" aria-label=\"Agrasar Ga\u00f1adores 2\"><img width=\"300\" height=\"200\" alt=\"Antonio Agrasar, acompa\u00f1ado de Antonio L\u00f3pez, rector de la USC; y Julia Rodr\u00edguez, directora de la ESTE, durante el D\u00eda da Enxe\u00f1ar\u00eda 2025.\" src=\"https:\/\/www.plexus.es\/wp-content\/uploads\/2025\/04\/Agrasar-Ganadores-2-scaled.jpg\" data-orig-src=\"https:\/\/www.plexus.es\/wp-content\/uploads\/2025\/04\/Agrasar-Ganadores-2-300x200.jpg\" class=\"lazyload img-responsive wp-image-46928\" srcset=\"data:image\/svg+xml,%3Csvg%20xmlns%3D%27http%3A%2F%2Fwww.w3.org%2F2000%2Fsvg%27%20width%3D%272560%27%20height%3D%271707%27%20viewBox%3D%270%200%202560%201707%27%3E%3Crect%20width%3D%272560%27%20height%3D%271707%27%20fill-opacity%3D%220%22%2F%3E%3C%2Fsvg%3E\" data-srcset=\"https:\/\/www.plexus.es\/wp-content\/uploads\/2025\/04\/Agrasar-Ganadores-2-200x133.jpg 200w, https:\/\/www.plexus.es\/wp-content\/uploads\/2025\/04\/Agrasar-Ganadores-2-400x267.jpg 400w, https:\/\/www.plexus.es\/wp-content\/uploads\/2025\/04\/Agrasar-Ganadores-2-600x400.jpg 600w, https:\/\/www.plexus.es\/wp-content\/uploads\/2025\/04\/Agrasar-Ganadores-2-800x533.jpg 800w, https:\/\/www.plexus.es\/wp-content\/uploads\/2025\/04\/Agrasar-Ganadores-2-1200x800.jpg 1200w\" data-sizes=\"auto\" data-orig-sizes=\"(max-width: 640px) 100vw, 400px\" \/><\/a><\/span><\/div><\/div><style type=\"text\/css\">.fusion-body .fusion-builder-column-1{width:33.333333333333% !important;margin-top : 0px;margin-bottom : 0px;}.fusion-builder-column-1 > .fusion-column-wrapper {padding-top : 0 !important;padding-right : 0px !important;margin-right : 5.76%;padding-bottom : 0 !important;padding-left : 0px !important;margin-left : 5.76%;}@media only screen and (max-width:1200px) {.fusion-body .fusion-builder-column-1{width:33.333333333333% !important;order : 0;}.fusion-builder-column-1 > .fusion-column-wrapper {margin-right : 5.76%;margin-left : 5.76%;}}@media only screen and (max-width:640px) {.fusion-body .fusion-builder-column-1{width:100% !important;order : 0;}.fusion-builder-column-1 > .fusion-column-wrapper {margin-right : 1.92%;margin-left : 1.92%;}}<\/style><\/div><div class=\"fusion-layout-column fusion_builder_column fusion-builder-column-2 fusion_builder_column_1_3 1_3 fusion-flex-column fusion-flex-align-self-stretch\"><div class=\"fusion-column-wrapper fusion-flex-justify-content-center fusion-content-layout-column\" style=\"background-position:left top;background-repeat:no-repeat;-webkit-background-size:cover;-moz-background-size:cover;-o-background-size:cover;background-size:cover;padding: 0px 0px 0px 0px;\"><div style=\"text-align:center;\"><span class=\" fusion-imageframe imageframe-none imageframe-3 hover-type-none\" style=\"border-radius:12px;margin-top:0px;margin-right:0px;margin-bottom:0px;margin-left:0px;\"><a class=\"fusion-no-lightbox\" href=\"https:\/\/www.linkedin.com\/posts\/plexus-tech_goodnews-gemelosdigitales-platgdia-activity-7146514515004735488-uBrB?utm_source=share&amp;utm_medium=member_desktop\" target=\"_self\" aria-label=\"Agrasar Entrega Diploma\"><img width=\"300\" height=\"200\" alt=\"Antonio Agrasar particip\u00f3 en la entrega de premios a los mejores expedientes.\" src=\"https:\/\/www.plexus.es\/wp-content\/uploads\/2025\/04\/Agrasar-Entrega-Diploma-scaled.jpg\" data-orig-src=\"https:\/\/www.plexus.es\/wp-content\/uploads\/2025\/04\/Agrasar-Entrega-Diploma-300x200.jpg\" class=\"lazyload img-responsive wp-image-46922\" srcset=\"data:image\/svg+xml,%3Csvg%20xmlns%3D%27http%3A%2F%2Fwww.w3.org%2F2000%2Fsvg%27%20width%3D%272560%27%20height%3D%271707%27%20viewBox%3D%270%200%202560%201707%27%3E%3Crect%20width%3D%272560%27%20height%3D%271707%27%20fill-opacity%3D%220%22%2F%3E%3C%2Fsvg%3E\" data-srcset=\"https:\/\/www.plexus.es\/wp-content\/uploads\/2025\/04\/Agrasar-Entrega-Diploma-200x133.jpg 200w, https:\/\/www.plexus.es\/wp-content\/uploads\/2025\/04\/Agrasar-Entrega-Diploma-400x267.jpg 400w, https:\/\/www.plexus.es\/wp-content\/uploads\/2025\/04\/Agrasar-Entrega-Diploma-600x400.jpg 600w, https:\/\/www.plexus.es\/wp-content\/uploads\/2025\/04\/Agrasar-Entrega-Diploma-800x533.jpg 800w, https:\/\/www.plexus.es\/wp-content\/uploads\/2025\/04\/Agrasar-Entrega-Diploma-1200x800.jpg 1200w\" data-sizes=\"auto\" data-orig-sizes=\"(max-width: 640px) 100vw, 400px\" \/><\/a><\/span><\/div><\/div><style type=\"text\/css\">.fusion-body .fusion-builder-column-2{width:33.333333333333% !important;margin-top : 0px;margin-bottom : 0px;}.fusion-builder-column-2 > .fusion-column-wrapper {padding-top : 0 !important;padding-right : 0px !important;margin-right : 5.76%;padding-bottom : 0 !important;padding-left : 0px !important;margin-left : 5.76%;}@media only screen and (max-width:1200px) {.fusion-body .fusion-builder-column-2{width:33.333333333333% !important;order : 0;}.fusion-builder-column-2 > .fusion-column-wrapper {margin-right : 5.76%;margin-left : 5.76%;}}@media only screen and (max-width:640px) {.fusion-body .fusion-builder-column-2{width:100% !important;order : 0;}.fusion-builder-column-2 > .fusion-column-wrapper {margin-right : 1.92%;margin-left : 1.92%;}}<\/style><\/div><div class=\"fusion-layout-column fusion_builder_column fusion-builder-column-3 fusion_builder_column_1_1 1_1 fusion-flex-column\"><div class=\"fusion-column-wrapper fusion-flex-justify-content-flex-start fusion-content-layout-column\" style=\"background-position:left top;background-repeat:no-repeat;-webkit-background-size:cover;-moz-background-size:cover;-o-background-size:cover;background-size:cover;padding: 0px 0px 0px 0px;\"><div class=\"fusion-text fusion-text-1\"><h2>El Fundador y CEO de Plexus Tech particip\u00f3 en los actos por el d\u00eda del patr\u00f3n de la Escola T\u00e9cnica Superior de Enxe\u00f1ar\u00eda (ETSE).<\/h2>\n<p>Con motivo del <a href=\"https:\/\/www.usc.gal\/es\/node\/51818\" target=\"_blank\" rel=\"noopener\"><strong>D\u00eda da Escola de Enxe\u00f1ar\u00eda 2025<\/strong><\/a>, celebrado el 10 de abril, el Fundador y CEO de Plexus Tech, Antonio Agrasar, particip\u00f3 en los actos de la <strong>Escola T\u00e9cnica Superior de Enxe\u00f1ar\u00eda (ETSE)<\/strong> de la Universidad de Santiago de Compostela (USC).<\/p>\n<p><strong>Antonio Agrasar<\/strong> fue invitado por la ETSE a realizar una <strong>ponencia<\/strong> para el alumnado del centro <strong>durante la festividad de su patr\u00f3n Leonardo da Vinci<\/strong>. Una jornada especial en la que se entregaron tambi\u00e9n numerosos premios y se abordaron las principales novedades de la Escola.<\/p>\n<p>Durante el acto principal, presidido por el rector de la USC, Antonio L\u00f3pez, y la directora de la ETSE, Julia Gonz\u00e1lez, el CEO de Plexus Tech comparti\u00f3 la conferencia <strong>\u201cAprender, Adaptarse, Innovar: El ciclo de la Tecnolog\u00eda con Alma\u201d.<\/strong><\/p>\n<p>Durante su intervenci\u00f3n, Antonio Agrasar traslad\u00f3 la manera de entender la tecnolog\u00eda de Plexus Tech. En este sentido, remarc\u00f3 el <strong>poder de la tecnolog\u00eda como herramienta con prop\u00f3sito, al servicio de las personas y con impacto real<\/strong>. Habl\u00f3 de IA, accesibilidad, ciberseguridad y de c\u00f3mo todo esto se traduce en soluciones que ya est\u00e1n transformando sectores clave.<\/p>\n<p>Adem\u00e1s, tambi\u00e9n reflexion\u00f3 sobre algo fundamental: el papel de la <a href=\"https:\/\/www.plexus.es\/servicios\/i-d-i\/\" target=\"_blank\" rel=\"noopener\">Universidad como generadora de talento y como puente entre el conocimiento y el mundo profesional.<\/a> La conexi\u00f3n entre formaci\u00f3n y empresa no es solo necesaria, es estrat\u00e9gica, subray\u00f3.<\/p>\n<p>Asimismo, el Fundador de la compa\u00f1\u00eda tecnol\u00f3gica gallega fue uno de los encargados de entregar los <strong>galardones al alumnado, profesorado y equipos de investigaci\u00f3n de la ETSE<\/strong>. Entre otros, se reconocieron los Trabajos de Fin de Grado (TFG) m\u00e1s destacados, as\u00ed como los mejor elaborados en los m\u00e1steres. Por su parte, investigadores y docentes recibieron los premios Leonardo.<\/p>\n<\/div><\/div><style type=\"text\/css\">.fusion-body .fusion-builder-column-3{width:100% !important;margin-top : 20px;margin-bottom : 20px;}.fusion-builder-column-3 > .fusion-column-wrapper {padding-top : 0px !important;padding-right : 0px !important;margin-right : 1.92%;padding-bottom : 0px !important;padding-left : 0px !important;margin-left : 1.92%;}@media only screen and (max-width:1200px) {.fusion-body .fusion-builder-column-3{width:100% !important;order : 0;}.fusion-builder-column-3 > .fusion-column-wrapper {margin-right : 1.92%;margin-left : 1.92%;}}@media only screen and (max-width:640px) {.fusion-body .fusion-builder-column-3{width:100% !important;order : 0;}.fusion-builder-column-3 > .fusion-column-wrapper {margin-right : 1.92%;margin-left : 1.92%;}}<\/style><\/div><\/div><style type=\"text\/css\">.fusion-body .fusion-flex-container.fusion-builder-row-1{ padding-top : 0px;margin-top : 0;padding-right : 0px;padding-bottom : 0px;margin-bottom : 0;padding-left : 0px;}<\/style><\/div>\n","protected":false},"excerpt":{"rendered":"<p>El Fundador y CEO de Plexus Tech particip\u00f3 en los actos por el d\u00eda del patr\u00f3n de la Escola T\u00e9cnica Superior de Enxe\u00f1ar\u00eda (ETSE).<\/p>\n","protected":false},"author":1,"featured_media":46939,"comment_status":"open","ping_status":"open","sticky":false,"template":"","format":"standard","meta":[],"categories":[109,41,107,209,215],"tags":[],"yoast_head":"<!-- This site is optimized with the Yoast SEO plugin v17.4 - https:\/\/yoast.com\/wordpress\/plugins\/seo\/ -->\n<title>Antonio Agrasar participa en el D\u00eda da Escola de Enxe\u00f1ar\u00eda de la ETSE<\/title>\n<meta name=\"description\" content=\"El Fundador y CEO de Plexus Tech particip\u00f3 en los actos por el d\u00eda del patr\u00f3n de la Escola T\u00e9cnica Superior de Enxe\u00f1ar\u00eda (ETSE).\" \/>\n<meta name=\"robots\" content=\"index, follow, max-snippet:-1, max-image-preview:large, max-video-preview:-1\" \/>\n<link rel=\"canonical\" href=\"https:\/\/www.plexus.es\/antonio-agrasar-participa-en-el-dia-da-escola-de-enxenaria-2025-de-la-etse\/\" \/>\n<meta property=\"og:locale\" content=\"en_US\" \/>\n<meta property=\"og:type\" content=\"article\" \/>\n<meta property=\"og:title\" content=\"Antonio Agrasar participa en el D\u00eda da Escola de Enxe\u00f1ar\u00eda de la ETSE\" \/>\n<meta property=\"og:description\" content=\"El Fundador y CEO de Plexus Tech particip\u00f3 en los actos por el d\u00eda del patr\u00f3n de la Escola T\u00e9cnica Superior de Enxe\u00f1ar\u00eda (ETSE).\" \/>\n<meta property=\"og:url\" content=\"https:\/\/www.plexus.es\/antonio-agrasar-participa-en-el-dia-da-escola-de-enxenaria-2025-de-la-etse\/\" \/>\n<meta property=\"og:site_name\" content=\"Plexus Tech\" \/>\n<meta property=\"article:publisher\" content=\"https:\/\/www.facebook.com\/Plexus.Techno\" \/>\n<meta property=\"article:published_time\" content=\"2025-04-11T14:00:17+00:00\" \/>\n<meta property=\"article:modified_time\" content=\"2025-04-15T15:28:45+00:00\" \/>\n<meta property=\"og:image\" content=\"https:\/\/www.plexus.es\/wp-content\/uploads\/2025\/04\/Mesa-de-trabajo-2-12.png\" \/>\n\t<meta property=\"og:image:width\" content=\"949\" \/>\n\t<meta property=\"og:image:height\" content=\"601\" \/>\n<meta name=\"twitter:card\" content=\"summary_large_image\" \/>\n<meta name=\"twitter:creator\" content=\"@plexustech_\" \/>\n<meta name=\"twitter:site\" content=\"@plexustech_\" \/>\n<meta name=\"twitter:label1\" content=\"Written by\" \/>\n\t<meta name=\"twitter:data1\" content=\"admin_plexus\" \/>\n\t<meta name=\"twitter:label2\" content=\"Est. reading time\" \/>\n\t<meta name=\"twitter:data2\" content=\"3 minutes\" \/>\n<script type=\"application\/ld+json\" class=\"yoast-schema-graph\">{\"@context\":\"https:\/\/schema.org\",\"@graph\":[{\"@type\":\"Organization\",\"@id\":\"https:\/\/www.plexus.es\/#organization\",\"name\":\"Plexus Tech\",\"url\":\"https:\/\/www.plexus.es\/\",\"sameAs\":[\"https:\/\/www.facebook.com\/Plexus.Techno\",\"https:\/\/www.instagram.com\/plexus.tech\/\",\"https:\/\/www.linkedin.com\/company\/plexus-tech\/mycompany\/\",\"https:\/\/www.youtube.com\/user\/tecnologiasplexus\",\"https:\/\/twitter.com\/plexustech_\"],\"logo\":{\"@type\":\"ImageObject\",\"@id\":\"https:\/\/www.plexus.es\/#logo\",\"inLanguage\":\"en-US\",\"url\":\"https:\/\/www.plexus.es\/wp-content\/uploads\/2021\/11\/logo-plexus-2021.png\",\"contentUrl\":\"https:\/\/www.plexus.es\/wp-content\/uploads\/2021\/11\/logo-plexus-2021.png\",\"width\":600,\"height\":600,\"caption\":\"Plexus Tech\"},\"image\":{\"@id\":\"https:\/\/www.plexus.es\/#logo\"}},{\"@type\":\"WebSite\",\"@id\":\"https:\/\/www.plexus.es\/#website\",\"url\":\"https:\/\/www.plexus.es\/\",\"name\":\"Plexus Tech\",\"description\":\"Tecnolog\\u00eda con Alma\",\"publisher\":{\"@id\":\"https:\/\/www.plexus.es\/#organization\"},\"potentialAction\":[{\"@type\":\"SearchAction\",\"target\":{\"@type\":\"EntryPoint\",\"urlTemplate\":\"https:\/\/www.plexus.es\/?s={search_term_string}\"},\"query-input\":\"required name=search_term_string\"}],\"inLanguage\":\"en-US\"},{\"@type\":\"ImageObject\",\"@id\":\"https:\/\/www.plexus.es\/antonio-agrasar-participa-en-el-dia-da-escola-de-enxenaria-2025-de-la-etse\/#primaryimage\",\"inLanguage\":\"en-US\",\"url\":\"https:\/\/www.plexus.es\/wp-content\/uploads\/2025\/04\/Mesa-de-trabajo-2-12.png\",\"contentUrl\":\"https:\/\/www.plexus.es\/wp-content\/uploads\/2025\/04\/Mesa-de-trabajo-2-12.png\",\"width\":949,\"height\":601,\"caption\":\"Antonio Agrasar durante su ponencia en los actos del patr\\u00f3n de la ETSE.\"},{\"@type\":\"WebPage\",\"@id\":\"https:\/\/www.plexus.es\/antonio-agrasar-participa-en-el-dia-da-escola-de-enxenaria-2025-de-la-etse\/#webpage\",\"url\":\"https:\/\/www.plexus.es\/antonio-agrasar-participa-en-el-dia-da-escola-de-enxenaria-2025-de-la-etse\/\",\"name\":\"Antonio Agrasar participa en el D\\u00eda da Escola de Enxe\\u00f1ar\\u00eda de la ETSE\",\"isPartOf\":{\"@id\":\"https:\/\/www.plexus.es\/#website\"},\"primaryImageOfPage\":{\"@id\":\"https:\/\/www.plexus.es\/antonio-agrasar-participa-en-el-dia-da-escola-de-enxenaria-2025-de-la-etse\/#primaryimage\"},\"datePublished\":\"2025-04-11T14:00:17+00:00\",\"dateModified\":\"2025-04-15T15:28:45+00:00\",\"description\":\"El Fundador y CEO de Plexus Tech particip\\u00f3 en los actos por el d\\u00eda del patr\\u00f3n de la Escola T\\u00e9cnica Superior de Enxe\\u00f1ar\\u00eda (ETSE).\",\"breadcrumb\":{\"@id\":\"https:\/\/www.plexus.es\/antonio-agrasar-participa-en-el-dia-da-escola-de-enxenaria-2025-de-la-etse\/#breadcrumb\"},\"inLanguage\":\"en-US\",\"potentialAction\":[{\"@type\":\"ReadAction\",\"target\":[\"https:\/\/www.plexus.es\/antonio-agrasar-participa-en-el-dia-da-escola-de-enxenaria-2025-de-la-etse\/\"]}]},{\"@type\":\"BreadcrumbList\",\"@id\":\"https:\/\/www.plexus.es\/antonio-agrasar-participa-en-el-dia-da-escola-de-enxenaria-2025-de-la-etse\/#breadcrumb\",\"itemListElement\":[{\"@type\":\"ListItem\",\"position\":1,\"name\":\"Home\",\"item\":\"https:\/\/www.plexus.es\/\"},{\"@type\":\"ListItem\",\"position\":2,\"name\":\"Antonio Agrasar participa en el D\\u00eda da Escola de Enxe\\u00f1ar\\u00eda 2025 de la ETSE\"}]},{\"@type\":\"Article\",\"@id\":\"https:\/\/www.plexus.es\/antonio-agrasar-participa-en-el-dia-da-escola-de-enxenaria-2025-de-la-etse\/#article\",\"isPartOf\":{\"@id\":\"https:\/\/www.plexus.es\/antonio-agrasar-participa-en-el-dia-da-escola-de-enxenaria-2025-de-la-etse\/#webpage\"},\"author\":{\"@id\":\"https:\/\/www.plexus.es\/#\/schema\/person\/8f02d5ce6d7b659fa68b0e90317c5171\"},\"headline\":\"Antonio Agrasar participa en el D\\u00eda da Escola de Enxe\\u00f1ar\\u00eda 2025 de la ETSE\",\"datePublished\":\"2025-04-11T14:00:17+00:00\",\"dateModified\":\"2025-04-15T15:28:45+00:00\",\"mainEntityOfPage\":{\"@id\":\"https:\/\/www.plexus.es\/antonio-agrasar-participa-en-el-dia-da-escola-de-enxenaria-2025-de-la-etse\/#webpage\"},\"wordCount\":2266,\"commentCount\":0,\"publisher\":{\"@id\":\"https:\/\/www.plexus.es\/#organization\"},\"image\":{\"@id\":\"https:\/\/www.plexus.es\/antonio-agrasar-participa-en-el-dia-da-escola-de-enxenaria-2025-de-la-etse\/#primaryimage\"},\"thumbnailUrl\":\"https:\/\/www.plexus.es\/wp-content\/uploads\/2025\/04\/Mesa-de-trabajo-2-12.png\",\"articleSection\":[\"Compromiso\",\"Educaci\\u00f3n\",\"Eventos\",\"News\",\"Tech&amp;Innovation\"],\"inLanguage\":\"en-US\",\"potentialAction\":[{\"@type\":\"CommentAction\",\"name\":\"Comment\",\"target\":[\"https:\/\/www.plexus.es\/antonio-agrasar-participa-en-el-dia-da-escola-de-enxenaria-2025-de-la-etse\/#respond\"]}]},{\"@type\":\"Person\",\"@id\":\"https:\/\/www.plexus.es\/#\/schema\/person\/8f02d5ce6d7b659fa68b0e90317c5171\",\"name\":\"admin_plexus\",\"image\":{\"@type\":\"ImageObject\",\"@id\":\"https:\/\/www.plexus.es\/#personlogo\",\"inLanguage\":\"en-US\",\"url\":\"https:\/\/secure.gravatar.com\/avatar\/c1d7caf9a4063a74393abcf91991e9cd?s=96&d=mm&r=g\",\"contentUrl\":\"https:\/\/secure.gravatar.com\/avatar\/c1d7caf9a4063a74393abcf91991e9cd?s=96&d=mm&r=g\",\"caption\":\"admin_plexus\"},\"sameAs\":[\"https:\/\/www.plexus.es\"]}]}<\/script>\n<!-- \/ Yoast SEO plugin. -->","yoast_head_json":{"title":"Antonio Agrasar participa en el D\u00eda da Escola de Enxe\u00f1ar\u00eda de la ETSE","description":"El Fundador y CEO de Plexus Tech particip\u00f3 en los actos por el d\u00eda del patr\u00f3n de la Escola T\u00e9cnica Superior de Enxe\u00f1ar\u00eda (ETSE).","robots":{"index":"index","follow":"follow","max-snippet":"max-snippet:-1","max-image-preview":"max-image-preview:large","max-video-preview":"max-video-preview:-1"},"canonical":"https:\/\/www.plexus.es\/antonio-agrasar-participa-en-el-dia-da-escola-de-enxenaria-2025-de-la-etse\/","og_locale":"en_US","og_type":"article","og_title":"Antonio Agrasar participa en el D\u00eda da Escola de Enxe\u00f1ar\u00eda de la ETSE","og_description":"El Fundador y CEO de Plexus Tech particip\u00f3 en los actos por el d\u00eda del patr\u00f3n de la Escola T\u00e9cnica Superior de Enxe\u00f1ar\u00eda (ETSE).","og_url":"https:\/\/www.plexus.es\/antonio-agrasar-participa-en-el-dia-da-escola-de-enxenaria-2025-de-la-etse\/","og_site_name":"Plexus Tech","article_publisher":"https:\/\/www.facebook.com\/Plexus.Techno","article_published_time":"2025-04-11T14:00:17+00:00","article_modified_time":"2025-04-15T15:28:45+00:00","og_image":[{"width":949,"height":601,"url":"https:\/\/www.plexus.es\/wp-content\/uploads\/2025\/04\/Mesa-de-trabajo-2-12.png","type":"image\/png"}],"twitter_card":"summary_large_image","twitter_creator":"@plexustech_","twitter_site":"@plexustech_","twitter_misc":{"Written by":"admin_plexus","Est. reading time":"3 minutes"},"schema":{"@context":"https:\/\/schema.org","@graph":[{"@type":"Organization","@id":"https:\/\/www.plexus.es\/#organization","name":"Plexus Tech","url":"https:\/\/www.plexus.es\/","sameAs":["https:\/\/www.facebook.com\/Plexus.Techno","https:\/\/www.instagram.com\/plexus.tech\/","https:\/\/www.linkedin.com\/company\/plexus-tech\/mycompany\/","https:\/\/www.youtube.com\/user\/tecnologiasplexus","https:\/\/twitter.com\/plexustech_"],"logo":{"@type":"ImageObject","@id":"https:\/\/www.plexus.es\/#logo","inLanguage":"en-US","url":"https:\/\/www.plexus.es\/wp-content\/uploads\/2021\/11\/logo-plexus-2021.png","contentUrl":"https:\/\/www.plexus.es\/wp-content\/uploads\/2021\/11\/logo-plexus-2021.png","width":600,"height":600,"caption":"Plexus Tech"},"image":{"@id":"https:\/\/www.plexus.es\/#logo"}},{"@type":"WebSite","@id":"https:\/\/www.plexus.es\/#website","url":"https:\/\/www.plexus.es\/","name":"Plexus Tech","description":"Tecnolog\u00eda con Alma","publisher":{"@id":"https:\/\/www.plexus.es\/#organization"},"potentialAction":[{"@type":"SearchAction","target":{"@type":"EntryPoint","urlTemplate":"https:\/\/www.plexus.es\/?s={search_term_string}"},"query-input":"required name=search_term_string"}],"inLanguage":"en-US"},{"@type":"ImageObject","@id":"https:\/\/www.plexus.es\/antonio-agrasar-participa-en-el-dia-da-escola-de-enxenaria-2025-de-la-etse\/#primaryimage","inLanguage":"en-US","url":"https:\/\/www.plexus.es\/wp-content\/uploads\/2025\/04\/Mesa-de-trabajo-2-12.png","contentUrl":"https:\/\/www.plexus.es\/wp-content\/uploads\/2025\/04\/Mesa-de-trabajo-2-12.png","width":949,"height":601,"caption":"Antonio Agrasar durante su ponencia en los actos del patr\u00f3n de la ETSE."},{"@type":"WebPage","@id":"https:\/\/www.plexus.es\/antonio-agrasar-participa-en-el-dia-da-escola-de-enxenaria-2025-de-la-etse\/#webpage","url":"https:\/\/www.plexus.es\/antonio-agrasar-participa-en-el-dia-da-escola-de-enxenaria-2025-de-la-etse\/","name":"Antonio Agrasar participa en el D\u00eda da Escola de Enxe\u00f1ar\u00eda de la ETSE","isPartOf":{"@id":"https:\/\/www.plexus.es\/#website"},"primaryImageOfPage":{"@id":"https:\/\/www.plexus.es\/antonio-agrasar-participa-en-el-dia-da-escola-de-enxenaria-2025-de-la-etse\/#primaryimage"},"datePublished":"2025-04-11T14:00:17+00:00","dateModified":"2025-04-15T15:28:45+00:00","description":"El Fundador y CEO de Plexus Tech particip\u00f3 en los actos por el d\u00eda del patr\u00f3n de la Escola T\u00e9cnica Superior de Enxe\u00f1ar\u00eda (ETSE).","breadcrumb":{"@id":"https:\/\/www.plexus.es\/antonio-agrasar-participa-en-el-dia-da-escola-de-enxenaria-2025-de-la-etse\/#breadcrumb"},"inLanguage":"en-US","potentialAction":[{"@type":"ReadAction","target":["https:\/\/www.plexus.es\/antonio-agrasar-participa-en-el-dia-da-escola-de-enxenaria-2025-de-la-etse\/"]}]},{"@type":"BreadcrumbList","@id":"https:\/\/www.plexus.es\/antonio-agrasar-participa-en-el-dia-da-escola-de-enxenaria-2025-de-la-etse\/#breadcrumb","itemListElement":[{"@type":"ListItem","position":1,"name":"Home","item":"https:\/\/www.plexus.es\/"},{"@type":"ListItem","position":2,"name":"Antonio Agrasar participa en el D\u00eda da Escola de Enxe\u00f1ar\u00eda 2025 de la ETSE"}]},{"@type":"Article","@id":"https:\/\/www.plexus.es\/antonio-agrasar-participa-en-el-dia-da-escola-de-enxenaria-2025-de-la-etse\/#article","isPartOf":{"@id":"https:\/\/www.plexus.es\/antonio-agrasar-participa-en-el-dia-da-escola-de-enxenaria-2025-de-la-etse\/#webpage"},"author":{"@id":"https:\/\/www.plexus.es\/#\/schema\/person\/8f02d5ce6d7b659fa68b0e90317c5171"},"headline":"Antonio Agrasar participa en el D\u00eda da Escola de Enxe\u00f1ar\u00eda 2025 de la ETSE","datePublished":"2025-04-11T14:00:17+00:00","dateModified":"2025-04-15T15:28:45+00:00","mainEntityOfPage":{"@id":"https:\/\/www.plexus.es\/antonio-agrasar-participa-en-el-dia-da-escola-de-enxenaria-2025-de-la-etse\/#webpage"},"wordCount":2266,"commentCount":0,"publisher":{"@id":"https:\/\/www.plexus.es\/#organization"},"image":{"@id":"https:\/\/www.plexus.es\/antonio-agrasar-participa-en-el-dia-da-escola-de-enxenaria-2025-de-la-etse\/#primaryimage"},"thumbnailUrl":"https:\/\/www.plexus.es\/wp-content\/uploads\/2025\/04\/Mesa-de-trabajo-2-12.png","articleSection":["Compromiso","Educaci\u00f3n","Eventos","News","Tech&amp;Innovation"],"inLanguage":"en-US","potentialAction":[{"@type":"CommentAction","name":"Comment","target":["https:\/\/www.plexus.es\/antonio-agrasar-participa-en-el-dia-da-escola-de-enxenaria-2025-de-la-etse\/#respond"]}]},{"@type":"Person","@id":"https:\/\/www.plexus.es\/#\/schema\/person\/8f02d5ce6d7b659fa68b0e90317c5171","name":"admin_plexus","image":{"@type":"ImageObject","@id":"https:\/\/www.plexus.es\/#personlogo","inLanguage":"en-US","url":"https:\/\/secure.gravatar.com\/avatar\/c1d7caf9a4063a74393abcf91991e9cd?s=96&d=mm&r=g","contentUrl":"https:\/\/secure.gravatar.com\/avatar\/c1d7caf9a4063a74393abcf91991e9cd?s=96&d=mm&r=g","caption":"admin_plexus"},"sameAs":["https:\/\/www.plexus.es"]}]}},"_links":{"self":[{"href":"https:\/\/www.plexus.es\/en\/wp-json\/wp\/v2\/posts\/46919"}],"collection":[{"href":"https:\/\/www.plexus.es\/en\/wp-json\/wp\/v2\/posts"}],"about":[{"href":"https:\/\/www.plexus.es\/en\/wp-json\/wp\/v2\/types\/post"}],"author":[{"embeddable":true,"href":"https:\/\/www.plexus.es\/en\/wp-json\/wp\/v2\/users\/1"}],"replies":[{"embeddable":true,"href":"https:\/\/www.plexus.es\/en\/wp-json\/wp\/v2\/comments?post=46919"}],"version-history":[{"count":2,"href":"https:\/\/www.plexus.es\/en\/wp-json\/wp\/v2\/posts\/46919\/revisions"}],"predecessor-version":[{"id":46945,"href":"https:\/\/www.plexus.es\/en\/wp-json\/wp\/v2\/posts\/46919\/revisions\/46945"}],"wp:featuredmedia":[{"embeddable":true,"href":"https:\/\/www.plexus.es\/en\/wp-json\/wp\/v2\/media\/46939"}],"wp:attachment":[{"href":"https:\/\/www.plexus.es\/en\/wp-json\/wp\/v2\/media?parent=46919"}],"wp:term":[{"taxonomy":"category","embeddable":true,"href":"https:\/\/www.plexus.es\/en\/wp-json\/wp\/v2\/categories?post=46919"},{"taxonomy":"post_tag","embeddable":true,"href":"https:\/\/www.plexus.es\/en\/wp-json\/wp\/v2\/tags?post=46919"}],"curies":[{"name":"wp","href":"https:\/\/api.w.org\/{rel}","templated":true}]}}