{"id":47876,"date":"2025-06-03T17:31:34","date_gmt":"2025-06-03T15:31:34","guid":{"rendered":"https:\/\/www.plexus.es\/?p=47876"},"modified":"2025-06-04T11:40:21","modified_gmt":"2025-06-04T09:40:21","slug":"plexus-tech-empleo-inclusivo-galicia","status":"publish","type":"post","link":"https:\/\/www.plexus.es\/en\/plexus-tech-empleo-inclusivo-galicia\/","title":{"rendered":"Seguimos creando oportunidades laborales inclusivas junto a la Xunta"},"content":{"rendered":"<div class=\"fusion-fullwidth fullwidth-box fusion-builder-row-1 fusion-flex-container container-detail-news plexus_css nonhundred-percent-fullwidth non-hundred-percent-height-scrolling\" style=\"background-color: rgba(255,255,255,0);background-position: center center;background-repeat: no-repeat;border-width: 0px 0px 0px 0px;border-color:#e8ebef;border-style:solid;\" ><div class=\"fusion-builder-row fusion-row fusion-flex-align-items-flex-start\" style=\"max-width:1310.4px;margin-left: calc(-4% \/ 2 );margin-right: calc(-4% \/ 2 );\"><div class=\"fusion-layout-column fusion_builder_column fusion-builder-column-0 fusion_builder_column_1_1 1_1 fusion-flex-column\"><div class=\"fusion-column-wrapper fusion-flex-justify-content-flex-start fusion-content-layout-column\" style=\"background-position:left top;background-repeat:no-repeat;-webkit-background-size:cover;-moz-background-size:cover;-o-background-size:cover;background-size:cover;padding: 0px 0px 0px 0px;\"><div class=\"fusion-text fusion-text-1\"><h2>Plexus Tech refuerza su compromiso con el empleo inclusivo en Galicia.<\/h2>\n<p data-start=\"634\" data-end=\"955\">En Plexus Tech seguimos promoviendo el <strong data-start=\"673\" data-end=\"704\">empleo inclusivo en Galicia. <\/strong>Y lo hacemos, esta vez,\u00a0gracias al apoyo del<a href=\"https:\/\/sede.xunta.gal\/detalle-procedemento?langId=es_ES&amp;codtram=TR342C\"> <em data-start=\"726\" data-end=\"803\">Programa de incentivos \u00e1 contrataci\u00f3n por conta allea (procedemento TR342C)<\/em>.<\/a> Esta es una iniciativa impulsada por la Conseller\u00eda de Emprego, Comercio e Emigraci\u00f3n de la Xunta de Galicia y cofinanciada por el Servicio P\u00fablico de Empleo Estatal (SEPE).<\/p>\n<p data-start=\"957\" data-end=\"1216\">De este modo, este programa <a href=\"https:\/\/www.plexus.es\/unete-al-equipo\/\" target=\"_blank\" rel=\"noopener\"><strong>nos ha permitido fortalecer nuestro equipo incorporando talento diverso<\/strong><\/a>. Cabe destacar la contrataci\u00f3n de personas j\u00f3venes, mujeres en ocupaciones masculinizadas y otros colectivos con mayores dificultades de acceso al mercado laboral.<\/p>\n<p data-start=\"1218\" data-end=\"1514\">Gracias a esta ayuda, avanzamos en <strong>nuestra misi\u00f3n de generar un impacto social positivo<\/strong>, apostando por un modelo de empleo inclusivo en Galicia, estable, igualitario y sostenible. En Plexus Tech <strong>creemos en la tecnolog\u00eda como motor de cambio<\/strong>, pero tambi\u00e9n en las personas que la hacen posible.<\/p>\n<p data-start=\"1516\" data-end=\"1691\">Adem\u00e1s, con este tipo de iniciativas, contribuimos al desarrollo econ\u00f3mico y social del territorio gallego. Alineamos as\u00ed nuestra estrategia con los valores de inclusi\u00f3n y de responsabilidad.<\/p>\n<\/div><\/div><style type=\"text\/css\">.fusion-body .fusion-builder-column-0{width:100% !important;margin-top : 20px;margin-bottom : 20px;}.fusion-builder-column-0 > .fusion-column-wrapper {padding-top : 0px !important;padding-right : 0px !important;margin-right : 1.92%;padding-bottom : 0px !important;padding-left : 0px !important;margin-left : 1.92%;}@media only screen and (max-width:1200px) {.fusion-body .fusion-builder-column-0{width:100% !important;order : 0;}.fusion-builder-column-0 > .fusion-column-wrapper {margin-right : 1.92%;margin-left : 1.92%;}}@media only screen and (max-width:640px) {.fusion-body .fusion-builder-column-0{width:100% !important;order : 0;}.fusion-builder-column-0 > .fusion-column-wrapper {margin-right : 1.92%;margin-left : 1.92%;}}<\/style><\/div><div class=\"fusion-layout-column fusion_builder_column fusion-builder-column-1 fusion_builder_column_1_1 1_1 fusion-flex-column fusion-flex-align-self-stretch\"><div class=\"fusion-column-wrapper fusion-flex-justify-content-center fusion-content-layout-column\" style=\"background-position:left top;background-repeat:no-repeat;-webkit-background-size:cover;-moz-background-size:cover;-o-background-size:cover;background-size:cover;padding: 0px 0px 0px 0px;\"><div style=\"text-align:center;\"><span class=\" fusion-imageframe imageframe-none imageframe-1 hover-type-none\" style=\"border-radius:12px;margin-top:0px;margin-right:0px;margin-bottom:0px;margin-left:0px;\"><a class=\"fusion-no-lightbox\" href=\"https:\/\/www.linkedin.com\/posts\/plexus-tech_goodnews-gemelosdigitales-platgdia-activity-7146514515004735488-uBrB?utm_source=share&amp;utm_medium=member_desktop\" target=\"_self\" aria-label=\"banda\"><img width=\"802\" height=\"142\" src=\"https:\/\/www.plexus.es\/wp-content\/uploads\/2025\/06\/banda.jpg\" data-orig-src=\"https:\/\/www.plexus.es\/wp-content\/uploads\/2025\/06\/banda.jpg\" class=\"lazyload img-responsive wp-image-47903\" srcset=\"data:image\/svg+xml,%3Csvg%20xmlns%3D%27http%3A%2F%2Fwww.w3.org%2F2000%2Fsvg%27%20width%3D%27802%27%20height%3D%27142%27%20viewBox%3D%270%200%20802%20142%27%3E%3Crect%20width%3D%27802%27%20height%3D%27142%27%20fill-opacity%3D%220%22%2F%3E%3C%2Fsvg%3E\" data-srcset=\"https:\/\/www.plexus.es\/wp-content\/uploads\/2025\/06\/banda-200x35.jpg 200w, https:\/\/www.plexus.es\/wp-content\/uploads\/2025\/06\/banda-400x71.jpg 400w, https:\/\/www.plexus.es\/wp-content\/uploads\/2025\/06\/banda-600x106.jpg 600w, https:\/\/www.plexus.es\/wp-content\/uploads\/2025\/06\/banda-800x142.jpg 800w, https:\/\/www.plexus.es\/wp-content\/uploads\/2025\/06\/banda.jpg 802w\" data-sizes=\"auto\" data-orig-sizes=\"(max-width: 640px) 100vw, 802px\" \/><\/a><\/span><\/div><\/div><style type=\"text\/css\">.fusion-body .fusion-builder-column-1{width:100% !important;margin-top : 0px;margin-bottom : 0px;}.fusion-builder-column-1 > .fusion-column-wrapper {padding-top : 0 !important;padding-right : 0px !important;margin-right : 1.92%;padding-bottom : 0 !important;padding-left : 0px !important;margin-left : 1.92%;}@media only screen and (max-width:1200px) {.fusion-body .fusion-builder-column-1{width:100% !important;order : 0;}.fusion-builder-column-1 > .fusion-column-wrapper {margin-right : 1.92%;margin-left : 1.92%;}}@media only screen and (max-width:640px) {.fusion-body .fusion-builder-column-1{width:100% !important;order : 0;}.fusion-builder-column-1 > .fusion-column-wrapper {margin-right : 1.92%;margin-left : 1.92%;}}<\/style><\/div><\/div><style type=\"text\/css\">.fusion-body .fusion-flex-container.fusion-builder-row-1{ padding-top : 0px;margin-top : 0;padding-right : 0px;padding-bottom : 0px;margin-bottom : 0;padding-left : 0px;}<\/style><\/div>\n","protected":false},"excerpt":{"rendered":"<p>Con esta iniciativa, contribuimos al impulso de un modelo de empleo inclusivo en Galicia, que sea m\u00e1s justo, igualitario y sostenible.<\/p>\n","protected":false},"author":1,"featured_media":47878,"comment_status":"open","ping_status":"open","sticky":false,"template":"","format":"standard","meta":[],"categories":[109,87],"tags":[],"yoast_head":"<!-- This site is optimized with the Yoast SEO plugin v17.4 - https:\/\/yoast.com\/wordpress\/plugins\/seo\/ -->\n<title>Empleo inclusivo en Galicia \u2013 El compromiso de Plexus Tech<\/title>\n<meta name=\"description\" content=\"Plexus Tech refuerza su compromiso con el empleo inclusivo gracias al programa TR342C de la Xunta de Galicia.\" \/>\n<meta name=\"robots\" content=\"index, follow, max-snippet:-1, max-image-preview:large, max-video-preview:-1\" \/>\n<link rel=\"canonical\" href=\"https:\/\/www.plexus.es\/plexus-tech-empleo-inclusivo-galicia\/\" \/>\n<meta property=\"og:locale\" content=\"en_US\" \/>\n<meta property=\"og:type\" content=\"article\" \/>\n<meta property=\"og:title\" content=\"Empleo inclusivo en Galicia \u2013 El compromiso de Plexus Tech\" \/>\n<meta property=\"og:description\" content=\"Plexus Tech refuerza su compromiso con el empleo inclusivo gracias al programa TR342C de la Xunta de Galicia.\" \/>\n<meta property=\"og:url\" content=\"https:\/\/www.plexus.es\/plexus-tech-empleo-inclusivo-galicia\/\" \/>\n<meta property=\"og:site_name\" content=\"Plexus Tech\" \/>\n<meta property=\"article:publisher\" content=\"https:\/\/www.facebook.com\/Plexus.Techno\" \/>\n<meta property=\"article:published_time\" content=\"2025-06-03T15:31:34+00:00\" \/>\n<meta property=\"article:modified_time\" content=\"2025-06-04T09:40:21+00:00\" \/>\n<meta property=\"og:image\" content=\"https:\/\/www.plexus.es\/wp-content\/uploads\/2025\/06\/250603_SEPE_GALICIA-1.jpg\" \/>\n\t<meta property=\"og:image:width\" content=\"948\" \/>\n\t<meta property=\"og:image:height\" content=\"600\" \/>\n<meta name=\"twitter:card\" content=\"summary_large_image\" \/>\n<meta name=\"twitter:creator\" content=\"@plexustech_\" \/>\n<meta name=\"twitter:site\" content=\"@plexustech_\" \/>\n<meta name=\"twitter:label1\" content=\"Written by\" \/>\n\t<meta name=\"twitter:data1\" content=\"admin_plexus\" \/>\n\t<meta name=\"twitter:label2\" content=\"Est. reading time\" \/>\n\t<meta name=\"twitter:data2\" content=\"3 minutes\" \/>\n<script type=\"application\/ld+json\" class=\"yoast-schema-graph\">{\"@context\":\"https:\/\/schema.org\",\"@graph\":[{\"@type\":\"Organization\",\"@id\":\"https:\/\/www.plexus.es\/#organization\",\"name\":\"Plexus Tech\",\"url\":\"https:\/\/www.plexus.es\/\",\"sameAs\":[\"https:\/\/www.facebook.com\/Plexus.Techno\",\"https:\/\/www.instagram.com\/plexus.tech\/\",\"https:\/\/www.linkedin.com\/company\/plexus-tech\/mycompany\/\",\"https:\/\/www.youtube.com\/user\/tecnologiasplexus\",\"https:\/\/twitter.com\/plexustech_\"],\"logo\":{\"@type\":\"ImageObject\",\"@id\":\"https:\/\/www.plexus.es\/#logo\",\"inLanguage\":\"en-US\",\"url\":\"https:\/\/www.plexus.es\/wp-content\/uploads\/2021\/11\/logo-plexus-2021.png\",\"contentUrl\":\"https:\/\/www.plexus.es\/wp-content\/uploads\/2021\/11\/logo-plexus-2021.png\",\"width\":600,\"height\":600,\"caption\":\"Plexus Tech\"},\"image\":{\"@id\":\"https:\/\/www.plexus.es\/#logo\"}},{\"@type\":\"WebSite\",\"@id\":\"https:\/\/www.plexus.es\/#website\",\"url\":\"https:\/\/www.plexus.es\/\",\"name\":\"Plexus Tech\",\"description\":\"Tecnolog\\u00eda con Alma\",\"publisher\":{\"@id\":\"https:\/\/www.plexus.es\/#organization\"},\"potentialAction\":[{\"@type\":\"SearchAction\",\"target\":{\"@type\":\"EntryPoint\",\"urlTemplate\":\"https:\/\/www.plexus.es\/?s={search_term_string}\"},\"query-input\":\"required name=search_term_string\"}],\"inLanguage\":\"en-US\"},{\"@type\":\"ImageObject\",\"@id\":\"https:\/\/www.plexus.es\/plexus-tech-empleo-inclusivo-galicia\/#primaryimage\",\"inLanguage\":\"en-US\",\"url\":\"https:\/\/www.plexus.es\/wp-content\/uploads\/2025\/06\/250603_SEPE_GALICIA-1.jpg\",\"contentUrl\":\"https:\/\/www.plexus.es\/wp-content\/uploads\/2025\/06\/250603_SEPE_GALICIA-1.jpg\",\"width\":948,\"height\":600,\"caption\":\"En Plexus Tech seguimos creando oportunidades laborales para un empleo inclusivo en Galicia. Seguimos generando oportunidades de empleo juvenil en Ourense.\"},{\"@type\":\"WebPage\",\"@id\":\"https:\/\/www.plexus.es\/plexus-tech-empleo-inclusivo-galicia\/#webpage\",\"url\":\"https:\/\/www.plexus.es\/plexus-tech-empleo-inclusivo-galicia\/\",\"name\":\"Empleo inclusivo en Galicia \\u2013 El compromiso de Plexus Tech\",\"isPartOf\":{\"@id\":\"https:\/\/www.plexus.es\/#website\"},\"primaryImageOfPage\":{\"@id\":\"https:\/\/www.plexus.es\/plexus-tech-empleo-inclusivo-galicia\/#primaryimage\"},\"datePublished\":\"2025-06-03T15:31:34+00:00\",\"dateModified\":\"2025-06-04T09:40:21+00:00\",\"description\":\"Plexus Tech refuerza su compromiso con el empleo inclusivo gracias al programa TR342C de la Xunta de Galicia.\",\"breadcrumb\":{\"@id\":\"https:\/\/www.plexus.es\/plexus-tech-empleo-inclusivo-galicia\/#breadcrumb\"},\"inLanguage\":\"en-US\",\"potentialAction\":[{\"@type\":\"ReadAction\",\"target\":[\"https:\/\/www.plexus.es\/plexus-tech-empleo-inclusivo-galicia\/\"]}]},{\"@type\":\"BreadcrumbList\",\"@id\":\"https:\/\/www.plexus.es\/plexus-tech-empleo-inclusivo-galicia\/#breadcrumb\",\"itemListElement\":[{\"@type\":\"ListItem\",\"position\":1,\"name\":\"Home\",\"item\":\"https:\/\/www.plexus.es\/\"},{\"@type\":\"ListItem\",\"position\":2,\"name\":\"Seguimos creando oportunidades laborales inclusivas junto a la Xunta\"}]},{\"@type\":\"Article\",\"@id\":\"https:\/\/www.plexus.es\/plexus-tech-empleo-inclusivo-galicia\/#article\",\"isPartOf\":{\"@id\":\"https:\/\/www.plexus.es\/plexus-tech-empleo-inclusivo-galicia\/#webpage\"},\"author\":{\"@id\":\"https:\/\/www.plexus.es\/#\/schema\/person\/8f02d5ce6d7b659fa68b0e90317c5171\"},\"headline\":\"Seguimos creando oportunidades laborales inclusivas junto a la Xunta\",\"datePublished\":\"2025-06-03T15:31:34+00:00\",\"dateModified\":\"2025-06-04T09:40:21+00:00\",\"mainEntityOfPage\":{\"@id\":\"https:\/\/www.plexus.es\/plexus-tech-empleo-inclusivo-galicia\/#webpage\"},\"wordCount\":1280,\"commentCount\":0,\"publisher\":{\"@id\":\"https:\/\/www.plexus.es\/#organization\"},\"image\":{\"@id\":\"https:\/\/www.plexus.es\/plexus-tech-empleo-inclusivo-galicia\/#primaryimage\"},\"thumbnailUrl\":\"https:\/\/www.plexus.es\/wp-content\/uploads\/2025\/06\/250603_SEPE_GALICIA-1.jpg\",\"articleSection\":[\"Compromiso\",\"Talent\"],\"inLanguage\":\"en-US\",\"potentialAction\":[{\"@type\":\"CommentAction\",\"name\":\"Comment\",\"target\":[\"https:\/\/www.plexus.es\/plexus-tech-empleo-inclusivo-galicia\/#respond\"]}]},{\"@type\":\"Person\",\"@id\":\"https:\/\/www.plexus.es\/#\/schema\/person\/8f02d5ce6d7b659fa68b0e90317c5171\",\"name\":\"admin_plexus\",\"image\":{\"@type\":\"ImageObject\",\"@id\":\"https:\/\/www.plexus.es\/#personlogo\",\"inLanguage\":\"en-US\",\"url\":\"https:\/\/secure.gravatar.com\/avatar\/c1d7caf9a4063a74393abcf91991e9cd?s=96&d=mm&r=g\",\"contentUrl\":\"https:\/\/secure.gravatar.com\/avatar\/c1d7caf9a4063a74393abcf91991e9cd?s=96&d=mm&r=g\",\"caption\":\"admin_plexus\"},\"sameAs\":[\"https:\/\/www.plexus.es\"]}]}<\/script>\n<!-- \/ Yoast SEO plugin. -->","yoast_head_json":{"title":"Empleo inclusivo en Galicia \u2013 El compromiso de Plexus Tech","description":"Plexus Tech refuerza su compromiso con el empleo inclusivo gracias al programa TR342C de la Xunta de Galicia.","robots":{"index":"index","follow":"follow","max-snippet":"max-snippet:-1","max-image-preview":"max-image-preview:large","max-video-preview":"max-video-preview:-1"},"canonical":"https:\/\/www.plexus.es\/plexus-tech-empleo-inclusivo-galicia\/","og_locale":"en_US","og_type":"article","og_title":"Empleo inclusivo en Galicia \u2013 El compromiso de Plexus Tech","og_description":"Plexus Tech refuerza su compromiso con el empleo inclusivo gracias al programa TR342C de la Xunta de Galicia.","og_url":"https:\/\/www.plexus.es\/plexus-tech-empleo-inclusivo-galicia\/","og_site_name":"Plexus Tech","article_publisher":"https:\/\/www.facebook.com\/Plexus.Techno","article_published_time":"2025-06-03T15:31:34+00:00","article_modified_time":"2025-06-04T09:40:21+00:00","og_image":[{"width":948,"height":600,"url":"https:\/\/www.plexus.es\/wp-content\/uploads\/2025\/06\/250603_SEPE_GALICIA-1.jpg","type":"image\/jpeg"}],"twitter_card":"summary_large_image","twitter_creator":"@plexustech_","twitter_site":"@plexustech_","twitter_misc":{"Written by":"admin_plexus","Est. reading time":"3 minutes"},"schema":{"@context":"https:\/\/schema.org","@graph":[{"@type":"Organization","@id":"https:\/\/www.plexus.es\/#organization","name":"Plexus Tech","url":"https:\/\/www.plexus.es\/","sameAs":["https:\/\/www.facebook.com\/Plexus.Techno","https:\/\/www.instagram.com\/plexus.tech\/","https:\/\/www.linkedin.com\/company\/plexus-tech\/mycompany\/","https:\/\/www.youtube.com\/user\/tecnologiasplexus","https:\/\/twitter.com\/plexustech_"],"logo":{"@type":"ImageObject","@id":"https:\/\/www.plexus.es\/#logo","inLanguage":"en-US","url":"https:\/\/www.plexus.es\/wp-content\/uploads\/2021\/11\/logo-plexus-2021.png","contentUrl":"https:\/\/www.plexus.es\/wp-content\/uploads\/2021\/11\/logo-plexus-2021.png","width":600,"height":600,"caption":"Plexus Tech"},"image":{"@id":"https:\/\/www.plexus.es\/#logo"}},{"@type":"WebSite","@id":"https:\/\/www.plexus.es\/#website","url":"https:\/\/www.plexus.es\/","name":"Plexus Tech","description":"Tecnolog\u00eda con Alma","publisher":{"@id":"https:\/\/www.plexus.es\/#organization"},"potentialAction":[{"@type":"SearchAction","target":{"@type":"EntryPoint","urlTemplate":"https:\/\/www.plexus.es\/?s={search_term_string}"},"query-input":"required name=search_term_string"}],"inLanguage":"en-US"},{"@type":"ImageObject","@id":"https:\/\/www.plexus.es\/plexus-tech-empleo-inclusivo-galicia\/#primaryimage","inLanguage":"en-US","url":"https:\/\/www.plexus.es\/wp-content\/uploads\/2025\/06\/250603_SEPE_GALICIA-1.jpg","contentUrl":"https:\/\/www.plexus.es\/wp-content\/uploads\/2025\/06\/250603_SEPE_GALICIA-1.jpg","width":948,"height":600,"caption":"En Plexus Tech seguimos creando oportunidades laborales para un empleo inclusivo en Galicia. Seguimos generando oportunidades de empleo juvenil en Ourense."},{"@type":"WebPage","@id":"https:\/\/www.plexus.es\/plexus-tech-empleo-inclusivo-galicia\/#webpage","url":"https:\/\/www.plexus.es\/plexus-tech-empleo-inclusivo-galicia\/","name":"Empleo inclusivo en Galicia \u2013 El compromiso de Plexus Tech","isPartOf":{"@id":"https:\/\/www.plexus.es\/#website"},"primaryImageOfPage":{"@id":"https:\/\/www.plexus.es\/plexus-tech-empleo-inclusivo-galicia\/#primaryimage"},"datePublished":"2025-06-03T15:31:34+00:00","dateModified":"2025-06-04T09:40:21+00:00","description":"Plexus Tech refuerza su compromiso con el empleo inclusivo gracias al programa TR342C de la Xunta de Galicia.","breadcrumb":{"@id":"https:\/\/www.plexus.es\/plexus-tech-empleo-inclusivo-galicia\/#breadcrumb"},"inLanguage":"en-US","potentialAction":[{"@type":"ReadAction","target":["https:\/\/www.plexus.es\/plexus-tech-empleo-inclusivo-galicia\/"]}]},{"@type":"BreadcrumbList","@id":"https:\/\/www.plexus.es\/plexus-tech-empleo-inclusivo-galicia\/#breadcrumb","itemListElement":[{"@type":"ListItem","position":1,"name":"Home","item":"https:\/\/www.plexus.es\/"},{"@type":"ListItem","position":2,"name":"Seguimos creando oportunidades laborales inclusivas junto a la Xunta"}]},{"@type":"Article","@id":"https:\/\/www.plexus.es\/plexus-tech-empleo-inclusivo-galicia\/#article","isPartOf":{"@id":"https:\/\/www.plexus.es\/plexus-tech-empleo-inclusivo-galicia\/#webpage"},"author":{"@id":"https:\/\/www.plexus.es\/#\/schema\/person\/8f02d5ce6d7b659fa68b0e90317c5171"},"headline":"Seguimos creando oportunidades laborales inclusivas junto a la Xunta","datePublished":"2025-06-03T15:31:34+00:00","dateModified":"2025-06-04T09:40:21+00:00","mainEntityOfPage":{"@id":"https:\/\/www.plexus.es\/plexus-tech-empleo-inclusivo-galicia\/#webpage"},"wordCount":1280,"commentCount":0,"publisher":{"@id":"https:\/\/www.plexus.es\/#organization"},"image":{"@id":"https:\/\/www.plexus.es\/plexus-tech-empleo-inclusivo-galicia\/#primaryimage"},"thumbnailUrl":"https:\/\/www.plexus.es\/wp-content\/uploads\/2025\/06\/250603_SEPE_GALICIA-1.jpg","articleSection":["Compromiso","Talent"],"inLanguage":"en-US","potentialAction":[{"@type":"CommentAction","name":"Comment","target":["https:\/\/www.plexus.es\/plexus-tech-empleo-inclusivo-galicia\/#respond"]}]},{"@type":"Person","@id":"https:\/\/www.plexus.es\/#\/schema\/person\/8f02d5ce6d7b659fa68b0e90317c5171","name":"admin_plexus","image":{"@type":"ImageObject","@id":"https:\/\/www.plexus.es\/#personlogo","inLanguage":"en-US","url":"https:\/\/secure.gravatar.com\/avatar\/c1d7caf9a4063a74393abcf91991e9cd?s=96&d=mm&r=g","contentUrl":"https:\/\/secure.gravatar.com\/avatar\/c1d7caf9a4063a74393abcf91991e9cd?s=96&d=mm&r=g","caption":"admin_plexus"},"sameAs":["https:\/\/www.plexus.es"]}]}},"_links":{"self":[{"href":"https:\/\/www.plexus.es\/en\/wp-json\/wp\/v2\/posts\/47876"}],"collection":[{"href":"https:\/\/www.plexus.es\/en\/wp-json\/wp\/v2\/posts"}],"about":[{"href":"https:\/\/www.plexus.es\/en\/wp-json\/wp\/v2\/types\/post"}],"author":[{"embeddable":true,"href":"https:\/\/www.plexus.es\/en\/wp-json\/wp\/v2\/users\/1"}],"replies":[{"embeddable":true,"href":"https:\/\/www.plexus.es\/en\/wp-json\/wp\/v2\/comments?post=47876"}],"version-history":[{"count":11,"href":"https:\/\/www.plexus.es\/en\/wp-json\/wp\/v2\/posts\/47876\/revisions"}],"predecessor-version":[{"id":47933,"href":"https:\/\/www.plexus.es\/en\/wp-json\/wp\/v2\/posts\/47876\/revisions\/47933"}],"wp:featuredmedia":[{"embeddable":true,"href":"https:\/\/www.plexus.es\/en\/wp-json\/wp\/v2\/media\/47878"}],"wp:attachment":[{"href":"https:\/\/www.plexus.es\/en\/wp-json\/wp\/v2\/media?parent=47876"}],"wp:term":[{"taxonomy":"category","embeddable":true,"href":"https:\/\/www.plexus.es\/en\/wp-json\/wp\/v2\/categories?post=47876"},{"taxonomy":"post_tag","embeddable":true,"href":"https:\/\/www.plexus.es\/en\/wp-json\/wp\/v2\/tags?post=47876"}],"curies":[{"name":"wp","href":"https:\/\/api.w.org\/{rel}","templated":true}]}}