{"id":49865,"date":"2025-10-20T12:00:00","date_gmt":"2025-10-20T10:00:00","guid":{"rendered":"https:\/\/www.plexus.es\/?p=49865"},"modified":"2025-10-23T14:34:27","modified_gmt":"2025-10-23T12:34:27","slug":"ries-25-patrocinamos-evento-lider-ecosistema-sociosanitario","status":"publish","type":"post","link":"https:\/\/www.plexus.es\/en\/ries-25-patrocinamos-evento-lider-ecosistema-sociosanitario\/","title":{"rendered":"RIES 25: Patrocinamos el evento l\u00edder del ecosistema sociosanitario"},"content":{"rendered":"<div class=\"fusion-fullwidth fullwidth-box fusion-builder-row-1 fusion-flex-container container-detail-news plexus_css nonhundred-percent-fullwidth non-hundred-percent-height-scrolling\" style=\"background-color: rgba(255,255,255,0);background-position: center center;background-repeat: no-repeat;border-width: 0px 0px 0px 0px;border-color:#e8ebef;border-style:solid;\" ><div class=\"fusion-builder-row fusion-row fusion-flex-align-items-flex-start\" style=\"max-width:1310.4px;margin-left: calc(-4% \/ 2 );margin-right: calc(-4% \/ 2 );\"><div class=\"fusion-layout-column fusion_builder_column fusion-builder-column-0 fusion_builder_column_1_3 1_3 fusion-flex-column fusion-flex-align-self-stretch\"><div class=\"fusion-column-wrapper fusion-flex-justify-content-center fusion-content-layout-column\" style=\"background-position:left top;background-repeat:no-repeat;-webkit-background-size:cover;-moz-background-size:cover;-o-background-size:cover;background-size:cover;padding: 0px 0px 0px 0px;\"><div style=\"text-align:center;\"><span class=\" fusion-imageframe imageframe-none imageframe-1 hover-type-none\" style=\"border-radius:12px;margin-top:0px;margin-right:0px;margin-bottom:0px;margin-left:0px;\"><a class=\"fusion-no-lightbox\" href=\"https:\/\/www.linkedin.com\/posts\/plexus-tech_goodnews-gemelosdigitales-platgdia-activity-7146514515004735488-uBrB?utm_source=share&amp;utm_medium=member_desktop\" target=\"_self\" aria-label=\"Foto RIES 25 con Camelia\"><img width=\"1920\" height=\"1280\" alt=\"Plexus Tech estuvo presente en RIES 25, evento de referencia a nivel nacional e internacional en el ecosistema sociosanitario.\" src=\"https:\/\/www.plexus.es\/wp-content\/uploads\/2025\/10\/Foto-RIES-25-con-Camelia.jpg\" data-orig-src=\"https:\/\/www.plexus.es\/wp-content\/uploads\/2025\/10\/Foto-RIES-25-con-Camelia.jpg\" class=\"lazyload img-responsive wp-image-49885\" srcset=\"data:image\/svg+xml,%3Csvg%20xmlns%3D%27http%3A%2F%2Fwww.w3.org%2F2000%2Fsvg%27%20width%3D%271920%27%20height%3D%271280%27%20viewBox%3D%270%200%201920%201280%27%3E%3Crect%20width%3D%271920%27%20height%3D%271280%27%20fill-opacity%3D%220%22%2F%3E%3C%2Fsvg%3E\" data-srcset=\"https:\/\/www.plexus.es\/wp-content\/uploads\/2025\/10\/Foto-RIES-25-con-Camelia-200x133.jpg 200w, https:\/\/www.plexus.es\/wp-content\/uploads\/2025\/10\/Foto-RIES-25-con-Camelia-400x267.jpg 400w, https:\/\/www.plexus.es\/wp-content\/uploads\/2025\/10\/Foto-RIES-25-con-Camelia-600x400.jpg 600w, https:\/\/www.plexus.es\/wp-content\/uploads\/2025\/10\/Foto-RIES-25-con-Camelia-800x533.jpg 800w, https:\/\/www.plexus.es\/wp-content\/uploads\/2025\/10\/Foto-RIES-25-con-Camelia-1200x800.jpg 1200w, https:\/\/www.plexus.es\/wp-content\/uploads\/2025\/10\/Foto-RIES-25-con-Camelia.jpg 1920w\" data-sizes=\"auto\" data-orig-sizes=\"(max-width: 640px) 100vw, 400px\" \/><\/a><\/span><\/div><\/div><style type=\"text\/css\">.fusion-body .fusion-builder-column-0{width:33.333333333333% !important;margin-top : 0px;margin-bottom : 0px;}.fusion-builder-column-0 > .fusion-column-wrapper {padding-top : 0 !important;padding-right : 0px !important;margin-right : 5.76%;padding-bottom : 0 !important;padding-left : 0px !important;margin-left : 5.76%;}@media only screen and (max-width:1200px) {.fusion-body .fusion-builder-column-0{width:33.333333333333% !important;order : 0;}.fusion-builder-column-0 > .fusion-column-wrapper {margin-right : 5.76%;margin-left : 5.76%;}}@media only screen and (max-width:640px) {.fusion-body .fusion-builder-column-0{width:100% !important;order : 0;}.fusion-builder-column-0 > .fusion-column-wrapper {margin-right : 1.92%;margin-left : 1.92%;}}<\/style><\/div><div class=\"fusion-layout-column fusion_builder_column fusion-builder-column-1 fusion_builder_column_1_3 1_3 fusion-flex-column fusion-flex-align-self-stretch\"><div class=\"fusion-column-wrapper fusion-flex-justify-content-center fusion-content-layout-column\" style=\"background-position:left top;background-repeat:no-repeat;-webkit-background-size:cover;-moz-background-size:cover;-o-background-size:cover;background-size:cover;padding: 0px 0px 0px 0px;\"><div style=\"text-align:center;\"><span class=\" fusion-imageframe imageframe-none imageframe-2 hover-type-none\" style=\"border-radius:12px;margin-top:0px;margin-right:0px;margin-bottom:0px;margin-left:0px;\"><a class=\"fusion-no-lightbox\" href=\"https:\/\/www.linkedin.com\/posts\/plexus-tech_goodnews-gemelosdigitales-platgdia-activity-7146514515004735488-uBrB?utm_source=share&amp;utm_medium=member_desktop\" target=\"_self\" aria-label=\"Foto \u00c1gora Tem\u00e1tica RIES\"><img width=\"1920\" height=\"1280\" alt=\"\u00c1gora tem\u00e1tica sobre IA en la sanidad, patrocinada por Plexus Tech y dinamizada por Jos\u00e9 Manuel Chao, socio-director de Plexus Tech.\" src=\"https:\/\/www.plexus.es\/wp-content\/uploads\/2025\/10\/Foto-Agora-Tematica-RIES.jpg\" data-orig-src=\"https:\/\/www.plexus.es\/wp-content\/uploads\/2025\/10\/Foto-Agora-Tematica-RIES.jpg\" class=\"lazyload img-responsive wp-image-49873\" srcset=\"data:image\/svg+xml,%3Csvg%20xmlns%3D%27http%3A%2F%2Fwww.w3.org%2F2000%2Fsvg%27%20width%3D%271920%27%20height%3D%271280%27%20viewBox%3D%270%200%201920%201280%27%3E%3Crect%20width%3D%271920%27%20height%3D%271280%27%20fill-opacity%3D%220%22%2F%3E%3C%2Fsvg%3E\" data-srcset=\"https:\/\/www.plexus.es\/wp-content\/uploads\/2025\/10\/Foto-Agora-Tematica-RIES-200x133.jpg 200w, https:\/\/www.plexus.es\/wp-content\/uploads\/2025\/10\/Foto-Agora-Tematica-RIES-400x267.jpg 400w, https:\/\/www.plexus.es\/wp-content\/uploads\/2025\/10\/Foto-Agora-Tematica-RIES-600x400.jpg 600w, https:\/\/www.plexus.es\/wp-content\/uploads\/2025\/10\/Foto-Agora-Tematica-RIES-800x533.jpg 800w, https:\/\/www.plexus.es\/wp-content\/uploads\/2025\/10\/Foto-Agora-Tematica-RIES-1200x800.jpg 1200w, https:\/\/www.plexus.es\/wp-content\/uploads\/2025\/10\/Foto-Agora-Tematica-RIES.jpg 1920w\" data-sizes=\"auto\" data-orig-sizes=\"(max-width: 640px) 100vw, 400px\" \/><\/a><\/span><\/div><\/div><style type=\"text\/css\">.fusion-body .fusion-builder-column-1{width:33.333333333333% !important;margin-top : 0px;margin-bottom : 0px;}.fusion-builder-column-1 > .fusion-column-wrapper {padding-top : 0 !important;padding-right : 0px !important;margin-right : 5.76%;padding-bottom : 0 !important;padding-left : 0px !important;margin-left : 5.76%;}@media only screen and (max-width:1200px) {.fusion-body .fusion-builder-column-1{width:33.333333333333% !important;order : 0;}.fusion-builder-column-1 > .fusion-column-wrapper {margin-right : 5.76%;margin-left : 5.76%;}}@media only screen and (max-width:640px) {.fusion-body .fusion-builder-column-1{width:100% !important;order : 0;}.fusion-builder-column-1 > .fusion-column-wrapper {margin-right : 1.92%;margin-left : 1.92%;}}<\/style><\/div><div class=\"fusion-layout-column fusion_builder_column fusion-builder-column-2 fusion_builder_column_1_3 1_3 fusion-flex-column fusion-flex-align-self-stretch\"><div class=\"fusion-column-wrapper fusion-flex-justify-content-center fusion-content-layout-column\" style=\"background-position:left top;background-repeat:no-repeat;-webkit-background-size:cover;-moz-background-size:cover;-o-background-size:cover;background-size:cover;padding: 0px 0px 0px 0px;\"><div style=\"text-align:center;\"><span class=\" fusion-imageframe imageframe-none imageframe-3 hover-type-none\" style=\"border-radius:12px;margin-top:0px;margin-right:0px;margin-bottom:0px;margin-left:0px;\"><a class=\"fusion-no-lightbox\" href=\"https:\/\/www.linkedin.com\/posts\/plexus-tech_goodnews-gemelosdigitales-platgdia-activity-7146514515004735488-uBrB?utm_source=share&amp;utm_medium=member_desktop\" target=\"_self\" aria-label=\"Foto Mesa Redonda RIES\"><img width=\"1920\" height=\"1280\" alt=\"Mart\u00edn L\u00f3pez, executive director of Health &amp; Social Care de Plexus Tech, particip\u00f3 en la mesa redonda &quot;La salud de todos&quot; mostrando nuestra visi\u00f3n sobre el cambio en los sistemas asistenciales.\" src=\"https:\/\/www.plexus.es\/wp-content\/uploads\/2025\/10\/Foto-Mesa-Redonda-RIES.jpg\" data-orig-src=\"https:\/\/www.plexus.es\/wp-content\/uploads\/2025\/10\/Foto-Mesa-Redonda-RIES.jpg\" class=\"lazyload img-responsive wp-image-49879\" srcset=\"data:image\/svg+xml,%3Csvg%20xmlns%3D%27http%3A%2F%2Fwww.w3.org%2F2000%2Fsvg%27%20width%3D%271920%27%20height%3D%271280%27%20viewBox%3D%270%200%201920%201280%27%3E%3Crect%20width%3D%271920%27%20height%3D%271280%27%20fill-opacity%3D%220%22%2F%3E%3C%2Fsvg%3E\" data-srcset=\"https:\/\/www.plexus.es\/wp-content\/uploads\/2025\/10\/Foto-Mesa-Redonda-RIES-200x133.jpg 200w, https:\/\/www.plexus.es\/wp-content\/uploads\/2025\/10\/Foto-Mesa-Redonda-RIES-400x267.jpg 400w, https:\/\/www.plexus.es\/wp-content\/uploads\/2025\/10\/Foto-Mesa-Redonda-RIES-600x400.jpg 600w, https:\/\/www.plexus.es\/wp-content\/uploads\/2025\/10\/Foto-Mesa-Redonda-RIES-800x533.jpg 800w, https:\/\/www.plexus.es\/wp-content\/uploads\/2025\/10\/Foto-Mesa-Redonda-RIES-1200x800.jpg 1200w, https:\/\/www.plexus.es\/wp-content\/uploads\/2025\/10\/Foto-Mesa-Redonda-RIES.jpg 1920w\" data-sizes=\"auto\" data-orig-sizes=\"(max-width: 640px) 100vw, 400px\" \/><\/a><\/span><\/div><\/div><style type=\"text\/css\">.fusion-body .fusion-builder-column-2{width:33.333333333333% !important;margin-top : 0px;margin-bottom : 0px;}.fusion-builder-column-2 > .fusion-column-wrapper {padding-top : 0 !important;padding-right : 0px !important;margin-right : 5.76%;padding-bottom : 0 !important;padding-left : 0px !important;margin-left : 5.76%;}@media only screen and (max-width:1200px) {.fusion-body .fusion-builder-column-2{width:33.333333333333% !important;order : 0;}.fusion-builder-column-2 > .fusion-column-wrapper {margin-right : 5.76%;margin-left : 5.76%;}}@media only screen and (max-width:640px) {.fusion-body .fusion-builder-column-2{width:100% !important;order : 0;}.fusion-builder-column-2 > .fusion-column-wrapper {margin-right : 1.92%;margin-left : 1.92%;}}<\/style><\/div><div class=\"fusion-layout-column fusion_builder_column fusion-builder-column-3 fusion_builder_column_1_1 1_1 fusion-flex-column\"><div class=\"fusion-column-wrapper fusion-flex-justify-content-flex-start fusion-content-layout-column\" style=\"background-position:left top;background-repeat:no-repeat;-webkit-background-size:cover;-moz-background-size:cover;-o-background-size:cover;background-size:cover;padding: 0px 0px 0px 0px;\"><div class=\"fusion-text fusion-text-1\"><h2>Plexus Tech estuvo presente en RIES 25 para aportar nuestra experiencia en soluciones innovadoras de Medicina Personalizada y de Precisi\u00f3n, data e IA al servicio de la sanidad.<\/h2>\n<p>Los <strong>grandes desaf\u00edos del ecosistema sociosanitario <\/strong>a debate en <strong>RIES 25<\/strong>, y <strong>all\u00ed estuvimos desde Plexus Tech<\/strong>. En esta l\u00ednea, con nuestra experiencia en soluciones innovadoras como <strong><a href=\"https:\/\/www.plexus.es\/plexus-tech-tecnologia-servicio-salud\/\" target=\"_blank\" rel=\"noopener\">l\u00edderes en el sector salud<\/a>, patrocinamos y participamos<\/strong> en esta d\u00e9cima edici\u00f3n del <a href=\"https:\/\/forumries.com\/\" target=\"_blank\" rel=\"noopener\"><strong>evento de referencia<\/strong><\/a> a nivel nacional e internacional, que organiza cada a\u00f1o el Cl\u00faster Sa\u00fade de Galicia (CSG).<\/p>\n<p>Para ello, en esta d\u00e9cima edici\u00f3n, el encuentro se distribuy\u00f3 en dos intensas jornadas, cargadas de actividades. Bajo el lema<em> International Challenges of the Health Ecosystem<\/em>, <strong>participaron l\u00edderes del \u00e1mbito sanitario, tecnol\u00f3gico, institucional y cient\u00edfico<\/strong>.<\/p>\n<p>De este modo, en este gran foro de debate, <strong>pudimos aportar nuestra amplia experiencia en soluciones de innovaci\u00f3n.<\/strong> Principalmente, mostramos nuestros servicios centrados en:<\/p>\n<ul>\n<li><strong>Medicina Personalizada y de Precisi\u00f3n.<\/strong><\/li>\n<li><strong>Espacios de datos.<\/strong><\/li>\n<li><a href=\"https:\/\/www.plexus.es\/servicios\/ia\/\" target=\"_blank\" rel=\"noopener\"><strong>Inteligencia Artificial<\/strong> <\/a>al servicio de la Sanidad.<\/li>\n<\/ul>\n<h3>\u00c1gora tem\u00e1tica sobre IA, patrocinada por Plexus Tech.<\/h3>\n<p>En este sentido, nuestro <strong>momento destacado<\/strong> en RIES 25<strong> lleg\u00f3 con el \u00c1gora Tem\u00e1tica<\/strong>: <em>Impacto de la IA en la Asistencia Sanitaria: Realidades y Desaf\u00edos.\u00a0<\/em><\/p>\n<p>Esta sesi\u00f3n, que patrocinamos, estuvo <strong>dinamizada por nuestro socio-director Health &amp; Social Care, Jos\u00e9 Manuel Chao<\/strong>. As\u00ed, con su liderazgo, tratamos el papel de la IA en la medicina del presente y el futuro, junto a referentes del \u00e1mbito sanitario y tecnol\u00f3gico:<\/p>\n<ul>\n<li>Marcos Ortega, director del Grupo Varpa de la Universidad de A Coru\u00f1a (UDC).<\/li>\n<li>Jos\u00e9 Mar\u00eda Rodr\u00edguez M\u00e9ndez, director Corporativo de Procesos de Quir\u00f3nsalud.<\/li>\n<li>Benigno Ros\u00f3n, subdirector general de Sistemas e IT de la Conseller\u00eda de Sanidade.<\/li>\n<li>Alejandro Ramos, director de I+D de InVerbis Analytics.<\/li>\n<\/ul>\n<p>Adem\u00e1s, tambi\u00e9n <strong>participamos<\/strong> en la mesa redonda <em>La salud de los datos<\/em>. En ella, pudimos aportar nuestra visi\u00f3n con <strong>Mart\u00edn L\u00f3pez, executive director<\/strong> of Health &amp; Social Care de Plexus Tech.<\/p>\n<p>Y es que desde nuestra compa\u00f1\u00eda <strong>seguimos liderando el cambio hacia unos procesos y sistemas asistenciales m\u00e1s innovadores<\/strong>, tecnol\u00f3gicos y centrados en las personas.<\/p>\n<\/div><\/div><style type=\"text\/css\">.fusion-body .fusion-builder-column-3{width:100% !important;margin-top : 20px;margin-bottom : 20px;}.fusion-builder-column-3 > .fusion-column-wrapper {padding-top : 0px !important;padding-right : 0px !important;margin-right : 1.92%;padding-bottom : 0px !important;padding-left : 0px !important;margin-left : 1.92%;}@media only screen and (max-width:1200px) {.fusion-body .fusion-builder-column-3{width:100% !important;order : 0;}.fusion-builder-column-3 > .fusion-column-wrapper {margin-right : 1.92%;margin-left : 1.92%;}}@media only screen and (max-width:640px) {.fusion-body .fusion-builder-column-3{width:100% !important;order : 0;}.fusion-builder-column-3 > .fusion-column-wrapper {margin-right : 1.92%;margin-left : 1.92%;}}<\/style><\/div><\/div><style type=\"text\/css\">.fusion-body .fusion-flex-container.fusion-builder-row-1{ padding-top : 0px;margin-top : 0;padding-right : 0px;padding-bottom : 0px;margin-bottom : 0;padding-left : 0px;}<\/style><\/div>\n","protected":false},"excerpt":{"rendered":"<p>Aportamos nuestra experiencia en soluciones innovadoras de Medicina Personalizada y de Precisi\u00f3n, data e IA al servicio de la sanidad.<\/p>\n","protected":false},"author":1,"featured_media":49866,"comment_status":"open","ping_status":"open","sticky":false,"template":"","format":"standard","meta":[],"categories":[107,92,215],"tags":[],"yoast_head":"<!-- This site is optimized with the Yoast SEO plugin v17.4 - https:\/\/yoast.com\/wordpress\/plugins\/seo\/ -->\n<title>RIES 25: Patrocinamos el evento l\u00edder del ecosistema sociosanitario<\/title>\n<meta name=\"description\" content=\"Plexus Tech particip\u00f3 en RIES 25 para aportar su experiencia en soluciones de Medicina Personalizada y de Precisi\u00f3n, data e IA en salud.\" \/>\n<meta name=\"robots\" content=\"index, follow, max-snippet:-1, max-image-preview:large, max-video-preview:-1\" \/>\n<link rel=\"canonical\" href=\"https:\/\/www.plexus.es\/ries-25-patrocinamos-evento-lider-ecosistema-sociosanitario\/\" \/>\n<meta property=\"og:locale\" content=\"en_US\" \/>\n<meta property=\"og:type\" content=\"article\" \/>\n<meta property=\"og:title\" content=\"RIES 25: Patrocinamos el evento l\u00edder del ecosistema sociosanitario\" \/>\n<meta property=\"og:description\" content=\"Plexus Tech particip\u00f3 en RIES 25 para aportar su experiencia en soluciones de Medicina Personalizada y de Precisi\u00f3n, data e IA en salud.\" \/>\n<meta property=\"og:url\" content=\"https:\/\/www.plexus.es\/ries-25-patrocinamos-evento-lider-ecosistema-sociosanitario\/\" \/>\n<meta property=\"og:site_name\" content=\"Plexus Tech\" \/>\n<meta property=\"article:publisher\" content=\"https:\/\/www.facebook.com\/Plexus.Techno\" \/>\n<meta property=\"article:published_time\" content=\"2025-10-20T10:00:00+00:00\" \/>\n<meta property=\"article:modified_time\" content=\"2025-10-23T12:34:27+00:00\" \/>\n<meta property=\"og:image\" content=\"https:\/\/www.plexus.es\/wp-content\/uploads\/2025\/10\/Web-Noticia-RIES.png\" \/>\n\t<meta property=\"og:image:width\" content=\"807\" \/>\n\t<meta property=\"og:image:height\" content=\"601\" \/>\n<meta name=\"twitter:card\" content=\"summary_large_image\" \/>\n<meta name=\"twitter:creator\" content=\"@plexustech_\" \/>\n<meta name=\"twitter:site\" content=\"@plexustech_\" \/>\n<meta name=\"twitter:label1\" content=\"Written by\" \/>\n\t<meta name=\"twitter:data1\" content=\"admin_plexus\" \/>\n\t<meta name=\"twitter:label2\" content=\"Est. reading time\" \/>\n\t<meta name=\"twitter:data2\" content=\"5 minutes\" \/>\n<script type=\"application\/ld+json\" class=\"yoast-schema-graph\">{\"@context\":\"https:\/\/schema.org\",\"@graph\":[{\"@type\":\"Organization\",\"@id\":\"https:\/\/www.plexus.es\/#organization\",\"name\":\"Plexus Tech\",\"url\":\"https:\/\/www.plexus.es\/\",\"sameAs\":[\"https:\/\/www.facebook.com\/Plexus.Techno\",\"https:\/\/www.instagram.com\/plexus.tech\/\",\"https:\/\/www.linkedin.com\/company\/plexus-tech\/mycompany\/\",\"https:\/\/www.youtube.com\/user\/tecnologiasplexus\",\"https:\/\/twitter.com\/plexustech_\"],\"logo\":{\"@type\":\"ImageObject\",\"@id\":\"https:\/\/www.plexus.es\/#logo\",\"inLanguage\":\"en-US\",\"url\":\"https:\/\/www.plexus.es\/wp-content\/uploads\/2021\/11\/logo-plexus-2021.png\",\"contentUrl\":\"https:\/\/www.plexus.es\/wp-content\/uploads\/2021\/11\/logo-plexus-2021.png\",\"width\":600,\"height\":600,\"caption\":\"Plexus Tech\"},\"image\":{\"@id\":\"https:\/\/www.plexus.es\/#logo\"}},{\"@type\":\"WebSite\",\"@id\":\"https:\/\/www.plexus.es\/#website\",\"url\":\"https:\/\/www.plexus.es\/\",\"name\":\"Plexus Tech\",\"description\":\"Tecnolog\\u00eda con Alma\",\"publisher\":{\"@id\":\"https:\/\/www.plexus.es\/#organization\"},\"potentialAction\":[{\"@type\":\"SearchAction\",\"target\":{\"@type\":\"EntryPoint\",\"urlTemplate\":\"https:\/\/www.plexus.es\/?s={search_term_string}\"},\"query-input\":\"required name=search_term_string\"}],\"inLanguage\":\"en-US\"},{\"@type\":\"ImageObject\",\"@id\":\"https:\/\/www.plexus.es\/ries-25-patrocinamos-evento-lider-ecosistema-sociosanitario\/#primaryimage\",\"inLanguage\":\"en-US\",\"url\":\"https:\/\/www.plexus.es\/wp-content\/uploads\/2025\/10\/Web-Noticia-RIES.png\",\"contentUrl\":\"https:\/\/www.plexus.es\/wp-content\/uploads\/2025\/10\/Web-Noticia-RIES.png\",\"width\":807,\"height\":601,\"caption\":\"Plexus Tech estuvo presente en RIES 25, evento de referencia a nivel nacional e internacional en el ecosistema sociosanitario.\"},{\"@type\":\"WebPage\",\"@id\":\"https:\/\/www.plexus.es\/ries-25-patrocinamos-evento-lider-ecosistema-sociosanitario\/#webpage\",\"url\":\"https:\/\/www.plexus.es\/ries-25-patrocinamos-evento-lider-ecosistema-sociosanitario\/\",\"name\":\"RIES 25: Patrocinamos el evento l\\u00edder del ecosistema sociosanitario\",\"isPartOf\":{\"@id\":\"https:\/\/www.plexus.es\/#website\"},\"primaryImageOfPage\":{\"@id\":\"https:\/\/www.plexus.es\/ries-25-patrocinamos-evento-lider-ecosistema-sociosanitario\/#primaryimage\"},\"datePublished\":\"2025-10-20T10:00:00+00:00\",\"dateModified\":\"2025-10-23T12:34:27+00:00\",\"description\":\"Plexus Tech particip\\u00f3 en RIES 25 para aportar su experiencia en soluciones de Medicina Personalizada y de Precisi\\u00f3n, data e IA en salud.\",\"breadcrumb\":{\"@id\":\"https:\/\/www.plexus.es\/ries-25-patrocinamos-evento-lider-ecosistema-sociosanitario\/#breadcrumb\"},\"inLanguage\":\"en-US\",\"potentialAction\":[{\"@type\":\"ReadAction\",\"target\":[\"https:\/\/www.plexus.es\/ries-25-patrocinamos-evento-lider-ecosistema-sociosanitario\/\"]}]},{\"@type\":\"BreadcrumbList\",\"@id\":\"https:\/\/www.plexus.es\/ries-25-patrocinamos-evento-lider-ecosistema-sociosanitario\/#breadcrumb\",\"itemListElement\":[{\"@type\":\"ListItem\",\"position\":1,\"name\":\"Home\",\"item\":\"https:\/\/www.plexus.es\/\"},{\"@type\":\"ListItem\",\"position\":2,\"name\":\"RIES 25: Patrocinamos el evento l\\u00edder del ecosistema sociosanitario\"}]},{\"@type\":\"Article\",\"@id\":\"https:\/\/www.plexus.es\/ries-25-patrocinamos-evento-lider-ecosistema-sociosanitario\/#article\",\"isPartOf\":{\"@id\":\"https:\/\/www.plexus.es\/ries-25-patrocinamos-evento-lider-ecosistema-sociosanitario\/#webpage\"},\"author\":{\"@id\":\"https:\/\/www.plexus.es\/#\/schema\/person\/8f02d5ce6d7b659fa68b0e90317c5171\"},\"headline\":\"RIES 25: Patrocinamos el evento l\\u00edder del ecosistema sociosanitario\",\"datePublished\":\"2025-10-20T10:00:00+00:00\",\"dateModified\":\"2025-10-23T12:34:27+00:00\",\"mainEntityOfPage\":{\"@id\":\"https:\/\/www.plexus.es\/ries-25-patrocinamos-evento-lider-ecosistema-sociosanitario\/#webpage\"},\"wordCount\":2289,\"commentCount\":0,\"publisher\":{\"@id\":\"https:\/\/www.plexus.es\/#organization\"},\"image\":{\"@id\":\"https:\/\/www.plexus.es\/ries-25-patrocinamos-evento-lider-ecosistema-sociosanitario\/#primaryimage\"},\"thumbnailUrl\":\"https:\/\/www.plexus.es\/wp-content\/uploads\/2025\/10\/Web-Noticia-RIES.png\",\"articleSection\":[\"Eventos\",\"Health\",\"Tech&amp;Innovation\"],\"inLanguage\":\"en-US\",\"potentialAction\":[{\"@type\":\"CommentAction\",\"name\":\"Comment\",\"target\":[\"https:\/\/www.plexus.es\/ries-25-patrocinamos-evento-lider-ecosistema-sociosanitario\/#respond\"]}]},{\"@type\":\"Person\",\"@id\":\"https:\/\/www.plexus.es\/#\/schema\/person\/8f02d5ce6d7b659fa68b0e90317c5171\",\"name\":\"admin_plexus\",\"image\":{\"@type\":\"ImageObject\",\"@id\":\"https:\/\/www.plexus.es\/#personlogo\",\"inLanguage\":\"en-US\",\"url\":\"https:\/\/secure.gravatar.com\/avatar\/c1d7caf9a4063a74393abcf91991e9cd?s=96&d=mm&r=g\",\"contentUrl\":\"https:\/\/secure.gravatar.com\/avatar\/c1d7caf9a4063a74393abcf91991e9cd?s=96&d=mm&r=g\",\"caption\":\"admin_plexus\"},\"sameAs\":[\"https:\/\/www.plexus.es\"]}]}<\/script>\n<!-- \/ Yoast SEO plugin. -->","yoast_head_json":{"title":"RIES 25: Patrocinamos el evento l\u00edder del ecosistema sociosanitario","description":"Plexus Tech particip\u00f3 en RIES 25 para aportar su experiencia en soluciones de Medicina Personalizada y de Precisi\u00f3n, data e IA en salud.","robots":{"index":"index","follow":"follow","max-snippet":"max-snippet:-1","max-image-preview":"max-image-preview:large","max-video-preview":"max-video-preview:-1"},"canonical":"https:\/\/www.plexus.es\/ries-25-patrocinamos-evento-lider-ecosistema-sociosanitario\/","og_locale":"en_US","og_type":"article","og_title":"RIES 25: Patrocinamos el evento l\u00edder del ecosistema sociosanitario","og_description":"Plexus Tech particip\u00f3 en RIES 25 para aportar su experiencia en soluciones de Medicina Personalizada y de Precisi\u00f3n, data e IA en salud.","og_url":"https:\/\/www.plexus.es\/ries-25-patrocinamos-evento-lider-ecosistema-sociosanitario\/","og_site_name":"Plexus Tech","article_publisher":"https:\/\/www.facebook.com\/Plexus.Techno","article_published_time":"2025-10-20T10:00:00+00:00","article_modified_time":"2025-10-23T12:34:27+00:00","og_image":[{"width":807,"height":601,"url":"https:\/\/www.plexus.es\/wp-content\/uploads\/2025\/10\/Web-Noticia-RIES.png","type":"image\/png"}],"twitter_card":"summary_large_image","twitter_creator":"@plexustech_","twitter_site":"@plexustech_","twitter_misc":{"Written by":"admin_plexus","Est. reading time":"5 minutes"},"schema":{"@context":"https:\/\/schema.org","@graph":[{"@type":"Organization","@id":"https:\/\/www.plexus.es\/#organization","name":"Plexus Tech","url":"https:\/\/www.plexus.es\/","sameAs":["https:\/\/www.facebook.com\/Plexus.Techno","https:\/\/www.instagram.com\/plexus.tech\/","https:\/\/www.linkedin.com\/company\/plexus-tech\/mycompany\/","https:\/\/www.youtube.com\/user\/tecnologiasplexus","https:\/\/twitter.com\/plexustech_"],"logo":{"@type":"ImageObject","@id":"https:\/\/www.plexus.es\/#logo","inLanguage":"en-US","url":"https:\/\/www.plexus.es\/wp-content\/uploads\/2021\/11\/logo-plexus-2021.png","contentUrl":"https:\/\/www.plexus.es\/wp-content\/uploads\/2021\/11\/logo-plexus-2021.png","width":600,"height":600,"caption":"Plexus Tech"},"image":{"@id":"https:\/\/www.plexus.es\/#logo"}},{"@type":"WebSite","@id":"https:\/\/www.plexus.es\/#website","url":"https:\/\/www.plexus.es\/","name":"Plexus Tech","description":"Tecnolog\u00eda con Alma","publisher":{"@id":"https:\/\/www.plexus.es\/#organization"},"potentialAction":[{"@type":"SearchAction","target":{"@type":"EntryPoint","urlTemplate":"https:\/\/www.plexus.es\/?s={search_term_string}"},"query-input":"required name=search_term_string"}],"inLanguage":"en-US"},{"@type":"ImageObject","@id":"https:\/\/www.plexus.es\/ries-25-patrocinamos-evento-lider-ecosistema-sociosanitario\/#primaryimage","inLanguage":"en-US","url":"https:\/\/www.plexus.es\/wp-content\/uploads\/2025\/10\/Web-Noticia-RIES.png","contentUrl":"https:\/\/www.plexus.es\/wp-content\/uploads\/2025\/10\/Web-Noticia-RIES.png","width":807,"height":601,"caption":"Plexus Tech estuvo presente en RIES 25, evento de referencia a nivel nacional e internacional en el ecosistema sociosanitario."},{"@type":"WebPage","@id":"https:\/\/www.plexus.es\/ries-25-patrocinamos-evento-lider-ecosistema-sociosanitario\/#webpage","url":"https:\/\/www.plexus.es\/ries-25-patrocinamos-evento-lider-ecosistema-sociosanitario\/","name":"RIES 25: Patrocinamos el evento l\u00edder del ecosistema sociosanitario","isPartOf":{"@id":"https:\/\/www.plexus.es\/#website"},"primaryImageOfPage":{"@id":"https:\/\/www.plexus.es\/ries-25-patrocinamos-evento-lider-ecosistema-sociosanitario\/#primaryimage"},"datePublished":"2025-10-20T10:00:00+00:00","dateModified":"2025-10-23T12:34:27+00:00","description":"Plexus Tech particip\u00f3 en RIES 25 para aportar su experiencia en soluciones de Medicina Personalizada y de Precisi\u00f3n, data e IA en salud.","breadcrumb":{"@id":"https:\/\/www.plexus.es\/ries-25-patrocinamos-evento-lider-ecosistema-sociosanitario\/#breadcrumb"},"inLanguage":"en-US","potentialAction":[{"@type":"ReadAction","target":["https:\/\/www.plexus.es\/ries-25-patrocinamos-evento-lider-ecosistema-sociosanitario\/"]}]},{"@type":"BreadcrumbList","@id":"https:\/\/www.plexus.es\/ries-25-patrocinamos-evento-lider-ecosistema-sociosanitario\/#breadcrumb","itemListElement":[{"@type":"ListItem","position":1,"name":"Home","item":"https:\/\/www.plexus.es\/"},{"@type":"ListItem","position":2,"name":"RIES 25: Patrocinamos el evento l\u00edder del ecosistema sociosanitario"}]},{"@type":"Article","@id":"https:\/\/www.plexus.es\/ries-25-patrocinamos-evento-lider-ecosistema-sociosanitario\/#article","isPartOf":{"@id":"https:\/\/www.plexus.es\/ries-25-patrocinamos-evento-lider-ecosistema-sociosanitario\/#webpage"},"author":{"@id":"https:\/\/www.plexus.es\/#\/schema\/person\/8f02d5ce6d7b659fa68b0e90317c5171"},"headline":"RIES 25: Patrocinamos el evento l\u00edder del ecosistema sociosanitario","datePublished":"2025-10-20T10:00:00+00:00","dateModified":"2025-10-23T12:34:27+00:00","mainEntityOfPage":{"@id":"https:\/\/www.plexus.es\/ries-25-patrocinamos-evento-lider-ecosistema-sociosanitario\/#webpage"},"wordCount":2289,"commentCount":0,"publisher":{"@id":"https:\/\/www.plexus.es\/#organization"},"image":{"@id":"https:\/\/www.plexus.es\/ries-25-patrocinamos-evento-lider-ecosistema-sociosanitario\/#primaryimage"},"thumbnailUrl":"https:\/\/www.plexus.es\/wp-content\/uploads\/2025\/10\/Web-Noticia-RIES.png","articleSection":["Eventos","Health","Tech&amp;Innovation"],"inLanguage":"en-US","potentialAction":[{"@type":"CommentAction","name":"Comment","target":["https:\/\/www.plexus.es\/ries-25-patrocinamos-evento-lider-ecosistema-sociosanitario\/#respond"]}]},{"@type":"Person","@id":"https:\/\/www.plexus.es\/#\/schema\/person\/8f02d5ce6d7b659fa68b0e90317c5171","name":"admin_plexus","image":{"@type":"ImageObject","@id":"https:\/\/www.plexus.es\/#personlogo","inLanguage":"en-US","url":"https:\/\/secure.gravatar.com\/avatar\/c1d7caf9a4063a74393abcf91991e9cd?s=96&d=mm&r=g","contentUrl":"https:\/\/secure.gravatar.com\/avatar\/c1d7caf9a4063a74393abcf91991e9cd?s=96&d=mm&r=g","caption":"admin_plexus"},"sameAs":["https:\/\/www.plexus.es"]}]}},"_links":{"self":[{"href":"https:\/\/www.plexus.es\/en\/wp-json\/wp\/v2\/posts\/49865"}],"collection":[{"href":"https:\/\/www.plexus.es\/en\/wp-json\/wp\/v2\/posts"}],"about":[{"href":"https:\/\/www.plexus.es\/en\/wp-json\/wp\/v2\/types\/post"}],"author":[{"embeddable":true,"href":"https:\/\/www.plexus.es\/en\/wp-json\/wp\/v2\/users\/1"}],"replies":[{"embeddable":true,"href":"https:\/\/www.plexus.es\/en\/wp-json\/wp\/v2\/comments?post=49865"}],"version-history":[{"count":1,"href":"https:\/\/www.plexus.es\/en\/wp-json\/wp\/v2\/posts\/49865\/revisions"}],"predecessor-version":[{"id":49890,"href":"https:\/\/www.plexus.es\/en\/wp-json\/wp\/v2\/posts\/49865\/revisions\/49890"}],"wp:featuredmedia":[{"embeddable":true,"href":"https:\/\/www.plexus.es\/en\/wp-json\/wp\/v2\/media\/49866"}],"wp:attachment":[{"href":"https:\/\/www.plexus.es\/en\/wp-json\/wp\/v2\/media?parent=49865"}],"wp:term":[{"taxonomy":"category","embeddable":true,"href":"https:\/\/www.plexus.es\/en\/wp-json\/wp\/v2\/categories?post=49865"},{"taxonomy":"post_tag","embeddable":true,"href":"https:\/\/www.plexus.es\/en\/wp-json\/wp\/v2\/tags?post=49865"}],"curies":[{"name":"wp","href":"https:\/\/api.w.org\/{rel}","templated":true}]}}