{"id":52051,"date":"2026-04-02T12:00:40","date_gmt":"2026-04-02T10:00:40","guid":{"rendered":"https:\/\/www.plexus.es\/?p=52051"},"modified":"2026-04-08T13:41:06","modified_gmt":"2026-04-08T11:41:06","slug":"debate-sistema-sanitario-inforsalud-seis-plexus-tech","status":"publish","type":"post","link":"https:\/\/www.plexus.es\/en\/debate-sistema-sanitario-inforsalud-seis-plexus-tech\/","title":{"rendered":"Participamos en el debate sobre el presente y futuro del sistema sanitario"},"content":{"rendered":"<div class=\"fusion-fullwidth fullwidth-box fusion-builder-row-1 fusion-flex-container container-detail-news plexus_css nonhundred-percent-fullwidth non-hundred-percent-height-scrolling\" style=\"background-color: rgba(255,255,255,0);background-position: center center;background-repeat: no-repeat;border-width: 0px 0px 0px 0px;border-color:#e8ebef;border-style:solid;\" ><div class=\"fusion-builder-row fusion-row fusion-flex-align-items-flex-start\" style=\"max-width:1310.4px;margin-left: calc(-4% \/ 2 );margin-right: calc(-4% \/ 2 );\"><div class=\"fusion-layout-column fusion_builder_column fusion-builder-column-0 fusion_builder_column_1_1 1_1 fusion-flex-column fusion-flex-align-self-stretch\"><div class=\"fusion-column-wrapper fusion-flex-justify-content-center fusion-content-layout-column\" style=\"background-position:left top;background-repeat:no-repeat;-webkit-background-size:cover;-moz-background-size:cover;-o-background-size:cover;background-size:cover;padding: 0px 0px 0px 0px;\"><div style=\"text-align:center;\"><span class=\" fusion-imageframe imageframe-none imageframe-1 hover-type-none\" style=\"border-radius:12px;margin-top:0px;margin-right:0px;margin-bottom:0px;margin-left:0px;\"><a class=\"fusion-no-lightbox\" href=\"https:\/\/www.linkedin.com\/posts\/plexus-tech_goodnews-gemelosdigitales-platgdia-activity-7146514515004735488-uBrB?utm_source=share&amp;utm_medium=member_desktop\" target=\"_self\" aria-label=\"Inforsalud\"><img width=\"800\" height=\"555\" alt=\"Jos\u00e9 Manuel Chao, Martin L\u00f3pez y Pablo Fernandez \" src=\"https:\/\/www.plexus.es\/wp-content\/uploads\/2026\/04\/Inforsalud.jpg\" data-orig-src=\"https:\/\/www.plexus.es\/wp-content\/uploads\/2026\/04\/Inforsalud.jpg\" class=\"lazyload img-responsive wp-image-52060\" srcset=\"data:image\/svg+xml,%3Csvg%20xmlns%3D%27http%3A%2F%2Fwww.w3.org%2F2000%2Fsvg%27%20width%3D%27800%27%20height%3D%27555%27%20viewBox%3D%270%200%20800%20555%27%3E%3Crect%20width%3D%27800%27%20height%3D%27555%27%20fill-opacity%3D%220%22%2F%3E%3C%2Fsvg%3E\" data-srcset=\"https:\/\/www.plexus.es\/wp-content\/uploads\/2026\/04\/Inforsalud-200x139.jpg 200w, https:\/\/www.plexus.es\/wp-content\/uploads\/2026\/04\/Inforsalud-400x278.jpg 400w, https:\/\/www.plexus.es\/wp-content\/uploads\/2026\/04\/Inforsalud-600x416.jpg 600w, https:\/\/www.plexus.es\/wp-content\/uploads\/2026\/04\/Inforsalud.jpg 800w\" data-sizes=\"auto\" data-orig-sizes=\"(max-width: 640px) 100vw, 800px\" \/><\/a><\/span><\/div><\/div><style type=\"text\/css\">.fusion-body .fusion-builder-column-0{width:100% !important;margin-top : 0px;margin-bottom : 0px;}.fusion-builder-column-0 > .fusion-column-wrapper {padding-top : 0 !important;padding-right : 0px !important;margin-right : 1.92%;padding-bottom : 0 !important;padding-left : 0px !important;margin-left : 1.92%;}@media only screen and (max-width:1200px) {.fusion-body .fusion-builder-column-0{width:100% !important;order : 0;}.fusion-builder-column-0 > .fusion-column-wrapper {margin-right : 1.92%;margin-left : 1.92%;}}@media only screen and (max-width:640px) {.fusion-body .fusion-builder-column-0{width:100% !important;order : 0;}.fusion-builder-column-0 > .fusion-column-wrapper {margin-right : 1.92%;margin-left : 1.92%;}}<\/style><\/div><div class=\"fusion-layout-column fusion_builder_column fusion-builder-column-1 fusion_builder_column_1_1 1_1 fusion-flex-column\"><div class=\"fusion-column-wrapper fusion-flex-justify-content-flex-start fusion-content-layout-column\" style=\"background-position:left top;background-repeat:no-repeat;-webkit-background-size:cover;-moz-background-size:cover;-o-background-size:cover;background-size:cover;padding: 0px 0px 0px 0px;\"><div class=\"fusion-text fusion-text-1\"><h2>Estuvimos presentes en el congreso de referencia sobre el sistema sanitario Inforsalud 2026, organizado por la Sociedad Espa\u00f1ola de Inform\u00e1tica de la Salud.<\/h2>\n<p>C\u00f3mo construir <strong>una salud m\u00e1s conectada, eficiente y centrada en las personas.<\/strong> Bajo esa conversaci\u00f3n clave para el presente y futuro del sistema sanitario se llev\u00f3 a cabo el <a href=\"https:\/\/seis.es\/inforsalud-2026\/\" target=\"_blank\" rel=\"noopener\">XXIX Congreso Nacional de Inform\u00e1tica de Salud<\/a> (Inforsalud 2026). Un foro de referencia en el que, una vez m\u00e1s, Plexus Tech estuvo presente.<\/p>\n<p>El evento, celebrado el 24, 25 y 26 de marzo en Madrid, gir\u00f3 en torno a un gran reto de fondo: <strong>hacer balance de los avances logrados en la Estrategia de Salud Digital 2021\u20132026 y mirar ya hacia la siguiente etapa.<\/strong><\/p>\n<p>En este sentido, la <strong>Sociedad Espa\u00f1ola de Inform\u00e1tica de la Salud (SEIS) <\/strong>centr\u00f3 el debate las <strong>principales herramientas que marcar\u00e1n la sanidad del futuro:<\/strong><\/p>\n<ul>\n<li>La interoperabilidad.<\/li>\n<li>El dato.<\/li>\n<li>La ciberseguridad.<\/li>\n<li>La accesibilidad.<\/li>\n<li>Y la aplicaci\u00f3n real de la inteligencia artificial en salud.<\/li>\n<\/ul>\n<p>Tratando todo ello, <strong>Plexus Tech particip\u00f3 con una representaci\u00f3n de nuestro equipo del <a href=\"https:\/\/www.plexus.es\/category\/sanidad\/\" target=\"_blank\" rel=\"noopener\">\u00e1rea de salud<\/a><\/strong>. De la mano de Jos\u00e9 Manuel Chao, Martin L\u00f3pez y Pablo Fernandez compartimos espacio con profesionales, instituciones y organizaciones que, como nuestra compa\u00f1\u00eda, est\u00e1n <strong>impulsando la transformaci\u00f3n digital del sistema sanitario en Espa\u00f1a.<\/strong><\/p>\n<\/div><\/div><style type=\"text\/css\">.fusion-body .fusion-builder-column-1{width:100% !important;margin-top : 20px;margin-bottom : 20px;}.fusion-builder-column-1 > .fusion-column-wrapper {padding-top : 0px !important;padding-right : 0px !important;margin-right : 1.92%;padding-bottom : 0px !important;padding-left : 0px !important;margin-left : 1.92%;}@media only screen and (max-width:1200px) {.fusion-body .fusion-builder-column-1{width:100% !important;order : 0;}.fusion-builder-column-1 > .fusion-column-wrapper {margin-right : 1.92%;margin-left : 1.92%;}}@media only screen and (max-width:640px) {.fusion-body .fusion-builder-column-1{width:100% !important;order : 0;}.fusion-builder-column-1 > .fusion-column-wrapper {margin-right : 1.92%;margin-left : 1.92%;}}<\/style><\/div><\/div><style type=\"text\/css\">.fusion-body .fusion-flex-container.fusion-builder-row-1{ padding-top : 0px;margin-top : 0;padding-right : 0px;padding-bottom : 0px;margin-bottom : 0;padding-left : 0px;}<\/style><\/div>\n","protected":false},"excerpt":{"rendered":"<p>Plexus Tech estuvo presente en el congreso de referencia Inforsalud 2026, organizado por la Sociedad Espa\u00f1ola de Inform\u00e1tica de la Salud.<\/p>\n","protected":false},"author":1,"featured_media":52053,"comment_status":"open","ping_status":"open","sticky":false,"template":"","format":"standard","meta":[],"categories":[107,209,92,215],"tags":[],"yoast_head":"<!-- This site is optimized with the Yoast SEO plugin v17.4 - https:\/\/yoast.com\/wordpress\/plugins\/seo\/ -->\n<title>Participamos en el debate sobre el presente y futuro del sistema sanitario<\/title>\n<meta name=\"description\" content=\"Plexus Tech particip\u00f3 en el congreso de referencia sobre el sistema sanitario, Inforsalud, de la Sociedad Espa\u00f1ola de Inform\u00e1tica de la Salud.\" \/>\n<meta name=\"robots\" content=\"index, follow, max-snippet:-1, max-image-preview:large, max-video-preview:-1\" \/>\n<link rel=\"canonical\" href=\"https:\/\/www.plexus.es\/debate-sistema-sanitario-inforsalud-seis-plexus-tech\/\" \/>\n<meta property=\"og:locale\" content=\"en_US\" \/>\n<meta property=\"og:type\" content=\"article\" \/>\n<meta property=\"og:title\" content=\"Participamos en el debate sobre el presente y futuro del sistema sanitario\" \/>\n<meta property=\"og:description\" content=\"Plexus Tech particip\u00f3 en el congreso de referencia sobre el sistema sanitario, Inforsalud, de la Sociedad Espa\u00f1ola de Inform\u00e1tica de la Salud.\" \/>\n<meta property=\"og:url\" content=\"https:\/\/www.plexus.es\/debate-sistema-sanitario-inforsalud-seis-plexus-tech\/\" \/>\n<meta property=\"og:site_name\" content=\"Plexus Tech\" \/>\n<meta property=\"article:publisher\" content=\"https:\/\/www.facebook.com\/Plexus.Techno\" \/>\n<meta property=\"article:published_time\" content=\"2026-04-02T10:00:40+00:00\" \/>\n<meta property=\"article:modified_time\" content=\"2026-04-08T11:41:06+00:00\" \/>\n<meta property=\"og:image\" content=\"https:\/\/www.plexus.es\/wp-content\/uploads\/2026\/04\/Congreso-Inforsalud-2026_Portada.jpg\" \/>\n\t<meta property=\"og:image:width\" content=\"948\" \/>\n\t<meta property=\"og:image:height\" content=\"600\" \/>\n<meta name=\"twitter:card\" content=\"summary_large_image\" \/>\n<meta name=\"twitter:creator\" content=\"@plexustech_\" \/>\n<meta name=\"twitter:site\" content=\"@plexustech_\" \/>\n<meta name=\"twitter:label1\" content=\"Written by\" \/>\n\t<meta name=\"twitter:data1\" content=\"admin_plexus\" \/>\n\t<meta name=\"twitter:label2\" content=\"Est. reading time\" \/>\n\t<meta name=\"twitter:data2\" content=\"3 minutes\" \/>\n<script type=\"application\/ld+json\" class=\"yoast-schema-graph\">{\"@context\":\"https:\/\/schema.org\",\"@graph\":[{\"@type\":\"Organization\",\"@id\":\"https:\/\/www.plexus.es\/#organization\",\"name\":\"Plexus Tech\",\"url\":\"https:\/\/www.plexus.es\/\",\"sameAs\":[\"https:\/\/www.facebook.com\/Plexus.Techno\",\"https:\/\/www.instagram.com\/plexus.tech\/\",\"https:\/\/www.linkedin.com\/company\/plexus-tech\/mycompany\/\",\"https:\/\/www.youtube.com\/user\/tecnologiasplexus\",\"https:\/\/twitter.com\/plexustech_\"],\"logo\":{\"@type\":\"ImageObject\",\"@id\":\"https:\/\/www.plexus.es\/#logo\",\"inLanguage\":\"en-US\",\"url\":\"https:\/\/www.plexus.es\/wp-content\/uploads\/2021\/11\/logo-plexus-2021.png\",\"contentUrl\":\"https:\/\/www.plexus.es\/wp-content\/uploads\/2021\/11\/logo-plexus-2021.png\",\"width\":600,\"height\":600,\"caption\":\"Plexus Tech\"},\"image\":{\"@id\":\"https:\/\/www.plexus.es\/#logo\"}},{\"@type\":\"WebSite\",\"@id\":\"https:\/\/www.plexus.es\/#website\",\"url\":\"https:\/\/www.plexus.es\/\",\"name\":\"Plexus Tech\",\"description\":\"Tecnolog\\u00eda con Alma\",\"publisher\":{\"@id\":\"https:\/\/www.plexus.es\/#organization\"},\"potentialAction\":[{\"@type\":\"SearchAction\",\"target\":{\"@type\":\"EntryPoint\",\"urlTemplate\":\"https:\/\/www.plexus.es\/?s={search_term_string}\"},\"query-input\":\"required name=search_term_string\"}],\"inLanguage\":\"en-US\"},{\"@type\":\"ImageObject\",\"@id\":\"https:\/\/www.plexus.es\/debate-sistema-sanitario-inforsalud-seis-plexus-tech\/#primaryimage\",\"inLanguage\":\"en-US\",\"url\":\"https:\/\/www.plexus.es\/wp-content\/uploads\/2026\/04\/Congreso-Inforsalud-2026_Portada.jpg\",\"contentUrl\":\"https:\/\/www.plexus.es\/wp-content\/uploads\/2026\/04\/Congreso-Inforsalud-2026_Portada.jpg\",\"width\":948,\"height\":600},{\"@type\":\"WebPage\",\"@id\":\"https:\/\/www.plexus.es\/debate-sistema-sanitario-inforsalud-seis-plexus-tech\/#webpage\",\"url\":\"https:\/\/www.plexus.es\/debate-sistema-sanitario-inforsalud-seis-plexus-tech\/\",\"name\":\"Participamos en el debate sobre el presente y futuro del sistema sanitario\",\"isPartOf\":{\"@id\":\"https:\/\/www.plexus.es\/#website\"},\"primaryImageOfPage\":{\"@id\":\"https:\/\/www.plexus.es\/debate-sistema-sanitario-inforsalud-seis-plexus-tech\/#primaryimage\"},\"datePublished\":\"2026-04-02T10:00:40+00:00\",\"dateModified\":\"2026-04-08T11:41:06+00:00\",\"description\":\"Plexus Tech particip\\u00f3 en el congreso de referencia sobre el sistema sanitario, Inforsalud, de la Sociedad Espa\\u00f1ola de Inform\\u00e1tica de la Salud.\",\"breadcrumb\":{\"@id\":\"https:\/\/www.plexus.es\/debate-sistema-sanitario-inforsalud-seis-plexus-tech\/#breadcrumb\"},\"inLanguage\":\"en-US\",\"potentialAction\":[{\"@type\":\"ReadAction\",\"target\":[\"https:\/\/www.plexus.es\/debate-sistema-sanitario-inforsalud-seis-plexus-tech\/\"]}]},{\"@type\":\"BreadcrumbList\",\"@id\":\"https:\/\/www.plexus.es\/debate-sistema-sanitario-inforsalud-seis-plexus-tech\/#breadcrumb\",\"itemListElement\":[{\"@type\":\"ListItem\",\"position\":1,\"name\":\"Home\",\"item\":\"https:\/\/www.plexus.es\/\"},{\"@type\":\"ListItem\",\"position\":2,\"name\":\"Participamos en el debate sobre el presente y futuro del sistema sanitario\"}]},{\"@type\":\"Article\",\"@id\":\"https:\/\/www.plexus.es\/debate-sistema-sanitario-inforsalud-seis-plexus-tech\/#article\",\"isPartOf\":{\"@id\":\"https:\/\/www.plexus.es\/debate-sistema-sanitario-inforsalud-seis-plexus-tech\/#webpage\"},\"author\":{\"@id\":\"https:\/\/www.plexus.es\/#\/schema\/person\/8f02d5ce6d7b659fa68b0e90317c5171\"},\"headline\":\"Participamos en el debate sobre el presente y futuro del sistema sanitario\",\"datePublished\":\"2026-04-02T10:00:40+00:00\",\"dateModified\":\"2026-04-08T11:41:06+00:00\",\"mainEntityOfPage\":{\"@id\":\"https:\/\/www.plexus.es\/debate-sistema-sanitario-inforsalud-seis-plexus-tech\/#webpage\"},\"wordCount\":1311,\"commentCount\":0,\"publisher\":{\"@id\":\"https:\/\/www.plexus.es\/#organization\"},\"image\":{\"@id\":\"https:\/\/www.plexus.es\/debate-sistema-sanitario-inforsalud-seis-plexus-tech\/#primaryimage\"},\"thumbnailUrl\":\"https:\/\/www.plexus.es\/wp-content\/uploads\/2026\/04\/Congreso-Inforsalud-2026_Portada.jpg\",\"articleSection\":[\"Eventos\",\"News\",\"Health\",\"Tech&amp;Innovation\"],\"inLanguage\":\"en-US\",\"potentialAction\":[{\"@type\":\"CommentAction\",\"name\":\"Comment\",\"target\":[\"https:\/\/www.plexus.es\/debate-sistema-sanitario-inforsalud-seis-plexus-tech\/#respond\"]}]},{\"@type\":\"Person\",\"@id\":\"https:\/\/www.plexus.es\/#\/schema\/person\/8f02d5ce6d7b659fa68b0e90317c5171\",\"name\":\"admin_plexus\",\"image\":{\"@type\":\"ImageObject\",\"@id\":\"https:\/\/www.plexus.es\/#personlogo\",\"inLanguage\":\"en-US\",\"url\":\"https:\/\/secure.gravatar.com\/avatar\/c1d7caf9a4063a74393abcf91991e9cd?s=96&d=mm&r=g\",\"contentUrl\":\"https:\/\/secure.gravatar.com\/avatar\/c1d7caf9a4063a74393abcf91991e9cd?s=96&d=mm&r=g\",\"caption\":\"admin_plexus\"},\"sameAs\":[\"https:\/\/www.plexus.es\"]}]}<\/script>\n<!-- \/ Yoast SEO plugin. -->","yoast_head_json":{"title":"Participamos en el debate sobre el presente y futuro del sistema sanitario","description":"Plexus Tech particip\u00f3 en el congreso de referencia sobre el sistema sanitario, Inforsalud, de la Sociedad Espa\u00f1ola de Inform\u00e1tica de la Salud.","robots":{"index":"index","follow":"follow","max-snippet":"max-snippet:-1","max-image-preview":"max-image-preview:large","max-video-preview":"max-video-preview:-1"},"canonical":"https:\/\/www.plexus.es\/debate-sistema-sanitario-inforsalud-seis-plexus-tech\/","og_locale":"en_US","og_type":"article","og_title":"Participamos en el debate sobre el presente y futuro del sistema sanitario","og_description":"Plexus Tech particip\u00f3 en el congreso de referencia sobre el sistema sanitario, Inforsalud, de la Sociedad Espa\u00f1ola de Inform\u00e1tica de la Salud.","og_url":"https:\/\/www.plexus.es\/debate-sistema-sanitario-inforsalud-seis-plexus-tech\/","og_site_name":"Plexus Tech","article_publisher":"https:\/\/www.facebook.com\/Plexus.Techno","article_published_time":"2026-04-02T10:00:40+00:00","article_modified_time":"2026-04-08T11:41:06+00:00","og_image":[{"width":948,"height":600,"url":"https:\/\/www.plexus.es\/wp-content\/uploads\/2026\/04\/Congreso-Inforsalud-2026_Portada.jpg","type":"image\/jpeg"}],"twitter_card":"summary_large_image","twitter_creator":"@plexustech_","twitter_site":"@plexustech_","twitter_misc":{"Written by":"admin_plexus","Est. reading time":"3 minutes"},"schema":{"@context":"https:\/\/schema.org","@graph":[{"@type":"Organization","@id":"https:\/\/www.plexus.es\/#organization","name":"Plexus Tech","url":"https:\/\/www.plexus.es\/","sameAs":["https:\/\/www.facebook.com\/Plexus.Techno","https:\/\/www.instagram.com\/plexus.tech\/","https:\/\/www.linkedin.com\/company\/plexus-tech\/mycompany\/","https:\/\/www.youtube.com\/user\/tecnologiasplexus","https:\/\/twitter.com\/plexustech_"],"logo":{"@type":"ImageObject","@id":"https:\/\/www.plexus.es\/#logo","inLanguage":"en-US","url":"https:\/\/www.plexus.es\/wp-content\/uploads\/2021\/11\/logo-plexus-2021.png","contentUrl":"https:\/\/www.plexus.es\/wp-content\/uploads\/2021\/11\/logo-plexus-2021.png","width":600,"height":600,"caption":"Plexus Tech"},"image":{"@id":"https:\/\/www.plexus.es\/#logo"}},{"@type":"WebSite","@id":"https:\/\/www.plexus.es\/#website","url":"https:\/\/www.plexus.es\/","name":"Plexus Tech","description":"Tecnolog\u00eda con Alma","publisher":{"@id":"https:\/\/www.plexus.es\/#organization"},"potentialAction":[{"@type":"SearchAction","target":{"@type":"EntryPoint","urlTemplate":"https:\/\/www.plexus.es\/?s={search_term_string}"},"query-input":"required name=search_term_string"}],"inLanguage":"en-US"},{"@type":"ImageObject","@id":"https:\/\/www.plexus.es\/debate-sistema-sanitario-inforsalud-seis-plexus-tech\/#primaryimage","inLanguage":"en-US","url":"https:\/\/www.plexus.es\/wp-content\/uploads\/2026\/04\/Congreso-Inforsalud-2026_Portada.jpg","contentUrl":"https:\/\/www.plexus.es\/wp-content\/uploads\/2026\/04\/Congreso-Inforsalud-2026_Portada.jpg","width":948,"height":600},{"@type":"WebPage","@id":"https:\/\/www.plexus.es\/debate-sistema-sanitario-inforsalud-seis-plexus-tech\/#webpage","url":"https:\/\/www.plexus.es\/debate-sistema-sanitario-inforsalud-seis-plexus-tech\/","name":"Participamos en el debate sobre el presente y futuro del sistema sanitario","isPartOf":{"@id":"https:\/\/www.plexus.es\/#website"},"primaryImageOfPage":{"@id":"https:\/\/www.plexus.es\/debate-sistema-sanitario-inforsalud-seis-plexus-tech\/#primaryimage"},"datePublished":"2026-04-02T10:00:40+00:00","dateModified":"2026-04-08T11:41:06+00:00","description":"Plexus Tech particip\u00f3 en el congreso de referencia sobre el sistema sanitario, Inforsalud, de la Sociedad Espa\u00f1ola de Inform\u00e1tica de la Salud.","breadcrumb":{"@id":"https:\/\/www.plexus.es\/debate-sistema-sanitario-inforsalud-seis-plexus-tech\/#breadcrumb"},"inLanguage":"en-US","potentialAction":[{"@type":"ReadAction","target":["https:\/\/www.plexus.es\/debate-sistema-sanitario-inforsalud-seis-plexus-tech\/"]}]},{"@type":"BreadcrumbList","@id":"https:\/\/www.plexus.es\/debate-sistema-sanitario-inforsalud-seis-plexus-tech\/#breadcrumb","itemListElement":[{"@type":"ListItem","position":1,"name":"Home","item":"https:\/\/www.plexus.es\/"},{"@type":"ListItem","position":2,"name":"Participamos en el debate sobre el presente y futuro del sistema sanitario"}]},{"@type":"Article","@id":"https:\/\/www.plexus.es\/debate-sistema-sanitario-inforsalud-seis-plexus-tech\/#article","isPartOf":{"@id":"https:\/\/www.plexus.es\/debate-sistema-sanitario-inforsalud-seis-plexus-tech\/#webpage"},"author":{"@id":"https:\/\/www.plexus.es\/#\/schema\/person\/8f02d5ce6d7b659fa68b0e90317c5171"},"headline":"Participamos en el debate sobre el presente y futuro del sistema sanitario","datePublished":"2026-04-02T10:00:40+00:00","dateModified":"2026-04-08T11:41:06+00:00","mainEntityOfPage":{"@id":"https:\/\/www.plexus.es\/debate-sistema-sanitario-inforsalud-seis-plexus-tech\/#webpage"},"wordCount":1311,"commentCount":0,"publisher":{"@id":"https:\/\/www.plexus.es\/#organization"},"image":{"@id":"https:\/\/www.plexus.es\/debate-sistema-sanitario-inforsalud-seis-plexus-tech\/#primaryimage"},"thumbnailUrl":"https:\/\/www.plexus.es\/wp-content\/uploads\/2026\/04\/Congreso-Inforsalud-2026_Portada.jpg","articleSection":["Eventos","News","Health","Tech&amp;Innovation"],"inLanguage":"en-US","potentialAction":[{"@type":"CommentAction","name":"Comment","target":["https:\/\/www.plexus.es\/debate-sistema-sanitario-inforsalud-seis-plexus-tech\/#respond"]}]},{"@type":"Person","@id":"https:\/\/www.plexus.es\/#\/schema\/person\/8f02d5ce6d7b659fa68b0e90317c5171","name":"admin_plexus","image":{"@type":"ImageObject","@id":"https:\/\/www.plexus.es\/#personlogo","inLanguage":"en-US","url":"https:\/\/secure.gravatar.com\/avatar\/c1d7caf9a4063a74393abcf91991e9cd?s=96&d=mm&r=g","contentUrl":"https:\/\/secure.gravatar.com\/avatar\/c1d7caf9a4063a74393abcf91991e9cd?s=96&d=mm&r=g","caption":"admin_plexus"},"sameAs":["https:\/\/www.plexus.es"]}]}},"_links":{"self":[{"href":"https:\/\/www.plexus.es\/en\/wp-json\/wp\/v2\/posts\/52051"}],"collection":[{"href":"https:\/\/www.plexus.es\/en\/wp-json\/wp\/v2\/posts"}],"about":[{"href":"https:\/\/www.plexus.es\/en\/wp-json\/wp\/v2\/types\/post"}],"author":[{"embeddable":true,"href":"https:\/\/www.plexus.es\/en\/wp-json\/wp\/v2\/users\/1"}],"replies":[{"embeddable":true,"href":"https:\/\/www.plexus.es\/en\/wp-json\/wp\/v2\/comments?post=52051"}],"version-history":[{"count":1,"href":"https:\/\/www.plexus.es\/en\/wp-json\/wp\/v2\/posts\/52051\/revisions"}],"predecessor-version":[{"id":52065,"href":"https:\/\/www.plexus.es\/en\/wp-json\/wp\/v2\/posts\/52051\/revisions\/52065"}],"wp:featuredmedia":[{"embeddable":true,"href":"https:\/\/www.plexus.es\/en\/wp-json\/wp\/v2\/media\/52053"}],"wp:attachment":[{"href":"https:\/\/www.plexus.es\/en\/wp-json\/wp\/v2\/media?parent=52051"}],"wp:term":[{"taxonomy":"category","embeddable":true,"href":"https:\/\/www.plexus.es\/en\/wp-json\/wp\/v2\/categories?post=52051"},{"taxonomy":"post_tag","embeddable":true,"href":"https:\/\/www.plexus.es\/en\/wp-json\/wp\/v2\/tags?post=52051"}],"curies":[{"name":"wp","href":"https:\/\/api.w.org\/{rel}","templated":true}]}}