{"id":30342,"date":"2022-10-14T13:36:37","date_gmt":"2022-10-14T11:36:37","guid":{"rendered":"https:\/\/www.plexus.es\/?p=30342"},"modified":"2024-04-18T14:41:59","modified_gmt":"2024-04-18T12:41:59","slug":"proyecto-avecen-plexus-tech-innovacion-sanitaria","status":"publish","type":"post","link":"https:\/\/www.plexus.es\/gl\/proyecto-avecen-plexus-tech-innovacion-sanitaria\/","title":{"rendered":"AVECEN, de Plexus, destacado en innovaci\u00f3n sanitaria en la UE"},"content":{"rendered":"<div class=\"fusion-fullwidth fullwidth-box fusion-builder-row-1 fusion-flex-container nonhundred-percent-fullwidth non-hundred-percent-height-scrolling\" style=\"background-color: rgba(255,255,255,0);background-position: center center;background-repeat: no-repeat;border-width: 0px 0px 0px 0px;border-color:#e8ebef;border-style:solid;\" ><div class=\"fusion-builder-row fusion-row fusion-flex-align-items-flex-start\" style=\"max-width:1310.4px;margin-left: calc(-4% \/ 2 );margin-right: calc(-4% \/ 2 );\"><div class=\"fusion-layout-column fusion_builder_column fusion-builder-column-0 fusion_builder_column_1_2 1_2 fusion-flex-column\"><div class=\"fusion-column-wrapper fusion-flex-justify-content-flex-start fusion-content-layout-column\" style=\"background-position:left top;background-repeat:no-repeat;-webkit-background-size:cover;-moz-background-size:cover;-o-background-size:cover;background-size:cover;padding: 0px 0px 0px 0px;\"><div class=\"fusion-text fusion-text-1\"><p>Plexus Tech participa en el <strong>reconocimiento del Proyecto Avecen en la gala AWARD CEREMONY<\/strong> de los RSCN (Reference Site Collaborative Network). Nuestro Socio Director de Health &amp; SocialCare, Jose Manuel Chao Ardao, estuvo presente en Bruselas para la recogida de este galard\u00f3n. Un premio que genera una gran ilusi\u00f3n a todos los integrantes del <a href=\"https:\/\/www.plexus.es\/corporativo\/i-d-i\/\" target=\"_blank\" rel=\"noopener\"><strong>proyecto<\/strong><\/a>.<\/p>\n<p>La soluci\u00f3n Avecen, <strong>Asistente Virtual para Enfermedades Neurodegenerativas<\/strong>, ha sido seleccionada entre 25 candidaturas a nivel europeo. As\u00ed, se le ha catalogado como referencia de proyecto de innovaci\u00f3n escalable a los pa\u00edses de la Uni\u00f3n Europea.<\/p>\n<p>Esta innovadora iniciativa pretende desarrollar <strong>una app que monitoriza y eval\u00faa de manera continuada la ejecuci\u00f3n de ciertas rutinas cl\u00ednicas<\/strong> en estos pacientes. Con ello, aporta recomendaciones adaptadas al estado de cada uno y eval\u00faa su comportamiento habitual para valorar la evoluci\u00f3n de su estado de salud.<\/p>\n<p><strong>Este reconocimiento se enmarca <a href=\"https:\/\/avecen.com\/\" target=\"_blank\" rel=\"noopener\">en el proyecto europeo IN4AHA<\/a>.<\/strong> Este est\u00e1 conformado por 11 entidades, de 8 pa\u00edses europeos, entre ellos, el Cl\u00faster de Sa\u00fade de Galicia, que ha recibido y recogido el premio en nombre del Consorcio.<\/p>\n<p>En la citada Gala, <strong>la Conseller\u00eda de Sanidade de Galicia tambi\u00e9n ha recibido el premio 4 estrellas<\/strong>. Este supone el m\u00e1ximo galard\u00f3n que reconoce su excelencia como referencia de la red colaborativa de la organizaci\u00f3n.<\/p>\n<\/div><\/div><style type=\"text\/css\">.fusion-body .fusion-builder-column-0{width:50% !important;margin-top : 20px;margin-bottom : 20px;}.fusion-builder-column-0 > .fusion-column-wrapper {padding-top : 0px !important;padding-right : 0px !important;margin-right : 3.84%;padding-bottom : 0px !important;padding-left : 0px !important;margin-left : 3.84%;}@media only screen and (max-width:1200px) {.fusion-body .fusion-builder-column-0{width:50% !important;order : 0;}.fusion-builder-column-0 > .fusion-column-wrapper {margin-right : 3.84%;margin-left : 3.84%;}}@media only screen and (max-width:640px) {.fusion-body .fusion-builder-column-0{width:100% !important;order : 0;}.fusion-builder-column-0 > .fusion-column-wrapper {margin-right : 1.92%;margin-left : 1.92%;}}<\/style><\/div><div class=\"fusion-layout-column fusion_builder_column fusion-builder-column-1 fusion_builder_column_1_2 1_2 fusion-flex-column\"><div class=\"fusion-column-wrapper fusion-flex-justify-content-flex-start fusion-content-layout-column\" style=\"background-position:left top;background-repeat:no-repeat;-webkit-background-size:cover;-moz-background-size:cover;-o-background-size:cover;background-size:cover;padding: 0px 0px 0px 0px;\"><div ><span class=\" fusion-imageframe imageframe-none imageframe-1 hover-type-none\" style=\"border-radius:12px;\"><img width=\"600\" height=\"450\" alt=\"Jose Manuel Chao Ardao (puesto 2 empezando por la derecha de la imagen) en el evento de RSCN.\" title=\"1665416207149\" src=\"https:\/\/www.plexus.es\/wp-content\/uploads\/2022\/10\/1665416207149.png\" data-orig-src=\"https:\/\/www.plexus.es\/wp-content\/uploads\/2022\/10\/1665416207149-600x450.png\" class=\"lazyload img-responsive wp-image-30345\" srcset=\"data:image\/svg+xml,%3Csvg%20xmlns%3D%27http%3A%2F%2Fwww.w3.org%2F2000%2Fsvg%27%20width%3D%272048%27%20height%3D%271536%27%20viewBox%3D%270%200%202048%201536%27%3E%3Crect%20width%3D%272048%27%20height%3D%271536%27%20fill-opacity%3D%220%22%2F%3E%3C%2Fsvg%3E\" data-srcset=\"https:\/\/www.plexus.es\/wp-content\/uploads\/2022\/10\/1665416207149-200x150.png 200w, https:\/\/www.plexus.es\/wp-content\/uploads\/2022\/10\/1665416207149-400x300.png 400w, https:\/\/www.plexus.es\/wp-content\/uploads\/2022\/10\/1665416207149-600x450.png 600w, https:\/\/www.plexus.es\/wp-content\/uploads\/2022\/10\/1665416207149-800x600.png 800w, https:\/\/www.plexus.es\/wp-content\/uploads\/2022\/10\/1665416207149-1200x900.png 1200w\" data-sizes=\"auto\" data-orig-sizes=\"(max-width: 640px) 100vw, 600px\" \/><\/span><\/div><\/div><style type=\"text\/css\">.fusion-body .fusion-builder-column-1{width:50% !important;margin-top : 20px;margin-bottom : 20px;}.fusion-builder-column-1 > .fusion-column-wrapper {padding-top : 0px !important;padding-right : 0px !important;margin-right : 3.84%;padding-bottom : 0px !important;padding-left : 0px !important;margin-left : 3.84%;}@media only screen and (max-width:1200px) {.fusion-body .fusion-builder-column-1{width:50% !important;order : 0;}.fusion-builder-column-1 > .fusion-column-wrapper {margin-right : 3.84%;margin-left : 3.84%;}}@media only screen and (max-width:640px) {.fusion-body .fusion-builder-column-1{width:100% !important;order : 0;}.fusion-builder-column-1 > .fusion-column-wrapper {margin-right : 1.92%;margin-left : 1.92%;}}<\/style><\/div><\/div><style type=\"text\/css\">.fusion-body .fusion-flex-container.fusion-builder-row-1{ padding-top : 0px;margin-top : 0px;padding-right : 0px;padding-bottom : 0px;margin-bottom : 0px;padding-left : 0px;}<\/style><\/div>\n","protected":false},"excerpt":{"rendered":"<p>El proyecto de innovaci\u00f3n sanitaria mejora la vida de personas con deterioro cognitivo, cualidad que ha sido reconocida en la gala Award Ceremony.<\/p>\n","protected":false},"author":1,"featured_media":30343,"comment_status":"open","ping_status":"open","sticky":false,"template":"","format":"standard","meta":[],"categories":[107,105],"tags":[],"yoast_head":"<!-- This site is optimized with the Yoast SEO plugin v17.4 - https:\/\/yoast.com\/wordpress\/plugins\/seo\/ -->\n<title>AVECEN, de Plexus, destacado en innovaci\u00f3n sanitaria en la UE<\/title>\n<meta name=\"description\" content=\"El proyecto de innovaci\u00f3n sanitaria de Plexus Tech, AVECEN, mejora la vida de personas con deterioro cognitivo.\" \/>\n<meta name=\"robots\" content=\"index, follow, max-snippet:-1, max-image-preview:large, max-video-preview:-1\" \/>\n<link rel=\"canonical\" href=\"https:\/\/www.plexus.es\/proyecto-avecen-plexus-tech-innovacion-sanitaria\/\" \/>\n<meta property=\"og:locale\" content=\"gl_ES\" \/>\n<meta property=\"og:type\" content=\"article\" \/>\n<meta property=\"og:title\" content=\"AVECEN, de Plexus, destacado en innovaci\u00f3n sanitaria en la UE\" \/>\n<meta property=\"og:description\" content=\"El proyecto de innovaci\u00f3n sanitaria de Plexus Tech, AVECEN, mejora la vida de personas con deterioro cognitivo.\" \/>\n<meta property=\"og:url\" content=\"https:\/\/www.plexus.es\/proyecto-avecen-plexus-tech-innovacion-sanitaria\/\" \/>\n<meta property=\"og:site_name\" content=\"Plexus Tech\" \/>\n<meta property=\"article:publisher\" content=\"https:\/\/www.facebook.com\/Plexus.Techno\" \/>\n<meta property=\"article:published_time\" content=\"2022-10-14T11:36:37+00:00\" \/>\n<meta property=\"article:modified_time\" content=\"2024-04-18T12:41:59+00:00\" \/>\n<meta property=\"og:image\" content=\"https:\/\/www.plexus.es\/wp-content\/uploads\/2022\/10\/1665416207149-1024x768.png\" \/>\n\t<meta property=\"og:image:width\" content=\"1024\" \/>\n\t<meta property=\"og:image:height\" content=\"768\" \/>\n<meta name=\"twitter:card\" content=\"summary_large_image\" \/>\n<meta name=\"twitter:creator\" content=\"@plexustech_\" \/>\n<meta name=\"twitter:site\" content=\"@plexustech_\" \/>\n<meta name=\"twitter:label1\" content=\"Escrito por\" \/>\n\t<meta name=\"twitter:data1\" content=\"admin_plexus\" \/>\n\t<meta name=\"twitter:label2\" content=\"Tempo de lectura\" \/>\n\t<meta name=\"twitter:data2\" content=\"2 minutos\" \/>\n<script type=\"application\/ld+json\" class=\"yoast-schema-graph\">{\"@context\":\"https:\/\/schema.org\",\"@graph\":[{\"@type\":\"Organization\",\"@id\":\"https:\/\/www.plexus.es\/#organization\",\"name\":\"Plexus Tech\",\"url\":\"https:\/\/www.plexus.es\/\",\"sameAs\":[\"https:\/\/www.facebook.com\/Plexus.Techno\",\"https:\/\/www.instagram.com\/plexus.tech\/\",\"https:\/\/www.linkedin.com\/company\/plexus-tech\/mycompany\/\",\"https:\/\/www.youtube.com\/user\/tecnologiasplexus\",\"https:\/\/twitter.com\/plexustech_\"],\"logo\":{\"@type\":\"ImageObject\",\"@id\":\"https:\/\/www.plexus.es\/#logo\",\"inLanguage\":\"gl-ES\",\"url\":\"https:\/\/www.plexus.es\/wp-content\/uploads\/2021\/11\/logo-plexus-2021.png\",\"contentUrl\":\"https:\/\/www.plexus.es\/wp-content\/uploads\/2021\/11\/logo-plexus-2021.png\",\"width\":600,\"height\":600,\"caption\":\"Plexus Tech\"},\"image\":{\"@id\":\"https:\/\/www.plexus.es\/#logo\"}},{\"@type\":\"WebSite\",\"@id\":\"https:\/\/www.plexus.es\/#website\",\"url\":\"https:\/\/www.plexus.es\/\",\"name\":\"Plexus Tech\",\"description\":\"Tecnolog\\u00eda con Alma\",\"publisher\":{\"@id\":\"https:\/\/www.plexus.es\/#organization\"},\"potentialAction\":[{\"@type\":\"SearchAction\",\"target\":{\"@type\":\"EntryPoint\",\"urlTemplate\":\"https:\/\/www.plexus.es\/?s={search_term_string}\"},\"query-input\":\"required name=search_term_string\"}],\"inLanguage\":\"gl-ES\"},{\"@type\":\"ImageObject\",\"@id\":\"https:\/\/www.plexus.es\/proyecto-avecen-plexus-tech-innovacion-sanitaria\/#primaryimage\",\"inLanguage\":\"gl-ES\",\"url\":\"https:\/\/www.plexus.es\/wp-content\/uploads\/2022\/10\/1665416207149.png\",\"contentUrl\":\"https:\/\/www.plexus.es\/wp-content\/uploads\/2022\/10\/1665416207149.png\",\"width\":2048,\"height\":1536},{\"@type\":\"WebPage\",\"@id\":\"https:\/\/www.plexus.es\/proyecto-avecen-plexus-tech-innovacion-sanitaria\/#webpage\",\"url\":\"https:\/\/www.plexus.es\/proyecto-avecen-plexus-tech-innovacion-sanitaria\/\",\"name\":\"AVECEN, de Plexus, destacado en innovaci\\u00f3n sanitaria en la UE\",\"isPartOf\":{\"@id\":\"https:\/\/www.plexus.es\/#website\"},\"primaryImageOfPage\":{\"@id\":\"https:\/\/www.plexus.es\/proyecto-avecen-plexus-tech-innovacion-sanitaria\/#primaryimage\"},\"datePublished\":\"2022-10-14T11:36:37+00:00\",\"dateModified\":\"2024-04-18T12:41:59+00:00\",\"description\":\"El proyecto de innovaci\\u00f3n sanitaria de Plexus Tech, AVECEN, mejora la vida de personas con deterioro cognitivo.\",\"breadcrumb\":{\"@id\":\"https:\/\/www.plexus.es\/proyecto-avecen-plexus-tech-innovacion-sanitaria\/#breadcrumb\"},\"inLanguage\":\"gl-ES\",\"potentialAction\":[{\"@type\":\"ReadAction\",\"target\":[\"https:\/\/www.plexus.es\/proyecto-avecen-plexus-tech-innovacion-sanitaria\/\"]}]},{\"@type\":\"BreadcrumbList\",\"@id\":\"https:\/\/www.plexus.es\/proyecto-avecen-plexus-tech-innovacion-sanitaria\/#breadcrumb\",\"itemListElement\":[{\"@type\":\"ListItem\",\"position\":1,\"name\":\"Home\",\"item\":\"https:\/\/www.plexus.es\/\"},{\"@type\":\"ListItem\",\"position\":2,\"name\":\"AVECEN, de Plexus, destacado en innovaci\\u00f3n sanitaria en la UE\"}]},{\"@type\":\"Article\",\"@id\":\"https:\/\/www.plexus.es\/proyecto-avecen-plexus-tech-innovacion-sanitaria\/#article\",\"isPartOf\":{\"@id\":\"https:\/\/www.plexus.es\/proyecto-avecen-plexus-tech-innovacion-sanitaria\/#webpage\"},\"author\":{\"@id\":\"https:\/\/www.plexus.es\/#\/schema\/person\/8f02d5ce6d7b659fa68b0e90317c5171\"},\"headline\":\"AVECEN, de Plexus, destacado en innovaci\\u00f3n sanitaria en la UE\",\"datePublished\":\"2022-10-14T11:36:37+00:00\",\"dateModified\":\"2024-04-18T12:41:59+00:00\",\"mainEntityOfPage\":{\"@id\":\"https:\/\/www.plexus.es\/proyecto-avecen-plexus-tech-innovacion-sanitaria\/#webpage\"},\"wordCount\":1193,\"commentCount\":0,\"publisher\":{\"@id\":\"https:\/\/www.plexus.es\/#organization\"},\"image\":{\"@id\":\"https:\/\/www.plexus.es\/proyecto-avecen-plexus-tech-innovacion-sanitaria\/#primaryimage\"},\"thumbnailUrl\":\"https:\/\/www.plexus.es\/wp-content\/uploads\/2022\/10\/1665416207149.png\",\"articleSection\":[\"Eventos\",\"Tech&amp;Innovaci\\u00f3n\"],\"inLanguage\":\"gl-ES\",\"potentialAction\":[{\"@type\":\"CommentAction\",\"name\":\"Comment\",\"target\":[\"https:\/\/www.plexus.es\/proyecto-avecen-plexus-tech-innovacion-sanitaria\/#respond\"]}]},{\"@type\":\"Person\",\"@id\":\"https:\/\/www.plexus.es\/#\/schema\/person\/8f02d5ce6d7b659fa68b0e90317c5171\",\"name\":\"admin_plexus\",\"image\":{\"@type\":\"ImageObject\",\"@id\":\"https:\/\/www.plexus.es\/#personlogo\",\"inLanguage\":\"gl-ES\",\"url\":\"https:\/\/secure.gravatar.com\/avatar\/c1d7caf9a4063a74393abcf91991e9cd?s=96&d=mm&r=g\",\"contentUrl\":\"https:\/\/secure.gravatar.com\/avatar\/c1d7caf9a4063a74393abcf91991e9cd?s=96&d=mm&r=g\",\"caption\":\"admin_plexus\"},\"sameAs\":[\"https:\/\/www.plexus.es\"]}]}<\/script>\n<!-- \/ Yoast SEO plugin. -->","yoast_head_json":{"title":"AVECEN, de Plexus, destacado en innovaci\u00f3n sanitaria en la UE","description":"El proyecto de innovaci\u00f3n sanitaria de Plexus Tech, AVECEN, mejora la vida de personas con deterioro cognitivo.","robots":{"index":"index","follow":"follow","max-snippet":"max-snippet:-1","max-image-preview":"max-image-preview:large","max-video-preview":"max-video-preview:-1"},"canonical":"https:\/\/www.plexus.es\/proyecto-avecen-plexus-tech-innovacion-sanitaria\/","og_locale":"gl_ES","og_type":"article","og_title":"AVECEN, de Plexus, destacado en innovaci\u00f3n sanitaria en la UE","og_description":"El proyecto de innovaci\u00f3n sanitaria de Plexus Tech, AVECEN, mejora la vida de personas con deterioro cognitivo.","og_url":"https:\/\/www.plexus.es\/proyecto-avecen-plexus-tech-innovacion-sanitaria\/","og_site_name":"Plexus Tech","article_publisher":"https:\/\/www.facebook.com\/Plexus.Techno","article_published_time":"2022-10-14T11:36:37+00:00","article_modified_time":"2024-04-18T12:41:59+00:00","og_image":[{"width":1024,"height":768,"url":"https:\/\/www.plexus.es\/wp-content\/uploads\/2022\/10\/1665416207149-1024x768.png","type":"image\/png"}],"twitter_card":"summary_large_image","twitter_creator":"@plexustech_","twitter_site":"@plexustech_","twitter_misc":{"Escrito por":"admin_plexus","Tempo de lectura":"2 minutos"},"schema":{"@context":"https:\/\/schema.org","@graph":[{"@type":"Organization","@id":"https:\/\/www.plexus.es\/#organization","name":"Plexus Tech","url":"https:\/\/www.plexus.es\/","sameAs":["https:\/\/www.facebook.com\/Plexus.Techno","https:\/\/www.instagram.com\/plexus.tech\/","https:\/\/www.linkedin.com\/company\/plexus-tech\/mycompany\/","https:\/\/www.youtube.com\/user\/tecnologiasplexus","https:\/\/twitter.com\/plexustech_"],"logo":{"@type":"ImageObject","@id":"https:\/\/www.plexus.es\/#logo","inLanguage":"gl-ES","url":"https:\/\/www.plexus.es\/wp-content\/uploads\/2021\/11\/logo-plexus-2021.png","contentUrl":"https:\/\/www.plexus.es\/wp-content\/uploads\/2021\/11\/logo-plexus-2021.png","width":600,"height":600,"caption":"Plexus Tech"},"image":{"@id":"https:\/\/www.plexus.es\/#logo"}},{"@type":"WebSite","@id":"https:\/\/www.plexus.es\/#website","url":"https:\/\/www.plexus.es\/","name":"Plexus Tech","description":"Tecnolog\u00eda con Alma","publisher":{"@id":"https:\/\/www.plexus.es\/#organization"},"potentialAction":[{"@type":"SearchAction","target":{"@type":"EntryPoint","urlTemplate":"https:\/\/www.plexus.es\/?s={search_term_string}"},"query-input":"required name=search_term_string"}],"inLanguage":"gl-ES"},{"@type":"ImageObject","@id":"https:\/\/www.plexus.es\/proyecto-avecen-plexus-tech-innovacion-sanitaria\/#primaryimage","inLanguage":"gl-ES","url":"https:\/\/www.plexus.es\/wp-content\/uploads\/2022\/10\/1665416207149.png","contentUrl":"https:\/\/www.plexus.es\/wp-content\/uploads\/2022\/10\/1665416207149.png","width":2048,"height":1536},{"@type":"WebPage","@id":"https:\/\/www.plexus.es\/proyecto-avecen-plexus-tech-innovacion-sanitaria\/#webpage","url":"https:\/\/www.plexus.es\/proyecto-avecen-plexus-tech-innovacion-sanitaria\/","name":"AVECEN, de Plexus, destacado en innovaci\u00f3n sanitaria en la UE","isPartOf":{"@id":"https:\/\/www.plexus.es\/#website"},"primaryImageOfPage":{"@id":"https:\/\/www.plexus.es\/proyecto-avecen-plexus-tech-innovacion-sanitaria\/#primaryimage"},"datePublished":"2022-10-14T11:36:37+00:00","dateModified":"2024-04-18T12:41:59+00:00","description":"El proyecto de innovaci\u00f3n sanitaria de Plexus Tech, AVECEN, mejora la vida de personas con deterioro cognitivo.","breadcrumb":{"@id":"https:\/\/www.plexus.es\/proyecto-avecen-plexus-tech-innovacion-sanitaria\/#breadcrumb"},"inLanguage":"gl-ES","potentialAction":[{"@type":"ReadAction","target":["https:\/\/www.plexus.es\/proyecto-avecen-plexus-tech-innovacion-sanitaria\/"]}]},{"@type":"BreadcrumbList","@id":"https:\/\/www.plexus.es\/proyecto-avecen-plexus-tech-innovacion-sanitaria\/#breadcrumb","itemListElement":[{"@type":"ListItem","position":1,"name":"Home","item":"https:\/\/www.plexus.es\/"},{"@type":"ListItem","position":2,"name":"AVECEN, de Plexus, destacado en innovaci\u00f3n sanitaria en la UE"}]},{"@type":"Article","@id":"https:\/\/www.plexus.es\/proyecto-avecen-plexus-tech-innovacion-sanitaria\/#article","isPartOf":{"@id":"https:\/\/www.plexus.es\/proyecto-avecen-plexus-tech-innovacion-sanitaria\/#webpage"},"author":{"@id":"https:\/\/www.plexus.es\/#\/schema\/person\/8f02d5ce6d7b659fa68b0e90317c5171"},"headline":"AVECEN, de Plexus, destacado en innovaci\u00f3n sanitaria en la UE","datePublished":"2022-10-14T11:36:37+00:00","dateModified":"2024-04-18T12:41:59+00:00","mainEntityOfPage":{"@id":"https:\/\/www.plexus.es\/proyecto-avecen-plexus-tech-innovacion-sanitaria\/#webpage"},"wordCount":1193,"commentCount":0,"publisher":{"@id":"https:\/\/www.plexus.es\/#organization"},"image":{"@id":"https:\/\/www.plexus.es\/proyecto-avecen-plexus-tech-innovacion-sanitaria\/#primaryimage"},"thumbnailUrl":"https:\/\/www.plexus.es\/wp-content\/uploads\/2022\/10\/1665416207149.png","articleSection":["Eventos","Tech&amp;Innovaci\u00f3n"],"inLanguage":"gl-ES","potentialAction":[{"@type":"CommentAction","name":"Comment","target":["https:\/\/www.plexus.es\/proyecto-avecen-plexus-tech-innovacion-sanitaria\/#respond"]}]},{"@type":"Person","@id":"https:\/\/www.plexus.es\/#\/schema\/person\/8f02d5ce6d7b659fa68b0e90317c5171","name":"admin_plexus","image":{"@type":"ImageObject","@id":"https:\/\/www.plexus.es\/#personlogo","inLanguage":"gl-ES","url":"https:\/\/secure.gravatar.com\/avatar\/c1d7caf9a4063a74393abcf91991e9cd?s=96&d=mm&r=g","contentUrl":"https:\/\/secure.gravatar.com\/avatar\/c1d7caf9a4063a74393abcf91991e9cd?s=96&d=mm&r=g","caption":"admin_plexus"},"sameAs":["https:\/\/www.plexus.es"]}]}},"_links":{"self":[{"href":"https:\/\/www.plexus.es\/gl\/wp-json\/wp\/v2\/posts\/30342"}],"collection":[{"href":"https:\/\/www.plexus.es\/gl\/wp-json\/wp\/v2\/posts"}],"about":[{"href":"https:\/\/www.plexus.es\/gl\/wp-json\/wp\/v2\/types\/post"}],"author":[{"embeddable":true,"href":"https:\/\/www.plexus.es\/gl\/wp-json\/wp\/v2\/users\/1"}],"replies":[{"embeddable":true,"href":"https:\/\/www.plexus.es\/gl\/wp-json\/wp\/v2\/comments?post=30342"}],"version-history":[{"count":10,"href":"https:\/\/www.plexus.es\/gl\/wp-json\/wp\/v2\/posts\/30342\/revisions"}],"predecessor-version":[{"id":37866,"href":"https:\/\/www.plexus.es\/gl\/wp-json\/wp\/v2\/posts\/30342\/revisions\/37866"}],"wp:featuredmedia":[{"embeddable":true,"href":"https:\/\/www.plexus.es\/gl\/wp-json\/wp\/v2\/media\/30343"}],"wp:attachment":[{"href":"https:\/\/www.plexus.es\/gl\/wp-json\/wp\/v2\/media?parent=30342"}],"wp:term":[{"taxonomy":"category","embeddable":true,"href":"https:\/\/www.plexus.es\/gl\/wp-json\/wp\/v2\/categories?post=30342"},{"taxonomy":"post_tag","embeddable":true,"href":"https:\/\/www.plexus.es\/gl\/wp-json\/wp\/v2\/tags?post=30342"}],"curies":[{"name":"wp","href":"https:\/\/api.w.org\/{rel}","templated":true}]}}