{"id":32897,"date":"2023-03-21T18:03:25","date_gmt":"2023-03-21T17:03:25","guid":{"rendered":"https:\/\/www.plexus.es\/?p=32897"},"modified":"2023-03-24T09:10:59","modified_gmt":"2023-03-24T08:10:59","slug":"plexus-tech-meeting-proyecto-accordion","status":"publish","type":"post","link":"https:\/\/www.plexus.es\/gl\/plexus-tech-meeting-proyecto-accordion\/","title":{"rendered":"Plexus Tech, sede de un gran Plenary Meeting del proyecto Accordion"},"content":{"rendered":"<div class=\"fusion-fullwidth fullwidth-box fusion-builder-row-1 fusion-flex-container nonhundred-percent-fullwidth non-hundred-percent-height-scrolling\" style=\"background-color: rgba(255,255,255,0);background-position: center center;background-repeat: no-repeat;border-width: 0px 0px 0px 0px;border-color:#e8ebef;border-style:solid;\" ><div class=\"fusion-builder-row fusion-row fusion-flex-align-items-flex-start\" style=\"max-width:1310.4px;margin-left: calc(-4% \/ 2 );margin-right: calc(-4% \/ 2 );\"><div class=\"fusion-layout-column fusion_builder_column fusion-builder-column-0 fusion_builder_column_1_1 1_1 fusion-flex-column\"><div class=\"fusion-column-wrapper fusion-flex-justify-content-flex-start fusion-content-layout-column\" style=\"background-position:left top;background-repeat:no-repeat;-webkit-background-size:cover;-moz-background-size:cover;-o-background-size:cover;background-size:cover;padding: 0px 0px 0px 0px;\"><div class=\"fusion-text fusion-text-1\"><p><b><span data-contrast=\"auto\">La sede central de Plexus Tech en Santiago de Compostela acogi\u00f3<\/span><\/b><span data-contrast=\"auto\">, los pasados 14, 15 y 16 de marzo, e<\/span>l<b><span data-contrast=\"auto\"> Plenary Meeting de <a href=\"https:\/\/www.accordion-project.eu\/\" target=\"_blank\" rel=\"noopener\">Accordion H2020<\/a><\/span><\/b><span data-contrast=\"auto\">. El proyecto europeo de computaci\u00f3n en la nube y edge computing, en el que participamos, est\u00e1 llegando a su recta final, por lo que este encuentro, llevado a cabo en tres intensas jornadas, <\/span><b><span data-contrast=\"auto\">ha sido fundamental para cerrar los \u00faltimos avances de los casos de uso.<\/span><\/b><span data-ccp-props=\"{\">\u00a0<\/span>Durante los tres d\u00edas, <b><span data-contrast=\"auto\">los partners presentes<\/span><\/b><span data-contrast=\"auto\"> han estado <\/span><b><span data-contrast=\"auto\">compartiendo conocimientos y sellando los resultados de sus investigaciones.<\/span><\/b><\/p>\n<p>Como anfitriones, <span data-contrast=\"auto\"><b>Ferm\u00edn Calvo, director de Negocio, y Yago Gonz\u00e1lez, director de Innovaci\u00f3n, fueron los embajadores de Plexus Tech. <\/b>En esta l\u00ednea, se encargaron de acompa\u00f1ar a la veintena de investigadores presentes y encabezar los productivos e informativos debates organizados.\u00a0<\/span><\/p>\n<p><span data-contrast=\"auto\">En esta l\u00ednea, c<\/span><span data-contrast=\"auto\">abe destacar que el objetivo del proyecto es aunar esfuerzos en el campo de las nuevas tecnolog\u00edas, as\u00ed como crear una red simbi\u00f3tica. Este hito resultar\u00e1 fundamental para afrontar los futuros requisitos de la sociedad en el \u00e1mbito de la computaci\u00f3n a gran escala.<\/span><span data-ccp-props=\"{\">\u00a0<\/span><span data-contrast=\"auto\">Para ello, <\/span><b><span data-contrast=\"auto\">el proyecto aglutina un total de doce entidades <\/span><\/b><span data-contrast=\"auto\">(empresas, universidades y centros de investigaci\u00f3n), procedentes de Alemania, Polonia, Grecia, Finlandia, Italia y Espa\u00f1a.<\/span><span data-ccp-props=\"{\">\u00a0<\/span><\/p>\n<p><span data-contrast=\"auto\">A mayores, dentro de los encuentros, tambi\u00e9n <\/span><b><span data-contrast=\"auto\">se revisaron los KPIs y el estado de los diferentes casos de uso del proyecto.<\/span><\/b><span data-contrast=\"auto\"> Esta revisi\u00f3n dej\u00f3 un gran poso entre todos los participantes, puesto que se certificaron los avances en los trabajos. Asimismo, tambi\u00e9n hubo tiempo libre para disfrutar del ocio de Santiago de Compostela. Entre otras actividades, la gastronom\u00eda jug\u00f3 un papel destacado, y es que compartiendo banquete con productos t\u00edpicos gallegos, los presentes pudieron estrechar lazos. <\/span><span data-ccp-props=\"{\">\u00a0<\/span><\/p>\n<p><span data-contrast=\"auto\">De este modo, la cita, enmarcada como el trig\u00e9simo noveno encuentro de Accordion, <\/span><b><span data-contrast=\"auto\">sirvi\u00f3 de antesala para la pr\u00f3xima sesi\u00f3n. As\u00ed, esta se celebrar\u00e1 en Bruselas y en ella ya se revisar\u00e1n los proyectos finales.<\/span><\/b><span data-ccp-props=\"{\">\u00a0<\/span><\/p>\n<p><span data-ccp-props=\"{\">\u00a0<\/span><\/p>\n<p><b><span data-contrast=\"auto\">Participaci\u00f3n de Plexus Tech.<\/span><\/b><span data-ccp-props=\"{\">\u00a0<\/span><\/p>\n<p><span data-contrast=\"auto\">Cabe destacar que, <a href=\"https:\/\/www.plexus.es\/el-proyecto-europeo-accordionh2020-se-refuerza-gracias-a-plexus\/\" target=\"_blank\" rel=\"noopener\">dentro de la participaci\u00f3n de Plexus Tech en el proyecto europeo Accordion H2020<\/a>, el <\/span><b><span data-contrast=\"auto\">objetivo es desarrollar una plataforma de an\u00e1lisis. <\/span><\/b><span data-contrast=\"auto\">Con ella <\/span><span data-contrast=\"auto\">se pretende que los datos de ubicaci\u00f3n de los visitantes se administren localmente, sin enviarse a la nube, para tomar decisiones m\u00e1s r\u00e1pidas.<\/span><span data-ccp-props=\"{\">\u00a0<\/span><\/p>\n<p><span data-contrast=\"auto\">Adem\u00e1s, como responsables del caso de uso \u201cSoluciones de geolocalizaci\u00f3n inteligente\u201d, <\/span><b><span data-contrast=\"auto\">promovemos la evoluci\u00f3n de nuestros productos TRAQUS y ANBLICK sobre la plataforma de Edge Computing.<\/span><\/b><span data-ccp-props=\"{\">\u00a0<\/span><\/p>\n<\/div><\/div><style type=\"text\/css\">.fusion-body .fusion-builder-column-0{width:100% !important;margin-top : 20px;margin-bottom : 20px;}.fusion-builder-column-0 > .fusion-column-wrapper {padding-top : 0px !important;padding-right : 0px !important;margin-right : 1.92%;padding-bottom : 0px !important;padding-left : 0px !important;margin-left : 1.92%;}@media only screen and (max-width:1200px) {.fusion-body .fusion-builder-column-0{width:100% !important;order : 0;}.fusion-builder-column-0 > .fusion-column-wrapper {margin-right : 1.92%;margin-left : 1.92%;}}@media only screen and (max-width:640px) {.fusion-body .fusion-builder-column-0{width:100% !important;order : 0;}.fusion-builder-column-0 > .fusion-column-wrapper {margin-right : 1.92%;margin-left : 1.92%;}}<\/style><\/div><div class=\"fusion-layout-column fusion_builder_column fusion-builder-column-1 fusion_builder_column_1_2 1_2 fusion-flex-column fusion-flex-align-self-flex-start\"><div class=\"fusion-column-wrapper fusion-flex-justify-content-flex-start fusion-content-layout-column\" style=\"background-position:left top;background-repeat:no-repeat;-webkit-background-size:cover;-moz-background-size:cover;-o-background-size:cover;background-size:cover;padding: 0px 0px 0px 0px;\"><div style=\"text-align:center;\"><span class=\" fusion-imageframe imageframe-none imageframe-1 hover-type-none\" style=\"border-radius:12px;\"><img width=\"600\" height=\"380\" alt=\"Equipo de investigadores del proyecto europeo Accordion durante una de las sesiones de trabajo en Santiago de Compostela.\" title=\"Reuni\u00f3n de Accordion\" src=\"https:\/\/www.plexus.es\/wp-content\/uploads\/2023\/03\/Reunion-de-Accordion-scaled.jpg\" data-orig-src=\"https:\/\/www.plexus.es\/wp-content\/uploads\/2023\/03\/Reunion-de-Accordion-600x380.jpg\" class=\"lazyload img-responsive wp-image-32907\" srcset=\"data:image\/svg+xml,%3Csvg%20xmlns%3D%27http%3A%2F%2Fwww.w3.org%2F2000%2Fsvg%27%20width%3D%272560%27%20height%3D%271620%27%20viewBox%3D%270%200%202560%201620%27%3E%3Crect%20width%3D%272560%27%20height%3D%271620%27%20fill-opacity%3D%220%22%2F%3E%3C%2Fsvg%3E\" data-srcset=\"https:\/\/www.plexus.es\/wp-content\/uploads\/2023\/03\/Reunion-de-Accordion-200x127.jpg 200w, https:\/\/www.plexus.es\/wp-content\/uploads\/2023\/03\/Reunion-de-Accordion-400x253.jpg 400w, https:\/\/www.plexus.es\/wp-content\/uploads\/2023\/03\/Reunion-de-Accordion-600x380.jpg 600w, https:\/\/www.plexus.es\/wp-content\/uploads\/2023\/03\/Reunion-de-Accordion-800x506.jpg 800w, https:\/\/www.plexus.es\/wp-content\/uploads\/2023\/03\/Reunion-de-Accordion-1200x759.jpg 1200w\" data-sizes=\"auto\" data-orig-sizes=\"(max-width: 640px) 100vw, 600px\" \/><\/span><\/div><\/div><style type=\"text\/css\">.fusion-body .fusion-builder-column-1{width:50% !important;margin-top : 20px;margin-bottom : 20px;}.fusion-builder-column-1 > .fusion-column-wrapper {padding-top : 0px !important;padding-right : 0px !important;margin-right : 3.84%;padding-bottom : 0px !important;padding-left : 0px !important;margin-left : 3.84%;}@media only screen and (max-width:1200px) {.fusion-body .fusion-builder-column-1{width:50% !important;order : 0;}.fusion-builder-column-1 > .fusion-column-wrapper {margin-right : 3.84%;margin-left : 3.84%;}}@media only screen and (max-width:640px) {.fusion-body .fusion-builder-column-1{width:100% !important;order : 0;}.fusion-builder-column-1 > .fusion-column-wrapper {margin-right : 1.92%;margin-left : 1.92%;}}<\/style><\/div><div class=\"fusion-layout-column fusion_builder_column fusion-builder-column-2 fusion_builder_column_1_2 1_2 fusion-flex-column fusion-flex-align-self-flex-start\"><div class=\"fusion-column-wrapper fusion-flex-justify-content-flex-start fusion-content-layout-column\" style=\"background-position:left top;background-repeat:no-repeat;-webkit-background-size:cover;-moz-background-size:cover;-o-background-size:cover;background-size:cover;padding: 0px 0px 0px 0px;\"><div style=\"text-align:center;\"><span class=\" fusion-imageframe imageframe-none imageframe-2 hover-type-none\" style=\"border-radius:12px;\"><img width=\"600\" height=\"380\" alt=\"Asistentes al Plenary Meeting de Accordion celebrado en la sede de Plexus Tech en Santiago de Compostela.\" title=\"Asistentes Evento Accordion en la sede de Plexus Tech\" src=\"https:\/\/www.plexus.es\/wp-content\/uploads\/2023\/03\/Asistentes-Evento-Accordion-en-la-sede-de-Plexus-Tech-scaled.jpg\" data-orig-src=\"https:\/\/www.plexus.es\/wp-content\/uploads\/2023\/03\/Asistentes-Evento-Accordion-en-la-sede-de-Plexus-Tech-600x380.jpg\" class=\"lazyload img-responsive wp-image-32901\" srcset=\"data:image\/svg+xml,%3Csvg%20xmlns%3D%27http%3A%2F%2Fwww.w3.org%2F2000%2Fsvg%27%20width%3D%272560%27%20height%3D%271620%27%20viewBox%3D%270%200%202560%201620%27%3E%3Crect%20width%3D%272560%27%20height%3D%271620%27%20fill-opacity%3D%220%22%2F%3E%3C%2Fsvg%3E\" data-srcset=\"https:\/\/www.plexus.es\/wp-content\/uploads\/2023\/03\/Asistentes-Evento-Accordion-en-la-sede-de-Plexus-Tech-200x127.jpg 200w, https:\/\/www.plexus.es\/wp-content\/uploads\/2023\/03\/Asistentes-Evento-Accordion-en-la-sede-de-Plexus-Tech-400x253.jpg 400w, https:\/\/www.plexus.es\/wp-content\/uploads\/2023\/03\/Asistentes-Evento-Accordion-en-la-sede-de-Plexus-Tech-600x380.jpg 600w, https:\/\/www.plexus.es\/wp-content\/uploads\/2023\/03\/Asistentes-Evento-Accordion-en-la-sede-de-Plexus-Tech-800x506.jpg 800w, https:\/\/www.plexus.es\/wp-content\/uploads\/2023\/03\/Asistentes-Evento-Accordion-en-la-sede-de-Plexus-Tech-1200x759.jpg 1200w\" data-sizes=\"auto\" data-orig-sizes=\"(max-width: 640px) 100vw, 600px\" \/><\/span><\/div><\/div><style type=\"text\/css\">.fusion-body .fusion-builder-column-2{width:50% !important;margin-top : 20px;margin-bottom : 20px;}.fusion-builder-column-2 > .fusion-column-wrapper {padding-top : 0px !important;padding-right : 0px !important;margin-right : 3.84%;padding-bottom : 0px !important;padding-left : 0px !important;margin-left : 3.84%;}@media only screen and (max-width:1200px) {.fusion-body .fusion-builder-column-2{width:50% !important;order : 0;}.fusion-builder-column-2 > .fusion-column-wrapper {margin-right : 3.84%;margin-left : 3.84%;}}@media only screen and (max-width:640px) {.fusion-body .fusion-builder-column-2{width:100% !important;order : 0;}.fusion-builder-column-2 > .fusion-column-wrapper {margin-right : 1.92%;margin-left : 1.92%;}}<\/style><\/div><\/div><style type=\"text\/css\">.fusion-body .fusion-flex-container.fusion-builder-row-1{ padding-top : 0px;margin-top : 0px;padding-right : 0px;padding-bottom : 0px;margin-bottom : 0px;padding-left : 0px;}<\/style><\/div>\n","protected":false},"excerpt":{"rendered":"<p>La sede de Santiago de Compostela de Plexus Tech acogi\u00f3 el encuentro del proyecto europeo Accordion, que sirvi\u00f3 para culminar los casos de uso.<\/p>\n","protected":false},"author":1,"featured_media":32986,"comment_status":"open","ping_status":"open","sticky":false,"template":"","format":"standard","meta":[],"categories":[107,105],"tags":[],"yoast_head":"<!-- This site is optimized with the Yoast SEO plugin v17.4 - https:\/\/yoast.com\/wordpress\/plugins\/seo\/ -->\n<title>Plexus Tech, sede de un gran Plenary Meeting del proyecto Accordion<\/title>\n<meta name=\"description\" content=\"La sede de Santiago de Plexus Tech acogi\u00f3 el encuentro del proyecto europeo Accordion, que sirvi\u00f3 para culminar los casos de uso.\" \/>\n<meta name=\"robots\" content=\"index, follow, max-snippet:-1, max-image-preview:large, max-video-preview:-1\" \/>\n<link rel=\"canonical\" href=\"https:\/\/www.plexus.es\/plexus-tech-meeting-proyecto-accordion\/\" \/>\n<meta property=\"og:locale\" content=\"gl_ES\" \/>\n<meta property=\"og:type\" content=\"article\" \/>\n<meta property=\"og:title\" content=\"Plexus Tech, sede de un gran Plenary Meeting del proyecto Accordion\" \/>\n<meta property=\"og:description\" content=\"La sede de Santiago de Plexus Tech acogi\u00f3 el encuentro del proyecto europeo Accordion, que sirvi\u00f3 para culminar los casos de uso.\" \/>\n<meta property=\"og:url\" content=\"https:\/\/www.plexus.es\/plexus-tech-meeting-proyecto-accordion\/\" \/>\n<meta property=\"og:site_name\" content=\"Plexus Tech\" \/>\n<meta property=\"article:publisher\" content=\"https:\/\/www.facebook.com\/Plexus.Techno\" \/>\n<meta property=\"article:published_time\" content=\"2023-03-21T17:03:25+00:00\" \/>\n<meta property=\"article:modified_time\" content=\"2023-03-24T08:10:59+00:00\" \/>\n<meta property=\"og:image\" content=\"https:\/\/www.plexus.es\/wp-content\/uploads\/2023\/03\/Asistentes-Evento-Accordion-en-la-sede-de-Plexus-Tech-Web.png\" \/>\n\t<meta property=\"og:image:width\" content=\"948\" \/>\n\t<meta property=\"og:image:height\" content=\"600\" \/>\n<meta name=\"twitter:card\" content=\"summary_large_image\" \/>\n<meta name=\"twitter:creator\" content=\"@plexustech_\" \/>\n<meta name=\"twitter:site\" content=\"@plexustech_\" \/>\n<meta name=\"twitter:label1\" content=\"Escrito por\" \/>\n\t<meta name=\"twitter:data1\" content=\"admin_plexus\" \/>\n\t<meta name=\"twitter:label2\" content=\"Tempo de lectura\" \/>\n\t<meta name=\"twitter:data2\" content=\"5 minutos\" \/>\n<script type=\"application\/ld+json\" class=\"yoast-schema-graph\">{\"@context\":\"https:\/\/schema.org\",\"@graph\":[{\"@type\":\"Organization\",\"@id\":\"https:\/\/www.plexus.es\/#organization\",\"name\":\"Plexus Tech\",\"url\":\"https:\/\/www.plexus.es\/\",\"sameAs\":[\"https:\/\/www.facebook.com\/Plexus.Techno\",\"https:\/\/www.instagram.com\/plexus.tech\/\",\"https:\/\/www.linkedin.com\/company\/plexus-tech\/mycompany\/\",\"https:\/\/www.youtube.com\/user\/tecnologiasplexus\",\"https:\/\/twitter.com\/plexustech_\"],\"logo\":{\"@type\":\"ImageObject\",\"@id\":\"https:\/\/www.plexus.es\/#logo\",\"inLanguage\":\"gl-ES\",\"url\":\"https:\/\/www.plexus.es\/wp-content\/uploads\/2021\/11\/logo-plexus-2021.png\",\"contentUrl\":\"https:\/\/www.plexus.es\/wp-content\/uploads\/2021\/11\/logo-plexus-2021.png\",\"width\":600,\"height\":600,\"caption\":\"Plexus Tech\"},\"image\":{\"@id\":\"https:\/\/www.plexus.es\/#logo\"}},{\"@type\":\"WebSite\",\"@id\":\"https:\/\/www.plexus.es\/#website\",\"url\":\"https:\/\/www.plexus.es\/\",\"name\":\"Plexus Tech\",\"description\":\"Tecnolog\\u00eda con Alma\",\"publisher\":{\"@id\":\"https:\/\/www.plexus.es\/#organization\"},\"potentialAction\":[{\"@type\":\"SearchAction\",\"target\":{\"@type\":\"EntryPoint\",\"urlTemplate\":\"https:\/\/www.plexus.es\/?s={search_term_string}\"},\"query-input\":\"required name=search_term_string\"}],\"inLanguage\":\"gl-ES\"},{\"@type\":\"ImageObject\",\"@id\":\"https:\/\/www.plexus.es\/plexus-tech-meeting-proyecto-accordion\/#primaryimage\",\"inLanguage\":\"gl-ES\",\"url\":\"https:\/\/www.plexus.es\/wp-content\/uploads\/2023\/03\/Asistentes-Evento-Accordion-en-la-sede-de-Plexus-Tech-Web.png\",\"contentUrl\":\"https:\/\/www.plexus.es\/wp-content\/uploads\/2023\/03\/Asistentes-Evento-Accordion-en-la-sede-de-Plexus-Tech-Web.png\",\"width\":948,\"height\":600,\"caption\":\"Asistentes al Plenary Meeting de Accordion celebrado en la sede de Plexus Tech en Santiago de Compostela.\"},{\"@type\":\"WebPage\",\"@id\":\"https:\/\/www.plexus.es\/plexus-tech-meeting-proyecto-accordion\/#webpage\",\"url\":\"https:\/\/www.plexus.es\/plexus-tech-meeting-proyecto-accordion\/\",\"name\":\"Plexus Tech, sede de un gran Plenary Meeting del proyecto Accordion\",\"isPartOf\":{\"@id\":\"https:\/\/www.plexus.es\/#website\"},\"primaryImageOfPage\":{\"@id\":\"https:\/\/www.plexus.es\/plexus-tech-meeting-proyecto-accordion\/#primaryimage\"},\"datePublished\":\"2023-03-21T17:03:25+00:00\",\"dateModified\":\"2023-03-24T08:10:59+00:00\",\"description\":\"La sede de Santiago de Plexus Tech acogi\\u00f3 el encuentro del proyecto europeo Accordion, que sirvi\\u00f3 para culminar los casos de uso.\",\"breadcrumb\":{\"@id\":\"https:\/\/www.plexus.es\/plexus-tech-meeting-proyecto-accordion\/#breadcrumb\"},\"inLanguage\":\"gl-ES\",\"potentialAction\":[{\"@type\":\"ReadAction\",\"target\":[\"https:\/\/www.plexus.es\/plexus-tech-meeting-proyecto-accordion\/\"]}]},{\"@type\":\"BreadcrumbList\",\"@id\":\"https:\/\/www.plexus.es\/plexus-tech-meeting-proyecto-accordion\/#breadcrumb\",\"itemListElement\":[{\"@type\":\"ListItem\",\"position\":1,\"name\":\"Home\",\"item\":\"https:\/\/www.plexus.es\/\"},{\"@type\":\"ListItem\",\"position\":2,\"name\":\"Plexus Tech, sede de un gran Plenary Meeting del proyecto Accordion\"}]},{\"@type\":\"Article\",\"@id\":\"https:\/\/www.plexus.es\/plexus-tech-meeting-proyecto-accordion\/#article\",\"isPartOf\":{\"@id\":\"https:\/\/www.plexus.es\/plexus-tech-meeting-proyecto-accordion\/#webpage\"},\"author\":{\"@id\":\"https:\/\/www.plexus.es\/#\/schema\/person\/8f02d5ce6d7b659fa68b0e90317c5171\"},\"headline\":\"Plexus Tech, sede de un gran Plenary Meeting del proyecto Accordion\",\"datePublished\":\"2023-03-21T17:03:25+00:00\",\"dateModified\":\"2023-03-24T08:10:59+00:00\",\"mainEntityOfPage\":{\"@id\":\"https:\/\/www.plexus.es\/plexus-tech-meeting-proyecto-accordion\/#webpage\"},\"wordCount\":1906,\"commentCount\":0,\"publisher\":{\"@id\":\"https:\/\/www.plexus.es\/#organization\"},\"image\":{\"@id\":\"https:\/\/www.plexus.es\/plexus-tech-meeting-proyecto-accordion\/#primaryimage\"},\"thumbnailUrl\":\"https:\/\/www.plexus.es\/wp-content\/uploads\/2023\/03\/Asistentes-Evento-Accordion-en-la-sede-de-Plexus-Tech-Web.png\",\"articleSection\":[\"Eventos\",\"Tech&amp;Innovaci\\u00f3n\"],\"inLanguage\":\"gl-ES\",\"potentialAction\":[{\"@type\":\"CommentAction\",\"name\":\"Comment\",\"target\":[\"https:\/\/www.plexus.es\/plexus-tech-meeting-proyecto-accordion\/#respond\"]}]},{\"@type\":\"Person\",\"@id\":\"https:\/\/www.plexus.es\/#\/schema\/person\/8f02d5ce6d7b659fa68b0e90317c5171\",\"name\":\"admin_plexus\",\"image\":{\"@type\":\"ImageObject\",\"@id\":\"https:\/\/www.plexus.es\/#personlogo\",\"inLanguage\":\"gl-ES\",\"url\":\"https:\/\/secure.gravatar.com\/avatar\/c1d7caf9a4063a74393abcf91991e9cd?s=96&d=mm&r=g\",\"contentUrl\":\"https:\/\/secure.gravatar.com\/avatar\/c1d7caf9a4063a74393abcf91991e9cd?s=96&d=mm&r=g\",\"caption\":\"admin_plexus\"},\"sameAs\":[\"https:\/\/www.plexus.es\"]}]}<\/script>\n<!-- \/ Yoast SEO plugin. -->","yoast_head_json":{"title":"Plexus Tech, sede de un gran Plenary Meeting del proyecto Accordion","description":"La sede de Santiago de Plexus Tech acogi\u00f3 el encuentro del proyecto europeo Accordion, que sirvi\u00f3 para culminar los casos de uso.","robots":{"index":"index","follow":"follow","max-snippet":"max-snippet:-1","max-image-preview":"max-image-preview:large","max-video-preview":"max-video-preview:-1"},"canonical":"https:\/\/www.plexus.es\/plexus-tech-meeting-proyecto-accordion\/","og_locale":"gl_ES","og_type":"article","og_title":"Plexus Tech, sede de un gran Plenary Meeting del proyecto Accordion","og_description":"La sede de Santiago de Plexus Tech acogi\u00f3 el encuentro del proyecto europeo Accordion, que sirvi\u00f3 para culminar los casos de uso.","og_url":"https:\/\/www.plexus.es\/plexus-tech-meeting-proyecto-accordion\/","og_site_name":"Plexus Tech","article_publisher":"https:\/\/www.facebook.com\/Plexus.Techno","article_published_time":"2023-03-21T17:03:25+00:00","article_modified_time":"2023-03-24T08:10:59+00:00","og_image":[{"width":948,"height":600,"url":"https:\/\/www.plexus.es\/wp-content\/uploads\/2023\/03\/Asistentes-Evento-Accordion-en-la-sede-de-Plexus-Tech-Web.png","type":"image\/png"}],"twitter_card":"summary_large_image","twitter_creator":"@plexustech_","twitter_site":"@plexustech_","twitter_misc":{"Escrito por":"admin_plexus","Tempo de lectura":"5 minutos"},"schema":{"@context":"https:\/\/schema.org","@graph":[{"@type":"Organization","@id":"https:\/\/www.plexus.es\/#organization","name":"Plexus Tech","url":"https:\/\/www.plexus.es\/","sameAs":["https:\/\/www.facebook.com\/Plexus.Techno","https:\/\/www.instagram.com\/plexus.tech\/","https:\/\/www.linkedin.com\/company\/plexus-tech\/mycompany\/","https:\/\/www.youtube.com\/user\/tecnologiasplexus","https:\/\/twitter.com\/plexustech_"],"logo":{"@type":"ImageObject","@id":"https:\/\/www.plexus.es\/#logo","inLanguage":"gl-ES","url":"https:\/\/www.plexus.es\/wp-content\/uploads\/2021\/11\/logo-plexus-2021.png","contentUrl":"https:\/\/www.plexus.es\/wp-content\/uploads\/2021\/11\/logo-plexus-2021.png","width":600,"height":600,"caption":"Plexus Tech"},"image":{"@id":"https:\/\/www.plexus.es\/#logo"}},{"@type":"WebSite","@id":"https:\/\/www.plexus.es\/#website","url":"https:\/\/www.plexus.es\/","name":"Plexus Tech","description":"Tecnolog\u00eda con Alma","publisher":{"@id":"https:\/\/www.plexus.es\/#organization"},"potentialAction":[{"@type":"SearchAction","target":{"@type":"EntryPoint","urlTemplate":"https:\/\/www.plexus.es\/?s={search_term_string}"},"query-input":"required name=search_term_string"}],"inLanguage":"gl-ES"},{"@type":"ImageObject","@id":"https:\/\/www.plexus.es\/plexus-tech-meeting-proyecto-accordion\/#primaryimage","inLanguage":"gl-ES","url":"https:\/\/www.plexus.es\/wp-content\/uploads\/2023\/03\/Asistentes-Evento-Accordion-en-la-sede-de-Plexus-Tech-Web.png","contentUrl":"https:\/\/www.plexus.es\/wp-content\/uploads\/2023\/03\/Asistentes-Evento-Accordion-en-la-sede-de-Plexus-Tech-Web.png","width":948,"height":600,"caption":"Asistentes al Plenary Meeting de Accordion celebrado en la sede de Plexus Tech en Santiago de Compostela."},{"@type":"WebPage","@id":"https:\/\/www.plexus.es\/plexus-tech-meeting-proyecto-accordion\/#webpage","url":"https:\/\/www.plexus.es\/plexus-tech-meeting-proyecto-accordion\/","name":"Plexus Tech, sede de un gran Plenary Meeting del proyecto Accordion","isPartOf":{"@id":"https:\/\/www.plexus.es\/#website"},"primaryImageOfPage":{"@id":"https:\/\/www.plexus.es\/plexus-tech-meeting-proyecto-accordion\/#primaryimage"},"datePublished":"2023-03-21T17:03:25+00:00","dateModified":"2023-03-24T08:10:59+00:00","description":"La sede de Santiago de Plexus Tech acogi\u00f3 el encuentro del proyecto europeo Accordion, que sirvi\u00f3 para culminar los casos de uso.","breadcrumb":{"@id":"https:\/\/www.plexus.es\/plexus-tech-meeting-proyecto-accordion\/#breadcrumb"},"inLanguage":"gl-ES","potentialAction":[{"@type":"ReadAction","target":["https:\/\/www.plexus.es\/plexus-tech-meeting-proyecto-accordion\/"]}]},{"@type":"BreadcrumbList","@id":"https:\/\/www.plexus.es\/plexus-tech-meeting-proyecto-accordion\/#breadcrumb","itemListElement":[{"@type":"ListItem","position":1,"name":"Home","item":"https:\/\/www.plexus.es\/"},{"@type":"ListItem","position":2,"name":"Plexus Tech, sede de un gran Plenary Meeting del proyecto Accordion"}]},{"@type":"Article","@id":"https:\/\/www.plexus.es\/plexus-tech-meeting-proyecto-accordion\/#article","isPartOf":{"@id":"https:\/\/www.plexus.es\/plexus-tech-meeting-proyecto-accordion\/#webpage"},"author":{"@id":"https:\/\/www.plexus.es\/#\/schema\/person\/8f02d5ce6d7b659fa68b0e90317c5171"},"headline":"Plexus Tech, sede de un gran Plenary Meeting del proyecto Accordion","datePublished":"2023-03-21T17:03:25+00:00","dateModified":"2023-03-24T08:10:59+00:00","mainEntityOfPage":{"@id":"https:\/\/www.plexus.es\/plexus-tech-meeting-proyecto-accordion\/#webpage"},"wordCount":1906,"commentCount":0,"publisher":{"@id":"https:\/\/www.plexus.es\/#organization"},"image":{"@id":"https:\/\/www.plexus.es\/plexus-tech-meeting-proyecto-accordion\/#primaryimage"},"thumbnailUrl":"https:\/\/www.plexus.es\/wp-content\/uploads\/2023\/03\/Asistentes-Evento-Accordion-en-la-sede-de-Plexus-Tech-Web.png","articleSection":["Eventos","Tech&amp;Innovaci\u00f3n"],"inLanguage":"gl-ES","potentialAction":[{"@type":"CommentAction","name":"Comment","target":["https:\/\/www.plexus.es\/plexus-tech-meeting-proyecto-accordion\/#respond"]}]},{"@type":"Person","@id":"https:\/\/www.plexus.es\/#\/schema\/person\/8f02d5ce6d7b659fa68b0e90317c5171","name":"admin_plexus","image":{"@type":"ImageObject","@id":"https:\/\/www.plexus.es\/#personlogo","inLanguage":"gl-ES","url":"https:\/\/secure.gravatar.com\/avatar\/c1d7caf9a4063a74393abcf91991e9cd?s=96&d=mm&r=g","contentUrl":"https:\/\/secure.gravatar.com\/avatar\/c1d7caf9a4063a74393abcf91991e9cd?s=96&d=mm&r=g","caption":"admin_plexus"},"sameAs":["https:\/\/www.plexus.es"]}]}},"_links":{"self":[{"href":"https:\/\/www.plexus.es\/gl\/wp-json\/wp\/v2\/posts\/32897"}],"collection":[{"href":"https:\/\/www.plexus.es\/gl\/wp-json\/wp\/v2\/posts"}],"about":[{"href":"https:\/\/www.plexus.es\/gl\/wp-json\/wp\/v2\/types\/post"}],"author":[{"embeddable":true,"href":"https:\/\/www.plexus.es\/gl\/wp-json\/wp\/v2\/users\/1"}],"replies":[{"embeddable":true,"href":"https:\/\/www.plexus.es\/gl\/wp-json\/wp\/v2\/comments?post=32897"}],"version-history":[{"count":14,"href":"https:\/\/www.plexus.es\/gl\/wp-json\/wp\/v2\/posts\/32897\/revisions"}],"predecessor-version":[{"id":32938,"href":"https:\/\/www.plexus.es\/gl\/wp-json\/wp\/v2\/posts\/32897\/revisions\/32938"}],"wp:featuredmedia":[{"embeddable":true,"href":"https:\/\/www.plexus.es\/gl\/wp-json\/wp\/v2\/media\/32986"}],"wp:attachment":[{"href":"https:\/\/www.plexus.es\/gl\/wp-json\/wp\/v2\/media?parent=32897"}],"wp:term":[{"taxonomy":"category","embeddable":true,"href":"https:\/\/www.plexus.es\/gl\/wp-json\/wp\/v2\/categories?post=32897"},{"taxonomy":"post_tag","embeddable":true,"href":"https:\/\/www.plexus.es\/gl\/wp-json\/wp\/v2\/tags?post=32897"}],"curies":[{"name":"wp","href":"https:\/\/api.w.org\/{rel}","templated":true}]}}