{"id":33322,"date":"2023-04-12T17:44:00","date_gmt":"2023-04-12T15:44:00","guid":{"rendered":"https:\/\/www.plexus.es\/?p=33322"},"modified":"2023-04-13T08:25:01","modified_gmt":"2023-04-13T06:25:01","slug":"plexus-tech-premio-fulget-2022-empresa-gallega-ano","status":"publish","type":"post","link":"https:\/\/www.plexus.es\/gl\/plexus-tech-premio-fulget-2022-empresa-gallega-ano\/","title":{"rendered":"Plexus Tech recibe el Premio Fulget 2022 a la Empresa Gallega del A\u00f1o"},"content":{"rendered":"<div class=\"fusion-fullwidth fullwidth-box fusion-builder-row-1 fusion-flex-container nonhundred-percent-fullwidth non-hundred-percent-height-scrolling\" style=\"background-color: rgba(255,255,255,0);background-position: center center;background-repeat: no-repeat;border-width: 0px 0px 0px 0px;border-color:#e8ebef;border-style:solid;\" ><div class=\"fusion-builder-row fusion-row fusion-flex-align-items-flex-start\" style=\"max-width:1310.4px;margin-left: calc(-4% \/ 2 );margin-right: calc(-4% \/ 2 );\"><div class=\"fusion-layout-column fusion_builder_column fusion-builder-column-0 fusion_builder_column_1_1 1_1 fusion-flex-column\"><div class=\"fusion-column-wrapper fusion-flex-justify-content-flex-start fusion-content-layout-column\" style=\"background-position:left top;background-repeat:no-repeat;-webkit-background-size:cover;-moz-background-size:cover;-o-background-size:cover;background-size:cover;padding: 0px 0px 0px 0px;\"><div class=\"fusion-text fusion-text-1\"><p><span data-contrast=\"auto\"><strong>Plexus Tech ha sido galardona con el Premio \u2018Fulget 2022\u2019 a la Empresa Gallega del A\u00f1o<\/strong>. La <a href=\"https:\/\/www.usc.gal\/gl\/centro\/facultade-ciencias-economicas-empresariais\/premio-fulget\" target=\"_blank\" rel=\"noopener\"><span style=\"color: #000080;\">Comisi\u00f3n de Actividades Complementarias<\/span><\/a> a la Docencia de la Facultad de Ciencias Econ\u00f3micas y Empresariales de la Universidad de Santiago de Compostela (USC) ha distinguido a la compa\u00f1\u00eda por su<\/span><span data-contrast=\"auto\"> colaboraci\u00f3n con el centro, a trav\u00e9s de acciones encaminadas a mejorar las relaciones entre la labor acad\u00e9mica y su entorno profesional. Adem\u00e1s, tambi\u00e9n se valor\u00f3 <strong>el compromiso decidido por la innovaci\u00f3n y la contribuci\u00f3n empresarial a Galicia y, particularmente, al \u00e1mbito social de la USC.\u00a0<\/strong><\/span><\/p>\n<p><span data-contrast=\"auto\">Para la elecci\u00f3n de Plexus Tech tambi\u00e9n <strong>se estim\u00f3 el crecimiento sostenible de la firma en estos \u00faltimos a\u00f1os y, especialmente, el pasado ejercicio<\/strong>. De este modo, en 2022, manteniendo la l\u00ednea ascendente, el volumen de facturaci\u00f3n ascendi\u00f3 a 124 millones de euros, un 21,8% m\u00e1s que en 2021. Asimismo, la plantilla super\u00f3 la cifra de los 2.600 profesionales, con un incremento de m\u00e1s de un 40% en comparaci\u00f3n con el cierre del a\u00f1o anterior. Gracias a ello, nos hemos convertido en una Empresa L\u00edder en el Sector TIC.<\/span><span data-ccp-props=\"{\">\u00a0<\/span><\/p>\n<p>Por ello, este <span data-contrast=\"auto\">mi\u00e9rcoles 12 de abril, Plexus Tech recibi\u00f3 el Premio Fulget 2022. La entrega de esta distinci\u00f3n estuvo enmarcada en los actos conmemorativos de la festividad de San Vicente Ferrer, patr\u00f3n de la Facultad. La<\/span><span data-contrast=\"auto\"><strong> directora de Cultura y Talento, Maribel P\u00e9rez, fue la encargada de recibirla <\/strong>de la mano de Xo\u00e1n Ram\u00f3n Dold\u00e1n Garc\u00eda, decano de la Facultad de Ciencias Econ\u00f3micas y Empresariales; Mar\u00eda Pilar Murias Fern\u00e1ndez, vicerrectora de Estudiantes y Cultura de la USC; y Mar\u00eda Jos\u00e9 Barcia Dom\u00ednguez, secretaria de la Facultad.<\/span><span data-ccp-props=\"{\">\u00a0<\/span><\/p>\n<p><span data-contrast=\"auto\">En primer lugar, con motivo del reconocimiento, <strong>Maribel P\u00e9rez quiso agradecer la elecci\u00f3n de Plexus Tech para este prestigioso galard\u00f3n. <\/strong>Lo hizo, dijo, <strong>\u201cen nombre de los m\u00e1s de 2800 compa\u00f1eros y compa\u00f1eras que forman parte de nuestra familia Plexus\u201d<\/strong>. En esta l\u00ednea, se\u00f1al\u00f3 que, en su caso, la \u201cilusi\u00f3n\u201d era doble, ya que estudi\u00f3 la carrera en las aulas de la facultad compostelana.<\/span><span data-ccp-props=\"{\">\u00a0<\/span><\/p>\n<p><span data-contrast=\"auto\">Durante su discurso, quiso poner en valor <strong>la importancia de colaboraci\u00f3n entre empresas y Universidad. \u201cSupone una gran ventaja para que los alumnos accedan de una forma m\u00e1s eficiente a su nueva etapa, la profesional<\/strong>, que a veces da tanto v\u00e9rtigo\u201d, se\u00f1al\u00f3. Por ello, reiter\u00f3 que cuanto mayor sea el conocimiento que tengan del d\u00eda a d\u00eda empresarial, \u201cm\u00e1s sencillo les resultar\u00e1 este nuevo y apasionante camino\u201d.<\/span><span data-ccp-props=\"{\">\u00a0<\/span><\/p>\n<p><span data-contrast=\"auto\">En este sentido, quiso destacar el ejemplo de la empresa.<strong> \u201cUna compa\u00f1\u00eda tecnol\u00f3gica como Plexus conoce bien lo que es <a href=\"https:\/\/www.plexus.es\/unete-al-equipo\/\" target=\"_blank\" rel=\"noopener\"><span style=\"color: #000080;\">contratar talento<\/span><\/a>y tambi\u00e9n vivimos la escasez del mismo. <\/strong>Por ello, apostamos siempre por una actualizaci\u00f3n continua de la universidad, al igual que lo hacemos las empresas en este mundo tan cambiante\u201d, destac\u00f3.<\/span><span data-ccp-props=\"{\">\u00a0<\/span><\/p>\n<p><span data-contrast=\"auto\">Por ello, defendi\u00f3 la orientaci\u00f3n de los estudios universitarios hacia la tecnolog\u00eda, ya que, como recalc\u00f3 Maribel P\u00e9rez, \u201c<strong>todas las profesiones van a tener un componente tecnol\u00f3gico de una u otra forma&#8221;<\/strong>.<\/span><span data-ccp-props=\"{\">\u00a0<\/span><\/p>\n<p><span data-contrast=\"auto\">Asimismo, ante los presentes, puso en valor tambi\u00e9n el modelo h\u00edbrido de trabajo de Plexus Tech, una filosof\u00eda \u201c<span style=\"color: #000080;\"><a style=\"color: #000080;\" href=\"https:\/\/www.plexus.es\/de-plexology-a-flexology-el-nuevo-modelo-hibrido-de-trabajo\/\" target=\"_blank\" rel=\"noopener\">flexology<\/a><\/span>\u201d que permite a la plantilla elegir su lugar de trabajo. \u201cPueden trabajar desde casa, la playa o en alguna de las 24 oficinas que tenemos en toda Espa\u00f1a, Portugal, Londres, Polonia y Alemania\u201d, remarc\u00f3.<\/span><span data-ccp-props=\"{\">\u00a0<\/span><\/p>\n<p><span data-contrast=\"auto\">En todo caso, m\u00e1s all\u00e1 de la presencia de Plexus Tech en 27 pa\u00edses, Maribel P\u00e9rez alab\u00f3 la apuesta de la empresa por Galicia. \u201c<strong>Crecer cada a\u00f1o y hacerlo con talento gallego, es tambi\u00e9n uno de nuestros objetivos<\/strong>\u201d, manifest\u00f3. Por este motivo, para cerrar su intervenci\u00f3n, reiter\u00f3 el deseo de seguir atrayendo a los mejores profesionales.<\/span><span data-ccp-props=\"{\">\u00a0<\/span><\/p>\n<p><span data-contrast=\"auto\">Cabe destacar que, con este galard\u00f3n, <strong>Plexus Tech formar\u00e1 parte del Comit\u00e9 Consultivo de Expertos Externos de la Facultad de Ciencias Econ\u00f3micas y Empresariales<\/strong>.<\/span><span data-ccp-props=\"{\">\u00a0<\/span><\/p>\n<\/div><\/div><style type=\"text\/css\">.fusion-body .fusion-builder-column-0{width:100% !important;margin-top : 20px;margin-bottom : 20px;}.fusion-builder-column-0 > .fusion-column-wrapper {padding-top : 0px !important;padding-right : 0px !important;margin-right : 1.92%;padding-bottom : 0px !important;padding-left : 0px !important;margin-left : 1.92%;}@media only screen and (max-width:1200px) {.fusion-body .fusion-builder-column-0{width:100% !important;order : 0;}.fusion-builder-column-0 > .fusion-column-wrapper {margin-right : 1.92%;margin-left : 1.92%;}}@media only screen and (max-width:640px) {.fusion-body .fusion-builder-column-0{width:100% !important;order : 0;}.fusion-builder-column-0 > .fusion-column-wrapper {margin-right : 1.92%;margin-left : 1.92%;}}<\/style><\/div><div class=\"fusion-layout-column fusion_builder_column fusion-builder-column-1 fusion_builder_column_1_2 1_2 fusion-flex-column fusion-flex-align-self-flex-start\"><div class=\"fusion-column-wrapper fusion-flex-justify-content-flex-start fusion-content-layout-column\" style=\"background-position:left top;background-repeat:no-repeat;-webkit-background-size:cover;-moz-background-size:cover;-o-background-size:cover;background-size:cover;padding: 0px 0px 0px 0px;\"><div style=\"text-align:center;\"><span class=\" fusion-imageframe imageframe-none imageframe-1 hover-type-none\" style=\"border-radius:12px;\"><img width=\"1440\" height=\"1080\" alt=\"Recogida del premio de la mano de la vicerrectora de la USC, Mar\u00eda Pilar Murias.\" title=\"Recogida del premio de la mano de la vicerrectora de la USC, Mar\u00eda Pilar Murias\" src=\"https:\/\/www.plexus.es\/wp-content\/uploads\/2023\/04\/Recogida-del-premio-de-la-mano-de-la-vicerrectora-de-la-USC-Maria-Pilar-Murias.jpg\" data-orig-src=\"https:\/\/www.plexus.es\/wp-content\/uploads\/2023\/04\/Recogida-del-premio-de-la-mano-de-la-vicerrectora-de-la-USC-Maria-Pilar-Murias.jpg\" class=\"lazyload img-responsive wp-image-33337\" srcset=\"data:image\/svg+xml,%3Csvg%20xmlns%3D%27http%3A%2F%2Fwww.w3.org%2F2000%2Fsvg%27%20width%3D%271440%27%20height%3D%271080%27%20viewBox%3D%270%200%201440%201080%27%3E%3Crect%20width%3D%271440%27%20height%3D%271080%27%20fill-opacity%3D%220%22%2F%3E%3C%2Fsvg%3E\" data-srcset=\"https:\/\/www.plexus.es\/wp-content\/uploads\/2023\/04\/Recogida-del-premio-de-la-mano-de-la-vicerrectora-de-la-USC-Maria-Pilar-Murias-200x150.jpg 200w, https:\/\/www.plexus.es\/wp-content\/uploads\/2023\/04\/Recogida-del-premio-de-la-mano-de-la-vicerrectora-de-la-USC-Maria-Pilar-Murias-400x300.jpg 400w, https:\/\/www.plexus.es\/wp-content\/uploads\/2023\/04\/Recogida-del-premio-de-la-mano-de-la-vicerrectora-de-la-USC-Maria-Pilar-Murias-600x450.jpg 600w, https:\/\/www.plexus.es\/wp-content\/uploads\/2023\/04\/Recogida-del-premio-de-la-mano-de-la-vicerrectora-de-la-USC-Maria-Pilar-Murias-800x600.jpg 800w, https:\/\/www.plexus.es\/wp-content\/uploads\/2023\/04\/Recogida-del-premio-de-la-mano-de-la-vicerrectora-de-la-USC-Maria-Pilar-Murias-1200x900.jpg 1200w, https:\/\/www.plexus.es\/wp-content\/uploads\/2023\/04\/Recogida-del-premio-de-la-mano-de-la-vicerrectora-de-la-USC-Maria-Pilar-Murias.jpg 1440w\" data-sizes=\"auto\" data-orig-sizes=\"(max-width: 640px) 100vw, 600px\" \/><\/span><\/div><\/div><style type=\"text\/css\">.fusion-body .fusion-builder-column-1{width:50% !important;margin-top : 20px;margin-bottom : 20px;}.fusion-builder-column-1 > .fusion-column-wrapper {padding-top : 0px !important;padding-right : 0px !important;margin-right : 3.84%;padding-bottom : 0px !important;padding-left : 0px !important;margin-left : 3.84%;}@media only screen and (max-width:1200px) {.fusion-body .fusion-builder-column-1{width:50% !important;order : 0;}.fusion-builder-column-1 > .fusion-column-wrapper {margin-right : 3.84%;margin-left : 3.84%;}}@media only screen and (max-width:640px) {.fusion-body .fusion-builder-column-1{width:100% !important;order : 0;}.fusion-builder-column-1 > .fusion-column-wrapper {margin-right : 1.92%;margin-left : 1.92%;}}<\/style><\/div><div class=\"fusion-layout-column fusion_builder_column fusion-builder-column-2 fusion_builder_column_1_2 1_2 fusion-flex-column fusion-flex-align-self-flex-start\"><div class=\"fusion-column-wrapper fusion-flex-justify-content-flex-start fusion-content-layout-column\" style=\"background-position:left top;background-repeat:no-repeat;-webkit-background-size:cover;-moz-background-size:cover;-o-background-size:cover;background-size:cover;padding: 0px 0px 0px 0px;\"><div ><span class=\" fusion-imageframe imageframe-none imageframe-2 hover-type-none\" style=\"border-radius:12px;\"><img width=\"758\" height=\"569\" alt=\"Maribel P\u00e9rez Vaz recogiendo el Premio Fulget 2022 en la Facultad de Ciencias Econ\u00f3micas y Empresariales de la USC.\" title=\"Maribel P\u00e9rez Vaz recogiendo el Premio Fulget 2022 en la Facultad de Econ\u00f3micas\" src=\"https:\/\/www.plexus.es\/wp-content\/uploads\/2023\/04\/Maribel-Perez-Vaz-recogiendo-el-Premio-Fulget-2022-en-la-Facultad-de-Economicas.png\" data-orig-src=\"https:\/\/www.plexus.es\/wp-content\/uploads\/2023\/04\/Maribel-Perez-Vaz-recogiendo-el-Premio-Fulget-2022-en-la-Facultad-de-Economicas.png\" class=\"lazyload img-responsive wp-image-33331\" srcset=\"data:image\/svg+xml,%3Csvg%20xmlns%3D%27http%3A%2F%2Fwww.w3.org%2F2000%2Fsvg%27%20width%3D%27758%27%20height%3D%27569%27%20viewBox%3D%270%200%20758%20569%27%3E%3Crect%20width%3D%27758%27%20height%3D%27569%27%20fill-opacity%3D%220%22%2F%3E%3C%2Fsvg%3E\" data-srcset=\"https:\/\/www.plexus.es\/wp-content\/uploads\/2023\/04\/Maribel-Perez-Vaz-recogiendo-el-Premio-Fulget-2022-en-la-Facultad-de-Economicas-200x150.png 200w, https:\/\/www.plexus.es\/wp-content\/uploads\/2023\/04\/Maribel-Perez-Vaz-recogiendo-el-Premio-Fulget-2022-en-la-Facultad-de-Economicas-400x300.png 400w, https:\/\/www.plexus.es\/wp-content\/uploads\/2023\/04\/Maribel-Perez-Vaz-recogiendo-el-Premio-Fulget-2022-en-la-Facultad-de-Economicas-600x450.png 600w, https:\/\/www.plexus.es\/wp-content\/uploads\/2023\/04\/Maribel-Perez-Vaz-recogiendo-el-Premio-Fulget-2022-en-la-Facultad-de-Economicas.png 758w\" data-sizes=\"auto\" data-orig-sizes=\"(max-width: 640px) 100vw, 600px\" \/><\/span><\/div><\/div><style type=\"text\/css\">.fusion-body .fusion-builder-column-2{width:50% !important;margin-top : 20px;margin-bottom : 20px;}.fusion-builder-column-2 > .fusion-column-wrapper {padding-top : 0px !important;padding-right : 0px !important;margin-right : 3.84%;padding-bottom : 0px !important;padding-left : 0px !important;margin-left : 3.84%;}@media only screen and (max-width:1200px) {.fusion-body .fusion-builder-column-2{width:50% !important;order : 0;}.fusion-builder-column-2 > .fusion-column-wrapper {margin-right : 3.84%;margin-left : 3.84%;}}@media only screen and (max-width:640px) {.fusion-body .fusion-builder-column-2{width:100% !important;order : 0;}.fusion-builder-column-2 > .fusion-column-wrapper {margin-right : 1.92%;margin-left : 1.92%;}}<\/style><\/div><\/div><style type=\"text\/css\">.fusion-body .fusion-flex-container.fusion-builder-row-1{ padding-top : 0px;margin-top : 0px;padding-right : 0px;padding-bottom : 0px;margin-bottom : 0px;padding-left : 0px;}<\/style><\/div>\n","protected":false},"excerpt":{"rendered":"<p>La Facultad de Ciencias Econ\u00f3micas y Empresariales de la USC valor\u00f3 la colaboraci\u00f3n de Plexus Tech con el \u00e1mbito acad\u00e9mico y su apuesta por la innovaci\u00f3n.<\/p>\n","protected":false},"author":1,"featured_media":33323,"comment_status":"open","ping_status":"open","sticky":false,"template":"","format":"standard","meta":[],"categories":[109,105],"tags":[],"yoast_head":"<!-- This site is optimized with the Yoast SEO plugin v17.4 - https:\/\/yoast.com\/wordpress\/plugins\/seo\/ -->\n<title>Plexus Tech recibe el Premio Fulget 2022 a la Empresa Gallega del A\u00f1o<\/title>\n<meta name=\"description\" content=\"Plexus Tech gan\u00f3 el Premio Fulget 2022 por su colaboraci\u00f3n con la Facultad y su entorno profesional y su apuesta decidida por la innovaci\u00f3n.\" \/>\n<meta name=\"robots\" content=\"index, follow, max-snippet:-1, max-image-preview:large, max-video-preview:-1\" \/>\n<link rel=\"canonical\" href=\"https:\/\/www.plexus.es\/plexus-tech-premio-fulget-2022-empresa-gallega-ano\/\" \/>\n<meta property=\"og:locale\" content=\"gl_ES\" \/>\n<meta property=\"og:type\" content=\"article\" \/>\n<meta property=\"og:title\" content=\"Plexus Tech recibe el Premio Fulget 2022 a la Empresa Gallega del A\u00f1o\" \/>\n<meta property=\"og:description\" content=\"Plexus Tech gan\u00f3 el Premio Fulget 2022 por su colaboraci\u00f3n con la Facultad y su entorno profesional y su apuesta decidida por la innovaci\u00f3n.\" \/>\n<meta property=\"og:url\" content=\"https:\/\/www.plexus.es\/plexus-tech-premio-fulget-2022-empresa-gallega-ano\/\" \/>\n<meta property=\"og:site_name\" content=\"Plexus Tech\" \/>\n<meta property=\"article:publisher\" content=\"https:\/\/www.facebook.com\/Plexus.Techno\" \/>\n<meta property=\"article:published_time\" content=\"2023-04-12T15:44:00+00:00\" \/>\n<meta property=\"article:modified_time\" content=\"2023-04-13T06:25:01+00:00\" \/>\n<meta property=\"og:image\" content=\"https:\/\/www.plexus.es\/wp-content\/uploads\/2023\/04\/Maribel-Perez-Vaz-recogiendo-el-Premio-Fulget-2022-en-Santiago.jpg\" \/>\n\t<meta property=\"og:image:width\" content=\"948\" \/>\n\t<meta property=\"og:image:height\" content=\"600\" \/>\n<meta name=\"twitter:card\" content=\"summary_large_image\" \/>\n<meta name=\"twitter:creator\" content=\"@plexustech_\" \/>\n<meta name=\"twitter:site\" content=\"@plexustech_\" \/>\n<meta name=\"twitter:label1\" content=\"Escrito por\" \/>\n\t<meta name=\"twitter:data1\" content=\"admin_plexus\" \/>\n\t<meta name=\"twitter:label2\" content=\"Tempo de lectura\" \/>\n\t<meta name=\"twitter:data2\" content=\"6 minutos\" \/>\n<script type=\"application\/ld+json\" class=\"yoast-schema-graph\">{\"@context\":\"https:\/\/schema.org\",\"@graph\":[{\"@type\":\"Organization\",\"@id\":\"https:\/\/www.plexus.es\/#organization\",\"name\":\"Plexus Tech\",\"url\":\"https:\/\/www.plexus.es\/\",\"sameAs\":[\"https:\/\/www.facebook.com\/Plexus.Techno\",\"https:\/\/www.instagram.com\/plexus.tech\/\",\"https:\/\/www.linkedin.com\/company\/plexus-tech\/mycompany\/\",\"https:\/\/www.youtube.com\/user\/tecnologiasplexus\",\"https:\/\/twitter.com\/plexustech_\"],\"logo\":{\"@type\":\"ImageObject\",\"@id\":\"https:\/\/www.plexus.es\/#logo\",\"inLanguage\":\"gl-ES\",\"url\":\"https:\/\/www.plexus.es\/wp-content\/uploads\/2021\/11\/logo-plexus-2021.png\",\"contentUrl\":\"https:\/\/www.plexus.es\/wp-content\/uploads\/2021\/11\/logo-plexus-2021.png\",\"width\":600,\"height\":600,\"caption\":\"Plexus Tech\"},\"image\":{\"@id\":\"https:\/\/www.plexus.es\/#logo\"}},{\"@type\":\"WebSite\",\"@id\":\"https:\/\/www.plexus.es\/#website\",\"url\":\"https:\/\/www.plexus.es\/\",\"name\":\"Plexus Tech\",\"description\":\"Tecnolog\\u00eda con Alma\",\"publisher\":{\"@id\":\"https:\/\/www.plexus.es\/#organization\"},\"potentialAction\":[{\"@type\":\"SearchAction\",\"target\":{\"@type\":\"EntryPoint\",\"urlTemplate\":\"https:\/\/www.plexus.es\/?s={search_term_string}\"},\"query-input\":\"required name=search_term_string\"}],\"inLanguage\":\"gl-ES\"},{\"@type\":\"ImageObject\",\"@id\":\"https:\/\/www.plexus.es\/plexus-tech-premio-fulget-2022-empresa-gallega-ano\/#primaryimage\",\"inLanguage\":\"gl-ES\",\"url\":\"https:\/\/www.plexus.es\/wp-content\/uploads\/2023\/04\/Maribel-Perez-Vaz-recogiendo-el-Premio-Fulget-2022-en-Santiago.jpg\",\"contentUrl\":\"https:\/\/www.plexus.es\/wp-content\/uploads\/2023\/04\/Maribel-Perez-Vaz-recogiendo-el-Premio-Fulget-2022-en-Santiago.jpg\",\"width\":948,\"height\":600,\"caption\":\"Maribel P\\u00e9rez Vaz recogiendo el Premio Fulget 2022 en Santiago\"},{\"@type\":\"WebPage\",\"@id\":\"https:\/\/www.plexus.es\/plexus-tech-premio-fulget-2022-empresa-gallega-ano\/#webpage\",\"url\":\"https:\/\/www.plexus.es\/plexus-tech-premio-fulget-2022-empresa-gallega-ano\/\",\"name\":\"Plexus Tech recibe el Premio Fulget 2022 a la Empresa Gallega del A\\u00f1o\",\"isPartOf\":{\"@id\":\"https:\/\/www.plexus.es\/#website\"},\"primaryImageOfPage\":{\"@id\":\"https:\/\/www.plexus.es\/plexus-tech-premio-fulget-2022-empresa-gallega-ano\/#primaryimage\"},\"datePublished\":\"2023-04-12T15:44:00+00:00\",\"dateModified\":\"2023-04-13T06:25:01+00:00\",\"description\":\"Plexus Tech gan\\u00f3 el Premio Fulget 2022 por su colaboraci\\u00f3n con la Facultad y su entorno profesional y su apuesta decidida por la innovaci\\u00f3n.\",\"breadcrumb\":{\"@id\":\"https:\/\/www.plexus.es\/plexus-tech-premio-fulget-2022-empresa-gallega-ano\/#breadcrumb\"},\"inLanguage\":\"gl-ES\",\"potentialAction\":[{\"@type\":\"ReadAction\",\"target\":[\"https:\/\/www.plexus.es\/plexus-tech-premio-fulget-2022-empresa-gallega-ano\/\"]}]},{\"@type\":\"BreadcrumbList\",\"@id\":\"https:\/\/www.plexus.es\/plexus-tech-premio-fulget-2022-empresa-gallega-ano\/#breadcrumb\",\"itemListElement\":[{\"@type\":\"ListItem\",\"position\":1,\"name\":\"Home\",\"item\":\"https:\/\/www.plexus.es\/\"},{\"@type\":\"ListItem\",\"position\":2,\"name\":\"Plexus Tech recibe el Premio Fulget 2022 a la Empresa Gallega del A\\u00f1o\"}]},{\"@type\":\"Article\",\"@id\":\"https:\/\/www.plexus.es\/plexus-tech-premio-fulget-2022-empresa-gallega-ano\/#article\",\"isPartOf\":{\"@id\":\"https:\/\/www.plexus.es\/plexus-tech-premio-fulget-2022-empresa-gallega-ano\/#webpage\"},\"author\":{\"@id\":\"https:\/\/www.plexus.es\/#\/schema\/person\/8f02d5ce6d7b659fa68b0e90317c5171\"},\"headline\":\"Plexus Tech recibe el Premio Fulget 2022 a la Empresa Gallega del A\\u00f1o\",\"datePublished\":\"2023-04-12T15:44:00+00:00\",\"dateModified\":\"2023-04-13T06:25:01+00:00\",\"mainEntityOfPage\":{\"@id\":\"https:\/\/www.plexus.es\/plexus-tech-premio-fulget-2022-empresa-gallega-ano\/#webpage\"},\"wordCount\":2161,\"commentCount\":0,\"publisher\":{\"@id\":\"https:\/\/www.plexus.es\/#organization\"},\"image\":{\"@id\":\"https:\/\/www.plexus.es\/plexus-tech-premio-fulget-2022-empresa-gallega-ano\/#primaryimage\"},\"thumbnailUrl\":\"https:\/\/www.plexus.es\/wp-content\/uploads\/2023\/04\/Maribel-Perez-Vaz-recogiendo-el-Premio-Fulget-2022-en-Santiago.jpg\",\"articleSection\":[\"Compromiso\",\"Tech&amp;Innovaci\\u00f3n\"],\"inLanguage\":\"gl-ES\",\"potentialAction\":[{\"@type\":\"CommentAction\",\"name\":\"Comment\",\"target\":[\"https:\/\/www.plexus.es\/plexus-tech-premio-fulget-2022-empresa-gallega-ano\/#respond\"]}]},{\"@type\":\"Person\",\"@id\":\"https:\/\/www.plexus.es\/#\/schema\/person\/8f02d5ce6d7b659fa68b0e90317c5171\",\"name\":\"admin_plexus\",\"image\":{\"@type\":\"ImageObject\",\"@id\":\"https:\/\/www.plexus.es\/#personlogo\",\"inLanguage\":\"gl-ES\",\"url\":\"https:\/\/secure.gravatar.com\/avatar\/c1d7caf9a4063a74393abcf91991e9cd?s=96&d=mm&r=g\",\"contentUrl\":\"https:\/\/secure.gravatar.com\/avatar\/c1d7caf9a4063a74393abcf91991e9cd?s=96&d=mm&r=g\",\"caption\":\"admin_plexus\"},\"sameAs\":[\"https:\/\/www.plexus.es\"]}]}<\/script>\n<!-- \/ Yoast SEO plugin. -->","yoast_head_json":{"title":"Plexus Tech recibe el Premio Fulget 2022 a la Empresa Gallega del A\u00f1o","description":"Plexus Tech gan\u00f3 el Premio Fulget 2022 por su colaboraci\u00f3n con la Facultad y su entorno profesional y su apuesta decidida por la innovaci\u00f3n.","robots":{"index":"index","follow":"follow","max-snippet":"max-snippet:-1","max-image-preview":"max-image-preview:large","max-video-preview":"max-video-preview:-1"},"canonical":"https:\/\/www.plexus.es\/plexus-tech-premio-fulget-2022-empresa-gallega-ano\/","og_locale":"gl_ES","og_type":"article","og_title":"Plexus Tech recibe el Premio Fulget 2022 a la Empresa Gallega del A\u00f1o","og_description":"Plexus Tech gan\u00f3 el Premio Fulget 2022 por su colaboraci\u00f3n con la Facultad y su entorno profesional y su apuesta decidida por la innovaci\u00f3n.","og_url":"https:\/\/www.plexus.es\/plexus-tech-premio-fulget-2022-empresa-gallega-ano\/","og_site_name":"Plexus Tech","article_publisher":"https:\/\/www.facebook.com\/Plexus.Techno","article_published_time":"2023-04-12T15:44:00+00:00","article_modified_time":"2023-04-13T06:25:01+00:00","og_image":[{"width":948,"height":600,"url":"https:\/\/www.plexus.es\/wp-content\/uploads\/2023\/04\/Maribel-Perez-Vaz-recogiendo-el-Premio-Fulget-2022-en-Santiago.jpg","type":"image\/jpeg"}],"twitter_card":"summary_large_image","twitter_creator":"@plexustech_","twitter_site":"@plexustech_","twitter_misc":{"Escrito por":"admin_plexus","Tempo de lectura":"6 minutos"},"schema":{"@context":"https:\/\/schema.org","@graph":[{"@type":"Organization","@id":"https:\/\/www.plexus.es\/#organization","name":"Plexus Tech","url":"https:\/\/www.plexus.es\/","sameAs":["https:\/\/www.facebook.com\/Plexus.Techno","https:\/\/www.instagram.com\/plexus.tech\/","https:\/\/www.linkedin.com\/company\/plexus-tech\/mycompany\/","https:\/\/www.youtube.com\/user\/tecnologiasplexus","https:\/\/twitter.com\/plexustech_"],"logo":{"@type":"ImageObject","@id":"https:\/\/www.plexus.es\/#logo","inLanguage":"gl-ES","url":"https:\/\/www.plexus.es\/wp-content\/uploads\/2021\/11\/logo-plexus-2021.png","contentUrl":"https:\/\/www.plexus.es\/wp-content\/uploads\/2021\/11\/logo-plexus-2021.png","width":600,"height":600,"caption":"Plexus Tech"},"image":{"@id":"https:\/\/www.plexus.es\/#logo"}},{"@type":"WebSite","@id":"https:\/\/www.plexus.es\/#website","url":"https:\/\/www.plexus.es\/","name":"Plexus Tech","description":"Tecnolog\u00eda con Alma","publisher":{"@id":"https:\/\/www.plexus.es\/#organization"},"potentialAction":[{"@type":"SearchAction","target":{"@type":"EntryPoint","urlTemplate":"https:\/\/www.plexus.es\/?s={search_term_string}"},"query-input":"required name=search_term_string"}],"inLanguage":"gl-ES"},{"@type":"ImageObject","@id":"https:\/\/www.plexus.es\/plexus-tech-premio-fulget-2022-empresa-gallega-ano\/#primaryimage","inLanguage":"gl-ES","url":"https:\/\/www.plexus.es\/wp-content\/uploads\/2023\/04\/Maribel-Perez-Vaz-recogiendo-el-Premio-Fulget-2022-en-Santiago.jpg","contentUrl":"https:\/\/www.plexus.es\/wp-content\/uploads\/2023\/04\/Maribel-Perez-Vaz-recogiendo-el-Premio-Fulget-2022-en-Santiago.jpg","width":948,"height":600,"caption":"Maribel P\u00e9rez Vaz recogiendo el Premio Fulget 2022 en Santiago"},{"@type":"WebPage","@id":"https:\/\/www.plexus.es\/plexus-tech-premio-fulget-2022-empresa-gallega-ano\/#webpage","url":"https:\/\/www.plexus.es\/plexus-tech-premio-fulget-2022-empresa-gallega-ano\/","name":"Plexus Tech recibe el Premio Fulget 2022 a la Empresa Gallega del A\u00f1o","isPartOf":{"@id":"https:\/\/www.plexus.es\/#website"},"primaryImageOfPage":{"@id":"https:\/\/www.plexus.es\/plexus-tech-premio-fulget-2022-empresa-gallega-ano\/#primaryimage"},"datePublished":"2023-04-12T15:44:00+00:00","dateModified":"2023-04-13T06:25:01+00:00","description":"Plexus Tech gan\u00f3 el Premio Fulget 2022 por su colaboraci\u00f3n con la Facultad y su entorno profesional y su apuesta decidida por la innovaci\u00f3n.","breadcrumb":{"@id":"https:\/\/www.plexus.es\/plexus-tech-premio-fulget-2022-empresa-gallega-ano\/#breadcrumb"},"inLanguage":"gl-ES","potentialAction":[{"@type":"ReadAction","target":["https:\/\/www.plexus.es\/plexus-tech-premio-fulget-2022-empresa-gallega-ano\/"]}]},{"@type":"BreadcrumbList","@id":"https:\/\/www.plexus.es\/plexus-tech-premio-fulget-2022-empresa-gallega-ano\/#breadcrumb","itemListElement":[{"@type":"ListItem","position":1,"name":"Home","item":"https:\/\/www.plexus.es\/"},{"@type":"ListItem","position":2,"name":"Plexus Tech recibe el Premio Fulget 2022 a la Empresa Gallega del A\u00f1o"}]},{"@type":"Article","@id":"https:\/\/www.plexus.es\/plexus-tech-premio-fulget-2022-empresa-gallega-ano\/#article","isPartOf":{"@id":"https:\/\/www.plexus.es\/plexus-tech-premio-fulget-2022-empresa-gallega-ano\/#webpage"},"author":{"@id":"https:\/\/www.plexus.es\/#\/schema\/person\/8f02d5ce6d7b659fa68b0e90317c5171"},"headline":"Plexus Tech recibe el Premio Fulget 2022 a la Empresa Gallega del A\u00f1o","datePublished":"2023-04-12T15:44:00+00:00","dateModified":"2023-04-13T06:25:01+00:00","mainEntityOfPage":{"@id":"https:\/\/www.plexus.es\/plexus-tech-premio-fulget-2022-empresa-gallega-ano\/#webpage"},"wordCount":2161,"commentCount":0,"publisher":{"@id":"https:\/\/www.plexus.es\/#organization"},"image":{"@id":"https:\/\/www.plexus.es\/plexus-tech-premio-fulget-2022-empresa-gallega-ano\/#primaryimage"},"thumbnailUrl":"https:\/\/www.plexus.es\/wp-content\/uploads\/2023\/04\/Maribel-Perez-Vaz-recogiendo-el-Premio-Fulget-2022-en-Santiago.jpg","articleSection":["Compromiso","Tech&amp;Innovaci\u00f3n"],"inLanguage":"gl-ES","potentialAction":[{"@type":"CommentAction","name":"Comment","target":["https:\/\/www.plexus.es\/plexus-tech-premio-fulget-2022-empresa-gallega-ano\/#respond"]}]},{"@type":"Person","@id":"https:\/\/www.plexus.es\/#\/schema\/person\/8f02d5ce6d7b659fa68b0e90317c5171","name":"admin_plexus","image":{"@type":"ImageObject","@id":"https:\/\/www.plexus.es\/#personlogo","inLanguage":"gl-ES","url":"https:\/\/secure.gravatar.com\/avatar\/c1d7caf9a4063a74393abcf91991e9cd?s=96&d=mm&r=g","contentUrl":"https:\/\/secure.gravatar.com\/avatar\/c1d7caf9a4063a74393abcf91991e9cd?s=96&d=mm&r=g","caption":"admin_plexus"},"sameAs":["https:\/\/www.plexus.es"]}]}},"_links":{"self":[{"href":"https:\/\/www.plexus.es\/gl\/wp-json\/wp\/v2\/posts\/33322"}],"collection":[{"href":"https:\/\/www.plexus.es\/gl\/wp-json\/wp\/v2\/posts"}],"about":[{"href":"https:\/\/www.plexus.es\/gl\/wp-json\/wp\/v2\/types\/post"}],"author":[{"embeddable":true,"href":"https:\/\/www.plexus.es\/gl\/wp-json\/wp\/v2\/users\/1"}],"replies":[{"embeddable":true,"href":"https:\/\/www.plexus.es\/gl\/wp-json\/wp\/v2\/comments?post=33322"}],"version-history":[{"count":7,"href":"https:\/\/www.plexus.es\/gl\/wp-json\/wp\/v2\/posts\/33322\/revisions"}],"predecessor-version":[{"id":33347,"href":"https:\/\/www.plexus.es\/gl\/wp-json\/wp\/v2\/posts\/33322\/revisions\/33347"}],"wp:featuredmedia":[{"embeddable":true,"href":"https:\/\/www.plexus.es\/gl\/wp-json\/wp\/v2\/media\/33323"}],"wp:attachment":[{"href":"https:\/\/www.plexus.es\/gl\/wp-json\/wp\/v2\/media?parent=33322"}],"wp:term":[{"taxonomy":"category","embeddable":true,"href":"https:\/\/www.plexus.es\/gl\/wp-json\/wp\/v2\/categories?post=33322"},{"taxonomy":"post_tag","embeddable":true,"href":"https:\/\/www.plexus.es\/gl\/wp-json\/wp\/v2\/tags?post=33322"}],"curies":[{"name":"wp","href":"https:\/\/api.w.org\/{rel}","templated":true}]}}