{"id":33452,"date":"2023-04-24T16:05:09","date_gmt":"2023-04-24T14:05:09","guid":{"rendered":"https:\/\/www.plexus.es\/?p=33452"},"modified":"2024-05-22T14:31:46","modified_gmt":"2024-05-22T12:31:46","slug":"plexus-tech-se-refuerza-soluciones-gestion-de-talento","status":"publish","type":"post","link":"https:\/\/www.plexus.es\/gl\/plexus-tech-se-refuerza-soluciones-gestion-de-talento\/","title":{"rendered":"Plexus Tech integra herramientas punteras para gesti\u00f3n de talento"},"content":{"rendered":"<div class=\"fusion-fullwidth fullwidth-box fusion-builder-row-1 fusion-flex-container nonhundred-percent-fullwidth non-hundred-percent-height-scrolling\" style=\"background-color: rgba(255,255,255,0);background-position: center center;background-repeat: no-repeat;border-width: 0px 0px 0px 0px;border-color:#e8ebef;border-style:solid;\" ><div class=\"fusion-builder-row fusion-row fusion-flex-align-items-flex-start\" style=\"max-width:1310.4px;margin-left: calc(-4% \/ 2 );margin-right: calc(-4% \/ 2 );\"><div class=\"fusion-layout-column fusion_builder_column fusion-builder-column-0 fusion_builder_column_1_1 1_1 fusion-flex-column\"><div class=\"fusion-column-wrapper fusion-flex-justify-content-flex-start fusion-content-layout-column\" style=\"background-position:left top;background-repeat:no-repeat;-webkit-background-size:cover;-moz-background-size:cover;-o-background-size:cover;background-size:cover;padding: 0px 0px 0px 0px;\"><div class=\"fusion-text fusion-text-1\"><h2>Plexus Tech incorpora la gesti\u00f3n de talento a sus soluciones tecnol\u00f3gicas para clientes.<\/h2>\n<p><strong>Plexus Tech sigue su senda de crecimiento sostenible con la integraci\u00f3n de Br\u00fccke. La consultora tecnol\u00f3gica hiperespecializada en la implantaci\u00f3n de soluciones para la gesti\u00f3n de talento<\/strong>, pasa a formar parte de la compa\u00f1\u00eda. A la vez, Plexus Tech suma tambi\u00e9n a su <a href=\"https:\/\/www.plexus.es\/servicios\/\" target=\"_blank\" rel=\"noopener\"><span style=\"color: #000080;\">cartera de servicios<\/span><\/a> la herramienta <em>SAP<\/em>, software de referencia para la gesti\u00f3n centralizada del personal.<\/p>\n<p><strong>En esta l\u00ednea, la compa\u00f1\u00eda asume el acuerdo de partnership con <em>SAP<\/em> para la implantaci\u00f3n y mantenimiento de las herramientas punteras <em>SAP HCM<\/em> y su evoluci\u00f3n en la nube <a href=\"https:\/\/www.sap.com\/spain\/cmp\/dg\/success-factors-constellation-research\/index.html?campaigncode=crm-ya22-int-1517073&amp;source=ppc-es-google_ads-search-71700000104590093-58700008223232831-hxm_hxm-x-x-x&amp;dfa=1&amp;gad=1&amp;gclid=EAIaIQobChMIp_SL06_C_gIVCOR3Ch3mEwyMEAAYASAAEgLfO_D_BwE&amp;gclsrc=aw.ds\" target=\"_blank\" rel=\"noopener\"><em>SAP SuccessFactor<\/em><\/a>.<\/strong> Estas aplicaciones, utilizadas por m\u00e1s de 200 millones de usuarios en m\u00e1s de 200 pa\u00edses, permiten gestionar, de una manera centralizada, qu\u00e9 necesitan los empleados de una empresa, c\u00f3mo trabajan y qu\u00e9 les motiva, con el objetivo de enfocar las estrategias empresariales respecto a su plantilla.<\/p>\n<h3><\/h3>\n<h3>Competencias que se asumen con la integraci\u00f3n de Br\u00fccke:<\/h3>\n<ul>\n<li>La <strong>gesti\u00f3n centralizada de las necesidades del personal.<\/strong><\/li>\n<li><strong>El procesamiento avanzado de la n\u00f3mina.<\/strong><\/li>\n<li><strong>La mejora de la gesti\u00f3n para la contrataci\u00f3n, captaci\u00f3n y desarrollo del talento.<\/strong><\/li>\n<li>La orientaci\u00f3n y planificaci\u00f3n de la fuerza laboral.<\/li>\n<li>El control de la experiencia del empleado para mejorar la productividad.<\/li>\n<\/ul>\n<h3>Incorporaci\u00f3n de herramientas tecnol\u00f3gicas l\u00edderes.<\/h3>\n<p>De este modo, el acuerdo, que se formaliz\u00f3 la pasada semana, <strong>permite al grupo Plexus la inclusi\u00f3n de una nueva soluci\u00f3n tecnol\u00f3gica puntera<\/strong>. As\u00ed, la compa\u00f1\u00eda cuenta ahora con ecosistemas l\u00edderes para el tratamiento interno del talento, que podr\u00e1 implantar en sus clientes.<\/p>\n<p>Adem\u00e1s, <strong>incorpora a su plantilla un equipo de profesionales altamente cualificado en este sector<\/strong>, con m\u00e1s de dieciocho a\u00f1os de experiencia e innumerables casos de \u00e9xito. Entre ellos, cabe destacar los proyectos que han ejecutado en Aena, Correos, Santaluc\u00eda, Talgo, John Deere o Cecabank.<\/p>\n<p>Asimismo, dada la experiencia del nuevo equipo que se integra en Plexus Tech, <strong>a estas soluciones se suma tambi\u00e9n la herramienta <em>aTurnos<\/em>. Este software se complementa con los anteriores para una planificaci\u00f3n eficiente y evolucionada de los cuadrantes de turnos de trabajo<\/strong>, que incluye el registro diario de la jornada, los permisos y las vacaciones.<\/p>\n<p>Por lo tanto, a trav\u00e9s de la integraci\u00f3n de Br\u00fccke, <strong>Plexus Tech mantiene su premisa de seguir innovando, incorporando nuevas soluciones tecnol\u00f3gicas e incrementando su talento<\/strong>. Este objetivo le ha llevado en los \u00faltimos a\u00f1os a integrar en el grupo otras compa\u00f1\u00edas como HCD &#8211; Human Computer Development, Digital Works o SM2 by Plexus.<\/p>\n<\/div><\/div><style type=\"text\/css\">.fusion-body .fusion-builder-column-0{width:100% !important;margin-top : 20px;margin-bottom : 20px;}.fusion-builder-column-0 > .fusion-column-wrapper {padding-top : 0px !important;padding-right : 0px !important;margin-right : 1.92%;padding-bottom : 0px !important;padding-left : 0px !important;margin-left : 1.92%;}@media only screen and (max-width:1200px) {.fusion-body .fusion-builder-column-0{width:100% !important;order : 0;}.fusion-builder-column-0 > .fusion-column-wrapper {margin-right : 1.92%;margin-left : 1.92%;}}@media only screen and (max-width:640px) {.fusion-body .fusion-builder-column-0{width:100% !important;order : 0;}.fusion-builder-column-0 > .fusion-column-wrapper {margin-right : 1.92%;margin-left : 1.92%;}}<\/style><\/div><div class=\"fusion-layout-column fusion_builder_column fusion-builder-column-1 fusion_builder_column_1_2 1_2 fusion-flex-column fusion-flex-align-self-flex-start\"><div class=\"fusion-column-wrapper fusion-flex-justify-content-flex-start fusion-content-layout-column\" style=\"background-position:left top;background-repeat:no-repeat;-webkit-background-size:cover;-moz-background-size:cover;-o-background-size:cover;background-size:cover;padding: 0px 0px 0px 0px;\"><div style=\"text-align:center;\"><span class=\" fusion-imageframe imageframe-none imageframe-1 hover-type-none\" style=\"border-radius:12px;\"><img width=\"300\" height=\"300\" alt=\"Anuncio de Br\u00fccke by Plexus, acuerdo por el que sumamos herramientas para la gesti\u00f3n de talento.\" title=\"Brucke Integraci\u00f3n\" src=\"https:\/\/www.plexus.es\/wp-content\/uploads\/2023\/04\/Brucke-Integracion.jpg\" data-orig-src=\"https:\/\/www.plexus.es\/wp-content\/uploads\/2023\/04\/Brucke-Integracion-300x300.jpg\" class=\"lazyload img-responsive wp-image-33457\" srcset=\"data:image\/svg+xml,%3Csvg%20xmlns%3D%27http%3A%2F%2Fwww.w3.org%2F2000%2Fsvg%27%20width%3D%271080%27%20height%3D%271080%27%20viewBox%3D%270%200%201080%201080%27%3E%3Crect%20width%3D%271080%27%20height%3D%271080%27%20fill-opacity%3D%220%22%2F%3E%3C%2Fsvg%3E\" data-srcset=\"https:\/\/www.plexus.es\/wp-content\/uploads\/2023\/04\/Brucke-Integracion-200x200.jpg 200w, https:\/\/www.plexus.es\/wp-content\/uploads\/2023\/04\/Brucke-Integracion-400x400.jpg 400w, https:\/\/www.plexus.es\/wp-content\/uploads\/2023\/04\/Brucke-Integracion-600x600.jpg 600w, https:\/\/www.plexus.es\/wp-content\/uploads\/2023\/04\/Brucke-Integracion-800x800.jpg 800w, https:\/\/www.plexus.es\/wp-content\/uploads\/2023\/04\/Brucke-Integracion.jpg 1080w\" data-sizes=\"auto\" data-orig-sizes=\"(max-width: 640px) 100vw, 600px\" \/><\/span><\/div><\/div><style type=\"text\/css\">.fusion-body .fusion-builder-column-1{width:50% !important;margin-top : 20px;margin-bottom : 20px;}.fusion-builder-column-1 > .fusion-column-wrapper {padding-top : 0px !important;padding-right : 0px !important;margin-right : 3.84%;padding-bottom : 0px !important;padding-left : 0px !important;margin-left : 3.84%;}@media only screen and (max-width:1200px) {.fusion-body .fusion-builder-column-1{width:50% !important;order : 0;}.fusion-builder-column-1 > .fusion-column-wrapper {margin-right : 3.84%;margin-left : 3.84%;}}@media only screen and (max-width:640px) {.fusion-body .fusion-builder-column-1{width:100% !important;order : 0;}.fusion-builder-column-1 > .fusion-column-wrapper {margin-right : 1.92%;margin-left : 1.92%;}}<\/style><\/div><\/div><style type=\"text\/css\">.fusion-body .fusion-flex-container.fusion-builder-row-1{ padding-top : 0px;margin-top : 0px;padding-right : 0px;padding-bottom : 0px;margin-bottom : 0px;padding-left : 0px;}<\/style><\/div>\n","protected":false},"excerpt":{"rendered":"<p>Plexus Tech integra en el grupo una consultor\u00eda tecnol\u00f3gica hiperespecializada en la implantaci\u00f3n de soluciones para la gesti\u00f3n de talento.<\/p>\n","protected":false},"author":1,"featured_media":33462,"comment_status":"open","ping_status":"open","sticky":false,"template":"","format":"standard","meta":[],"categories":[45,105],"tags":[],"yoast_head":"<!-- This site is optimized with the Yoast SEO plugin v17.4 - https:\/\/yoast.com\/wordpress\/plugins\/seo\/ -->\n<title>Plexus Tech se refuerza con soluciones para la gesti\u00f3n de talento<\/title>\n<meta name=\"description\" content=\"Plexus Tech integra en el grupo una consultor\u00eda tecnol\u00f3gica hiperespecializada en la implantaci\u00f3n de soluciones para la gesti\u00f3n de talento.\" \/>\n<meta name=\"robots\" content=\"index, follow, max-snippet:-1, max-image-preview:large, max-video-preview:-1\" \/>\n<link rel=\"canonical\" href=\"https:\/\/www.plexus.es\/plexus-tech-se-refuerza-soluciones-gestion-de-talento\/\" \/>\n<meta property=\"og:locale\" content=\"gl_ES\" \/>\n<meta property=\"og:type\" content=\"article\" \/>\n<meta property=\"og:title\" content=\"Plexus Tech se refuerza con soluciones para la gesti\u00f3n de talento\" \/>\n<meta property=\"og:description\" content=\"Plexus Tech integra en el grupo una consultor\u00eda tecnol\u00f3gica hiperespecializada en la implantaci\u00f3n de soluciones para la gesti\u00f3n de talento.\" \/>\n<meta property=\"og:url\" content=\"https:\/\/www.plexus.es\/plexus-tech-se-refuerza-soluciones-gestion-de-talento\/\" \/>\n<meta property=\"og:site_name\" content=\"Plexus Tech\" \/>\n<meta property=\"article:publisher\" content=\"https:\/\/www.facebook.com\/Plexus.Techno\" \/>\n<meta property=\"article:published_time\" content=\"2023-04-24T14:05:09+00:00\" \/>\n<meta property=\"article:modified_time\" content=\"2024-05-22T12:31:46+00:00\" \/>\n<meta property=\"og:image\" content=\"https:\/\/www.plexus.es\/wp-content\/uploads\/2023\/04\/Seguimos-Creciendo-Web.png\" \/>\n\t<meta property=\"og:image:width\" content=\"948\" \/>\n\t<meta property=\"og:image:height\" content=\"600\" \/>\n<meta name=\"twitter:card\" content=\"summary_large_image\" \/>\n<meta name=\"twitter:creator\" content=\"@plexustech_\" \/>\n<meta name=\"twitter:site\" content=\"@plexustech_\" \/>\n<meta name=\"twitter:label1\" content=\"Escrito por\" \/>\n\t<meta name=\"twitter:data1\" content=\"admin_plexus\" \/>\n\t<meta name=\"twitter:label2\" content=\"Tempo de lectura\" \/>\n\t<meta name=\"twitter:data2\" content=\"4 minutos\" \/>\n<script type=\"application\/ld+json\" class=\"yoast-schema-graph\">{\"@context\":\"https:\/\/schema.org\",\"@graph\":[{\"@type\":\"Organization\",\"@id\":\"https:\/\/www.plexus.es\/#organization\",\"name\":\"Plexus Tech\",\"url\":\"https:\/\/www.plexus.es\/\",\"sameAs\":[\"https:\/\/www.facebook.com\/Plexus.Techno\",\"https:\/\/www.instagram.com\/plexus.tech\/\",\"https:\/\/www.linkedin.com\/company\/plexus-tech\/mycompany\/\",\"https:\/\/www.youtube.com\/user\/tecnologiasplexus\",\"https:\/\/twitter.com\/plexustech_\"],\"logo\":{\"@type\":\"ImageObject\",\"@id\":\"https:\/\/www.plexus.es\/#logo\",\"inLanguage\":\"gl-ES\",\"url\":\"https:\/\/www.plexus.es\/wp-content\/uploads\/2021\/11\/logo-plexus-2021.png\",\"contentUrl\":\"https:\/\/www.plexus.es\/wp-content\/uploads\/2021\/11\/logo-plexus-2021.png\",\"width\":600,\"height\":600,\"caption\":\"Plexus Tech\"},\"image\":{\"@id\":\"https:\/\/www.plexus.es\/#logo\"}},{\"@type\":\"WebSite\",\"@id\":\"https:\/\/www.plexus.es\/#website\",\"url\":\"https:\/\/www.plexus.es\/\",\"name\":\"Plexus Tech\",\"description\":\"Tecnolog\\u00eda con Alma\",\"publisher\":{\"@id\":\"https:\/\/www.plexus.es\/#organization\"},\"potentialAction\":[{\"@type\":\"SearchAction\",\"target\":{\"@type\":\"EntryPoint\",\"urlTemplate\":\"https:\/\/www.plexus.es\/?s={search_term_string}\"},\"query-input\":\"required name=search_term_string\"}],\"inLanguage\":\"gl-ES\"},{\"@type\":\"ImageObject\",\"@id\":\"https:\/\/www.plexus.es\/plexus-tech-se-refuerza-soluciones-gestion-de-talento\/#primaryimage\",\"inLanguage\":\"gl-ES\",\"url\":\"https:\/\/www.plexus.es\/wp-content\/uploads\/2023\/04\/Seguimos-Creciendo-Web.png\",\"contentUrl\":\"https:\/\/www.plexus.es\/wp-content\/uploads\/2023\/04\/Seguimos-Creciendo-Web.png\",\"width\":948,\"height\":600,\"caption\":\"Plexus Tech integra herramientas tecnol\\u00f3gicas de gesti\\u00f3n de talento.\"},{\"@type\":\"WebPage\",\"@id\":\"https:\/\/www.plexus.es\/plexus-tech-se-refuerza-soluciones-gestion-de-talento\/#webpage\",\"url\":\"https:\/\/www.plexus.es\/plexus-tech-se-refuerza-soluciones-gestion-de-talento\/\",\"name\":\"Plexus Tech se refuerza con soluciones para la gesti\\u00f3n de talento\",\"isPartOf\":{\"@id\":\"https:\/\/www.plexus.es\/#website\"},\"primaryImageOfPage\":{\"@id\":\"https:\/\/www.plexus.es\/plexus-tech-se-refuerza-soluciones-gestion-de-talento\/#primaryimage\"},\"datePublished\":\"2023-04-24T14:05:09+00:00\",\"dateModified\":\"2024-05-22T12:31:46+00:00\",\"description\":\"Plexus Tech integra en el grupo una consultor\\u00eda tecnol\\u00f3gica hiperespecializada en la implantaci\\u00f3n de soluciones para la gesti\\u00f3n de talento.\",\"breadcrumb\":{\"@id\":\"https:\/\/www.plexus.es\/plexus-tech-se-refuerza-soluciones-gestion-de-talento\/#breadcrumb\"},\"inLanguage\":\"gl-ES\",\"potentialAction\":[{\"@type\":\"ReadAction\",\"target\":[\"https:\/\/www.plexus.es\/plexus-tech-se-refuerza-soluciones-gestion-de-talento\/\"]}]},{\"@type\":\"BreadcrumbList\",\"@id\":\"https:\/\/www.plexus.es\/plexus-tech-se-refuerza-soluciones-gestion-de-talento\/#breadcrumb\",\"itemListElement\":[{\"@type\":\"ListItem\",\"position\":1,\"name\":\"Home\",\"item\":\"https:\/\/www.plexus.es\/\"},{\"@type\":\"ListItem\",\"position\":2,\"name\":\"Plexus Tech integra herramientas punteras para gesti\\u00f3n de talento\"}]},{\"@type\":\"Article\",\"@id\":\"https:\/\/www.plexus.es\/plexus-tech-se-refuerza-soluciones-gestion-de-talento\/#article\",\"isPartOf\":{\"@id\":\"https:\/\/www.plexus.es\/plexus-tech-se-refuerza-soluciones-gestion-de-talento\/#webpage\"},\"author\":{\"@id\":\"https:\/\/www.plexus.es\/#\/schema\/person\/8f02d5ce6d7b659fa68b0e90317c5171\"},\"headline\":\"Plexus Tech integra herramientas punteras para gesti\\u00f3n de talento\",\"datePublished\":\"2023-04-24T14:05:09+00:00\",\"dateModified\":\"2024-05-22T12:31:46+00:00\",\"mainEntityOfPage\":{\"@id\":\"https:\/\/www.plexus.es\/plexus-tech-se-refuerza-soluciones-gestion-de-talento\/#webpage\"},\"wordCount\":1534,\"commentCount\":0,\"publisher\":{\"@id\":\"https:\/\/www.plexus.es\/#organization\"},\"image\":{\"@id\":\"https:\/\/www.plexus.es\/plexus-tech-se-refuerza-soluciones-gestion-de-talento\/#primaryimage\"},\"thumbnailUrl\":\"https:\/\/www.plexus.es\/wp-content\/uploads\/2023\/04\/Seguimos-Creciendo-Web.png\",\"articleSection\":[\"Talento\",\"Tech&amp;Innovaci\\u00f3n\"],\"inLanguage\":\"gl-ES\",\"potentialAction\":[{\"@type\":\"CommentAction\",\"name\":\"Comment\",\"target\":[\"https:\/\/www.plexus.es\/plexus-tech-se-refuerza-soluciones-gestion-de-talento\/#respond\"]}]},{\"@type\":\"Person\",\"@id\":\"https:\/\/www.plexus.es\/#\/schema\/person\/8f02d5ce6d7b659fa68b0e90317c5171\",\"name\":\"admin_plexus\",\"image\":{\"@type\":\"ImageObject\",\"@id\":\"https:\/\/www.plexus.es\/#personlogo\",\"inLanguage\":\"gl-ES\",\"url\":\"https:\/\/secure.gravatar.com\/avatar\/c1d7caf9a4063a74393abcf91991e9cd?s=96&d=mm&r=g\",\"contentUrl\":\"https:\/\/secure.gravatar.com\/avatar\/c1d7caf9a4063a74393abcf91991e9cd?s=96&d=mm&r=g\",\"caption\":\"admin_plexus\"},\"sameAs\":[\"https:\/\/www.plexus.es\"]}]}<\/script>\n<!-- \/ Yoast SEO plugin. -->","yoast_head_json":{"title":"Plexus Tech se refuerza con soluciones para la gesti\u00f3n de talento","description":"Plexus Tech integra en el grupo una consultor\u00eda tecnol\u00f3gica hiperespecializada en la implantaci\u00f3n de soluciones para la gesti\u00f3n de talento.","robots":{"index":"index","follow":"follow","max-snippet":"max-snippet:-1","max-image-preview":"max-image-preview:large","max-video-preview":"max-video-preview:-1"},"canonical":"https:\/\/www.plexus.es\/plexus-tech-se-refuerza-soluciones-gestion-de-talento\/","og_locale":"gl_ES","og_type":"article","og_title":"Plexus Tech se refuerza con soluciones para la gesti\u00f3n de talento","og_description":"Plexus Tech integra en el grupo una consultor\u00eda tecnol\u00f3gica hiperespecializada en la implantaci\u00f3n de soluciones para la gesti\u00f3n de talento.","og_url":"https:\/\/www.plexus.es\/plexus-tech-se-refuerza-soluciones-gestion-de-talento\/","og_site_name":"Plexus Tech","article_publisher":"https:\/\/www.facebook.com\/Plexus.Techno","article_published_time":"2023-04-24T14:05:09+00:00","article_modified_time":"2024-05-22T12:31:46+00:00","og_image":[{"width":948,"height":600,"url":"https:\/\/www.plexus.es\/wp-content\/uploads\/2023\/04\/Seguimos-Creciendo-Web.png","type":"image\/png"}],"twitter_card":"summary_large_image","twitter_creator":"@plexustech_","twitter_site":"@plexustech_","twitter_misc":{"Escrito por":"admin_plexus","Tempo de lectura":"4 minutos"},"schema":{"@context":"https:\/\/schema.org","@graph":[{"@type":"Organization","@id":"https:\/\/www.plexus.es\/#organization","name":"Plexus Tech","url":"https:\/\/www.plexus.es\/","sameAs":["https:\/\/www.facebook.com\/Plexus.Techno","https:\/\/www.instagram.com\/plexus.tech\/","https:\/\/www.linkedin.com\/company\/plexus-tech\/mycompany\/","https:\/\/www.youtube.com\/user\/tecnologiasplexus","https:\/\/twitter.com\/plexustech_"],"logo":{"@type":"ImageObject","@id":"https:\/\/www.plexus.es\/#logo","inLanguage":"gl-ES","url":"https:\/\/www.plexus.es\/wp-content\/uploads\/2021\/11\/logo-plexus-2021.png","contentUrl":"https:\/\/www.plexus.es\/wp-content\/uploads\/2021\/11\/logo-plexus-2021.png","width":600,"height":600,"caption":"Plexus Tech"},"image":{"@id":"https:\/\/www.plexus.es\/#logo"}},{"@type":"WebSite","@id":"https:\/\/www.plexus.es\/#website","url":"https:\/\/www.plexus.es\/","name":"Plexus Tech","description":"Tecnolog\u00eda con Alma","publisher":{"@id":"https:\/\/www.plexus.es\/#organization"},"potentialAction":[{"@type":"SearchAction","target":{"@type":"EntryPoint","urlTemplate":"https:\/\/www.plexus.es\/?s={search_term_string}"},"query-input":"required name=search_term_string"}],"inLanguage":"gl-ES"},{"@type":"ImageObject","@id":"https:\/\/www.plexus.es\/plexus-tech-se-refuerza-soluciones-gestion-de-talento\/#primaryimage","inLanguage":"gl-ES","url":"https:\/\/www.plexus.es\/wp-content\/uploads\/2023\/04\/Seguimos-Creciendo-Web.png","contentUrl":"https:\/\/www.plexus.es\/wp-content\/uploads\/2023\/04\/Seguimos-Creciendo-Web.png","width":948,"height":600,"caption":"Plexus Tech integra herramientas tecnol\u00f3gicas de gesti\u00f3n de talento."},{"@type":"WebPage","@id":"https:\/\/www.plexus.es\/plexus-tech-se-refuerza-soluciones-gestion-de-talento\/#webpage","url":"https:\/\/www.plexus.es\/plexus-tech-se-refuerza-soluciones-gestion-de-talento\/","name":"Plexus Tech se refuerza con soluciones para la gesti\u00f3n de talento","isPartOf":{"@id":"https:\/\/www.plexus.es\/#website"},"primaryImageOfPage":{"@id":"https:\/\/www.plexus.es\/plexus-tech-se-refuerza-soluciones-gestion-de-talento\/#primaryimage"},"datePublished":"2023-04-24T14:05:09+00:00","dateModified":"2024-05-22T12:31:46+00:00","description":"Plexus Tech integra en el grupo una consultor\u00eda tecnol\u00f3gica hiperespecializada en la implantaci\u00f3n de soluciones para la gesti\u00f3n de talento.","breadcrumb":{"@id":"https:\/\/www.plexus.es\/plexus-tech-se-refuerza-soluciones-gestion-de-talento\/#breadcrumb"},"inLanguage":"gl-ES","potentialAction":[{"@type":"ReadAction","target":["https:\/\/www.plexus.es\/plexus-tech-se-refuerza-soluciones-gestion-de-talento\/"]}]},{"@type":"BreadcrumbList","@id":"https:\/\/www.plexus.es\/plexus-tech-se-refuerza-soluciones-gestion-de-talento\/#breadcrumb","itemListElement":[{"@type":"ListItem","position":1,"name":"Home","item":"https:\/\/www.plexus.es\/"},{"@type":"ListItem","position":2,"name":"Plexus Tech integra herramientas punteras para gesti\u00f3n de talento"}]},{"@type":"Article","@id":"https:\/\/www.plexus.es\/plexus-tech-se-refuerza-soluciones-gestion-de-talento\/#article","isPartOf":{"@id":"https:\/\/www.plexus.es\/plexus-tech-se-refuerza-soluciones-gestion-de-talento\/#webpage"},"author":{"@id":"https:\/\/www.plexus.es\/#\/schema\/person\/8f02d5ce6d7b659fa68b0e90317c5171"},"headline":"Plexus Tech integra herramientas punteras para gesti\u00f3n de talento","datePublished":"2023-04-24T14:05:09+00:00","dateModified":"2024-05-22T12:31:46+00:00","mainEntityOfPage":{"@id":"https:\/\/www.plexus.es\/plexus-tech-se-refuerza-soluciones-gestion-de-talento\/#webpage"},"wordCount":1534,"commentCount":0,"publisher":{"@id":"https:\/\/www.plexus.es\/#organization"},"image":{"@id":"https:\/\/www.plexus.es\/plexus-tech-se-refuerza-soluciones-gestion-de-talento\/#primaryimage"},"thumbnailUrl":"https:\/\/www.plexus.es\/wp-content\/uploads\/2023\/04\/Seguimos-Creciendo-Web.png","articleSection":["Talento","Tech&amp;Innovaci\u00f3n"],"inLanguage":"gl-ES","potentialAction":[{"@type":"CommentAction","name":"Comment","target":["https:\/\/www.plexus.es\/plexus-tech-se-refuerza-soluciones-gestion-de-talento\/#respond"]}]},{"@type":"Person","@id":"https:\/\/www.plexus.es\/#\/schema\/person\/8f02d5ce6d7b659fa68b0e90317c5171","name":"admin_plexus","image":{"@type":"ImageObject","@id":"https:\/\/www.plexus.es\/#personlogo","inLanguage":"gl-ES","url":"https:\/\/secure.gravatar.com\/avatar\/c1d7caf9a4063a74393abcf91991e9cd?s=96&d=mm&r=g","contentUrl":"https:\/\/secure.gravatar.com\/avatar\/c1d7caf9a4063a74393abcf91991e9cd?s=96&d=mm&r=g","caption":"admin_plexus"},"sameAs":["https:\/\/www.plexus.es"]}]}},"_links":{"self":[{"href":"https:\/\/www.plexus.es\/gl\/wp-json\/wp\/v2\/posts\/33452"}],"collection":[{"href":"https:\/\/www.plexus.es\/gl\/wp-json\/wp\/v2\/posts"}],"about":[{"href":"https:\/\/www.plexus.es\/gl\/wp-json\/wp\/v2\/types\/post"}],"author":[{"embeddable":true,"href":"https:\/\/www.plexus.es\/gl\/wp-json\/wp\/v2\/users\/1"}],"replies":[{"embeddable":true,"href":"https:\/\/www.plexus.es\/gl\/wp-json\/wp\/v2\/comments?post=33452"}],"version-history":[{"count":19,"href":"https:\/\/www.plexus.es\/gl\/wp-json\/wp\/v2\/posts\/33452\/revisions"}],"predecessor-version":[{"id":42359,"href":"https:\/\/www.plexus.es\/gl\/wp-json\/wp\/v2\/posts\/33452\/revisions\/42359"}],"wp:featuredmedia":[{"embeddable":true,"href":"https:\/\/www.plexus.es\/gl\/wp-json\/wp\/v2\/media\/33462"}],"wp:attachment":[{"href":"https:\/\/www.plexus.es\/gl\/wp-json\/wp\/v2\/media?parent=33452"}],"wp:term":[{"taxonomy":"category","embeddable":true,"href":"https:\/\/www.plexus.es\/gl\/wp-json\/wp\/v2\/categories?post=33452"},{"taxonomy":"post_tag","embeddable":true,"href":"https:\/\/www.plexus.es\/gl\/wp-json\/wp\/v2\/tags?post=33452"}],"curies":[{"name":"wp","href":"https:\/\/api.w.org\/{rel}","templated":true}]}}