{"id":3589,"date":"2021-10-14T10:37:43","date_gmt":"2021-10-14T08:37:43","guid":{"rendered":"https:\/\/www.plexus.es\/?p=3589"},"modified":"2024-04-18T14:26:53","modified_gmt":"2024-04-18T12:26:53","slug":"plexus-refuerza-presencia-en-portugal","status":"publish","type":"post","link":"https:\/\/www.plexus.es\/gl\/plexus-refuerza-presencia-en-portugal\/","title":{"rendered":"Plexus Tech refuerza presencia en Portugal"},"content":{"rendered":"<div class=\"fusion-fullwidth fullwidth-box fusion-builder-row-1 fusion-flex-container nonhundred-percent-fullwidth non-hundred-percent-height-scrolling\" style=\"background-color: rgba(255,255,255,0);background-position: center center;background-repeat: no-repeat;border-width: 0px 0px 0px 0px;border-color:#e8ebef;border-style:solid;\" ><div class=\"fusion-builder-row fusion-row fusion-flex-align-items-flex-start\" style=\"max-width:1310.4px;margin-left: calc(-4% \/ 2 );margin-right: calc(-4% \/ 2 );\"><div class=\"fusion-layout-column fusion_builder_column fusion-builder-column-0 fusion_builder_column_1_2 1_2 fusion-flex-column\"><div class=\"fusion-column-wrapper fusion-flex-justify-content-flex-start fusion-content-layout-column\" style=\"background-position:left top;background-repeat:no-repeat;-webkit-background-size:cover;-moz-background-size:cover;-o-background-size:cover;background-size:cover;padding: 0px 0px 0px 0px;\"><div class=\"fusion-text fusion-text-1\"><p align=\"justify\"><span style=\"font-weight: normal;\"><b>Plexus Tech aumenta plantilla, estructura y talento en el polo tecnol\u00f3gico en Lisboa, Portugal<\/b>. La oficina de la desembocadura del Tajo es ya un pilar fundamental en la <a href=\"https:\/\/www.plexus.es\/plexus-tech-crecimiento-entrada-capital-portobello-capital\/\" target=\"_blank\" rel=\"noopener\">expansi\u00f3n de la compa\u00f1\u00eda<\/a> por territorio luso e internacional.<\/span><\/p>\n<p><span style=\"font-weight: normal;\"><b style=\"font-size: 20px;\" data-fusion-font=\"true\">Plexus Tech es ya una tecnol\u00f3gica de referencia con presencia notable en Espa\u00f1a.<\/b><span style=\"font-size: 20px;\" data-fusion-font=\"true\"> Actualmente, la firma cuenta con m\u00e1s de 18 oficinas repartidas por el territorio nacional desde Galicia hasta las Islas Baleares.\u00a0<\/span><\/span><\/p>\n<p><span style=\"font-weight: normal;\"><span style=\"font-size: 20px;\" data-fusion-font=\"true\">Este desarrollo de la estructura de la compa\u00f1\u00eda no responde s\u00f3lo a n\u00fameros, sino que <\/span><b style=\"font-size: 20px;\" data-fusion-font=\"true\">va cimentado siempre por el mejor talento de IT.<\/b><span style=\"font-size: 20px;\" data-fusion-font=\"true\"> Gracias a \u00e9l, Plexus Tech lleva a cabo las ideas y los <a href=\"https:\/\/www.europapress.es\/comunicados\/sociedad-00909\/noticia-comunicado-plexus-tech-refuerza-compromiso-innovacion-impulsando-catedra-ia-medicina-personalizada-20240131123932.html\" target=\"_blank\" rel=\"noopener\">proyectos m\u00e1s audaces e innovadores<\/a>. Estos se trasladan ahora tambi\u00e9n a Portugal.<\/span><\/span><\/p>\n<\/div><\/div><style type=\"text\/css\">.fusion-body .fusion-builder-column-0{width:50% !important;margin-top : 0px;margin-bottom : 0px;}.fusion-builder-column-0 > .fusion-column-wrapper {padding-top : 0px !important;padding-right : 0px !important;margin-right : 3.84%;padding-bottom : 0px !important;padding-left : 0px !important;margin-left : 3.84%;}@media only screen and (max-width:1200px) {.fusion-body .fusion-builder-column-0{width:50% !important;}.fusion-builder-column-0 > .fusion-column-wrapper {margin-right : 3.84%;margin-left : 3.84%;}}@media only screen and (max-width:640px) {.fusion-body .fusion-builder-column-0{width:100% !important;}.fusion-builder-column-0 > .fusion-column-wrapper {margin-right : 1.92%;margin-left : 1.92%;}}<\/style><\/div><div class=\"fusion-layout-column fusion_builder_column fusion-builder-column-1 fusion_builder_column_1_2 1_2 fusion-flex-column\"><div class=\"fusion-column-wrapper fusion-flex-justify-content-flex-start fusion-content-layout-column\" style=\"background-position:left top;background-repeat:no-repeat;-webkit-background-size:cover;-moz-background-size:cover;-o-background-size:cover;background-size:cover;padding: 0px 0px 0px 0px;\"><div ><span class=\" fusion-imageframe imageframe-none imageframe-1 hover-type-none\" style=\"border-radius:12px;\"><img width=\"600\" height=\"423\" alt=\"Detalle de mapa de oficinas Plexus Tech en la pen\u00ednsula \" src=\"https:\/\/www.plexus.es\/wp-content\/uploads\/2021\/10\/img_videoport-1-e1635245323324.jpg\" data-orig-src=\"https:\/\/www.plexus.es\/wp-content\/uploads\/2021\/10\/img_videoport-1-e1635245323324-600x423.jpg\" class=\"lazyload img-responsive wp-image-22919\" srcset=\"data:image\/svg+xml,%3Csvg%20xmlns%3D%27http%3A%2F%2Fwww.w3.org%2F2000%2Fsvg%27%20width%3D%271300%27%20height%3D%27916%27%20viewBox%3D%270%200%201300%20916%27%3E%3Crect%20width%3D%271300%27%20height%3D%27916%27%20fill-opacity%3D%220%22%2F%3E%3C%2Fsvg%3E\" data-srcset=\"https:\/\/www.plexus.es\/wp-content\/uploads\/2021\/10\/img_videoport-1-e1635245323324-200x141.jpg 200w, https:\/\/www.plexus.es\/wp-content\/uploads\/2021\/10\/img_videoport-1-e1635245323324-400x282.jpg 400w, https:\/\/www.plexus.es\/wp-content\/uploads\/2021\/10\/img_videoport-1-e1635245323324-600x423.jpg 600w, https:\/\/www.plexus.es\/wp-content\/uploads\/2021\/10\/img_videoport-1-e1635245323324-800x564.jpg 800w, https:\/\/www.plexus.es\/wp-content\/uploads\/2021\/10\/img_videoport-1-e1635245323324-1200x846.jpg 1200w, https:\/\/www.plexus.es\/wp-content\/uploads\/2021\/10\/img_videoport-1-e1635245323324.jpg 1300w\" data-sizes=\"auto\" data-orig-sizes=\"(max-width: 640px) 100vw, 600px\" \/><\/span><\/div><\/div><style type=\"text\/css\">.fusion-body .fusion-builder-column-1{width:50% !important;margin-top : 20px;margin-bottom : 20px;}.fusion-builder-column-1 > .fusion-column-wrapper {padding-top : 0px !important;padding-right : 0px !important;margin-right : 3.84%;padding-bottom : 0px !important;padding-left : 0px !important;margin-left : 3.84%;}@media only screen and (max-width:1200px) {.fusion-body .fusion-builder-column-1{width:50% !important;order : 0;}.fusion-builder-column-1 > .fusion-column-wrapper {margin-right : 3.84%;margin-left : 3.84%;}}@media only screen and (max-width:640px) {.fusion-body .fusion-builder-column-1{width:100% !important;order : 0;}.fusion-builder-column-1 > .fusion-column-wrapper {margin-right : 1.92%;margin-left : 1.92%;}}<\/style><\/div><div class=\"fusion-layout-column fusion_builder_column fusion-builder-column-2 fusion_builder_column_1_2 1_2 fusion-flex-column\"><div class=\"fusion-column-wrapper fusion-flex-justify-content-flex-start fusion-content-layout-column\" style=\"background-position:left top;background-repeat:no-repeat;-webkit-background-size:cover;-moz-background-size:cover;-o-background-size:cover;background-size:cover;padding: 0px 0px 0px 0px;\"><\/div><style type=\"text\/css\">.fusion-body .fusion-builder-column-2{width:50% !important;margin-top : 20px;margin-bottom : 20px;}.fusion-builder-column-2 > .fusion-column-wrapper {padding-top : 0px !important;padding-right : 0px !important;margin-right : 3.84%;padding-bottom : 0px !important;padding-left : 0px !important;margin-left : 3.84%;}@media only screen and (max-width:1200px) {.fusion-body .fusion-builder-column-2{width:50% !important;order : 0;}.fusion-builder-column-2 > .fusion-column-wrapper {margin-right : 3.84%;margin-left : 3.84%;}}@media only screen and (max-width:640px) {.fusion-body .fusion-builder-column-2{width:100% !important;order : 0;}.fusion-builder-column-2 > .fusion-column-wrapper {margin-right : 1.92%;margin-left : 1.92%;}}<\/style><\/div><\/div><style type=\"text\/css\">.fusion-body .fusion-flex-container.fusion-builder-row-1{ padding-top : 0px;margin-top : 0px;padding-right : 0px;padding-bottom : 0px;margin-bottom : 0px;padding-left : 0px;}<\/style><\/div>\n","protected":false},"excerpt":{"rendered":"<p>La tecnol\u00f3gica suma a su polo tecnol\u00f3gico en Lisboa nuevas posiciones y m\u00e1s talento.<\/p>\n","protected":false},"author":1,"featured_media":3593,"comment_status":"open","ping_status":"open","sticky":false,"template":"","format":"standard","meta":[],"categories":[45],"tags":[],"yoast_head":"<!-- This site is optimized with the Yoast SEO plugin v17.4 - https:\/\/yoast.com\/wordpress\/plugins\/seo\/ -->\n<title>Plexus Tech refuerza su presencia en Portugal<\/title>\n<meta name=\"description\" content=\"Plexus aumenta plantilla, estructura y talento en el polo tecnol\u00f3gico en Lisboa, Portugal. Esta oficina, un pilar fundamental en su expansi\u00f3n\" \/>\n<meta name=\"robots\" content=\"index, follow, max-snippet:-1, max-image-preview:large, max-video-preview:-1\" \/>\n<link rel=\"canonical\" href=\"https:\/\/www.plexus.es\/plexus-refuerza-presencia-en-portugal\/\" \/>\n<meta property=\"og:locale\" content=\"gl_ES\" \/>\n<meta property=\"og:type\" content=\"article\" \/>\n<meta property=\"og:title\" content=\"Plexus Tech refuerza su presencia en Portugal\" \/>\n<meta property=\"og:description\" content=\"Plexus aumenta plantilla, estructura y talento en el polo tecnol\u00f3gico en Lisboa, Portugal. Esta oficina, un pilar fundamental en su expansi\u00f3n\" \/>\n<meta property=\"og:url\" content=\"https:\/\/www.plexus.es\/plexus-refuerza-presencia-en-portugal\/\" \/>\n<meta property=\"og:site_name\" content=\"Plexus Tech\" \/>\n<meta property=\"article:publisher\" content=\"https:\/\/www.facebook.com\/Plexus.Techno\" \/>\n<meta property=\"article:published_time\" content=\"2021-10-14T08:37:43+00:00\" \/>\n<meta property=\"article:modified_time\" content=\"2024-04-18T12:26:53+00:00\" \/>\n<meta property=\"og:image\" content=\"https:\/\/www.plexus.es\/wp-content\/uploads\/2021\/10\/img_videoport-1-e1635245323324.jpg\" \/>\n\t<meta property=\"og:image:width\" content=\"1300\" \/>\n\t<meta property=\"og:image:height\" content=\"916\" \/>\n<meta name=\"twitter:card\" content=\"summary_large_image\" \/>\n<meta name=\"twitter:creator\" content=\"@plexustech_\" \/>\n<meta name=\"twitter:site\" content=\"@plexustech_\" \/>\n<meta name=\"twitter:label1\" content=\"Escrito por\" \/>\n\t<meta name=\"twitter:data1\" content=\"admin_plexus\" \/>\n\t<meta name=\"twitter:label2\" content=\"Tempo de lectura\" \/>\n\t<meta name=\"twitter:data2\" content=\"5 minutos\" \/>\n<script type=\"application\/ld+json\" class=\"yoast-schema-graph\">{\"@context\":\"https:\/\/schema.org\",\"@graph\":[{\"@type\":\"Organization\",\"@id\":\"https:\/\/www.plexus.es\/#organization\",\"name\":\"Plexus Tech\",\"url\":\"https:\/\/www.plexus.es\/\",\"sameAs\":[\"https:\/\/www.facebook.com\/Plexus.Techno\",\"https:\/\/www.instagram.com\/plexus.tech\/\",\"https:\/\/www.linkedin.com\/company\/plexus-tech\/mycompany\/\",\"https:\/\/www.youtube.com\/user\/tecnologiasplexus\",\"https:\/\/twitter.com\/plexustech_\"],\"logo\":{\"@type\":\"ImageObject\",\"@id\":\"https:\/\/www.plexus.es\/#logo\",\"inLanguage\":\"gl-ES\",\"url\":\"https:\/\/www.plexus.es\/wp-content\/uploads\/2021\/11\/logo-plexus-2021.png\",\"contentUrl\":\"https:\/\/www.plexus.es\/wp-content\/uploads\/2021\/11\/logo-plexus-2021.png\",\"width\":600,\"height\":600,\"caption\":\"Plexus Tech\"},\"image\":{\"@id\":\"https:\/\/www.plexus.es\/#logo\"}},{\"@type\":\"WebSite\",\"@id\":\"https:\/\/www.plexus.es\/#website\",\"url\":\"https:\/\/www.plexus.es\/\",\"name\":\"Plexus Tech\",\"description\":\"Tecnolog\\u00eda con Alma\",\"publisher\":{\"@id\":\"https:\/\/www.plexus.es\/#organization\"},\"potentialAction\":[{\"@type\":\"SearchAction\",\"target\":{\"@type\":\"EntryPoint\",\"urlTemplate\":\"https:\/\/www.plexus.es\/?s={search_term_string}\"},\"query-input\":\"required name=search_term_string\"}],\"inLanguage\":\"gl-ES\"},{\"@type\":\"ImageObject\",\"@id\":\"https:\/\/www.plexus.es\/plexus-refuerza-presencia-en-portugal\/#primaryimage\",\"inLanguage\":\"gl-ES\",\"url\":\"https:\/\/www.plexus.es\/wp-content\/uploads\/2021\/10\/img_videoport-1-e1635245323324.jpg\",\"contentUrl\":\"https:\/\/www.plexus.es\/wp-content\/uploads\/2021\/10\/img_videoport-1-e1635245323324.jpg\",\"width\":1300,\"height\":916,\"caption\":\"Plexus Tech llega a Portugal, manteniendo la expansi\\u00f3n internacional de la compa\\u00f1\\u00eda.\"},{\"@type\":\"WebPage\",\"@id\":\"https:\/\/www.plexus.es\/plexus-refuerza-presencia-en-portugal\/#webpage\",\"url\":\"https:\/\/www.plexus.es\/plexus-refuerza-presencia-en-portugal\/\",\"name\":\"Plexus Tech refuerza su presencia en Portugal\",\"isPartOf\":{\"@id\":\"https:\/\/www.plexus.es\/#website\"},\"primaryImageOfPage\":{\"@id\":\"https:\/\/www.plexus.es\/plexus-refuerza-presencia-en-portugal\/#primaryimage\"},\"datePublished\":\"2021-10-14T08:37:43+00:00\",\"dateModified\":\"2024-04-18T12:26:53+00:00\",\"description\":\"Plexus aumenta plantilla, estructura y talento en el polo tecnol\\u00f3gico en Lisboa, Portugal. Esta oficina, un pilar fundamental en su expansi\\u00f3n\",\"breadcrumb\":{\"@id\":\"https:\/\/www.plexus.es\/plexus-refuerza-presencia-en-portugal\/#breadcrumb\"},\"inLanguage\":\"gl-ES\",\"potentialAction\":[{\"@type\":\"ReadAction\",\"target\":[\"https:\/\/www.plexus.es\/plexus-refuerza-presencia-en-portugal\/\"]}]},{\"@type\":\"BreadcrumbList\",\"@id\":\"https:\/\/www.plexus.es\/plexus-refuerza-presencia-en-portugal\/#breadcrumb\",\"itemListElement\":[{\"@type\":\"ListItem\",\"position\":1,\"name\":\"Home\",\"item\":\"https:\/\/www.plexus.es\/\"},{\"@type\":\"ListItem\",\"position\":2,\"name\":\"Plexus Tech refuerza presencia en Portugal\"}]},{\"@type\":\"Article\",\"@id\":\"https:\/\/www.plexus.es\/plexus-refuerza-presencia-en-portugal\/#article\",\"isPartOf\":{\"@id\":\"https:\/\/www.plexus.es\/plexus-refuerza-presencia-en-portugal\/#webpage\"},\"author\":{\"@id\":\"https:\/\/www.plexus.es\/#\/schema\/person\/8f02d5ce6d7b659fa68b0e90317c5171\"},\"headline\":\"Plexus Tech refuerza presencia en Portugal\",\"datePublished\":\"2021-10-14T08:37:43+00:00\",\"dateModified\":\"2024-04-18T12:26:53+00:00\",\"mainEntityOfPage\":{\"@id\":\"https:\/\/www.plexus.es\/plexus-refuerza-presencia-en-portugal\/#webpage\"},\"wordCount\":916,\"commentCount\":0,\"publisher\":{\"@id\":\"https:\/\/www.plexus.es\/#organization\"},\"image\":{\"@id\":\"https:\/\/www.plexus.es\/plexus-refuerza-presencia-en-portugal\/#primaryimage\"},\"thumbnailUrl\":\"https:\/\/www.plexus.es\/wp-content\/uploads\/2021\/10\/img_videoport-1-e1635245323324.jpg\",\"articleSection\":[\"Talento\"],\"inLanguage\":\"gl-ES\",\"potentialAction\":[{\"@type\":\"CommentAction\",\"name\":\"Comment\",\"target\":[\"https:\/\/www.plexus.es\/plexus-refuerza-presencia-en-portugal\/#respond\"]}]},{\"@type\":\"Person\",\"@id\":\"https:\/\/www.plexus.es\/#\/schema\/person\/8f02d5ce6d7b659fa68b0e90317c5171\",\"name\":\"admin_plexus\",\"image\":{\"@type\":\"ImageObject\",\"@id\":\"https:\/\/www.plexus.es\/#personlogo\",\"inLanguage\":\"gl-ES\",\"url\":\"https:\/\/secure.gravatar.com\/avatar\/c1d7caf9a4063a74393abcf91991e9cd?s=96&d=mm&r=g\",\"contentUrl\":\"https:\/\/secure.gravatar.com\/avatar\/c1d7caf9a4063a74393abcf91991e9cd?s=96&d=mm&r=g\",\"caption\":\"admin_plexus\"},\"sameAs\":[\"https:\/\/www.plexus.es\"]}]}<\/script>\n<!-- \/ Yoast SEO plugin. -->","yoast_head_json":{"title":"Plexus Tech refuerza su presencia en Portugal","description":"Plexus aumenta plantilla, estructura y talento en el polo tecnol\u00f3gico en Lisboa, Portugal. Esta oficina, un pilar fundamental en su expansi\u00f3n","robots":{"index":"index","follow":"follow","max-snippet":"max-snippet:-1","max-image-preview":"max-image-preview:large","max-video-preview":"max-video-preview:-1"},"canonical":"https:\/\/www.plexus.es\/plexus-refuerza-presencia-en-portugal\/","og_locale":"gl_ES","og_type":"article","og_title":"Plexus Tech refuerza su presencia en Portugal","og_description":"Plexus aumenta plantilla, estructura y talento en el polo tecnol\u00f3gico en Lisboa, Portugal. Esta oficina, un pilar fundamental en su expansi\u00f3n","og_url":"https:\/\/www.plexus.es\/plexus-refuerza-presencia-en-portugal\/","og_site_name":"Plexus Tech","article_publisher":"https:\/\/www.facebook.com\/Plexus.Techno","article_published_time":"2021-10-14T08:37:43+00:00","article_modified_time":"2024-04-18T12:26:53+00:00","og_image":[{"width":1300,"height":916,"url":"https:\/\/www.plexus.es\/wp-content\/uploads\/2021\/10\/img_videoport-1-e1635245323324.jpg","type":"image\/jpeg"}],"twitter_card":"summary_large_image","twitter_creator":"@plexustech_","twitter_site":"@plexustech_","twitter_misc":{"Escrito por":"admin_plexus","Tempo de lectura":"5 minutos"},"schema":{"@context":"https:\/\/schema.org","@graph":[{"@type":"Organization","@id":"https:\/\/www.plexus.es\/#organization","name":"Plexus Tech","url":"https:\/\/www.plexus.es\/","sameAs":["https:\/\/www.facebook.com\/Plexus.Techno","https:\/\/www.instagram.com\/plexus.tech\/","https:\/\/www.linkedin.com\/company\/plexus-tech\/mycompany\/","https:\/\/www.youtube.com\/user\/tecnologiasplexus","https:\/\/twitter.com\/plexustech_"],"logo":{"@type":"ImageObject","@id":"https:\/\/www.plexus.es\/#logo","inLanguage":"gl-ES","url":"https:\/\/www.plexus.es\/wp-content\/uploads\/2021\/11\/logo-plexus-2021.png","contentUrl":"https:\/\/www.plexus.es\/wp-content\/uploads\/2021\/11\/logo-plexus-2021.png","width":600,"height":600,"caption":"Plexus Tech"},"image":{"@id":"https:\/\/www.plexus.es\/#logo"}},{"@type":"WebSite","@id":"https:\/\/www.plexus.es\/#website","url":"https:\/\/www.plexus.es\/","name":"Plexus Tech","description":"Tecnolog\u00eda con Alma","publisher":{"@id":"https:\/\/www.plexus.es\/#organization"},"potentialAction":[{"@type":"SearchAction","target":{"@type":"EntryPoint","urlTemplate":"https:\/\/www.plexus.es\/?s={search_term_string}"},"query-input":"required name=search_term_string"}],"inLanguage":"gl-ES"},{"@type":"ImageObject","@id":"https:\/\/www.plexus.es\/plexus-refuerza-presencia-en-portugal\/#primaryimage","inLanguage":"gl-ES","url":"https:\/\/www.plexus.es\/wp-content\/uploads\/2021\/10\/img_videoport-1-e1635245323324.jpg","contentUrl":"https:\/\/www.plexus.es\/wp-content\/uploads\/2021\/10\/img_videoport-1-e1635245323324.jpg","width":1300,"height":916,"caption":"Plexus Tech llega a Portugal, manteniendo la expansi\u00f3n internacional de la compa\u00f1\u00eda."},{"@type":"WebPage","@id":"https:\/\/www.plexus.es\/plexus-refuerza-presencia-en-portugal\/#webpage","url":"https:\/\/www.plexus.es\/plexus-refuerza-presencia-en-portugal\/","name":"Plexus Tech refuerza su presencia en Portugal","isPartOf":{"@id":"https:\/\/www.plexus.es\/#website"},"primaryImageOfPage":{"@id":"https:\/\/www.plexus.es\/plexus-refuerza-presencia-en-portugal\/#primaryimage"},"datePublished":"2021-10-14T08:37:43+00:00","dateModified":"2024-04-18T12:26:53+00:00","description":"Plexus aumenta plantilla, estructura y talento en el polo tecnol\u00f3gico en Lisboa, Portugal. Esta oficina, un pilar fundamental en su expansi\u00f3n","breadcrumb":{"@id":"https:\/\/www.plexus.es\/plexus-refuerza-presencia-en-portugal\/#breadcrumb"},"inLanguage":"gl-ES","potentialAction":[{"@type":"ReadAction","target":["https:\/\/www.plexus.es\/plexus-refuerza-presencia-en-portugal\/"]}]},{"@type":"BreadcrumbList","@id":"https:\/\/www.plexus.es\/plexus-refuerza-presencia-en-portugal\/#breadcrumb","itemListElement":[{"@type":"ListItem","position":1,"name":"Home","item":"https:\/\/www.plexus.es\/"},{"@type":"ListItem","position":2,"name":"Plexus Tech refuerza presencia en Portugal"}]},{"@type":"Article","@id":"https:\/\/www.plexus.es\/plexus-refuerza-presencia-en-portugal\/#article","isPartOf":{"@id":"https:\/\/www.plexus.es\/plexus-refuerza-presencia-en-portugal\/#webpage"},"author":{"@id":"https:\/\/www.plexus.es\/#\/schema\/person\/8f02d5ce6d7b659fa68b0e90317c5171"},"headline":"Plexus Tech refuerza presencia en Portugal","datePublished":"2021-10-14T08:37:43+00:00","dateModified":"2024-04-18T12:26:53+00:00","mainEntityOfPage":{"@id":"https:\/\/www.plexus.es\/plexus-refuerza-presencia-en-portugal\/#webpage"},"wordCount":916,"commentCount":0,"publisher":{"@id":"https:\/\/www.plexus.es\/#organization"},"image":{"@id":"https:\/\/www.plexus.es\/plexus-refuerza-presencia-en-portugal\/#primaryimage"},"thumbnailUrl":"https:\/\/www.plexus.es\/wp-content\/uploads\/2021\/10\/img_videoport-1-e1635245323324.jpg","articleSection":["Talento"],"inLanguage":"gl-ES","potentialAction":[{"@type":"CommentAction","name":"Comment","target":["https:\/\/www.plexus.es\/plexus-refuerza-presencia-en-portugal\/#respond"]}]},{"@type":"Person","@id":"https:\/\/www.plexus.es\/#\/schema\/person\/8f02d5ce6d7b659fa68b0e90317c5171","name":"admin_plexus","image":{"@type":"ImageObject","@id":"https:\/\/www.plexus.es\/#personlogo","inLanguage":"gl-ES","url":"https:\/\/secure.gravatar.com\/avatar\/c1d7caf9a4063a74393abcf91991e9cd?s=96&d=mm&r=g","contentUrl":"https:\/\/secure.gravatar.com\/avatar\/c1d7caf9a4063a74393abcf91991e9cd?s=96&d=mm&r=g","caption":"admin_plexus"},"sameAs":["https:\/\/www.plexus.es"]}]}},"_links":{"self":[{"href":"https:\/\/www.plexus.es\/gl\/wp-json\/wp\/v2\/posts\/3589"}],"collection":[{"href":"https:\/\/www.plexus.es\/gl\/wp-json\/wp\/v2\/posts"}],"about":[{"href":"https:\/\/www.plexus.es\/gl\/wp-json\/wp\/v2\/types\/post"}],"author":[{"embeddable":true,"href":"https:\/\/www.plexus.es\/gl\/wp-json\/wp\/v2\/users\/1"}],"replies":[{"embeddable":true,"href":"https:\/\/www.plexus.es\/gl\/wp-json\/wp\/v2\/comments?post=3589"}],"version-history":[{"count":7,"href":"https:\/\/www.plexus.es\/gl\/wp-json\/wp\/v2\/posts\/3589\/revisions"}],"predecessor-version":[{"id":37857,"href":"https:\/\/www.plexus.es\/gl\/wp-json\/wp\/v2\/posts\/3589\/revisions\/37857"}],"wp:featuredmedia":[{"embeddable":true,"href":"https:\/\/www.plexus.es\/gl\/wp-json\/wp\/v2\/media\/3593"}],"wp:attachment":[{"href":"https:\/\/www.plexus.es\/gl\/wp-json\/wp\/v2\/media?parent=3589"}],"wp:term":[{"taxonomy":"category","embeddable":true,"href":"https:\/\/www.plexus.es\/gl\/wp-json\/wp\/v2\/categories?post=3589"},{"taxonomy":"post_tag","embeddable":true,"href":"https:\/\/www.plexus.es\/gl\/wp-json\/wp\/v2\/tags?post=3589"}],"curies":[{"name":"wp","href":"https:\/\/api.w.org\/{rel}","templated":true}]}}