{"id":36443,"date":"2024-02-16T16:52:14","date_gmt":"2024-02-16T15:52:14","guid":{"rendered":"https:\/\/www.plexus.es\/?p=36443"},"modified":"2024-02-26T13:51:01","modified_gmt":"2024-02-26T12:51:01","slug":"ciberseguridad-plexus-tech-transformacion-digital-de-las-empresas","status":"publish","type":"post","link":"https:\/\/www.plexus.es\/gl\/ciberseguridad-plexus-tech-transformacion-digital-de-las-empresas\/","title":{"rendered":"La ciberseguridad, clave en la transformaci\u00f3n digital de las empresas"},"content":{"rendered":"<div class=\"fusion-fullwidth fullwidth-box fusion-builder-row-1 fusion-flex-container nonhundred-percent-fullwidth non-hundred-percent-height-scrolling\" style=\"background-color: rgba(255,255,255,0);background-position: center center;background-repeat: no-repeat;border-width: 0px 0px 0px 0px;border-color:#e8ebef;border-style:solid;\" ><div class=\"fusion-builder-row fusion-row fusion-flex-align-items-flex-start\" style=\"max-width:1310.4px;margin-left: calc(-4% \/ 2 );margin-right: calc(-4% \/ 2 );\"><div class=\"fusion-layout-column fusion_builder_column fusion-builder-column-0 fusion_builder_column_1_1 1_1 fusion-flex-column fusion-flex-align-self-center\"><div class=\"fusion-column-wrapper fusion-flex-justify-content-center fusion-content-layout-column\" style=\"background-position:left top;background-repeat:no-repeat;-webkit-background-size:cover;-moz-background-size:cover;-o-background-size:cover;background-size:cover;padding: 0px 0px 0px 0px;\"><div style=\"text-align:center;\"><span class=\" fusion-imageframe imageframe-none imageframe-1 hover-type-none\" style=\"border-radius:12px;margin-top:0px;margin-bottom:0px;\"><a class=\"fusion-no-lightbox\" href=\"https:\/\/www.linkedin.com\/posts\/plexus-tech_goodnews-gemelosdigitales-platgdia-activity-7146514515004735488-uBrB?utm_source=share&amp;utm_medium=member_desktop\" target=\"_self\" aria-label=\"Omar Orta, en su participaci\u00f3n en el webinar\"><img width=\"1757\" height=\"782\" alt=\"Omar Orta, director de Ciberseguridad de Plexus Tech, en su participaci\u00f3n en el webinar de Asime Acelera Pyme A Coru\u00f1a\" src=\"https:\/\/www.plexus.es\/wp-content\/uploads\/2024\/02\/Omar-Orta-en-su-participacion-en-el-webinar.jpg\" data-orig-src=\"https:\/\/www.plexus.es\/wp-content\/uploads\/2024\/02\/Omar-Orta-en-su-participacion-en-el-webinar.jpg\" class=\"lazyload img-responsive wp-image-36453\" srcset=\"data:image\/svg+xml,%3Csvg%20xmlns%3D%27http%3A%2F%2Fwww.w3.org%2F2000%2Fsvg%27%20width%3D%271757%27%20height%3D%27782%27%20viewBox%3D%270%200%201757%20782%27%3E%3Crect%20width%3D%271757%27%20height%3D%27782%27%20fill-opacity%3D%220%22%2F%3E%3C%2Fsvg%3E\" data-srcset=\"https:\/\/www.plexus.es\/wp-content\/uploads\/2024\/02\/Omar-Orta-en-su-participacion-en-el-webinar-200x89.jpg 200w, https:\/\/www.plexus.es\/wp-content\/uploads\/2024\/02\/Omar-Orta-en-su-participacion-en-el-webinar-400x178.jpg 400w, https:\/\/www.plexus.es\/wp-content\/uploads\/2024\/02\/Omar-Orta-en-su-participacion-en-el-webinar-600x267.jpg 600w, https:\/\/www.plexus.es\/wp-content\/uploads\/2024\/02\/Omar-Orta-en-su-participacion-en-el-webinar-800x356.jpg 800w, https:\/\/www.plexus.es\/wp-content\/uploads\/2024\/02\/Omar-Orta-en-su-participacion-en-el-webinar-1200x534.jpg 1200w, https:\/\/www.plexus.es\/wp-content\/uploads\/2024\/02\/Omar-Orta-en-su-participacion-en-el-webinar.jpg 1757w\" data-sizes=\"auto\" data-orig-sizes=\"(max-width: 640px) 100vw, 1757px\" \/><\/a><\/span><\/div><\/div><style type=\"text\/css\">.fusion-body .fusion-builder-column-0{width:100% !important;margin-top : 20px;margin-bottom : 20px;}.fusion-builder-column-0 > .fusion-column-wrapper {padding-top : 0px !important;padding-right : 0px !important;margin-right : 1.92%;padding-bottom : 0px !important;padding-left : 0px !important;margin-left : 1.92%;}@media only screen and (max-width:1200px) {.fusion-body .fusion-builder-column-0{width:100% !important;order : 0;}.fusion-builder-column-0 > .fusion-column-wrapper {margin-right : 1.92%;margin-left : 1.92%;}}@media only screen and (max-width:640px) {.fusion-body .fusion-builder-column-0{width:100% !important;order : 0;}.fusion-builder-column-0 > .fusion-column-wrapper {margin-right : 1.92%;margin-left : 1.92%;}}<\/style><\/div><div class=\"fusion-layout-column fusion_builder_column fusion-builder-column-1 fusion_builder_column_1_1 1_1 fusion-flex-column\"><div class=\"fusion-column-wrapper fusion-flex-justify-content-flex-start fusion-content-layout-column\" style=\"background-position:left top;background-repeat:no-repeat;-webkit-background-size:cover;-moz-background-size:cover;-o-background-size:cover;background-size:cover;padding: 0px 0px 0px 0px;\"><div class=\"fusion-text fusion-text-1\"><h2>Omar Orta, director del \u00e1rea de Ciberseguridad de Plexus Tech, particip\u00f3 en un webinar para pymes sobre las ayudas del programa Activa Ciberseguridad<\/h2>\n<p><strong>La transformaci\u00f3n digital de cualquier compa\u00f1\u00eda no se puede entender sin la ciberseguridad.<\/strong> Trasladando esta premisa, <strong>el director del \u00e1rea de Ciberseguridad de Plexus Tech, Omar Orta<\/strong>, particip\u00f3, este pasado viernes 16 de febrero, en un <strong>webinar informativo de Asime Acelera Pyme A Coru\u00f1a<\/strong>. El encuentro virtual sirvi\u00f3 para acercar a los empresarios la importancia de la seguridad digital en sus negocios, con especial menci\u00f3n para el <a href=\"https:\/\/www.industriaconectada40.gob.es\/programas-apoyo\/Paginas\/ACTIVA-Ciberseguridad.aspx\" target=\"_blank\" rel=\"noopener\"><span style=\"color: #000080;\"><strong>programa Activa Ciberseguridad<\/strong><\/span><\/a>, una l\u00ednea de ayudas estatales con las que Plexus Tech colabora como consultora experta.<\/p>\n<p>Se trat\u00f3 de una sesi\u00f3n interactiva y did\u00e1ctica, en la que, como expertos en la implantaci\u00f3n de proyectos de este tipo, <strong>acercamos las claves sobre la cultura de la ciberseguridad<\/strong>. Una parte <strong>imprescindible para cualquier negocio en la era de la revoluci\u00f3n tecnol\u00f3gica<\/strong>, ya que la prevenci\u00f3n y el control es el mejor aliado para evitar las amenazas en el ciberespacio.<\/p>\n<p>En este sentido, <strong>el programa Activa Ciberseguridad del Ministerio de Industria y Turismo, en colaboraci\u00f3n con la Escuela de Organizaci\u00f3n Industrial (EOI)<\/strong>, supone una gran oportunidad para las peque\u00f1as y medianas de empresas.<\/p>\n<p>De este modo, <strong>con la ayuda de <a href=\"https:\/\/www.plexus.es\/ciberseguridad\/\" target=\"_blank\" rel=\"noopener\"><span style=\"color: #000080;\">consultoras expertas como Plexus Tech<\/span><\/a><\/strong>, a trav\u00e9s de la iniciativa estatal cualquier pyme interesada recibe un asesoramiento especializado y personalizado para desarrollar su propio Plan de Ciberseguridad.<\/p>\n<p>Todo ello <strong>se canaliza como una subvenci\u00f3n, sin coste para la empresa beneficiaria<\/strong>. Esta incluye una serie de medidas que le permiten:<\/p>\n<ul>\n<li>Conocer su nivel se seguridad.<\/li>\n<li>Elaborar una estrategia espec\u00edfica e implantar acciones de mejora en esta \u00e1rea.<\/li>\n<li><strong>Potenciar sus procesos de ciberseguridad.<\/strong><\/li>\n<li><strong>Prepararlas para los desaf\u00edos digitales del mercado<\/strong>.<\/li>\n<\/ul>\n<h3>Plexus Tech, consultora experta de Activa Ciberseguridad.<\/h3>\n<p>El servicio integral que ofrece Plexus Tech a las pymes que se adhieran al programa se compone de<strong> tres pasos cruciales. Estos se desarrollan en un per\u00edodo de cuatro meses<\/strong>:<\/p>\n<ul>\n<li>En primer lugar, una <strong>auditor\u00eda y diagn\u00f3stico<\/strong> que identifica vulnerabilidades y eval\u00faa la seguridad actual.<\/li>\n<li>A continuaci\u00f3n,<strong> se desarrolla un plan personalizado<\/strong>, priorizando acciones seg\u00fan el impacto en el negocio.<\/li>\n<li>Finalmente, en el cierre del proyecto <strong>se proporciona orientaci\u00f3n detallada y se entregan informes<\/strong> para mantener la seguridad a largo plazo.<\/li>\n<\/ul>\n<p>En esta l\u00ednea, la colaboraci\u00f3n de la compa\u00f1\u00eda tecnol\u00f3gica <strong>no solo busca proteger a la pyme, sino tambi\u00e9n empoderar a las organizaciones.<\/strong> Les permite adoptar una postura defensiva contra las crecientes amenazas cibern\u00e9ticas.<\/p>\n<p>Una completa actuaci\u00f3n que est\u00e1 al alcance de cualquier interesado o interesada, ya que <strong>la convocatoria sigue abierta hasta que se agote el cr\u00e9dito<\/strong>. Se puede acceder a ella, en el siguiente enlace: <span style=\"color: #000080;\"><strong><a style=\"color: #000080;\" href=\"https:\/\/sede.eoi.es\/oficina-eoi\/tramites\/acceso.do?id=8262&amp;block=subvenciones_abiertas_1094&amp;blockType=AREAS_SEDE&amp;entity=1094\" target=\"_blank\" rel=\"noopener\">Inscrici\u00f3n Convocatoria Activa Ciberseguridad.<\/a><\/strong><\/span><\/p>\n<p>En todo caso, <strong>para m\u00e1s informaci\u00f3n<\/strong> sobre el programa Activa Ciberseguridad, Plexus Tech pone a disposici\u00f3n su mail <a href=\"mailto:hola@plexus.es\" target=\"_blank\" rel=\"noopener\"><span style=\"color: #000080;\"><strong>hola@plexus.es<\/strong><\/span><\/a>.<\/p>\n<h3>Omar Orta incide en la protecci\u00f3n de la confianza del cliente y de la empresa.<\/h3>\n<p>Durante su intervenci\u00f3n en el webinar de Asime A Coru\u00f1a, Omar Orta, director del \u00e1rea de Ciberseguridad de Plexus Tech, al mismo tiempo que present\u00f3 el programa de ayudas estatales, tambi\u00e9n <strong>traslad\u00f3 a los empresarios y empresarias participantes la importancia de establecer un modelo de confianza en el uso de las tecnolog\u00edas<\/strong>.<\/p>\n<p>En su intervenci\u00f3n, el experto resalt\u00f3 que, aunque la transformaci\u00f3n digital ha tra\u00eddo innumerables beneficios, tambi\u00e9n ha dado lugar a desaf\u00edos significativos. <strong>\u201cLa falta de ciberseguridad puede resultar un caos, especialmente cuando se trata de la confianza de los clientes, ya que puede convertirla en una desventaja\u201d<\/strong>, advirti\u00f3.<\/p>\n<p>Asimismo, el especialista de Plexus Tech incidi\u00f3 en la <strong>evoluci\u00f3n significativa de las ciberamenazas,<\/strong> resaltando que ahora involucran a grupos complejos. Entre las que pueden marcar este 2024 est\u00e1n, entre otras, seg\u00fan cit\u00f3:<\/p>\n<ul>\n<li>La ciberguerra.<\/li>\n<li>Los ataques creativos en dispositivos m\u00f3viles.<\/li>\n<li>El aumento de ciberataques entre pa\u00edses.<\/li>\n<li>Las <strong>amenazas a las cadenas de suministro<\/strong>.<\/li>\n<\/ul>\n<p>Por ello, y tambi\u00e9n por la escasez de talento en esta \u00e1rea, Omar Orta destac\u00f3 la <strong>necesidad de abordar una estrategia tecnol\u00f3gica defensiva con celeridad<\/strong>. Adem\u00e1s, aport\u00f3 detalles y consejos sobre los principales ataques cibern\u00e9ticos para garantizar un entorno digital seguro.<\/p>\n<\/div><\/div><style type=\"text\/css\">.fusion-body .fusion-builder-column-1{width:100% !important;margin-top : 20px;margin-bottom : 20px;}.fusion-builder-column-1 > .fusion-column-wrapper {padding-top : 0px !important;padding-right : 0px !important;margin-right : 1.92%;padding-bottom : 0px !important;padding-left : 0px !important;margin-left : 1.92%;}@media only screen and (max-width:1200px) {.fusion-body .fusion-builder-column-1{width:100% !important;order : 0;}.fusion-builder-column-1 > .fusion-column-wrapper {margin-right : 1.92%;margin-left : 1.92%;}}@media only screen and (max-width:640px) {.fusion-body .fusion-builder-column-1{width:100% !important;order : 0;}.fusion-builder-column-1 > .fusion-column-wrapper {margin-right : 1.92%;margin-left : 1.92%;}}<\/style><\/div><\/div><style type=\"text\/css\">.fusion-body .fusion-flex-container.fusion-builder-row-1{ padding-top : 0px;margin-top : 0px;padding-right : 0px;padding-bottom : 0px;margin-bottom : 0px;padding-left : 0px;}<\/style><\/div>\n","protected":false},"excerpt":{"rendered":"<p>Omar Orta, responsable del \u00e1rea de Ciberseguridad de Plexus Tech, acerc\u00f3 a pymes gallegas la l\u00ednea de ayudas del programa Activa Ciberseguridad<\/p>\n","protected":false},"author":1,"featured_media":36445,"comment_status":"open","ping_status":"open","sticky":false,"template":"","format":"standard","meta":[],"categories":[40,105],"tags":[],"yoast_head":"<!-- This site is optimized with the Yoast SEO plugin v17.4 - https:\/\/yoast.com\/wordpress\/plugins\/seo\/ -->\n<title>La ciberseguridad, clave en la transformaci\u00f3n digital de las empresas<\/title>\n<meta name=\"description\" content=\"Omar Orta, responsable del \u00e1rea de Ciberseguridad de Plexus Tech, acerc\u00f3 a pymes gallegas las ayudas del programa Activa Ciberseguridad\" \/>\n<meta name=\"robots\" content=\"index, follow, max-snippet:-1, max-image-preview:large, max-video-preview:-1\" \/>\n<link rel=\"canonical\" href=\"https:\/\/www.plexus.es\/ciberseguridad-plexus-tech-transformacion-digital-de-las-empresas\/\" \/>\n<meta property=\"og:locale\" content=\"gl_ES\" \/>\n<meta property=\"og:type\" content=\"article\" \/>\n<meta property=\"og:title\" content=\"La ciberseguridad, clave en la transformaci\u00f3n digital de las empresas\" \/>\n<meta property=\"og:description\" content=\"Omar Orta, responsable del \u00e1rea de Ciberseguridad de Plexus Tech, acerc\u00f3 a pymes gallegas las ayudas del programa Activa Ciberseguridad\" \/>\n<meta property=\"og:url\" content=\"https:\/\/www.plexus.es\/ciberseguridad-plexus-tech-transformacion-digital-de-las-empresas\/\" \/>\n<meta property=\"og:site_name\" content=\"Plexus Tech\" \/>\n<meta property=\"article:publisher\" content=\"https:\/\/www.facebook.com\/Plexus.Techno\" \/>\n<meta property=\"article:published_time\" content=\"2024-02-16T15:52:14+00:00\" \/>\n<meta property=\"article:modified_time\" content=\"2024-02-26T12:51:01+00:00\" \/>\n<meta property=\"og:image\" content=\"https:\/\/www.plexus.es\/wp-content\/uploads\/2024\/02\/OmarHora4-3.jpg\" \/>\n\t<meta property=\"og:image:width\" content=\"1757\" \/>\n\t<meta property=\"og:image:height\" content=\"1318\" \/>\n<meta name=\"twitter:card\" content=\"summary_large_image\" \/>\n<meta name=\"twitter:creator\" content=\"@plexustech_\" \/>\n<meta name=\"twitter:site\" content=\"@plexustech_\" \/>\n<meta name=\"twitter:label1\" content=\"Escrito por\" \/>\n\t<meta name=\"twitter:data1\" content=\"admin_plexus\" \/>\n\t<meta name=\"twitter:label2\" content=\"Tempo de lectura\" \/>\n\t<meta name=\"twitter:data2\" content=\"4 minutos\" \/>\n<script type=\"application\/ld+json\" class=\"yoast-schema-graph\">{\"@context\":\"https:\/\/schema.org\",\"@graph\":[{\"@type\":\"Organization\",\"@id\":\"https:\/\/www.plexus.es\/#organization\",\"name\":\"Plexus Tech\",\"url\":\"https:\/\/www.plexus.es\/\",\"sameAs\":[\"https:\/\/www.facebook.com\/Plexus.Techno\",\"https:\/\/www.instagram.com\/plexus.tech\/\",\"https:\/\/www.linkedin.com\/company\/plexus-tech\/mycompany\/\",\"https:\/\/www.youtube.com\/user\/tecnologiasplexus\",\"https:\/\/twitter.com\/plexustech_\"],\"logo\":{\"@type\":\"ImageObject\",\"@id\":\"https:\/\/www.plexus.es\/#logo\",\"inLanguage\":\"gl-ES\",\"url\":\"https:\/\/www.plexus.es\/wp-content\/uploads\/2021\/11\/logo-plexus-2021.png\",\"contentUrl\":\"https:\/\/www.plexus.es\/wp-content\/uploads\/2021\/11\/logo-plexus-2021.png\",\"width\":600,\"height\":600,\"caption\":\"Plexus Tech\"},\"image\":{\"@id\":\"https:\/\/www.plexus.es\/#logo\"}},{\"@type\":\"WebSite\",\"@id\":\"https:\/\/www.plexus.es\/#website\",\"url\":\"https:\/\/www.plexus.es\/\",\"name\":\"Plexus Tech\",\"description\":\"Tecnolog\\u00eda con Alma\",\"publisher\":{\"@id\":\"https:\/\/www.plexus.es\/#organization\"},\"potentialAction\":[{\"@type\":\"SearchAction\",\"target\":{\"@type\":\"EntryPoint\",\"urlTemplate\":\"https:\/\/www.plexus.es\/?s={search_term_string}\"},\"query-input\":\"required name=search_term_string\"}],\"inLanguage\":\"gl-ES\"},{\"@type\":\"ImageObject\",\"@id\":\"https:\/\/www.plexus.es\/ciberseguridad-plexus-tech-transformacion-digital-de-las-empresas\/#primaryimage\",\"inLanguage\":\"gl-ES\",\"url\":\"https:\/\/www.plexus.es\/wp-content\/uploads\/2024\/02\/OmarHora4-3.jpg\",\"contentUrl\":\"https:\/\/www.plexus.es\/wp-content\/uploads\/2024\/02\/OmarHora4-3.jpg\",\"width\":1757,\"height\":1318,\"caption\":\"Omar Orta, director de Ciberseguridad de Plexus Tech, explic\\u00f3 el programa Activa Ciberseguridad\"},{\"@type\":\"WebPage\",\"@id\":\"https:\/\/www.plexus.es\/ciberseguridad-plexus-tech-transformacion-digital-de-las-empresas\/#webpage\",\"url\":\"https:\/\/www.plexus.es\/ciberseguridad-plexus-tech-transformacion-digital-de-las-empresas\/\",\"name\":\"La ciberseguridad, clave en la transformaci\\u00f3n digital de las empresas\",\"isPartOf\":{\"@id\":\"https:\/\/www.plexus.es\/#website\"},\"primaryImageOfPage\":{\"@id\":\"https:\/\/www.plexus.es\/ciberseguridad-plexus-tech-transformacion-digital-de-las-empresas\/#primaryimage\"},\"datePublished\":\"2024-02-16T15:52:14+00:00\",\"dateModified\":\"2024-02-26T12:51:01+00:00\",\"description\":\"Omar Orta, responsable del \\u00e1rea de Ciberseguridad de Plexus Tech, acerc\\u00f3 a pymes gallegas las ayudas del programa Activa Ciberseguridad\",\"breadcrumb\":{\"@id\":\"https:\/\/www.plexus.es\/ciberseguridad-plexus-tech-transformacion-digital-de-las-empresas\/#breadcrumb\"},\"inLanguage\":\"gl-ES\",\"potentialAction\":[{\"@type\":\"ReadAction\",\"target\":[\"https:\/\/www.plexus.es\/ciberseguridad-plexus-tech-transformacion-digital-de-las-empresas\/\"]}]},{\"@type\":\"BreadcrumbList\",\"@id\":\"https:\/\/www.plexus.es\/ciberseguridad-plexus-tech-transformacion-digital-de-las-empresas\/#breadcrumb\",\"itemListElement\":[{\"@type\":\"ListItem\",\"position\":1,\"name\":\"Home\",\"item\":\"https:\/\/www.plexus.es\/\"},{\"@type\":\"ListItem\",\"position\":2,\"name\":\"La ciberseguridad, clave en la transformaci\\u00f3n digital de las empresas\"}]},{\"@type\":\"Article\",\"@id\":\"https:\/\/www.plexus.es\/ciberseguridad-plexus-tech-transformacion-digital-de-las-empresas\/#article\",\"isPartOf\":{\"@id\":\"https:\/\/www.plexus.es\/ciberseguridad-plexus-tech-transformacion-digital-de-las-empresas\/#webpage\"},\"author\":{\"@id\":\"https:\/\/www.plexus.es\/#\/schema\/person\/8f02d5ce6d7b659fa68b0e90317c5171\"},\"headline\":\"La ciberseguridad, clave en la transformaci\\u00f3n digital de las empresas\",\"datePublished\":\"2024-02-16T15:52:14+00:00\",\"dateModified\":\"2024-02-26T12:51:01+00:00\",\"mainEntityOfPage\":{\"@id\":\"https:\/\/www.plexus.es\/ciberseguridad-plexus-tech-transformacion-digital-de-las-empresas\/#webpage\"},\"wordCount\":1684,\"commentCount\":0,\"publisher\":{\"@id\":\"https:\/\/www.plexus.es\/#organization\"},\"image\":{\"@id\":\"https:\/\/www.plexus.es\/ciberseguridad-plexus-tech-transformacion-digital-de-las-empresas\/#primaryimage\"},\"thumbnailUrl\":\"https:\/\/www.plexus.es\/wp-content\/uploads\/2024\/02\/OmarHora4-3.jpg\",\"articleSection\":[\"Ciberseguridad\",\"Tech&amp;Innovaci\\u00f3n\"],\"inLanguage\":\"gl-ES\",\"potentialAction\":[{\"@type\":\"CommentAction\",\"name\":\"Comment\",\"target\":[\"https:\/\/www.plexus.es\/ciberseguridad-plexus-tech-transformacion-digital-de-las-empresas\/#respond\"]}]},{\"@type\":\"Person\",\"@id\":\"https:\/\/www.plexus.es\/#\/schema\/person\/8f02d5ce6d7b659fa68b0e90317c5171\",\"name\":\"admin_plexus\",\"image\":{\"@type\":\"ImageObject\",\"@id\":\"https:\/\/www.plexus.es\/#personlogo\",\"inLanguage\":\"gl-ES\",\"url\":\"https:\/\/secure.gravatar.com\/avatar\/c1d7caf9a4063a74393abcf91991e9cd?s=96&d=mm&r=g\",\"contentUrl\":\"https:\/\/secure.gravatar.com\/avatar\/c1d7caf9a4063a74393abcf91991e9cd?s=96&d=mm&r=g\",\"caption\":\"admin_plexus\"},\"sameAs\":[\"https:\/\/www.plexus.es\"]}]}<\/script>\n<!-- \/ Yoast SEO plugin. -->","yoast_head_json":{"title":"La ciberseguridad, clave en la transformaci\u00f3n digital de las empresas","description":"Omar Orta, responsable del \u00e1rea de Ciberseguridad de Plexus Tech, acerc\u00f3 a pymes gallegas las ayudas del programa Activa Ciberseguridad","robots":{"index":"index","follow":"follow","max-snippet":"max-snippet:-1","max-image-preview":"max-image-preview:large","max-video-preview":"max-video-preview:-1"},"canonical":"https:\/\/www.plexus.es\/ciberseguridad-plexus-tech-transformacion-digital-de-las-empresas\/","og_locale":"gl_ES","og_type":"article","og_title":"La ciberseguridad, clave en la transformaci\u00f3n digital de las empresas","og_description":"Omar Orta, responsable del \u00e1rea de Ciberseguridad de Plexus Tech, acerc\u00f3 a pymes gallegas las ayudas del programa Activa Ciberseguridad","og_url":"https:\/\/www.plexus.es\/ciberseguridad-plexus-tech-transformacion-digital-de-las-empresas\/","og_site_name":"Plexus Tech","article_publisher":"https:\/\/www.facebook.com\/Plexus.Techno","article_published_time":"2024-02-16T15:52:14+00:00","article_modified_time":"2024-02-26T12:51:01+00:00","og_image":[{"width":1757,"height":1318,"url":"https:\/\/www.plexus.es\/wp-content\/uploads\/2024\/02\/OmarHora4-3.jpg","type":"image\/jpeg"}],"twitter_card":"summary_large_image","twitter_creator":"@plexustech_","twitter_site":"@plexustech_","twitter_misc":{"Escrito por":"admin_plexus","Tempo de lectura":"4 minutos"},"schema":{"@context":"https:\/\/schema.org","@graph":[{"@type":"Organization","@id":"https:\/\/www.plexus.es\/#organization","name":"Plexus Tech","url":"https:\/\/www.plexus.es\/","sameAs":["https:\/\/www.facebook.com\/Plexus.Techno","https:\/\/www.instagram.com\/plexus.tech\/","https:\/\/www.linkedin.com\/company\/plexus-tech\/mycompany\/","https:\/\/www.youtube.com\/user\/tecnologiasplexus","https:\/\/twitter.com\/plexustech_"],"logo":{"@type":"ImageObject","@id":"https:\/\/www.plexus.es\/#logo","inLanguage":"gl-ES","url":"https:\/\/www.plexus.es\/wp-content\/uploads\/2021\/11\/logo-plexus-2021.png","contentUrl":"https:\/\/www.plexus.es\/wp-content\/uploads\/2021\/11\/logo-plexus-2021.png","width":600,"height":600,"caption":"Plexus Tech"},"image":{"@id":"https:\/\/www.plexus.es\/#logo"}},{"@type":"WebSite","@id":"https:\/\/www.plexus.es\/#website","url":"https:\/\/www.plexus.es\/","name":"Plexus Tech","description":"Tecnolog\u00eda con Alma","publisher":{"@id":"https:\/\/www.plexus.es\/#organization"},"potentialAction":[{"@type":"SearchAction","target":{"@type":"EntryPoint","urlTemplate":"https:\/\/www.plexus.es\/?s={search_term_string}"},"query-input":"required name=search_term_string"}],"inLanguage":"gl-ES"},{"@type":"ImageObject","@id":"https:\/\/www.plexus.es\/ciberseguridad-plexus-tech-transformacion-digital-de-las-empresas\/#primaryimage","inLanguage":"gl-ES","url":"https:\/\/www.plexus.es\/wp-content\/uploads\/2024\/02\/OmarHora4-3.jpg","contentUrl":"https:\/\/www.plexus.es\/wp-content\/uploads\/2024\/02\/OmarHora4-3.jpg","width":1757,"height":1318,"caption":"Omar Orta, director de Ciberseguridad de Plexus Tech, explic\u00f3 el programa Activa Ciberseguridad"},{"@type":"WebPage","@id":"https:\/\/www.plexus.es\/ciberseguridad-plexus-tech-transformacion-digital-de-las-empresas\/#webpage","url":"https:\/\/www.plexus.es\/ciberseguridad-plexus-tech-transformacion-digital-de-las-empresas\/","name":"La ciberseguridad, clave en la transformaci\u00f3n digital de las empresas","isPartOf":{"@id":"https:\/\/www.plexus.es\/#website"},"primaryImageOfPage":{"@id":"https:\/\/www.plexus.es\/ciberseguridad-plexus-tech-transformacion-digital-de-las-empresas\/#primaryimage"},"datePublished":"2024-02-16T15:52:14+00:00","dateModified":"2024-02-26T12:51:01+00:00","description":"Omar Orta, responsable del \u00e1rea de Ciberseguridad de Plexus Tech, acerc\u00f3 a pymes gallegas las ayudas del programa Activa Ciberseguridad","breadcrumb":{"@id":"https:\/\/www.plexus.es\/ciberseguridad-plexus-tech-transformacion-digital-de-las-empresas\/#breadcrumb"},"inLanguage":"gl-ES","potentialAction":[{"@type":"ReadAction","target":["https:\/\/www.plexus.es\/ciberseguridad-plexus-tech-transformacion-digital-de-las-empresas\/"]}]},{"@type":"BreadcrumbList","@id":"https:\/\/www.plexus.es\/ciberseguridad-plexus-tech-transformacion-digital-de-las-empresas\/#breadcrumb","itemListElement":[{"@type":"ListItem","position":1,"name":"Home","item":"https:\/\/www.plexus.es\/"},{"@type":"ListItem","position":2,"name":"La ciberseguridad, clave en la transformaci\u00f3n digital de las empresas"}]},{"@type":"Article","@id":"https:\/\/www.plexus.es\/ciberseguridad-plexus-tech-transformacion-digital-de-las-empresas\/#article","isPartOf":{"@id":"https:\/\/www.plexus.es\/ciberseguridad-plexus-tech-transformacion-digital-de-las-empresas\/#webpage"},"author":{"@id":"https:\/\/www.plexus.es\/#\/schema\/person\/8f02d5ce6d7b659fa68b0e90317c5171"},"headline":"La ciberseguridad, clave en la transformaci\u00f3n digital de las empresas","datePublished":"2024-02-16T15:52:14+00:00","dateModified":"2024-02-26T12:51:01+00:00","mainEntityOfPage":{"@id":"https:\/\/www.plexus.es\/ciberseguridad-plexus-tech-transformacion-digital-de-las-empresas\/#webpage"},"wordCount":1684,"commentCount":0,"publisher":{"@id":"https:\/\/www.plexus.es\/#organization"},"image":{"@id":"https:\/\/www.plexus.es\/ciberseguridad-plexus-tech-transformacion-digital-de-las-empresas\/#primaryimage"},"thumbnailUrl":"https:\/\/www.plexus.es\/wp-content\/uploads\/2024\/02\/OmarHora4-3.jpg","articleSection":["Ciberseguridad","Tech&amp;Innovaci\u00f3n"],"inLanguage":"gl-ES","potentialAction":[{"@type":"CommentAction","name":"Comment","target":["https:\/\/www.plexus.es\/ciberseguridad-plexus-tech-transformacion-digital-de-las-empresas\/#respond"]}]},{"@type":"Person","@id":"https:\/\/www.plexus.es\/#\/schema\/person\/8f02d5ce6d7b659fa68b0e90317c5171","name":"admin_plexus","image":{"@type":"ImageObject","@id":"https:\/\/www.plexus.es\/#personlogo","inLanguage":"gl-ES","url":"https:\/\/secure.gravatar.com\/avatar\/c1d7caf9a4063a74393abcf91991e9cd?s=96&d=mm&r=g","contentUrl":"https:\/\/secure.gravatar.com\/avatar\/c1d7caf9a4063a74393abcf91991e9cd?s=96&d=mm&r=g","caption":"admin_plexus"},"sameAs":["https:\/\/www.plexus.es"]}]}},"_links":{"self":[{"href":"https:\/\/www.plexus.es\/gl\/wp-json\/wp\/v2\/posts\/36443"}],"collection":[{"href":"https:\/\/www.plexus.es\/gl\/wp-json\/wp\/v2\/posts"}],"about":[{"href":"https:\/\/www.plexus.es\/gl\/wp-json\/wp\/v2\/types\/post"}],"author":[{"embeddable":true,"href":"https:\/\/www.plexus.es\/gl\/wp-json\/wp\/v2\/users\/1"}],"replies":[{"embeddable":true,"href":"https:\/\/www.plexus.es\/gl\/wp-json\/wp\/v2\/comments?post=36443"}],"version-history":[{"count":4,"href":"https:\/\/www.plexus.es\/gl\/wp-json\/wp\/v2\/posts\/36443\/revisions"}],"predecessor-version":[{"id":36459,"href":"https:\/\/www.plexus.es\/gl\/wp-json\/wp\/v2\/posts\/36443\/revisions\/36459"}],"wp:featuredmedia":[{"embeddable":true,"href":"https:\/\/www.plexus.es\/gl\/wp-json\/wp\/v2\/media\/36445"}],"wp:attachment":[{"href":"https:\/\/www.plexus.es\/gl\/wp-json\/wp\/v2\/media?parent=36443"}],"wp:term":[{"taxonomy":"category","embeddable":true,"href":"https:\/\/www.plexus.es\/gl\/wp-json\/wp\/v2\/categories?post=36443"},{"taxonomy":"post_tag","embeddable":true,"href":"https:\/\/www.plexus.es\/gl\/wp-json\/wp\/v2\/tags?post=36443"}],"curies":[{"name":"wp","href":"https:\/\/api.w.org\/{rel}","templated":true}]}}