{"id":44433,"date":"2024-06-14T11:00:14","date_gmt":"2024-06-14T09:00:14","guid":{"rendered":"https:\/\/www.plexus.es\/?p=44433"},"modified":"2024-10-03T13:44:22","modified_gmt":"2024-10-03T11:44:22","slug":"plexus-tech-cluster-gaia-pais-vasco","status":"publish","type":"post","link":"https:\/\/www.plexus.es\/gl\/plexus-tech-cluster-gaia-pais-vasco\/","title":{"rendered":"Entramos en el Cl\u00faster GAIA, impulsando nuestra presencia en Euskadi"},"content":{"rendered":"<div class=\"fusion-fullwidth fullwidth-box fusion-builder-row-1 fusion-flex-container container-detail-news plexus_css nonhundred-percent-fullwidth non-hundred-percent-height-scrolling\" style=\"background-color: rgba(255,255,255,0);background-position: center center;background-repeat: no-repeat;border-width: 0px 0px 0px 0px;border-color:#e8ebef;border-style:solid;\" ><div class=\"fusion-builder-row fusion-row fusion-flex-align-items-flex-start\" style=\"max-width:1310.4px;margin-left: calc(-4% \/ 2 );margin-right: calc(-4% \/ 2 );\"><div class=\"fusion-layout-column fusion_builder_column fusion-builder-column-0 fusion_builder_column_1_1 1_1 fusion-flex-column fusion-flex-align-self-stretch\"><div class=\"fusion-column-wrapper fusion-flex-justify-content-center fusion-content-layout-column\" style=\"background-position:left top;background-repeat:no-repeat;-webkit-background-size:cover;-moz-background-size:cover;-o-background-size:cover;background-size:cover;padding: 0px 0px 0px 0px;\"><div style=\"text-align:center;\"><span class=\" fusion-imageframe imageframe-none imageframe-1 hover-type-none\" style=\"border-radius:12px;margin-top:0px;margin-right:0px;margin-bottom:0px;margin-left:0px;\"><a class=\"fusion-no-lightbox\" href=\"https:\/\/www.linkedin.com\/posts\/plexus-tech_goodnews-gemelosdigitales-platgdia-activity-7146514515004735488-uBrB?utm_source=share&amp;utm_medium=member_desktop\" target=\"_self\" aria-label=\"GAIA\"><img width=\"1397\" height=\"1048\" alt=\"Carmen Garc\u00eda, directora de negocio de la zona norte de Plexus Tech, charlando con Tom\u00e1s Iriondo, director General y coordinador del Cl\u00faster GAIA, durante el evento de Cybasque celebrado en San Sebasti\u00e1n.\" src=\"https:\/\/www.plexus.es\/wp-content\/uploads\/2024\/10\/GAIA.jpg\" data-orig-src=\"https:\/\/www.plexus.es\/wp-content\/uploads\/2024\/10\/GAIA.jpg\" class=\"lazyload img-responsive wp-image-44436\" srcset=\"data:image\/svg+xml,%3Csvg%20xmlns%3D%27http%3A%2F%2Fwww.w3.org%2F2000%2Fsvg%27%20width%3D%271397%27%20height%3D%271048%27%20viewBox%3D%270%200%201397%201048%27%3E%3Crect%20width%3D%271397%27%20height%3D%271048%27%20fill-opacity%3D%220%22%2F%3E%3C%2Fsvg%3E\" data-srcset=\"https:\/\/www.plexus.es\/wp-content\/uploads\/2024\/10\/GAIA-200x150.jpg 200w, https:\/\/www.plexus.es\/wp-content\/uploads\/2024\/10\/GAIA-400x300.jpg 400w, https:\/\/www.plexus.es\/wp-content\/uploads\/2024\/10\/GAIA-600x450.jpg 600w, https:\/\/www.plexus.es\/wp-content\/uploads\/2024\/10\/GAIA-800x600.jpg 800w, https:\/\/www.plexus.es\/wp-content\/uploads\/2024\/10\/GAIA-1200x900.jpg 1200w, https:\/\/www.plexus.es\/wp-content\/uploads\/2024\/10\/GAIA.jpg 1397w\" data-sizes=\"auto\" data-orig-sizes=\"(max-width: 640px) 100vw, 1397px\" \/><\/a><\/span><\/div><\/div><style type=\"text\/css\">.fusion-body .fusion-builder-column-0{width:100% !important;margin-top : 0px;margin-bottom : 0px;}.fusion-builder-column-0 > .fusion-column-wrapper {padding-top : 0 !important;padding-right : 0px !important;margin-right : 1.92%;padding-bottom : 0 !important;padding-left : 0px !important;margin-left : 1.92%;}@media only screen and (max-width:1200px) {.fusion-body .fusion-builder-column-0{width:100% !important;order : 0;}.fusion-builder-column-0 > .fusion-column-wrapper {margin-right : 1.92%;margin-left : 1.92%;}}@media only screen and (max-width:640px) {.fusion-body .fusion-builder-column-0{width:100% !important;order : 0;}.fusion-builder-column-0 > .fusion-column-wrapper {margin-right : 1.92%;margin-left : 1.92%;}}<\/style><\/div><div class=\"fusion-layout-column fusion_builder_column fusion-builder-column-1 fusion_builder_column_1_1 1_1 fusion-flex-column\"><div class=\"fusion-column-wrapper fusion-flex-justify-content-flex-start fusion-content-layout-column\" style=\"background-position:left top;background-repeat:no-repeat;-webkit-background-size:cover;-moz-background-size:cover;-o-background-size:cover;background-size:cover;padding: 0px 0px 0px 0px;\"><div class=\"fusion-text fusion-text-1\"><ul>\n<li>\n<h2>Somos nuevos socios de la Asociaci\u00f3n de Industrias de Conocimiento y Tecnolog\u00eda del Pa\u00eds Vasco.<\/h2>\n<\/li>\n<\/ul>\n<p>Desde Plexus Tech estamos muy contentos de poder anunciar nuestra <strong>entrada en el Cl\u00faster GAIA. Un paso m\u00e1s que nos permite impulsar nuestra presencia en el Pa\u00eds Vasco<\/strong>, acercando nuestros servicios y soluciones de innovaci\u00f3n.<\/p>\n<p>En este sentido, siendo <a href=\"https:\/\/gaia.es\/\" target=\"_blank\" rel=\"noopener\"><strong>nuevos socios de la prestigiosa Asociaci\u00f3n de Industrias de Conocimiento y Tecnolog\u00eda del Pa\u00eds Vasco<\/strong><\/a> reforzamos nuestra posici\u00f3n en la comunidad, en la que ya est\u00e1bamos presentes desde hace a\u00f1os.<\/p>\n<p>De este modo, invertimos en Euskadi con conocimiento del mercado, <strong>apostando por el talento tech local y aportando valor con \u00e1reas de alto valor tecnol\u00f3gico como inteligencia artificial, <a href=\"https:\/\/www.plexus.es\/servicios\/ciberseguridad\/\" target=\"_blank\" rel=\"noopener\">ciberseguridad<\/a> o <a href=\"https:\/\/www.plexus.es\/servicios\/data\/\" target=\"_blank\" rel=\"noopener\">data<\/a><\/strong>.<\/p>\n<p>En esta l\u00ednea, como nuevos socios del Cl\u00faster GAIA podremos <strong>compartir conocimiento con el objetivo de desarrollar soluciones globalmente competitivas<\/strong>, basadas en conocimiento y tecnolog\u00eda.<\/p>\n<p>Por ello, queremos darle la gracias a <strong>Tom\u00e1s Iriondo<\/strong>, director General y coordinador en GAIA, y a todo su equipo por su acogida en el Cl\u00faster.<\/p>\n<h3><strong>Plexus Tech, en las asambleas generales del Cl\u00faster GAIA.<\/strong><\/h3>\n<p>Como nuevos miembros del Cl\u00faster GAIA, nuestra directora de negocio de la zona norte, <strong>Carmen Garc\u00eda<\/strong>, ha participado recientemente en las dos Asambleas Generales de la asociaci\u00f3n. <strong>Encuentros de inter\u00e9s, para avanzar en los retos del sector<\/strong>, en los que recibimos una calurosa bienvenida.<\/p>\n<p>Por un lado, participamos en la <strong>41\u00aa Asamblea GAIA<\/strong>, cita en la que se consign\u00f3 nuestra <strong>entrada oficial en el Cl\u00faster<\/strong>. En ella se abordaron, en conjunto, los retos del sector tech, en un acto con las 313 entidades que formamos parte.<\/p>\n<p>Por el otro, tambi\u00e9n estuvimos en la <strong>asamblea de la Asociaci\u00f3n de Industrias de Ciberseguridad de Euskadi (Cybasque), integrada en GAIA<\/strong>. En ella se puso en valor la ciberseguridad como eje transversal de convivencia, compromiso y competitividad de la econom\u00eda y la sociedad.<\/p>\n<p>Fueron dos eventos que sirvieron como toma de contacto para comenzar a desarrollar soluciones globalmente competitivas. Estamos con muchas ganas de trabajar por un futuro mejor y aprovechar el potencial de <strong>tecnolog\u00edas habilitadoras como IA, ciberseguridad o IOT<\/strong>.<\/p>\n<h4>Qu\u00e9 es GAIA<\/h4>\n<p>GAIA es la Asociaci\u00f3n de Industrias de Conocimiento y Tecnolog\u00eda de Euskadi. <strong>Una entidad sin \u00e1nimo de lucro, de car\u00e1cter privado y profesional, creada en 1983<\/strong>. En la actualidad GAIA est\u00e1 compuesta por 313 empresas, entre ellas ahora Plexus Tech, que ofrecen productos y servicios en los \u00e1mbitos de: consultor\u00eda, ingenier\u00eda, inform\u00e1tica, electr\u00f3nica, gamificaci\u00f3n y telecomunicaciones.<\/p>\n<p><strong>Las empresas de GAIA constituyen una fuerza de innovaci\u00f3n y atracci\u00f3n de capacidades para la econom\u00eda de la regi\u00f3n<\/strong>. Su prop\u00f3sito es articular la transmisi\u00f3n de estas capacidades al conjunto de la econom\u00eda vasca. Por ello, en conjunto, se aporta la visi\u00f3n, orientaci\u00f3n com\u00fan y agregaci\u00f3n de recursos, que se dirigen hacia oportunidades reales de negocio.<\/p>\n<p>En este sentido, el Cl\u00faster engloba un sector intensivo en conocimiento, que genera el 5% del PIB y m\u00e1s de 11.000 empleos directos en la regi\u00f3n. Adem\u00e1s, alimenta la cantera del talento tecnol\u00f3gico para posicionar a Euskadi como centro de excelencia en el \u00e1mbito tech.<\/p>\n<\/div><\/div><style type=\"text\/css\">.fusion-body .fusion-builder-column-1{width:100% !important;margin-top : 20px;margin-bottom : 20px;}.fusion-builder-column-1 > .fusion-column-wrapper {padding-top : 0px !important;padding-right : 0px !important;margin-right : 1.92%;padding-bottom : 0px !important;padding-left : 0px !important;margin-left : 1.92%;}@media only screen and (max-width:1200px) {.fusion-body .fusion-builder-column-1{width:100% !important;order : 0;}.fusion-builder-column-1 > .fusion-column-wrapper {margin-right : 1.92%;margin-left : 1.92%;}}@media only screen and (max-width:640px) {.fusion-body .fusion-builder-column-1{width:100% !important;order : 0;}.fusion-builder-column-1 > .fusion-column-wrapper {margin-right : 1.92%;margin-left : 1.92%;}}<\/style><\/div><\/div><style type=\"text\/css\">.fusion-body .fusion-flex-container.fusion-builder-row-1{ padding-top : 0px;margin-top : 0;padding-right : 0px;padding-bottom : 0px;margin-bottom : 0;padding-left : 0px;}<\/style><\/div>\n","protected":false},"excerpt":{"rendered":"<p>En Plexus Tech somos nuevos socios de la prestigiosa Asociaci\u00f3n de Industrias de Conocimiento y Tecnolog\u00eda del Pa\u00eds Vasco.<\/p>\n","protected":false},"author":1,"featured_media":44440,"comment_status":"open","ping_status":"open","sticky":false,"template":"","format":"standard","meta":[],"categories":[40,105],"tags":[],"yoast_head":"<!-- This site is optimized with the Yoast SEO plugin v17.4 - https:\/\/yoast.com\/wordpress\/plugins\/seo\/ -->\n<title>Entramos en el Cl\u00faster GAIA, impulsando la presencia en Euskadi<\/title>\n<meta name=\"description\" content=\"Somos nuevos socios del Cl\u00faster GAIA, la Asociaci\u00f3n de Industrias de Conocimiento y Tecnolog\u00eda del Pa\u00eds Vasco.\" \/>\n<meta name=\"robots\" content=\"index, follow, max-snippet:-1, max-image-preview:large, max-video-preview:-1\" \/>\n<link rel=\"canonical\" href=\"https:\/\/www.plexus.es\/plexus-tech-cluster-gaia-pais-vasco\/\" \/>\n<meta property=\"og:locale\" content=\"gl_ES\" \/>\n<meta property=\"og:type\" content=\"article\" \/>\n<meta property=\"og:title\" content=\"Entramos en el Cl\u00faster GAIA, impulsando la presencia en Euskadi\" \/>\n<meta property=\"og:description\" content=\"Somos nuevos socios del Cl\u00faster GAIA, la Asociaci\u00f3n de Industrias de Conocimiento y Tecnolog\u00eda del Pa\u00eds Vasco.\" \/>\n<meta property=\"og:url\" content=\"https:\/\/www.plexus.es\/plexus-tech-cluster-gaia-pais-vasco\/\" \/>\n<meta property=\"og:site_name\" content=\"Plexus Tech\" \/>\n<meta property=\"article:publisher\" content=\"https:\/\/www.facebook.com\/Plexus.Techno\" \/>\n<meta property=\"article:published_time\" content=\"2024-06-14T09:00:14+00:00\" \/>\n<meta property=\"article:modified_time\" content=\"2024-10-03T11:44:22+00:00\" \/>\n<meta property=\"og:image\" content=\"https:\/\/www.plexus.es\/wp-content\/uploads\/2024\/10\/web_01-copia-2-3.png\" \/>\n\t<meta property=\"og:image:width\" content=\"949\" \/>\n\t<meta property=\"og:image:height\" content=\"601\" \/>\n<meta name=\"twitter:card\" content=\"summary_large_image\" \/>\n<meta name=\"twitter:creator\" content=\"@plexustech_\" \/>\n<meta name=\"twitter:site\" content=\"@plexustech_\" \/>\n<meta name=\"twitter:label1\" content=\"Escrito por\" \/>\n\t<meta name=\"twitter:data1\" content=\"admin_plexus\" \/>\n\t<meta name=\"twitter:label2\" content=\"Tempo de lectura\" \/>\n\t<meta name=\"twitter:data2\" content=\"5 minutos\" \/>\n<script type=\"application\/ld+json\" class=\"yoast-schema-graph\">{\"@context\":\"https:\/\/schema.org\",\"@graph\":[{\"@type\":\"Organization\",\"@id\":\"https:\/\/www.plexus.es\/#organization\",\"name\":\"Plexus Tech\",\"url\":\"https:\/\/www.plexus.es\/\",\"sameAs\":[\"https:\/\/www.facebook.com\/Plexus.Techno\",\"https:\/\/www.instagram.com\/plexus.tech\/\",\"https:\/\/www.linkedin.com\/company\/plexus-tech\/mycompany\/\",\"https:\/\/www.youtube.com\/user\/tecnologiasplexus\",\"https:\/\/twitter.com\/plexustech_\"],\"logo\":{\"@type\":\"ImageObject\",\"@id\":\"https:\/\/www.plexus.es\/#logo\",\"inLanguage\":\"gl-ES\",\"url\":\"https:\/\/www.plexus.es\/wp-content\/uploads\/2021\/11\/logo-plexus-2021.png\",\"contentUrl\":\"https:\/\/www.plexus.es\/wp-content\/uploads\/2021\/11\/logo-plexus-2021.png\",\"width\":600,\"height\":600,\"caption\":\"Plexus Tech\"},\"image\":{\"@id\":\"https:\/\/www.plexus.es\/#logo\"}},{\"@type\":\"WebSite\",\"@id\":\"https:\/\/www.plexus.es\/#website\",\"url\":\"https:\/\/www.plexus.es\/\",\"name\":\"Plexus Tech\",\"description\":\"Tecnolog\\u00eda con Alma\",\"publisher\":{\"@id\":\"https:\/\/www.plexus.es\/#organization\"},\"potentialAction\":[{\"@type\":\"SearchAction\",\"target\":{\"@type\":\"EntryPoint\",\"urlTemplate\":\"https:\/\/www.plexus.es\/?s={search_term_string}\"},\"query-input\":\"required name=search_term_string\"}],\"inLanguage\":\"gl-ES\"},{\"@type\":\"ImageObject\",\"@id\":\"https:\/\/www.plexus.es\/plexus-tech-cluster-gaia-pais-vasco\/#primaryimage\",\"inLanguage\":\"gl-ES\",\"url\":\"https:\/\/www.plexus.es\/wp-content\/uploads\/2024\/10\/web_01-copia-2-3.png\",\"contentUrl\":\"https:\/\/www.plexus.es\/wp-content\/uploads\/2024\/10\/web_01-copia-2-3.png\",\"width\":949,\"height\":601,\"caption\":\"Carmen Garc\\u00eda, directora de negocio de la zona norte de Plexus Tech, charlando con Tom\\u00e1s Iriondo, director General y coordinador del Cl\\u00faster GAIA, durante el evento de Cybasque celebrado en San Sebasti\\u00e1n.\"},{\"@type\":\"WebPage\",\"@id\":\"https:\/\/www.plexus.es\/plexus-tech-cluster-gaia-pais-vasco\/#webpage\",\"url\":\"https:\/\/www.plexus.es\/plexus-tech-cluster-gaia-pais-vasco\/\",\"name\":\"Entramos en el Cl\\u00faster GAIA, impulsando la presencia en Euskadi\",\"isPartOf\":{\"@id\":\"https:\/\/www.plexus.es\/#website\"},\"primaryImageOfPage\":{\"@id\":\"https:\/\/www.plexus.es\/plexus-tech-cluster-gaia-pais-vasco\/#primaryimage\"},\"datePublished\":\"2024-06-14T09:00:14+00:00\",\"dateModified\":\"2024-10-03T11:44:22+00:00\",\"description\":\"Somos nuevos socios del Cl\\u00faster GAIA, la Asociaci\\u00f3n de Industrias de Conocimiento y Tecnolog\\u00eda del Pa\\u00eds Vasco.\",\"breadcrumb\":{\"@id\":\"https:\/\/www.plexus.es\/plexus-tech-cluster-gaia-pais-vasco\/#breadcrumb\"},\"inLanguage\":\"gl-ES\",\"potentialAction\":[{\"@type\":\"ReadAction\",\"target\":[\"https:\/\/www.plexus.es\/plexus-tech-cluster-gaia-pais-vasco\/\"]}]},{\"@type\":\"BreadcrumbList\",\"@id\":\"https:\/\/www.plexus.es\/plexus-tech-cluster-gaia-pais-vasco\/#breadcrumb\",\"itemListElement\":[{\"@type\":\"ListItem\",\"position\":1,\"name\":\"Home\",\"item\":\"https:\/\/www.plexus.es\/\"},{\"@type\":\"ListItem\",\"position\":2,\"name\":\"Entramos en el Cl\\u00faster GAIA, impulsando nuestra presencia en Euskadi\"}]},{\"@type\":\"Article\",\"@id\":\"https:\/\/www.plexus.es\/plexus-tech-cluster-gaia-pais-vasco\/#article\",\"isPartOf\":{\"@id\":\"https:\/\/www.plexus.es\/plexus-tech-cluster-gaia-pais-vasco\/#webpage\"},\"author\":{\"@id\":\"https:\/\/www.plexus.es\/#\/schema\/person\/8f02d5ce6d7b659fa68b0e90317c5171\"},\"headline\":\"Entramos en el Cl\\u00faster GAIA, impulsando nuestra presencia en Euskadi\",\"datePublished\":\"2024-06-14T09:00:14+00:00\",\"dateModified\":\"2024-10-03T11:44:22+00:00\",\"mainEntityOfPage\":{\"@id\":\"https:\/\/www.plexus.es\/plexus-tech-cluster-gaia-pais-vasco\/#webpage\"},\"wordCount\":1641,\"commentCount\":0,\"publisher\":{\"@id\":\"https:\/\/www.plexus.es\/#organization\"},\"image\":{\"@id\":\"https:\/\/www.plexus.es\/plexus-tech-cluster-gaia-pais-vasco\/#primaryimage\"},\"thumbnailUrl\":\"https:\/\/www.plexus.es\/wp-content\/uploads\/2024\/10\/web_01-copia-2-3.png\",\"articleSection\":[\"Ciberseguridad\",\"Tech&amp;Innovaci\\u00f3n\"],\"inLanguage\":\"gl-ES\",\"potentialAction\":[{\"@type\":\"CommentAction\",\"name\":\"Comment\",\"target\":[\"https:\/\/www.plexus.es\/plexus-tech-cluster-gaia-pais-vasco\/#respond\"]}]},{\"@type\":\"Person\",\"@id\":\"https:\/\/www.plexus.es\/#\/schema\/person\/8f02d5ce6d7b659fa68b0e90317c5171\",\"name\":\"admin_plexus\",\"image\":{\"@type\":\"ImageObject\",\"@id\":\"https:\/\/www.plexus.es\/#personlogo\",\"inLanguage\":\"gl-ES\",\"url\":\"https:\/\/secure.gravatar.com\/avatar\/c1d7caf9a4063a74393abcf91991e9cd?s=96&d=mm&r=g\",\"contentUrl\":\"https:\/\/secure.gravatar.com\/avatar\/c1d7caf9a4063a74393abcf91991e9cd?s=96&d=mm&r=g\",\"caption\":\"admin_plexus\"},\"sameAs\":[\"https:\/\/www.plexus.es\"]}]}<\/script>\n<!-- \/ Yoast SEO plugin. -->","yoast_head_json":{"title":"Entramos en el Cl\u00faster GAIA, impulsando la presencia en Euskadi","description":"Somos nuevos socios del Cl\u00faster GAIA, la Asociaci\u00f3n de Industrias de Conocimiento y Tecnolog\u00eda del Pa\u00eds Vasco.","robots":{"index":"index","follow":"follow","max-snippet":"max-snippet:-1","max-image-preview":"max-image-preview:large","max-video-preview":"max-video-preview:-1"},"canonical":"https:\/\/www.plexus.es\/plexus-tech-cluster-gaia-pais-vasco\/","og_locale":"gl_ES","og_type":"article","og_title":"Entramos en el Cl\u00faster GAIA, impulsando la presencia en Euskadi","og_description":"Somos nuevos socios del Cl\u00faster GAIA, la Asociaci\u00f3n de Industrias de Conocimiento y Tecnolog\u00eda del Pa\u00eds Vasco.","og_url":"https:\/\/www.plexus.es\/plexus-tech-cluster-gaia-pais-vasco\/","og_site_name":"Plexus Tech","article_publisher":"https:\/\/www.facebook.com\/Plexus.Techno","article_published_time":"2024-06-14T09:00:14+00:00","article_modified_time":"2024-10-03T11:44:22+00:00","og_image":[{"width":949,"height":601,"url":"https:\/\/www.plexus.es\/wp-content\/uploads\/2024\/10\/web_01-copia-2-3.png","type":"image\/png"}],"twitter_card":"summary_large_image","twitter_creator":"@plexustech_","twitter_site":"@plexustech_","twitter_misc":{"Escrito por":"admin_plexus","Tempo de lectura":"5 minutos"},"schema":{"@context":"https:\/\/schema.org","@graph":[{"@type":"Organization","@id":"https:\/\/www.plexus.es\/#organization","name":"Plexus Tech","url":"https:\/\/www.plexus.es\/","sameAs":["https:\/\/www.facebook.com\/Plexus.Techno","https:\/\/www.instagram.com\/plexus.tech\/","https:\/\/www.linkedin.com\/company\/plexus-tech\/mycompany\/","https:\/\/www.youtube.com\/user\/tecnologiasplexus","https:\/\/twitter.com\/plexustech_"],"logo":{"@type":"ImageObject","@id":"https:\/\/www.plexus.es\/#logo","inLanguage":"gl-ES","url":"https:\/\/www.plexus.es\/wp-content\/uploads\/2021\/11\/logo-plexus-2021.png","contentUrl":"https:\/\/www.plexus.es\/wp-content\/uploads\/2021\/11\/logo-plexus-2021.png","width":600,"height":600,"caption":"Plexus Tech"},"image":{"@id":"https:\/\/www.plexus.es\/#logo"}},{"@type":"WebSite","@id":"https:\/\/www.plexus.es\/#website","url":"https:\/\/www.plexus.es\/","name":"Plexus Tech","description":"Tecnolog\u00eda con Alma","publisher":{"@id":"https:\/\/www.plexus.es\/#organization"},"potentialAction":[{"@type":"SearchAction","target":{"@type":"EntryPoint","urlTemplate":"https:\/\/www.plexus.es\/?s={search_term_string}"},"query-input":"required name=search_term_string"}],"inLanguage":"gl-ES"},{"@type":"ImageObject","@id":"https:\/\/www.plexus.es\/plexus-tech-cluster-gaia-pais-vasco\/#primaryimage","inLanguage":"gl-ES","url":"https:\/\/www.plexus.es\/wp-content\/uploads\/2024\/10\/web_01-copia-2-3.png","contentUrl":"https:\/\/www.plexus.es\/wp-content\/uploads\/2024\/10\/web_01-copia-2-3.png","width":949,"height":601,"caption":"Carmen Garc\u00eda, directora de negocio de la zona norte de Plexus Tech, charlando con Tom\u00e1s Iriondo, director General y coordinador del Cl\u00faster GAIA, durante el evento de Cybasque celebrado en San Sebasti\u00e1n."},{"@type":"WebPage","@id":"https:\/\/www.plexus.es\/plexus-tech-cluster-gaia-pais-vasco\/#webpage","url":"https:\/\/www.plexus.es\/plexus-tech-cluster-gaia-pais-vasco\/","name":"Entramos en el Cl\u00faster GAIA, impulsando la presencia en Euskadi","isPartOf":{"@id":"https:\/\/www.plexus.es\/#website"},"primaryImageOfPage":{"@id":"https:\/\/www.plexus.es\/plexus-tech-cluster-gaia-pais-vasco\/#primaryimage"},"datePublished":"2024-06-14T09:00:14+00:00","dateModified":"2024-10-03T11:44:22+00:00","description":"Somos nuevos socios del Cl\u00faster GAIA, la Asociaci\u00f3n de Industrias de Conocimiento y Tecnolog\u00eda del Pa\u00eds Vasco.","breadcrumb":{"@id":"https:\/\/www.plexus.es\/plexus-tech-cluster-gaia-pais-vasco\/#breadcrumb"},"inLanguage":"gl-ES","potentialAction":[{"@type":"ReadAction","target":["https:\/\/www.plexus.es\/plexus-tech-cluster-gaia-pais-vasco\/"]}]},{"@type":"BreadcrumbList","@id":"https:\/\/www.plexus.es\/plexus-tech-cluster-gaia-pais-vasco\/#breadcrumb","itemListElement":[{"@type":"ListItem","position":1,"name":"Home","item":"https:\/\/www.plexus.es\/"},{"@type":"ListItem","position":2,"name":"Entramos en el Cl\u00faster GAIA, impulsando nuestra presencia en Euskadi"}]},{"@type":"Article","@id":"https:\/\/www.plexus.es\/plexus-tech-cluster-gaia-pais-vasco\/#article","isPartOf":{"@id":"https:\/\/www.plexus.es\/plexus-tech-cluster-gaia-pais-vasco\/#webpage"},"author":{"@id":"https:\/\/www.plexus.es\/#\/schema\/person\/8f02d5ce6d7b659fa68b0e90317c5171"},"headline":"Entramos en el Cl\u00faster GAIA, impulsando nuestra presencia en Euskadi","datePublished":"2024-06-14T09:00:14+00:00","dateModified":"2024-10-03T11:44:22+00:00","mainEntityOfPage":{"@id":"https:\/\/www.plexus.es\/plexus-tech-cluster-gaia-pais-vasco\/#webpage"},"wordCount":1641,"commentCount":0,"publisher":{"@id":"https:\/\/www.plexus.es\/#organization"},"image":{"@id":"https:\/\/www.plexus.es\/plexus-tech-cluster-gaia-pais-vasco\/#primaryimage"},"thumbnailUrl":"https:\/\/www.plexus.es\/wp-content\/uploads\/2024\/10\/web_01-copia-2-3.png","articleSection":["Ciberseguridad","Tech&amp;Innovaci\u00f3n"],"inLanguage":"gl-ES","potentialAction":[{"@type":"CommentAction","name":"Comment","target":["https:\/\/www.plexus.es\/plexus-tech-cluster-gaia-pais-vasco\/#respond"]}]},{"@type":"Person","@id":"https:\/\/www.plexus.es\/#\/schema\/person\/8f02d5ce6d7b659fa68b0e90317c5171","name":"admin_plexus","image":{"@type":"ImageObject","@id":"https:\/\/www.plexus.es\/#personlogo","inLanguage":"gl-ES","url":"https:\/\/secure.gravatar.com\/avatar\/c1d7caf9a4063a74393abcf91991e9cd?s=96&d=mm&r=g","contentUrl":"https:\/\/secure.gravatar.com\/avatar\/c1d7caf9a4063a74393abcf91991e9cd?s=96&d=mm&r=g","caption":"admin_plexus"},"sameAs":["https:\/\/www.plexus.es"]}]}},"_links":{"self":[{"href":"https:\/\/www.plexus.es\/gl\/wp-json\/wp\/v2\/posts\/44433"}],"collection":[{"href":"https:\/\/www.plexus.es\/gl\/wp-json\/wp\/v2\/posts"}],"about":[{"href":"https:\/\/www.plexus.es\/gl\/wp-json\/wp\/v2\/types\/post"}],"author":[{"embeddable":true,"href":"https:\/\/www.plexus.es\/gl\/wp-json\/wp\/v2\/users\/1"}],"replies":[{"embeddable":true,"href":"https:\/\/www.plexus.es\/gl\/wp-json\/wp\/v2\/comments?post=44433"}],"version-history":[{"count":2,"href":"https:\/\/www.plexus.es\/gl\/wp-json\/wp\/v2\/posts\/44433\/revisions"}],"predecessor-version":[{"id":44447,"href":"https:\/\/www.plexus.es\/gl\/wp-json\/wp\/v2\/posts\/44433\/revisions\/44447"}],"wp:featuredmedia":[{"embeddable":true,"href":"https:\/\/www.plexus.es\/gl\/wp-json\/wp\/v2\/media\/44440"}],"wp:attachment":[{"href":"https:\/\/www.plexus.es\/gl\/wp-json\/wp\/v2\/media?parent=44433"}],"wp:term":[{"taxonomy":"category","embeddable":true,"href":"https:\/\/www.plexus.es\/gl\/wp-json\/wp\/v2\/categories?post=44433"},{"taxonomy":"post_tag","embeddable":true,"href":"https:\/\/www.plexus.es\/gl\/wp-json\/wp\/v2\/tags?post=44433"}],"curies":[{"name":"wp","href":"https:\/\/api.w.org\/{rel}","templated":true}]}}