{"id":44659,"date":"2024-05-16T14:00:08","date_gmt":"2024-05-16T12:00:08","guid":{"rendered":"https:\/\/www.plexus.es\/?p=44659"},"modified":"2024-10-08T16:53:17","modified_gmt":"2024-10-08T14:53:17","slug":"dia-accesibilidad-plexus-tech","status":"publish","type":"post","link":"https:\/\/www.plexus.es\/gl\/dia-accesibilidad-plexus-tech\/","title":{"rendered":"Celebramos el D\u00eda de la Accesibilidad con una jornada especial"},"content":{"rendered":"<div class=\"fusion-fullwidth fullwidth-box fusion-builder-row-1 fusion-flex-container container-detail-news plexus_css nonhundred-percent-fullwidth non-hundred-percent-height-scrolling\" style=\"background-color: rgba(255,255,255,0);background-position: center center;background-repeat: no-repeat;border-width: 0px 0px 0px 0px;border-color:#e8ebef;border-style:solid;\" ><div class=\"fusion-builder-row fusion-row fusion-flex-align-items-flex-start\" style=\"max-width:1310.4px;margin-left: calc(-4% \/ 2 );margin-right: calc(-4% \/ 2 );\"><div class=\"fusion-layout-column fusion_builder_column fusion-builder-column-0 fusion_builder_column_1_1 1_1 fusion-flex-column fusion-flex-align-self-stretch\"><div class=\"fusion-column-wrapper fusion-flex-justify-content-center fusion-content-layout-column\" style=\"background-position:left top;background-repeat:no-repeat;-webkit-background-size:cover;-moz-background-size:cover;-o-background-size:cover;background-size:cover;padding: 0px 0px 0px 0px;\"><div style=\"text-align:center;\"><span class=\" fusion-imageframe imageframe-none imageframe-1 hover-type-none\" style=\"border-radius:12px;margin-top:0px;margin-right:0px;margin-bottom:0px;margin-left:0px;\"><a class=\"fusion-no-lightbox\" href=\"https:\/\/www.linkedin.com\/posts\/plexus-tech_goodnews-gemelosdigitales-platgdia-activity-7146514515004735488-uBrB?utm_source=share&amp;utm_medium=member_desktop\" target=\"_self\" aria-label=\"240509_Gaad948-1\"><img width=\"948\" height=\"601\" alt=\"GAAD. Global Accesibility Awareness Day. D\u00eda Internacional de la Accesibilidad Digital.\" src=\"https:\/\/www.plexus.es\/wp-content\/uploads\/2024\/10\/240509_Gaad948-1.png\" data-orig-src=\"https:\/\/www.plexus.es\/wp-content\/uploads\/2024\/10\/240509_Gaad948-1.png\" class=\"lazyload img-responsive wp-image-44669\" srcset=\"data:image\/svg+xml,%3Csvg%20xmlns%3D%27http%3A%2F%2Fwww.w3.org%2F2000%2Fsvg%27%20width%3D%27948%27%20height%3D%27601%27%20viewBox%3D%270%200%20948%20601%27%3E%3Crect%20width%3D%27948%27%20height%3D%27601%27%20fill-opacity%3D%220%22%2F%3E%3C%2Fsvg%3E\" data-srcset=\"https:\/\/www.plexus.es\/wp-content\/uploads\/2024\/10\/240509_Gaad948-1-200x127.png 200w, https:\/\/www.plexus.es\/wp-content\/uploads\/2024\/10\/240509_Gaad948-1-400x254.png 400w, https:\/\/www.plexus.es\/wp-content\/uploads\/2024\/10\/240509_Gaad948-1-600x380.png 600w, https:\/\/www.plexus.es\/wp-content\/uploads\/2024\/10\/240509_Gaad948-1-800x507.png 800w, https:\/\/www.plexus.es\/wp-content\/uploads\/2024\/10\/240509_Gaad948-1.png 948w\" data-sizes=\"auto\" data-orig-sizes=\"(max-width: 640px) 100vw, 948px\" \/><\/a><\/span><\/div><\/div><style type=\"text\/css\">.fusion-body .fusion-builder-column-0{width:100% !important;margin-top : 0px;margin-bottom : 0px;}.fusion-builder-column-0 > .fusion-column-wrapper {padding-top : 0 !important;padding-right : 0px !important;margin-right : 1.92%;padding-bottom : 0 !important;padding-left : 0px !important;margin-left : 1.92%;}@media only screen and (max-width:1200px) {.fusion-body .fusion-builder-column-0{width:100% !important;order : 0;}.fusion-builder-column-0 > .fusion-column-wrapper {margin-right : 1.92%;margin-left : 1.92%;}}@media only screen and (max-width:640px) {.fusion-body .fusion-builder-column-0{width:100% !important;order : 0;}.fusion-builder-column-0 > .fusion-column-wrapper {margin-right : 1.92%;margin-left : 1.92%;}}<\/style><\/div><div class=\"fusion-layout-column fusion_builder_column fusion-builder-column-1 fusion_builder_column_1_1 1_1 fusion-flex-column\"><div class=\"fusion-column-wrapper fusion-flex-justify-content-flex-start fusion-content-layout-column\" style=\"background-position:left top;background-repeat:no-repeat;-webkit-background-size:cover;-moz-background-size:cover;-o-background-size:cover;background-size:cover;padding: 0px 0px 0px 0px;\"><div class=\"fusion-text fusion-text-1\"><ul>\n<li>\n<h2>Tenemos un compromiso con la igualdad y la accesibilidad para todas las personas, la cual incluimos en nuestros proyectos.<\/h2>\n<\/li>\n<\/ul>\n<p>Una jornada especial para conmemorar el <a href=\"https:\/\/accessibility.day\/espanol\/#:~:text=El%2016%20de%20mayo,%20le%20invitamos%20a%20participar%20en%20el\" target=\"_blank\" rel=\"noopener\"><strong>Global Accessibility Awareness Day (GAAD)<\/strong><\/a>. En <strong>Plexus Tech<\/strong> hemos querido poner de manifiesto nuestro <strong>compromiso con la igualdad <\/strong>y la accesibilidad para todas las personas con un evento interno \u00fanico.<\/p>\n<p>En esta jornada, las m\u00e1s de 3400 personas que formamos parte de la compa\u00f1\u00eda pudimos conocer de primera mano las claves actuales y futuras sobre accesibilidad, resaltando los proyectos que tenemos en marcha en este \u00e1mbito.<\/p>\n<p>Una cita que tuvo varios puntos destacados:<\/p>\n<ul>\n<li>La <strong>educaci\u00f3n y sensibilizaci\u00f3n<\/strong> sobre la importancia de la accesibilidad digital y f\u00edsica.<\/li>\n<li>Nuestro <strong>compromiso con la inclusi\u00f3n<\/strong>, mostrando que la tecnolog\u00eda puede ser un puente y no una barrera.<\/li>\n<li>El <strong>impulso de la innovaci\u00f3n<\/strong> al incluir diversas perspectivas que enriquecen a nuestra compa\u00f1\u00eda y nuestros productos.<\/li>\n<\/ul>\n<p>El evento fue presentado por nuestro <a href=\"https:\/\/www.plexus.es\/servicios\/\" target=\"_blank\" rel=\"noopener\"><strong>equipo experto en esta \u00e1rea<\/strong><\/a> y en \u00e9l participaron invitados muy especiales. Entre todos compartimos ideas y aspectos fundamentales sobre accesibilidad para abordar un \u00e1rea clave dentro de nuestra compa\u00f1\u00eda.<\/p>\n<p>Y es que desde<strong> Plexus Tech<\/strong> consideramos que la accesibilidad no es s\u00f3lo una pr\u00e1ctica, sino <strong>un compromiso con la creaci\u00f3n de un mundo en el que cada uno pueda participar sin barreras.<\/strong><\/p>\n<p>De este modo, en nuestros proyectos y trabajos,<strong> incorporamos la accesibilidad universal en todo el proceso<\/strong>: desde la conceptualizaci\u00f3n hasta el desarrollo. Por ello, podemos decir que estamos listos para construir un futuro m\u00e1s accesible e inclusivo juntos.<\/p>\n<\/div><\/div><style type=\"text\/css\">.fusion-body .fusion-builder-column-1{width:100% !important;margin-top : 20px;margin-bottom : 20px;}.fusion-builder-column-1 > .fusion-column-wrapper {padding-top : 0px !important;padding-right : 0px !important;margin-right : 1.92%;padding-bottom : 0px !important;padding-left : 0px !important;margin-left : 1.92%;}@media only screen and (max-width:1200px) {.fusion-body .fusion-builder-column-1{width:100% !important;order : 0;}.fusion-builder-column-1 > .fusion-column-wrapper {margin-right : 1.92%;margin-left : 1.92%;}}@media only screen and (max-width:640px) {.fusion-body .fusion-builder-column-1{width:100% !important;order : 0;}.fusion-builder-column-1 > .fusion-column-wrapper {margin-right : 1.92%;margin-left : 1.92%;}}<\/style><\/div><\/div><style type=\"text\/css\">.fusion-body .fusion-flex-container.fusion-builder-row-1{ padding-top : 0px;margin-top : 0;padding-right : 0px;padding-bottom : 0px;margin-bottom : 0;padding-left : 0px;}<\/style><\/div>\n","protected":false},"excerpt":{"rendered":"<p>Tenemos un compromiso con la igualdad y la accesibilidad para todas las personas, la cual incluimos en nuestros proyectos.<\/p>\n","protected":false},"author":1,"featured_media":44667,"comment_status":"open","ping_status":"open","sticky":false,"template":"","format":"standard","meta":[],"categories":[109],"tags":[],"yoast_head":"<!-- This site is optimized with the Yoast SEO plugin v17.4 - https:\/\/yoast.com\/wordpress\/plugins\/seo\/ -->\n<title>Celebramos el D\u00eda de la Accesibilidad con una jornada especial<\/title>\n<meta name=\"description\" content=\"Plexus Tech tiene un compromiso con la igualdad y la accesibilidad para todas las personas, la cual incluye en todos sus proyectos.\" \/>\n<meta name=\"robots\" content=\"index, follow, max-snippet:-1, max-image-preview:large, max-video-preview:-1\" \/>\n<link rel=\"canonical\" href=\"https:\/\/www.plexus.es\/dia-accesibilidad-plexus-tech\/\" \/>\n<meta property=\"og:locale\" content=\"gl_ES\" \/>\n<meta property=\"og:type\" content=\"article\" \/>\n<meta property=\"og:title\" content=\"Celebramos el D\u00eda de la Accesibilidad con una jornada especial\" \/>\n<meta property=\"og:description\" content=\"Plexus Tech tiene un compromiso con la igualdad y la accesibilidad para todas las personas, la cual incluye en todos sus proyectos.\" \/>\n<meta property=\"og:url\" content=\"https:\/\/www.plexus.es\/dia-accesibilidad-plexus-tech\/\" \/>\n<meta property=\"og:site_name\" content=\"Plexus Tech\" \/>\n<meta property=\"article:publisher\" content=\"https:\/\/www.facebook.com\/Plexus.Techno\" \/>\n<meta property=\"article:published_time\" content=\"2024-05-16T12:00:08+00:00\" \/>\n<meta property=\"article:modified_time\" content=\"2024-10-08T14:53:17+00:00\" \/>\n<meta property=\"og:image\" content=\"https:\/\/www.plexus.es\/wp-content\/uploads\/2024\/10\/240509_Gaad948-1.png\" \/>\n\t<meta property=\"og:image:width\" content=\"948\" \/>\n\t<meta property=\"og:image:height\" content=\"601\" \/>\n<meta name=\"twitter:card\" content=\"summary_large_image\" \/>\n<meta name=\"twitter:creator\" content=\"@plexustech_\" \/>\n<meta name=\"twitter:site\" content=\"@plexustech_\" \/>\n<meta name=\"twitter:label1\" content=\"Escrito por\" \/>\n\t<meta name=\"twitter:data1\" content=\"admin_plexus\" \/>\n\t<meta name=\"twitter:label2\" content=\"Tempo de lectura\" \/>\n\t<meta name=\"twitter:data2\" content=\"3 minutos\" \/>\n<script type=\"application\/ld+json\" class=\"yoast-schema-graph\">{\"@context\":\"https:\/\/schema.org\",\"@graph\":[{\"@type\":\"Organization\",\"@id\":\"https:\/\/www.plexus.es\/#organization\",\"name\":\"Plexus Tech\",\"url\":\"https:\/\/www.plexus.es\/\",\"sameAs\":[\"https:\/\/www.facebook.com\/Plexus.Techno\",\"https:\/\/www.instagram.com\/plexus.tech\/\",\"https:\/\/www.linkedin.com\/company\/plexus-tech\/mycompany\/\",\"https:\/\/www.youtube.com\/user\/tecnologiasplexus\",\"https:\/\/twitter.com\/plexustech_\"],\"logo\":{\"@type\":\"ImageObject\",\"@id\":\"https:\/\/www.plexus.es\/#logo\",\"inLanguage\":\"gl-ES\",\"url\":\"https:\/\/www.plexus.es\/wp-content\/uploads\/2021\/11\/logo-plexus-2021.png\",\"contentUrl\":\"https:\/\/www.plexus.es\/wp-content\/uploads\/2021\/11\/logo-plexus-2021.png\",\"width\":600,\"height\":600,\"caption\":\"Plexus Tech\"},\"image\":{\"@id\":\"https:\/\/www.plexus.es\/#logo\"}},{\"@type\":\"WebSite\",\"@id\":\"https:\/\/www.plexus.es\/#website\",\"url\":\"https:\/\/www.plexus.es\/\",\"name\":\"Plexus Tech\",\"description\":\"Tecnolog\\u00eda con Alma\",\"publisher\":{\"@id\":\"https:\/\/www.plexus.es\/#organization\"},\"potentialAction\":[{\"@type\":\"SearchAction\",\"target\":{\"@type\":\"EntryPoint\",\"urlTemplate\":\"https:\/\/www.plexus.es\/?s={search_term_string}\"},\"query-input\":\"required name=search_term_string\"}],\"inLanguage\":\"gl-ES\"},{\"@type\":\"ImageObject\",\"@id\":\"https:\/\/www.plexus.es\/dia-accesibilidad-plexus-tech\/#primaryimage\",\"inLanguage\":\"gl-ES\",\"url\":\"https:\/\/www.plexus.es\/wp-content\/uploads\/2024\/10\/240509_Gaad948-1.png\",\"contentUrl\":\"https:\/\/www.plexus.es\/wp-content\/uploads\/2024\/10\/240509_Gaad948-1.png\",\"width\":948,\"height\":601,\"caption\":\"GAAD. Global Accesibility Awareness Day. D\\u00eda Internacional de la Accesibilidad Digital.\"},{\"@type\":\"WebPage\",\"@id\":\"https:\/\/www.plexus.es\/dia-accesibilidad-plexus-tech\/#webpage\",\"url\":\"https:\/\/www.plexus.es\/dia-accesibilidad-plexus-tech\/\",\"name\":\"Celebramos el D\\u00eda de la Accesibilidad con una jornada especial\",\"isPartOf\":{\"@id\":\"https:\/\/www.plexus.es\/#website\"},\"primaryImageOfPage\":{\"@id\":\"https:\/\/www.plexus.es\/dia-accesibilidad-plexus-tech\/#primaryimage\"},\"datePublished\":\"2024-05-16T12:00:08+00:00\",\"dateModified\":\"2024-10-08T14:53:17+00:00\",\"description\":\"Plexus Tech tiene un compromiso con la igualdad y la accesibilidad para todas las personas, la cual incluye en todos sus proyectos.\",\"breadcrumb\":{\"@id\":\"https:\/\/www.plexus.es\/dia-accesibilidad-plexus-tech\/#breadcrumb\"},\"inLanguage\":\"gl-ES\",\"potentialAction\":[{\"@type\":\"ReadAction\",\"target\":[\"https:\/\/www.plexus.es\/dia-accesibilidad-plexus-tech\/\"]}]},{\"@type\":\"BreadcrumbList\",\"@id\":\"https:\/\/www.plexus.es\/dia-accesibilidad-plexus-tech\/#breadcrumb\",\"itemListElement\":[{\"@type\":\"ListItem\",\"position\":1,\"name\":\"Home\",\"item\":\"https:\/\/www.plexus.es\/\"},{\"@type\":\"ListItem\",\"position\":2,\"name\":\"Celebramos el D\\u00eda de la Accesibilidad con una jornada especial\"}]},{\"@type\":\"Article\",\"@id\":\"https:\/\/www.plexus.es\/dia-accesibilidad-plexus-tech\/#article\",\"isPartOf\":{\"@id\":\"https:\/\/www.plexus.es\/dia-accesibilidad-plexus-tech\/#webpage\"},\"author\":{\"@id\":\"https:\/\/www.plexus.es\/#\/schema\/person\/8f02d5ce6d7b659fa68b0e90317c5171\"},\"headline\":\"Celebramos el D\\u00eda de la Accesibilidad con una jornada especial\",\"datePublished\":\"2024-05-16T12:00:08+00:00\",\"dateModified\":\"2024-10-08T14:53:17+00:00\",\"mainEntityOfPage\":{\"@id\":\"https:\/\/www.plexus.es\/dia-accesibilidad-plexus-tech\/#webpage\"},\"wordCount\":1359,\"commentCount\":0,\"publisher\":{\"@id\":\"https:\/\/www.plexus.es\/#organization\"},\"image\":{\"@id\":\"https:\/\/www.plexus.es\/dia-accesibilidad-plexus-tech\/#primaryimage\"},\"thumbnailUrl\":\"https:\/\/www.plexus.es\/wp-content\/uploads\/2024\/10\/240509_Gaad948-1.png\",\"articleSection\":[\"Compromiso\"],\"inLanguage\":\"gl-ES\",\"potentialAction\":[{\"@type\":\"CommentAction\",\"name\":\"Comment\",\"target\":[\"https:\/\/www.plexus.es\/dia-accesibilidad-plexus-tech\/#respond\"]}]},{\"@type\":\"Person\",\"@id\":\"https:\/\/www.plexus.es\/#\/schema\/person\/8f02d5ce6d7b659fa68b0e90317c5171\",\"name\":\"admin_plexus\",\"image\":{\"@type\":\"ImageObject\",\"@id\":\"https:\/\/www.plexus.es\/#personlogo\",\"inLanguage\":\"gl-ES\",\"url\":\"https:\/\/secure.gravatar.com\/avatar\/c1d7caf9a4063a74393abcf91991e9cd?s=96&d=mm&r=g\",\"contentUrl\":\"https:\/\/secure.gravatar.com\/avatar\/c1d7caf9a4063a74393abcf91991e9cd?s=96&d=mm&r=g\",\"caption\":\"admin_plexus\"},\"sameAs\":[\"https:\/\/www.plexus.es\"]}]}<\/script>\n<!-- \/ Yoast SEO plugin. -->","yoast_head_json":{"title":"Celebramos el D\u00eda de la Accesibilidad con una jornada especial","description":"Plexus Tech tiene un compromiso con la igualdad y la accesibilidad para todas las personas, la cual incluye en todos sus proyectos.","robots":{"index":"index","follow":"follow","max-snippet":"max-snippet:-1","max-image-preview":"max-image-preview:large","max-video-preview":"max-video-preview:-1"},"canonical":"https:\/\/www.plexus.es\/dia-accesibilidad-plexus-tech\/","og_locale":"gl_ES","og_type":"article","og_title":"Celebramos el D\u00eda de la Accesibilidad con una jornada especial","og_description":"Plexus Tech tiene un compromiso con la igualdad y la accesibilidad para todas las personas, la cual incluye en todos sus proyectos.","og_url":"https:\/\/www.plexus.es\/dia-accesibilidad-plexus-tech\/","og_site_name":"Plexus Tech","article_publisher":"https:\/\/www.facebook.com\/Plexus.Techno","article_published_time":"2024-05-16T12:00:08+00:00","article_modified_time":"2024-10-08T14:53:17+00:00","og_image":[{"width":948,"height":601,"url":"https:\/\/www.plexus.es\/wp-content\/uploads\/2024\/10\/240509_Gaad948-1.png","type":"image\/png"}],"twitter_card":"summary_large_image","twitter_creator":"@plexustech_","twitter_site":"@plexustech_","twitter_misc":{"Escrito por":"admin_plexus","Tempo de lectura":"3 minutos"},"schema":{"@context":"https:\/\/schema.org","@graph":[{"@type":"Organization","@id":"https:\/\/www.plexus.es\/#organization","name":"Plexus Tech","url":"https:\/\/www.plexus.es\/","sameAs":["https:\/\/www.facebook.com\/Plexus.Techno","https:\/\/www.instagram.com\/plexus.tech\/","https:\/\/www.linkedin.com\/company\/plexus-tech\/mycompany\/","https:\/\/www.youtube.com\/user\/tecnologiasplexus","https:\/\/twitter.com\/plexustech_"],"logo":{"@type":"ImageObject","@id":"https:\/\/www.plexus.es\/#logo","inLanguage":"gl-ES","url":"https:\/\/www.plexus.es\/wp-content\/uploads\/2021\/11\/logo-plexus-2021.png","contentUrl":"https:\/\/www.plexus.es\/wp-content\/uploads\/2021\/11\/logo-plexus-2021.png","width":600,"height":600,"caption":"Plexus Tech"},"image":{"@id":"https:\/\/www.plexus.es\/#logo"}},{"@type":"WebSite","@id":"https:\/\/www.plexus.es\/#website","url":"https:\/\/www.plexus.es\/","name":"Plexus Tech","description":"Tecnolog\u00eda con Alma","publisher":{"@id":"https:\/\/www.plexus.es\/#organization"},"potentialAction":[{"@type":"SearchAction","target":{"@type":"EntryPoint","urlTemplate":"https:\/\/www.plexus.es\/?s={search_term_string}"},"query-input":"required name=search_term_string"}],"inLanguage":"gl-ES"},{"@type":"ImageObject","@id":"https:\/\/www.plexus.es\/dia-accesibilidad-plexus-tech\/#primaryimage","inLanguage":"gl-ES","url":"https:\/\/www.plexus.es\/wp-content\/uploads\/2024\/10\/240509_Gaad948-1.png","contentUrl":"https:\/\/www.plexus.es\/wp-content\/uploads\/2024\/10\/240509_Gaad948-1.png","width":948,"height":601,"caption":"GAAD. Global Accesibility Awareness Day. D\u00eda Internacional de la Accesibilidad Digital."},{"@type":"WebPage","@id":"https:\/\/www.plexus.es\/dia-accesibilidad-plexus-tech\/#webpage","url":"https:\/\/www.plexus.es\/dia-accesibilidad-plexus-tech\/","name":"Celebramos el D\u00eda de la Accesibilidad con una jornada especial","isPartOf":{"@id":"https:\/\/www.plexus.es\/#website"},"primaryImageOfPage":{"@id":"https:\/\/www.plexus.es\/dia-accesibilidad-plexus-tech\/#primaryimage"},"datePublished":"2024-05-16T12:00:08+00:00","dateModified":"2024-10-08T14:53:17+00:00","description":"Plexus Tech tiene un compromiso con la igualdad y la accesibilidad para todas las personas, la cual incluye en todos sus proyectos.","breadcrumb":{"@id":"https:\/\/www.plexus.es\/dia-accesibilidad-plexus-tech\/#breadcrumb"},"inLanguage":"gl-ES","potentialAction":[{"@type":"ReadAction","target":["https:\/\/www.plexus.es\/dia-accesibilidad-plexus-tech\/"]}]},{"@type":"BreadcrumbList","@id":"https:\/\/www.plexus.es\/dia-accesibilidad-plexus-tech\/#breadcrumb","itemListElement":[{"@type":"ListItem","position":1,"name":"Home","item":"https:\/\/www.plexus.es\/"},{"@type":"ListItem","position":2,"name":"Celebramos el D\u00eda de la Accesibilidad con una jornada especial"}]},{"@type":"Article","@id":"https:\/\/www.plexus.es\/dia-accesibilidad-plexus-tech\/#article","isPartOf":{"@id":"https:\/\/www.plexus.es\/dia-accesibilidad-plexus-tech\/#webpage"},"author":{"@id":"https:\/\/www.plexus.es\/#\/schema\/person\/8f02d5ce6d7b659fa68b0e90317c5171"},"headline":"Celebramos el D\u00eda de la Accesibilidad con una jornada especial","datePublished":"2024-05-16T12:00:08+00:00","dateModified":"2024-10-08T14:53:17+00:00","mainEntityOfPage":{"@id":"https:\/\/www.plexus.es\/dia-accesibilidad-plexus-tech\/#webpage"},"wordCount":1359,"commentCount":0,"publisher":{"@id":"https:\/\/www.plexus.es\/#organization"},"image":{"@id":"https:\/\/www.plexus.es\/dia-accesibilidad-plexus-tech\/#primaryimage"},"thumbnailUrl":"https:\/\/www.plexus.es\/wp-content\/uploads\/2024\/10\/240509_Gaad948-1.png","articleSection":["Compromiso"],"inLanguage":"gl-ES","potentialAction":[{"@type":"CommentAction","name":"Comment","target":["https:\/\/www.plexus.es\/dia-accesibilidad-plexus-tech\/#respond"]}]},{"@type":"Person","@id":"https:\/\/www.plexus.es\/#\/schema\/person\/8f02d5ce6d7b659fa68b0e90317c5171","name":"admin_plexus","image":{"@type":"ImageObject","@id":"https:\/\/www.plexus.es\/#personlogo","inLanguage":"gl-ES","url":"https:\/\/secure.gravatar.com\/avatar\/c1d7caf9a4063a74393abcf91991e9cd?s=96&d=mm&r=g","contentUrl":"https:\/\/secure.gravatar.com\/avatar\/c1d7caf9a4063a74393abcf91991e9cd?s=96&d=mm&r=g","caption":"admin_plexus"},"sameAs":["https:\/\/www.plexus.es"]}]}},"_links":{"self":[{"href":"https:\/\/www.plexus.es\/gl\/wp-json\/wp\/v2\/posts\/44659"}],"collection":[{"href":"https:\/\/www.plexus.es\/gl\/wp-json\/wp\/v2\/posts"}],"about":[{"href":"https:\/\/www.plexus.es\/gl\/wp-json\/wp\/v2\/types\/post"}],"author":[{"embeddable":true,"href":"https:\/\/www.plexus.es\/gl\/wp-json\/wp\/v2\/users\/1"}],"replies":[{"embeddable":true,"href":"https:\/\/www.plexus.es\/gl\/wp-json\/wp\/v2\/comments?post=44659"}],"version-history":[{"count":3,"href":"https:\/\/www.plexus.es\/gl\/wp-json\/wp\/v2\/posts\/44659\/revisions"}],"predecessor-version":[{"id":44675,"href":"https:\/\/www.plexus.es\/gl\/wp-json\/wp\/v2\/posts\/44659\/revisions\/44675"}],"wp:featuredmedia":[{"embeddable":true,"href":"https:\/\/www.plexus.es\/gl\/wp-json\/wp\/v2\/media\/44667"}],"wp:attachment":[{"href":"https:\/\/www.plexus.es\/gl\/wp-json\/wp\/v2\/media?parent=44659"}],"wp:term":[{"taxonomy":"category","embeddable":true,"href":"https:\/\/www.plexus.es\/gl\/wp-json\/wp\/v2\/categories?post=44659"},{"taxonomy":"post_tag","embeddable":true,"href":"https:\/\/www.plexus.es\/gl\/wp-json\/wp\/v2\/tags?post=44659"}],"curies":[{"name":"wp","href":"https:\/\/api.w.org\/{rel}","templated":true}]}}