{"id":47004,"date":"2024-11-22T17:40:54","date_gmt":"2024-11-22T16:40:54","guid":{"rendered":"https:\/\/www.plexus.es\/?p=47004"},"modified":"2025-04-22T17:58:23","modified_gmt":"2025-04-22T15:58:23","slug":"plexus-tech-7-congreso-nacional-apd","status":"publish","type":"post","link":"https:\/\/www.plexus.es\/gl\/plexus-tech-7-congreso-nacional-apd\/","title":{"rendered":"Estamos presentes en la celebraci\u00f3n del s\u00e9ptimo Congreso Nacional de APD"},"content":{"rendered":"<div class=\"fusion-fullwidth fullwidth-box fusion-builder-row-1 fusion-flex-container container-detail-news plexus_css nonhundred-percent-fullwidth non-hundred-percent-height-scrolling\" style=\"background-color: rgba(255,255,255,0);background-position: center center;background-repeat: no-repeat;border-width: 0px 0px 0px 0px;border-color:#e8ebef;border-style:solid;\" ><div class=\"fusion-builder-row fusion-row fusion-flex-align-items-flex-start\" style=\"max-width:1310.4px;margin-left: calc(-4% \/ 2 );margin-right: calc(-4% \/ 2 );\"><div class=\"fusion-layout-column fusion_builder_column fusion-builder-column-0 fusion_builder_column_1_2 1_2 fusion-flex-column fusion-flex-align-self-stretch\"><div class=\"fusion-column-wrapper fusion-flex-justify-content-center fusion-content-layout-column\" style=\"background-position:left top;background-repeat:no-repeat;-webkit-background-size:cover;-moz-background-size:cover;-o-background-size:cover;background-size:cover;padding: 0px 0px 0px 0px;\"><div style=\"text-align:center;\"><span class=\" fusion-imageframe imageframe-none imageframe-1 hover-type-none\" style=\"border-radius:12px;margin-top:0px;margin-right:0px;margin-bottom:0px;margin-left:0px;\"><a class=\"fusion-no-lightbox\" href=\"https:\/\/www.linkedin.com\/posts\/plexus-tech_goodnews-gemelosdigitales-platgdia-activity-7146514515004735488-uBrB?utm_source=share&amp;utm_medium=member_desktop\" target=\"_self\" aria-label=\"Rodrigo Navas y Crist\u00f3bal Ramos, Congreso APD\"><img width=\"300\" height=\"256\" alt=\"Rodrigo Rodr\u00edguez-Navas y Crist\u00f3bal Ramos, directores de Plexus Tech, en el s\u00e9ptimo Congreso Nacional de APD.\" src=\"https:\/\/www.plexus.es\/wp-content\/uploads\/2025\/04\/Rodrigo-Navas-y-Cristobal-Ramos-Congreso-APD.jpg\" data-orig-src=\"https:\/\/www.plexus.es\/wp-content\/uploads\/2025\/04\/Rodrigo-Navas-y-Cristobal-Ramos-Congreso-APD-300x256.jpg\" class=\"lazyload img-responsive wp-image-47025\" srcset=\"data:image\/svg+xml,%3Csvg%20xmlns%3D%27http%3A%2F%2Fwww.w3.org%2F2000%2Fsvg%27%20width%3D%271389%27%20height%3D%271185%27%20viewBox%3D%270%200%201389%201185%27%3E%3Crect%20width%3D%271389%27%20height%3D%271185%27%20fill-opacity%3D%220%22%2F%3E%3C%2Fsvg%3E\" data-srcset=\"https:\/\/www.plexus.es\/wp-content\/uploads\/2025\/04\/Rodrigo-Navas-y-Cristobal-Ramos-Congreso-APD-200x171.jpg 200w, https:\/\/www.plexus.es\/wp-content\/uploads\/2025\/04\/Rodrigo-Navas-y-Cristobal-Ramos-Congreso-APD-400x341.jpg 400w, https:\/\/www.plexus.es\/wp-content\/uploads\/2025\/04\/Rodrigo-Navas-y-Cristobal-Ramos-Congreso-APD-600x512.jpg 600w, https:\/\/www.plexus.es\/wp-content\/uploads\/2025\/04\/Rodrigo-Navas-y-Cristobal-Ramos-Congreso-APD-800x683.jpg 800w, https:\/\/www.plexus.es\/wp-content\/uploads\/2025\/04\/Rodrigo-Navas-y-Cristobal-Ramos-Congreso-APD-1200x1024.jpg 1200w, https:\/\/www.plexus.es\/wp-content\/uploads\/2025\/04\/Rodrigo-Navas-y-Cristobal-Ramos-Congreso-APD.jpg 1389w\" data-sizes=\"auto\" data-orig-sizes=\"(max-width: 640px) 100vw, 600px\" \/><\/a><\/span><\/div><\/div><style type=\"text\/css\">.fusion-body .fusion-builder-column-0{width:50% !important;margin-top : 0px;margin-bottom : 0px;}.fusion-builder-column-0 > .fusion-column-wrapper {padding-top : 0 !important;padding-right : 0px !important;margin-right : 3.84%;padding-bottom : 0 !important;padding-left : 0px !important;margin-left : 3.84%;}@media only screen and (max-width:1200px) {.fusion-body .fusion-builder-column-0{width:50% !important;order : 0;}.fusion-builder-column-0 > .fusion-column-wrapper {margin-right : 3.84%;margin-left : 3.84%;}}@media only screen and (max-width:640px) {.fusion-body .fusion-builder-column-0{width:100% !important;order : 0;}.fusion-builder-column-0 > .fusion-column-wrapper {margin-right : 1.92%;margin-left : 1.92%;}}<\/style><\/div><div class=\"fusion-layout-column fusion_builder_column fusion-builder-column-1 fusion_builder_column_1_2 1_2 fusion-flex-column fusion-flex-align-self-stretch\"><div class=\"fusion-column-wrapper fusion-flex-justify-content-center fusion-content-layout-column\" style=\"background-position:left top;background-repeat:no-repeat;-webkit-background-size:cover;-moz-background-size:cover;-o-background-size:cover;background-size:cover;padding: 0px 0px 0px 0px;\"><div style=\"text-align:center;\"><span class=\" fusion-imageframe imageframe-none imageframe-2 hover-type-none\" style=\"border-radius:12px;margin-top:0px;margin-right:0px;margin-bottom:0px;margin-left:0px;\"><a class=\"fusion-no-lightbox\" href=\"https:\/\/www.linkedin.com\/posts\/plexus-tech_goodnews-gemelosdigitales-platgdia-activity-7146514515004735488-uBrB?utm_source=share&amp;utm_medium=member_desktop\" target=\"_self\" aria-label=\"Congreso APD Nacional\"><img width=\"300\" height=\"225\" alt=\"El Palacio de Congresos de Santiago acogi\u00f3 el evento de APD, que reuni\u00f3 a m\u00e1s de 1.800 directivos de toda Espa\u00f1a\" src=\"https:\/\/www.plexus.es\/wp-content\/uploads\/2025\/04\/Congreso-APD-Nacional.jpg\" data-orig-src=\"https:\/\/www.plexus.es\/wp-content\/uploads\/2025\/04\/Congreso-APD-Nacional-300x225.jpg\" class=\"lazyload img-responsive wp-image-47019\" srcset=\"data:image\/svg+xml,%3Csvg%20xmlns%3D%27http%3A%2F%2Fwww.w3.org%2F2000%2Fsvg%27%20width%3D%271600%27%20height%3D%271200%27%20viewBox%3D%270%200%201600%201200%27%3E%3Crect%20width%3D%271600%27%20height%3D%271200%27%20fill-opacity%3D%220%22%2F%3E%3C%2Fsvg%3E\" data-srcset=\"https:\/\/www.plexus.es\/wp-content\/uploads\/2025\/04\/Congreso-APD-Nacional-200x150.jpg 200w, https:\/\/www.plexus.es\/wp-content\/uploads\/2025\/04\/Congreso-APD-Nacional-400x300.jpg 400w, https:\/\/www.plexus.es\/wp-content\/uploads\/2025\/04\/Congreso-APD-Nacional-600x450.jpg 600w, https:\/\/www.plexus.es\/wp-content\/uploads\/2025\/04\/Congreso-APD-Nacional-800x600.jpg 800w, https:\/\/www.plexus.es\/wp-content\/uploads\/2025\/04\/Congreso-APD-Nacional-1200x900.jpg 1200w, https:\/\/www.plexus.es\/wp-content\/uploads\/2025\/04\/Congreso-APD-Nacional.jpg 1600w\" data-sizes=\"auto\" data-orig-sizes=\"(max-width: 640px) 100vw, 600px\" \/><\/a><\/span><\/div><\/div><style type=\"text\/css\">.fusion-body .fusion-builder-column-1{width:50% !important;margin-top : 0px;margin-bottom : 0px;}.fusion-builder-column-1 > .fusion-column-wrapper {padding-top : 0 !important;padding-right : 0px !important;margin-right : 3.84%;padding-bottom : 0 !important;padding-left : 0px !important;margin-left : 3.84%;}@media only screen and (max-width:1200px) {.fusion-body .fusion-builder-column-1{width:50% !important;order : 0;}.fusion-builder-column-1 > .fusion-column-wrapper {margin-right : 3.84%;margin-left : 3.84%;}}@media only screen and (max-width:640px) {.fusion-body .fusion-builder-column-1{width:100% !important;order : 0;}.fusion-builder-column-1 > .fusion-column-wrapper {margin-right : 1.92%;margin-left : 1.92%;}}<\/style><\/div><div class=\"fusion-layout-column fusion_builder_column fusion-builder-column-2 fusion_builder_column_1_1 1_1 fusion-flex-column\"><div class=\"fusion-column-wrapper fusion-flex-justify-content-flex-start fusion-content-layout-column\" style=\"background-position:left top;background-repeat:no-repeat;-webkit-background-size:cover;-moz-background-size:cover;-o-background-size:cover;background-size:cover;padding: 0px 0px 0px 0px;\"><div class=\"fusion-text fusion-text-1\"><h2>Como socios de APD, Plexus Tech particip\u00f3 en el evento celebrado en Santiago con sus directores Crist\u00f3bal Ramos y Rodrigo Rodr\u00edguez-Navas.<\/h2>\n<p>En el Palacio de Congresos y Exposiciones de Galicia, <strong>Plexus Tech particip\u00f3 en el VII Congreso Nacional de APD<\/strong>. La Asociaci\u00f3n para el Progreso de la Direcci\u00f3n reuni\u00f3 en Santiago de Compostela a <a href=\"https:\/\/www.apd.es\/7-congreso-de-directivos-apd-claves-nueva-empresa-global\/\" target=\"_blank\" rel=\"noopener\"><strong>m\u00e1s de 1.800 miembros directivos de todo el pa\u00eds<\/strong><\/a>, en su evento principal del a\u00f1o.<\/p>\n<p>Como <strong><a href=\"https:\/\/www.plexus.es\/corporativo\/partners\/\" target=\"_blank\" rel=\"noopener\">socios<\/a> de APD, Plexus Tech<\/strong> no pod\u00eda faltar a la cita. De este modo, en representaci\u00f3n de la compa\u00f1\u00eda tecnol\u00f3gica, <strong>estuvieron Crist\u00f3bal Ramos<\/strong> Lage y <strong>Rodrigo Rodr\u00edguez<\/strong>-Navas Bello, directores de Administraci\u00f3n P\u00fablica e Industria, respectivamente.<\/p>\n<p>En el marco del evento, bajo el lema &#8220;<strong>La Nueva Empresa Global<\/strong>&#8220;, grandes expertos y l\u00edderes empresariales abordaron las principales claves para competir en un mundo en constante transformaci\u00f3n. En total, hubo m\u00e1s de 50 intervenciones, entre plenario y salas tem\u00e1ticas, de ponentes de alto nivel.<\/p>\n<p>Dentro de esta l\u00ednea, durante dos intensas jornadas, se trataron, entre otros<strong> temas principales<\/strong>:<\/p>\n<ul>\n<li>Los desaf\u00edos y oportunidades que surgen en un contexto de <strong>redefinici\u00f3n de la globalizaci\u00f3n<\/strong>.<\/li>\n<li>La importancia del <strong>rol de los directivos<\/strong> como nuevos referentes de los valores de la sociedad.<\/li>\n<\/ul>\n<p>Dentro de ello, en especial se puso el foco en la <strong>importancia de los cambios tecnol\u00f3gicos<\/strong> y geopol\u00edticos en este contexto. Y es que adaptarse al cambio, como apuestan en Plexus Tech, no es s\u00f3lo una opci\u00f3n, es una estrategia.<\/p>\n<\/div><\/div><style type=\"text\/css\">.fusion-body .fusion-builder-column-2{width:100% !important;margin-top : 20px;margin-bottom : 20px;}.fusion-builder-column-2 > .fusion-column-wrapper {padding-top : 0px !important;padding-right : 0px !important;margin-right : 1.92%;padding-bottom : 0px !important;padding-left : 0px !important;margin-left : 1.92%;}@media only screen and (max-width:1200px) {.fusion-body .fusion-builder-column-2{width:100% !important;order : 0;}.fusion-builder-column-2 > .fusion-column-wrapper {margin-right : 1.92%;margin-left : 1.92%;}}@media only screen and (max-width:640px) {.fusion-body .fusion-builder-column-2{width:100% !important;order : 0;}.fusion-builder-column-2 > .fusion-column-wrapper {margin-right : 1.92%;margin-left : 1.92%;}}<\/style><\/div><\/div><style type=\"text\/css\">.fusion-body .fusion-flex-container.fusion-builder-row-1{ padding-top : 0px;margin-top : 0;padding-right : 0px;padding-bottom : 0px;margin-bottom : 0;padding-left : 0px;}<\/style><\/div>\n","protected":false},"excerpt":{"rendered":"<p>Como socios de APD, participamos en el evento de Santiago con nuestros directores Crist\u00f3bal Ramos y Rodrigo Rodr\u00edguez-Navas.<\/p>\n","protected":false},"author":1,"featured_media":47011,"comment_status":"open","ping_status":"open","sticky":false,"template":"","format":"standard","meta":[],"categories":[107,105],"tags":[],"yoast_head":"<!-- This site is optimized with the Yoast SEO plugin v17.4 - https:\/\/yoast.com\/wordpress\/plugins\/seo\/ -->\n<title>Estamos presentes en el s\u00e9ptimo Congreso Nacional de APD<\/title>\n<meta name=\"description\" content=\"Como socios de APD, Plexus Tech particip\u00f3 en el evento celebrado en Santiago con sus directores Crist\u00f3bal Ramos y Rodrigo Rodr\u00edguez-Navas.\" \/>\n<meta name=\"robots\" content=\"index, follow, max-snippet:-1, max-image-preview:large, max-video-preview:-1\" \/>\n<link rel=\"canonical\" href=\"https:\/\/www.plexus.es\/plexus-tech-7-congreso-nacional-apd\/\" \/>\n<meta property=\"og:locale\" content=\"gl_ES\" \/>\n<meta property=\"og:type\" content=\"article\" \/>\n<meta property=\"og:title\" content=\"Estamos presentes en el s\u00e9ptimo Congreso Nacional de APD\" \/>\n<meta property=\"og:description\" content=\"Como socios de APD, Plexus Tech particip\u00f3 en el evento celebrado en Santiago con sus directores Crist\u00f3bal Ramos y Rodrigo Rodr\u00edguez-Navas.\" \/>\n<meta property=\"og:url\" content=\"https:\/\/www.plexus.es\/plexus-tech-7-congreso-nacional-apd\/\" \/>\n<meta property=\"og:site_name\" content=\"Plexus Tech\" \/>\n<meta property=\"article:publisher\" content=\"https:\/\/www.facebook.com\/Plexus.Techno\" \/>\n<meta property=\"article:published_time\" content=\"2024-11-22T16:40:54+00:00\" \/>\n<meta property=\"article:modified_time\" content=\"2025-04-22T15:58:23+00:00\" \/>\n<meta property=\"og:image\" content=\"https:\/\/www.plexus.es\/wp-content\/uploads\/2025\/04\/7-Congreso-APD-Santiago-Web.png\" \/>\n\t<meta property=\"og:image:width\" content=\"949\" \/>\n\t<meta property=\"og:image:height\" content=\"601\" \/>\n<meta name=\"twitter:card\" content=\"summary_large_image\" \/>\n<meta name=\"twitter:creator\" content=\"@plexustech_\" \/>\n<meta name=\"twitter:site\" content=\"@plexustech_\" \/>\n<meta name=\"twitter:label1\" content=\"Escrito por\" \/>\n\t<meta name=\"twitter:data1\" content=\"admin_plexus\" \/>\n\t<meta name=\"twitter:label2\" content=\"Tempo de lectura\" \/>\n\t<meta name=\"twitter:data2\" content=\"4 minutos\" \/>\n<script type=\"application\/ld+json\" class=\"yoast-schema-graph\">{\"@context\":\"https:\/\/schema.org\",\"@graph\":[{\"@type\":\"Organization\",\"@id\":\"https:\/\/www.plexus.es\/#organization\",\"name\":\"Plexus Tech\",\"url\":\"https:\/\/www.plexus.es\/\",\"sameAs\":[\"https:\/\/www.facebook.com\/Plexus.Techno\",\"https:\/\/www.instagram.com\/plexus.tech\/\",\"https:\/\/www.linkedin.com\/company\/plexus-tech\/mycompany\/\",\"https:\/\/www.youtube.com\/user\/tecnologiasplexus\",\"https:\/\/twitter.com\/plexustech_\"],\"logo\":{\"@type\":\"ImageObject\",\"@id\":\"https:\/\/www.plexus.es\/#logo\",\"inLanguage\":\"gl-ES\",\"url\":\"https:\/\/www.plexus.es\/wp-content\/uploads\/2021\/11\/logo-plexus-2021.png\",\"contentUrl\":\"https:\/\/www.plexus.es\/wp-content\/uploads\/2021\/11\/logo-plexus-2021.png\",\"width\":600,\"height\":600,\"caption\":\"Plexus Tech\"},\"image\":{\"@id\":\"https:\/\/www.plexus.es\/#logo\"}},{\"@type\":\"WebSite\",\"@id\":\"https:\/\/www.plexus.es\/#website\",\"url\":\"https:\/\/www.plexus.es\/\",\"name\":\"Plexus Tech\",\"description\":\"Tecnolog\\u00eda con Alma\",\"publisher\":{\"@id\":\"https:\/\/www.plexus.es\/#organization\"},\"potentialAction\":[{\"@type\":\"SearchAction\",\"target\":{\"@type\":\"EntryPoint\",\"urlTemplate\":\"https:\/\/www.plexus.es\/?s={search_term_string}\"},\"query-input\":\"required name=search_term_string\"}],\"inLanguage\":\"gl-ES\"},{\"@type\":\"ImageObject\",\"@id\":\"https:\/\/www.plexus.es\/plexus-tech-7-congreso-nacional-apd\/#primaryimage\",\"inLanguage\":\"gl-ES\",\"url\":\"https:\/\/www.plexus.es\/wp-content\/uploads\/2025\/04\/7-Congreso-APD-Santiago-Web.png\",\"contentUrl\":\"https:\/\/www.plexus.es\/wp-content\/uploads\/2025\/04\/7-Congreso-APD-Santiago-Web.png\",\"width\":949,\"height\":601,\"caption\":\"Rodrigo Rodr\\u00edguez-Navas y Crist\\u00f3bal Ramos, directores de Plexus Tech, en el s\\u00e9ptimo Congreso Nacional de APD.\"},{\"@type\":\"WebPage\",\"@id\":\"https:\/\/www.plexus.es\/plexus-tech-7-congreso-nacional-apd\/#webpage\",\"url\":\"https:\/\/www.plexus.es\/plexus-tech-7-congreso-nacional-apd\/\",\"name\":\"Estamos presentes en el s\\u00e9ptimo Congreso Nacional de APD\",\"isPartOf\":{\"@id\":\"https:\/\/www.plexus.es\/#website\"},\"primaryImageOfPage\":{\"@id\":\"https:\/\/www.plexus.es\/plexus-tech-7-congreso-nacional-apd\/#primaryimage\"},\"datePublished\":\"2024-11-22T16:40:54+00:00\",\"dateModified\":\"2025-04-22T15:58:23+00:00\",\"description\":\"Como socios de APD, Plexus Tech particip\\u00f3 en el evento celebrado en Santiago con sus directores Crist\\u00f3bal Ramos y Rodrigo Rodr\\u00edguez-Navas.\",\"breadcrumb\":{\"@id\":\"https:\/\/www.plexus.es\/plexus-tech-7-congreso-nacional-apd\/#breadcrumb\"},\"inLanguage\":\"gl-ES\",\"potentialAction\":[{\"@type\":\"ReadAction\",\"target\":[\"https:\/\/www.plexus.es\/plexus-tech-7-congreso-nacional-apd\/\"]}]},{\"@type\":\"BreadcrumbList\",\"@id\":\"https:\/\/www.plexus.es\/plexus-tech-7-congreso-nacional-apd\/#breadcrumb\",\"itemListElement\":[{\"@type\":\"ListItem\",\"position\":1,\"name\":\"Home\",\"item\":\"https:\/\/www.plexus.es\/\"},{\"@type\":\"ListItem\",\"position\":2,\"name\":\"Estamos presentes en la celebraci\\u00f3n del s\\u00e9ptimo Congreso Nacional de APD\"}]},{\"@type\":\"Article\",\"@id\":\"https:\/\/www.plexus.es\/plexus-tech-7-congreso-nacional-apd\/#article\",\"isPartOf\":{\"@id\":\"https:\/\/www.plexus.es\/plexus-tech-7-congreso-nacional-apd\/#webpage\"},\"author\":{\"@id\":\"https:\/\/www.plexus.es\/#\/schema\/person\/8f02d5ce6d7b659fa68b0e90317c5171\"},\"headline\":\"Estamos presentes en la celebraci\\u00f3n del s\\u00e9ptimo Congreso Nacional de APD\",\"datePublished\":\"2024-11-22T16:40:54+00:00\",\"dateModified\":\"2025-04-22T15:58:23+00:00\",\"mainEntityOfPage\":{\"@id\":\"https:\/\/www.plexus.es\/plexus-tech-7-congreso-nacional-apd\/#webpage\"},\"wordCount\":1771,\"commentCount\":0,\"publisher\":{\"@id\":\"https:\/\/www.plexus.es\/#organization\"},\"image\":{\"@id\":\"https:\/\/www.plexus.es\/plexus-tech-7-congreso-nacional-apd\/#primaryimage\"},\"thumbnailUrl\":\"https:\/\/www.plexus.es\/wp-content\/uploads\/2025\/04\/7-Congreso-APD-Santiago-Web.png\",\"articleSection\":[\"Eventos\",\"Tech&amp;Innovaci\\u00f3n\"],\"inLanguage\":\"gl-ES\",\"potentialAction\":[{\"@type\":\"CommentAction\",\"name\":\"Comment\",\"target\":[\"https:\/\/www.plexus.es\/plexus-tech-7-congreso-nacional-apd\/#respond\"]}]},{\"@type\":\"Person\",\"@id\":\"https:\/\/www.plexus.es\/#\/schema\/person\/8f02d5ce6d7b659fa68b0e90317c5171\",\"name\":\"admin_plexus\",\"image\":{\"@type\":\"ImageObject\",\"@id\":\"https:\/\/www.plexus.es\/#personlogo\",\"inLanguage\":\"gl-ES\",\"url\":\"https:\/\/secure.gravatar.com\/avatar\/c1d7caf9a4063a74393abcf91991e9cd?s=96&d=mm&r=g\",\"contentUrl\":\"https:\/\/secure.gravatar.com\/avatar\/c1d7caf9a4063a74393abcf91991e9cd?s=96&d=mm&r=g\",\"caption\":\"admin_plexus\"},\"sameAs\":[\"https:\/\/www.plexus.es\"]}]}<\/script>\n<!-- \/ Yoast SEO plugin. -->","yoast_head_json":{"title":"Estamos presentes en el s\u00e9ptimo Congreso Nacional de APD","description":"Como socios de APD, Plexus Tech particip\u00f3 en el evento celebrado en Santiago con sus directores Crist\u00f3bal Ramos y Rodrigo Rodr\u00edguez-Navas.","robots":{"index":"index","follow":"follow","max-snippet":"max-snippet:-1","max-image-preview":"max-image-preview:large","max-video-preview":"max-video-preview:-1"},"canonical":"https:\/\/www.plexus.es\/plexus-tech-7-congreso-nacional-apd\/","og_locale":"gl_ES","og_type":"article","og_title":"Estamos presentes en el s\u00e9ptimo Congreso Nacional de APD","og_description":"Como socios de APD, Plexus Tech particip\u00f3 en el evento celebrado en Santiago con sus directores Crist\u00f3bal Ramos y Rodrigo Rodr\u00edguez-Navas.","og_url":"https:\/\/www.plexus.es\/plexus-tech-7-congreso-nacional-apd\/","og_site_name":"Plexus Tech","article_publisher":"https:\/\/www.facebook.com\/Plexus.Techno","article_published_time":"2024-11-22T16:40:54+00:00","article_modified_time":"2025-04-22T15:58:23+00:00","og_image":[{"width":949,"height":601,"url":"https:\/\/www.plexus.es\/wp-content\/uploads\/2025\/04\/7-Congreso-APD-Santiago-Web.png","type":"image\/png"}],"twitter_card":"summary_large_image","twitter_creator":"@plexustech_","twitter_site":"@plexustech_","twitter_misc":{"Escrito por":"admin_plexus","Tempo de lectura":"4 minutos"},"schema":{"@context":"https:\/\/schema.org","@graph":[{"@type":"Organization","@id":"https:\/\/www.plexus.es\/#organization","name":"Plexus Tech","url":"https:\/\/www.plexus.es\/","sameAs":["https:\/\/www.facebook.com\/Plexus.Techno","https:\/\/www.instagram.com\/plexus.tech\/","https:\/\/www.linkedin.com\/company\/plexus-tech\/mycompany\/","https:\/\/www.youtube.com\/user\/tecnologiasplexus","https:\/\/twitter.com\/plexustech_"],"logo":{"@type":"ImageObject","@id":"https:\/\/www.plexus.es\/#logo","inLanguage":"gl-ES","url":"https:\/\/www.plexus.es\/wp-content\/uploads\/2021\/11\/logo-plexus-2021.png","contentUrl":"https:\/\/www.plexus.es\/wp-content\/uploads\/2021\/11\/logo-plexus-2021.png","width":600,"height":600,"caption":"Plexus Tech"},"image":{"@id":"https:\/\/www.plexus.es\/#logo"}},{"@type":"WebSite","@id":"https:\/\/www.plexus.es\/#website","url":"https:\/\/www.plexus.es\/","name":"Plexus Tech","description":"Tecnolog\u00eda con Alma","publisher":{"@id":"https:\/\/www.plexus.es\/#organization"},"potentialAction":[{"@type":"SearchAction","target":{"@type":"EntryPoint","urlTemplate":"https:\/\/www.plexus.es\/?s={search_term_string}"},"query-input":"required name=search_term_string"}],"inLanguage":"gl-ES"},{"@type":"ImageObject","@id":"https:\/\/www.plexus.es\/plexus-tech-7-congreso-nacional-apd\/#primaryimage","inLanguage":"gl-ES","url":"https:\/\/www.plexus.es\/wp-content\/uploads\/2025\/04\/7-Congreso-APD-Santiago-Web.png","contentUrl":"https:\/\/www.plexus.es\/wp-content\/uploads\/2025\/04\/7-Congreso-APD-Santiago-Web.png","width":949,"height":601,"caption":"Rodrigo Rodr\u00edguez-Navas y Crist\u00f3bal Ramos, directores de Plexus Tech, en el s\u00e9ptimo Congreso Nacional de APD."},{"@type":"WebPage","@id":"https:\/\/www.plexus.es\/plexus-tech-7-congreso-nacional-apd\/#webpage","url":"https:\/\/www.plexus.es\/plexus-tech-7-congreso-nacional-apd\/","name":"Estamos presentes en el s\u00e9ptimo Congreso Nacional de APD","isPartOf":{"@id":"https:\/\/www.plexus.es\/#website"},"primaryImageOfPage":{"@id":"https:\/\/www.plexus.es\/plexus-tech-7-congreso-nacional-apd\/#primaryimage"},"datePublished":"2024-11-22T16:40:54+00:00","dateModified":"2025-04-22T15:58:23+00:00","description":"Como socios de APD, Plexus Tech particip\u00f3 en el evento celebrado en Santiago con sus directores Crist\u00f3bal Ramos y Rodrigo Rodr\u00edguez-Navas.","breadcrumb":{"@id":"https:\/\/www.plexus.es\/plexus-tech-7-congreso-nacional-apd\/#breadcrumb"},"inLanguage":"gl-ES","potentialAction":[{"@type":"ReadAction","target":["https:\/\/www.plexus.es\/plexus-tech-7-congreso-nacional-apd\/"]}]},{"@type":"BreadcrumbList","@id":"https:\/\/www.plexus.es\/plexus-tech-7-congreso-nacional-apd\/#breadcrumb","itemListElement":[{"@type":"ListItem","position":1,"name":"Home","item":"https:\/\/www.plexus.es\/"},{"@type":"ListItem","position":2,"name":"Estamos presentes en la celebraci\u00f3n del s\u00e9ptimo Congreso Nacional de APD"}]},{"@type":"Article","@id":"https:\/\/www.plexus.es\/plexus-tech-7-congreso-nacional-apd\/#article","isPartOf":{"@id":"https:\/\/www.plexus.es\/plexus-tech-7-congreso-nacional-apd\/#webpage"},"author":{"@id":"https:\/\/www.plexus.es\/#\/schema\/person\/8f02d5ce6d7b659fa68b0e90317c5171"},"headline":"Estamos presentes en la celebraci\u00f3n del s\u00e9ptimo Congreso Nacional de APD","datePublished":"2024-11-22T16:40:54+00:00","dateModified":"2025-04-22T15:58:23+00:00","mainEntityOfPage":{"@id":"https:\/\/www.plexus.es\/plexus-tech-7-congreso-nacional-apd\/#webpage"},"wordCount":1771,"commentCount":0,"publisher":{"@id":"https:\/\/www.plexus.es\/#organization"},"image":{"@id":"https:\/\/www.plexus.es\/plexus-tech-7-congreso-nacional-apd\/#primaryimage"},"thumbnailUrl":"https:\/\/www.plexus.es\/wp-content\/uploads\/2025\/04\/7-Congreso-APD-Santiago-Web.png","articleSection":["Eventos","Tech&amp;Innovaci\u00f3n"],"inLanguage":"gl-ES","potentialAction":[{"@type":"CommentAction","name":"Comment","target":["https:\/\/www.plexus.es\/plexus-tech-7-congreso-nacional-apd\/#respond"]}]},{"@type":"Person","@id":"https:\/\/www.plexus.es\/#\/schema\/person\/8f02d5ce6d7b659fa68b0e90317c5171","name":"admin_plexus","image":{"@type":"ImageObject","@id":"https:\/\/www.plexus.es\/#personlogo","inLanguage":"gl-ES","url":"https:\/\/secure.gravatar.com\/avatar\/c1d7caf9a4063a74393abcf91991e9cd?s=96&d=mm&r=g","contentUrl":"https:\/\/secure.gravatar.com\/avatar\/c1d7caf9a4063a74393abcf91991e9cd?s=96&d=mm&r=g","caption":"admin_plexus"},"sameAs":["https:\/\/www.plexus.es"]}]}},"_links":{"self":[{"href":"https:\/\/www.plexus.es\/gl\/wp-json\/wp\/v2\/posts\/47004"}],"collection":[{"href":"https:\/\/www.plexus.es\/gl\/wp-json\/wp\/v2\/posts"}],"about":[{"href":"https:\/\/www.plexus.es\/gl\/wp-json\/wp\/v2\/types\/post"}],"author":[{"embeddable":true,"href":"https:\/\/www.plexus.es\/gl\/wp-json\/wp\/v2\/users\/1"}],"replies":[{"embeddable":true,"href":"https:\/\/www.plexus.es\/gl\/wp-json\/wp\/v2\/comments?post=47004"}],"version-history":[{"count":6,"href":"https:\/\/www.plexus.es\/gl\/wp-json\/wp\/v2\/posts\/47004\/revisions"}],"predecessor-version":[{"id":47034,"href":"https:\/\/www.plexus.es\/gl\/wp-json\/wp\/v2\/posts\/47004\/revisions\/47034"}],"wp:featuredmedia":[{"embeddable":true,"href":"https:\/\/www.plexus.es\/gl\/wp-json\/wp\/v2\/media\/47011"}],"wp:attachment":[{"href":"https:\/\/www.plexus.es\/gl\/wp-json\/wp\/v2\/media?parent=47004"}],"wp:term":[{"taxonomy":"category","embeddable":true,"href":"https:\/\/www.plexus.es\/gl\/wp-json\/wp\/v2\/categories?post=47004"},{"taxonomy":"post_tag","embeddable":true,"href":"https:\/\/www.plexus.es\/gl\/wp-json\/wp\/v2\/tags?post=47004"}],"curies":[{"name":"wp","href":"https:\/\/api.w.org\/{rel}","templated":true}]}}