{"id":47037,"date":"2025-04-04T15:40:22","date_gmt":"2025-04-04T13:40:22","guid":{"rendered":"https:\/\/www.plexus.es\/?p=47037"},"modified":"2025-04-24T16:35:15","modified_gmt":"2025-04-24T14:35:15","slug":"plexus-tech-congreso-nacional-inforsalud-2025","status":"publish","type":"post","link":"https:\/\/www.plexus.es\/gl\/plexus-tech-congreso-nacional-inforsalud-2025\/","title":{"rendered":"Participamos en el XXVIII Congreso Nacional de Inforsalud 2025 en Madrid"},"content":{"rendered":"<div class=\"fusion-fullwidth fullwidth-box fusion-builder-row-1 fusion-flex-container container-detail-news plexus_css nonhundred-percent-fullwidth non-hundred-percent-height-scrolling\" style=\"background-color: rgba(255,255,255,0);background-position: center center;background-repeat: no-repeat;border-width: 0px 0px 0px 0px;border-color:#e8ebef;border-style:solid;\" ><div class=\"fusion-builder-row fusion-row fusion-flex-align-items-flex-start\" style=\"max-width:1310.4px;margin-left: calc(-4% \/ 2 );margin-right: calc(-4% \/ 2 );\"><div class=\"fusion-layout-column fusion_builder_column fusion-builder-column-0 fusion_builder_column_1_1 1_1 fusion-flex-column fusion-flex-align-self-stretch\"><div class=\"fusion-column-wrapper fusion-flex-justify-content-center fusion-content-layout-column\" style=\"background-position:left top;background-repeat:no-repeat;-webkit-background-size:cover;-moz-background-size:cover;-o-background-size:cover;background-size:cover;padding: 0px 0px 0px 0px;\"><div style=\"text-align:center;\"><span class=\" fusion-imageframe imageframe-none imageframe-1 hover-type-none\" style=\"border-radius:12px;margin-top:0px;margin-right:0px;margin-bottom:0px;margin-left:0px;\"><a class=\"fusion-no-lightbox\" href=\"https:\/\/www.linkedin.com\/posts\/plexus-tech_goodnews-gemelosdigitales-platgdia-activity-7146514515004735488-uBrB?utm_source=share&amp;utm_medium=member_desktop\" target=\"_self\" aria-label=\"Evento\"><img width=\"1280\" height=\"854\" alt=\"Plexus Tech particip\u00f3 en el XXVIII Congreso Nacional de Inforsalud 2025 junto a su socio Quir\u00f3nsalud.\" src=\"https:\/\/www.plexus.es\/wp-content\/uploads\/2025\/04\/Evento.jpg\" data-orig-src=\"https:\/\/www.plexus.es\/wp-content\/uploads\/2025\/04\/Evento.jpg\" class=\"lazyload img-responsive wp-image-47040\" srcset=\"data:image\/svg+xml,%3Csvg%20xmlns%3D%27http%3A%2F%2Fwww.w3.org%2F2000%2Fsvg%27%20width%3D%271280%27%20height%3D%27854%27%20viewBox%3D%270%200%201280%20854%27%3E%3Crect%20width%3D%271280%27%20height%3D%27854%27%20fill-opacity%3D%220%22%2F%3E%3C%2Fsvg%3E\" data-srcset=\"https:\/\/www.plexus.es\/wp-content\/uploads\/2025\/04\/Evento-200x133.jpg 200w, https:\/\/www.plexus.es\/wp-content\/uploads\/2025\/04\/Evento-400x267.jpg 400w, https:\/\/www.plexus.es\/wp-content\/uploads\/2025\/04\/Evento-600x400.jpg 600w, https:\/\/www.plexus.es\/wp-content\/uploads\/2025\/04\/Evento-800x534.jpg 800w, https:\/\/www.plexus.es\/wp-content\/uploads\/2025\/04\/Evento-1200x801.jpg 1200w, https:\/\/www.plexus.es\/wp-content\/uploads\/2025\/04\/Evento.jpg 1280w\" data-sizes=\"auto\" data-orig-sizes=\"(max-width: 640px) 100vw, 1280px\" \/><\/a><\/span><\/div><\/div><style type=\"text\/css\">.fusion-body .fusion-builder-column-0{width:100% !important;margin-top : 0px;margin-bottom : 0px;}.fusion-builder-column-0 > .fusion-column-wrapper {padding-top : 0 !important;padding-right : 0px !important;margin-right : 1.92%;padding-bottom : 0 !important;padding-left : 0px !important;margin-left : 1.92%;}@media only screen and (max-width:1200px) {.fusion-body .fusion-builder-column-0{width:100% !important;order : 0;}.fusion-builder-column-0 > .fusion-column-wrapper {margin-right : 1.92%;margin-left : 1.92%;}}@media only screen and (max-width:640px) {.fusion-body .fusion-builder-column-0{width:100% !important;order : 0;}.fusion-builder-column-0 > .fusion-column-wrapper {margin-right : 1.92%;margin-left : 1.92%;}}<\/style><\/div><div class=\"fusion-layout-column fusion_builder_column fusion-builder-column-1 fusion_builder_column_1_1 1_1 fusion-flex-column\"><div class=\"fusion-column-wrapper fusion-flex-justify-content-flex-start fusion-content-layout-column\" style=\"background-position:left top;background-repeat:no-repeat;-webkit-background-size:cover;-moz-background-size:cover;-o-background-size:cover;background-size:cover;padding: 0px 0px 0px 0px;\"><div class=\"fusion-text fusion-text-1\"><h2>Jos\u00e9 Manuel Chao, socio-director de Plexus Tech, estuvo presente en el foro de debate Inforsalud sobre la digitalizaci\u00f3n en la sanidad.<\/h2>\n<p>Tecnolog\u00eda al servicio del paciente. Con el reto de debatir sobre el presente y el futuro de la digitalizaci\u00f3n en la sanidad, Plexus Tech particip\u00f3 en el <a href=\"https:\/\/seis.es\/inforsalud-2025\/\" target=\"_blank\" rel=\"noopener\"><strong>XXVIII Congreso Nacional de Inform\u00e1tica de la Salud<\/strong><\/a>. Y lo hizo junto a su <strong>partner Quir\u00f3nsalud<\/strong>, presentando su modelo conjunto de recepci\u00f3n de pacientes.<\/p>\n<p>Como l\u00edderes en innovaci\u00f3n en el sector sanitario, la compa\u00f1\u00eda tecnol\u00f3gica gallega no pod\u00eda falta a <strong>Inforsalud 2025<\/strong>. Una vez m\u00e1s, y como es habitual, form\u00f3 parte de este foro de debate referente para tratar la digitalizaci\u00f3n de los servicios de salud.<\/p>\n<p>Por parte de Plexus Tech, en el encuentro celebrado en Madrid el 1, 2 y 3 de abril, <strong>estuvo su socio-director del \u00e1rea de Salud, Jos\u00e9 Manuel Chao Ardao<\/strong>.<\/p>\n<h3>Un innovador modelo de recepci\u00f3n de pacientes para Quir\u00f3nsalud.<\/h3>\n<p>En Inforsalud 2025, Plexus Tech y Quir\u00f3nsalud <a href=\"https:\/\/www.plexus.es\/productos\/quenda-medic\/\" target=\"_blank\" rel=\"noopener\"><strong>presentaron su novedoso modelo de recepci\u00f3n de pacientes<\/strong><\/a>. Un sistema que est\u00e1 orientado a eliminar barreras y mejorar la experiencia de usuario desde el primer contacto con el hospital.<\/p>\n<p>Para presentarlo, Jos\u00e9 Manuel Chao estuvo acompa\u00f1ado por David del R\u00edo Espinel, responsable de Procesos en Quir\u00f3nsalud. Ambos intervinieron en una mesa redonda, moderada por Juan Carlos Oliva P\u00e9rez, director-gerente de la Fundaci\u00f3n Rioja Salud.<\/p>\n<p>En este sentido, como <strong>socios tecnol\u00f3gicos, Plexus y Quir\u00f3n avanzan hacia una sanidad m\u00e1s digital, \u00e1gil y centrada en las personas<\/strong>. Una apuesta que se puso en valor en el marco del congreso.<\/p>\n<h4>Salud Digital para impulsar un nuevo sistema asistencial.<\/h4>\n<p>El foro de debate del XXVIII Congreso Inforsalud se celebr\u00f3 en Madrid bajo el lema \u201c<strong>Salud Digital para impulsar un nuevo sistema asistencial<\/strong>\u201d. Expertos y referentes del sector debatieron sobre la <strong>importancia de la transformaci\u00f3n digital del modelo sanitario<\/strong>.<\/p>\n<p>A trav\u00e9s de ponencias y mesas redondas, se puso el foco en la digitalizaci\u00f3n del sector. En esta l\u00ednea, destacaron no s\u00f3lo en una necesidad, sino tambi\u00e9n las oportunidades que genera de mejorar la eficiencia, calidad y sostenibilidad de los servicios de salud en un contexto de evidente criticidad del sistema.<\/p>\n<p>Adem\u00e1s, durante el encuentro, se abordaron otras <strong>cuestiones clave<\/strong>:<\/p>\n<ul>\n<li>La Estrategia Nacional de Salud Digital (ENDS).<\/li>\n<li>El impacto de la inteligencia artificial (<strong>IA<\/strong>) en la <strong>toma de decisiones cl\u00ednicas<\/strong>.<\/li>\n<li>La relevancia de la <strong>ciberseguridad y la protecci\u00f3n de los datos sensibles<\/strong>.<\/li>\n<li>Las principales <strong>estrategias de transformaci\u00f3n digital<\/strong> impulsadas por el Sistema Nacional de Salud (SNS).<\/li>\n<\/ul>\n<\/div><\/div><style type=\"text\/css\">.fusion-body .fusion-builder-column-1{width:100% !important;margin-top : 20px;margin-bottom : 20px;}.fusion-builder-column-1 > .fusion-column-wrapper {padding-top : 0px !important;padding-right : 0px !important;margin-right : 1.92%;padding-bottom : 0px !important;padding-left : 0px !important;margin-left : 1.92%;}@media only screen and (max-width:1200px) {.fusion-body .fusion-builder-column-1{width:100% !important;order : 0;}.fusion-builder-column-1 > .fusion-column-wrapper {margin-right : 1.92%;margin-left : 1.92%;}}@media only screen and (max-width:640px) {.fusion-body .fusion-builder-column-1{width:100% !important;order : 0;}.fusion-builder-column-1 > .fusion-column-wrapper {margin-right : 1.92%;margin-left : 1.92%;}}<\/style><\/div><div class=\"fusion-layout-column fusion_builder_column fusion-builder-column-2 fusion_builder_column_1_2 1_2 fusion-flex-column fusion-flex-align-self-stretch\"><div class=\"fusion-column-wrapper fusion-flex-justify-content-center fusion-content-layout-column\" style=\"background-position:left top;background-repeat:no-repeat;-webkit-background-size:cover;-moz-background-size:cover;-o-background-size:cover;background-size:cover;padding: 0px 0px 0px 0px;\"><div style=\"text-align:center;\"><span class=\" fusion-imageframe imageframe-none imageframe-2 hover-type-none\" style=\"border-radius:12px;margin-top:0px;margin-right:0px;margin-bottom:0px;margin-left:0px;\"><a class=\"fusion-no-lightbox\" href=\"https:\/\/www.linkedin.com\/posts\/plexus-tech_goodnews-gemelosdigitales-platgdia-activity-7146514515004735488-uBrB?utm_source=share&amp;utm_medium=member_desktop\" target=\"_self\" aria-label=\"Chao Ardao\"><img width=\"1280\" height=\"854\" alt=\"Jos\u00e9 Manuel Chao, socio-director de Salud de Plexus Tech, durante su participaci\u00f3n en el evento de Inforsalud.\" src=\"https:\/\/www.plexus.es\/wp-content\/uploads\/2025\/04\/Chao-Ardao.jpg\" data-orig-src=\"https:\/\/www.plexus.es\/wp-content\/uploads\/2025\/04\/Chao-Ardao.jpg\" class=\"lazyload img-responsive wp-image-47052\" srcset=\"data:image\/svg+xml,%3Csvg%20xmlns%3D%27http%3A%2F%2Fwww.w3.org%2F2000%2Fsvg%27%20width%3D%271280%27%20height%3D%27854%27%20viewBox%3D%270%200%201280%20854%27%3E%3Crect%20width%3D%271280%27%20height%3D%27854%27%20fill-opacity%3D%220%22%2F%3E%3C%2Fsvg%3E\" data-srcset=\"https:\/\/www.plexus.es\/wp-content\/uploads\/2025\/04\/Chao-Ardao-200x133.jpg 200w, https:\/\/www.plexus.es\/wp-content\/uploads\/2025\/04\/Chao-Ardao-400x267.jpg 400w, https:\/\/www.plexus.es\/wp-content\/uploads\/2025\/04\/Chao-Ardao-600x400.jpg 600w, https:\/\/www.plexus.es\/wp-content\/uploads\/2025\/04\/Chao-Ardao-800x534.jpg 800w, https:\/\/www.plexus.es\/wp-content\/uploads\/2025\/04\/Chao-Ardao-1200x801.jpg 1200w, https:\/\/www.plexus.es\/wp-content\/uploads\/2025\/04\/Chao-Ardao.jpg 1280w\" data-sizes=\"auto\" data-orig-sizes=\"(max-width: 640px) 100vw, 600px\" \/><\/a><\/span><\/div><\/div><style type=\"text\/css\">.fusion-body .fusion-builder-column-2{width:50% !important;margin-top : 0px;margin-bottom : 0px;}.fusion-builder-column-2 > .fusion-column-wrapper {padding-top : 0 !important;padding-right : 0px !important;margin-right : 3.84%;padding-bottom : 0 !important;padding-left : 0px !important;margin-left : 3.84%;}@media only screen and (max-width:1200px) {.fusion-body .fusion-builder-column-2{width:50% !important;order : 0;}.fusion-builder-column-2 > .fusion-column-wrapper {margin-right : 3.84%;margin-left : 3.84%;}}@media only screen and (max-width:640px) {.fusion-body .fusion-builder-column-2{width:100% !important;order : 0;}.fusion-builder-column-2 > .fusion-column-wrapper {margin-right : 1.92%;margin-left : 1.92%;}}<\/style><\/div><div class=\"fusion-layout-column fusion_builder_column fusion-builder-column-3 fusion_builder_column_1_2 1_2 fusion-flex-column fusion-flex-align-self-stretch\"><div class=\"fusion-column-wrapper fusion-flex-justify-content-center fusion-content-layout-column\" style=\"background-position:left top;background-repeat:no-repeat;-webkit-background-size:cover;-moz-background-size:cover;-o-background-size:cover;background-size:cover;padding: 0px 0px 0px 0px;\"><div style=\"text-align:center;\"><span class=\" fusion-imageframe imageframe-none imageframe-3 hover-type-none\" style=\"border-radius:12px;margin-top:0px;margin-right:0px;margin-bottom:0px;margin-left:0px;\"><a class=\"fusion-no-lightbox\" href=\"https:\/\/www.linkedin.com\/posts\/plexus-tech_goodnews-gemelosdigitales-platgdia-activity-7146514515004735488-uBrB?utm_source=share&amp;utm_medium=member_desktop\" target=\"_self\" aria-label=\"David del R\u00edo\"><img width=\"1280\" height=\"853\" alt=\"David del R\u00edo Espinel, responsable de Procesos en Quir\u00f3nsalud. \" src=\"https:\/\/www.plexus.es\/wp-content\/uploads\/2025\/04\/David-del-Rio.jpg\" data-orig-src=\"https:\/\/www.plexus.es\/wp-content\/uploads\/2025\/04\/David-del-Rio.jpg\" class=\"lazyload img-responsive wp-image-47046\" srcset=\"data:image\/svg+xml,%3Csvg%20xmlns%3D%27http%3A%2F%2Fwww.w3.org%2F2000%2Fsvg%27%20width%3D%271280%27%20height%3D%27853%27%20viewBox%3D%270%200%201280%20853%27%3E%3Crect%20width%3D%271280%27%20height%3D%27853%27%20fill-opacity%3D%220%22%2F%3E%3C%2Fsvg%3E\" data-srcset=\"https:\/\/www.plexus.es\/wp-content\/uploads\/2025\/04\/David-del-Rio-200x133.jpg 200w, https:\/\/www.plexus.es\/wp-content\/uploads\/2025\/04\/David-del-Rio-400x267.jpg 400w, https:\/\/www.plexus.es\/wp-content\/uploads\/2025\/04\/David-del-Rio-600x400.jpg 600w, https:\/\/www.plexus.es\/wp-content\/uploads\/2025\/04\/David-del-Rio-800x533.jpg 800w, https:\/\/www.plexus.es\/wp-content\/uploads\/2025\/04\/David-del-Rio-1200x800.jpg 1200w, https:\/\/www.plexus.es\/wp-content\/uploads\/2025\/04\/David-del-Rio.jpg 1280w\" data-sizes=\"auto\" data-orig-sizes=\"(max-width: 640px) 100vw, 600px\" \/><\/a><\/span><\/div><\/div><style type=\"text\/css\">.fusion-body .fusion-builder-column-3{width:50% !important;margin-top : 0px;margin-bottom : 0px;}.fusion-builder-column-3 > .fusion-column-wrapper {padding-top : 0 !important;padding-right : 0px !important;margin-right : 3.84%;padding-bottom : 0 !important;padding-left : 0px !important;margin-left : 3.84%;}@media only screen and (max-width:1200px) {.fusion-body .fusion-builder-column-3{width:50% !important;order : 0;}.fusion-builder-column-3 > .fusion-column-wrapper {margin-right : 3.84%;margin-left : 3.84%;}}@media only screen and (max-width:640px) {.fusion-body .fusion-builder-column-3{width:100% !important;order : 0;}.fusion-builder-column-3 > .fusion-column-wrapper {margin-right : 1.92%;margin-left : 1.92%;}}<\/style><\/div><\/div><style type=\"text\/css\">.fusion-body .fusion-flex-container.fusion-builder-row-1{ padding-top : 0px;margin-top : 0;padding-right : 0px;padding-bottom : 0px;margin-bottom : 0;padding-left : 0px;}<\/style><\/div>\n","protected":false},"excerpt":{"rendered":"<p>Jos\u00e9 Manuel Chao, socio-director de Plexus Tech, estuvo presente en el foro Inforsalud sobre digitalizaci\u00f3n en la sanidad.<\/p>\n","protected":false},"author":1,"featured_media":47058,"comment_status":"open","ping_status":"open","sticky":false,"template":"","format":"standard","meta":[],"categories":[107,105],"tags":[],"yoast_head":"<!-- This site is optimized with the Yoast SEO plugin v17.4 - https:\/\/yoast.com\/wordpress\/plugins\/seo\/ -->\n<title>Participamos en el XXVIII Congreso Nacional Inforsalud 2025<\/title>\n<meta name=\"description\" content=\"Jos\u00e9 Manuel Chao, socio-director de Plexus Tech, estuvo presente en el foro de debate Inforsalud 2025 sobre la digitalizaci\u00f3n en la sanidad.\" \/>\n<meta name=\"robots\" content=\"index, follow, max-snippet:-1, max-image-preview:large, max-video-preview:-1\" \/>\n<link rel=\"canonical\" href=\"https:\/\/www.plexus.es\/plexus-tech-congreso-nacional-inforsalud-2025\/\" \/>\n<meta property=\"og:locale\" content=\"gl_ES\" \/>\n<meta property=\"og:type\" content=\"article\" \/>\n<meta property=\"og:title\" content=\"Participamos en el XXVIII Congreso Nacional Inforsalud 2025\" \/>\n<meta property=\"og:description\" content=\"Jos\u00e9 Manuel Chao, socio-director de Plexus Tech, estuvo presente en el foro de debate Inforsalud 2025 sobre la digitalizaci\u00f3n en la sanidad.\" \/>\n<meta property=\"og:url\" content=\"https:\/\/www.plexus.es\/plexus-tech-congreso-nacional-inforsalud-2025\/\" \/>\n<meta property=\"og:site_name\" content=\"Plexus Tech\" \/>\n<meta property=\"article:publisher\" content=\"https:\/\/www.facebook.com\/Plexus.Techno\" \/>\n<meta property=\"article:published_time\" content=\"2025-04-04T13:40:22+00:00\" \/>\n<meta property=\"article:modified_time\" content=\"2025-04-24T14:35:15+00:00\" \/>\n<meta property=\"og:image\" content=\"https:\/\/www.plexus.es\/wp-content\/uploads\/2025\/04\/Participamos-en-el-XXVIII-Congreso-Nacional-de-Inforsalud-2025.png\" \/>\n\t<meta property=\"og:image:width\" content=\"949\" \/>\n\t<meta property=\"og:image:height\" content=\"601\" \/>\n<meta name=\"twitter:card\" content=\"summary_large_image\" \/>\n<meta name=\"twitter:creator\" content=\"@plexustech_\" \/>\n<meta name=\"twitter:site\" content=\"@plexustech_\" \/>\n<meta name=\"twitter:label1\" content=\"Escrito por\" \/>\n\t<meta name=\"twitter:data1\" content=\"admin_plexus\" \/>\n\t<meta name=\"twitter:label2\" content=\"Tempo de lectura\" \/>\n\t<meta name=\"twitter:data2\" content=\"5 minutos\" \/>\n<script type=\"application\/ld+json\" class=\"yoast-schema-graph\">{\"@context\":\"https:\/\/schema.org\",\"@graph\":[{\"@type\":\"Organization\",\"@id\":\"https:\/\/www.plexus.es\/#organization\",\"name\":\"Plexus Tech\",\"url\":\"https:\/\/www.plexus.es\/\",\"sameAs\":[\"https:\/\/www.facebook.com\/Plexus.Techno\",\"https:\/\/www.instagram.com\/plexus.tech\/\",\"https:\/\/www.linkedin.com\/company\/plexus-tech\/mycompany\/\",\"https:\/\/www.youtube.com\/user\/tecnologiasplexus\",\"https:\/\/twitter.com\/plexustech_\"],\"logo\":{\"@type\":\"ImageObject\",\"@id\":\"https:\/\/www.plexus.es\/#logo\",\"inLanguage\":\"gl-ES\",\"url\":\"https:\/\/www.plexus.es\/wp-content\/uploads\/2021\/11\/logo-plexus-2021.png\",\"contentUrl\":\"https:\/\/www.plexus.es\/wp-content\/uploads\/2021\/11\/logo-plexus-2021.png\",\"width\":600,\"height\":600,\"caption\":\"Plexus Tech\"},\"image\":{\"@id\":\"https:\/\/www.plexus.es\/#logo\"}},{\"@type\":\"WebSite\",\"@id\":\"https:\/\/www.plexus.es\/#website\",\"url\":\"https:\/\/www.plexus.es\/\",\"name\":\"Plexus Tech\",\"description\":\"Tecnolog\\u00eda con Alma\",\"publisher\":{\"@id\":\"https:\/\/www.plexus.es\/#organization\"},\"potentialAction\":[{\"@type\":\"SearchAction\",\"target\":{\"@type\":\"EntryPoint\",\"urlTemplate\":\"https:\/\/www.plexus.es\/?s={search_term_string}\"},\"query-input\":\"required name=search_term_string\"}],\"inLanguage\":\"gl-ES\"},{\"@type\":\"ImageObject\",\"@id\":\"https:\/\/www.plexus.es\/plexus-tech-congreso-nacional-inforsalud-2025\/#primaryimage\",\"inLanguage\":\"gl-ES\",\"url\":\"https:\/\/www.plexus.es\/wp-content\/uploads\/2025\/04\/Participamos-en-el-XXVIII-Congreso-Nacional-de-Inforsalud-2025.png\",\"contentUrl\":\"https:\/\/www.plexus.es\/wp-content\/uploads\/2025\/04\/Participamos-en-el-XXVIII-Congreso-Nacional-de-Inforsalud-2025.png\",\"width\":949,\"height\":601,\"caption\":\"Plexus Tech particip\\u00f3 en el XXVIII Congreso Nacional de Inforsalud 2025 junto a su socio Quir\\u00f3nsalud.\"},{\"@type\":\"WebPage\",\"@id\":\"https:\/\/www.plexus.es\/plexus-tech-congreso-nacional-inforsalud-2025\/#webpage\",\"url\":\"https:\/\/www.plexus.es\/plexus-tech-congreso-nacional-inforsalud-2025\/\",\"name\":\"Participamos en el XXVIII Congreso Nacional Inforsalud 2025\",\"isPartOf\":{\"@id\":\"https:\/\/www.plexus.es\/#website\"},\"primaryImageOfPage\":{\"@id\":\"https:\/\/www.plexus.es\/plexus-tech-congreso-nacional-inforsalud-2025\/#primaryimage\"},\"datePublished\":\"2025-04-04T13:40:22+00:00\",\"dateModified\":\"2025-04-24T14:35:15+00:00\",\"description\":\"Jos\\u00e9 Manuel Chao, socio-director de Plexus Tech, estuvo presente en el foro de debate Inforsalud 2025 sobre la digitalizaci\\u00f3n en la sanidad.\",\"breadcrumb\":{\"@id\":\"https:\/\/www.plexus.es\/plexus-tech-congreso-nacional-inforsalud-2025\/#breadcrumb\"},\"inLanguage\":\"gl-ES\",\"potentialAction\":[{\"@type\":\"ReadAction\",\"target\":[\"https:\/\/www.plexus.es\/plexus-tech-congreso-nacional-inforsalud-2025\/\"]}]},{\"@type\":\"BreadcrumbList\",\"@id\":\"https:\/\/www.plexus.es\/plexus-tech-congreso-nacional-inforsalud-2025\/#breadcrumb\",\"itemListElement\":[{\"@type\":\"ListItem\",\"position\":1,\"name\":\"Home\",\"item\":\"https:\/\/www.plexus.es\/\"},{\"@type\":\"ListItem\",\"position\":2,\"name\":\"Participamos en el XXVIII Congreso Nacional de Inforsalud 2025 en Madrid\"}]},{\"@type\":\"Article\",\"@id\":\"https:\/\/www.plexus.es\/plexus-tech-congreso-nacional-inforsalud-2025\/#article\",\"isPartOf\":{\"@id\":\"https:\/\/www.plexus.es\/plexus-tech-congreso-nacional-inforsalud-2025\/#webpage\"},\"author\":{\"@id\":\"https:\/\/www.plexus.es\/#\/schema\/person\/8f02d5ce6d7b659fa68b0e90317c5171\"},\"headline\":\"Participamos en el XXVIII Congreso Nacional de Inforsalud 2025 en Madrid\",\"datePublished\":\"2025-04-04T13:40:22+00:00\",\"dateModified\":\"2025-04-24T14:35:15+00:00\",\"mainEntityOfPage\":{\"@id\":\"https:\/\/www.plexus.es\/plexus-tech-congreso-nacional-inforsalud-2025\/#webpage\"},\"wordCount\":2360,\"commentCount\":0,\"publisher\":{\"@id\":\"https:\/\/www.plexus.es\/#organization\"},\"image\":{\"@id\":\"https:\/\/www.plexus.es\/plexus-tech-congreso-nacional-inforsalud-2025\/#primaryimage\"},\"thumbnailUrl\":\"https:\/\/www.plexus.es\/wp-content\/uploads\/2025\/04\/Participamos-en-el-XXVIII-Congreso-Nacional-de-Inforsalud-2025.png\",\"articleSection\":[\"Eventos\",\"Tech&amp;Innovaci\\u00f3n\"],\"inLanguage\":\"gl-ES\",\"potentialAction\":[{\"@type\":\"CommentAction\",\"name\":\"Comment\",\"target\":[\"https:\/\/www.plexus.es\/plexus-tech-congreso-nacional-inforsalud-2025\/#respond\"]}]},{\"@type\":\"Person\",\"@id\":\"https:\/\/www.plexus.es\/#\/schema\/person\/8f02d5ce6d7b659fa68b0e90317c5171\",\"name\":\"admin_plexus\",\"image\":{\"@type\":\"ImageObject\",\"@id\":\"https:\/\/www.plexus.es\/#personlogo\",\"inLanguage\":\"gl-ES\",\"url\":\"https:\/\/secure.gravatar.com\/avatar\/c1d7caf9a4063a74393abcf91991e9cd?s=96&d=mm&r=g\",\"contentUrl\":\"https:\/\/secure.gravatar.com\/avatar\/c1d7caf9a4063a74393abcf91991e9cd?s=96&d=mm&r=g\",\"caption\":\"admin_plexus\"},\"sameAs\":[\"https:\/\/www.plexus.es\"]}]}<\/script>\n<!-- \/ Yoast SEO plugin. -->","yoast_head_json":{"title":"Participamos en el XXVIII Congreso Nacional Inforsalud 2025","description":"Jos\u00e9 Manuel Chao, socio-director de Plexus Tech, estuvo presente en el foro de debate Inforsalud 2025 sobre la digitalizaci\u00f3n en la sanidad.","robots":{"index":"index","follow":"follow","max-snippet":"max-snippet:-1","max-image-preview":"max-image-preview:large","max-video-preview":"max-video-preview:-1"},"canonical":"https:\/\/www.plexus.es\/plexus-tech-congreso-nacional-inforsalud-2025\/","og_locale":"gl_ES","og_type":"article","og_title":"Participamos en el XXVIII Congreso Nacional Inforsalud 2025","og_description":"Jos\u00e9 Manuel Chao, socio-director de Plexus Tech, estuvo presente en el foro de debate Inforsalud 2025 sobre la digitalizaci\u00f3n en la sanidad.","og_url":"https:\/\/www.plexus.es\/plexus-tech-congreso-nacional-inforsalud-2025\/","og_site_name":"Plexus Tech","article_publisher":"https:\/\/www.facebook.com\/Plexus.Techno","article_published_time":"2025-04-04T13:40:22+00:00","article_modified_time":"2025-04-24T14:35:15+00:00","og_image":[{"width":949,"height":601,"url":"https:\/\/www.plexus.es\/wp-content\/uploads\/2025\/04\/Participamos-en-el-XXVIII-Congreso-Nacional-de-Inforsalud-2025.png","type":"image\/png"}],"twitter_card":"summary_large_image","twitter_creator":"@plexustech_","twitter_site":"@plexustech_","twitter_misc":{"Escrito por":"admin_plexus","Tempo de lectura":"5 minutos"},"schema":{"@context":"https:\/\/schema.org","@graph":[{"@type":"Organization","@id":"https:\/\/www.plexus.es\/#organization","name":"Plexus Tech","url":"https:\/\/www.plexus.es\/","sameAs":["https:\/\/www.facebook.com\/Plexus.Techno","https:\/\/www.instagram.com\/plexus.tech\/","https:\/\/www.linkedin.com\/company\/plexus-tech\/mycompany\/","https:\/\/www.youtube.com\/user\/tecnologiasplexus","https:\/\/twitter.com\/plexustech_"],"logo":{"@type":"ImageObject","@id":"https:\/\/www.plexus.es\/#logo","inLanguage":"gl-ES","url":"https:\/\/www.plexus.es\/wp-content\/uploads\/2021\/11\/logo-plexus-2021.png","contentUrl":"https:\/\/www.plexus.es\/wp-content\/uploads\/2021\/11\/logo-plexus-2021.png","width":600,"height":600,"caption":"Plexus Tech"},"image":{"@id":"https:\/\/www.plexus.es\/#logo"}},{"@type":"WebSite","@id":"https:\/\/www.plexus.es\/#website","url":"https:\/\/www.plexus.es\/","name":"Plexus Tech","description":"Tecnolog\u00eda con Alma","publisher":{"@id":"https:\/\/www.plexus.es\/#organization"},"potentialAction":[{"@type":"SearchAction","target":{"@type":"EntryPoint","urlTemplate":"https:\/\/www.plexus.es\/?s={search_term_string}"},"query-input":"required name=search_term_string"}],"inLanguage":"gl-ES"},{"@type":"ImageObject","@id":"https:\/\/www.plexus.es\/plexus-tech-congreso-nacional-inforsalud-2025\/#primaryimage","inLanguage":"gl-ES","url":"https:\/\/www.plexus.es\/wp-content\/uploads\/2025\/04\/Participamos-en-el-XXVIII-Congreso-Nacional-de-Inforsalud-2025.png","contentUrl":"https:\/\/www.plexus.es\/wp-content\/uploads\/2025\/04\/Participamos-en-el-XXVIII-Congreso-Nacional-de-Inforsalud-2025.png","width":949,"height":601,"caption":"Plexus Tech particip\u00f3 en el XXVIII Congreso Nacional de Inforsalud 2025 junto a su socio Quir\u00f3nsalud."},{"@type":"WebPage","@id":"https:\/\/www.plexus.es\/plexus-tech-congreso-nacional-inforsalud-2025\/#webpage","url":"https:\/\/www.plexus.es\/plexus-tech-congreso-nacional-inforsalud-2025\/","name":"Participamos en el XXVIII Congreso Nacional Inforsalud 2025","isPartOf":{"@id":"https:\/\/www.plexus.es\/#website"},"primaryImageOfPage":{"@id":"https:\/\/www.plexus.es\/plexus-tech-congreso-nacional-inforsalud-2025\/#primaryimage"},"datePublished":"2025-04-04T13:40:22+00:00","dateModified":"2025-04-24T14:35:15+00:00","description":"Jos\u00e9 Manuel Chao, socio-director de Plexus Tech, estuvo presente en el foro de debate Inforsalud 2025 sobre la digitalizaci\u00f3n en la sanidad.","breadcrumb":{"@id":"https:\/\/www.plexus.es\/plexus-tech-congreso-nacional-inforsalud-2025\/#breadcrumb"},"inLanguage":"gl-ES","potentialAction":[{"@type":"ReadAction","target":["https:\/\/www.plexus.es\/plexus-tech-congreso-nacional-inforsalud-2025\/"]}]},{"@type":"BreadcrumbList","@id":"https:\/\/www.plexus.es\/plexus-tech-congreso-nacional-inforsalud-2025\/#breadcrumb","itemListElement":[{"@type":"ListItem","position":1,"name":"Home","item":"https:\/\/www.plexus.es\/"},{"@type":"ListItem","position":2,"name":"Participamos en el XXVIII Congreso Nacional de Inforsalud 2025 en Madrid"}]},{"@type":"Article","@id":"https:\/\/www.plexus.es\/plexus-tech-congreso-nacional-inforsalud-2025\/#article","isPartOf":{"@id":"https:\/\/www.plexus.es\/plexus-tech-congreso-nacional-inforsalud-2025\/#webpage"},"author":{"@id":"https:\/\/www.plexus.es\/#\/schema\/person\/8f02d5ce6d7b659fa68b0e90317c5171"},"headline":"Participamos en el XXVIII Congreso Nacional de Inforsalud 2025 en Madrid","datePublished":"2025-04-04T13:40:22+00:00","dateModified":"2025-04-24T14:35:15+00:00","mainEntityOfPage":{"@id":"https:\/\/www.plexus.es\/plexus-tech-congreso-nacional-inforsalud-2025\/#webpage"},"wordCount":2360,"commentCount":0,"publisher":{"@id":"https:\/\/www.plexus.es\/#organization"},"image":{"@id":"https:\/\/www.plexus.es\/plexus-tech-congreso-nacional-inforsalud-2025\/#primaryimage"},"thumbnailUrl":"https:\/\/www.plexus.es\/wp-content\/uploads\/2025\/04\/Participamos-en-el-XXVIII-Congreso-Nacional-de-Inforsalud-2025.png","articleSection":["Eventos","Tech&amp;Innovaci\u00f3n"],"inLanguage":"gl-ES","potentialAction":[{"@type":"CommentAction","name":"Comment","target":["https:\/\/www.plexus.es\/plexus-tech-congreso-nacional-inforsalud-2025\/#respond"]}]},{"@type":"Person","@id":"https:\/\/www.plexus.es\/#\/schema\/person\/8f02d5ce6d7b659fa68b0e90317c5171","name":"admin_plexus","image":{"@type":"ImageObject","@id":"https:\/\/www.plexus.es\/#personlogo","inLanguage":"gl-ES","url":"https:\/\/secure.gravatar.com\/avatar\/c1d7caf9a4063a74393abcf91991e9cd?s=96&d=mm&r=g","contentUrl":"https:\/\/secure.gravatar.com\/avatar\/c1d7caf9a4063a74393abcf91991e9cd?s=96&d=mm&r=g","caption":"admin_plexus"},"sameAs":["https:\/\/www.plexus.es"]}]}},"_links":{"self":[{"href":"https:\/\/www.plexus.es\/gl\/wp-json\/wp\/v2\/posts\/47037"}],"collection":[{"href":"https:\/\/www.plexus.es\/gl\/wp-json\/wp\/v2\/posts"}],"about":[{"href":"https:\/\/www.plexus.es\/gl\/wp-json\/wp\/v2\/types\/post"}],"author":[{"embeddable":true,"href":"https:\/\/www.plexus.es\/gl\/wp-json\/wp\/v2\/users\/1"}],"replies":[{"embeddable":true,"href":"https:\/\/www.plexus.es\/gl\/wp-json\/wp\/v2\/comments?post=47037"}],"version-history":[{"count":7,"href":"https:\/\/www.plexus.es\/gl\/wp-json\/wp\/v2\/posts\/47037\/revisions"}],"predecessor-version":[{"id":47069,"href":"https:\/\/www.plexus.es\/gl\/wp-json\/wp\/v2\/posts\/47037\/revisions\/47069"}],"wp:featuredmedia":[{"embeddable":true,"href":"https:\/\/www.plexus.es\/gl\/wp-json\/wp\/v2\/media\/47058"}],"wp:attachment":[{"href":"https:\/\/www.plexus.es\/gl\/wp-json\/wp\/v2\/media?parent=47037"}],"wp:term":[{"taxonomy":"category","embeddable":true,"href":"https:\/\/www.plexus.es\/gl\/wp-json\/wp\/v2\/categories?post=47037"},{"taxonomy":"post_tag","embeddable":true,"href":"https:\/\/www.plexus.es\/gl\/wp-json\/wp\/v2\/tags?post=47037"}],"curies":[{"name":"wp","href":"https:\/\/api.w.org\/{rel}","templated":true}]}}