{"id":48676,"date":"2025-07-18T13:11:37","date_gmt":"2025-07-18T11:11:37","guid":{"rendered":"https:\/\/www.plexus.es\/?p=48676"},"modified":"2025-07-18T13:12:40","modified_gmt":"2025-07-18T11:12:40","slug":"curso-verano-catedra-usc-plexus-camelia","status":"publish","type":"post","link":"https:\/\/www.plexus.es\/gl\/curso-verano-catedra-usc-plexus-camelia\/","title":{"rendered":"Participamos en el Curso de Verano de la Cat\u00e9dra USC-Plexus Camelia sobre IA y MPP"},"content":{"rendered":"<div class=\"fusion-fullwidth fullwidth-box fusion-builder-row-1 fusion-flex-container container-detail-news plexus_css nonhundred-percent-fullwidth non-hundred-percent-height-scrolling\" style=\"background-color: rgba(255,255,255,0);background-position: center center;background-repeat: no-repeat;border-width: 0px 0px 0px 0px;border-color:#e8ebef;border-style:solid;\" ><div class=\"fusion-builder-row fusion-row fusion-flex-align-items-flex-start\" style=\"max-width:1310.4px;margin-left: calc(-4% \/ 2 );margin-right: calc(-4% \/ 2 );\"><div class=\"fusion-layout-column fusion_builder_column fusion-builder-column-0 fusion_builder_column_1_1 1_1 fusion-flex-column fusion-flex-align-self-stretch\"><div class=\"fusion-column-wrapper fusion-flex-justify-content-center fusion-content-layout-column\" style=\"background-position:left top;background-repeat:no-repeat;-webkit-background-size:cover;-moz-background-size:cover;-o-background-size:cover;background-size:cover;padding: 0px 0px 0px 0px;\"><div style=\"text-align:center;\"><span class=\" fusion-imageframe imageframe-none imageframe-1 hover-type-none\" style=\"border-radius:12px;margin-top:0px;margin-right:0px;margin-bottom:0px;margin-left:0px;\"><a class=\"fusion-no-lightbox\" href=\"https:\/\/www.linkedin.com\/posts\/plexus-tech_goodnews-gemelosdigitales-platgdia-activity-7146514515004735488-uBrB?utm_source=share&amp;utm_medium=member_desktop\" target=\"_self\" aria-label=\"Curso Verano Camelia\"><img width=\"300\" height=\"190\" alt=\"En primeiro plano, Jos\u00e9 Manuel Chao Ardao, socio director de Plexus Tech, \" src=\"https:\/\/www.plexus.es\/wp-content\/uploads\/2025\/07\/Curso-Verano-Camelia.png\" data-orig-src=\"https:\/\/www.plexus.es\/wp-content\/uploads\/2025\/07\/Curso-Verano-Camelia-300x190.png\" class=\"lazyload img-responsive wp-image-48681\" srcset=\"data:image\/svg+xml,%3Csvg%20xmlns%3D%27http%3A%2F%2Fwww.w3.org%2F2000%2Fsvg%27%20width%3D%27949%27%20height%3D%27601%27%20viewBox%3D%270%200%20949%20601%27%3E%3Crect%20width%3D%27949%27%20height%3D%27601%27%20fill-opacity%3D%220%22%2F%3E%3C%2Fsvg%3E\" data-srcset=\"https:\/\/www.plexus.es\/wp-content\/uploads\/2025\/07\/Curso-Verano-Camelia-200x127.png 200w, https:\/\/www.plexus.es\/wp-content\/uploads\/2025\/07\/Curso-Verano-Camelia-400x253.png 400w, https:\/\/www.plexus.es\/wp-content\/uploads\/2025\/07\/Curso-Verano-Camelia-600x380.png 600w, https:\/\/www.plexus.es\/wp-content\/uploads\/2025\/07\/Curso-Verano-Camelia-800x507.png 800w, https:\/\/www.plexus.es\/wp-content\/uploads\/2025\/07\/Curso-Verano-Camelia.png 949w\" data-sizes=\"auto\" data-orig-sizes=\"(max-width: 640px) 100vw, 300px\" \/><\/a><\/span><\/div><\/div><style type=\"text\/css\">.fusion-body .fusion-builder-column-0{width:100% !important;margin-top : 0px;margin-bottom : 0px;}.fusion-builder-column-0 > .fusion-column-wrapper {padding-top : 0 !important;padding-right : 0px !important;margin-right : 1.92%;padding-bottom : 0 !important;padding-left : 0px !important;margin-left : 1.92%;}@media only screen and (max-width:1200px) {.fusion-body .fusion-builder-column-0{width:100% !important;order : 0;}.fusion-builder-column-0 > .fusion-column-wrapper {margin-right : 1.92%;margin-left : 1.92%;}}@media only screen and (max-width:640px) {.fusion-body .fusion-builder-column-0{width:100% !important;order : 0;}.fusion-builder-column-0 > .fusion-column-wrapper {margin-right : 1.92%;margin-left : 1.92%;}}<\/style><\/div><div class=\"fusion-layout-column fusion_builder_column fusion-builder-column-1 fusion_builder_column_1_1 1_1 fusion-flex-column\"><div class=\"fusion-column-wrapper fusion-flex-justify-content-flex-start fusion-content-layout-column\" style=\"background-position:left top;background-repeat:no-repeat;-webkit-background-size:cover;-moz-background-size:cover;-o-background-size:cover;background-size:cover;padding: 0px 0px 0px 0px;\"><div class=\"fusion-text fusion-text-1\"><h2>Lola Traba, Brais Casti\u00f1eiras y Jos\u00e9 Manuel Chao formaron parte del elenco de expertos de la formaci\u00f3n de la C\u00e1tedra USC-Plexus \u201cIA y Medicina Personalizada y de Precisi\u00f3n: la medicina con nombre y apellidos\u201d.<\/h2>\n<p>Dentro del <a href=\"https:\/\/www.plexus.es\/servicios\/i-d-i\/\" target=\"_blank\" rel=\"noopener\"><strong>compromiso con la innovaci\u00f3n y la salud<\/strong><\/a>, Plexus Tech particip\u00f3 en el Curso de Verano de la USC \u201cInteligencia artificial y medicina personalizada y de precisi\u00f3n: la medicina con nombre y apellidos\u201d, una formaci\u00f3n promovida por la <strong>C\u00e1tedra USC-Plexus<\/strong> en <a href=\"https:\/\/camelia.usc.gal\/\" target=\"_blank\" rel=\"noopener\">Inteligencia Artificial aplicada a la Medicina Personalizada de Precisi\u00f3n (Camelia)<\/a>.<\/p>\n<p>Durante tres jornadas, <strong>m\u00e1s de 30 expertos en IA<\/strong>, gen\u00f3mica o salud digital, ofrecieron su visi\u00f3n sobre el presente y el futuro de la IA en el \u00e1mbito sanitario. En ellas se abordando \u00e1reas claves como:<\/p>\n<ul>\n<li>Desarrollo de modelos predictivos.<\/li>\n<li>Dise\u00f1o de terapias personalizadas.<\/li>\n<li>Bioinform\u00e1tica.<\/li>\n<li>Medicina gen\u00f3mica.<\/li>\n<li>Aspectos legales del uso de datos en salud.<\/li>\n<\/ul>\n<p>En esta l\u00ednea, los asistentes al curso pudieron conocer m\u00e1s detalladamente los <strong>retos que ofrece esta herramienta de innovaci\u00f3n. <\/strong>Todo ello se abord\u00f3 <strong>desde un enfoque multidisciplinar<\/strong>, que incluye desde la investigaci\u00f3n hasta su aplicaci\u00f3n cl\u00ednica, \u00e9tica y social.<\/p>\n<h3>Un elenco de expertos de referencia nacional en IA.<\/h3>\n<p>En representaci\u00f3n de Plexus Tech, entre los <strong>ponentes<\/strong> que participaron en las sesiones realizadas en la ETSE y la Facultad de Matem\u00e1ticas, estuvieron:<\/p>\n<ul>\n<li><strong>Lola Traba<\/strong>, directora del \u00e1rea de desarrollo de Sanidad.<\/li>\n<li><strong>Brais Casti\u00f1eiras<\/strong>, ingeniero inform\u00e1tico.<\/li>\n<li><strong>Jos\u00e9 Manuel Chao<\/strong>, socio-director de Plexus y codirector de Camelia.<\/li>\n<\/ul>\n<p>Asimismo, tambi\u00e9n estuvieron relatores de reconocido prestigio como Sen\u00e9n Barro, Mar\u00eda Jos\u00e9 Carreira, Anxo Carracedo o Alberto J. Bugar\u00edn.<\/p>\n<p>En este sentido, nuestros expertos <strong>participaron en sesiones sobre aprendizaje autom\u00e1tico<\/strong>, desarrollo sanitario basado en IA y casos pr\u00e1cticos en proyectos reales, alineados con los retos actuales del sector salud.<\/p>\n<p>De este modo, el curso gener\u00f3 un espacio de<strong> intercambio de conocimiento y de experiencias \u00fanico.<\/strong> As\u00ed, se explor\u00f3 c\u00f3mo la inteligencia artificial est\u00e1 revolucionando el ecosistema sanitario.<\/p>\n<p>Por \u00faltimo, cabe destacar que esta iniciativa formativa <strong>se encuadra dentro de la C\u00e1tedra USC-Plexus Camelia<\/strong>, en el marco de las C\u00e1tedras ENIA del Ministerio para la Transformaci\u00f3n Digital y de la Funci\u00f3n P\u00fablica. Estas cuentan con el financiamiento de la Secretar\u00eda de Estado de Digitalizaci\u00f3n e Inteligencia Artificial y de la Uni\u00f3n Europea &#8211; Next Generation EU, dentro del Plan de Recuperaci\u00f3n, Transformaci\u00f3n y Resiliencia.<\/p>\n<\/div><\/div><style type=\"text\/css\">.fusion-body .fusion-builder-column-1{width:100% !important;margin-top : 20px;margin-bottom : 20px;}.fusion-builder-column-1 > .fusion-column-wrapper {padding-top : 0px !important;padding-right : 0px !important;margin-right : 1.92%;padding-bottom : 0px !important;padding-left : 0px !important;margin-left : 1.92%;}@media only screen and (max-width:1200px) {.fusion-body .fusion-builder-column-1{width:100% !important;order : 0;}.fusion-builder-column-1 > .fusion-column-wrapper {margin-right : 1.92%;margin-left : 1.92%;}}@media only screen and (max-width:640px) {.fusion-body .fusion-builder-column-1{width:100% !important;order : 0;}.fusion-builder-column-1 > .fusion-column-wrapper {margin-right : 1.92%;margin-left : 1.92%;}}<\/style><\/div><\/div><style type=\"text\/css\">.fusion-body .fusion-flex-container.fusion-builder-row-1{ padding-top : 0px;margin-top : 0;padding-right : 0px;padding-bottom : 0px;margin-bottom : 0;padding-left : 0px;}<\/style><\/div>\n","protected":false},"excerpt":{"rendered":"<p>Lola Traba, Brais Casti\u00f1eiras y Jos\u00e9 Manuel Chao formaron parte del elenco de expertos de la formaci\u00f3n de la C\u00e1tedra USC-Plexus.<\/p>\n","protected":false},"author":1,"featured_media":48679,"comment_status":"open","ping_status":"open","sticky":false,"template":"","format":"standard","meta":[],"categories":[107,42,105],"tags":[],"yoast_head":"<!-- This site is optimized with the Yoast SEO plugin v17.4 - https:\/\/yoast.com\/wordpress\/plugins\/seo\/ -->\n<title>Participamos en el Curso de Verano de la Cat\u00e9dra USC-Plexus Camelia<\/title>\n<meta name=\"description\" content=\"Lola Traba, Brais Casti\u00f1eiras y Jos\u00e9 Manuel Chao, de Plexus, formaron parte del elenco de expertos de la formaci\u00f3n de la C\u00e1tedra USC-Plexus.\" \/>\n<meta name=\"robots\" content=\"index, follow, max-snippet:-1, max-image-preview:large, max-video-preview:-1\" \/>\n<link rel=\"canonical\" href=\"https:\/\/www.plexus.es\/curso-verano-catedra-usc-plexus-camelia\/\" \/>\n<meta property=\"og:locale\" content=\"gl_ES\" \/>\n<meta property=\"og:type\" content=\"article\" \/>\n<meta property=\"og:title\" content=\"Participamos en el Curso de Verano de la Cat\u00e9dra USC-Plexus Camelia\" \/>\n<meta property=\"og:description\" content=\"Lola Traba, Brais Casti\u00f1eiras y Jos\u00e9 Manuel Chao, de Plexus, formaron parte del elenco de expertos de la formaci\u00f3n de la C\u00e1tedra USC-Plexus.\" \/>\n<meta property=\"og:url\" content=\"https:\/\/www.plexus.es\/curso-verano-catedra-usc-plexus-camelia\/\" \/>\n<meta property=\"og:site_name\" content=\"Plexus Tech\" \/>\n<meta property=\"article:publisher\" content=\"https:\/\/www.facebook.com\/Plexus.Techno\" \/>\n<meta property=\"article:published_time\" content=\"2025-07-18T11:11:37+00:00\" \/>\n<meta property=\"article:modified_time\" content=\"2025-07-18T11:12:40+00:00\" \/>\n<meta property=\"og:image\" content=\"https:\/\/www.plexus.es\/wp-content\/uploads\/2025\/07\/Curso-Verano-Camelia.png\" \/>\n\t<meta property=\"og:image:width\" content=\"949\" \/>\n\t<meta property=\"og:image:height\" content=\"601\" \/>\n<meta name=\"twitter:card\" content=\"summary_large_image\" \/>\n<meta name=\"twitter:creator\" content=\"@plexustech_\" \/>\n<meta name=\"twitter:site\" content=\"@plexustech_\" \/>\n<meta name=\"twitter:label1\" content=\"Escrito por\" \/>\n\t<meta name=\"twitter:data1\" content=\"admin_plexus\" \/>\n\t<meta name=\"twitter:label2\" content=\"Tempo de lectura\" \/>\n\t<meta name=\"twitter:data2\" content=\"3 minutos\" \/>\n<script type=\"application\/ld+json\" class=\"yoast-schema-graph\">{\"@context\":\"https:\/\/schema.org\",\"@graph\":[{\"@type\":\"Organization\",\"@id\":\"https:\/\/www.plexus.es\/#organization\",\"name\":\"Plexus Tech\",\"url\":\"https:\/\/www.plexus.es\/\",\"sameAs\":[\"https:\/\/www.facebook.com\/Plexus.Techno\",\"https:\/\/www.instagram.com\/plexus.tech\/\",\"https:\/\/www.linkedin.com\/company\/plexus-tech\/mycompany\/\",\"https:\/\/www.youtube.com\/user\/tecnologiasplexus\",\"https:\/\/twitter.com\/plexustech_\"],\"logo\":{\"@type\":\"ImageObject\",\"@id\":\"https:\/\/www.plexus.es\/#logo\",\"inLanguage\":\"gl-ES\",\"url\":\"https:\/\/www.plexus.es\/wp-content\/uploads\/2021\/11\/logo-plexus-2021.png\",\"contentUrl\":\"https:\/\/www.plexus.es\/wp-content\/uploads\/2021\/11\/logo-plexus-2021.png\",\"width\":600,\"height\":600,\"caption\":\"Plexus Tech\"},\"image\":{\"@id\":\"https:\/\/www.plexus.es\/#logo\"}},{\"@type\":\"WebSite\",\"@id\":\"https:\/\/www.plexus.es\/#website\",\"url\":\"https:\/\/www.plexus.es\/\",\"name\":\"Plexus Tech\",\"description\":\"Tecnolog\\u00eda con Alma\",\"publisher\":{\"@id\":\"https:\/\/www.plexus.es\/#organization\"},\"potentialAction\":[{\"@type\":\"SearchAction\",\"target\":{\"@type\":\"EntryPoint\",\"urlTemplate\":\"https:\/\/www.plexus.es\/?s={search_term_string}\"},\"query-input\":\"required name=search_term_string\"}],\"inLanguage\":\"gl-ES\"},{\"@type\":\"ImageObject\",\"@id\":\"https:\/\/www.plexus.es\/curso-verano-catedra-usc-plexus-camelia\/#primaryimage\",\"inLanguage\":\"gl-ES\",\"url\":\"https:\/\/www.plexus.es\/wp-content\/uploads\/2025\/07\/Curso-Verano-Camelia.png\",\"contentUrl\":\"https:\/\/www.plexus.es\/wp-content\/uploads\/2025\/07\/Curso-Verano-Camelia.png\",\"width\":949,\"height\":601,\"caption\":\"En primeiro plano, Jos\\u00e9 Manuel Chao Ardao, socio director de Plexus Tech, en el Curso de Verano de la C\\u00e1tedra USC-Plexus sobre IA y Medicina Personalizada de Precisi\\u00f3n.\"},{\"@type\":\"WebPage\",\"@id\":\"https:\/\/www.plexus.es\/curso-verano-catedra-usc-plexus-camelia\/#webpage\",\"url\":\"https:\/\/www.plexus.es\/curso-verano-catedra-usc-plexus-camelia\/\",\"name\":\"Participamos en el Curso de Verano de la Cat\\u00e9dra USC-Plexus Camelia\",\"isPartOf\":{\"@id\":\"https:\/\/www.plexus.es\/#website\"},\"primaryImageOfPage\":{\"@id\":\"https:\/\/www.plexus.es\/curso-verano-catedra-usc-plexus-camelia\/#primaryimage\"},\"datePublished\":\"2025-07-18T11:11:37+00:00\",\"dateModified\":\"2025-07-18T11:12:40+00:00\",\"description\":\"Lola Traba, Brais Casti\\u00f1eiras y Jos\\u00e9 Manuel Chao, de Plexus, formaron parte del elenco de expertos de la formaci\\u00f3n de la C\\u00e1tedra USC-Plexus.\",\"breadcrumb\":{\"@id\":\"https:\/\/www.plexus.es\/curso-verano-catedra-usc-plexus-camelia\/#breadcrumb\"},\"inLanguage\":\"gl-ES\",\"potentialAction\":[{\"@type\":\"ReadAction\",\"target\":[\"https:\/\/www.plexus.es\/curso-verano-catedra-usc-plexus-camelia\/\"]}]},{\"@type\":\"BreadcrumbList\",\"@id\":\"https:\/\/www.plexus.es\/curso-verano-catedra-usc-plexus-camelia\/#breadcrumb\",\"itemListElement\":[{\"@type\":\"ListItem\",\"position\":1,\"name\":\"Home\",\"item\":\"https:\/\/www.plexus.es\/\"},{\"@type\":\"ListItem\",\"position\":2,\"name\":\"Participamos en el Curso de Verano de la Cat\\u00e9dra USC-Plexus Camelia sobre IA y MPP\"}]},{\"@type\":\"Article\",\"@id\":\"https:\/\/www.plexus.es\/curso-verano-catedra-usc-plexus-camelia\/#article\",\"isPartOf\":{\"@id\":\"https:\/\/www.plexus.es\/curso-verano-catedra-usc-plexus-camelia\/#webpage\"},\"author\":{\"@id\":\"https:\/\/www.plexus.es\/#\/schema\/person\/8f02d5ce6d7b659fa68b0e90317c5171\"},\"headline\":\"Participamos en el Curso de Verano de la Cat\\u00e9dra USC-Plexus Camelia sobre IA y MPP\",\"datePublished\":\"2025-07-18T11:11:37+00:00\",\"dateModified\":\"2025-07-18T11:12:40+00:00\",\"mainEntityOfPage\":{\"@id\":\"https:\/\/www.plexus.es\/curso-verano-catedra-usc-plexus-camelia\/#webpage\"},\"wordCount\":1517,\"commentCount\":0,\"publisher\":{\"@id\":\"https:\/\/www.plexus.es\/#organization\"},\"image\":{\"@id\":\"https:\/\/www.plexus.es\/curso-verano-catedra-usc-plexus-camelia\/#primaryimage\"},\"thumbnailUrl\":\"https:\/\/www.plexus.es\/wp-content\/uploads\/2025\/07\/Curso-Verano-Camelia.png\",\"articleSection\":[\"Eventos\",\"Sanidad\",\"Tech&amp;Innovaci\\u00f3n\"],\"inLanguage\":\"gl-ES\",\"potentialAction\":[{\"@type\":\"CommentAction\",\"name\":\"Comment\",\"target\":[\"https:\/\/www.plexus.es\/curso-verano-catedra-usc-plexus-camelia\/#respond\"]}]},{\"@type\":\"Person\",\"@id\":\"https:\/\/www.plexus.es\/#\/schema\/person\/8f02d5ce6d7b659fa68b0e90317c5171\",\"name\":\"admin_plexus\",\"image\":{\"@type\":\"ImageObject\",\"@id\":\"https:\/\/www.plexus.es\/#personlogo\",\"inLanguage\":\"gl-ES\",\"url\":\"https:\/\/secure.gravatar.com\/avatar\/c1d7caf9a4063a74393abcf91991e9cd?s=96&d=mm&r=g\",\"contentUrl\":\"https:\/\/secure.gravatar.com\/avatar\/c1d7caf9a4063a74393abcf91991e9cd?s=96&d=mm&r=g\",\"caption\":\"admin_plexus\"},\"sameAs\":[\"https:\/\/www.plexus.es\"]}]}<\/script>\n<!-- \/ Yoast SEO plugin. -->","yoast_head_json":{"title":"Participamos en el Curso de Verano de la Cat\u00e9dra USC-Plexus Camelia","description":"Lola Traba, Brais Casti\u00f1eiras y Jos\u00e9 Manuel Chao, de Plexus, formaron parte del elenco de expertos de la formaci\u00f3n de la C\u00e1tedra USC-Plexus.","robots":{"index":"index","follow":"follow","max-snippet":"max-snippet:-1","max-image-preview":"max-image-preview:large","max-video-preview":"max-video-preview:-1"},"canonical":"https:\/\/www.plexus.es\/curso-verano-catedra-usc-plexus-camelia\/","og_locale":"gl_ES","og_type":"article","og_title":"Participamos en el Curso de Verano de la Cat\u00e9dra USC-Plexus Camelia","og_description":"Lola Traba, Brais Casti\u00f1eiras y Jos\u00e9 Manuel Chao, de Plexus, formaron parte del elenco de expertos de la formaci\u00f3n de la C\u00e1tedra USC-Plexus.","og_url":"https:\/\/www.plexus.es\/curso-verano-catedra-usc-plexus-camelia\/","og_site_name":"Plexus Tech","article_publisher":"https:\/\/www.facebook.com\/Plexus.Techno","article_published_time":"2025-07-18T11:11:37+00:00","article_modified_time":"2025-07-18T11:12:40+00:00","og_image":[{"width":949,"height":601,"url":"https:\/\/www.plexus.es\/wp-content\/uploads\/2025\/07\/Curso-Verano-Camelia.png","type":"image\/png"}],"twitter_card":"summary_large_image","twitter_creator":"@plexustech_","twitter_site":"@plexustech_","twitter_misc":{"Escrito por":"admin_plexus","Tempo de lectura":"3 minutos"},"schema":{"@context":"https:\/\/schema.org","@graph":[{"@type":"Organization","@id":"https:\/\/www.plexus.es\/#organization","name":"Plexus Tech","url":"https:\/\/www.plexus.es\/","sameAs":["https:\/\/www.facebook.com\/Plexus.Techno","https:\/\/www.instagram.com\/plexus.tech\/","https:\/\/www.linkedin.com\/company\/plexus-tech\/mycompany\/","https:\/\/www.youtube.com\/user\/tecnologiasplexus","https:\/\/twitter.com\/plexustech_"],"logo":{"@type":"ImageObject","@id":"https:\/\/www.plexus.es\/#logo","inLanguage":"gl-ES","url":"https:\/\/www.plexus.es\/wp-content\/uploads\/2021\/11\/logo-plexus-2021.png","contentUrl":"https:\/\/www.plexus.es\/wp-content\/uploads\/2021\/11\/logo-plexus-2021.png","width":600,"height":600,"caption":"Plexus Tech"},"image":{"@id":"https:\/\/www.plexus.es\/#logo"}},{"@type":"WebSite","@id":"https:\/\/www.plexus.es\/#website","url":"https:\/\/www.plexus.es\/","name":"Plexus Tech","description":"Tecnolog\u00eda con Alma","publisher":{"@id":"https:\/\/www.plexus.es\/#organization"},"potentialAction":[{"@type":"SearchAction","target":{"@type":"EntryPoint","urlTemplate":"https:\/\/www.plexus.es\/?s={search_term_string}"},"query-input":"required name=search_term_string"}],"inLanguage":"gl-ES"},{"@type":"ImageObject","@id":"https:\/\/www.plexus.es\/curso-verano-catedra-usc-plexus-camelia\/#primaryimage","inLanguage":"gl-ES","url":"https:\/\/www.plexus.es\/wp-content\/uploads\/2025\/07\/Curso-Verano-Camelia.png","contentUrl":"https:\/\/www.plexus.es\/wp-content\/uploads\/2025\/07\/Curso-Verano-Camelia.png","width":949,"height":601,"caption":"En primeiro plano, Jos\u00e9 Manuel Chao Ardao, socio director de Plexus Tech, en el Curso de Verano de la C\u00e1tedra USC-Plexus sobre IA y Medicina Personalizada de Precisi\u00f3n."},{"@type":"WebPage","@id":"https:\/\/www.plexus.es\/curso-verano-catedra-usc-plexus-camelia\/#webpage","url":"https:\/\/www.plexus.es\/curso-verano-catedra-usc-plexus-camelia\/","name":"Participamos en el Curso de Verano de la Cat\u00e9dra USC-Plexus Camelia","isPartOf":{"@id":"https:\/\/www.plexus.es\/#website"},"primaryImageOfPage":{"@id":"https:\/\/www.plexus.es\/curso-verano-catedra-usc-plexus-camelia\/#primaryimage"},"datePublished":"2025-07-18T11:11:37+00:00","dateModified":"2025-07-18T11:12:40+00:00","description":"Lola Traba, Brais Casti\u00f1eiras y Jos\u00e9 Manuel Chao, de Plexus, formaron parte del elenco de expertos de la formaci\u00f3n de la C\u00e1tedra USC-Plexus.","breadcrumb":{"@id":"https:\/\/www.plexus.es\/curso-verano-catedra-usc-plexus-camelia\/#breadcrumb"},"inLanguage":"gl-ES","potentialAction":[{"@type":"ReadAction","target":["https:\/\/www.plexus.es\/curso-verano-catedra-usc-plexus-camelia\/"]}]},{"@type":"BreadcrumbList","@id":"https:\/\/www.plexus.es\/curso-verano-catedra-usc-plexus-camelia\/#breadcrumb","itemListElement":[{"@type":"ListItem","position":1,"name":"Home","item":"https:\/\/www.plexus.es\/"},{"@type":"ListItem","position":2,"name":"Participamos en el Curso de Verano de la Cat\u00e9dra USC-Plexus Camelia sobre IA y MPP"}]},{"@type":"Article","@id":"https:\/\/www.plexus.es\/curso-verano-catedra-usc-plexus-camelia\/#article","isPartOf":{"@id":"https:\/\/www.plexus.es\/curso-verano-catedra-usc-plexus-camelia\/#webpage"},"author":{"@id":"https:\/\/www.plexus.es\/#\/schema\/person\/8f02d5ce6d7b659fa68b0e90317c5171"},"headline":"Participamos en el Curso de Verano de la Cat\u00e9dra USC-Plexus Camelia sobre IA y MPP","datePublished":"2025-07-18T11:11:37+00:00","dateModified":"2025-07-18T11:12:40+00:00","mainEntityOfPage":{"@id":"https:\/\/www.plexus.es\/curso-verano-catedra-usc-plexus-camelia\/#webpage"},"wordCount":1517,"commentCount":0,"publisher":{"@id":"https:\/\/www.plexus.es\/#organization"},"image":{"@id":"https:\/\/www.plexus.es\/curso-verano-catedra-usc-plexus-camelia\/#primaryimage"},"thumbnailUrl":"https:\/\/www.plexus.es\/wp-content\/uploads\/2025\/07\/Curso-Verano-Camelia.png","articleSection":["Eventos","Sanidad","Tech&amp;Innovaci\u00f3n"],"inLanguage":"gl-ES","potentialAction":[{"@type":"CommentAction","name":"Comment","target":["https:\/\/www.plexus.es\/curso-verano-catedra-usc-plexus-camelia\/#respond"]}]},{"@type":"Person","@id":"https:\/\/www.plexus.es\/#\/schema\/person\/8f02d5ce6d7b659fa68b0e90317c5171","name":"admin_plexus","image":{"@type":"ImageObject","@id":"https:\/\/www.plexus.es\/#personlogo","inLanguage":"gl-ES","url":"https:\/\/secure.gravatar.com\/avatar\/c1d7caf9a4063a74393abcf91991e9cd?s=96&d=mm&r=g","contentUrl":"https:\/\/secure.gravatar.com\/avatar\/c1d7caf9a4063a74393abcf91991e9cd?s=96&d=mm&r=g","caption":"admin_plexus"},"sameAs":["https:\/\/www.plexus.es"]}]}},"_links":{"self":[{"href":"https:\/\/www.plexus.es\/gl\/wp-json\/wp\/v2\/posts\/48676"}],"collection":[{"href":"https:\/\/www.plexus.es\/gl\/wp-json\/wp\/v2\/posts"}],"about":[{"href":"https:\/\/www.plexus.es\/gl\/wp-json\/wp\/v2\/types\/post"}],"author":[{"embeddable":true,"href":"https:\/\/www.plexus.es\/gl\/wp-json\/wp\/v2\/users\/1"}],"replies":[{"embeddable":true,"href":"https:\/\/www.plexus.es\/gl\/wp-json\/wp\/v2\/comments?post=48676"}],"version-history":[{"count":2,"href":"https:\/\/www.plexus.es\/gl\/wp-json\/wp\/v2\/posts\/48676\/revisions"}],"predecessor-version":[{"id":48686,"href":"https:\/\/www.plexus.es\/gl\/wp-json\/wp\/v2\/posts\/48676\/revisions\/48686"}],"wp:featuredmedia":[{"embeddable":true,"href":"https:\/\/www.plexus.es\/gl\/wp-json\/wp\/v2\/media\/48679"}],"wp:attachment":[{"href":"https:\/\/www.plexus.es\/gl\/wp-json\/wp\/v2\/media?parent=48676"}],"wp:term":[{"taxonomy":"category","embeddable":true,"href":"https:\/\/www.plexus.es\/gl\/wp-json\/wp\/v2\/categories?post=48676"},{"taxonomy":"post_tag","embeddable":true,"href":"https:\/\/www.plexus.es\/gl\/wp-json\/wp\/v2\/tags?post=48676"}],"curies":[{"name":"wp","href":"https:\/\/api.w.org\/{rel}","templated":true}]}}