{"id":48768,"date":"2025-08-12T14:39:47","date_gmt":"2025-08-12T12:39:47","guid":{"rendered":"https:\/\/www.plexus.es\/?p=48768"},"modified":"2025-08-13T13:27:52","modified_gmt":"2025-08-13T11:27:52","slug":"plexus-tech-integra-talento-tecnologica-bi4all-by-plexus","status":"publish","type":"post","link":"https:\/\/www.plexus.es\/gl\/plexus-tech-integra-talento-tecnologica-bi4all-by-plexus\/","title":{"rendered":"Seguimos integrando talento con la incorporaci\u00f3n de la tecnol\u00f3gica lusa Bi4ALL"},"content":{"rendered":"<div class=\"fusion-fullwidth fullwidth-box fusion-builder-row-1 fusion-flex-container container-detail-news plexus_css nonhundred-percent-fullwidth non-hundred-percent-height-scrolling\" style=\"background-color: rgba(255,255,255,0);background-position: center center;background-repeat: no-repeat;border-width: 0px 0px 0px 0px;border-color:#e8ebef;border-style:solid;\" ><div class=\"fusion-builder-row fusion-row fusion-flex-align-items-flex-start\" style=\"max-width:1310.4px;margin-left: calc(-4% \/ 2 );margin-right: calc(-4% \/ 2 );\"><div class=\"fusion-layout-column fusion_builder_column fusion-builder-column-0 fusion_builder_column_1_1 1_1 fusion-flex-column fusion-flex-align-self-stretch\"><div class=\"fusion-column-wrapper fusion-flex-justify-content-center fusion-content-layout-column\" style=\"background-position:left top;background-repeat:no-repeat;-webkit-background-size:cover;-moz-background-size:cover;-o-background-size:cover;background-size:cover;padding: 0px 0px 0px 0px;\"><div style=\"text-align:center;\"><span class=\" fusion-imageframe imageframe-none imageframe-1 hover-type-none\" style=\"border-radius:12px;margin-top:0px;margin-right:0px;margin-bottom:0px;margin-left:0px;\"><a class=\"fusion-no-lightbox\" href=\"https:\/\/www.linkedin.com\/posts\/plexus-tech_goodnews-gemelosdigitales-platgdia-activity-7146514515004735488-uBrB?utm_source=share&amp;utm_medium=member_desktop\" target=\"_self\" aria-label=\"Cabecera-02 5\"><img width=\"300\" height=\"199\" alt=\"Antonio Agrasar, fundador y CEO de Plexus Tech, con Hugo Pinto y Andro Moreira, socios de Bi4ALL.\" src=\"https:\/\/www.plexus.es\/wp-content\/uploads\/2025\/08\/Cabecera-02-5.jpg\" data-orig-src=\"https:\/\/www.plexus.es\/wp-content\/uploads\/2025\/08\/Cabecera-02-5-300x199.jpg\" class=\"lazyload img-responsive wp-image-48794\" srcset=\"data:image\/svg+xml,%3Csvg%20xmlns%3D%27http%3A%2F%2Fwww.w3.org%2F2000%2Fsvg%27%20width%3D%27800%27%20height%3D%27531%27%20viewBox%3D%270%200%20800%20531%27%3E%3Crect%20width%3D%27800%27%20height%3D%27531%27%20fill-opacity%3D%220%22%2F%3E%3C%2Fsvg%3E\" data-srcset=\"https:\/\/www.plexus.es\/wp-content\/uploads\/2025\/08\/Cabecera-02-5-200x133.jpg 200w, https:\/\/www.plexus.es\/wp-content\/uploads\/2025\/08\/Cabecera-02-5-400x266.jpg 400w, https:\/\/www.plexus.es\/wp-content\/uploads\/2025\/08\/Cabecera-02-5-600x398.jpg 600w, https:\/\/www.plexus.es\/wp-content\/uploads\/2025\/08\/Cabecera-02-5.jpg 800w\" data-sizes=\"auto\" data-orig-sizes=\"(max-width: 640px) 100vw, 300px\" \/><\/a><\/span><\/div><\/div><style type=\"text\/css\">.fusion-body .fusion-builder-column-0{width:100% !important;margin-top : 0px;margin-bottom : 0px;}.fusion-builder-column-0 > .fusion-column-wrapper {padding-top : 0 !important;padding-right : 0px !important;margin-right : 1.92%;padding-bottom : 0 !important;padding-left : 0px !important;margin-left : 1.92%;}@media only screen and (max-width:1200px) {.fusion-body .fusion-builder-column-0{width:100% !important;order : 0;}.fusion-builder-column-0 > .fusion-column-wrapper {margin-right : 1.92%;margin-left : 1.92%;}}@media only screen and (max-width:640px) {.fusion-body .fusion-builder-column-0{width:100% !important;order : 0;}.fusion-builder-column-0 > .fusion-column-wrapper {margin-right : 1.92%;margin-left : 1.92%;}}<\/style><\/div><div class=\"fusion-layout-column fusion_builder_column fusion-builder-column-1 fusion_builder_column_1_1 1_1 fusion-flex-column\"><div class=\"fusion-column-wrapper fusion-flex-justify-content-flex-start fusion-content-layout-column\" style=\"background-position:left top;background-repeat:no-repeat;-webkit-background-size:cover;-moz-background-size:cover;-o-background-size:cover;background-size:cover;padding: 0px 0px 0px 0px;\"><div class=\"fusion-text fusion-text-1\"><ul>\n<li>\n<h2>Con Bi4ALL integramos una tecnol\u00f3gica hiperespecializada en Data e IA y a sus m\u00e1s de 370 profesionales, superando las 4600 personas en el Grupo Plexus.<\/h2>\n<\/li>\n<li>\n<h3>Este acuerdo \u201cgarantiza un proyecto de crecimiento sostenible a escala internacional\u201d gracias a que en las culturas de las dos compa\u00f1\u00edas convergen valores como la cercan\u00eda, la excelencia tecnol\u00f3gica y la capacidad de aportar soluciones \u00e1giles.<\/h3>\n<\/li>\n<\/ul>\n<p><strong>Seguimos impulsando nuestro crecimiento<\/strong>, sumando talento y multiplicando conocimiento, con <em><strong>Bi4ALL by Plexus<\/strong><\/em>. Nuestra apuesta como una de las principales compa\u00f1\u00edas tecnol\u00f3gicas independientes del pa\u00eds se refuerza con la incorporaci\u00f3n al Grupo Plexus de la <strong>tecnol\u00f3gica portuguesa hiperespecializada en <a href=\"https:\/\/www.plexus.es\/servicios\/data\/\" target=\"_blank\" rel=\"noopener\">Data<\/a> e <a href=\"https:\/\/www.plexus.es\/servicios\/ia\/\" target=\"_blank\" rel=\"noopener\">IA<\/a>.<\/strong><\/p>\n<p>Con sede en Lisboa y oficinas en Oporto, Bi4ALL cuenta con una <strong>amplia experiencia de m\u00e1s de 20 a\u00f1os<\/strong> en anal\u00edtica de datos. Y posterior foco en Inteligencia Artifical. La compa\u00f1\u00eda tiene <strong>370 profesionales muy especializados en tecnolog\u00edas de alto nivel<\/strong> y con su <em>expertise<\/em> reforzar\u00e1n estas \u00e1reas que ya ten\u00edamos en el Grupo.<\/p>\n<p>La hiperespecializaci\u00f3n est\u00e1 siendo uno de los retos a los que se enfrentan las principales compa\u00f1\u00edas tecnol\u00f3gicas. Y es por este motivo por el que hemos decidido <strong>seguir con nuestro crecimiento en el pa\u00eds luso<\/strong> integrando Bi4ALL.<\/p>\n<p>Adem\u00e1s, tambi\u00e9n <strong>reforzamos nuestra presencia internacional.<\/strong> En este sentido, la tecnol\u00f3gica brinda sus servicios en Portugal y, principalmente (m\u00e1s de un 80% de su negocio) en: USA, regi\u00f3n DACH (Alemania, Austria y Suiza) y el Benelux (Pa\u00edses Bajos, B\u00e9lgica y Luxemburgo).<\/p>\n<p>Con esta incorporaci\u00f3n a nuestro Grupo, seguimos apostando por <strong>crear un gran polo tecnol\u00f3gico en Portugal<\/strong>. En el pa\u00eds luso ya cont\u00e1bamos con cerca de dos centenares de profesionales y oficinas en Oporto y Lisboa desde 2024.<\/p>\n<p>La estrategia de esta integraci\u00f3n radica en \u201c<strong>alcanzar un crecimiento especializado<\/strong> de alto valor a\u00f1adido con el <em>expertise<\/em> y conocimiento de los m\u00e1s de 20 a\u00f1os de Bi4ALL en tecnolog\u00edas de IA y Data que reforzar\u00e1 nuestra estructura en estas \u00e1reas\u201d, afirma nuestro fundador y CEO, <strong>Antonio Agrasar<\/strong>.<\/p>\n<p>Por su parte, para Hugo Pinto y Andro Moreira, que se mantienen como socios de la compa\u00f1\u00eda lusa, que mantendr\u00e1 su identidad e idiosincrasia portuguesa, \u201c<strong>esta alianza representa un hito estrat\u00e9gico para BI4ALL<\/strong>. Al combinar nuestro talento y experiencia en an\u00e1lisis de datos e inteligencia artificial con la escala y el alcance internacional de Plexus Tech. Y creamos las condiciones para<strong> ofrecer soluciones a\u00fan m\u00e1s innovadoras y generar valor a\u00f1adido<\/strong> para nuestros clientes en todo el mundo\u201d, destacan.<\/p>\n<p>M\u00e1s informaci\u00f3n en <a href=\"https:\/\/bi4allconsulting.com\/en\/\" target=\"_blank\" rel=\"noopener\">https:\/\/bi4allconsulting.com\/en\/<\/a>.<\/p>\n<\/div><\/div><style type=\"text\/css\">.fusion-body .fusion-builder-column-1{width:100% !important;margin-top : 20px;margin-bottom : 20px;}.fusion-builder-column-1 > .fusion-column-wrapper {padding-top : 0px !important;padding-right : 0px !important;margin-right : 1.92%;padding-bottom : 0px !important;padding-left : 0px !important;margin-left : 1.92%;}@media only screen and (max-width:1200px) {.fusion-body .fusion-builder-column-1{width:100% !important;order : 0;}.fusion-builder-column-1 > .fusion-column-wrapper {margin-right : 1.92%;margin-left : 1.92%;}}@media only screen and (max-width:640px) {.fusion-body .fusion-builder-column-1{width:100% !important;order : 0;}.fusion-builder-column-1 > .fusion-column-wrapper {margin-right : 1.92%;margin-left : 1.92%;}}<\/style><\/div><div class=\"fusion-layout-column fusion_builder_column fusion-builder-column-2 fusion_builder_column_1_1 1_1 fusion-flex-column fusion-flex-align-self-stretch\"><div class=\"fusion-column-wrapper fusion-flex-justify-content-center fusion-content-layout-column\" style=\"background-position:left top;background-repeat:no-repeat;-webkit-background-size:cover;-moz-background-size:cover;-o-background-size:cover;background-size:cover;padding: 0px 0px 0px 0px;\"><div style=\"text-align:center;\"><span class=\" fusion-imageframe imageframe-none imageframe-2 hover-type-none\" style=\"border-radius:12px;margin-top:0px;margin-right:0px;margin-bottom:0px;margin-left:0px;\"><a class=\"fusion-no-lightbox\" href=\"https:\/\/www.linkedin.com\/posts\/plexus-tech_goodnews-gemelosdigitales-platgdia-activity-7146514515004735488-uBrB?utm_source=share&amp;utm_medium=member_desktop\" target=\"_self\" aria-label=\"FOOTER-01\"><img width=\"300\" height=\"47\" alt=\"Plexus Tech integra en su grupo a Bi4ALL by Plexus.\" src=\"https:\/\/www.plexus.es\/wp-content\/uploads\/2025\/08\/FOOTER-01.jpg\" data-orig-src=\"https:\/\/www.plexus.es\/wp-content\/uploads\/2025\/08\/FOOTER-01-300x47.jpg\" class=\"lazyload img-responsive wp-image-48771\" srcset=\"data:image\/svg+xml,%3Csvg%20xmlns%3D%27http%3A%2F%2Fwww.w3.org%2F2000%2Fsvg%27%20width%3D%27799%27%20height%3D%27126%27%20viewBox%3D%270%200%20799%20126%27%3E%3Crect%20width%3D%27799%27%20height%3D%27126%27%20fill-opacity%3D%220%22%2F%3E%3C%2Fsvg%3E\" data-srcset=\"https:\/\/www.plexus.es\/wp-content\/uploads\/2025\/08\/FOOTER-01-200x32.jpg 200w, https:\/\/www.plexus.es\/wp-content\/uploads\/2025\/08\/FOOTER-01-400x63.jpg 400w, https:\/\/www.plexus.es\/wp-content\/uploads\/2025\/08\/FOOTER-01-600x95.jpg 600w, https:\/\/www.plexus.es\/wp-content\/uploads\/2025\/08\/FOOTER-01.jpg 799w\" data-sizes=\"auto\" data-orig-sizes=\"(max-width: 640px) 100vw, 300px\" \/><\/a><\/span><\/div><\/div><style type=\"text\/css\">.fusion-body .fusion-builder-column-2{width:100% !important;margin-top : 0px;margin-bottom : 0px;}.fusion-builder-column-2 > .fusion-column-wrapper {padding-top : 0 !important;padding-right : 0px !important;margin-right : 1.92%;padding-bottom : 0 !important;padding-left : 0px !important;margin-left : 1.92%;}@media only screen and (max-width:1200px) {.fusion-body .fusion-builder-column-2{width:100% !important;order : 0;}.fusion-builder-column-2 > .fusion-column-wrapper {margin-right : 1.92%;margin-left : 1.92%;}}@media only screen and (max-width:640px) {.fusion-body .fusion-builder-column-2{width:100% !important;order : 0;}.fusion-builder-column-2 > .fusion-column-wrapper {margin-right : 1.92%;margin-left : 1.92%;}}<\/style><\/div><\/div><style type=\"text\/css\">.fusion-body .fusion-flex-container.fusion-builder-row-1{ padding-top : 0px;margin-top : 0;padding-right : 0px;padding-bottom : 0px;margin-bottom : 0;padding-left : 0px;}<\/style><\/div>\n","protected":false},"excerpt":{"rendered":"<p>Integramos una compa\u00f1\u00eda hiperespecializada en Data e IA y a sus m\u00e1s de 370 profesionales, superando las 4600 personas en el Grupo.<\/p>\n","protected":false},"author":1,"featured_media":48792,"comment_status":"open","ping_status":"open","sticky":false,"template":"","format":"standard","meta":[],"categories":[210,105],"tags":[],"yoast_head":"<!-- This site is optimized with the Yoast SEO plugin v17.4 - https:\/\/yoast.com\/wordpress\/plugins\/seo\/ -->\n<title>Seguimos integrando talento incorporando a la tecnol\u00f3gica lusa Bi4ALL<\/title>\n<meta name=\"description\" content=\"Con Bi4ALL integramos una compa\u00f1\u00eda hiperespecializada en Data e IA y a sus m\u00e1s de 370 profesionales, superando las 4600 personas en el Grupo.\" \/>\n<meta name=\"robots\" content=\"index, follow, max-snippet:-1, max-image-preview:large, max-video-preview:-1\" \/>\n<link rel=\"canonical\" href=\"https:\/\/www.plexus.es\/plexus-tech-integra-talento-tecnologica-bi4all-by-plexus\/\" \/>\n<meta property=\"og:locale\" content=\"gl_ES\" \/>\n<meta property=\"og:type\" content=\"article\" \/>\n<meta property=\"og:title\" content=\"Seguimos integrando talento incorporando a la tecnol\u00f3gica lusa Bi4ALL\" \/>\n<meta property=\"og:description\" content=\"Con Bi4ALL integramos una compa\u00f1\u00eda hiperespecializada en Data e IA y a sus m\u00e1s de 370 profesionales, superando las 4600 personas en el Grupo.\" \/>\n<meta property=\"og:url\" content=\"https:\/\/www.plexus.es\/plexus-tech-integra-talento-tecnologica-bi4all-by-plexus\/\" \/>\n<meta property=\"og:site_name\" content=\"Plexus Tech\" \/>\n<meta property=\"article:publisher\" content=\"https:\/\/www.facebook.com\/Plexus.Techno\" \/>\n<meta property=\"article:published_time\" content=\"2025-08-12T12:39:47+00:00\" \/>\n<meta property=\"article:modified_time\" content=\"2025-08-13T11:27:52+00:00\" \/>\n<meta property=\"og:image\" content=\"https:\/\/www.plexus.es\/wp-content\/uploads\/2025\/08\/Cabecera-02-5.jpg\" \/>\n\t<meta property=\"og:image:width\" content=\"800\" \/>\n\t<meta property=\"og:image:height\" content=\"531\" \/>\n<meta name=\"twitter:card\" content=\"summary_large_image\" \/>\n<meta name=\"twitter:creator\" content=\"@plexustech_\" \/>\n<meta name=\"twitter:site\" content=\"@plexustech_\" \/>\n<meta name=\"twitter:label1\" content=\"Escrito por\" \/>\n\t<meta name=\"twitter:data1\" content=\"admin_plexus\" \/>\n\t<meta name=\"twitter:label2\" content=\"Tempo de lectura\" \/>\n\t<meta name=\"twitter:data2\" content=\"3 minutos\" \/>\n<script type=\"application\/ld+json\" class=\"yoast-schema-graph\">{\"@context\":\"https:\/\/schema.org\",\"@graph\":[{\"@type\":\"Organization\",\"@id\":\"https:\/\/www.plexus.es\/#organization\",\"name\":\"Plexus Tech\",\"url\":\"https:\/\/www.plexus.es\/\",\"sameAs\":[\"https:\/\/www.facebook.com\/Plexus.Techno\",\"https:\/\/www.instagram.com\/plexus.tech\/\",\"https:\/\/www.linkedin.com\/company\/plexus-tech\/mycompany\/\",\"https:\/\/www.youtube.com\/user\/tecnologiasplexus\",\"https:\/\/twitter.com\/plexustech_\"],\"logo\":{\"@type\":\"ImageObject\",\"@id\":\"https:\/\/www.plexus.es\/#logo\",\"inLanguage\":\"gl-ES\",\"url\":\"https:\/\/www.plexus.es\/wp-content\/uploads\/2021\/11\/logo-plexus-2021.png\",\"contentUrl\":\"https:\/\/www.plexus.es\/wp-content\/uploads\/2021\/11\/logo-plexus-2021.png\",\"width\":600,\"height\":600,\"caption\":\"Plexus Tech\"},\"image\":{\"@id\":\"https:\/\/www.plexus.es\/#logo\"}},{\"@type\":\"WebSite\",\"@id\":\"https:\/\/www.plexus.es\/#website\",\"url\":\"https:\/\/www.plexus.es\/\",\"name\":\"Plexus Tech\",\"description\":\"Tecnolog\\u00eda con Alma\",\"publisher\":{\"@id\":\"https:\/\/www.plexus.es\/#organization\"},\"potentialAction\":[{\"@type\":\"SearchAction\",\"target\":{\"@type\":\"EntryPoint\",\"urlTemplate\":\"https:\/\/www.plexus.es\/?s={search_term_string}\"},\"query-input\":\"required name=search_term_string\"}],\"inLanguage\":\"gl-ES\"},{\"@type\":\"ImageObject\",\"@id\":\"https:\/\/www.plexus.es\/plexus-tech-integra-talento-tecnologica-bi4all-by-plexus\/#primaryimage\",\"inLanguage\":\"gl-ES\",\"url\":\"https:\/\/www.plexus.es\/wp-content\/uploads\/2025\/08\/Cabecera-02-5.jpg\",\"contentUrl\":\"https:\/\/www.plexus.es\/wp-content\/uploads\/2025\/08\/Cabecera-02-5.jpg\",\"width\":800,\"height\":531,\"caption\":\"Antonio Agrasar, fundador y CEO de Plexus Tech, con Hugo Pinto y Andro Moreira, socios de Bi4ALL.\"},{\"@type\":\"WebPage\",\"@id\":\"https:\/\/www.plexus.es\/plexus-tech-integra-talento-tecnologica-bi4all-by-plexus\/#webpage\",\"url\":\"https:\/\/www.plexus.es\/plexus-tech-integra-talento-tecnologica-bi4all-by-plexus\/\",\"name\":\"Seguimos integrando talento incorporando a la tecnol\\u00f3gica lusa Bi4ALL\",\"isPartOf\":{\"@id\":\"https:\/\/www.plexus.es\/#website\"},\"primaryImageOfPage\":{\"@id\":\"https:\/\/www.plexus.es\/plexus-tech-integra-talento-tecnologica-bi4all-by-plexus\/#primaryimage\"},\"datePublished\":\"2025-08-12T12:39:47+00:00\",\"dateModified\":\"2025-08-13T11:27:52+00:00\",\"description\":\"Con Bi4ALL integramos una compa\\u00f1\\u00eda hiperespecializada en Data e IA y a sus m\\u00e1s de 370 profesionales, superando las 4600 personas en el Grupo.\",\"breadcrumb\":{\"@id\":\"https:\/\/www.plexus.es\/plexus-tech-integra-talento-tecnologica-bi4all-by-plexus\/#breadcrumb\"},\"inLanguage\":\"gl-ES\",\"potentialAction\":[{\"@type\":\"ReadAction\",\"target\":[\"https:\/\/www.plexus.es\/plexus-tech-integra-talento-tecnologica-bi4all-by-plexus\/\"]}]},{\"@type\":\"BreadcrumbList\",\"@id\":\"https:\/\/www.plexus.es\/plexus-tech-integra-talento-tecnologica-bi4all-by-plexus\/#breadcrumb\",\"itemListElement\":[{\"@type\":\"ListItem\",\"position\":1,\"name\":\"Home\",\"item\":\"https:\/\/www.plexus.es\/\"},{\"@type\":\"ListItem\",\"position\":2,\"name\":\"Seguimos integrando talento con la incorporaci\\u00f3n de la tecnol\\u00f3gica lusa Bi4ALL\"}]},{\"@type\":\"Article\",\"@id\":\"https:\/\/www.plexus.es\/plexus-tech-integra-talento-tecnologica-bi4all-by-plexus\/#article\",\"isPartOf\":{\"@id\":\"https:\/\/www.plexus.es\/plexus-tech-integra-talento-tecnologica-bi4all-by-plexus\/#webpage\"},\"author\":{\"@id\":\"https:\/\/www.plexus.es\/#\/schema\/person\/8f02d5ce6d7b659fa68b0e90317c5171\"},\"headline\":\"Seguimos integrando talento con la incorporaci\\u00f3n de la tecnol\\u00f3gica lusa Bi4ALL\",\"datePublished\":\"2025-08-12T12:39:47+00:00\",\"dateModified\":\"2025-08-13T11:27:52+00:00\",\"mainEntityOfPage\":{\"@id\":\"https:\/\/www.plexus.es\/plexus-tech-integra-talento-tecnologica-bi4all-by-plexus\/#webpage\"},\"wordCount\":1965,\"commentCount\":0,\"publisher\":{\"@id\":\"https:\/\/www.plexus.es\/#organization\"},\"image\":{\"@id\":\"https:\/\/www.plexus.es\/plexus-tech-integra-talento-tecnologica-bi4all-by-plexus\/#primaryimage\"},\"thumbnailUrl\":\"https:\/\/www.plexus.es\/wp-content\/uploads\/2025\/08\/Cabecera-02-5.jpg\",\"articleSection\":[\"Not\\u00edcias\",\"Tech&amp;Innovaci\\u00f3n\"],\"inLanguage\":\"gl-ES\",\"potentialAction\":[{\"@type\":\"CommentAction\",\"name\":\"Comment\",\"target\":[\"https:\/\/www.plexus.es\/plexus-tech-integra-talento-tecnologica-bi4all-by-plexus\/#respond\"]}]},{\"@type\":\"Person\",\"@id\":\"https:\/\/www.plexus.es\/#\/schema\/person\/8f02d5ce6d7b659fa68b0e90317c5171\",\"name\":\"admin_plexus\",\"image\":{\"@type\":\"ImageObject\",\"@id\":\"https:\/\/www.plexus.es\/#personlogo\",\"inLanguage\":\"gl-ES\",\"url\":\"https:\/\/secure.gravatar.com\/avatar\/c1d7caf9a4063a74393abcf91991e9cd?s=96&d=mm&r=g\",\"contentUrl\":\"https:\/\/secure.gravatar.com\/avatar\/c1d7caf9a4063a74393abcf91991e9cd?s=96&d=mm&r=g\",\"caption\":\"admin_plexus\"},\"sameAs\":[\"https:\/\/www.plexus.es\"]}]}<\/script>\n<!-- \/ Yoast SEO plugin. -->","yoast_head_json":{"title":"Seguimos integrando talento incorporando a la tecnol\u00f3gica lusa Bi4ALL","description":"Con Bi4ALL integramos una compa\u00f1\u00eda hiperespecializada en Data e IA y a sus m\u00e1s de 370 profesionales, superando las 4600 personas en el Grupo.","robots":{"index":"index","follow":"follow","max-snippet":"max-snippet:-1","max-image-preview":"max-image-preview:large","max-video-preview":"max-video-preview:-1"},"canonical":"https:\/\/www.plexus.es\/plexus-tech-integra-talento-tecnologica-bi4all-by-plexus\/","og_locale":"gl_ES","og_type":"article","og_title":"Seguimos integrando talento incorporando a la tecnol\u00f3gica lusa Bi4ALL","og_description":"Con Bi4ALL integramos una compa\u00f1\u00eda hiperespecializada en Data e IA y a sus m\u00e1s de 370 profesionales, superando las 4600 personas en el Grupo.","og_url":"https:\/\/www.plexus.es\/plexus-tech-integra-talento-tecnologica-bi4all-by-plexus\/","og_site_name":"Plexus Tech","article_publisher":"https:\/\/www.facebook.com\/Plexus.Techno","article_published_time":"2025-08-12T12:39:47+00:00","article_modified_time":"2025-08-13T11:27:52+00:00","og_image":[{"width":800,"height":531,"url":"https:\/\/www.plexus.es\/wp-content\/uploads\/2025\/08\/Cabecera-02-5.jpg","type":"image\/jpeg"}],"twitter_card":"summary_large_image","twitter_creator":"@plexustech_","twitter_site":"@plexustech_","twitter_misc":{"Escrito por":"admin_plexus","Tempo de lectura":"3 minutos"},"schema":{"@context":"https:\/\/schema.org","@graph":[{"@type":"Organization","@id":"https:\/\/www.plexus.es\/#organization","name":"Plexus Tech","url":"https:\/\/www.plexus.es\/","sameAs":["https:\/\/www.facebook.com\/Plexus.Techno","https:\/\/www.instagram.com\/plexus.tech\/","https:\/\/www.linkedin.com\/company\/plexus-tech\/mycompany\/","https:\/\/www.youtube.com\/user\/tecnologiasplexus","https:\/\/twitter.com\/plexustech_"],"logo":{"@type":"ImageObject","@id":"https:\/\/www.plexus.es\/#logo","inLanguage":"gl-ES","url":"https:\/\/www.plexus.es\/wp-content\/uploads\/2021\/11\/logo-plexus-2021.png","contentUrl":"https:\/\/www.plexus.es\/wp-content\/uploads\/2021\/11\/logo-plexus-2021.png","width":600,"height":600,"caption":"Plexus Tech"},"image":{"@id":"https:\/\/www.plexus.es\/#logo"}},{"@type":"WebSite","@id":"https:\/\/www.plexus.es\/#website","url":"https:\/\/www.plexus.es\/","name":"Plexus Tech","description":"Tecnolog\u00eda con Alma","publisher":{"@id":"https:\/\/www.plexus.es\/#organization"},"potentialAction":[{"@type":"SearchAction","target":{"@type":"EntryPoint","urlTemplate":"https:\/\/www.plexus.es\/?s={search_term_string}"},"query-input":"required name=search_term_string"}],"inLanguage":"gl-ES"},{"@type":"ImageObject","@id":"https:\/\/www.plexus.es\/plexus-tech-integra-talento-tecnologica-bi4all-by-plexus\/#primaryimage","inLanguage":"gl-ES","url":"https:\/\/www.plexus.es\/wp-content\/uploads\/2025\/08\/Cabecera-02-5.jpg","contentUrl":"https:\/\/www.plexus.es\/wp-content\/uploads\/2025\/08\/Cabecera-02-5.jpg","width":800,"height":531,"caption":"Antonio Agrasar, fundador y CEO de Plexus Tech, con Hugo Pinto y Andro Moreira, socios de Bi4ALL."},{"@type":"WebPage","@id":"https:\/\/www.plexus.es\/plexus-tech-integra-talento-tecnologica-bi4all-by-plexus\/#webpage","url":"https:\/\/www.plexus.es\/plexus-tech-integra-talento-tecnologica-bi4all-by-plexus\/","name":"Seguimos integrando talento incorporando a la tecnol\u00f3gica lusa Bi4ALL","isPartOf":{"@id":"https:\/\/www.plexus.es\/#website"},"primaryImageOfPage":{"@id":"https:\/\/www.plexus.es\/plexus-tech-integra-talento-tecnologica-bi4all-by-plexus\/#primaryimage"},"datePublished":"2025-08-12T12:39:47+00:00","dateModified":"2025-08-13T11:27:52+00:00","description":"Con Bi4ALL integramos una compa\u00f1\u00eda hiperespecializada en Data e IA y a sus m\u00e1s de 370 profesionales, superando las 4600 personas en el Grupo.","breadcrumb":{"@id":"https:\/\/www.plexus.es\/plexus-tech-integra-talento-tecnologica-bi4all-by-plexus\/#breadcrumb"},"inLanguage":"gl-ES","potentialAction":[{"@type":"ReadAction","target":["https:\/\/www.plexus.es\/plexus-tech-integra-talento-tecnologica-bi4all-by-plexus\/"]}]},{"@type":"BreadcrumbList","@id":"https:\/\/www.plexus.es\/plexus-tech-integra-talento-tecnologica-bi4all-by-plexus\/#breadcrumb","itemListElement":[{"@type":"ListItem","position":1,"name":"Home","item":"https:\/\/www.plexus.es\/"},{"@type":"ListItem","position":2,"name":"Seguimos integrando talento con la incorporaci\u00f3n de la tecnol\u00f3gica lusa Bi4ALL"}]},{"@type":"Article","@id":"https:\/\/www.plexus.es\/plexus-tech-integra-talento-tecnologica-bi4all-by-plexus\/#article","isPartOf":{"@id":"https:\/\/www.plexus.es\/plexus-tech-integra-talento-tecnologica-bi4all-by-plexus\/#webpage"},"author":{"@id":"https:\/\/www.plexus.es\/#\/schema\/person\/8f02d5ce6d7b659fa68b0e90317c5171"},"headline":"Seguimos integrando talento con la incorporaci\u00f3n de la tecnol\u00f3gica lusa Bi4ALL","datePublished":"2025-08-12T12:39:47+00:00","dateModified":"2025-08-13T11:27:52+00:00","mainEntityOfPage":{"@id":"https:\/\/www.plexus.es\/plexus-tech-integra-talento-tecnologica-bi4all-by-plexus\/#webpage"},"wordCount":1965,"commentCount":0,"publisher":{"@id":"https:\/\/www.plexus.es\/#organization"},"image":{"@id":"https:\/\/www.plexus.es\/plexus-tech-integra-talento-tecnologica-bi4all-by-plexus\/#primaryimage"},"thumbnailUrl":"https:\/\/www.plexus.es\/wp-content\/uploads\/2025\/08\/Cabecera-02-5.jpg","articleSection":["Not\u00edcias","Tech&amp;Innovaci\u00f3n"],"inLanguage":"gl-ES","potentialAction":[{"@type":"CommentAction","name":"Comment","target":["https:\/\/www.plexus.es\/plexus-tech-integra-talento-tecnologica-bi4all-by-plexus\/#respond"]}]},{"@type":"Person","@id":"https:\/\/www.plexus.es\/#\/schema\/person\/8f02d5ce6d7b659fa68b0e90317c5171","name":"admin_plexus","image":{"@type":"ImageObject","@id":"https:\/\/www.plexus.es\/#personlogo","inLanguage":"gl-ES","url":"https:\/\/secure.gravatar.com\/avatar\/c1d7caf9a4063a74393abcf91991e9cd?s=96&d=mm&r=g","contentUrl":"https:\/\/secure.gravatar.com\/avatar\/c1d7caf9a4063a74393abcf91991e9cd?s=96&d=mm&r=g","caption":"admin_plexus"},"sameAs":["https:\/\/www.plexus.es"]}]}},"_links":{"self":[{"href":"https:\/\/www.plexus.es\/gl\/wp-json\/wp\/v2\/posts\/48768"}],"collection":[{"href":"https:\/\/www.plexus.es\/gl\/wp-json\/wp\/v2\/posts"}],"about":[{"href":"https:\/\/www.plexus.es\/gl\/wp-json\/wp\/v2\/types\/post"}],"author":[{"embeddable":true,"href":"https:\/\/www.plexus.es\/gl\/wp-json\/wp\/v2\/users\/1"}],"replies":[{"embeddable":true,"href":"https:\/\/www.plexus.es\/gl\/wp-json\/wp\/v2\/comments?post=48768"}],"version-history":[{"count":4,"href":"https:\/\/www.plexus.es\/gl\/wp-json\/wp\/v2\/posts\/48768\/revisions"}],"predecessor-version":[{"id":48838,"href":"https:\/\/www.plexus.es\/gl\/wp-json\/wp\/v2\/posts\/48768\/revisions\/48838"}],"wp:featuredmedia":[{"embeddable":true,"href":"https:\/\/www.plexus.es\/gl\/wp-json\/wp\/v2\/media\/48792"}],"wp:attachment":[{"href":"https:\/\/www.plexus.es\/gl\/wp-json\/wp\/v2\/media?parent=48768"}],"wp:term":[{"taxonomy":"category","embeddable":true,"href":"https:\/\/www.plexus.es\/gl\/wp-json\/wp\/v2\/categories?post=48768"},{"taxonomy":"post_tag","embeddable":true,"href":"https:\/\/www.plexus.es\/gl\/wp-json\/wp\/v2\/tags?post=48768"}],"curies":[{"name":"wp","href":"https:\/\/api.w.org\/{rel}","templated":true}]}}