{"id":50791,"date":"2026-02-05T12:33:04","date_gmt":"2026-02-05T11:33:04","guid":{"rendered":"https:\/\/www.plexus.es\/?p=50791"},"modified":"2026-02-26T17:21:49","modified_gmt":"2026-02-26T16:21:49","slug":"cumbre-reaim-vision-plexus-ia-defensa","status":"publish","type":"post","link":"https:\/\/www.plexus.es\/gl\/cumbre-reaim-vision-plexus-ia-defensa\/","title":{"rendered":"Nuestra visi\u00f3n de la IA para el sector defensa, presente en la III Cumbre REAIM"},"content":{"rendered":"<div class=\"fusion-fullwidth fullwidth-box fusion-builder-row-1 fusion-flex-container container-detail-news plexus_css nonhundred-percent-fullwidth non-hundred-percent-height-scrolling\" style=\"background-color: rgba(255,255,255,0);background-position: center center;background-repeat: no-repeat;border-width: 0px 0px 0px 0px;border-color:#e8ebef;border-style:solid;\" ><div class=\"fusion-builder-row fusion-row fusion-flex-align-items-flex-start\" style=\"max-width:1310.4px;margin-left: calc(-4% \/ 2 );margin-right: calc(-4% \/ 2 );\"><div class=\"fusion-layout-column fusion_builder_column fusion-builder-column-0 fusion_builder_column_1_1 1_1 fusion-flex-column fusion-flex-align-self-stretch\"><div class=\"fusion-column-wrapper fusion-flex-justify-content-center fusion-content-layout-column\" style=\"background-position:left top;background-repeat:no-repeat;-webkit-background-size:cover;-moz-background-size:cover;-o-background-size:cover;background-size:cover;padding: 0px 0px 0px 0px;\"><div style=\"text-align:center;\"><span class=\" fusion-imageframe imageframe-none imageframe-1 hover-type-none\" style=\"border-radius:12px;margin-top:0px;margin-right:0px;margin-bottom:0px;margin-left:0px;\"><a class=\"fusion-no-lightbox\" href=\"https:\/\/www.linkedin.com\/posts\/plexus-tech_goodnews-gemelosdigitales-platgdia-activity-7146514515004735488-uBrB?utm_source=share&amp;utm_medium=member_desktop\" target=\"_self\" aria-label=\"Cumbre REAIM\"><img width=\"1616\" height=\"1080\" alt=\"Equipo del \u00c1rea de Defensa y Seguridad en la III Cumbre REAIM.\" src=\"https:\/\/www.plexus.es\/wp-content\/uploads\/2026\/02\/Cumbre-REAIM.jpg\" data-orig-src=\"https:\/\/www.plexus.es\/wp-content\/uploads\/2026\/02\/Cumbre-REAIM.jpg\" class=\"lazyload img-responsive wp-image-50794\" srcset=\"data:image\/svg+xml,%3Csvg%20xmlns%3D%27http%3A%2F%2Fwww.w3.org%2F2000%2Fsvg%27%20width%3D%271616%27%20height%3D%271080%27%20viewBox%3D%270%200%201616%201080%27%3E%3Crect%20width%3D%271616%27%20height%3D%271080%27%20fill-opacity%3D%220%22%2F%3E%3C%2Fsvg%3E\" data-srcset=\"https:\/\/www.plexus.es\/wp-content\/uploads\/2026\/02\/Cumbre-REAIM-200x134.jpg 200w, https:\/\/www.plexus.es\/wp-content\/uploads\/2026\/02\/Cumbre-REAIM-400x267.jpg 400w, https:\/\/www.plexus.es\/wp-content\/uploads\/2026\/02\/Cumbre-REAIM-600x401.jpg 600w, https:\/\/www.plexus.es\/wp-content\/uploads\/2026\/02\/Cumbre-REAIM-800x535.jpg 800w, https:\/\/www.plexus.es\/wp-content\/uploads\/2026\/02\/Cumbre-REAIM-1200x802.jpg 1200w, https:\/\/www.plexus.es\/wp-content\/uploads\/2026\/02\/Cumbre-REAIM.jpg 1616w\" data-sizes=\"auto\" data-orig-sizes=\"(max-width: 640px) 100vw, 1616px\" \/><\/a><\/span><\/div><\/div><style type=\"text\/css\">.fusion-body .fusion-builder-column-0{width:100% !important;margin-top : 0px;margin-bottom : 0px;}.fusion-builder-column-0 > .fusion-column-wrapper {padding-top : 0 !important;padding-right : 0px !important;margin-right : 1.92%;padding-bottom : 0 !important;padding-left : 0px !important;margin-left : 1.92%;}@media only screen and (max-width:1200px) {.fusion-body .fusion-builder-column-0{width:100% !important;order : 0;}.fusion-builder-column-0 > .fusion-column-wrapper {margin-right : 1.92%;margin-left : 1.92%;}}@media only screen and (max-width:640px) {.fusion-body .fusion-builder-column-0{width:100% !important;order : 0;}.fusion-builder-column-0 > .fusion-column-wrapper {margin-right : 1.92%;margin-left : 1.92%;}}<\/style><\/div><div class=\"fusion-layout-column fusion_builder_column fusion-builder-column-1 fusion_builder_column_1_1 1_1 fusion-flex-column\"><div class=\"fusion-column-wrapper fusion-flex-justify-content-flex-start fusion-content-layout-column\" style=\"background-position:left top;background-repeat:no-repeat;-webkit-background-size:cover;-moz-background-size:cover;-o-background-size:cover;background-size:cover;padding: 0px 0px 0px 0px;\"><div class=\"fusion-text fusion-text-1\"><h2>Desde Plexus Tech mostramos nuestra visi\u00f3n basada en la experiencia, realismo y aplicaci\u00f3n pr\u00e1ctica de la tecnolog\u00eda.<\/h2>\n<p>La tercera edici\u00f3n de la <strong>Cumbre REAIM<\/strong>, celebrada en A Coru\u00f1a el 4 y 5 de febrero, ha servido para <strong>definir el presente y el futuro del uso responsable de la IA en el sector defensa<\/strong> y all\u00ed estuvimos desde Plexus Tech. Desde nuestro stand propio, hemos aportado nuestra visi\u00f3n basada en la experiencia, el realismo y la aplicaci\u00f3n pr\u00e1ctica de la tecnolog\u00eda.<\/p>\n<p>En este sentido, nuestra contribuci\u00f3n, <a href=\"https:\/\/www.plexus.es\/servicios\/ia\/\" target=\"_blank\" rel=\"noopener\"><strong>de la mano del equipo del \u00c1rea de Defensa y Seguridad<\/strong><\/a>, se ha materializado en la presentaci\u00f3n de un caso de uso. Se trataba de una <strong>aplicaci\u00f3n pr\u00e1ctica de ciberresiliencia para una cadena de suministro<\/strong>, un \u00e1mbito cr\u00edtico en defensa. Un caso que integra inteligencia artificial, gemelos digitales y plataformas SOAR para orquestaci\u00f3n, observabilidad y gesti\u00f3n de datos.<\/p>\n<p>Para Plexus Tech, estar en<a href=\"https:\/\/www.exteriores.gob.es\/es\/REAIM2026\/Paginas\/Cumbre26.aspx\" target=\"_blank\" rel=\"noopener\"><strong> esta cumbre ha significado formar parte activa de un di\u00e1logo global sobre la inteligencia artificial:<\/strong><\/a><\/p>\n<ul>\n<li>Para qu\u00e9 usarla.<\/li>\n<li>C\u00f3mo hacerlo de forma responsable.<\/li>\n<li>D\u00f3nde puede generar un impacto real desde hoy.<\/li>\n<\/ul>\n<p>Y es que la III Cumbre REAIM <strong>ha reunido a m\u00e1s de 1.000 profesionales expertos y delegaciones de m\u00e1s de 80 pa\u00edses. <\/strong>Todo ello, con un objetivo com\u00fan: reflexionar sobre c\u00f3mo la IA en el \u00e1mbito militar debe contribuir a reforzar la paz y la seguridad, evitando riesgos y usos irresponsables.<\/p>\n<p>Precisamente, ese ha sido el gran mensaje que nos deja este gran foro. Porque la <strong>IA aplicada a defensa<\/strong> solo tiene sentido si se desarrolla y utiliza con <strong>criterios \u00e9ticos claros.<\/strong> Adem\u00e1s,\u00a0con los derechos humanos en el centro y con una orientaci\u00f3n real hacia la paz.<\/p>\n<\/div><\/div><style type=\"text\/css\">.fusion-body .fusion-builder-column-1{width:100% !important;margin-top : 20px;margin-bottom : 20px;}.fusion-builder-column-1 > .fusion-column-wrapper {padding-top : 0px !important;padding-right : 0px !important;margin-right : 1.92%;padding-bottom : 0px !important;padding-left : 0px !important;margin-left : 1.92%;}@media only screen and (max-width:1200px) {.fusion-body .fusion-builder-column-1{width:100% !important;order : 0;}.fusion-builder-column-1 > .fusion-column-wrapper {margin-right : 1.92%;margin-left : 1.92%;}}@media only screen and (max-width:640px) {.fusion-body .fusion-builder-column-1{width:100% !important;order : 0;}.fusion-builder-column-1 > .fusion-column-wrapper {margin-right : 1.92%;margin-left : 1.92%;}}<\/style><\/div><\/div><style type=\"text\/css\">.fusion-body .fusion-flex-container.fusion-builder-row-1{ padding-top : 0px;margin-top : 0;padding-right : 0px;padding-bottom : 0px;margin-bottom : 0;padding-left : 0px;}<\/style><\/div>\n","protected":false},"excerpt":{"rendered":"<p>Desde Plexus Tech mostramos nuestra visi\u00f3n basada en la experiencia, realismo y aplicaci\u00f3n pr\u00e1ctica de la tecnolog\u00eda.<\/p>\n","protected":false},"author":1,"featured_media":50792,"comment_status":"open","ping_status":"open","sticky":false,"template":"","format":"standard","meta":[],"categories":[107,210,105],"tags":[],"yoast_head":"<!-- This site is optimized with the Yoast SEO plugin v17.4 - https:\/\/yoast.com\/wordpress\/plugins\/seo\/ -->\n<title>Aportamos nuestra visi\u00f3n de la IA para defensa en la III Cumbre REAIM<\/title>\n<meta name=\"description\" content=\"Desde Plexus Tech mostramos nuestra visi\u00f3n basada en la experiencia, realismo y aplicaci\u00f3n pr\u00e1ctica de la tecnolog\u00eda en la III Cumbre REAIM.\" \/>\n<meta name=\"robots\" content=\"index, follow, max-snippet:-1, max-image-preview:large, max-video-preview:-1\" \/>\n<link rel=\"canonical\" href=\"https:\/\/www.plexus.es\/cumbre-reaim-vision-plexus-ia-defensa\/\" \/>\n<meta property=\"og:locale\" content=\"gl_ES\" \/>\n<meta property=\"og:type\" content=\"article\" \/>\n<meta property=\"og:title\" content=\"Aportamos nuestra visi\u00f3n de la IA para defensa en la III Cumbre REAIM\" \/>\n<meta property=\"og:description\" content=\"Desde Plexus Tech mostramos nuestra visi\u00f3n basada en la experiencia, realismo y aplicaci\u00f3n pr\u00e1ctica de la tecnolog\u00eda en la III Cumbre REAIM.\" \/>\n<meta property=\"og:url\" content=\"https:\/\/www.plexus.es\/cumbre-reaim-vision-plexus-ia-defensa\/\" \/>\n<meta property=\"og:site_name\" content=\"Plexus Tech\" \/>\n<meta property=\"article:publisher\" content=\"https:\/\/www.facebook.com\/Plexus.Techno\" \/>\n<meta property=\"article:published_time\" content=\"2026-02-05T11:33:04+00:00\" \/>\n<meta property=\"article:modified_time\" content=\"2026-02-26T16:21:49+00:00\" \/>\n<meta property=\"og:image\" content=\"https:\/\/www.plexus.es\/wp-content\/uploads\/2026\/02\/Cumbre-REAIM.jpg\" \/>\n\t<meta property=\"og:image:width\" content=\"1616\" \/>\n\t<meta property=\"og:image:height\" content=\"1080\" \/>\n<meta name=\"twitter:card\" content=\"summary_large_image\" \/>\n<meta name=\"twitter:creator\" content=\"@plexustech_\" \/>\n<meta name=\"twitter:site\" content=\"@plexustech_\" \/>\n<meta name=\"twitter:label1\" content=\"Escrito por\" \/>\n\t<meta name=\"twitter:data1\" content=\"admin_plexus\" \/>\n\t<meta name=\"twitter:label2\" content=\"Tempo de lectura\" \/>\n\t<meta name=\"twitter:data2\" content=\"6 minutos\" \/>\n<script type=\"application\/ld+json\" class=\"yoast-schema-graph\">{\"@context\":\"https:\/\/schema.org\",\"@graph\":[{\"@type\":\"Organization\",\"@id\":\"https:\/\/www.plexus.es\/#organization\",\"name\":\"Plexus Tech\",\"url\":\"https:\/\/www.plexus.es\/\",\"sameAs\":[\"https:\/\/www.facebook.com\/Plexus.Techno\",\"https:\/\/www.instagram.com\/plexus.tech\/\",\"https:\/\/www.linkedin.com\/company\/plexus-tech\/mycompany\/\",\"https:\/\/www.youtube.com\/user\/tecnologiasplexus\",\"https:\/\/twitter.com\/plexustech_\"],\"logo\":{\"@type\":\"ImageObject\",\"@id\":\"https:\/\/www.plexus.es\/#logo\",\"inLanguage\":\"gl-ES\",\"url\":\"https:\/\/www.plexus.es\/wp-content\/uploads\/2021\/11\/logo-plexus-2021.png\",\"contentUrl\":\"https:\/\/www.plexus.es\/wp-content\/uploads\/2021\/11\/logo-plexus-2021.png\",\"width\":600,\"height\":600,\"caption\":\"Plexus Tech\"},\"image\":{\"@id\":\"https:\/\/www.plexus.es\/#logo\"}},{\"@type\":\"WebSite\",\"@id\":\"https:\/\/www.plexus.es\/#website\",\"url\":\"https:\/\/www.plexus.es\/\",\"name\":\"Plexus Tech\",\"description\":\"Tecnolog\\u00eda con Alma\",\"publisher\":{\"@id\":\"https:\/\/www.plexus.es\/#organization\"},\"potentialAction\":[{\"@type\":\"SearchAction\",\"target\":{\"@type\":\"EntryPoint\",\"urlTemplate\":\"https:\/\/www.plexus.es\/?s={search_term_string}\"},\"query-input\":\"required name=search_term_string\"}],\"inLanguage\":\"gl-ES\"},{\"@type\":\"ImageObject\",\"@id\":\"https:\/\/www.plexus.es\/cumbre-reaim-vision-plexus-ia-defensa\/#primaryimage\",\"inLanguage\":\"gl-ES\",\"url\":\"https:\/\/www.plexus.es\/wp-content\/uploads\/2026\/02\/Cumbre-REAIM.jpg\",\"contentUrl\":\"https:\/\/www.plexus.es\/wp-content\/uploads\/2026\/02\/Cumbre-REAIM.jpg\",\"width\":1616,\"height\":1080,\"caption\":\"Equipo del \\u00c1rea de Defensa y Seguridad en la III Cumbre REAIM.\"},{\"@type\":\"WebPage\",\"@id\":\"https:\/\/www.plexus.es\/cumbre-reaim-vision-plexus-ia-defensa\/#webpage\",\"url\":\"https:\/\/www.plexus.es\/cumbre-reaim-vision-plexus-ia-defensa\/\",\"name\":\"Aportamos nuestra visi\\u00f3n de la IA para defensa en la III Cumbre REAIM\",\"isPartOf\":{\"@id\":\"https:\/\/www.plexus.es\/#website\"},\"primaryImageOfPage\":{\"@id\":\"https:\/\/www.plexus.es\/cumbre-reaim-vision-plexus-ia-defensa\/#primaryimage\"},\"datePublished\":\"2026-02-05T11:33:04+00:00\",\"dateModified\":\"2026-02-26T16:21:49+00:00\",\"description\":\"Desde Plexus Tech mostramos nuestra visi\\u00f3n basada en la experiencia, realismo y aplicaci\\u00f3n pr\\u00e1ctica de la tecnolog\\u00eda en la III Cumbre REAIM.\",\"breadcrumb\":{\"@id\":\"https:\/\/www.plexus.es\/cumbre-reaim-vision-plexus-ia-defensa\/#breadcrumb\"},\"inLanguage\":\"gl-ES\",\"potentialAction\":[{\"@type\":\"ReadAction\",\"target\":[\"https:\/\/www.plexus.es\/cumbre-reaim-vision-plexus-ia-defensa\/\"]}]},{\"@type\":\"BreadcrumbList\",\"@id\":\"https:\/\/www.plexus.es\/cumbre-reaim-vision-plexus-ia-defensa\/#breadcrumb\",\"itemListElement\":[{\"@type\":\"ListItem\",\"position\":1,\"name\":\"Home\",\"item\":\"https:\/\/www.plexus.es\/\"},{\"@type\":\"ListItem\",\"position\":2,\"name\":\"Nuestra visi\\u00f3n de la IA para el sector defensa, presente en la III Cumbre REAIM\"}]},{\"@type\":\"Article\",\"@id\":\"https:\/\/www.plexus.es\/cumbre-reaim-vision-plexus-ia-defensa\/#article\",\"isPartOf\":{\"@id\":\"https:\/\/www.plexus.es\/cumbre-reaim-vision-plexus-ia-defensa\/#webpage\"},\"author\":{\"@id\":\"https:\/\/www.plexus.es\/#\/schema\/person\/8f02d5ce6d7b659fa68b0e90317c5171\"},\"headline\":\"Nuestra visi\\u00f3n de la IA para el sector defensa, presente en la III Cumbre REAIM\",\"datePublished\":\"2026-02-05T11:33:04+00:00\",\"dateModified\":\"2026-02-26T16:21:49+00:00\",\"mainEntityOfPage\":{\"@id\":\"https:\/\/www.plexus.es\/cumbre-reaim-vision-plexus-ia-defensa\/#webpage\"},\"wordCount\":1397,\"commentCount\":0,\"publisher\":{\"@id\":\"https:\/\/www.plexus.es\/#organization\"},\"image\":{\"@id\":\"https:\/\/www.plexus.es\/cumbre-reaim-vision-plexus-ia-defensa\/#primaryimage\"},\"thumbnailUrl\":\"https:\/\/www.plexus.es\/wp-content\/uploads\/2026\/02\/Cumbre-REAIM.jpg\",\"articleSection\":[\"Eventos\",\"Not\\u00edcias\",\"Tech&amp;Innovaci\\u00f3n\"],\"inLanguage\":\"gl-ES\",\"potentialAction\":[{\"@type\":\"CommentAction\",\"name\":\"Comment\",\"target\":[\"https:\/\/www.plexus.es\/cumbre-reaim-vision-plexus-ia-defensa\/#respond\"]}]},{\"@type\":\"Person\",\"@id\":\"https:\/\/www.plexus.es\/#\/schema\/person\/8f02d5ce6d7b659fa68b0e90317c5171\",\"name\":\"admin_plexus\",\"image\":{\"@type\":\"ImageObject\",\"@id\":\"https:\/\/www.plexus.es\/#personlogo\",\"inLanguage\":\"gl-ES\",\"url\":\"https:\/\/secure.gravatar.com\/avatar\/c1d7caf9a4063a74393abcf91991e9cd?s=96&d=mm&r=g\",\"contentUrl\":\"https:\/\/secure.gravatar.com\/avatar\/c1d7caf9a4063a74393abcf91991e9cd?s=96&d=mm&r=g\",\"caption\":\"admin_plexus\"},\"sameAs\":[\"https:\/\/www.plexus.es\"]}]}<\/script>\n<!-- \/ Yoast SEO plugin. -->","yoast_head_json":{"title":"Aportamos nuestra visi\u00f3n de la IA para defensa en la III Cumbre REAIM","description":"Desde Plexus Tech mostramos nuestra visi\u00f3n basada en la experiencia, realismo y aplicaci\u00f3n pr\u00e1ctica de la tecnolog\u00eda en la III Cumbre REAIM.","robots":{"index":"index","follow":"follow","max-snippet":"max-snippet:-1","max-image-preview":"max-image-preview:large","max-video-preview":"max-video-preview:-1"},"canonical":"https:\/\/www.plexus.es\/cumbre-reaim-vision-plexus-ia-defensa\/","og_locale":"gl_ES","og_type":"article","og_title":"Aportamos nuestra visi\u00f3n de la IA para defensa en la III Cumbre REAIM","og_description":"Desde Plexus Tech mostramos nuestra visi\u00f3n basada en la experiencia, realismo y aplicaci\u00f3n pr\u00e1ctica de la tecnolog\u00eda en la III Cumbre REAIM.","og_url":"https:\/\/www.plexus.es\/cumbre-reaim-vision-plexus-ia-defensa\/","og_site_name":"Plexus Tech","article_publisher":"https:\/\/www.facebook.com\/Plexus.Techno","article_published_time":"2026-02-05T11:33:04+00:00","article_modified_time":"2026-02-26T16:21:49+00:00","og_image":[{"width":1616,"height":1080,"url":"https:\/\/www.plexus.es\/wp-content\/uploads\/2026\/02\/Cumbre-REAIM.jpg","type":"image\/jpeg"}],"twitter_card":"summary_large_image","twitter_creator":"@plexustech_","twitter_site":"@plexustech_","twitter_misc":{"Escrito por":"admin_plexus","Tempo de lectura":"6 minutos"},"schema":{"@context":"https:\/\/schema.org","@graph":[{"@type":"Organization","@id":"https:\/\/www.plexus.es\/#organization","name":"Plexus Tech","url":"https:\/\/www.plexus.es\/","sameAs":["https:\/\/www.facebook.com\/Plexus.Techno","https:\/\/www.instagram.com\/plexus.tech\/","https:\/\/www.linkedin.com\/company\/plexus-tech\/mycompany\/","https:\/\/www.youtube.com\/user\/tecnologiasplexus","https:\/\/twitter.com\/plexustech_"],"logo":{"@type":"ImageObject","@id":"https:\/\/www.plexus.es\/#logo","inLanguage":"gl-ES","url":"https:\/\/www.plexus.es\/wp-content\/uploads\/2021\/11\/logo-plexus-2021.png","contentUrl":"https:\/\/www.plexus.es\/wp-content\/uploads\/2021\/11\/logo-plexus-2021.png","width":600,"height":600,"caption":"Plexus Tech"},"image":{"@id":"https:\/\/www.plexus.es\/#logo"}},{"@type":"WebSite","@id":"https:\/\/www.plexus.es\/#website","url":"https:\/\/www.plexus.es\/","name":"Plexus Tech","description":"Tecnolog\u00eda con Alma","publisher":{"@id":"https:\/\/www.plexus.es\/#organization"},"potentialAction":[{"@type":"SearchAction","target":{"@type":"EntryPoint","urlTemplate":"https:\/\/www.plexus.es\/?s={search_term_string}"},"query-input":"required name=search_term_string"}],"inLanguage":"gl-ES"},{"@type":"ImageObject","@id":"https:\/\/www.plexus.es\/cumbre-reaim-vision-plexus-ia-defensa\/#primaryimage","inLanguage":"gl-ES","url":"https:\/\/www.plexus.es\/wp-content\/uploads\/2026\/02\/Cumbre-REAIM.jpg","contentUrl":"https:\/\/www.plexus.es\/wp-content\/uploads\/2026\/02\/Cumbre-REAIM.jpg","width":1616,"height":1080,"caption":"Equipo del \u00c1rea de Defensa y Seguridad en la III Cumbre REAIM."},{"@type":"WebPage","@id":"https:\/\/www.plexus.es\/cumbre-reaim-vision-plexus-ia-defensa\/#webpage","url":"https:\/\/www.plexus.es\/cumbre-reaim-vision-plexus-ia-defensa\/","name":"Aportamos nuestra visi\u00f3n de la IA para defensa en la III Cumbre REAIM","isPartOf":{"@id":"https:\/\/www.plexus.es\/#website"},"primaryImageOfPage":{"@id":"https:\/\/www.plexus.es\/cumbre-reaim-vision-plexus-ia-defensa\/#primaryimage"},"datePublished":"2026-02-05T11:33:04+00:00","dateModified":"2026-02-26T16:21:49+00:00","description":"Desde Plexus Tech mostramos nuestra visi\u00f3n basada en la experiencia, realismo y aplicaci\u00f3n pr\u00e1ctica de la tecnolog\u00eda en la III Cumbre REAIM.","breadcrumb":{"@id":"https:\/\/www.plexus.es\/cumbre-reaim-vision-plexus-ia-defensa\/#breadcrumb"},"inLanguage":"gl-ES","potentialAction":[{"@type":"ReadAction","target":["https:\/\/www.plexus.es\/cumbre-reaim-vision-plexus-ia-defensa\/"]}]},{"@type":"BreadcrumbList","@id":"https:\/\/www.plexus.es\/cumbre-reaim-vision-plexus-ia-defensa\/#breadcrumb","itemListElement":[{"@type":"ListItem","position":1,"name":"Home","item":"https:\/\/www.plexus.es\/"},{"@type":"ListItem","position":2,"name":"Nuestra visi\u00f3n de la IA para el sector defensa, presente en la III Cumbre REAIM"}]},{"@type":"Article","@id":"https:\/\/www.plexus.es\/cumbre-reaim-vision-plexus-ia-defensa\/#article","isPartOf":{"@id":"https:\/\/www.plexus.es\/cumbre-reaim-vision-plexus-ia-defensa\/#webpage"},"author":{"@id":"https:\/\/www.plexus.es\/#\/schema\/person\/8f02d5ce6d7b659fa68b0e90317c5171"},"headline":"Nuestra visi\u00f3n de la IA para el sector defensa, presente en la III Cumbre REAIM","datePublished":"2026-02-05T11:33:04+00:00","dateModified":"2026-02-26T16:21:49+00:00","mainEntityOfPage":{"@id":"https:\/\/www.plexus.es\/cumbre-reaim-vision-plexus-ia-defensa\/#webpage"},"wordCount":1397,"commentCount":0,"publisher":{"@id":"https:\/\/www.plexus.es\/#organization"},"image":{"@id":"https:\/\/www.plexus.es\/cumbre-reaim-vision-plexus-ia-defensa\/#primaryimage"},"thumbnailUrl":"https:\/\/www.plexus.es\/wp-content\/uploads\/2026\/02\/Cumbre-REAIM.jpg","articleSection":["Eventos","Not\u00edcias","Tech&amp;Innovaci\u00f3n"],"inLanguage":"gl-ES","potentialAction":[{"@type":"CommentAction","name":"Comment","target":["https:\/\/www.plexus.es\/cumbre-reaim-vision-plexus-ia-defensa\/#respond"]}]},{"@type":"Person","@id":"https:\/\/www.plexus.es\/#\/schema\/person\/8f02d5ce6d7b659fa68b0e90317c5171","name":"admin_plexus","image":{"@type":"ImageObject","@id":"https:\/\/www.plexus.es\/#personlogo","inLanguage":"gl-ES","url":"https:\/\/secure.gravatar.com\/avatar\/c1d7caf9a4063a74393abcf91991e9cd?s=96&d=mm&r=g","contentUrl":"https:\/\/secure.gravatar.com\/avatar\/c1d7caf9a4063a74393abcf91991e9cd?s=96&d=mm&r=g","caption":"admin_plexus"},"sameAs":["https:\/\/www.plexus.es"]}]}},"_links":{"self":[{"href":"https:\/\/www.plexus.es\/gl\/wp-json\/wp\/v2\/posts\/50791"}],"collection":[{"href":"https:\/\/www.plexus.es\/gl\/wp-json\/wp\/v2\/posts"}],"about":[{"href":"https:\/\/www.plexus.es\/gl\/wp-json\/wp\/v2\/types\/post"}],"author":[{"embeddable":true,"href":"https:\/\/www.plexus.es\/gl\/wp-json\/wp\/v2\/users\/1"}],"replies":[{"embeddable":true,"href":"https:\/\/www.plexus.es\/gl\/wp-json\/wp\/v2\/comments?post=50791"}],"version-history":[{"count":6,"href":"https:\/\/www.plexus.es\/gl\/wp-json\/wp\/v2\/posts\/50791\/revisions"}],"predecessor-version":[{"id":50934,"href":"https:\/\/www.plexus.es\/gl\/wp-json\/wp\/v2\/posts\/50791\/revisions\/50934"}],"wp:featuredmedia":[{"embeddable":true,"href":"https:\/\/www.plexus.es\/gl\/wp-json\/wp\/v2\/media\/50792"}],"wp:attachment":[{"href":"https:\/\/www.plexus.es\/gl\/wp-json\/wp\/v2\/media?parent=50791"}],"wp:term":[{"taxonomy":"category","embeddable":true,"href":"https:\/\/www.plexus.es\/gl\/wp-json\/wp\/v2\/categories?post=50791"},{"taxonomy":"post_tag","embeddable":true,"href":"https:\/\/www.plexus.es\/gl\/wp-json\/wp\/v2\/tags?post=50791"}],"curies":[{"name":"wp","href":"https:\/\/api.w.org\/{rel}","templated":true}]}}