{"id":3530,"date":"2021-09-12T09:45:18","date_gmt":"2021-09-12T07:45:18","guid":{"rendered":"https:\/\/www.plexus.es\/?p=3530"},"modified":"2022-03-07T10:59:18","modified_gmt":"2022-03-07T09:59:18","slug":"antonio-agrasar-ya-no-podemos-entender-el-turismo-sin-la-digitalizacion","status":"publish","type":"post","link":"https:\/\/www.plexus.es\/pl\/antonio-agrasar-ya-no-podemos-entender-el-turismo-sin-la-digitalizacion\/","title":{"rendered":"Antonio Agrasar: &#8222;Ya no hay turismo sin digitalizaci\u00f3n&#8221;"},"content":{"rendered":"<div class=\"fusion-fullwidth fullwidth-box fusion-builder-row-1 fusion-flex-container nonhundred-percent-fullwidth non-hundred-percent-height-scrolling\" style=\"background-color: rgba(255,255,255,0);background-position: center center;background-repeat: no-repeat;border-width: 0px 0px 0px 0px;border-color:#e8ebef;border-style:solid;\" ><div class=\"fusion-builder-row fusion-row fusion-flex-align-items-flex-start\" style=\"max-width:1310.4px;margin-left: calc(-4% \/ 2 );margin-right: calc(-4% \/ 2 );\"><div class=\"fusion-layout-column fusion_builder_column fusion-builder-column-0 fusion_builder_column_1_2 1_2 fusion-flex-column\"><div class=\"fusion-column-wrapper fusion-flex-justify-content-flex-start fusion-content-layout-column\" style=\"background-position:left top;background-repeat:no-repeat;-webkit-background-size:cover;-moz-background-size:cover;-o-background-size:cover;background-size:cover;padding: 0px 0px 0px 0px;\"><div class=\"fusion-text fusion-text-1\"><p><span style=\"font-weight: normal;\">El turismo ha sufrido como pocos sectores las consecuencias del COVID-19, con confinamientos perimetrales y domicilarios impensables antes de su irrupci\u00f3n. <b>La vacunaci\u00f3n masiva de la poblaci\u00f3n ha disparado los brotes verdes<\/b> en los indicadores y parece que el sector del turismo se acerca a un efecto rebote.<\/span><\/p>\n<p><span style=\"font-weight: normal;\">\u00a0<\/span><\/p>\n<p><span style=\"font-weight: normal;\">Las ganas de viajar de la poblaci\u00f3n son tan grandes como antes de la pandemia y, ante este boom de demanda, <b>el turismo debe innovar en meses lo que no ha podido en dos a\u00f1os.<\/b><\/span><\/p>\n<p><span style=\"font-weight: normal;\">\u00a0<\/span><\/p>\n<p><span style=\"font-weight: normal;\"><i>&#8222;No tengo dudas de que despu\u00e9s de todas las dificultades vividas estos dos a\u00f1os, <b>el sector despegar\u00e1 con fuerza<\/b>. Pero tambi\u00e9n queremos hacerlo con seguridad e inteligencia&#8221;<\/i>, declar\u00f3 Antonio Agrasar <a href=\"https:\/\/economiademallorca.com\/art\/31325\/antonio-agrasar-humanizar-la-tecnologia-y-crear-experiencias-son-claves-para-recuperar-la-confianza-del-turista-y-del-viajero\">al medio mallorqu\u00edn Econom\u00eda de Mallorca<\/a>.<\/span><\/p>\n<p><span style=\"font-weight: normal;\">\u00a0<\/span><\/p>\n<p><span style=\"font-weight: normal;\">Agrasar cree que la recuperaci\u00f3n del sector pasa por un proceso de digitalizaci\u00f3n tecnol\u00f3gica m\u00e1s amable, transparente e intuitivo para el viajero y su familia y una capacidad de trasladar experiencias en la que definitivamente hay que trabajar para generar confianza y necesidad de viajar.<\/span><\/p>\n<p><span style=\"font-weight: normal;\">\u00a0<\/span><\/p>\n<blockquote>\n<p><span style=\"font-weight: normal;\">\u00a0<\/span><\/p>\n<p><span style=\"font-weight: normal;\"><em>\u201cYa no podemos entender el turismo sin la digitalizaci\u00f3n. Tenemos que trabajar sobre una base estrat\u00e9gica: la cercan\u00eda, que nos permita una transici\u00f3n digital sin fricciones y con muchas ventajas.&#8221;<\/em><\/span><\/p>\n<p><span style=\"font-weight: normal;\">\u00a0<\/span><\/p>\n<\/blockquote>\n<p><span style=\"font-weight: normal;\">\u00a0<\/span><\/p>\n<p><span style=\"font-weight: normal;\">Adem\u00e1s, <b>el CEO de Plexus Tech pone el foco en entender al viajero m\u00e1s que nunca<\/b>. \u201c<i>Las empresas involucradas en el sector tur\u00edstico tenemos la obligaci\u00f3n de ser emp\u00e1ticas. De ponernos en el lugar de las personas y familias que han viajado cientos o miles de km y ofrecerles lo que necesitan.<\/i>\u201d<\/span><\/p>\n<\/div><\/div><style type=\"text\/css\">.fusion-body .fusion-builder-column-0{width:50% !important;margin-top : 0px;margin-bottom : 0px;}.fusion-builder-column-0 > .fusion-column-wrapper {padding-top : 0px !important;padding-right : 0px !important;margin-right : 3.84%;padding-bottom : 0px !important;padding-left : 0px !important;margin-left : 3.84%;}@media only screen and (max-width:1200px) {.fusion-body .fusion-builder-column-0{width:50% !important;}.fusion-builder-column-0 > .fusion-column-wrapper {margin-right : 3.84%;margin-left : 3.84%;}}@media only screen and (max-width:640px) {.fusion-body .fusion-builder-column-0{width:100% !important;}.fusion-builder-column-0 > .fusion-column-wrapper {margin-right : 1.92%;margin-left : 1.92%;}}<\/style><\/div><div class=\"fusion-layout-column fusion_builder_column fusion-builder-column-1 fusion_builder_column_1_2 1_2 fusion-flex-column\"><div class=\"fusion-column-wrapper fusion-flex-justify-content-flex-start fusion-content-layout-column\" style=\"background-position:left top;background-repeat:no-repeat;-webkit-background-size:cover;-moz-background-size:cover;-o-background-size:cover;background-size:cover;padding: 0px 0px 0px 0px;\"><div ><span class=\" fusion-imageframe imageframe-none imageframe-1 hover-type-none\" style=\"border-radius:12px;\"><img width=\"600\" height=\"322\" alt=\"Antonio Agrasar CEO de Plexus Tech\" src=\"data:image\/svg+xml,%3Csvg%20xmlns%3D%27http%3A%2F%2Fwww.w3.org%2F2000%2Fsvg%27%20width%3D%27509%27%20height%3D%27359%27%20viewBox%3D%270%200%20509%20359%27%3E%3Crect%20width%3D%27509%27%20height%3D%27359%27%20fill-opacity%3D%220%22%2F%3E%3C%2Fsvg%3E\" data-orig-src=\"https:\/\/www.plexus.es\/wp-content\/uploads\/2021\/10\/6621_edm-agrasar-600x322.jpg\" class=\"lazyload img-responsive wp-image-22889\"\/><\/span><\/div><\/div><style type=\"text\/css\">.fusion-body .fusion-builder-column-1{width:50% !important;margin-top : 20px;margin-bottom : 20px;}.fusion-builder-column-1 > .fusion-column-wrapper {padding-top : 0px !important;padding-right : 0px !important;margin-right : 3.84%;padding-bottom : 0px !important;padding-left : 0px !important;margin-left : 3.84%;}@media only screen and (max-width:1200px) {.fusion-body .fusion-builder-column-1{width:50% !important;order : 0;}.fusion-builder-column-1 > .fusion-column-wrapper {margin-right : 3.84%;margin-left : 3.84%;}}@media only screen and (max-width:640px) {.fusion-body .fusion-builder-column-1{width:100% !important;order : 0;}.fusion-builder-column-1 > .fusion-column-wrapper {margin-right : 1.92%;margin-left : 1.92%;}}<\/style><\/div><div class=\"fusion-layout-column fusion_builder_column fusion-builder-column-2 fusion_builder_column_1_2 1_2 fusion-flex-column\"><div class=\"fusion-column-wrapper fusion-flex-justify-content-flex-start fusion-content-layout-column\" style=\"background-position:left top;background-repeat:no-repeat;-webkit-background-size:cover;-moz-background-size:cover;-o-background-size:cover;background-size:cover;padding: 0px 0px 0px 0px;\"><\/div><style type=\"text\/css\">.fusion-body .fusion-builder-column-2{width:50% !important;margin-top : 20px;margin-bottom : 20px;}.fusion-builder-column-2 > .fusion-column-wrapper {padding-top : 0px !important;padding-right : 0px !important;margin-right : 3.84%;padding-bottom : 0px !important;padding-left : 0px !important;margin-left : 3.84%;}@media only screen and (max-width:1200px) {.fusion-body .fusion-builder-column-2{width:50% !important;order : 0;}.fusion-builder-column-2 > .fusion-column-wrapper {margin-right : 3.84%;margin-left : 3.84%;}}@media only screen and (max-width:640px) {.fusion-body .fusion-builder-column-2{width:100% !important;order : 0;}.fusion-builder-column-2 > .fusion-column-wrapper {margin-right : 1.92%;margin-left : 1.92%;}}<\/style><\/div><\/div><style type=\"text\/css\">.fusion-body .fusion-flex-container.fusion-builder-row-1{ padding-top : 0px;margin-top : 0px;padding-right : 0px;padding-bottom : 0px;margin-bottom : 0px;padding-left : 0px;}<\/style><\/div>\n","protected":false},"excerpt":{"rendered":"<p>El CEO de Plexus Tech atendi\u00f3 a un medio independiente para tratar el futuro del sector tur\u00edstico.<\/p>\n","protected":false},"author":1,"featured_media":3540,"comment_status":"open","ping_status":"open","sticky":false,"template":"","format":"standard","meta":[],"categories":[51,117],"tags":[],"yoast_head":"<!-- This site is optimized with the Yoast SEO plugin v17.4 - https:\/\/yoast.com\/wordpress\/plugins\/seo\/ -->\n<title>Antonio Agrasar en Econom\u00eda de Mallorca | Plexus Tech<\/title>\n<meta name=\"description\" content=\"El CEO de Plexus cree que la recuperaci\u00f3n pasa por una digitalizaci\u00f3n tecnol\u00f3gica m\u00e1s amable, transparente e intuitiva para el viajero\" \/>\n<meta name=\"robots\" content=\"index, follow, max-snippet:-1, max-image-preview:large, max-video-preview:-1\" \/>\n<link rel=\"canonical\" href=\"https:\/\/www.plexus.es\/antonio-agrasar-ya-no-podemos-entender-el-turismo-sin-la-digitalizacion\/\" \/>\n<meta property=\"og:locale\" content=\"pl_PL\" \/>\n<meta property=\"og:type\" content=\"article\" \/>\n<meta property=\"og:title\" content=\"Antonio Agrasar en Econom\u00eda de Mallorca | Plexus Tech\" \/>\n<meta property=\"og:description\" content=\"El CEO de Plexus cree que la recuperaci\u00f3n pasa por una digitalizaci\u00f3n tecnol\u00f3gica m\u00e1s amable, transparente e intuitiva para el viajero\" \/>\n<meta property=\"og:url\" content=\"https:\/\/www.plexus.es\/antonio-agrasar-ya-no-podemos-entender-el-turismo-sin-la-digitalizacion\/\" \/>\n<meta property=\"og:site_name\" content=\"Plexus Tech\" \/>\n<meta property=\"article:publisher\" content=\"https:\/\/www.facebook.com\/Plexus.Techno\" \/>\n<meta property=\"article:published_time\" content=\"2021-09-12T07:45:18+00:00\" \/>\n<meta property=\"article:modified_time\" content=\"2022-03-07T09:59:18+00:00\" \/>\n<meta property=\"og:image\" content=\"https:\/\/www.plexus.es\/wp-content\/uploads\/2021\/10\/6621_edm-agrasar-e1635245539480.jpg\" \/>\n\t<meta property=\"og:image:width\" content=\"509\" \/>\n\t<meta property=\"og:image:height\" content=\"359\" \/>\n<meta name=\"twitter:card\" content=\"summary_large_image\" \/>\n<meta name=\"twitter:creator\" content=\"@plexustech_\" \/>\n<meta name=\"twitter:site\" content=\"@plexustech_\" \/>\n<meta name=\"twitter:label1\" content=\"Napisane przez\" \/>\n\t<meta name=\"twitter:data1\" content=\"admin_plexus\" \/>\n\t<meta name=\"twitter:label2\" content=\"Szacowany czas czytania\" \/>\n\t<meta name=\"twitter:data2\" content=\"5 minut\" \/>\n<script type=\"application\/ld+json\" class=\"yoast-schema-graph\">{\"@context\":\"https:\/\/schema.org\",\"@graph\":[{\"@type\":\"Organization\",\"@id\":\"https:\/\/www.plexus.es\/#organization\",\"name\":\"Plexus Tech\",\"url\":\"https:\/\/www.plexus.es\/\",\"sameAs\":[\"https:\/\/www.facebook.com\/Plexus.Techno\",\"https:\/\/www.instagram.com\/plexus.tech\/\",\"https:\/\/www.linkedin.com\/company\/plexus-tech\/mycompany\/\",\"https:\/\/www.youtube.com\/user\/tecnologiasplexus\",\"https:\/\/twitter.com\/plexustech_\"],\"logo\":{\"@type\":\"ImageObject\",\"@id\":\"https:\/\/www.plexus.es\/#logo\",\"inLanguage\":\"pl-PL\",\"url\":\"https:\/\/www.plexus.es\/wp-content\/uploads\/2021\/11\/logo-plexus-2021.png\",\"contentUrl\":\"https:\/\/www.plexus.es\/wp-content\/uploads\/2021\/11\/logo-plexus-2021.png\",\"width\":600,\"height\":600,\"caption\":\"Plexus Tech\"},\"image\":{\"@id\":\"https:\/\/www.plexus.es\/#logo\"}},{\"@type\":\"WebSite\",\"@id\":\"https:\/\/www.plexus.es\/#website\",\"url\":\"https:\/\/www.plexus.es\/\",\"name\":\"Plexus Tech\",\"description\":\"Tecnolog\\u00eda con Alma\",\"publisher\":{\"@id\":\"https:\/\/www.plexus.es\/#organization\"},\"potentialAction\":[{\"@type\":\"SearchAction\",\"target\":{\"@type\":\"EntryPoint\",\"urlTemplate\":\"https:\/\/www.plexus.es\/?s={search_term_string}\"},\"query-input\":\"required name=search_term_string\"}],\"inLanguage\":\"pl-PL\"},{\"@type\":\"ImageObject\",\"@id\":\"https:\/\/www.plexus.es\/antonio-agrasar-ya-no-podemos-entender-el-turismo-sin-la-digitalizacion\/#primaryimage\",\"inLanguage\":\"pl-PL\",\"url\":\"https:\/\/www.plexus.es\/wp-content\/uploads\/2021\/10\/6621_edm-agrasar-e1635245539480.jpg\",\"contentUrl\":\"https:\/\/www.plexus.es\/wp-content\/uploads\/2021\/10\/6621_edm-agrasar-e1635245539480.jpg\",\"width\":509,\"height\":359,\"caption\":\"Foto de Antonio Agrasar CEO de Plexus Tech\"},{\"@type\":\"WebPage\",\"@id\":\"https:\/\/www.plexus.es\/antonio-agrasar-ya-no-podemos-entender-el-turismo-sin-la-digitalizacion\/#webpage\",\"url\":\"https:\/\/www.plexus.es\/antonio-agrasar-ya-no-podemos-entender-el-turismo-sin-la-digitalizacion\/\",\"name\":\"Antonio Agrasar en Econom\\u00eda de Mallorca | Plexus Tech\",\"isPartOf\":{\"@id\":\"https:\/\/www.plexus.es\/#website\"},\"primaryImageOfPage\":{\"@id\":\"https:\/\/www.plexus.es\/antonio-agrasar-ya-no-podemos-entender-el-turismo-sin-la-digitalizacion\/#primaryimage\"},\"datePublished\":\"2021-09-12T07:45:18+00:00\",\"dateModified\":\"2022-03-07T09:59:18+00:00\",\"description\":\"El CEO de Plexus cree que la recuperaci\\u00f3n pasa por una digitalizaci\\u00f3n tecnol\\u00f3gica m\\u00e1s amable, transparente e intuitiva para el viajero\",\"breadcrumb\":{\"@id\":\"https:\/\/www.plexus.es\/antonio-agrasar-ya-no-podemos-entender-el-turismo-sin-la-digitalizacion\/#breadcrumb\"},\"inLanguage\":\"pl-PL\",\"potentialAction\":[{\"@type\":\"ReadAction\",\"target\":[\"https:\/\/www.plexus.es\/antonio-agrasar-ya-no-podemos-entender-el-turismo-sin-la-digitalizacion\/\"]}]},{\"@type\":\"BreadcrumbList\",\"@id\":\"https:\/\/www.plexus.es\/antonio-agrasar-ya-no-podemos-entender-el-turismo-sin-la-digitalizacion\/#breadcrumb\",\"itemListElement\":[{\"@type\":\"ListItem\",\"position\":1,\"name\":\"Home\",\"item\":\"https:\/\/www.plexus.es\/\"},{\"@type\":\"ListItem\",\"position\":2,\"name\":\"Antonio Agrasar: \\u00abYa no hay turismo sin digitalizaci\\u00f3n\\u00bb\"}]},{\"@type\":\"Article\",\"@id\":\"https:\/\/www.plexus.es\/antonio-agrasar-ya-no-podemos-entender-el-turismo-sin-la-digitalizacion\/#article\",\"isPartOf\":{\"@id\":\"https:\/\/www.plexus.es\/antonio-agrasar-ya-no-podemos-entender-el-turismo-sin-la-digitalizacion\/#webpage\"},\"author\":{\"@id\":\"https:\/\/www.plexus.es\/#\/schema\/person\/8f02d5ce6d7b659fa68b0e90317c5171\"},\"headline\":\"Antonio Agrasar: &#8222;Ya no hay turismo sin digitalizaci\\u00f3n&#8221;\",\"datePublished\":\"2021-09-12T07:45:18+00:00\",\"dateModified\":\"2022-03-07T09:59:18+00:00\",\"mainEntityOfPage\":{\"@id\":\"https:\/\/www.plexus.es\/antonio-agrasar-ya-no-podemos-entender-el-turismo-sin-la-digitalizacion\/#webpage\"},\"wordCount\":982,\"commentCount\":0,\"publisher\":{\"@id\":\"https:\/\/www.plexus.es\/#organization\"},\"image\":{\"@id\":\"https:\/\/www.plexus.es\/antonio-agrasar-ya-no-podemos-entender-el-turismo-sin-la-digitalizacion\/#primaryimage\"},\"thumbnailUrl\":\"https:\/\/www.plexus.es\/wp-content\/uploads\/2021\/10\/6621_edm-agrasar-e1635245539480.jpg\",\"articleSection\":[\"En los medios\"],\"inLanguage\":\"pl-PL\",\"potentialAction\":[{\"@type\":\"CommentAction\",\"name\":\"Comment\",\"target\":[\"https:\/\/www.plexus.es\/antonio-agrasar-ya-no-podemos-entender-el-turismo-sin-la-digitalizacion\/#respond\"]}]},{\"@type\":\"Person\",\"@id\":\"https:\/\/www.plexus.es\/#\/schema\/person\/8f02d5ce6d7b659fa68b0e90317c5171\",\"name\":\"admin_plexus\",\"image\":{\"@type\":\"ImageObject\",\"@id\":\"https:\/\/www.plexus.es\/#personlogo\",\"inLanguage\":\"pl-PL\",\"url\":\"https:\/\/secure.gravatar.com\/avatar\/c1d7caf9a4063a74393abcf91991e9cd?s=96&d=mm&r=g\",\"contentUrl\":\"https:\/\/secure.gravatar.com\/avatar\/c1d7caf9a4063a74393abcf91991e9cd?s=96&d=mm&r=g\",\"caption\":\"admin_plexus\"},\"sameAs\":[\"https:\/\/www.plexus.es\"]}]}<\/script>\n<!-- \/ Yoast SEO plugin. -->","yoast_head_json":{"title":"Antonio Agrasar en Econom\u00eda de Mallorca | Plexus Tech","description":"El CEO de Plexus cree que la recuperaci\u00f3n pasa por una digitalizaci\u00f3n tecnol\u00f3gica m\u00e1s amable, transparente e intuitiva para el viajero","robots":{"index":"index","follow":"follow","max-snippet":"max-snippet:-1","max-image-preview":"max-image-preview:large","max-video-preview":"max-video-preview:-1"},"canonical":"https:\/\/www.plexus.es\/antonio-agrasar-ya-no-podemos-entender-el-turismo-sin-la-digitalizacion\/","og_locale":"pl_PL","og_type":"article","og_title":"Antonio Agrasar en Econom\u00eda de Mallorca | Plexus Tech","og_description":"El CEO de Plexus cree que la recuperaci\u00f3n pasa por una digitalizaci\u00f3n tecnol\u00f3gica m\u00e1s amable, transparente e intuitiva para el viajero","og_url":"https:\/\/www.plexus.es\/antonio-agrasar-ya-no-podemos-entender-el-turismo-sin-la-digitalizacion\/","og_site_name":"Plexus Tech","article_publisher":"https:\/\/www.facebook.com\/Plexus.Techno","article_published_time":"2021-09-12T07:45:18+00:00","article_modified_time":"2022-03-07T09:59:18+00:00","og_image":[{"width":509,"height":359,"url":"https:\/\/www.plexus.es\/wp-content\/uploads\/2021\/10\/6621_edm-agrasar-e1635245539480.jpg","type":"image\/jpeg"}],"twitter_card":"summary_large_image","twitter_creator":"@plexustech_","twitter_site":"@plexustech_","twitter_misc":{"Napisane przez":"admin_plexus","Szacowany czas czytania":"5 minut"},"schema":{"@context":"https:\/\/schema.org","@graph":[{"@type":"Organization","@id":"https:\/\/www.plexus.es\/#organization","name":"Plexus Tech","url":"https:\/\/www.plexus.es\/","sameAs":["https:\/\/www.facebook.com\/Plexus.Techno","https:\/\/www.instagram.com\/plexus.tech\/","https:\/\/www.linkedin.com\/company\/plexus-tech\/mycompany\/","https:\/\/www.youtube.com\/user\/tecnologiasplexus","https:\/\/twitter.com\/plexustech_"],"logo":{"@type":"ImageObject","@id":"https:\/\/www.plexus.es\/#logo","inLanguage":"pl-PL","url":"https:\/\/www.plexus.es\/wp-content\/uploads\/2021\/11\/logo-plexus-2021.png","contentUrl":"https:\/\/www.plexus.es\/wp-content\/uploads\/2021\/11\/logo-plexus-2021.png","width":600,"height":600,"caption":"Plexus Tech"},"image":{"@id":"https:\/\/www.plexus.es\/#logo"}},{"@type":"WebSite","@id":"https:\/\/www.plexus.es\/#website","url":"https:\/\/www.plexus.es\/","name":"Plexus Tech","description":"Tecnolog\u00eda con Alma","publisher":{"@id":"https:\/\/www.plexus.es\/#organization"},"potentialAction":[{"@type":"SearchAction","target":{"@type":"EntryPoint","urlTemplate":"https:\/\/www.plexus.es\/?s={search_term_string}"},"query-input":"required name=search_term_string"}],"inLanguage":"pl-PL"},{"@type":"ImageObject","@id":"https:\/\/www.plexus.es\/antonio-agrasar-ya-no-podemos-entender-el-turismo-sin-la-digitalizacion\/#primaryimage","inLanguage":"pl-PL","url":"https:\/\/www.plexus.es\/wp-content\/uploads\/2021\/10\/6621_edm-agrasar-e1635245539480.jpg","contentUrl":"https:\/\/www.plexus.es\/wp-content\/uploads\/2021\/10\/6621_edm-agrasar-e1635245539480.jpg","width":509,"height":359,"caption":"Foto de Antonio Agrasar CEO de Plexus Tech"},{"@type":"WebPage","@id":"https:\/\/www.plexus.es\/antonio-agrasar-ya-no-podemos-entender-el-turismo-sin-la-digitalizacion\/#webpage","url":"https:\/\/www.plexus.es\/antonio-agrasar-ya-no-podemos-entender-el-turismo-sin-la-digitalizacion\/","name":"Antonio Agrasar en Econom\u00eda de Mallorca | Plexus Tech","isPartOf":{"@id":"https:\/\/www.plexus.es\/#website"},"primaryImageOfPage":{"@id":"https:\/\/www.plexus.es\/antonio-agrasar-ya-no-podemos-entender-el-turismo-sin-la-digitalizacion\/#primaryimage"},"datePublished":"2021-09-12T07:45:18+00:00","dateModified":"2022-03-07T09:59:18+00:00","description":"El CEO de Plexus cree que la recuperaci\u00f3n pasa por una digitalizaci\u00f3n tecnol\u00f3gica m\u00e1s amable, transparente e intuitiva para el viajero","breadcrumb":{"@id":"https:\/\/www.plexus.es\/antonio-agrasar-ya-no-podemos-entender-el-turismo-sin-la-digitalizacion\/#breadcrumb"},"inLanguage":"pl-PL","potentialAction":[{"@type":"ReadAction","target":["https:\/\/www.plexus.es\/antonio-agrasar-ya-no-podemos-entender-el-turismo-sin-la-digitalizacion\/"]}]},{"@type":"BreadcrumbList","@id":"https:\/\/www.plexus.es\/antonio-agrasar-ya-no-podemos-entender-el-turismo-sin-la-digitalizacion\/#breadcrumb","itemListElement":[{"@type":"ListItem","position":1,"name":"Home","item":"https:\/\/www.plexus.es\/"},{"@type":"ListItem","position":2,"name":"Antonio Agrasar: \u00abYa no hay turismo sin digitalizaci\u00f3n\u00bb"}]},{"@type":"Article","@id":"https:\/\/www.plexus.es\/antonio-agrasar-ya-no-podemos-entender-el-turismo-sin-la-digitalizacion\/#article","isPartOf":{"@id":"https:\/\/www.plexus.es\/antonio-agrasar-ya-no-podemos-entender-el-turismo-sin-la-digitalizacion\/#webpage"},"author":{"@id":"https:\/\/www.plexus.es\/#\/schema\/person\/8f02d5ce6d7b659fa68b0e90317c5171"},"headline":"Antonio Agrasar: &#8222;Ya no hay turismo sin digitalizaci\u00f3n&#8221;","datePublished":"2021-09-12T07:45:18+00:00","dateModified":"2022-03-07T09:59:18+00:00","mainEntityOfPage":{"@id":"https:\/\/www.plexus.es\/antonio-agrasar-ya-no-podemos-entender-el-turismo-sin-la-digitalizacion\/#webpage"},"wordCount":982,"commentCount":0,"publisher":{"@id":"https:\/\/www.plexus.es\/#organization"},"image":{"@id":"https:\/\/www.plexus.es\/antonio-agrasar-ya-no-podemos-entender-el-turismo-sin-la-digitalizacion\/#primaryimage"},"thumbnailUrl":"https:\/\/www.plexus.es\/wp-content\/uploads\/2021\/10\/6621_edm-agrasar-e1635245539480.jpg","articleSection":["En los medios"],"inLanguage":"pl-PL","potentialAction":[{"@type":"CommentAction","name":"Comment","target":["https:\/\/www.plexus.es\/antonio-agrasar-ya-no-podemos-entender-el-turismo-sin-la-digitalizacion\/#respond"]}]},{"@type":"Person","@id":"https:\/\/www.plexus.es\/#\/schema\/person\/8f02d5ce6d7b659fa68b0e90317c5171","name":"admin_plexus","image":{"@type":"ImageObject","@id":"https:\/\/www.plexus.es\/#personlogo","inLanguage":"pl-PL","url":"https:\/\/secure.gravatar.com\/avatar\/c1d7caf9a4063a74393abcf91991e9cd?s=96&d=mm&r=g","contentUrl":"https:\/\/secure.gravatar.com\/avatar\/c1d7caf9a4063a74393abcf91991e9cd?s=96&d=mm&r=g","caption":"admin_plexus"},"sameAs":["https:\/\/www.plexus.es"]}]}},"_links":{"self":[{"href":"https:\/\/www.plexus.es\/pl\/wp-json\/wp\/v2\/posts\/3530"}],"collection":[{"href":"https:\/\/www.plexus.es\/pl\/wp-json\/wp\/v2\/posts"}],"about":[{"href":"https:\/\/www.plexus.es\/pl\/wp-json\/wp\/v2\/types\/post"}],"author":[{"embeddable":true,"href":"https:\/\/www.plexus.es\/pl\/wp-json\/wp\/v2\/users\/1"}],"replies":[{"embeddable":true,"href":"https:\/\/www.plexus.es\/pl\/wp-json\/wp\/v2\/comments?post=3530"}],"version-history":[{"count":8,"href":"https:\/\/www.plexus.es\/pl\/wp-json\/wp\/v2\/posts\/3530\/revisions"}],"predecessor-version":[{"id":4927,"href":"https:\/\/www.plexus.es\/pl\/wp-json\/wp\/v2\/posts\/3530\/revisions\/4927"}],"wp:featuredmedia":[{"embeddable":true,"href":"https:\/\/www.plexus.es\/pl\/wp-json\/wp\/v2\/media\/3540"}],"wp:attachment":[{"href":"https:\/\/www.plexus.es\/pl\/wp-json\/wp\/v2\/media?parent=3530"}],"wp:term":[{"taxonomy":"category","embeddable":true,"href":"https:\/\/www.plexus.es\/pl\/wp-json\/wp\/v2\/categories?post=3530"},{"taxonomy":"post_tag","embeddable":true,"href":"https:\/\/www.plexus.es\/pl\/wp-json\/wp\/v2\/tags?post=3530"}],"curies":[{"name":"wp","href":"https:\/\/api.w.org\/{rel}","templated":true}]}}