{"id":36129,"date":"2024-01-26T11:08:11","date_gmt":"2024-01-26T10:08:11","guid":{"rendered":"https:\/\/www.plexus.es\/?p=36129"},"modified":"2024-05-17T14:11:35","modified_gmt":"2024-05-17T12:11:35","slug":"plexus-tech-compromiso-innovacion-catedra-ia-medicina-personalizada","status":"publish","type":"post","link":"https:\/\/www.plexus.es\/pl\/plexus-tech-compromiso-innovacion-catedra-ia-medicina-personalizada\/","title":{"rendered":"Impulso a la innovaci\u00f3n con la C\u00e1tedra de IA en Medicina Personalizada"},"content":{"rendered":"<div class=\"fusion-fullwidth fullwidth-box fusion-builder-row-1 fusion-flex-container nonhundred-percent-fullwidth non-hundred-percent-height-scrolling\" style=\"background-color: rgba(255,255,255,0);background-position: center center;background-repeat: no-repeat;border-width: 0px 0px 0px 0px;border-color:#e8ebef;border-style:solid;\" ><div class=\"fusion-builder-row fusion-row fusion-flex-align-items-flex-start\" style=\"max-width:1310.4px;margin-left: calc(-4% \/ 2 );margin-right: calc(-4% \/ 2 );\"><div class=\"fusion-layout-column fusion_builder_column fusion-builder-column-0 fusion_builder_column_1_1 1_1 fusion-flex-column\"><div class=\"fusion-column-wrapper fusion-flex-justify-content-flex-start fusion-content-layout-column\" style=\"background-position:left top;background-repeat:no-repeat;-webkit-background-size:cover;-moz-background-size:cover;-o-background-size:cover;background-size:cover;padding: 0px 0px 0px 0px;\"><div ><span class=\" fusion-imageframe imageframe-none imageframe-1 hover-type-none\" style=\"border-radius:12px;\"><img width=\"300\" height=\"190\" alt=\"C\u00e1tedra de Inteligencia Artificial en Medicina Personalizada de Precisi\u00f3n\" title=\"240124_RRSS_USC-Citius-IA_948x600 1\" src=\"https:\/\/www.plexus.es\/wp-content\/uploads\/2024\/01\/240124_RRSS_USC-Citius-IA_948x600-1.png\" data-orig-src=\"https:\/\/www.plexus.es\/wp-content\/uploads\/2024\/01\/240124_RRSS_USC-Citius-IA_948x600-1-300x190.png\" class=\"lazyload img-responsive wp-image-36140\" srcset=\"data:image\/svg+xml,%3Csvg%20xmlns%3D%27http%3A%2F%2Fwww.w3.org%2F2000%2Fsvg%27%20width%3D%27948%27%20height%3D%27601%27%20viewBox%3D%270%200%20948%20601%27%3E%3Crect%20width%3D%27948%27%20height%3D%27601%27%20fill-opacity%3D%220%22%2F%3E%3C%2Fsvg%3E\" data-srcset=\"https:\/\/www.plexus.es\/wp-content\/uploads\/2024\/01\/240124_RRSS_USC-Citius-IA_948x600-1-200x127.png 200w, https:\/\/www.plexus.es\/wp-content\/uploads\/2024\/01\/240124_RRSS_USC-Citius-IA_948x600-1-400x254.png 400w, https:\/\/www.plexus.es\/wp-content\/uploads\/2024\/01\/240124_RRSS_USC-Citius-IA_948x600-1-600x380.png 600w, https:\/\/www.plexus.es\/wp-content\/uploads\/2024\/01\/240124_RRSS_USC-Citius-IA_948x600-1-800x507.png 800w, https:\/\/www.plexus.es\/wp-content\/uploads\/2024\/01\/240124_RRSS_USC-Citius-IA_948x600-1.png 948w\" data-sizes=\"auto\" data-orig-sizes=\"(max-width: 640px) 100vw, 300px\" \/><\/span><\/div><div class=\"fusion-text fusion-text-1\"><h2>La tecnol\u00f3gica Plexus Tech impulsa una C\u00e1tedra \u00fanica en Espa\u00f1a en IA con la colaboraci\u00f3n de la USC y el CiTIUS<\/h2>\n<p style=\"text-align: left;\"><strong>Plexus Tech refuerza su compromiso con la tecnolog\u00eda de las personas impulsando la C\u00e1tedra de IA en Medicina Personalizada de Precisi\u00f3n.<\/strong> En colaboraci\u00f3n con la Universidad de Santiago de Compostela (USC) y el Centro Singular de Investigaci\u00f3n en Tecnolox\u00edas Intelixentes (<a href=\"https:\/\/citius.gal\/es\/\">CiTIUS<\/a>), esta iniciativa mantiene a la empresa a la vanguardia de la innovaci\u00f3n en el \u00e1mbito sanitario.<\/p>\n<p><strong>En este sentido, la compa\u00f1\u00eda tecnol\u00f3gica, con m\u00e1s de 3500 profesionales, tiene presencia en todo el territorio nacional en el \u00e1mbito hospitalario y de la salud, liderando proyectos europeos en todos los \u00e1mbitos tecnol\u00f3gicos.<\/strong> De este modo, la C\u00e1tedra, creada fruto de la necesaria colaboraci\u00f3n universidad-empresa, es un <strong>ejemplo de su apuesta innovadora. Para ello, financiar\u00e1 la formaci\u00f3n<\/strong>, respaldada por el Ministerio de Asuntos Econ\u00f3micos y Transformaci\u00f3n Digital y apoyada por el Servicio Gallego de Salud (SERGAS).<\/p>\n<p><strong>\u00abEntendemos la tecnolog\u00eda como una gran herramienta que s\u00f3lo tiene cabida para mejorar el mundo.<\/strong> Ser parte de esta C\u00e1tedra es un reto y a la vez un compromiso de nuestros equipos y de nuestra compa\u00f1\u00eda. Nos hace sentir orgullosos y a la vez crecer como profesionales para lograr algo mucho m\u00e1s grande que un proyecto. Algo que sin saberlo <strong>pueda llegar a miles de personas que se beneficiar\u00e1n de este esfuerzo<\/strong>\u00ab, explica Antonio Agrasar, fundador y CEO de Plexus Tech.<\/p>\n<h2>La C\u00e1tedra, dirigida por Sen\u00e9n Barro, cuenta con la participaci\u00f3n activa de 12 cient\u00edficos de prestigio internacional<\/h2>\n<p><strong>Con una financiaci\u00f3n total de 1,2 MM euros, la C\u00e1tedra de IA en Medicina Personalizada es \u00fanica en Espa\u00f1a. Por ello, la iniciativa que lidera Plexus Tech ha conseguido un importante apoyo del Gobierno Central.<\/strong> Este llega a trav\u00e9s de la Estrategia Nacional de Inteligencia Artificial (ENIA), la agenda Espa\u00f1a Digital 2026, as\u00ed como en el Plan de Recuperaci\u00f3n, Transformaci\u00f3n y Resiliencia.<\/p>\n<p>Para ello, se han tenido en cuenta su importancia y su aval profesional. En esta l\u00ednea, <strong>entre los expertos cient\u00edficos y las expertas cient\u00edficas que la avalan, destacan los directores y las directoras de cinco de los centros de investigaci\u00f3n de referencia en Espa\u00f1a:<\/strong><\/p>\n<ul>\n<li>Mar\u00eda Luz Couce, directora cient\u00edfica del IDIS.<\/li>\n<li>Rosa Mar\u00eda Crujeiras, directora del CITMAga.<\/li>\n<li>Mabel Loza, directora del CiMUS.<\/li>\n<li>\u00c1ngel Carracedo, director del Centro Nacional de Genotipado-ISCIII.<\/li>\n<li>Sen\u00e9n Barro, director del CiTIUS.<\/li>\n<\/ul>\n<p>Adem\u00e1s, completan la lista de garantes, figuras sobresalientes en sus campos de investigaci\u00f3n:<\/p>\n<ul>\n<li>Wenceslao Gonz\u00e1lez, Premio Nacional de Estad\u00edstica 2021.<\/li>\n<li>Mar\u00eda Jos\u00e9 Alonso, Premio Nacional de Investigaci\u00f3n Juan de la Cierva 2021.<\/li>\n<li>O Jos\u00e9 Ram\u00f3n Gonz\u00e1lez Juanatey, jefe de Servicio de Cardiolog\u00eda del Hospital Cl\u00ednico de Santiago de Compostela.<\/li>\n<\/ul>\n<h3>Objetivo: generar conocimiento para la personalizaci\u00f3n de los procesos asistenciales<\/h3>\n<p>Con esta n\u00f3mina de investigadores, la C\u00e1tedra <strong>arranca con una duraci\u00f3n inicial de cuatro a\u00f1os, pero con la premisa de perdurar en el tiempo.<\/strong> Con varias l\u00edneas de investigaci\u00f3n ya en marcha, <strong>se busca desarrollar conocimiento que permita crear soluciones de innovaci\u00f3n que optimicen la calidad de la atenci\u00f3n sanitaria<\/strong>. El objetivo es adecuarla, a trav\u00e9s de las herramientas tech, a las necesidades individuales de cada paciente, con la <strong>personalizaci\u00f3n de los procesos asistenciales<\/strong>.<\/p>\n<p><strong>\u00abExiste un consenso generalizado sobre el hecho de que la IA est\u00e1 llamada a revolucionar la Medicina Personalizada de Precisi\u00f3n y, por extensi\u00f3n, el desarrollo mismo de la medicina del futuro. Por ello, el fin es la salud y la calidad de vida de las personas, pero en el medio est\u00e1n las m\u00e1quinas y las tecnolog\u00edas inteligentes\u00bb<\/strong>, se\u00f1ala Sen\u00e9n Barro, director de la C\u00e1tedra y del CITIUS.<\/p>\n<\/div><\/div><style type=\"text\/css\">.fusion-body .fusion-builder-column-0{width:100% !important;margin-top : 20px;margin-bottom : 20px;}.fusion-builder-column-0 > .fusion-column-wrapper {padding-top : 0px !important;padding-right : 0px !important;margin-right : 1.92%;padding-bottom : 0px !important;padding-left : 0px !important;margin-left : 1.92%;}@media only screen and (max-width:1200px) {.fusion-body .fusion-builder-column-0{width:100% !important;order : 0;}.fusion-builder-column-0 > .fusion-column-wrapper {margin-right : 1.92%;margin-left : 1.92%;}}@media only screen and (max-width:640px) {.fusion-body .fusion-builder-column-0{width:100% !important;order : 0;}.fusion-builder-column-0 > .fusion-column-wrapper {margin-right : 1.92%;margin-left : 1.92%;}}<\/style><\/div><\/div><style type=\"text\/css\">.fusion-body .fusion-flex-container.fusion-builder-row-1{ padding-top : 0px;margin-top : 0px;padding-right : 0px;padding-bottom : 0px;margin-bottom : 0px;padding-left : 0px;}<\/style><\/div>\n","protected":false},"excerpt":{"rendered":"<p>Esta C\u00e1tedra de IA aplicada al \u00e1mbito sanitario, que lidera Plexus Tech, es \u00fanica en Espa\u00f1a y surge de la colaboraci\u00f3n con la USC y el CiTIUS<\/p>\n","protected":false},"author":1,"featured_media":36136,"comment_status":"open","ping_status":"open","sticky":false,"template":"","format":"standard","meta":[],"categories":[42,105],"tags":[],"yoast_head":"<!-- This site is optimized with the Yoast SEO plugin v17.4 - https:\/\/yoast.com\/wordpress\/plugins\/seo\/ -->\n<title>Plexus Tech refuerza su apuesta por la innovaci\u00f3n con una C\u00e1tedra de IA<\/title>\n<meta name=\"description\" content=\"Esta C\u00e1tedra de IA que lidera Plexus Tech, \u00fanica en Espa\u00f1a, surge de la colaboraci\u00f3n con la USC y el CiTIUS\" \/>\n<meta name=\"robots\" content=\"index, follow, max-snippet:-1, max-image-preview:large, max-video-preview:-1\" \/>\n<link rel=\"canonical\" href=\"https:\/\/www.plexus.es\/plexus-tech-compromiso-innovacion-catedra-ia-medicina-personalizada\/\" \/>\n<meta property=\"og:locale\" content=\"pl_PL\" \/>\n<meta property=\"og:type\" content=\"article\" \/>\n<meta property=\"og:title\" content=\"Plexus Tech refuerza su apuesta por la innovaci\u00f3n con una C\u00e1tedra de IA\" \/>\n<meta property=\"og:description\" content=\"Esta C\u00e1tedra de IA que lidera Plexus Tech, \u00fanica en Espa\u00f1a, surge de la colaboraci\u00f3n con la USC y el CiTIUS\" \/>\n<meta property=\"og:url\" content=\"https:\/\/www.plexus.es\/plexus-tech-compromiso-innovacion-catedra-ia-medicina-personalizada\/\" \/>\n<meta property=\"og:site_name\" content=\"Plexus Tech\" \/>\n<meta property=\"article:publisher\" content=\"https:\/\/www.facebook.com\/Plexus.Techno\" \/>\n<meta property=\"article:published_time\" content=\"2024-01-26T10:08:11+00:00\" \/>\n<meta property=\"article:modified_time\" content=\"2024-05-17T12:11:35+00:00\" \/>\n<meta property=\"og:image\" content=\"https:\/\/www.plexus.es\/wp-content\/uploads\/2024\/01\/240124_RRSS_USC-Citius-IA_948x600-1.png\" \/>\n\t<meta property=\"og:image:width\" content=\"948\" \/>\n\t<meta property=\"og:image:height\" content=\"601\" \/>\n<meta name=\"twitter:card\" content=\"summary_large_image\" \/>\n<meta name=\"twitter:creator\" content=\"@plexustech_\" \/>\n<meta name=\"twitter:site\" content=\"@plexustech_\" \/>\n<meta name=\"twitter:label1\" content=\"Napisane przez\" \/>\n\t<meta name=\"twitter:data1\" content=\"admin_plexus\" \/>\n\t<meta name=\"twitter:label2\" content=\"Szacowany czas czytania\" \/>\n\t<meta name=\"twitter:data2\" content=\"8 minut\" \/>\n<script type=\"application\/ld+json\" class=\"yoast-schema-graph\">{\"@context\":\"https:\/\/schema.org\",\"@graph\":[{\"@type\":\"Organization\",\"@id\":\"https:\/\/www.plexus.es\/#organization\",\"name\":\"Plexus Tech\",\"url\":\"https:\/\/www.plexus.es\/\",\"sameAs\":[\"https:\/\/www.facebook.com\/Plexus.Techno\",\"https:\/\/www.instagram.com\/plexus.tech\/\",\"https:\/\/www.linkedin.com\/company\/plexus-tech\/mycompany\/\",\"https:\/\/www.youtube.com\/user\/tecnologiasplexus\",\"https:\/\/twitter.com\/plexustech_\"],\"logo\":{\"@type\":\"ImageObject\",\"@id\":\"https:\/\/www.plexus.es\/#logo\",\"inLanguage\":\"pl-PL\",\"url\":\"https:\/\/www.plexus.es\/wp-content\/uploads\/2021\/11\/logo-plexus-2021.png\",\"contentUrl\":\"https:\/\/www.plexus.es\/wp-content\/uploads\/2021\/11\/logo-plexus-2021.png\",\"width\":600,\"height\":600,\"caption\":\"Plexus Tech\"},\"image\":{\"@id\":\"https:\/\/www.plexus.es\/#logo\"}},{\"@type\":\"WebSite\",\"@id\":\"https:\/\/www.plexus.es\/#website\",\"url\":\"https:\/\/www.plexus.es\/\",\"name\":\"Plexus Tech\",\"description\":\"Tecnolog\\u00eda con Alma\",\"publisher\":{\"@id\":\"https:\/\/www.plexus.es\/#organization\"},\"potentialAction\":[{\"@type\":\"SearchAction\",\"target\":{\"@type\":\"EntryPoint\",\"urlTemplate\":\"https:\/\/www.plexus.es\/?s={search_term_string}\"},\"query-input\":\"required name=search_term_string\"}],\"inLanguage\":\"pl-PL\"},{\"@type\":\"ImageObject\",\"@id\":\"https:\/\/www.plexus.es\/plexus-tech-compromiso-innovacion-catedra-ia-medicina-personalizada\/#primaryimage\",\"inLanguage\":\"pl-PL\",\"url\":\"https:\/\/www.plexus.es\/wp-content\/uploads\/2024\/01\/240124_RRSS_USC-Citius-IA_948x600-1.png\",\"contentUrl\":\"https:\/\/www.plexus.es\/wp-content\/uploads\/2024\/01\/240124_RRSS_USC-Citius-IA_948x600-1.png\",\"width\":948,\"height\":601,\"caption\":\"C\\u00e1tedra de IA en Medicina Personalizada de Precisi\\u00f3n, liderada por Plexus Tech, en colaboraci\\u00f3n con la USC y el CiTIUS\"},{\"@type\":\"WebPage\",\"@id\":\"https:\/\/www.plexus.es\/plexus-tech-compromiso-innovacion-catedra-ia-medicina-personalizada\/#webpage\",\"url\":\"https:\/\/www.plexus.es\/plexus-tech-compromiso-innovacion-catedra-ia-medicina-personalizada\/\",\"name\":\"Plexus Tech refuerza su apuesta por la innovaci\\u00f3n con una C\\u00e1tedra de IA\",\"isPartOf\":{\"@id\":\"https:\/\/www.plexus.es\/#website\"},\"primaryImageOfPage\":{\"@id\":\"https:\/\/www.plexus.es\/plexus-tech-compromiso-innovacion-catedra-ia-medicina-personalizada\/#primaryimage\"},\"datePublished\":\"2024-01-26T10:08:11+00:00\",\"dateModified\":\"2024-05-17T12:11:35+00:00\",\"description\":\"Esta C\\u00e1tedra de IA que lidera Plexus Tech, \\u00fanica en Espa\\u00f1a, surge de la colaboraci\\u00f3n con la USC y el CiTIUS\",\"breadcrumb\":{\"@id\":\"https:\/\/www.plexus.es\/plexus-tech-compromiso-innovacion-catedra-ia-medicina-personalizada\/#breadcrumb\"},\"inLanguage\":\"pl-PL\",\"potentialAction\":[{\"@type\":\"ReadAction\",\"target\":[\"https:\/\/www.plexus.es\/plexus-tech-compromiso-innovacion-catedra-ia-medicina-personalizada\/\"]}]},{\"@type\":\"BreadcrumbList\",\"@id\":\"https:\/\/www.plexus.es\/plexus-tech-compromiso-innovacion-catedra-ia-medicina-personalizada\/#breadcrumb\",\"itemListElement\":[{\"@type\":\"ListItem\",\"position\":1,\"name\":\"Home\",\"item\":\"https:\/\/www.plexus.es\/\"},{\"@type\":\"ListItem\",\"position\":2,\"name\":\"Impulso a la innovaci\\u00f3n con la C\\u00e1tedra de IA en Medicina Personalizada\"}]},{\"@type\":\"Article\",\"@id\":\"https:\/\/www.plexus.es\/plexus-tech-compromiso-innovacion-catedra-ia-medicina-personalizada\/#article\",\"isPartOf\":{\"@id\":\"https:\/\/www.plexus.es\/plexus-tech-compromiso-innovacion-catedra-ia-medicina-personalizada\/#webpage\"},\"author\":{\"@id\":\"https:\/\/www.plexus.es\/#\/schema\/person\/8f02d5ce6d7b659fa68b0e90317c5171\"},\"headline\":\"Impulso a la innovaci\\u00f3n con la C\\u00e1tedra de IA en Medicina Personalizada\",\"datePublished\":\"2024-01-26T10:08:11+00:00\",\"dateModified\":\"2024-05-17T12:11:35+00:00\",\"mainEntityOfPage\":{\"@id\":\"https:\/\/www.plexus.es\/plexus-tech-compromiso-innovacion-catedra-ia-medicina-personalizada\/#webpage\"},\"wordCount\":1415,\"commentCount\":0,\"publisher\":{\"@id\":\"https:\/\/www.plexus.es\/#organization\"},\"image\":{\"@id\":\"https:\/\/www.plexus.es\/plexus-tech-compromiso-innovacion-catedra-ia-medicina-personalizada\/#primaryimage\"},\"thumbnailUrl\":\"https:\/\/www.plexus.es\/wp-content\/uploads\/2024\/01\/240124_RRSS_USC-Citius-IA_948x600-1.png\",\"articleSection\":[\"Sanidad\",\"Tech&amp;Innovaci\\u00f3n\"],\"inLanguage\":\"pl-PL\",\"potentialAction\":[{\"@type\":\"CommentAction\",\"name\":\"Comment\",\"target\":[\"https:\/\/www.plexus.es\/plexus-tech-compromiso-innovacion-catedra-ia-medicina-personalizada\/#respond\"]}]},{\"@type\":\"Person\",\"@id\":\"https:\/\/www.plexus.es\/#\/schema\/person\/8f02d5ce6d7b659fa68b0e90317c5171\",\"name\":\"admin_plexus\",\"image\":{\"@type\":\"ImageObject\",\"@id\":\"https:\/\/www.plexus.es\/#personlogo\",\"inLanguage\":\"pl-PL\",\"url\":\"https:\/\/secure.gravatar.com\/avatar\/c1d7caf9a4063a74393abcf91991e9cd?s=96&d=mm&r=g\",\"contentUrl\":\"https:\/\/secure.gravatar.com\/avatar\/c1d7caf9a4063a74393abcf91991e9cd?s=96&d=mm&r=g\",\"caption\":\"admin_plexus\"},\"sameAs\":[\"https:\/\/www.plexus.es\"]}]}<\/script>\n<!-- \/ Yoast SEO plugin. -->","yoast_head_json":{"title":"Plexus Tech refuerza su apuesta por la innovaci\u00f3n con una C\u00e1tedra de IA","description":"Esta C\u00e1tedra de IA que lidera Plexus Tech, \u00fanica en Espa\u00f1a, surge de la colaboraci\u00f3n con la USC y el CiTIUS","robots":{"index":"index","follow":"follow","max-snippet":"max-snippet:-1","max-image-preview":"max-image-preview:large","max-video-preview":"max-video-preview:-1"},"canonical":"https:\/\/www.plexus.es\/plexus-tech-compromiso-innovacion-catedra-ia-medicina-personalizada\/","og_locale":"pl_PL","og_type":"article","og_title":"Plexus Tech refuerza su apuesta por la innovaci\u00f3n con una C\u00e1tedra de IA","og_description":"Esta C\u00e1tedra de IA que lidera Plexus Tech, \u00fanica en Espa\u00f1a, surge de la colaboraci\u00f3n con la USC y el CiTIUS","og_url":"https:\/\/www.plexus.es\/plexus-tech-compromiso-innovacion-catedra-ia-medicina-personalizada\/","og_site_name":"Plexus Tech","article_publisher":"https:\/\/www.facebook.com\/Plexus.Techno","article_published_time":"2024-01-26T10:08:11+00:00","article_modified_time":"2024-05-17T12:11:35+00:00","og_image":[{"width":948,"height":601,"url":"https:\/\/www.plexus.es\/wp-content\/uploads\/2024\/01\/240124_RRSS_USC-Citius-IA_948x600-1.png","type":"image\/png"}],"twitter_card":"summary_large_image","twitter_creator":"@plexustech_","twitter_site":"@plexustech_","twitter_misc":{"Napisane przez":"admin_plexus","Szacowany czas czytania":"8 minut"},"schema":{"@context":"https:\/\/schema.org","@graph":[{"@type":"Organization","@id":"https:\/\/www.plexus.es\/#organization","name":"Plexus Tech","url":"https:\/\/www.plexus.es\/","sameAs":["https:\/\/www.facebook.com\/Plexus.Techno","https:\/\/www.instagram.com\/plexus.tech\/","https:\/\/www.linkedin.com\/company\/plexus-tech\/mycompany\/","https:\/\/www.youtube.com\/user\/tecnologiasplexus","https:\/\/twitter.com\/plexustech_"],"logo":{"@type":"ImageObject","@id":"https:\/\/www.plexus.es\/#logo","inLanguage":"pl-PL","url":"https:\/\/www.plexus.es\/wp-content\/uploads\/2021\/11\/logo-plexus-2021.png","contentUrl":"https:\/\/www.plexus.es\/wp-content\/uploads\/2021\/11\/logo-plexus-2021.png","width":600,"height":600,"caption":"Plexus Tech"},"image":{"@id":"https:\/\/www.plexus.es\/#logo"}},{"@type":"WebSite","@id":"https:\/\/www.plexus.es\/#website","url":"https:\/\/www.plexus.es\/","name":"Plexus Tech","description":"Tecnolog\u00eda con Alma","publisher":{"@id":"https:\/\/www.plexus.es\/#organization"},"potentialAction":[{"@type":"SearchAction","target":{"@type":"EntryPoint","urlTemplate":"https:\/\/www.plexus.es\/?s={search_term_string}"},"query-input":"required name=search_term_string"}],"inLanguage":"pl-PL"},{"@type":"ImageObject","@id":"https:\/\/www.plexus.es\/plexus-tech-compromiso-innovacion-catedra-ia-medicina-personalizada\/#primaryimage","inLanguage":"pl-PL","url":"https:\/\/www.plexus.es\/wp-content\/uploads\/2024\/01\/240124_RRSS_USC-Citius-IA_948x600-1.png","contentUrl":"https:\/\/www.plexus.es\/wp-content\/uploads\/2024\/01\/240124_RRSS_USC-Citius-IA_948x600-1.png","width":948,"height":601,"caption":"C\u00e1tedra de IA en Medicina Personalizada de Precisi\u00f3n, liderada por Plexus Tech, en colaboraci\u00f3n con la USC y el CiTIUS"},{"@type":"WebPage","@id":"https:\/\/www.plexus.es\/plexus-tech-compromiso-innovacion-catedra-ia-medicina-personalizada\/#webpage","url":"https:\/\/www.plexus.es\/plexus-tech-compromiso-innovacion-catedra-ia-medicina-personalizada\/","name":"Plexus Tech refuerza su apuesta por la innovaci\u00f3n con una C\u00e1tedra de IA","isPartOf":{"@id":"https:\/\/www.plexus.es\/#website"},"primaryImageOfPage":{"@id":"https:\/\/www.plexus.es\/plexus-tech-compromiso-innovacion-catedra-ia-medicina-personalizada\/#primaryimage"},"datePublished":"2024-01-26T10:08:11+00:00","dateModified":"2024-05-17T12:11:35+00:00","description":"Esta C\u00e1tedra de IA que lidera Plexus Tech, \u00fanica en Espa\u00f1a, surge de la colaboraci\u00f3n con la USC y el CiTIUS","breadcrumb":{"@id":"https:\/\/www.plexus.es\/plexus-tech-compromiso-innovacion-catedra-ia-medicina-personalizada\/#breadcrumb"},"inLanguage":"pl-PL","potentialAction":[{"@type":"ReadAction","target":["https:\/\/www.plexus.es\/plexus-tech-compromiso-innovacion-catedra-ia-medicina-personalizada\/"]}]},{"@type":"BreadcrumbList","@id":"https:\/\/www.plexus.es\/plexus-tech-compromiso-innovacion-catedra-ia-medicina-personalizada\/#breadcrumb","itemListElement":[{"@type":"ListItem","position":1,"name":"Home","item":"https:\/\/www.plexus.es\/"},{"@type":"ListItem","position":2,"name":"Impulso a la innovaci\u00f3n con la C\u00e1tedra de IA en Medicina Personalizada"}]},{"@type":"Article","@id":"https:\/\/www.plexus.es\/plexus-tech-compromiso-innovacion-catedra-ia-medicina-personalizada\/#article","isPartOf":{"@id":"https:\/\/www.plexus.es\/plexus-tech-compromiso-innovacion-catedra-ia-medicina-personalizada\/#webpage"},"author":{"@id":"https:\/\/www.plexus.es\/#\/schema\/person\/8f02d5ce6d7b659fa68b0e90317c5171"},"headline":"Impulso a la innovaci\u00f3n con la C\u00e1tedra de IA en Medicina Personalizada","datePublished":"2024-01-26T10:08:11+00:00","dateModified":"2024-05-17T12:11:35+00:00","mainEntityOfPage":{"@id":"https:\/\/www.plexus.es\/plexus-tech-compromiso-innovacion-catedra-ia-medicina-personalizada\/#webpage"},"wordCount":1415,"commentCount":0,"publisher":{"@id":"https:\/\/www.plexus.es\/#organization"},"image":{"@id":"https:\/\/www.plexus.es\/plexus-tech-compromiso-innovacion-catedra-ia-medicina-personalizada\/#primaryimage"},"thumbnailUrl":"https:\/\/www.plexus.es\/wp-content\/uploads\/2024\/01\/240124_RRSS_USC-Citius-IA_948x600-1.png","articleSection":["Sanidad","Tech&amp;Innovaci\u00f3n"],"inLanguage":"pl-PL","potentialAction":[{"@type":"CommentAction","name":"Comment","target":["https:\/\/www.plexus.es\/plexus-tech-compromiso-innovacion-catedra-ia-medicina-personalizada\/#respond"]}]},{"@type":"Person","@id":"https:\/\/www.plexus.es\/#\/schema\/person\/8f02d5ce6d7b659fa68b0e90317c5171","name":"admin_plexus","image":{"@type":"ImageObject","@id":"https:\/\/www.plexus.es\/#personlogo","inLanguage":"pl-PL","url":"https:\/\/secure.gravatar.com\/avatar\/c1d7caf9a4063a74393abcf91991e9cd?s=96&d=mm&r=g","contentUrl":"https:\/\/secure.gravatar.com\/avatar\/c1d7caf9a4063a74393abcf91991e9cd?s=96&d=mm&r=g","caption":"admin_plexus"},"sameAs":["https:\/\/www.plexus.es"]}]}},"_links":{"self":[{"href":"https:\/\/www.plexus.es\/pl\/wp-json\/wp\/v2\/posts\/36129"}],"collection":[{"href":"https:\/\/www.plexus.es\/pl\/wp-json\/wp\/v2\/posts"}],"about":[{"href":"https:\/\/www.plexus.es\/pl\/wp-json\/wp\/v2\/types\/post"}],"author":[{"embeddable":true,"href":"https:\/\/www.plexus.es\/pl\/wp-json\/wp\/v2\/users\/1"}],"replies":[{"embeddable":true,"href":"https:\/\/www.plexus.es\/pl\/wp-json\/wp\/v2\/comments?post=36129"}],"version-history":[{"count":18,"href":"https:\/\/www.plexus.es\/pl\/wp-json\/wp\/v2\/posts\/36129\/revisions"}],"predecessor-version":[{"id":41882,"href":"https:\/\/www.plexus.es\/pl\/wp-json\/wp\/v2\/posts\/36129\/revisions\/41882"}],"wp:featuredmedia":[{"embeddable":true,"href":"https:\/\/www.plexus.es\/pl\/wp-json\/wp\/v2\/media\/36136"}],"wp:attachment":[{"href":"https:\/\/www.plexus.es\/pl\/wp-json\/wp\/v2\/media?parent=36129"}],"wp:term":[{"taxonomy":"category","embeddable":true,"href":"https:\/\/www.plexus.es\/pl\/wp-json\/wp\/v2\/categories?post=36129"},{"taxonomy":"post_tag","embeddable":true,"href":"https:\/\/www.plexus.es\/pl\/wp-json\/wp\/v2\/tags?post=36129"}],"curies":[{"name":"wp","href":"https:\/\/api.w.org\/{rel}","templated":true}]}}