{"id":36587,"date":"2024-02-28T19:07:42","date_gmt":"2024-02-28T18:07:42","guid":{"rendered":"https:\/\/www.plexus.es\/?p=36587"},"modified":"2024-05-27T15:48:13","modified_gmt":"2024-05-27T13:48:13","slug":"plexus-tech-crecimiento-entrada-capital-portobello-capital","status":"publish","type":"post","link":"https:\/\/www.plexus.es\/pl\/plexus-tech-crecimiento-entrada-capital-portobello-capital\/","title":{"rendered":"Plexus Tech prepara su crecimiento con la entrada en su capital de la gestora de fondos Portobello Capital"},"content":{"rendered":"<div class=\"fusion-fullwidth fullwidth-box fusion-builder-row-1 fusion-flex-container container-detail-news plexus_css nonhundred-percent-fullwidth non-hundred-percent-height-scrolling\" style=\"background-color: rgba(255,255,255,0);background-position: center center;background-repeat: no-repeat;border-width: 0px 0px 0px 0px;border-color:#e8ebef;border-style:solid;\" ><div class=\"fusion-builder-row fusion-row fusion-flex-align-items-flex-start\" style=\"max-width:1310.4px;margin-left: calc(-4% \/ 2 );margin-right: calc(-4% \/ 2 );\"><div class=\"fusion-layout-column fusion_builder_column fusion-builder-column-0 fusion_builder_column_1_1 1_1 fusion-flex-column fusion-flex-align-self-stretch\"><div class=\"fusion-column-wrapper fusion-flex-justify-content-center fusion-content-layout-column\" style=\"background-position:left top;background-repeat:no-repeat;-webkit-background-size:cover;-moz-background-size:cover;-o-background-size:cover;background-size:cover;padding: 0px 0px 0px 0px;\"><div style=\"text-align:center;\"><span class=\" fusion-imageframe imageframe-none imageframe-1 hover-type-none\" style=\"border-radius:12px;margin-top:0px;margin-right:0px;margin-bottom:0px;margin-left:0px;\"><a class=\"fusion-no-lightbox\" href=\"https:\/\/www.linkedin.com\/posts\/plexus-tech_goodnews-gemelosdigitales-platgdia-activity-7146514515004735488-uBrB?utm_source=share&amp;utm_medium=member_desktop\" target=\"_self\" aria-label=\"240229_Partners_Portobello-RRSS_V2\"><img width=\"600\" height=\"380\" alt=\"La compa\u00f1\u00eda tecnol\u00f3gica Plexus Tech ha desarrollado un plan de expansi\u00f3n nacional e internacional y ha apostado por la incorporaci\u00f3n en su accionariado de la gestora de fondos de minor\u00edas, Portobello Capital.\" src=\"https:\/\/www.plexus.es\/wp-content\/uploads\/2024\/02\/240229_Partners_Portobello-RRSS_V2.jpg\" data-orig-src=\"https:\/\/www.plexus.es\/wp-content\/uploads\/2024\/02\/240229_Partners_Portobello-RRSS_V2-600x380.jpg\" class=\"lazyload img-responsive wp-image-36620\" srcset=\"data:image\/svg+xml,%3Csvg%20xmlns%3D%27http%3A%2F%2Fwww.w3.org%2F2000%2Fsvg%27%20width%3D%27948%27%20height%3D%27600%27%20viewBox%3D%270%200%20948%20600%27%3E%3Crect%20width%3D%27948%27%20height%3D%27600%27%20fill-opacity%3D%220%22%2F%3E%3C%2Fsvg%3E\" data-srcset=\"https:\/\/www.plexus.es\/wp-content\/uploads\/2024\/02\/240229_Partners_Portobello-RRSS_V2-200x127.jpg 200w, https:\/\/www.plexus.es\/wp-content\/uploads\/2024\/02\/240229_Partners_Portobello-RRSS_V2-400x253.jpg 400w, https:\/\/www.plexus.es\/wp-content\/uploads\/2024\/02\/240229_Partners_Portobello-RRSS_V2-600x380.jpg 600w, https:\/\/www.plexus.es\/wp-content\/uploads\/2024\/02\/240229_Partners_Portobello-RRSS_V2-800x506.jpg 800w, https:\/\/www.plexus.es\/wp-content\/uploads\/2024\/02\/240229_Partners_Portobello-RRSS_V2.jpg 948w\" data-sizes=\"auto\" data-orig-sizes=\"(max-width: 640px) 100vw, 600px\" \/><\/a><\/span><\/div><\/div><style type=\"text\/css\">.fusion-body .fusion-builder-column-0{width:100% !important;margin-top : 20px;margin-bottom : 20px;}.fusion-builder-column-0 > .fusion-column-wrapper {padding-top : 0px !important;padding-right : 0px !important;margin-right : 1.92%;padding-bottom : 0px !important;padding-left : 0px !important;margin-left : 1.92%;}@media only screen and (max-width:1200px) {.fusion-body .fusion-builder-column-0{width:100% !important;order : 0;}.fusion-builder-column-0 > .fusion-column-wrapper {margin-right : 1.92%;margin-left : 1.92%;}}@media only screen and (max-width:640px) {.fusion-body .fusion-builder-column-0{width:100% !important;order : 0;}.fusion-builder-column-0 > .fusion-column-wrapper {margin-right : 1.92%;margin-left : 1.92%;}}<\/style><\/div><div class=\"fusion-layout-column fusion_builder_column fusion-builder-column-1 fusion_builder_column_1_1 1_1 fusion-flex-column\"><div class=\"fusion-column-wrapper fusion-flex-justify-content-flex-start fusion-content-layout-column\" style=\"background-position:left top;background-repeat:no-repeat;-webkit-background-size:cover;-moz-background-size:cover;-o-background-size:cover;background-size:cover;padding: 0px 0px 0px 0px;\"><div class=\"fusion-text fusion-text-1\"><ul>\n<li style=\"text-align: left;\">\n<p class=\"fusion-responsive-typography-calculated\" style=\"--fontsize: 24; line-height: 1;\" data-fontsize=\"24\" data-lineheight=\"24px\"><strong>Fundada en Santiago de Compostela, Plexus Tech es una compa\u00f1\u00eda tecnol\u00f3gica con cerca de 25 a\u00f1os de experiencia que cuenta con una expansi\u00f3n nacional consolidada.<\/strong><\/p>\n<\/li>\n<li style=\"text-align: left;\">\n<p class=\"fusion-responsive-typography-calculated\"><strong>La entrada minoritaria de Portobello Capital tiene como objetivo apoyar a Plexus Tech en una nueva etapa centrada en el crecimiento org\u00e1nico e inorg\u00e1nico, incorporando compa\u00f1\u00edas emergentes de alto valor a\u00f1adido.<\/strong><\/p>\n<\/li>\n<\/ul>\n<p>Plexus Tech ha desarrollado un <strong>plan de expansi\u00f3n nacional e internacional<\/strong>, apostando por la incorporaci\u00f3n en su accionariado de la gestora de fondos de minor\u00edas, <a href=\"https:\/\/www.portobellocapital.es\/\" target=\"_blank\" rel=\"noopener\"><strong>Portobello Capital<\/strong><\/a>. La firma ha adquirido una participaci\u00f3n minoritaria de la compa\u00f1\u00eda para impulsar un crecimiento org\u00e1nico e inorg\u00e1nico de la tecnol\u00f3gica en los pr\u00f3ximos a\u00f1os. <strong>El fundador y CEO de Plexus Tech, Antonio Agrasar, se mantendr\u00e1 como accionista mayoritario, asegurando la continuidad y estabilidad de la empresa.<\/strong><\/p>\n<p>Fundada en Santiago de Compostela, <strong>Plexus Tech cuenta con cerca de 25 a\u00f1os de trayectoria<\/strong>. Entre sus principales clientes, destacan la pr\u00e1ctica totalidad de las empresas del IBEX35, as\u00ed como una amplia mayor\u00eda de entidades. Entre ellas se encuentran firmas financieras, los grandes retailers del pa\u00eds, operadores tur\u00edsticos, aseguradoras, administraciones p\u00fablicas y otros grandes organismos y compa\u00f1\u00edas espa\u00f1olas. A estas las acompa\u00f1an en un total de 27 pa\u00edses a lo largo de todo el mundo.<\/p>\n<p>En esta l\u00ednea, la colaboraci\u00f3n entre los socios fundadores de Plexus Tech y Portobello Capital busca <strong>potenciar la posici\u00f3n de la primera en el mercado TIC nacional e internacional. Adem\u00e1s, busca abrir nuevas oportunidades de crecimiento<\/strong> con la integraci\u00f3n de nuevas compa\u00f1\u00edas tecnol\u00f3gicas con un conocimiento de alto valor a\u00f1adido dentro del sector. Este es el foco que claramente comparten ambas partes despu\u00e9s de meses analizando el sector tecnol\u00f3gico dentro y fuera de nuestro pa\u00eds.<\/p>\n<h2 class=\"fusion-responsive-typography-calculated\" style=\"--fontsize: 32; line-height: 1;\" data-fontsize=\"32\" data-lineheight=\"normal\">La tecnol\u00f3gica es ya referente en sectores con tecnolog\u00edas de alto valor a\u00f1adido y su crecimiento econ\u00f3mico anual supera el 20% en la \u00faltima d\u00e9cada.<\/h2>\n<p>Asimismo, el crecimiento de la tecnol\u00f3gica fomenta una din\u00e1mica de constante incorporaci\u00f3n de personal cualificado. As\u00ed, ha llegado a unas cifras de crecimiento de sus equipos desde 2,000 a <strong>m\u00e1s de 2,700 profesionales en 2023<\/strong>. Esto, unido a una estructura s\u00f3lida y a la especializaci\u00f3n de los equipos, ha permitido desarrollar una metodolog\u00eda interna propia que mantiene este crecimiento sostenido en el tiempo. La empresa alcanz\u00f3 una <strong>cifra de negocio de m\u00e1s de 185 millones en 2023<\/strong>, un ritmo de crecimiento econ\u00f3mico a doble d\u00edgito, paralelo a la incorporaci\u00f3n de personal.<\/p>\n<p>En este sentido, Plexus Tech opera en el sector de los servicios tecnol\u00f3gicos, un mercado en constante crecimiento. Pese a los desaf\u00edos que plantea el contexto de incertidumbre global, la transici\u00f3n digital sigue siendo una ruta indispensable en todos los sectores.<\/p>\n<p>\u201c<strong>Portobello Capital nos apoyar\u00e1 con una visi\u00f3n estrat\u00e9gica y experiencia contrastada en proyectos de crecimiento<\/strong>, as\u00ed como en impulsar y fortalecer la organizaci\u00f3n para poder llevar a cabo las integraciones de otras compa\u00f1\u00edas con \u00e9xito. Esta operaci\u00f3n nos ayudar\u00e1 tambi\u00e9n a expandir y optimizar nuestras capacidades, considerando este punto uno de los objetivos estrat\u00e9gicos\u201d, comenta<strong> Antonio Agrasar, fundador y CEO de Plexus Tech<\/strong>.<\/p>\n<p>\u201c<strong>Plexus Tech cumple con todas las caracter\u00edsticas que buscamos en nuestras inversiones.<\/strong> Su gran trayectoria de crecimiento y posicionamiento en servicios de calidad, en un \u00e1mbito tan demandado como la transformaci\u00f3n digital, suponen una gran incorporaci\u00f3n a nuestra cartera. Estamos encantados de asociarnos con Antonio Agrasar, Jos\u00e9 Vi\u00f1a y Leo Touceda. Hemos forjado una estrecha relaci\u00f3n y compartimos visi\u00f3n sobre el gran potencial futuro de la compa\u00f1\u00eda\u201d, subraya <strong>Carlos Dolz de Espejo, socio de Portobello Capital<\/strong>.<\/p>\n<h2 class=\"fusion-responsive-typography-calculated\" style=\"--fontsize: 32;\" data-fontsize=\"32\" data-lineheight=\"normal\"><strong>Sobre Plexus Tech.<\/strong><\/h2>\n<p>Fundada en el a\u00f1o 2000, <strong>Plexus Tech es una compa\u00f1\u00eda tecnol\u00f3gica especializada en servicios de alto valor a\u00f1adido y productos IT<\/strong>. Dispone asimismo de un ecosistema tecnol\u00f3gico de <a href=\"https:\/\/www.plexus.es\/servicios\/\" target=\"_blank\" rel=\"noopener\"><span><strong>servicios 360<\/strong><\/span><\/a>, basado en la innovaci\u00f3n. Esto le permite contar entre sus clientes con la pr\u00e1ctica totalidad de empresas del IBEX 35. Destacan: el sector financiero, aseguradoras, retail, turismo, hospitality y administraciones p\u00fablicas. Precisamente, dentro de las AAPP, cuentan con una gran penetraci\u00f3n en el \u00e1mbito sanitario, servicios sociales y educaci\u00f3n. Su potencial radica en ayudar y acompa\u00f1ar a las empresas y administraciones p\u00fablicas a agilizar sus procesos de transformaci\u00f3n digital. <strong>Cuenta con casi 30 polos tecnol\u00f3gicos propios en todo el territorio nacional y presencia en 27 pa\u00edses como partner en el crecimiento de sus clientes<\/strong>.<\/p>\n<h2 class=\"fusion-responsive-typography-calculated\" style=\"--fontsize: 32;\" data-fontsize=\"32\" data-lineheight=\"normal\"><strong>Sobre Portobello Capital.<\/strong><\/h2>\n<p>Fundada en 2010, Portobello Capital es una de las principales gestoras independientes de capital riesgo del middle market con sede en Espa\u00f1a e inversiones en el sur de Europa. Cuenta con m\u00e1s de 2.100 millones de euros de activos gestionados, un equipo de m\u00e1s de 35 profesionales y 24 empresas participadas.<\/p>\n<\/div><div ><style type=\"text\/css\">.fusion-button.button-1 {border-radius:4px;}<\/style><a class=\"fusion-button button-flat fusion-button-default-size button-default button-1 fusion-button-default-span fusion-button-default-type\" target=\"_blank\" rel=\"noopener noreferrer\" href=\"https:\/\/www.plexus.es\/wp-content\/uploads\/2024\/02\/Plexus-Portobello_.pdf\"><span class=\"fusion-button-text\">Descargar PDF<\/span><\/a><\/div><\/div><style type=\"text\/css\">.fusion-body .fusion-builder-column-1{width:100% !important;margin-top : 20px;margin-bottom : 20px;}.fusion-builder-column-1 > .fusion-column-wrapper {padding-top : 0px !important;padding-right : 0px !important;margin-right : 1.92%;padding-bottom : 0px !important;padding-left : 0px !important;margin-left : 1.92%;}@media only screen and (max-width:1200px) {.fusion-body .fusion-builder-column-1{width:100% !important;order : 0;}.fusion-builder-column-1 > .fusion-column-wrapper {margin-right : 1.92%;margin-left : 1.92%;}}@media only screen and (max-width:640px) {.fusion-body .fusion-builder-column-1{width:100% !important;order : 0;}.fusion-builder-column-1 > .fusion-column-wrapper {margin-right : 1.92%;margin-left : 1.92%;}}<\/style><\/div><\/div><style type=\"text\/css\">.fusion-body .fusion-flex-container.fusion-builder-row-1{ padding-top : 0px;margin-top : 0px;padding-right : 0px;padding-bottom : 0px;margin-bottom : 0px;padding-left : 0px;}<\/style><\/div>\n","protected":false},"excerpt":{"rendered":"<p>La entrada minoritaria de Portobello Capital tiene como objetivo potenciar el ya exponencial crecimiento de la compa\u00f1\u00eda gallega<\/p>\n","protected":false},"author":1,"featured_media":36616,"comment_status":"open","ping_status":"open","sticky":false,"template":"","format":"standard","meta":[],"categories":[105],"tags":[],"yoast_head":"<!-- This site is optimized with the Yoast SEO plugin v17.4 - https:\/\/yoast.com\/wordpress\/plugins\/seo\/ -->\n<title>Plexus Tech prepara su crecimiento con la entrada de Portobello Capital<\/title>\n<meta name=\"description\" content=\"La entrada minoritaria de Portobello Capital en Plexus Tech tiene como objetivo potenciar el ya exponencial crecimiento de la compa\u00f1\u00eda\" \/>\n<meta name=\"robots\" content=\"index, follow, max-snippet:-1, max-image-preview:large, max-video-preview:-1\" \/>\n<link rel=\"canonical\" href=\"https:\/\/www.plexus.es\/plexus-tech-crecimiento-entrada-capital-portobello-capital\/\" \/>\n<meta property=\"og:locale\" content=\"pl_PL\" \/>\n<meta property=\"og:type\" content=\"article\" \/>\n<meta property=\"og:title\" content=\"Plexus Tech prepara su crecimiento con la entrada de Portobello Capital\" \/>\n<meta property=\"og:description\" content=\"La entrada minoritaria de Portobello Capital en Plexus Tech tiene como objetivo potenciar el ya exponencial crecimiento de la compa\u00f1\u00eda\" \/>\n<meta property=\"og:url\" content=\"https:\/\/www.plexus.es\/plexus-tech-crecimiento-entrada-capital-portobello-capital\/\" \/>\n<meta property=\"og:site_name\" content=\"Plexus Tech\" \/>\n<meta property=\"article:publisher\" content=\"https:\/\/www.facebook.com\/Plexus.Techno\" \/>\n<meta property=\"article:published_time\" content=\"2024-02-28T18:07:42+00:00\" \/>\n<meta property=\"article:modified_time\" content=\"2024-05-27T13:48:13+00:00\" \/>\n<meta property=\"og:image\" content=\"https:\/\/www.plexus.es\/wp-content\/uploads\/2024\/02\/240229_Partners_Portobello-RRSS_V2.jpg\" \/>\n\t<meta property=\"og:image:width\" content=\"948\" \/>\n\t<meta property=\"og:image:height\" content=\"600\" \/>\n<meta name=\"twitter:card\" content=\"summary_large_image\" \/>\n<meta name=\"twitter:creator\" content=\"@plexustech_\" \/>\n<meta name=\"twitter:site\" content=\"@plexustech_\" \/>\n<meta name=\"twitter:label1\" content=\"Napisane przez\" \/>\n\t<meta name=\"twitter:data1\" content=\"admin_plexus\" \/>\n\t<meta name=\"twitter:label2\" content=\"Szacowany czas czytania\" \/>\n\t<meta name=\"twitter:data2\" content=\"5 minut\" \/>\n<script type=\"application\/ld+json\" class=\"yoast-schema-graph\">{\"@context\":\"https:\/\/schema.org\",\"@graph\":[{\"@type\":\"Organization\",\"@id\":\"https:\/\/www.plexus.es\/#organization\",\"name\":\"Plexus Tech\",\"url\":\"https:\/\/www.plexus.es\/\",\"sameAs\":[\"https:\/\/www.facebook.com\/Plexus.Techno\",\"https:\/\/www.instagram.com\/plexus.tech\/\",\"https:\/\/www.linkedin.com\/company\/plexus-tech\/mycompany\/\",\"https:\/\/www.youtube.com\/user\/tecnologiasplexus\",\"https:\/\/twitter.com\/plexustech_\"],\"logo\":{\"@type\":\"ImageObject\",\"@id\":\"https:\/\/www.plexus.es\/#logo\",\"inLanguage\":\"pl-PL\",\"url\":\"https:\/\/www.plexus.es\/wp-content\/uploads\/2021\/11\/logo-plexus-2021.png\",\"contentUrl\":\"https:\/\/www.plexus.es\/wp-content\/uploads\/2021\/11\/logo-plexus-2021.png\",\"width\":600,\"height\":600,\"caption\":\"Plexus Tech\"},\"image\":{\"@id\":\"https:\/\/www.plexus.es\/#logo\"}},{\"@type\":\"WebSite\",\"@id\":\"https:\/\/www.plexus.es\/#website\",\"url\":\"https:\/\/www.plexus.es\/\",\"name\":\"Plexus Tech\",\"description\":\"Tecnolog\\u00eda con Alma\",\"publisher\":{\"@id\":\"https:\/\/www.plexus.es\/#organization\"},\"potentialAction\":[{\"@type\":\"SearchAction\",\"target\":{\"@type\":\"EntryPoint\",\"urlTemplate\":\"https:\/\/www.plexus.es\/?s={search_term_string}\"},\"query-input\":\"required name=search_term_string\"}],\"inLanguage\":\"pl-PL\"},{\"@type\":\"ImageObject\",\"@id\":\"https:\/\/www.plexus.es\/plexus-tech-crecimiento-entrada-capital-portobello-capital\/#primaryimage\",\"inLanguage\":\"pl-PL\",\"url\":\"https:\/\/www.plexus.es\/wp-content\/uploads\/2024\/02\/240229_Partners_Portobello-RRSS_V2.jpg\",\"contentUrl\":\"https:\/\/www.plexus.es\/wp-content\/uploads\/2024\/02\/240229_Partners_Portobello-RRSS_V2.jpg\",\"width\":948,\"height\":600,\"caption\":\"La compa\\u00f1\\u00eda tecnol\\u00f3gica Plexus Tech ha desarrollado un plan de expansi\\u00f3n nacional e internacional y ha apostado por la incorporaci\\u00f3n en su accionariado de la gestora de fondos de minor\\u00edas, Portobello Capital.\"},{\"@type\":\"WebPage\",\"@id\":\"https:\/\/www.plexus.es\/plexus-tech-crecimiento-entrada-capital-portobello-capital\/#webpage\",\"url\":\"https:\/\/www.plexus.es\/plexus-tech-crecimiento-entrada-capital-portobello-capital\/\",\"name\":\"Plexus Tech prepara su crecimiento con la entrada de Portobello Capital\",\"isPartOf\":{\"@id\":\"https:\/\/www.plexus.es\/#website\"},\"primaryImageOfPage\":{\"@id\":\"https:\/\/www.plexus.es\/plexus-tech-crecimiento-entrada-capital-portobello-capital\/#primaryimage\"},\"datePublished\":\"2024-02-28T18:07:42+00:00\",\"dateModified\":\"2024-05-27T13:48:13+00:00\",\"description\":\"La entrada minoritaria de Portobello Capital en Plexus Tech tiene como objetivo potenciar el ya exponencial crecimiento de la compa\\u00f1\\u00eda\",\"breadcrumb\":{\"@id\":\"https:\/\/www.plexus.es\/plexus-tech-crecimiento-entrada-capital-portobello-capital\/#breadcrumb\"},\"inLanguage\":\"pl-PL\",\"potentialAction\":[{\"@type\":\"ReadAction\",\"target\":[\"https:\/\/www.plexus.es\/plexus-tech-crecimiento-entrada-capital-portobello-capital\/\"]}]},{\"@type\":\"BreadcrumbList\",\"@id\":\"https:\/\/www.plexus.es\/plexus-tech-crecimiento-entrada-capital-portobello-capital\/#breadcrumb\",\"itemListElement\":[{\"@type\":\"ListItem\",\"position\":1,\"name\":\"Home\",\"item\":\"https:\/\/www.plexus.es\/\"},{\"@type\":\"ListItem\",\"position\":2,\"name\":\"Plexus Tech prepara su crecimiento con la entrada en su capital de la gestora de fondos Portobello Capital\"}]},{\"@type\":\"Article\",\"@id\":\"https:\/\/www.plexus.es\/plexus-tech-crecimiento-entrada-capital-portobello-capital\/#article\",\"isPartOf\":{\"@id\":\"https:\/\/www.plexus.es\/plexus-tech-crecimiento-entrada-capital-portobello-capital\/#webpage\"},\"author\":{\"@id\":\"https:\/\/www.plexus.es\/#\/schema\/person\/8f02d5ce6d7b659fa68b0e90317c5171\"},\"headline\":\"Plexus Tech prepara su crecimiento con la entrada en su capital de la gestora de fondos Portobello Capital\",\"datePublished\":\"2024-02-28T18:07:42+00:00\",\"dateModified\":\"2024-05-27T13:48:13+00:00\",\"mainEntityOfPage\":{\"@id\":\"https:\/\/www.plexus.es\/plexus-tech-crecimiento-entrada-capital-portobello-capital\/#webpage\"},\"wordCount\":2035,\"commentCount\":0,\"publisher\":{\"@id\":\"https:\/\/www.plexus.es\/#organization\"},\"image\":{\"@id\":\"https:\/\/www.plexus.es\/plexus-tech-crecimiento-entrada-capital-portobello-capital\/#primaryimage\"},\"thumbnailUrl\":\"https:\/\/www.plexus.es\/wp-content\/uploads\/2024\/02\/240229_Partners_Portobello-RRSS_V2.jpg\",\"articleSection\":[\"Tech&amp;Innovaci\\u00f3n\"],\"inLanguage\":\"pl-PL\",\"potentialAction\":[{\"@type\":\"CommentAction\",\"name\":\"Comment\",\"target\":[\"https:\/\/www.plexus.es\/plexus-tech-crecimiento-entrada-capital-portobello-capital\/#respond\"]}]},{\"@type\":\"Person\",\"@id\":\"https:\/\/www.plexus.es\/#\/schema\/person\/8f02d5ce6d7b659fa68b0e90317c5171\",\"name\":\"admin_plexus\",\"image\":{\"@type\":\"ImageObject\",\"@id\":\"https:\/\/www.plexus.es\/#personlogo\",\"inLanguage\":\"pl-PL\",\"url\":\"https:\/\/secure.gravatar.com\/avatar\/c1d7caf9a4063a74393abcf91991e9cd?s=96&d=mm&r=g\",\"contentUrl\":\"https:\/\/secure.gravatar.com\/avatar\/c1d7caf9a4063a74393abcf91991e9cd?s=96&d=mm&r=g\",\"caption\":\"admin_plexus\"},\"sameAs\":[\"https:\/\/www.plexus.es\"]}]}<\/script>\n<!-- \/ Yoast SEO plugin. -->","yoast_head_json":{"title":"Plexus Tech prepara su crecimiento con la entrada de Portobello Capital","description":"La entrada minoritaria de Portobello Capital en Plexus Tech tiene como objetivo potenciar el ya exponencial crecimiento de la compa\u00f1\u00eda","robots":{"index":"index","follow":"follow","max-snippet":"max-snippet:-1","max-image-preview":"max-image-preview:large","max-video-preview":"max-video-preview:-1"},"canonical":"https:\/\/www.plexus.es\/plexus-tech-crecimiento-entrada-capital-portobello-capital\/","og_locale":"pl_PL","og_type":"article","og_title":"Plexus Tech prepara su crecimiento con la entrada de Portobello Capital","og_description":"La entrada minoritaria de Portobello Capital en Plexus Tech tiene como objetivo potenciar el ya exponencial crecimiento de la compa\u00f1\u00eda","og_url":"https:\/\/www.plexus.es\/plexus-tech-crecimiento-entrada-capital-portobello-capital\/","og_site_name":"Plexus Tech","article_publisher":"https:\/\/www.facebook.com\/Plexus.Techno","article_published_time":"2024-02-28T18:07:42+00:00","article_modified_time":"2024-05-27T13:48:13+00:00","og_image":[{"width":948,"height":600,"url":"https:\/\/www.plexus.es\/wp-content\/uploads\/2024\/02\/240229_Partners_Portobello-RRSS_V2.jpg","type":"image\/jpeg"}],"twitter_card":"summary_large_image","twitter_creator":"@plexustech_","twitter_site":"@plexustech_","twitter_misc":{"Napisane przez":"admin_plexus","Szacowany czas czytania":"5 minut"},"schema":{"@context":"https:\/\/schema.org","@graph":[{"@type":"Organization","@id":"https:\/\/www.plexus.es\/#organization","name":"Plexus Tech","url":"https:\/\/www.plexus.es\/","sameAs":["https:\/\/www.facebook.com\/Plexus.Techno","https:\/\/www.instagram.com\/plexus.tech\/","https:\/\/www.linkedin.com\/company\/plexus-tech\/mycompany\/","https:\/\/www.youtube.com\/user\/tecnologiasplexus","https:\/\/twitter.com\/plexustech_"],"logo":{"@type":"ImageObject","@id":"https:\/\/www.plexus.es\/#logo","inLanguage":"pl-PL","url":"https:\/\/www.plexus.es\/wp-content\/uploads\/2021\/11\/logo-plexus-2021.png","contentUrl":"https:\/\/www.plexus.es\/wp-content\/uploads\/2021\/11\/logo-plexus-2021.png","width":600,"height":600,"caption":"Plexus Tech"},"image":{"@id":"https:\/\/www.plexus.es\/#logo"}},{"@type":"WebSite","@id":"https:\/\/www.plexus.es\/#website","url":"https:\/\/www.plexus.es\/","name":"Plexus Tech","description":"Tecnolog\u00eda con Alma","publisher":{"@id":"https:\/\/www.plexus.es\/#organization"},"potentialAction":[{"@type":"SearchAction","target":{"@type":"EntryPoint","urlTemplate":"https:\/\/www.plexus.es\/?s={search_term_string}"},"query-input":"required name=search_term_string"}],"inLanguage":"pl-PL"},{"@type":"ImageObject","@id":"https:\/\/www.plexus.es\/plexus-tech-crecimiento-entrada-capital-portobello-capital\/#primaryimage","inLanguage":"pl-PL","url":"https:\/\/www.plexus.es\/wp-content\/uploads\/2024\/02\/240229_Partners_Portobello-RRSS_V2.jpg","contentUrl":"https:\/\/www.plexus.es\/wp-content\/uploads\/2024\/02\/240229_Partners_Portobello-RRSS_V2.jpg","width":948,"height":600,"caption":"La compa\u00f1\u00eda tecnol\u00f3gica Plexus Tech ha desarrollado un plan de expansi\u00f3n nacional e internacional y ha apostado por la incorporaci\u00f3n en su accionariado de la gestora de fondos de minor\u00edas, Portobello Capital."},{"@type":"WebPage","@id":"https:\/\/www.plexus.es\/plexus-tech-crecimiento-entrada-capital-portobello-capital\/#webpage","url":"https:\/\/www.plexus.es\/plexus-tech-crecimiento-entrada-capital-portobello-capital\/","name":"Plexus Tech prepara su crecimiento con la entrada de Portobello Capital","isPartOf":{"@id":"https:\/\/www.plexus.es\/#website"},"primaryImageOfPage":{"@id":"https:\/\/www.plexus.es\/plexus-tech-crecimiento-entrada-capital-portobello-capital\/#primaryimage"},"datePublished":"2024-02-28T18:07:42+00:00","dateModified":"2024-05-27T13:48:13+00:00","description":"La entrada minoritaria de Portobello Capital en Plexus Tech tiene como objetivo potenciar el ya exponencial crecimiento de la compa\u00f1\u00eda","breadcrumb":{"@id":"https:\/\/www.plexus.es\/plexus-tech-crecimiento-entrada-capital-portobello-capital\/#breadcrumb"},"inLanguage":"pl-PL","potentialAction":[{"@type":"ReadAction","target":["https:\/\/www.plexus.es\/plexus-tech-crecimiento-entrada-capital-portobello-capital\/"]}]},{"@type":"BreadcrumbList","@id":"https:\/\/www.plexus.es\/plexus-tech-crecimiento-entrada-capital-portobello-capital\/#breadcrumb","itemListElement":[{"@type":"ListItem","position":1,"name":"Home","item":"https:\/\/www.plexus.es\/"},{"@type":"ListItem","position":2,"name":"Plexus Tech prepara su crecimiento con la entrada en su capital de la gestora de fondos Portobello Capital"}]},{"@type":"Article","@id":"https:\/\/www.plexus.es\/plexus-tech-crecimiento-entrada-capital-portobello-capital\/#article","isPartOf":{"@id":"https:\/\/www.plexus.es\/plexus-tech-crecimiento-entrada-capital-portobello-capital\/#webpage"},"author":{"@id":"https:\/\/www.plexus.es\/#\/schema\/person\/8f02d5ce6d7b659fa68b0e90317c5171"},"headline":"Plexus Tech prepara su crecimiento con la entrada en su capital de la gestora de fondos Portobello Capital","datePublished":"2024-02-28T18:07:42+00:00","dateModified":"2024-05-27T13:48:13+00:00","mainEntityOfPage":{"@id":"https:\/\/www.plexus.es\/plexus-tech-crecimiento-entrada-capital-portobello-capital\/#webpage"},"wordCount":2035,"commentCount":0,"publisher":{"@id":"https:\/\/www.plexus.es\/#organization"},"image":{"@id":"https:\/\/www.plexus.es\/plexus-tech-crecimiento-entrada-capital-portobello-capital\/#primaryimage"},"thumbnailUrl":"https:\/\/www.plexus.es\/wp-content\/uploads\/2024\/02\/240229_Partners_Portobello-RRSS_V2.jpg","articleSection":["Tech&amp;Innovaci\u00f3n"],"inLanguage":"pl-PL","potentialAction":[{"@type":"CommentAction","name":"Comment","target":["https:\/\/www.plexus.es\/plexus-tech-crecimiento-entrada-capital-portobello-capital\/#respond"]}]},{"@type":"Person","@id":"https:\/\/www.plexus.es\/#\/schema\/person\/8f02d5ce6d7b659fa68b0e90317c5171","name":"admin_plexus","image":{"@type":"ImageObject","@id":"https:\/\/www.plexus.es\/#personlogo","inLanguage":"pl-PL","url":"https:\/\/secure.gravatar.com\/avatar\/c1d7caf9a4063a74393abcf91991e9cd?s=96&d=mm&r=g","contentUrl":"https:\/\/secure.gravatar.com\/avatar\/c1d7caf9a4063a74393abcf91991e9cd?s=96&d=mm&r=g","caption":"admin_plexus"},"sameAs":["https:\/\/www.plexus.es"]}]}},"_links":{"self":[{"href":"https:\/\/www.plexus.es\/pl\/wp-json\/wp\/v2\/posts\/36587"}],"collection":[{"href":"https:\/\/www.plexus.es\/pl\/wp-json\/wp\/v2\/posts"}],"about":[{"href":"https:\/\/www.plexus.es\/pl\/wp-json\/wp\/v2\/types\/post"}],"author":[{"embeddable":true,"href":"https:\/\/www.plexus.es\/pl\/wp-json\/wp\/v2\/users\/1"}],"replies":[{"embeddable":true,"href":"https:\/\/www.plexus.es\/pl\/wp-json\/wp\/v2\/comments?post=36587"}],"version-history":[{"count":29,"href":"https:\/\/www.plexus.es\/pl\/wp-json\/wp\/v2\/posts\/36587\/revisions"}],"predecessor-version":[{"id":42730,"href":"https:\/\/www.plexus.es\/pl\/wp-json\/wp\/v2\/posts\/36587\/revisions\/42730"}],"wp:featuredmedia":[{"embeddable":true,"href":"https:\/\/www.plexus.es\/pl\/wp-json\/wp\/v2\/media\/36616"}],"wp:attachment":[{"href":"https:\/\/www.plexus.es\/pl\/wp-json\/wp\/v2\/media?parent=36587"}],"wp:term":[{"taxonomy":"category","embeddable":true,"href":"https:\/\/www.plexus.es\/pl\/wp-json\/wp\/v2\/categories?post=36587"},{"taxonomy":"post_tag","embeddable":true,"href":"https:\/\/www.plexus.es\/pl\/wp-json\/wp\/v2\/tags?post=36587"}],"curies":[{"name":"wp","href":"https:\/\/api.w.org\/{rel}","templated":true}]}}