{"id":44706,"date":"2024-04-10T12:30:07","date_gmt":"2024-04-10T10:30:07","guid":{"rendered":"https:\/\/www.plexus.es\/?p=44706"},"modified":"2024-10-08T17:11:27","modified_gmt":"2024-10-08T15:11:27","slug":"plexus-tech-ourense-feria-emprego-incampus-uvigo","status":"publish","type":"post","link":"https:\/\/www.plexus.es\/pl\/plexus-tech-ourense-feria-emprego-incampus-uvigo\/","title":{"rendered":"Participamos en Ourense en la Feira Emprego Incampus de la Uvigo"},"content":{"rendered":"<div class=\"fusion-fullwidth fullwidth-box fusion-builder-row-1 fusion-flex-container container-detail-news plexus_css nonhundred-percent-fullwidth non-hundred-percent-height-scrolling\" style=\"background-color: rgba(255,255,255,0);background-position: center center;background-repeat: no-repeat;border-width: 0px 0px 0px 0px;border-color:#e8ebef;border-style:solid;\" ><div class=\"fusion-builder-row fusion-row fusion-flex-align-items-flex-start\" style=\"max-width:1310.4px;margin-left: calc(-4% \/ 2 );margin-right: calc(-4% \/ 2 );\"><div class=\"fusion-layout-column fusion_builder_column fusion-builder-column-0 fusion_builder_column_1_1 1_1 fusion-flex-column fusion-flex-align-self-stretch\"><div class=\"fusion-column-wrapper fusion-flex-justify-content-center fusion-content-layout-column\" style=\"background-position:left top;background-repeat:no-repeat;-webkit-background-size:cover;-moz-background-size:cover;-o-background-size:cover;background-size:cover;padding: 0px 0px 0px 0px;\"><div style=\"text-align:center;\"><span class=\" fusion-imageframe imageframe-none imageframe-1 hover-type-none\" style=\"border-radius:12px;margin-top:0px;margin-right:0px;margin-bottom:0px;margin-left:0px;\"><a class=\"fusion-no-lightbox\" href=\"https:\/\/www.linkedin.com\/posts\/plexus-tech_goodnews-gemelosdigitales-platgdia-activity-7146514515004735488-uBrB?utm_source=share&amp;utm_medium=member_desktop\" target=\"_self\" aria-label=\"Mesa-de-trabajo-6\"><img width=\"750\" height=\"563\" alt=\"Teresa Burguera y Ux\u00eda N\u00fa\u00f1ez, del equipo de Talento e IT Recruiter, de Plexus Tech, en la Feira Emprego in Campus celebrada en Ourense.\" src=\"https:\/\/www.plexus.es\/wp-content\/uploads\/2024\/10\/Mesa-de-trabajo-6.png\" data-orig-src=\"https:\/\/www.plexus.es\/wp-content\/uploads\/2024\/10\/Mesa-de-trabajo-6.png\" class=\"lazyload img-responsive wp-image-44711\" srcset=\"data:image\/svg+xml,%3Csvg%20xmlns%3D%27http%3A%2F%2Fwww.w3.org%2F2000%2Fsvg%27%20width%3D%27750%27%20height%3D%27563%27%20viewBox%3D%270%200%20750%20563%27%3E%3Crect%20width%3D%27750%27%20height%3D%27563%27%20fill-opacity%3D%220%22%2F%3E%3C%2Fsvg%3E\" data-srcset=\"https:\/\/www.plexus.es\/wp-content\/uploads\/2024\/10\/Mesa-de-trabajo-6-200x150.png 200w, https:\/\/www.plexus.es\/wp-content\/uploads\/2024\/10\/Mesa-de-trabajo-6-400x300.png 400w, https:\/\/www.plexus.es\/wp-content\/uploads\/2024\/10\/Mesa-de-trabajo-6-600x450.png 600w, https:\/\/www.plexus.es\/wp-content\/uploads\/2024\/10\/Mesa-de-trabajo-6.png 750w\" data-sizes=\"auto\" data-orig-sizes=\"(max-width: 640px) 100vw, 750px\" \/><\/a><\/span><\/div><\/div><style type=\"text\/css\">.fusion-body .fusion-builder-column-0{width:100% !important;margin-top : 0px;margin-bottom : 0px;}.fusion-builder-column-0 > .fusion-column-wrapper {padding-top : 0 !important;padding-right : 0px !important;margin-right : 1.92%;padding-bottom : 0 !important;padding-left : 0px !important;margin-left : 1.92%;}@media only screen and (max-width:1200px) {.fusion-body .fusion-builder-column-0{width:100% !important;order : 0;}.fusion-builder-column-0 > .fusion-column-wrapper {margin-right : 1.92%;margin-left : 1.92%;}}@media only screen and (max-width:640px) {.fusion-body .fusion-builder-column-0{width:100% !important;order : 0;}.fusion-builder-column-0 > .fusion-column-wrapper {margin-right : 1.92%;margin-left : 1.92%;}}<\/style><\/div><div class=\"fusion-layout-column fusion_builder_column fusion-builder-column-1 fusion_builder_column_1_1 1_1 fusion-flex-column\"><div class=\"fusion-column-wrapper fusion-flex-justify-content-flex-start fusion-content-layout-column\" style=\"background-position:left top;background-repeat:no-repeat;-webkit-background-size:cover;-moz-background-size:cover;-o-background-size:cover;background-size:cover;padding: 0px 0px 0px 0px;\"><div class=\"fusion-text fusion-text-1\"><ul>\n<li class=\"fusion-responsive-typography-calculated\" style=\"--fontsize: 24; line-height: 1;\" data-fontsize=\"24\" data-lineheight=\"24px\">\n<h2>Conectamos con el nuevo talento tech en la edici\u00f3n de Emprego InCampus que se celebrar\u00e1 en Ourense<\/h2>\n<\/li>\n<\/ul>\n<p>Una vez m\u00e1s, <strong>Plexus Tech estuvo al lado del nuevo talento tecnol\u00f3gico<\/strong>. En esta ocasi\u00f3n, fue en la <strong>Feria Emprego InCampus de Ourense<\/strong> que organiz\u00f3 la <strong>Universidad de Vigo <\/strong>el pasado 18 de abril.<\/p>\n<p>El evento,\u00a0 celebrado en el Pabell\u00f3n dos Deportes de As Lagoas, en el campus universitario orensano, tuvo por objetivo <strong>conectar al alumnado de la Uvigo<\/strong>, as\u00ed como a j\u00f3venes titulados,<strong> con el mundo laboral<\/strong>. Un interesante encuentro tanto con estudiantes de grado como de postgrado o programas de doctorado.<\/p>\n<p>Por parte de Plexus Tech,<a href=\"https:\/\/www.instagram.com\/reel\/C58LIyytMPl\/?utm_source=ig_web_copy_link&amp;igsh=MzRlODBiNWFlZA==\" target=\"_blank\" rel=\"noopener\"> <strong>Teresa Burguera y Ux\u00eda N\u00fa\u00f1ez, del equipo de Talento e IT Recruiter<\/strong><\/a>, fueron las encargadas de atender a los y las participantes en el <strong>stand propio<\/strong> que tuvimos en la feria. Adem\u00e1s de resolver dudas y acercar la compa\u00f1\u00eda al nuevo talento, <strong>tambi\u00e9n realizaron entrevistas<\/strong> <em>in situ<\/em>, conociendo mejor a cada perfil inscrito.<\/p>\n<p>Una intensa jornada, en la que el talento formado en la UVigo fue el verdadero protagonista. Una cita en la que <strong>dimos a conocer las oportunidades de carrera profesional y las <a href=\"https:\/\/www.plexus.es\/unete-al-equipo\/\" target=\"_blank\" rel=\"noopener\"><span style=\"color: #000080;\">vacantes de empleo<\/span><\/a> de nuestra compa\u00f1\u00eda tech<\/strong>.<\/p>\n<p>Por \u00faltimo, cabe destacar que nuestra presencia en la Feira Emprego InCampus se enmarca en nuestras <strong>iniciativas para acercarnos al talento tech joven<\/strong>. En este sentido, la Uvigo es un centro referente en la formaci\u00f3n de futuros profesionales para el sector tecnol\u00f3gico. Sus grados dotan al \u00e1mbito tecnol\u00f3gico de nuevos e interesantes perfiles.<\/p>\n<\/div><\/div><style type=\"text\/css\">.fusion-body .fusion-builder-column-1{width:100% !important;margin-top : 20px;margin-bottom : 20px;}.fusion-builder-column-1 > .fusion-column-wrapper {padding-top : 0px !important;padding-right : 0px !important;margin-right : 1.92%;padding-bottom : 0px !important;padding-left : 0px !important;margin-left : 1.92%;}@media only screen and (max-width:1200px) {.fusion-body .fusion-builder-column-1{width:100% !important;order : 0;}.fusion-builder-column-1 > .fusion-column-wrapper {margin-right : 1.92%;margin-left : 1.92%;}}@media only screen and (max-width:640px) {.fusion-body .fusion-builder-column-1{width:100% !important;order : 0;}.fusion-builder-column-1 > .fusion-column-wrapper {margin-right : 1.92%;margin-left : 1.92%;}}<\/style><\/div><\/div><style type=\"text\/css\">.fusion-body .fusion-flex-container.fusion-builder-row-1{ padding-top : 0px;margin-top : 0;padding-right : 0px;padding-bottom : 0px;margin-bottom : 0;padding-left : 0px;}<\/style><\/div>\n","protected":false},"excerpt":{"rendered":"<p>En Plexus Tech conectamos con el nuevo talento tech en la feria Emprego InCampus, que se celebr\u00f3 en Ourense.<\/p>\n","protected":false},"author":1,"featured_media":44707,"comment_status":"open","ping_status":"open","sticky":false,"template":"","format":"standard","meta":[],"categories":[107,45],"tags":[],"yoast_head":"<!-- This site is optimized with the Yoast SEO plugin v17.4 - https:\/\/yoast.com\/wordpress\/plugins\/seo\/ -->\n<title>Participamos en Ourense en la Feira Emprego Incampus de la Uvigo<\/title>\n<meta name=\"description\" content=\"En Plexus Tech conectamos con el nuevo talento tech en la feria Emprego InCampus, que se celebr\u00f3 en Ourense\" \/>\n<meta name=\"robots\" content=\"index, follow, max-snippet:-1, max-image-preview:large, max-video-preview:-1\" \/>\n<link rel=\"canonical\" href=\"https:\/\/www.plexus.es\/plexus-tech-ourense-feria-emprego-incampus-uvigo\/\" \/>\n<meta property=\"og:locale\" content=\"pl_PL\" \/>\n<meta property=\"og:type\" content=\"article\" \/>\n<meta property=\"og:title\" content=\"Participamos en Ourense en la Feira Emprego Incampus de la Uvigo\" \/>\n<meta property=\"og:description\" content=\"En Plexus Tech conectamos con el nuevo talento tech en la feria Emprego InCampus, que se celebr\u00f3 en Ourense\" \/>\n<meta property=\"og:url\" content=\"https:\/\/www.plexus.es\/plexus-tech-ourense-feria-emprego-incampus-uvigo\/\" \/>\n<meta property=\"og:site_name\" content=\"Plexus Tech\" \/>\n<meta property=\"article:publisher\" content=\"https:\/\/www.facebook.com\/Plexus.Techno\" \/>\n<meta property=\"article:published_time\" content=\"2024-04-10T10:30:07+00:00\" \/>\n<meta property=\"article:modified_time\" content=\"2024-10-08T15:11:27+00:00\" \/>\n<meta property=\"og:image\" content=\"https:\/\/www.plexus.es\/wp-content\/uploads\/2024\/10\/Mesa-de-trabajo-6.png\" \/>\n\t<meta property=\"og:image:width\" content=\"750\" \/>\n\t<meta property=\"og:image:height\" content=\"563\" \/>\n<meta name=\"twitter:card\" content=\"summary_large_image\" \/>\n<meta name=\"twitter:creator\" content=\"@plexustech_\" \/>\n<meta name=\"twitter:site\" content=\"@plexustech_\" \/>\n<meta name=\"twitter:label1\" content=\"Napisane przez\" \/>\n\t<meta name=\"twitter:data1\" content=\"admin_plexus\" \/>\n\t<meta name=\"twitter:label2\" content=\"Szacowany czas czytania\" \/>\n\t<meta name=\"twitter:data2\" content=\"4 minuty\" \/>\n<script type=\"application\/ld+json\" class=\"yoast-schema-graph\">{\"@context\":\"https:\/\/schema.org\",\"@graph\":[{\"@type\":\"Organization\",\"@id\":\"https:\/\/www.plexus.es\/#organization\",\"name\":\"Plexus Tech\",\"url\":\"https:\/\/www.plexus.es\/\",\"sameAs\":[\"https:\/\/www.facebook.com\/Plexus.Techno\",\"https:\/\/www.instagram.com\/plexus.tech\/\",\"https:\/\/www.linkedin.com\/company\/plexus-tech\/mycompany\/\",\"https:\/\/www.youtube.com\/user\/tecnologiasplexus\",\"https:\/\/twitter.com\/plexustech_\"],\"logo\":{\"@type\":\"ImageObject\",\"@id\":\"https:\/\/www.plexus.es\/#logo\",\"inLanguage\":\"pl-PL\",\"url\":\"https:\/\/www.plexus.es\/wp-content\/uploads\/2021\/11\/logo-plexus-2021.png\",\"contentUrl\":\"https:\/\/www.plexus.es\/wp-content\/uploads\/2021\/11\/logo-plexus-2021.png\",\"width\":600,\"height\":600,\"caption\":\"Plexus Tech\"},\"image\":{\"@id\":\"https:\/\/www.plexus.es\/#logo\"}},{\"@type\":\"WebSite\",\"@id\":\"https:\/\/www.plexus.es\/#website\",\"url\":\"https:\/\/www.plexus.es\/\",\"name\":\"Plexus Tech\",\"description\":\"Tecnolog\\u00eda con Alma\",\"publisher\":{\"@id\":\"https:\/\/www.plexus.es\/#organization\"},\"potentialAction\":[{\"@type\":\"SearchAction\",\"target\":{\"@type\":\"EntryPoint\",\"urlTemplate\":\"https:\/\/www.plexus.es\/?s={search_term_string}\"},\"query-input\":\"required name=search_term_string\"}],\"inLanguage\":\"pl-PL\"},{\"@type\":\"ImageObject\",\"@id\":\"https:\/\/www.plexus.es\/plexus-tech-ourense-feria-emprego-incampus-uvigo\/#primaryimage\",\"inLanguage\":\"pl-PL\",\"url\":\"https:\/\/www.plexus.es\/wp-content\/uploads\/2024\/10\/Mesa-de-trabajo-6.png\",\"contentUrl\":\"https:\/\/www.plexus.es\/wp-content\/uploads\/2024\/10\/Mesa-de-trabajo-6.png\",\"width\":750,\"height\":563,\"caption\":\"Teresa Burguera y Ux\\u00eda N\\u00fa\\u00f1ez, del equipo de Talento e IT Recruiter, de Plexus Tech, en la Feira Emprego in Campus celebrada en Ourense.\"},{\"@type\":\"WebPage\",\"@id\":\"https:\/\/www.plexus.es\/plexus-tech-ourense-feria-emprego-incampus-uvigo\/#webpage\",\"url\":\"https:\/\/www.plexus.es\/plexus-tech-ourense-feria-emprego-incampus-uvigo\/\",\"name\":\"Participamos en Ourense en la Feira Emprego Incampus de la Uvigo\",\"isPartOf\":{\"@id\":\"https:\/\/www.plexus.es\/#website\"},\"primaryImageOfPage\":{\"@id\":\"https:\/\/www.plexus.es\/plexus-tech-ourense-feria-emprego-incampus-uvigo\/#primaryimage\"},\"datePublished\":\"2024-04-10T10:30:07+00:00\",\"dateModified\":\"2024-10-08T15:11:27+00:00\",\"description\":\"En Plexus Tech conectamos con el nuevo talento tech en la feria Emprego InCampus, que se celebr\\u00f3 en Ourense\",\"breadcrumb\":{\"@id\":\"https:\/\/www.plexus.es\/plexus-tech-ourense-feria-emprego-incampus-uvigo\/#breadcrumb\"},\"inLanguage\":\"pl-PL\",\"potentialAction\":[{\"@type\":\"ReadAction\",\"target\":[\"https:\/\/www.plexus.es\/plexus-tech-ourense-feria-emprego-incampus-uvigo\/\"]}]},{\"@type\":\"BreadcrumbList\",\"@id\":\"https:\/\/www.plexus.es\/plexus-tech-ourense-feria-emprego-incampus-uvigo\/#breadcrumb\",\"itemListElement\":[{\"@type\":\"ListItem\",\"position\":1,\"name\":\"Home\",\"item\":\"https:\/\/www.plexus.es\/\"},{\"@type\":\"ListItem\",\"position\":2,\"name\":\"Participamos en Ourense en la Feira Emprego Incampus de la Uvigo\"}]},{\"@type\":\"Article\",\"@id\":\"https:\/\/www.plexus.es\/plexus-tech-ourense-feria-emprego-incampus-uvigo\/#article\",\"isPartOf\":{\"@id\":\"https:\/\/www.plexus.es\/plexus-tech-ourense-feria-emprego-incampus-uvigo\/#webpage\"},\"author\":{\"@id\":\"https:\/\/www.plexus.es\/#\/schema\/person\/8f02d5ce6d7b659fa68b0e90317c5171\"},\"headline\":\"Participamos en Ourense en la Feira Emprego Incampus de la Uvigo\",\"datePublished\":\"2024-04-10T10:30:07+00:00\",\"dateModified\":\"2024-10-08T15:11:27+00:00\",\"mainEntityOfPage\":{\"@id\":\"https:\/\/www.plexus.es\/plexus-tech-ourense-feria-emprego-incampus-uvigo\/#webpage\"},\"wordCount\":1355,\"commentCount\":0,\"publisher\":{\"@id\":\"https:\/\/www.plexus.es\/#organization\"},\"image\":{\"@id\":\"https:\/\/www.plexus.es\/plexus-tech-ourense-feria-emprego-incampus-uvigo\/#primaryimage\"},\"thumbnailUrl\":\"https:\/\/www.plexus.es\/wp-content\/uploads\/2024\/10\/Mesa-de-trabajo-6.png\",\"articleSection\":[\"Eventos\",\"Talento\"],\"inLanguage\":\"pl-PL\",\"potentialAction\":[{\"@type\":\"CommentAction\",\"name\":\"Comment\",\"target\":[\"https:\/\/www.plexus.es\/plexus-tech-ourense-feria-emprego-incampus-uvigo\/#respond\"]}]},{\"@type\":\"Person\",\"@id\":\"https:\/\/www.plexus.es\/#\/schema\/person\/8f02d5ce6d7b659fa68b0e90317c5171\",\"name\":\"admin_plexus\",\"image\":{\"@type\":\"ImageObject\",\"@id\":\"https:\/\/www.plexus.es\/#personlogo\",\"inLanguage\":\"pl-PL\",\"url\":\"https:\/\/secure.gravatar.com\/avatar\/c1d7caf9a4063a74393abcf91991e9cd?s=96&d=mm&r=g\",\"contentUrl\":\"https:\/\/secure.gravatar.com\/avatar\/c1d7caf9a4063a74393abcf91991e9cd?s=96&d=mm&r=g\",\"caption\":\"admin_plexus\"},\"sameAs\":[\"https:\/\/www.plexus.es\"]}]}<\/script>\n<!-- \/ Yoast SEO plugin. -->","yoast_head_json":{"title":"Participamos en Ourense en la Feira Emprego Incampus de la Uvigo","description":"En Plexus Tech conectamos con el nuevo talento tech en la feria Emprego InCampus, que se celebr\u00f3 en Ourense","robots":{"index":"index","follow":"follow","max-snippet":"max-snippet:-1","max-image-preview":"max-image-preview:large","max-video-preview":"max-video-preview:-1"},"canonical":"https:\/\/www.plexus.es\/plexus-tech-ourense-feria-emprego-incampus-uvigo\/","og_locale":"pl_PL","og_type":"article","og_title":"Participamos en Ourense en la Feira Emprego Incampus de la Uvigo","og_description":"En Plexus Tech conectamos con el nuevo talento tech en la feria Emprego InCampus, que se celebr\u00f3 en Ourense","og_url":"https:\/\/www.plexus.es\/plexus-tech-ourense-feria-emprego-incampus-uvigo\/","og_site_name":"Plexus Tech","article_publisher":"https:\/\/www.facebook.com\/Plexus.Techno","article_published_time":"2024-04-10T10:30:07+00:00","article_modified_time":"2024-10-08T15:11:27+00:00","og_image":[{"width":750,"height":563,"url":"https:\/\/www.plexus.es\/wp-content\/uploads\/2024\/10\/Mesa-de-trabajo-6.png","type":"image\/png"}],"twitter_card":"summary_large_image","twitter_creator":"@plexustech_","twitter_site":"@plexustech_","twitter_misc":{"Napisane przez":"admin_plexus","Szacowany czas czytania":"4 minuty"},"schema":{"@context":"https:\/\/schema.org","@graph":[{"@type":"Organization","@id":"https:\/\/www.plexus.es\/#organization","name":"Plexus Tech","url":"https:\/\/www.plexus.es\/","sameAs":["https:\/\/www.facebook.com\/Plexus.Techno","https:\/\/www.instagram.com\/plexus.tech\/","https:\/\/www.linkedin.com\/company\/plexus-tech\/mycompany\/","https:\/\/www.youtube.com\/user\/tecnologiasplexus","https:\/\/twitter.com\/plexustech_"],"logo":{"@type":"ImageObject","@id":"https:\/\/www.plexus.es\/#logo","inLanguage":"pl-PL","url":"https:\/\/www.plexus.es\/wp-content\/uploads\/2021\/11\/logo-plexus-2021.png","contentUrl":"https:\/\/www.plexus.es\/wp-content\/uploads\/2021\/11\/logo-plexus-2021.png","width":600,"height":600,"caption":"Plexus Tech"},"image":{"@id":"https:\/\/www.plexus.es\/#logo"}},{"@type":"WebSite","@id":"https:\/\/www.plexus.es\/#website","url":"https:\/\/www.plexus.es\/","name":"Plexus Tech","description":"Tecnolog\u00eda con Alma","publisher":{"@id":"https:\/\/www.plexus.es\/#organization"},"potentialAction":[{"@type":"SearchAction","target":{"@type":"EntryPoint","urlTemplate":"https:\/\/www.plexus.es\/?s={search_term_string}"},"query-input":"required name=search_term_string"}],"inLanguage":"pl-PL"},{"@type":"ImageObject","@id":"https:\/\/www.plexus.es\/plexus-tech-ourense-feria-emprego-incampus-uvigo\/#primaryimage","inLanguage":"pl-PL","url":"https:\/\/www.plexus.es\/wp-content\/uploads\/2024\/10\/Mesa-de-trabajo-6.png","contentUrl":"https:\/\/www.plexus.es\/wp-content\/uploads\/2024\/10\/Mesa-de-trabajo-6.png","width":750,"height":563,"caption":"Teresa Burguera y Ux\u00eda N\u00fa\u00f1ez, del equipo de Talento e IT Recruiter, de Plexus Tech, en la Feira Emprego in Campus celebrada en Ourense."},{"@type":"WebPage","@id":"https:\/\/www.plexus.es\/plexus-tech-ourense-feria-emprego-incampus-uvigo\/#webpage","url":"https:\/\/www.plexus.es\/plexus-tech-ourense-feria-emprego-incampus-uvigo\/","name":"Participamos en Ourense en la Feira Emprego Incampus de la Uvigo","isPartOf":{"@id":"https:\/\/www.plexus.es\/#website"},"primaryImageOfPage":{"@id":"https:\/\/www.plexus.es\/plexus-tech-ourense-feria-emprego-incampus-uvigo\/#primaryimage"},"datePublished":"2024-04-10T10:30:07+00:00","dateModified":"2024-10-08T15:11:27+00:00","description":"En Plexus Tech conectamos con el nuevo talento tech en la feria Emprego InCampus, que se celebr\u00f3 en Ourense","breadcrumb":{"@id":"https:\/\/www.plexus.es\/plexus-tech-ourense-feria-emprego-incampus-uvigo\/#breadcrumb"},"inLanguage":"pl-PL","potentialAction":[{"@type":"ReadAction","target":["https:\/\/www.plexus.es\/plexus-tech-ourense-feria-emprego-incampus-uvigo\/"]}]},{"@type":"BreadcrumbList","@id":"https:\/\/www.plexus.es\/plexus-tech-ourense-feria-emprego-incampus-uvigo\/#breadcrumb","itemListElement":[{"@type":"ListItem","position":1,"name":"Home","item":"https:\/\/www.plexus.es\/"},{"@type":"ListItem","position":2,"name":"Participamos en Ourense en la Feira Emprego Incampus de la Uvigo"}]},{"@type":"Article","@id":"https:\/\/www.plexus.es\/plexus-tech-ourense-feria-emprego-incampus-uvigo\/#article","isPartOf":{"@id":"https:\/\/www.plexus.es\/plexus-tech-ourense-feria-emprego-incampus-uvigo\/#webpage"},"author":{"@id":"https:\/\/www.plexus.es\/#\/schema\/person\/8f02d5ce6d7b659fa68b0e90317c5171"},"headline":"Participamos en Ourense en la Feira Emprego Incampus de la Uvigo","datePublished":"2024-04-10T10:30:07+00:00","dateModified":"2024-10-08T15:11:27+00:00","mainEntityOfPage":{"@id":"https:\/\/www.plexus.es\/plexus-tech-ourense-feria-emprego-incampus-uvigo\/#webpage"},"wordCount":1355,"commentCount":0,"publisher":{"@id":"https:\/\/www.plexus.es\/#organization"},"image":{"@id":"https:\/\/www.plexus.es\/plexus-tech-ourense-feria-emprego-incampus-uvigo\/#primaryimage"},"thumbnailUrl":"https:\/\/www.plexus.es\/wp-content\/uploads\/2024\/10\/Mesa-de-trabajo-6.png","articleSection":["Eventos","Talento"],"inLanguage":"pl-PL","potentialAction":[{"@type":"CommentAction","name":"Comment","target":["https:\/\/www.plexus.es\/plexus-tech-ourense-feria-emprego-incampus-uvigo\/#respond"]}]},{"@type":"Person","@id":"https:\/\/www.plexus.es\/#\/schema\/person\/8f02d5ce6d7b659fa68b0e90317c5171","name":"admin_plexus","image":{"@type":"ImageObject","@id":"https:\/\/www.plexus.es\/#personlogo","inLanguage":"pl-PL","url":"https:\/\/secure.gravatar.com\/avatar\/c1d7caf9a4063a74393abcf91991e9cd?s=96&d=mm&r=g","contentUrl":"https:\/\/secure.gravatar.com\/avatar\/c1d7caf9a4063a74393abcf91991e9cd?s=96&d=mm&r=g","caption":"admin_plexus"},"sameAs":["https:\/\/www.plexus.es"]}]}},"_links":{"self":[{"href":"https:\/\/www.plexus.es\/pl\/wp-json\/wp\/v2\/posts\/44706"}],"collection":[{"href":"https:\/\/www.plexus.es\/pl\/wp-json\/wp\/v2\/posts"}],"about":[{"href":"https:\/\/www.plexus.es\/pl\/wp-json\/wp\/v2\/types\/post"}],"author":[{"embeddable":true,"href":"https:\/\/www.plexus.es\/pl\/wp-json\/wp\/v2\/users\/1"}],"replies":[{"embeddable":true,"href":"https:\/\/www.plexus.es\/pl\/wp-json\/wp\/v2\/comments?post=44706"}],"version-history":[{"count":1,"href":"https:\/\/www.plexus.es\/pl\/wp-json\/wp\/v2\/posts\/44706\/revisions"}],"predecessor-version":[{"id":44713,"href":"https:\/\/www.plexus.es\/pl\/wp-json\/wp\/v2\/posts\/44706\/revisions\/44713"}],"wp:featuredmedia":[{"embeddable":true,"href":"https:\/\/www.plexus.es\/pl\/wp-json\/wp\/v2\/media\/44707"}],"wp:attachment":[{"href":"https:\/\/www.plexus.es\/pl\/wp-json\/wp\/v2\/media?parent=44706"}],"wp:term":[{"taxonomy":"category","embeddable":true,"href":"https:\/\/www.plexus.es\/pl\/wp-json\/wp\/v2\/categories?post=44706"},{"taxonomy":"post_tag","embeddable":true,"href":"https:\/\/www.plexus.es\/pl\/wp-json\/wp\/v2\/tags?post=44706"}],"curies":[{"name":"wp","href":"https:\/\/api.w.org\/{rel}","templated":true}]}}