{"id":44730,"date":"2024-03-22T15:00:30","date_gmt":"2024-03-22T14:00:30","guid":{"rendered":"https:\/\/www.plexus.es\/?p=44730"},"modified":"2024-10-08T17:25:16","modified_gmt":"2024-10-08T15:25:16","slug":"plexus-tech-la-nit-sector-tic-cataluna","status":"publish","type":"post","link":"https:\/\/www.plexus.es\/pl\/plexus-tech-la-nit-sector-tic-cataluna\/","title":{"rendered":"Plexus Tech apoy\u00f3 el evento de referencia del sector TIC en Catalu\u00f1a"},"content":{"rendered":"<div class=\"fusion-fullwidth fullwidth-box fusion-builder-row-1 fusion-flex-container container-detail-news plexus_css nonhundred-percent-fullwidth non-hundred-percent-height-scrolling\" style=\"background-color: rgba(255,255,255,0);background-position: center center;background-repeat: no-repeat;border-width: 0px 0px 0px 0px;border-color:#e8ebef;border-style:solid;\" ><div class=\"fusion-builder-row fusion-row fusion-flex-align-items-flex-start\" style=\"max-width:1310.4px;margin-left: calc(-4% \/ 2 );margin-right: calc(-4% \/ 2 );\"><div class=\"fusion-layout-column fusion_builder_column fusion-builder-column-0 fusion_builder_column_1_2 1_2 fusion-flex-column fusion-flex-align-self-stretch\"><div class=\"fusion-column-wrapper fusion-flex-justify-content-center fusion-content-layout-column\" style=\"background-position:left top;background-repeat:no-repeat;-webkit-background-size:cover;-moz-background-size:cover;-o-background-size:cover;background-size:cover;padding: 0px 0px 0px 0px;\"><div style=\"text-align:center;\"><span class=\" fusion-imageframe imageframe-none imageframe-1 hover-type-none\" style=\"border-radius:12px;margin-top:0px;margin-right:0px;margin-bottom:0px;margin-left:0px;\"><a class=\"fusion-no-lightbox\" href=\"https:\/\/www.linkedin.com\/posts\/plexus-tech_goodnews-gemelosdigitales-platgdia-activity-7146514515004735488-uBrB?utm_source=share&amp;utm_medium=member_desktop\" target=\"_self\" aria-label=\"La Nit\"><img width=\"1219\" height=\"772\" alt=\"Equipo de Plexus Tech presente en La Nit de Barcelona\" src=\"https:\/\/www.plexus.es\/wp-content\/uploads\/2024\/10\/La-Nit.jpg\" data-orig-src=\"https:\/\/www.plexus.es\/wp-content\/uploads\/2024\/10\/La-Nit.jpg\" class=\"lazyload img-responsive wp-image-44747\" srcset=\"data:image\/svg+xml,%3Csvg%20xmlns%3D%27http%3A%2F%2Fwww.w3.org%2F2000%2Fsvg%27%20width%3D%271219%27%20height%3D%27772%27%20viewBox%3D%270%200%201219%20772%27%3E%3Crect%20width%3D%271219%27%20height%3D%27772%27%20fill-opacity%3D%220%22%2F%3E%3C%2Fsvg%3E\" data-srcset=\"https:\/\/www.plexus.es\/wp-content\/uploads\/2024\/10\/La-Nit-200x127.jpg 200w, https:\/\/www.plexus.es\/wp-content\/uploads\/2024\/10\/La-Nit-400x253.jpg 400w, https:\/\/www.plexus.es\/wp-content\/uploads\/2024\/10\/La-Nit-600x380.jpg 600w, https:\/\/www.plexus.es\/wp-content\/uploads\/2024\/10\/La-Nit-800x507.jpg 800w, https:\/\/www.plexus.es\/wp-content\/uploads\/2024\/10\/La-Nit-1200x760.jpg 1200w, https:\/\/www.plexus.es\/wp-content\/uploads\/2024\/10\/La-Nit.jpg 1219w\" data-sizes=\"auto\" data-orig-sizes=\"(max-width: 640px) 100vw, 600px\" \/><\/a><\/span><\/div><\/div><style type=\"text\/css\">.fusion-body .fusion-builder-column-0{width:50% !important;margin-top : 0px;margin-bottom : 0px;}.fusion-builder-column-0 > .fusion-column-wrapper {padding-top : 0 !important;padding-right : 0px !important;margin-right : 3.84%;padding-bottom : 0 !important;padding-left : 0px !important;margin-left : 3.84%;}@media only screen and (max-width:1200px) {.fusion-body .fusion-builder-column-0{width:50% !important;order : 0;}.fusion-builder-column-0 > .fusion-column-wrapper {margin-right : 3.84%;margin-left : 3.84%;}}@media only screen and (max-width:640px) {.fusion-body .fusion-builder-column-0{width:100% !important;order : 0;}.fusion-builder-column-0 > .fusion-column-wrapper {margin-right : 1.92%;margin-left : 1.92%;}}<\/style><\/div><div class=\"fusion-layout-column fusion_builder_column fusion-builder-column-1 fusion_builder_column_1_2 1_2 fusion-flex-column fusion-flex-align-self-stretch\"><div class=\"fusion-column-wrapper fusion-flex-justify-content-center fusion-content-layout-column\" style=\"background-position:left top;background-repeat:no-repeat;-webkit-background-size:cover;-moz-background-size:cover;-o-background-size:cover;background-size:cover;padding: 0px 0px 0px 0px;\"><div style=\"text-align:center;\"><span class=\" fusion-imageframe imageframe-none imageframe-2 hover-type-none\" style=\"border-radius:12px;margin-top:0px;margin-right:0px;margin-bottom:0px;margin-left:0px;\"><a class=\"fusion-no-lightbox\" href=\"https:\/\/www.linkedin.com\/posts\/plexus-tech_goodnews-gemelosdigitales-platgdia-activity-7146514515004735488-uBrB?utm_source=share&amp;utm_medium=member_desktop\" target=\"_self\" aria-label=\"La Nit 2024 Barcelona\"><img width=\"984\" height=\"738\" alt=\"La Nit de les Telecomunicacions i la Inform\u00e0tica es el evento de referencia del Sector TIC en Catalu\u00f1a\" src=\"https:\/\/www.plexus.es\/wp-content\/uploads\/2024\/10\/La-Nit-2024-Barcelona.jpg\" data-orig-src=\"https:\/\/www.plexus.es\/wp-content\/uploads\/2024\/10\/La-Nit-2024-Barcelona.jpg\" class=\"lazyload img-responsive wp-image-44741\" srcset=\"data:image\/svg+xml,%3Csvg%20xmlns%3D%27http%3A%2F%2Fwww.w3.org%2F2000%2Fsvg%27%20width%3D%27984%27%20height%3D%27738%27%20viewBox%3D%270%200%20984%20738%27%3E%3Crect%20width%3D%27984%27%20height%3D%27738%27%20fill-opacity%3D%220%22%2F%3E%3C%2Fsvg%3E\" data-srcset=\"https:\/\/www.plexus.es\/wp-content\/uploads\/2024\/10\/La-Nit-2024-Barcelona-200x150.jpg 200w, https:\/\/www.plexus.es\/wp-content\/uploads\/2024\/10\/La-Nit-2024-Barcelona-400x300.jpg 400w, https:\/\/www.plexus.es\/wp-content\/uploads\/2024\/10\/La-Nit-2024-Barcelona-600x450.jpg 600w, https:\/\/www.plexus.es\/wp-content\/uploads\/2024\/10\/La-Nit-2024-Barcelona-800x600.jpg 800w, https:\/\/www.plexus.es\/wp-content\/uploads\/2024\/10\/La-Nit-2024-Barcelona.jpg 984w\" data-sizes=\"auto\" data-orig-sizes=\"(max-width: 640px) 100vw, 600px\" \/><\/a><\/span><\/div><\/div><style type=\"text\/css\">.fusion-body .fusion-builder-column-1{width:50% !important;margin-top : 0px;margin-bottom : 0px;}.fusion-builder-column-1 > .fusion-column-wrapper {padding-top : 0 !important;padding-right : 0px !important;margin-right : 3.84%;padding-bottom : 0 !important;padding-left : 0px !important;margin-left : 3.84%;}@media only screen and (max-width:1200px) {.fusion-body .fusion-builder-column-1{width:50% !important;order : 0;}.fusion-builder-column-1 > .fusion-column-wrapper {margin-right : 3.84%;margin-left : 3.84%;}}@media only screen and (max-width:640px) {.fusion-body .fusion-builder-column-1{width:100% !important;order : 0;}.fusion-builder-column-1 > .fusion-column-wrapper {margin-right : 1.92%;margin-left : 1.92%;}}<\/style><\/div><div class=\"fusion-layout-column fusion_builder_column fusion-builder-column-2 fusion_builder_column_1_1 1_1 fusion-flex-column\"><div class=\"fusion-column-wrapper fusion-flex-justify-content-flex-start fusion-content-layout-column\" style=\"background-position:left top;background-repeat:no-repeat;-webkit-background-size:cover;-moz-background-size:cover;-o-background-size:cover;background-size:cover;padding: 0px 0px 0px 0px;\"><div class=\"fusion-text fusion-text-1\"><ul>\n<li class=\"fusion-responsive-typography-calculated\" style=\"--fontsize: 24; line-height: 1;\" data-fontsize=\"24\" data-lineheight=\"24px\">\n<h2>Apoyamos la 29\u00aa Nit de les Telecomunicacions i la Inform\u00e0tica, encuentro TIC por excelencia en Catalu\u00f1a.<\/h2>\n<\/li>\n<\/ul>\n<p><strong>Plexus Tech apoy\u00f3 y particip\u00f3<\/strong> el pasado 20 de marzo en la 29\u00aa edici\u00f3n de <strong>La Nit de les Telecomunicacions i la Inform\u00e0tica<\/strong>. La compa\u00f1\u00eda tecnol\u00f3gica, fruto de su presencia en Catalu\u00f1a, form\u00f3 parte del <a href=\"https:\/\/www.lanit.cat\/\" target=\"_blank\" rel=\"noopener\"><strong><span style=\"color: #000080;\">evento de referencia del sector de las telecomunicaciones<\/span><\/strong><\/a> y la tecnolog\u00eda de la informaci\u00f3n en la Comunidad Aut\u00f3noma.<\/p>\n<p>La presencia de Plexus Tech en La Nit 2024, con una representaci\u00f3n de lujo, se enmarc\u00f3 en su <strong>objetivo de <a href=\"https:\/\/www.plexus.es\/somos\/\" target=\"_blank\" rel=\"noopener\"><span style=\"color: #000080;\">potenciar su rol en Catalu\u00f1a<\/span><\/a>.<\/strong> De este modo, no pod\u00eda faltar al evento que sirve de punto de partida para el comienzo de las actividades en el sector TIC.<\/p>\n<p>En este sentido, La Nit es la <strong>cita por excelencia de los principales profesionales, empresas, administraci\u00f3n p\u00fablica, asociaciones e instituciones del sector TIC de Catalu\u00f1a<\/strong>. Un evento de <em>networking<\/em>, organizado por la Asociaci\u00f3n Catalana de Ingenieros de Telecomunicaci\u00f3n y el Colegio Oficial de Ingenier\u00eda en Inform\u00e1tica de Catalu\u00f1a. Por todo ello, se ha consolidado desde 1995 como un encuentro de referencia.<\/p>\n<p>En la ceremonia, celebrada en L&#8217;Auditori de Barcelona, se presentaron las <strong>principales novedades que traer\u00e1 este a\u00f1o el sector TIC<\/strong>. Adem\u00e1s, tambi\u00e9n se premiaron a profesionales y trabajos destacados en diferentes \u00e1reas.<\/p>\n<\/div><\/div><style type=\"text\/css\">.fusion-body .fusion-builder-column-2{width:100% !important;margin-top : 20px;margin-bottom : 20px;}.fusion-builder-column-2 > .fusion-column-wrapper {padding-top : 0px !important;padding-right : 0px !important;margin-right : 1.92%;padding-bottom : 0px !important;padding-left : 0px !important;margin-left : 1.92%;}@media only screen and (max-width:1200px) {.fusion-body .fusion-builder-column-2{width:100% !important;order : 0;}.fusion-builder-column-2 > .fusion-column-wrapper {margin-right : 1.92%;margin-left : 1.92%;}}@media only screen and (max-width:640px) {.fusion-body .fusion-builder-column-2{width:100% !important;order : 0;}.fusion-builder-column-2 > .fusion-column-wrapper {margin-right : 1.92%;margin-left : 1.92%;}}<\/style><\/div><\/div><style type=\"text\/css\">.fusion-body .fusion-flex-container.fusion-builder-row-1{ padding-top : 0px;margin-top : 0;padding-right : 0px;padding-bottom : 0px;margin-bottom : 0;padding-left : 0px;}<\/style><\/div>\n","protected":false},"excerpt":{"rendered":"<p>Patrocinamos y participamos en la 29\u00aa Nit de les Telecomunicacions i la Inform\u00e0tica, encuentro TIC clave en la comunidad catalana.<\/p>\n","protected":false},"author":1,"featured_media":44731,"comment_status":"open","ping_status":"open","sticky":false,"template":"","format":"standard","meta":[],"categories":[107,105],"tags":[],"yoast_head":"<!-- This site is optimized with the Yoast SEO plugin v17.4 - https:\/\/yoast.com\/wordpress\/plugins\/seo\/ -->\n<title>Plexus Tech apoy\u00f3 el evento de referencia del sector TIC en Catalu\u00f1a<\/title>\n<meta name=\"description\" content=\"Plexus Tech apoy\u00f3 la 29\u00aa Nit de les Telecomunicacions i la Inform\u00e0tica, encuentro TIC por excelencia en la comunidad catalana\" \/>\n<meta name=\"robots\" content=\"index, follow, max-snippet:-1, max-image-preview:large, max-video-preview:-1\" \/>\n<link rel=\"canonical\" href=\"https:\/\/www.plexus.es\/plexus-tech-la-nit-sector-tic-cataluna\/\" \/>\n<meta property=\"og:locale\" content=\"pl_PL\" \/>\n<meta property=\"og:type\" content=\"article\" \/>\n<meta property=\"og:title\" content=\"Plexus Tech apoy\u00f3 el evento de referencia del sector TIC en Catalu\u00f1a\" \/>\n<meta property=\"og:description\" content=\"Plexus Tech apoy\u00f3 la 29\u00aa Nit de les Telecomunicacions i la Inform\u00e0tica, encuentro TIC por excelencia en la comunidad catalana\" \/>\n<meta property=\"og:url\" content=\"https:\/\/www.plexus.es\/plexus-tech-la-nit-sector-tic-cataluna\/\" \/>\n<meta property=\"og:site_name\" content=\"Plexus Tech\" \/>\n<meta property=\"article:publisher\" content=\"https:\/\/www.facebook.com\/Plexus.Techno\" \/>\n<meta property=\"article:published_time\" content=\"2024-03-22T14:00:30+00:00\" \/>\n<meta property=\"article:modified_time\" content=\"2024-10-08T15:25:16+00:00\" \/>\n<meta property=\"og:image\" content=\"https:\/\/www.plexus.es\/wp-content\/uploads\/2024\/10\/Foto-La-Nit-de-Barcelona-Web.jpg\" \/>\n\t<meta property=\"og:image:width\" content=\"914\" \/>\n\t<meta property=\"og:image:height\" content=\"579\" \/>\n<meta name=\"twitter:card\" content=\"summary_large_image\" \/>\n<meta name=\"twitter:creator\" content=\"@plexustech_\" \/>\n<meta name=\"twitter:site\" content=\"@plexustech_\" \/>\n<meta name=\"twitter:label1\" content=\"Napisane przez\" \/>\n\t<meta name=\"twitter:data1\" content=\"admin_plexus\" \/>\n\t<meta name=\"twitter:label2\" content=\"Szacowany czas czytania\" \/>\n\t<meta name=\"twitter:data2\" content=\"4 minuty\" \/>\n<script type=\"application\/ld+json\" class=\"yoast-schema-graph\">{\"@context\":\"https:\/\/schema.org\",\"@graph\":[{\"@type\":\"Organization\",\"@id\":\"https:\/\/www.plexus.es\/#organization\",\"name\":\"Plexus Tech\",\"url\":\"https:\/\/www.plexus.es\/\",\"sameAs\":[\"https:\/\/www.facebook.com\/Plexus.Techno\",\"https:\/\/www.instagram.com\/plexus.tech\/\",\"https:\/\/www.linkedin.com\/company\/plexus-tech\/mycompany\/\",\"https:\/\/www.youtube.com\/user\/tecnologiasplexus\",\"https:\/\/twitter.com\/plexustech_\"],\"logo\":{\"@type\":\"ImageObject\",\"@id\":\"https:\/\/www.plexus.es\/#logo\",\"inLanguage\":\"pl-PL\",\"url\":\"https:\/\/www.plexus.es\/wp-content\/uploads\/2021\/11\/logo-plexus-2021.png\",\"contentUrl\":\"https:\/\/www.plexus.es\/wp-content\/uploads\/2021\/11\/logo-plexus-2021.png\",\"width\":600,\"height\":600,\"caption\":\"Plexus Tech\"},\"image\":{\"@id\":\"https:\/\/www.plexus.es\/#logo\"}},{\"@type\":\"WebSite\",\"@id\":\"https:\/\/www.plexus.es\/#website\",\"url\":\"https:\/\/www.plexus.es\/\",\"name\":\"Plexus Tech\",\"description\":\"Tecnolog\\u00eda con Alma\",\"publisher\":{\"@id\":\"https:\/\/www.plexus.es\/#organization\"},\"potentialAction\":[{\"@type\":\"SearchAction\",\"target\":{\"@type\":\"EntryPoint\",\"urlTemplate\":\"https:\/\/www.plexus.es\/?s={search_term_string}\"},\"query-input\":\"required name=search_term_string\"}],\"inLanguage\":\"pl-PL\"},{\"@type\":\"ImageObject\",\"@id\":\"https:\/\/www.plexus.es\/plexus-tech-la-nit-sector-tic-cataluna\/#primaryimage\",\"inLanguage\":\"pl-PL\",\"url\":\"https:\/\/www.plexus.es\/wp-content\/uploads\/2024\/10\/Foto-La-Nit-de-Barcelona-Web.jpg\",\"contentUrl\":\"https:\/\/www.plexus.es\/wp-content\/uploads\/2024\/10\/Foto-La-Nit-de-Barcelona-Web.jpg\",\"width\":914,\"height\":579,\"caption\":\"Equipo de Plexus Tech presente en La Nit de Barcelona\"},{\"@type\":\"WebPage\",\"@id\":\"https:\/\/www.plexus.es\/plexus-tech-la-nit-sector-tic-cataluna\/#webpage\",\"url\":\"https:\/\/www.plexus.es\/plexus-tech-la-nit-sector-tic-cataluna\/\",\"name\":\"Plexus Tech apoy\\u00f3 el evento de referencia del sector TIC en Catalu\\u00f1a\",\"isPartOf\":{\"@id\":\"https:\/\/www.plexus.es\/#website\"},\"primaryImageOfPage\":{\"@id\":\"https:\/\/www.plexus.es\/plexus-tech-la-nit-sector-tic-cataluna\/#primaryimage\"},\"datePublished\":\"2024-03-22T14:00:30+00:00\",\"dateModified\":\"2024-10-08T15:25:16+00:00\",\"description\":\"Plexus Tech apoy\\u00f3 la 29\\u00aa Nit de les Telecomunicacions i la Inform\\u00e0tica, encuentro TIC por excelencia en la comunidad catalana\",\"breadcrumb\":{\"@id\":\"https:\/\/www.plexus.es\/plexus-tech-la-nit-sector-tic-cataluna\/#breadcrumb\"},\"inLanguage\":\"pl-PL\",\"potentialAction\":[{\"@type\":\"ReadAction\",\"target\":[\"https:\/\/www.plexus.es\/plexus-tech-la-nit-sector-tic-cataluna\/\"]}]},{\"@type\":\"BreadcrumbList\",\"@id\":\"https:\/\/www.plexus.es\/plexus-tech-la-nit-sector-tic-cataluna\/#breadcrumb\",\"itemListElement\":[{\"@type\":\"ListItem\",\"position\":1,\"name\":\"Home\",\"item\":\"https:\/\/www.plexus.es\/\"},{\"@type\":\"ListItem\",\"position\":2,\"name\":\"Plexus Tech apoy\\u00f3 el evento de referencia del sector TIC en Catalu\\u00f1a\"}]},{\"@type\":\"Article\",\"@id\":\"https:\/\/www.plexus.es\/plexus-tech-la-nit-sector-tic-cataluna\/#article\",\"isPartOf\":{\"@id\":\"https:\/\/www.plexus.es\/plexus-tech-la-nit-sector-tic-cataluna\/#webpage\"},\"author\":{\"@id\":\"https:\/\/www.plexus.es\/#\/schema\/person\/8f02d5ce6d7b659fa68b0e90317c5171\"},\"headline\":\"Plexus Tech apoy\\u00f3 el evento de referencia del sector TIC en Catalu\\u00f1a\",\"datePublished\":\"2024-03-22T14:00:30+00:00\",\"dateModified\":\"2024-10-08T15:25:16+00:00\",\"mainEntityOfPage\":{\"@id\":\"https:\/\/www.plexus.es\/plexus-tech-la-nit-sector-tic-cataluna\/#webpage\"},\"wordCount\":1740,\"commentCount\":0,\"publisher\":{\"@id\":\"https:\/\/www.plexus.es\/#organization\"},\"image\":{\"@id\":\"https:\/\/www.plexus.es\/plexus-tech-la-nit-sector-tic-cataluna\/#primaryimage\"},\"thumbnailUrl\":\"https:\/\/www.plexus.es\/wp-content\/uploads\/2024\/10\/Foto-La-Nit-de-Barcelona-Web.jpg\",\"articleSection\":[\"Eventos\",\"Tech&amp;Innovaci\\u00f3n\"],\"inLanguage\":\"pl-PL\",\"potentialAction\":[{\"@type\":\"CommentAction\",\"name\":\"Comment\",\"target\":[\"https:\/\/www.plexus.es\/plexus-tech-la-nit-sector-tic-cataluna\/#respond\"]}]},{\"@type\":\"Person\",\"@id\":\"https:\/\/www.plexus.es\/#\/schema\/person\/8f02d5ce6d7b659fa68b0e90317c5171\",\"name\":\"admin_plexus\",\"image\":{\"@type\":\"ImageObject\",\"@id\":\"https:\/\/www.plexus.es\/#personlogo\",\"inLanguage\":\"pl-PL\",\"url\":\"https:\/\/secure.gravatar.com\/avatar\/c1d7caf9a4063a74393abcf91991e9cd?s=96&d=mm&r=g\",\"contentUrl\":\"https:\/\/secure.gravatar.com\/avatar\/c1d7caf9a4063a74393abcf91991e9cd?s=96&d=mm&r=g\",\"caption\":\"admin_plexus\"},\"sameAs\":[\"https:\/\/www.plexus.es\"]}]}<\/script>\n<!-- \/ Yoast SEO plugin. -->","yoast_head_json":{"title":"Plexus Tech apoy\u00f3 el evento de referencia del sector TIC en Catalu\u00f1a","description":"Plexus Tech apoy\u00f3 la 29\u00aa Nit de les Telecomunicacions i la Inform\u00e0tica, encuentro TIC por excelencia en la comunidad catalana","robots":{"index":"index","follow":"follow","max-snippet":"max-snippet:-1","max-image-preview":"max-image-preview:large","max-video-preview":"max-video-preview:-1"},"canonical":"https:\/\/www.plexus.es\/plexus-tech-la-nit-sector-tic-cataluna\/","og_locale":"pl_PL","og_type":"article","og_title":"Plexus Tech apoy\u00f3 el evento de referencia del sector TIC en Catalu\u00f1a","og_description":"Plexus Tech apoy\u00f3 la 29\u00aa Nit de les Telecomunicacions i la Inform\u00e0tica, encuentro TIC por excelencia en la comunidad catalana","og_url":"https:\/\/www.plexus.es\/plexus-tech-la-nit-sector-tic-cataluna\/","og_site_name":"Plexus Tech","article_publisher":"https:\/\/www.facebook.com\/Plexus.Techno","article_published_time":"2024-03-22T14:00:30+00:00","article_modified_time":"2024-10-08T15:25:16+00:00","og_image":[{"width":914,"height":579,"url":"https:\/\/www.plexus.es\/wp-content\/uploads\/2024\/10\/Foto-La-Nit-de-Barcelona-Web.jpg","type":"image\/jpeg"}],"twitter_card":"summary_large_image","twitter_creator":"@plexustech_","twitter_site":"@plexustech_","twitter_misc":{"Napisane przez":"admin_plexus","Szacowany czas czytania":"4 minuty"},"schema":{"@context":"https:\/\/schema.org","@graph":[{"@type":"Organization","@id":"https:\/\/www.plexus.es\/#organization","name":"Plexus Tech","url":"https:\/\/www.plexus.es\/","sameAs":["https:\/\/www.facebook.com\/Plexus.Techno","https:\/\/www.instagram.com\/plexus.tech\/","https:\/\/www.linkedin.com\/company\/plexus-tech\/mycompany\/","https:\/\/www.youtube.com\/user\/tecnologiasplexus","https:\/\/twitter.com\/plexustech_"],"logo":{"@type":"ImageObject","@id":"https:\/\/www.plexus.es\/#logo","inLanguage":"pl-PL","url":"https:\/\/www.plexus.es\/wp-content\/uploads\/2021\/11\/logo-plexus-2021.png","contentUrl":"https:\/\/www.plexus.es\/wp-content\/uploads\/2021\/11\/logo-plexus-2021.png","width":600,"height":600,"caption":"Plexus Tech"},"image":{"@id":"https:\/\/www.plexus.es\/#logo"}},{"@type":"WebSite","@id":"https:\/\/www.plexus.es\/#website","url":"https:\/\/www.plexus.es\/","name":"Plexus Tech","description":"Tecnolog\u00eda con Alma","publisher":{"@id":"https:\/\/www.plexus.es\/#organization"},"potentialAction":[{"@type":"SearchAction","target":{"@type":"EntryPoint","urlTemplate":"https:\/\/www.plexus.es\/?s={search_term_string}"},"query-input":"required name=search_term_string"}],"inLanguage":"pl-PL"},{"@type":"ImageObject","@id":"https:\/\/www.plexus.es\/plexus-tech-la-nit-sector-tic-cataluna\/#primaryimage","inLanguage":"pl-PL","url":"https:\/\/www.plexus.es\/wp-content\/uploads\/2024\/10\/Foto-La-Nit-de-Barcelona-Web.jpg","contentUrl":"https:\/\/www.plexus.es\/wp-content\/uploads\/2024\/10\/Foto-La-Nit-de-Barcelona-Web.jpg","width":914,"height":579,"caption":"Equipo de Plexus Tech presente en La Nit de Barcelona"},{"@type":"WebPage","@id":"https:\/\/www.plexus.es\/plexus-tech-la-nit-sector-tic-cataluna\/#webpage","url":"https:\/\/www.plexus.es\/plexus-tech-la-nit-sector-tic-cataluna\/","name":"Plexus Tech apoy\u00f3 el evento de referencia del sector TIC en Catalu\u00f1a","isPartOf":{"@id":"https:\/\/www.plexus.es\/#website"},"primaryImageOfPage":{"@id":"https:\/\/www.plexus.es\/plexus-tech-la-nit-sector-tic-cataluna\/#primaryimage"},"datePublished":"2024-03-22T14:00:30+00:00","dateModified":"2024-10-08T15:25:16+00:00","description":"Plexus Tech apoy\u00f3 la 29\u00aa Nit de les Telecomunicacions i la Inform\u00e0tica, encuentro TIC por excelencia en la comunidad catalana","breadcrumb":{"@id":"https:\/\/www.plexus.es\/plexus-tech-la-nit-sector-tic-cataluna\/#breadcrumb"},"inLanguage":"pl-PL","potentialAction":[{"@type":"ReadAction","target":["https:\/\/www.plexus.es\/plexus-tech-la-nit-sector-tic-cataluna\/"]}]},{"@type":"BreadcrumbList","@id":"https:\/\/www.plexus.es\/plexus-tech-la-nit-sector-tic-cataluna\/#breadcrumb","itemListElement":[{"@type":"ListItem","position":1,"name":"Home","item":"https:\/\/www.plexus.es\/"},{"@type":"ListItem","position":2,"name":"Plexus Tech apoy\u00f3 el evento de referencia del sector TIC en Catalu\u00f1a"}]},{"@type":"Article","@id":"https:\/\/www.plexus.es\/plexus-tech-la-nit-sector-tic-cataluna\/#article","isPartOf":{"@id":"https:\/\/www.plexus.es\/plexus-tech-la-nit-sector-tic-cataluna\/#webpage"},"author":{"@id":"https:\/\/www.plexus.es\/#\/schema\/person\/8f02d5ce6d7b659fa68b0e90317c5171"},"headline":"Plexus Tech apoy\u00f3 el evento de referencia del sector TIC en Catalu\u00f1a","datePublished":"2024-03-22T14:00:30+00:00","dateModified":"2024-10-08T15:25:16+00:00","mainEntityOfPage":{"@id":"https:\/\/www.plexus.es\/plexus-tech-la-nit-sector-tic-cataluna\/#webpage"},"wordCount":1740,"commentCount":0,"publisher":{"@id":"https:\/\/www.plexus.es\/#organization"},"image":{"@id":"https:\/\/www.plexus.es\/plexus-tech-la-nit-sector-tic-cataluna\/#primaryimage"},"thumbnailUrl":"https:\/\/www.plexus.es\/wp-content\/uploads\/2024\/10\/Foto-La-Nit-de-Barcelona-Web.jpg","articleSection":["Eventos","Tech&amp;Innovaci\u00f3n"],"inLanguage":"pl-PL","potentialAction":[{"@type":"CommentAction","name":"Comment","target":["https:\/\/www.plexus.es\/plexus-tech-la-nit-sector-tic-cataluna\/#respond"]}]},{"@type":"Person","@id":"https:\/\/www.plexus.es\/#\/schema\/person\/8f02d5ce6d7b659fa68b0e90317c5171","name":"admin_plexus","image":{"@type":"ImageObject","@id":"https:\/\/www.plexus.es\/#personlogo","inLanguage":"pl-PL","url":"https:\/\/secure.gravatar.com\/avatar\/c1d7caf9a4063a74393abcf91991e9cd?s=96&d=mm&r=g","contentUrl":"https:\/\/secure.gravatar.com\/avatar\/c1d7caf9a4063a74393abcf91991e9cd?s=96&d=mm&r=g","caption":"admin_plexus"},"sameAs":["https:\/\/www.plexus.es"]}]}},"_links":{"self":[{"href":"https:\/\/www.plexus.es\/pl\/wp-json\/wp\/v2\/posts\/44730"}],"collection":[{"href":"https:\/\/www.plexus.es\/pl\/wp-json\/wp\/v2\/posts"}],"about":[{"href":"https:\/\/www.plexus.es\/pl\/wp-json\/wp\/v2\/types\/post"}],"author":[{"embeddable":true,"href":"https:\/\/www.plexus.es\/pl\/wp-json\/wp\/v2\/users\/1"}],"replies":[{"embeddable":true,"href":"https:\/\/www.plexus.es\/pl\/wp-json\/wp\/v2\/comments?post=44730"}],"version-history":[{"count":3,"href":"https:\/\/www.plexus.es\/pl\/wp-json\/wp\/v2\/posts\/44730\/revisions"}],"predecessor-version":[{"id":44751,"href":"https:\/\/www.plexus.es\/pl\/wp-json\/wp\/v2\/posts\/44730\/revisions\/44751"}],"wp:featuredmedia":[{"embeddable":true,"href":"https:\/\/www.plexus.es\/pl\/wp-json\/wp\/v2\/media\/44731"}],"wp:attachment":[{"href":"https:\/\/www.plexus.es\/pl\/wp-json\/wp\/v2\/media?parent=44730"}],"wp:term":[{"taxonomy":"category","embeddable":true,"href":"https:\/\/www.plexus.es\/pl\/wp-json\/wp\/v2\/categories?post=44730"},{"taxonomy":"post_tag","embeddable":true,"href":"https:\/\/www.plexus.es\/pl\/wp-json\/wp\/v2\/tags?post=44730"}],"curies":[{"name":"wp","href":"https:\/\/api.w.org\/{rel}","templated":true}]}}