{"id":48605,"date":"2025-07-16T08:45:43","date_gmt":"2025-07-16T06:45:43","guid":{"rendered":"https:\/\/www.plexus.es\/?p=48605"},"modified":"2025-08-12T14:41:26","modified_gmt":"2025-08-12T12:41:26","slug":"empleo-juvenil-ourense","status":"publish","type":"post","link":"https:\/\/www.plexus.es\/pl\/empleo-juvenil-ourense\/","title":{"rendered":"Impulsamos el empleo juvenil con el apoyo de la Xunta de Galicia"},"content":{"rendered":"<div class=\"fusion-fullwidth fullwidth-box fusion-builder-row-1 fusion-flex-container container-detail-news plexus_css nonhundred-percent-fullwidth non-hundred-percent-height-scrolling\" style=\"background-color: rgba(255,255,255,0);background-position: center center;background-repeat: no-repeat;border-width: 0px 0px 0px 0px;border-color:#e8ebef;border-style:solid;\" ><div class=\"fusion-builder-row fusion-row fusion-flex-align-items-flex-start\" style=\"max-width:1310.4px;margin-left: calc(-4% \/ 2 );margin-right: calc(-4% \/ 2 );\"><div class=\"fusion-layout-column fusion_builder_column fusion-builder-column-0 fusion_builder_column_1_1 1_1 fusion-flex-column\"><div class=\"fusion-column-wrapper fusion-flex-justify-content-flex-start fusion-content-layout-column\" style=\"background-position:left top;background-repeat:no-repeat;-webkit-background-size:cover;-moz-background-size:cover;-o-background-size:cover;background-size:cover;padding: 0px 0px 0px 0px;\"><div class=\"fusion-text fusion-text-1\"><h2>Seguimos generando oportunidades para el talento joven gallego reforzando el empleo juvenil en Ourense.<\/h2>\n<p>En Plexus Tech <a href=\"https:\/\/www.plexus.es\/seguimos-rumbo-sumar-talento-multiplicar-conocimiento\/\" target=\"_blank\" rel=\"noopener\">seguimos apostando por un empleo inclusivo y de calidad en Galicia<\/a>. En esta ocasi\u00f3n, gracias al <strong>Programa de incentivos \u00e1 contrataci\u00f3n por conta allea<\/strong> (procedimiento<strong> TR342C<\/strong>). Con \u00e9l, hemos podido incorporar nuevo talento joven y reforzar el <strong data-start=\"520\" data-end=\"549\">empleo juvenil en Ourense.<\/strong><\/p>\n<p>Este programa, promovido por la <strong><a href=\"https:\/\/conselleriaemprego.xunta.gal\/portada\" target=\"_blank\" rel=\"noopener\">Conseller\u00eda de Emprego, Comercio e Emigraci\u00f3n<\/a> de la Xunta de Galicia y cofinanciado por el Servicio P\u00fablico de Empleo Estatal<\/strong> (SEPE), tiene como objetivo facilitar la inserci\u00f3n laboral de colectivos con mayores dificultades de acceso al empleo. Esta ayuda ha facilitado la incorporaci\u00f3n de talento joven desempleado a nuestra plantilla de forma indefinida.<\/p>\n<p>Con ello, reforzamos nuestro compromiso con el desarrollo del talento local y la creaci\u00f3n de oportunidades laborales <strong>sostenibles, igualitarias y estables<\/strong>. En Plexus Tech creemos firmemente que la tecnolog\u00eda transforma, pero son las personas quienes hacen posible ese cambio.<\/p>\n<p>De este modo, con iniciativas como esta, que permite impulsar y reforzar el empleo juvenil en Ourense, no solo impulsamos nuestro crecimiento, sino que tambi\u00e9n contribuimos al desarrollo econ\u00f3mico y social de <strong>Ourense y de toda Galicia.<\/strong> Alineamos as\u00ed nuestras acciones con valores de responsabilidad, inclusi\u00f3n y compromiso social.<\/p>\n<\/div><\/div><style type=\"text\/css\">.fusion-body .fusion-builder-column-0{width:100% !important;margin-top : 20px;margin-bottom : 20px;}.fusion-builder-column-0 > .fusion-column-wrapper {padding-top : 0px !important;padding-right : 0px !important;margin-right : 1.92%;padding-bottom : 0px !important;padding-left : 0px !important;margin-left : 1.92%;}@media only screen and (max-width:1200px) {.fusion-body .fusion-builder-column-0{width:100% !important;order : 0;}.fusion-builder-column-0 > .fusion-column-wrapper {margin-right : 1.92%;margin-left : 1.92%;}}@media only screen and (max-width:640px) {.fusion-body .fusion-builder-column-0{width:100% !important;order : 0;}.fusion-builder-column-0 > .fusion-column-wrapper {margin-right : 1.92%;margin-left : 1.92%;}}<\/style><\/div><div class=\"fusion-layout-column fusion_builder_column fusion-builder-column-1 fusion_builder_column_1_1 1_1 fusion-flex-column fusion-flex-align-self-stretch\"><div class=\"fusion-column-wrapper fusion-flex-justify-content-center fusion-content-layout-column\" style=\"background-position:left top;background-repeat:no-repeat;-webkit-background-size:cover;-moz-background-size:cover;-o-background-size:cover;background-size:cover;padding: 0px 0px 0px 0px;\"><div style=\"text-align:center;\"><span class=\" fusion-imageframe imageframe-none imageframe-1 hover-type-none\" style=\"border-radius:12px;margin-top:0px;margin-right:0px;margin-bottom:0px;margin-left:0px;\"><a class=\"fusion-no-lightbox\" href=\"https:\/\/www.linkedin.com\/posts\/plexus-tech_goodnews-gemelosdigitales-platgdia-activity-7146514515004735488-uBrB?utm_source=share&amp;utm_medium=member_desktop\" target=\"_self\" aria-label=\"banda\"><img width=\"802\" height=\"142\" src=\"https:\/\/www.plexus.es\/wp-content\/uploads\/2025\/06\/banda.jpg\" data-orig-src=\"https:\/\/www.plexus.es\/wp-content\/uploads\/2025\/06\/banda.jpg\" class=\"lazyload img-responsive wp-image-47906\" srcset=\"data:image\/svg+xml,%3Csvg%20xmlns%3D%27http%3A%2F%2Fwww.w3.org%2F2000%2Fsvg%27%20width%3D%27802%27%20height%3D%27142%27%20viewBox%3D%270%200%20802%20142%27%3E%3Crect%20width%3D%27802%27%20height%3D%27142%27%20fill-opacity%3D%220%22%2F%3E%3C%2Fsvg%3E\" data-srcset=\"https:\/\/www.plexus.es\/wp-content\/uploads\/2025\/06\/banda-200x35.jpg 200w, https:\/\/www.plexus.es\/wp-content\/uploads\/2025\/06\/banda-400x71.jpg 400w, https:\/\/www.plexus.es\/wp-content\/uploads\/2025\/06\/banda-600x106.jpg 600w, https:\/\/www.plexus.es\/wp-content\/uploads\/2025\/06\/banda-800x142.jpg 800w, https:\/\/www.plexus.es\/wp-content\/uploads\/2025\/06\/banda.jpg 802w\" data-sizes=\"auto\" data-orig-sizes=\"(max-width: 640px) 100vw, 802px\" \/><\/a><\/span><\/div><\/div><style type=\"text\/css\">.fusion-body .fusion-builder-column-1{width:100% !important;margin-top : 0px;margin-bottom : 0px;}.fusion-builder-column-1 > .fusion-column-wrapper {padding-top : 0 !important;padding-right : 0px !important;margin-right : 1.92%;padding-bottom : 0 !important;padding-left : 0px !important;margin-left : 1.92%;}@media only screen and (max-width:1200px) {.fusion-body .fusion-builder-column-1{width:100% !important;order : 0;}.fusion-builder-column-1 > .fusion-column-wrapper {margin-right : 1.92%;margin-left : 1.92%;}}@media only screen and (max-width:640px) {.fusion-body .fusion-builder-column-1{width:100% !important;order : 0;}.fusion-builder-column-1 > .fusion-column-wrapper {margin-right : 1.92%;margin-left : 1.92%;}}<\/style><\/div><\/div><style type=\"text\/css\">.fusion-body .fusion-flex-container.fusion-builder-row-1{ padding-top : 0px;margin-top : 0;padding-right : 0px;padding-bottom : 0px;margin-bottom : 0;padding-left : 0px;}<\/style><\/div>\n","protected":false},"excerpt":{"rendered":"<p>En Plexus Tech fomentamos el empleo juvenil en Ourense con apoyo de la Xunta y el SEPE, sumando talento joven e inclusivo.<\/p>\n","protected":false},"author":1,"featured_media":47878,"comment_status":"open","ping_status":"open","sticky":false,"template":"","format":"standard","meta":[],"categories":[109,45],"tags":[],"yoast_head":"<!-- This site is optimized with the Yoast SEO plugin v17.4 - https:\/\/yoast.com\/wordpress\/plugins\/seo\/ -->\n<title>Seguimos generando oportunidades de empleo juvenil en Ourense<\/title>\n<meta name=\"description\" content=\"Impulsamos el empleo juvenil en Ourense gracias al apoyo de la Xunta y el SEPE, sumando talento joven e inclusivo en Plexus Tech.\" \/>\n<meta name=\"robots\" content=\"index, follow, max-snippet:-1, max-image-preview:large, max-video-preview:-1\" \/>\n<link rel=\"canonical\" href=\"https:\/\/www.plexus.es\/empleo-juvenil-ourense\/\" \/>\n<meta property=\"og:locale\" content=\"pl_PL\" \/>\n<meta property=\"og:type\" content=\"article\" \/>\n<meta property=\"og:title\" content=\"Seguimos generando oportunidades de empleo juvenil en Ourense\" \/>\n<meta property=\"og:description\" content=\"Impulsamos el empleo juvenil en Ourense gracias al apoyo de la Xunta y el SEPE, sumando talento joven e inclusivo en Plexus Tech.\" \/>\n<meta property=\"og:url\" content=\"https:\/\/www.plexus.es\/empleo-juvenil-ourense\/\" \/>\n<meta property=\"og:site_name\" content=\"Plexus Tech\" \/>\n<meta property=\"article:publisher\" content=\"https:\/\/www.facebook.com\/Plexus.Techno\" \/>\n<meta property=\"article:published_time\" content=\"2025-07-16T06:45:43+00:00\" \/>\n<meta property=\"article:modified_time\" content=\"2025-08-12T12:41:26+00:00\" \/>\n<meta property=\"og:image\" content=\"https:\/\/www.plexus.es\/wp-content\/uploads\/2025\/06\/250603_SEPE_GALICIA-1.jpg\" \/>\n\t<meta property=\"og:image:width\" content=\"948\" \/>\n\t<meta property=\"og:image:height\" content=\"600\" \/>\n<meta name=\"twitter:card\" content=\"summary_large_image\" \/>\n<meta name=\"twitter:creator\" content=\"@plexustech_\" \/>\n<meta name=\"twitter:site\" content=\"@plexustech_\" \/>\n<meta name=\"twitter:label1\" content=\"Napisane przez\" \/>\n\t<meta name=\"twitter:data1\" content=\"admin_plexus\" \/>\n\t<meta name=\"twitter:label2\" content=\"Szacowany czas czytania\" \/>\n\t<meta name=\"twitter:data2\" content=\"3 minuty\" \/>\n<script type=\"application\/ld+json\" class=\"yoast-schema-graph\">{\"@context\":\"https:\/\/schema.org\",\"@graph\":[{\"@type\":\"Organization\",\"@id\":\"https:\/\/www.plexus.es\/#organization\",\"name\":\"Plexus Tech\",\"url\":\"https:\/\/www.plexus.es\/\",\"sameAs\":[\"https:\/\/www.facebook.com\/Plexus.Techno\",\"https:\/\/www.instagram.com\/plexus.tech\/\",\"https:\/\/www.linkedin.com\/company\/plexus-tech\/mycompany\/\",\"https:\/\/www.youtube.com\/user\/tecnologiasplexus\",\"https:\/\/twitter.com\/plexustech_\"],\"logo\":{\"@type\":\"ImageObject\",\"@id\":\"https:\/\/www.plexus.es\/#logo\",\"inLanguage\":\"pl-PL\",\"url\":\"https:\/\/www.plexus.es\/wp-content\/uploads\/2021\/11\/logo-plexus-2021.png\",\"contentUrl\":\"https:\/\/www.plexus.es\/wp-content\/uploads\/2021\/11\/logo-plexus-2021.png\",\"width\":600,\"height\":600,\"caption\":\"Plexus Tech\"},\"image\":{\"@id\":\"https:\/\/www.plexus.es\/#logo\"}},{\"@type\":\"WebSite\",\"@id\":\"https:\/\/www.plexus.es\/#website\",\"url\":\"https:\/\/www.plexus.es\/\",\"name\":\"Plexus Tech\",\"description\":\"Tecnolog\\u00eda con Alma\",\"publisher\":{\"@id\":\"https:\/\/www.plexus.es\/#organization\"},\"potentialAction\":[{\"@type\":\"SearchAction\",\"target\":{\"@type\":\"EntryPoint\",\"urlTemplate\":\"https:\/\/www.plexus.es\/?s={search_term_string}\"},\"query-input\":\"required name=search_term_string\"}],\"inLanguage\":\"pl-PL\"},{\"@type\":\"ImageObject\",\"@id\":\"https:\/\/www.plexus.es\/empleo-juvenil-ourense\/#primaryimage\",\"inLanguage\":\"pl-PL\",\"url\":\"https:\/\/www.plexus.es\/wp-content\/uploads\/2025\/06\/250603_SEPE_GALICIA-1.jpg\",\"contentUrl\":\"https:\/\/www.plexus.es\/wp-content\/uploads\/2025\/06\/250603_SEPE_GALICIA-1.jpg\",\"width\":948,\"height\":600,\"caption\":\"En Plexus Tech seguimos creando oportunidades laborales para un empleo inclusivo en Galicia. Seguimos generando oportunidades de empleo juvenil en Ourense.\"},{\"@type\":\"WebPage\",\"@id\":\"https:\/\/www.plexus.es\/empleo-juvenil-ourense\/#webpage\",\"url\":\"https:\/\/www.plexus.es\/empleo-juvenil-ourense\/\",\"name\":\"Seguimos generando oportunidades de empleo juvenil en Ourense\",\"isPartOf\":{\"@id\":\"https:\/\/www.plexus.es\/#website\"},\"primaryImageOfPage\":{\"@id\":\"https:\/\/www.plexus.es\/empleo-juvenil-ourense\/#primaryimage\"},\"datePublished\":\"2025-07-16T06:45:43+00:00\",\"dateModified\":\"2025-08-12T12:41:26+00:00\",\"description\":\"Impulsamos el empleo juvenil en Ourense gracias al apoyo de la Xunta y el SEPE, sumando talento joven e inclusivo en Plexus Tech.\",\"breadcrumb\":{\"@id\":\"https:\/\/www.plexus.es\/empleo-juvenil-ourense\/#breadcrumb\"},\"inLanguage\":\"pl-PL\",\"potentialAction\":[{\"@type\":\"ReadAction\",\"target\":[\"https:\/\/www.plexus.es\/empleo-juvenil-ourense\/\"]}]},{\"@type\":\"BreadcrumbList\",\"@id\":\"https:\/\/www.plexus.es\/empleo-juvenil-ourense\/#breadcrumb\",\"itemListElement\":[{\"@type\":\"ListItem\",\"position\":1,\"name\":\"Home\",\"item\":\"https:\/\/www.plexus.es\/\"},{\"@type\":\"ListItem\",\"position\":2,\"name\":\"Impulsamos el empleo juvenil con el apoyo de la Xunta de Galicia\"}]},{\"@type\":\"Article\",\"@id\":\"https:\/\/www.plexus.es\/empleo-juvenil-ourense\/#article\",\"isPartOf\":{\"@id\":\"https:\/\/www.plexus.es\/empleo-juvenil-ourense\/#webpage\"},\"author\":{\"@id\":\"https:\/\/www.plexus.es\/#\/schema\/person\/8f02d5ce6d7b659fa68b0e90317c5171\"},\"headline\":\"Impulsamos el empleo juvenil con el apoyo de la Xunta de Galicia\",\"datePublished\":\"2025-07-16T06:45:43+00:00\",\"dateModified\":\"2025-08-12T12:41:26+00:00\",\"mainEntityOfPage\":{\"@id\":\"https:\/\/www.plexus.es\/empleo-juvenil-ourense\/#webpage\"},\"wordCount\":1309,\"commentCount\":0,\"publisher\":{\"@id\":\"https:\/\/www.plexus.es\/#organization\"},\"image\":{\"@id\":\"https:\/\/www.plexus.es\/empleo-juvenil-ourense\/#primaryimage\"},\"thumbnailUrl\":\"https:\/\/www.plexus.es\/wp-content\/uploads\/2025\/06\/250603_SEPE_GALICIA-1.jpg\",\"articleSection\":[\"Compromiso\",\"Talento\"],\"inLanguage\":\"pl-PL\",\"potentialAction\":[{\"@type\":\"CommentAction\",\"name\":\"Comment\",\"target\":[\"https:\/\/www.plexus.es\/empleo-juvenil-ourense\/#respond\"]}]},{\"@type\":\"Person\",\"@id\":\"https:\/\/www.plexus.es\/#\/schema\/person\/8f02d5ce6d7b659fa68b0e90317c5171\",\"name\":\"admin_plexus\",\"image\":{\"@type\":\"ImageObject\",\"@id\":\"https:\/\/www.plexus.es\/#personlogo\",\"inLanguage\":\"pl-PL\",\"url\":\"https:\/\/secure.gravatar.com\/avatar\/c1d7caf9a4063a74393abcf91991e9cd?s=96&d=mm&r=g\",\"contentUrl\":\"https:\/\/secure.gravatar.com\/avatar\/c1d7caf9a4063a74393abcf91991e9cd?s=96&d=mm&r=g\",\"caption\":\"admin_plexus\"},\"sameAs\":[\"https:\/\/www.plexus.es\"]}]}<\/script>\n<!-- \/ Yoast SEO plugin. -->","yoast_head_json":{"title":"Seguimos generando oportunidades de empleo juvenil en Ourense","description":"Impulsamos el empleo juvenil en Ourense gracias al apoyo de la Xunta y el SEPE, sumando talento joven e inclusivo en Plexus Tech.","robots":{"index":"index","follow":"follow","max-snippet":"max-snippet:-1","max-image-preview":"max-image-preview:large","max-video-preview":"max-video-preview:-1"},"canonical":"https:\/\/www.plexus.es\/empleo-juvenil-ourense\/","og_locale":"pl_PL","og_type":"article","og_title":"Seguimos generando oportunidades de empleo juvenil en Ourense","og_description":"Impulsamos el empleo juvenil en Ourense gracias al apoyo de la Xunta y el SEPE, sumando talento joven e inclusivo en Plexus Tech.","og_url":"https:\/\/www.plexus.es\/empleo-juvenil-ourense\/","og_site_name":"Plexus Tech","article_publisher":"https:\/\/www.facebook.com\/Plexus.Techno","article_published_time":"2025-07-16T06:45:43+00:00","article_modified_time":"2025-08-12T12:41:26+00:00","og_image":[{"width":948,"height":600,"url":"https:\/\/www.plexus.es\/wp-content\/uploads\/2025\/06\/250603_SEPE_GALICIA-1.jpg","type":"image\/jpeg"}],"twitter_card":"summary_large_image","twitter_creator":"@plexustech_","twitter_site":"@plexustech_","twitter_misc":{"Napisane przez":"admin_plexus","Szacowany czas czytania":"3 minuty"},"schema":{"@context":"https:\/\/schema.org","@graph":[{"@type":"Organization","@id":"https:\/\/www.plexus.es\/#organization","name":"Plexus Tech","url":"https:\/\/www.plexus.es\/","sameAs":["https:\/\/www.facebook.com\/Plexus.Techno","https:\/\/www.instagram.com\/plexus.tech\/","https:\/\/www.linkedin.com\/company\/plexus-tech\/mycompany\/","https:\/\/www.youtube.com\/user\/tecnologiasplexus","https:\/\/twitter.com\/plexustech_"],"logo":{"@type":"ImageObject","@id":"https:\/\/www.plexus.es\/#logo","inLanguage":"pl-PL","url":"https:\/\/www.plexus.es\/wp-content\/uploads\/2021\/11\/logo-plexus-2021.png","contentUrl":"https:\/\/www.plexus.es\/wp-content\/uploads\/2021\/11\/logo-plexus-2021.png","width":600,"height":600,"caption":"Plexus Tech"},"image":{"@id":"https:\/\/www.plexus.es\/#logo"}},{"@type":"WebSite","@id":"https:\/\/www.plexus.es\/#website","url":"https:\/\/www.plexus.es\/","name":"Plexus Tech","description":"Tecnolog\u00eda con Alma","publisher":{"@id":"https:\/\/www.plexus.es\/#organization"},"potentialAction":[{"@type":"SearchAction","target":{"@type":"EntryPoint","urlTemplate":"https:\/\/www.plexus.es\/?s={search_term_string}"},"query-input":"required name=search_term_string"}],"inLanguage":"pl-PL"},{"@type":"ImageObject","@id":"https:\/\/www.plexus.es\/empleo-juvenil-ourense\/#primaryimage","inLanguage":"pl-PL","url":"https:\/\/www.plexus.es\/wp-content\/uploads\/2025\/06\/250603_SEPE_GALICIA-1.jpg","contentUrl":"https:\/\/www.plexus.es\/wp-content\/uploads\/2025\/06\/250603_SEPE_GALICIA-1.jpg","width":948,"height":600,"caption":"En Plexus Tech seguimos creando oportunidades laborales para un empleo inclusivo en Galicia. Seguimos generando oportunidades de empleo juvenil en Ourense."},{"@type":"WebPage","@id":"https:\/\/www.plexus.es\/empleo-juvenil-ourense\/#webpage","url":"https:\/\/www.plexus.es\/empleo-juvenil-ourense\/","name":"Seguimos generando oportunidades de empleo juvenil en Ourense","isPartOf":{"@id":"https:\/\/www.plexus.es\/#website"},"primaryImageOfPage":{"@id":"https:\/\/www.plexus.es\/empleo-juvenil-ourense\/#primaryimage"},"datePublished":"2025-07-16T06:45:43+00:00","dateModified":"2025-08-12T12:41:26+00:00","description":"Impulsamos el empleo juvenil en Ourense gracias al apoyo de la Xunta y el SEPE, sumando talento joven e inclusivo en Plexus Tech.","breadcrumb":{"@id":"https:\/\/www.plexus.es\/empleo-juvenil-ourense\/#breadcrumb"},"inLanguage":"pl-PL","potentialAction":[{"@type":"ReadAction","target":["https:\/\/www.plexus.es\/empleo-juvenil-ourense\/"]}]},{"@type":"BreadcrumbList","@id":"https:\/\/www.plexus.es\/empleo-juvenil-ourense\/#breadcrumb","itemListElement":[{"@type":"ListItem","position":1,"name":"Home","item":"https:\/\/www.plexus.es\/"},{"@type":"ListItem","position":2,"name":"Impulsamos el empleo juvenil con el apoyo de la Xunta de Galicia"}]},{"@type":"Article","@id":"https:\/\/www.plexus.es\/empleo-juvenil-ourense\/#article","isPartOf":{"@id":"https:\/\/www.plexus.es\/empleo-juvenil-ourense\/#webpage"},"author":{"@id":"https:\/\/www.plexus.es\/#\/schema\/person\/8f02d5ce6d7b659fa68b0e90317c5171"},"headline":"Impulsamos el empleo juvenil con el apoyo de la Xunta de Galicia","datePublished":"2025-07-16T06:45:43+00:00","dateModified":"2025-08-12T12:41:26+00:00","mainEntityOfPage":{"@id":"https:\/\/www.plexus.es\/empleo-juvenil-ourense\/#webpage"},"wordCount":1309,"commentCount":0,"publisher":{"@id":"https:\/\/www.plexus.es\/#organization"},"image":{"@id":"https:\/\/www.plexus.es\/empleo-juvenil-ourense\/#primaryimage"},"thumbnailUrl":"https:\/\/www.plexus.es\/wp-content\/uploads\/2025\/06\/250603_SEPE_GALICIA-1.jpg","articleSection":["Compromiso","Talento"],"inLanguage":"pl-PL","potentialAction":[{"@type":"CommentAction","name":"Comment","target":["https:\/\/www.plexus.es\/empleo-juvenil-ourense\/#respond"]}]},{"@type":"Person","@id":"https:\/\/www.plexus.es\/#\/schema\/person\/8f02d5ce6d7b659fa68b0e90317c5171","name":"admin_plexus","image":{"@type":"ImageObject","@id":"https:\/\/www.plexus.es\/#personlogo","inLanguage":"pl-PL","url":"https:\/\/secure.gravatar.com\/avatar\/c1d7caf9a4063a74393abcf91991e9cd?s=96&d=mm&r=g","contentUrl":"https:\/\/secure.gravatar.com\/avatar\/c1d7caf9a4063a74393abcf91991e9cd?s=96&d=mm&r=g","caption":"admin_plexus"},"sameAs":["https:\/\/www.plexus.es"]}]}},"_links":{"self":[{"href":"https:\/\/www.plexus.es\/pl\/wp-json\/wp\/v2\/posts\/48605"}],"collection":[{"href":"https:\/\/www.plexus.es\/pl\/wp-json\/wp\/v2\/posts"}],"about":[{"href":"https:\/\/www.plexus.es\/pl\/wp-json\/wp\/v2\/types\/post"}],"author":[{"embeddable":true,"href":"https:\/\/www.plexus.es\/pl\/wp-json\/wp\/v2\/users\/1"}],"replies":[{"embeddable":true,"href":"https:\/\/www.plexus.es\/pl\/wp-json\/wp\/v2\/comments?post=48605"}],"version-history":[{"count":6,"href":"https:\/\/www.plexus.es\/pl\/wp-json\/wp\/v2\/posts\/48605\/revisions"}],"predecessor-version":[{"id":48803,"href":"https:\/\/www.plexus.es\/pl\/wp-json\/wp\/v2\/posts\/48605\/revisions\/48803"}],"wp:featuredmedia":[{"embeddable":true,"href":"https:\/\/www.plexus.es\/pl\/wp-json\/wp\/v2\/media\/47878"}],"wp:attachment":[{"href":"https:\/\/www.plexus.es\/pl\/wp-json\/wp\/v2\/media?parent=48605"}],"wp:term":[{"taxonomy":"category","embeddable":true,"href":"https:\/\/www.plexus.es\/pl\/wp-json\/wp\/v2\/categories?post=48605"},{"taxonomy":"post_tag","embeddable":true,"href":"https:\/\/www.plexus.es\/pl\/wp-json\/wp\/v2\/tags?post=48605"}],"curies":[{"name":"wp","href":"https:\/\/api.w.org\/{rel}","templated":true}]}}