{"id":50974,"date":"2026-01-16T12:00:29","date_gmt":"2026-01-16T11:00:29","guid":{"rendered":"https:\/\/www.plexus.es\/?p=50974"},"modified":"2026-03-04T13:01:46","modified_gmt":"2026-03-04T12:01:46","slug":"aesmide-plexus-tech-incorporacion-refuerzo-industria-defensa","status":"publish","type":"post","link":"https:\/\/www.plexus.es\/pl\/aesmide-plexus-tech-incorporacion-refuerzo-industria-defensa\/","title":{"rendered":"Reforzamos nuestra posici\u00f3n en Defensa con la incorporaci\u00f3n a AESMIDE"},"content":{"rendered":"<div class=\"fusion-fullwidth fullwidth-box fusion-builder-row-1 fusion-flex-container container-detail-news plexus_css nonhundred-percent-fullwidth non-hundred-percent-height-scrolling\" style=\"background-color: rgba(255,255,255,0);background-position: center center;background-repeat: no-repeat;border-width: 0px 0px 0px 0px;border-color:#e8ebef;border-style:solid;\" ><div class=\"fusion-builder-row fusion-row fusion-flex-align-items-flex-start\" style=\"max-width:1310.4px;margin-left: calc(-4% \/ 2 );margin-right: calc(-4% \/ 2 );\"><div class=\"fusion-layout-column fusion_builder_column fusion-builder-column-0 fusion_builder_column_1_1 1_1 fusion-flex-column fusion-flex-align-self-stretch\"><div class=\"fusion-column-wrapper fusion-flex-justify-content-center fusion-content-layout-column\" style=\"background-position:left top;background-repeat:no-repeat;-webkit-background-size:cover;-moz-background-size:cover;-o-background-size:cover;background-size:cover;padding: 0px 0px 0px 0px;\"><div style=\"text-align:center;\"><span class=\" fusion-imageframe imageframe-none imageframe-1 hover-type-none\" style=\"border-radius:12px;margin-top:0px;margin-right:0px;margin-bottom:0px;margin-left:0px;\"><a class=\"fusion-no-lightbox\" href=\"https:\/\/www.linkedin.com\/posts\/plexus-tech_goodnews-gemelosdigitales-platgdia-activity-7146514515004735488-uBrB?utm_source=share&amp;utm_medium=member_desktop\" target=\"_self\" aria-label=\"AESMIDE_partner_web 1\"><img width=\"948\" height=\"600\" alt=\"Plexus Tech se incorpora a AESMIDE, la Asociaci\u00f3n de Empresas Contratistas con las Administraciones P\u00fablicas, reforzando su posici\u00f3n en defensa.\" src=\"https:\/\/www.plexus.es\/wp-content\/uploads\/2026\/03\/AESMIDE_partner_web-1.jpg\" data-orig-src=\"https:\/\/www.plexus.es\/wp-content\/uploads\/2026\/03\/AESMIDE_partner_web-1.jpg\" class=\"lazyload img-responsive wp-image-50979\" srcset=\"data:image\/svg+xml,%3Csvg%20xmlns%3D%27http%3A%2F%2Fwww.w3.org%2F2000%2Fsvg%27%20width%3D%27948%27%20height%3D%27600%27%20viewBox%3D%270%200%20948%20600%27%3E%3Crect%20width%3D%27948%27%20height%3D%27600%27%20fill-opacity%3D%220%22%2F%3E%3C%2Fsvg%3E\" data-srcset=\"https:\/\/www.plexus.es\/wp-content\/uploads\/2026\/03\/AESMIDE_partner_web-1-200x127.jpg 200w, https:\/\/www.plexus.es\/wp-content\/uploads\/2026\/03\/AESMIDE_partner_web-1-400x253.jpg 400w, https:\/\/www.plexus.es\/wp-content\/uploads\/2026\/03\/AESMIDE_partner_web-1-600x380.jpg 600w, https:\/\/www.plexus.es\/wp-content\/uploads\/2026\/03\/AESMIDE_partner_web-1-800x506.jpg 800w, https:\/\/www.plexus.es\/wp-content\/uploads\/2026\/03\/AESMIDE_partner_web-1.jpg 948w\" data-sizes=\"auto\" data-orig-sizes=\"(max-width: 640px) 100vw, 948px\" \/><\/a><\/span><\/div><\/div><style type=\"text\/css\">.fusion-body .fusion-builder-column-0{width:100% !important;margin-top : 0px;margin-bottom : 0px;}.fusion-builder-column-0 > .fusion-column-wrapper {padding-top : 0 !important;padding-right : 0px !important;margin-right : 1.92%;padding-bottom : 0 !important;padding-left : 0px !important;margin-left : 1.92%;}@media only screen and (max-width:1200px) {.fusion-body .fusion-builder-column-0{width:100% !important;order : 0;}.fusion-builder-column-0 > .fusion-column-wrapper {margin-right : 1.92%;margin-left : 1.92%;}}@media only screen and (max-width:640px) {.fusion-body .fusion-builder-column-0{width:100% !important;order : 0;}.fusion-builder-column-0 > .fusion-column-wrapper {margin-right : 1.92%;margin-left : 1.92%;}}<\/style><\/div><div class=\"fusion-layout-column fusion_builder_column fusion-builder-column-1 fusion_builder_column_1_1 1_1 fusion-flex-column\"><div class=\"fusion-column-wrapper fusion-flex-justify-content-flex-start fusion-content-layout-column\" style=\"background-position:left top;background-repeat:no-repeat;-webkit-background-size:cover;-moz-background-size:cover;-o-background-size:cover;background-size:cover;padding: 0px 0px 0px 0px;\"><div class=\"fusion-text fusion-text-1\"><h2>Formar parte de AESMIDE nos aporta mayor fortaleza en la industria y nos abre nuevas oportunidades de crecimiento y colaboraci\u00f3n.<\/h2>\n<p>Un paso clave que refuerza nuestra <strong>posici\u00f3n y compromiso dentro de la industria de Defensa<\/strong>. En Plexus Tech estamos de enhorabuena porque nos hemos incorporado a AESMIDE, la <a href=\"https:\/\/aesmide.es\/\" target=\"_blank\" rel=\"noopener\">Asociaci\u00f3n de Empresas Contratistas con las Administraciones P\u00fablicas<\/a>.<\/p>\n<p>Esta alianza nos abre<strong> nuevas oportunidades de crecimiento y colaboraci\u00f3n<\/strong>. Asimismo, nos permite poner en valor y defender nuestras capacidades en l\u00edneas <a href=\"https:\/\/www.plexus.es\/servicios\/i-d-i\/\" target=\"_blank\" rel=\"noopener\"><strong>tecnol\u00f3gicas estrat\u00e9gicas<\/strong><\/a> como:<\/p>\n<ul>\n<li><em>Cloud Computing<\/em>.<\/li>\n<li>Inteligencia Artificial.<\/li>\n<li>Ciberdefensa.<\/li>\n<li>Soluciones Integradas Multidominio.<\/li>\n<\/ul>\n<p>Por otra parte, con la entrada de AESMIDE <strong>ganamos presencia institucional<\/strong>. Y es que este logro impulsa nuestra interlocuci\u00f3n con las Administraciones P\u00fablicas y, en especial, con el Ministerio de Defensa, donde aspiramos a desempe\u00f1ar un papel relevante en el proceso de transformaci\u00f3n digital de las Fuerzas Armadas.<\/p>\n<p>Adem\u00e1s, tambi\u00e9n refuerza nuestra capacidad de colaboraci\u00f3n, al integrarnos en un <strong>ecosistema de empresas l\u00edderes del sector<\/strong> con las que compartimos visi\u00f3n y objetivos. Trabajar juntos nos permitir\u00e1 <strong>generar sinergias, alcanzar acuerdos estrat\u00e9gicos y ofrecer propuestas de valor<\/strong> a\u00fan m\u00e1s s\u00f3lidas y complementarias.<\/p>\n<p>Por ello, queremos agradecer a AESMIDE su apoyo y acompa\u00f1amiento desde el primer momento. Formar parte de la Asociaci\u00f3n nos impulsa a seguir creciendo, innovando y avanzando con m\u00e1s fuerza, ilusi\u00f3n y compromiso.<\/p>\n<\/div><\/div><style type=\"text\/css\">.fusion-body .fusion-builder-column-1{width:100% !important;margin-top : 20px;margin-bottom : 20px;}.fusion-builder-column-1 > .fusion-column-wrapper {padding-top : 0px !important;padding-right : 0px !important;margin-right : 1.92%;padding-bottom : 0px !important;padding-left : 0px !important;margin-left : 1.92%;}@media only screen and (max-width:1200px) {.fusion-body .fusion-builder-column-1{width:100% !important;order : 0;}.fusion-builder-column-1 > .fusion-column-wrapper {margin-right : 1.92%;margin-left : 1.92%;}}@media only screen and (max-width:640px) {.fusion-body .fusion-builder-column-1{width:100% !important;order : 0;}.fusion-builder-column-1 > .fusion-column-wrapper {margin-right : 1.92%;margin-left : 1.92%;}}<\/style><\/div><\/div><style type=\"text\/css\">.fusion-body .fusion-flex-container.fusion-builder-row-1{ padding-top : 0px;margin-top : 0;padding-right : 0px;padding-bottom : 0px;margin-bottom : 0;padding-left : 0px;}<\/style><\/div>\n","protected":false},"excerpt":{"rendered":"<p>Formar parte de AESMIDE nos aporta mayor fortaleza en la industria y nos abre nuevas oportunidades de crecimiento y colaboraci\u00f3n.<\/p>\n","protected":false},"author":1,"featured_media":50975,"comment_status":"open","ping_status":"open","sticky":false,"template":"","format":"standard","meta":[],"categories":[109,223,212],"tags":[],"yoast_head":"<!-- This site is optimized with the Yoast SEO plugin v17.4 - https:\/\/yoast.com\/wordpress\/plugins\/seo\/ -->\n<title>Reforzamos nuestra posici\u00f3n en Defensa con la incorporaci\u00f3n a AESMIDE<\/title>\n<meta name=\"description\" content=\"Formar parte de AESMIDE nos aporta mayor fortaleza en la industria y nos abre nuevas oportunidades de crecimiento y colaboraci\u00f3n.\" \/>\n<meta name=\"robots\" content=\"index, follow, max-snippet:-1, max-image-preview:large, max-video-preview:-1\" \/>\n<link rel=\"canonical\" href=\"https:\/\/www.plexus.es\/aesmide-plexus-tech-incorporacion-refuerzo-industria-defensa\/\" \/>\n<meta property=\"og:locale\" content=\"pl_PL\" \/>\n<meta property=\"og:type\" content=\"article\" \/>\n<meta property=\"og:title\" content=\"Reforzamos nuestra posici\u00f3n en Defensa con la incorporaci\u00f3n a AESMIDE\" \/>\n<meta property=\"og:description\" content=\"Formar parte de AESMIDE nos aporta mayor fortaleza en la industria y nos abre nuevas oportunidades de crecimiento y colaboraci\u00f3n.\" \/>\n<meta property=\"og:url\" content=\"https:\/\/www.plexus.es\/aesmide-plexus-tech-incorporacion-refuerzo-industria-defensa\/\" \/>\n<meta property=\"og:site_name\" content=\"Plexus Tech\" \/>\n<meta property=\"article:publisher\" content=\"https:\/\/www.facebook.com\/Plexus.Techno\" \/>\n<meta property=\"article:published_time\" content=\"2026-01-16T11:00:29+00:00\" \/>\n<meta property=\"article:modified_time\" content=\"2026-03-04T12:01:46+00:00\" \/>\n<meta property=\"og:image\" content=\"https:\/\/www.plexus.es\/wp-content\/uploads\/2026\/03\/AESMIDE_partner_web-1.jpg\" \/>\n\t<meta property=\"og:image:width\" content=\"948\" \/>\n\t<meta property=\"og:image:height\" content=\"600\" \/>\n<meta name=\"twitter:card\" content=\"summary_large_image\" \/>\n<meta name=\"twitter:creator\" content=\"@plexustech_\" \/>\n<meta name=\"twitter:site\" content=\"@plexustech_\" \/>\n<meta name=\"twitter:label1\" content=\"Napisane przez\" \/>\n\t<meta name=\"twitter:data1\" content=\"admin_plexus\" \/>\n\t<meta name=\"twitter:label2\" content=\"Szacowany czas czytania\" \/>\n\t<meta name=\"twitter:data2\" content=\"3 minuty\" \/>\n<script type=\"application\/ld+json\" class=\"yoast-schema-graph\">{\"@context\":\"https:\/\/schema.org\",\"@graph\":[{\"@type\":\"Organization\",\"@id\":\"https:\/\/www.plexus.es\/#organization\",\"name\":\"Plexus Tech\",\"url\":\"https:\/\/www.plexus.es\/\",\"sameAs\":[\"https:\/\/www.facebook.com\/Plexus.Techno\",\"https:\/\/www.instagram.com\/plexus.tech\/\",\"https:\/\/www.linkedin.com\/company\/plexus-tech\/mycompany\/\",\"https:\/\/www.youtube.com\/user\/tecnologiasplexus\",\"https:\/\/twitter.com\/plexustech_\"],\"logo\":{\"@type\":\"ImageObject\",\"@id\":\"https:\/\/www.plexus.es\/#logo\",\"inLanguage\":\"pl-PL\",\"url\":\"https:\/\/www.plexus.es\/wp-content\/uploads\/2021\/11\/logo-plexus-2021.png\",\"contentUrl\":\"https:\/\/www.plexus.es\/wp-content\/uploads\/2021\/11\/logo-plexus-2021.png\",\"width\":600,\"height\":600,\"caption\":\"Plexus Tech\"},\"image\":{\"@id\":\"https:\/\/www.plexus.es\/#logo\"}},{\"@type\":\"WebSite\",\"@id\":\"https:\/\/www.plexus.es\/#website\",\"url\":\"https:\/\/www.plexus.es\/\",\"name\":\"Plexus Tech\",\"description\":\"Tecnolog\\u00eda con Alma\",\"publisher\":{\"@id\":\"https:\/\/www.plexus.es\/#organization\"},\"potentialAction\":[{\"@type\":\"SearchAction\",\"target\":{\"@type\":\"EntryPoint\",\"urlTemplate\":\"https:\/\/www.plexus.es\/?s={search_term_string}\"},\"query-input\":\"required name=search_term_string\"}],\"inLanguage\":\"pl-PL\"},{\"@type\":\"ImageObject\",\"@id\":\"https:\/\/www.plexus.es\/aesmide-plexus-tech-incorporacion-refuerzo-industria-defensa\/#primaryimage\",\"inLanguage\":\"pl-PL\",\"url\":\"https:\/\/www.plexus.es\/wp-content\/uploads\/2026\/03\/AESMIDE_partner_web-1.jpg\",\"contentUrl\":\"https:\/\/www.plexus.es\/wp-content\/uploads\/2026\/03\/AESMIDE_partner_web-1.jpg\",\"width\":948,\"height\":600,\"caption\":\"Plexus Tech se incorpora a AESMIDE, la Asociaci\\u00f3n de Empresas Contratistas con las Administraciones P\\u00fablicas, reforzando su posici\\u00f3n en defensa.\"},{\"@type\":\"WebPage\",\"@id\":\"https:\/\/www.plexus.es\/aesmide-plexus-tech-incorporacion-refuerzo-industria-defensa\/#webpage\",\"url\":\"https:\/\/www.plexus.es\/aesmide-plexus-tech-incorporacion-refuerzo-industria-defensa\/\",\"name\":\"Reforzamos nuestra posici\\u00f3n en Defensa con la incorporaci\\u00f3n a AESMIDE\",\"isPartOf\":{\"@id\":\"https:\/\/www.plexus.es\/#website\"},\"primaryImageOfPage\":{\"@id\":\"https:\/\/www.plexus.es\/aesmide-plexus-tech-incorporacion-refuerzo-industria-defensa\/#primaryimage\"},\"datePublished\":\"2026-01-16T11:00:29+00:00\",\"dateModified\":\"2026-03-04T12:01:46+00:00\",\"description\":\"Formar parte de AESMIDE nos aporta mayor fortaleza en la industria y nos abre nuevas oportunidades de crecimiento y colaboraci\\u00f3n.\",\"breadcrumb\":{\"@id\":\"https:\/\/www.plexus.es\/aesmide-plexus-tech-incorporacion-refuerzo-industria-defensa\/#breadcrumb\"},\"inLanguage\":\"pl-PL\",\"potentialAction\":[{\"@type\":\"ReadAction\",\"target\":[\"https:\/\/www.plexus.es\/aesmide-plexus-tech-incorporacion-refuerzo-industria-defensa\/\"]}]},{\"@type\":\"BreadcrumbList\",\"@id\":\"https:\/\/www.plexus.es\/aesmide-plexus-tech-incorporacion-refuerzo-industria-defensa\/#breadcrumb\",\"itemListElement\":[{\"@type\":\"ListItem\",\"position\":1,\"name\":\"Home\",\"item\":\"https:\/\/www.plexus.es\/\"},{\"@type\":\"ListItem\",\"position\":2,\"name\":\"Reforzamos nuestra posici\\u00f3n en Defensa con la incorporaci\\u00f3n a AESMIDE\"}]},{\"@type\":\"Article\",\"@id\":\"https:\/\/www.plexus.es\/aesmide-plexus-tech-incorporacion-refuerzo-industria-defensa\/#article\",\"isPartOf\":{\"@id\":\"https:\/\/www.plexus.es\/aesmide-plexus-tech-incorporacion-refuerzo-industria-defensa\/#webpage\"},\"author\":{\"@id\":\"https:\/\/www.plexus.es\/#\/schema\/person\/8f02d5ce6d7b659fa68b0e90317c5171\"},\"headline\":\"Reforzamos nuestra posici\\u00f3n en Defensa con la incorporaci\\u00f3n a AESMIDE\",\"datePublished\":\"2026-01-16T11:00:29+00:00\",\"dateModified\":\"2026-03-04T12:01:46+00:00\",\"mainEntityOfPage\":{\"@id\":\"https:\/\/www.plexus.es\/aesmide-plexus-tech-incorporacion-refuerzo-industria-defensa\/#webpage\"},\"wordCount\":1333,\"commentCount\":0,\"publisher\":{\"@id\":\"https:\/\/www.plexus.es\/#organization\"},\"image\":{\"@id\":\"https:\/\/www.plexus.es\/aesmide-plexus-tech-incorporacion-refuerzo-industria-defensa\/#primaryimage\"},\"thumbnailUrl\":\"https:\/\/www.plexus.es\/wp-content\/uploads\/2026\/03\/AESMIDE_partner_web-1.jpg\",\"articleSection\":[\"Compromiso\",\"Defensa\",\"Aktualno\\u015bci\"],\"inLanguage\":\"pl-PL\",\"potentialAction\":[{\"@type\":\"CommentAction\",\"name\":\"Comment\",\"target\":[\"https:\/\/www.plexus.es\/aesmide-plexus-tech-incorporacion-refuerzo-industria-defensa\/#respond\"]}]},{\"@type\":\"Person\",\"@id\":\"https:\/\/www.plexus.es\/#\/schema\/person\/8f02d5ce6d7b659fa68b0e90317c5171\",\"name\":\"admin_plexus\",\"image\":{\"@type\":\"ImageObject\",\"@id\":\"https:\/\/www.plexus.es\/#personlogo\",\"inLanguage\":\"pl-PL\",\"url\":\"https:\/\/secure.gravatar.com\/avatar\/c1d7caf9a4063a74393abcf91991e9cd?s=96&d=mm&r=g\",\"contentUrl\":\"https:\/\/secure.gravatar.com\/avatar\/c1d7caf9a4063a74393abcf91991e9cd?s=96&d=mm&r=g\",\"caption\":\"admin_plexus\"},\"sameAs\":[\"https:\/\/www.plexus.es\"]}]}<\/script>\n<!-- \/ Yoast SEO plugin. -->","yoast_head_json":{"title":"Reforzamos nuestra posici\u00f3n en Defensa con la incorporaci\u00f3n a AESMIDE","description":"Formar parte de AESMIDE nos aporta mayor fortaleza en la industria y nos abre nuevas oportunidades de crecimiento y colaboraci\u00f3n.","robots":{"index":"index","follow":"follow","max-snippet":"max-snippet:-1","max-image-preview":"max-image-preview:large","max-video-preview":"max-video-preview:-1"},"canonical":"https:\/\/www.plexus.es\/aesmide-plexus-tech-incorporacion-refuerzo-industria-defensa\/","og_locale":"pl_PL","og_type":"article","og_title":"Reforzamos nuestra posici\u00f3n en Defensa con la incorporaci\u00f3n a AESMIDE","og_description":"Formar parte de AESMIDE nos aporta mayor fortaleza en la industria y nos abre nuevas oportunidades de crecimiento y colaboraci\u00f3n.","og_url":"https:\/\/www.plexus.es\/aesmide-plexus-tech-incorporacion-refuerzo-industria-defensa\/","og_site_name":"Plexus Tech","article_publisher":"https:\/\/www.facebook.com\/Plexus.Techno","article_published_time":"2026-01-16T11:00:29+00:00","article_modified_time":"2026-03-04T12:01:46+00:00","og_image":[{"width":948,"height":600,"url":"https:\/\/www.plexus.es\/wp-content\/uploads\/2026\/03\/AESMIDE_partner_web-1.jpg","type":"image\/jpeg"}],"twitter_card":"summary_large_image","twitter_creator":"@plexustech_","twitter_site":"@plexustech_","twitter_misc":{"Napisane przez":"admin_plexus","Szacowany czas czytania":"3 minuty"},"schema":{"@context":"https:\/\/schema.org","@graph":[{"@type":"Organization","@id":"https:\/\/www.plexus.es\/#organization","name":"Plexus Tech","url":"https:\/\/www.plexus.es\/","sameAs":["https:\/\/www.facebook.com\/Plexus.Techno","https:\/\/www.instagram.com\/plexus.tech\/","https:\/\/www.linkedin.com\/company\/plexus-tech\/mycompany\/","https:\/\/www.youtube.com\/user\/tecnologiasplexus","https:\/\/twitter.com\/plexustech_"],"logo":{"@type":"ImageObject","@id":"https:\/\/www.plexus.es\/#logo","inLanguage":"pl-PL","url":"https:\/\/www.plexus.es\/wp-content\/uploads\/2021\/11\/logo-plexus-2021.png","contentUrl":"https:\/\/www.plexus.es\/wp-content\/uploads\/2021\/11\/logo-plexus-2021.png","width":600,"height":600,"caption":"Plexus Tech"},"image":{"@id":"https:\/\/www.plexus.es\/#logo"}},{"@type":"WebSite","@id":"https:\/\/www.plexus.es\/#website","url":"https:\/\/www.plexus.es\/","name":"Plexus Tech","description":"Tecnolog\u00eda con Alma","publisher":{"@id":"https:\/\/www.plexus.es\/#organization"},"potentialAction":[{"@type":"SearchAction","target":{"@type":"EntryPoint","urlTemplate":"https:\/\/www.plexus.es\/?s={search_term_string}"},"query-input":"required name=search_term_string"}],"inLanguage":"pl-PL"},{"@type":"ImageObject","@id":"https:\/\/www.plexus.es\/aesmide-plexus-tech-incorporacion-refuerzo-industria-defensa\/#primaryimage","inLanguage":"pl-PL","url":"https:\/\/www.plexus.es\/wp-content\/uploads\/2026\/03\/AESMIDE_partner_web-1.jpg","contentUrl":"https:\/\/www.plexus.es\/wp-content\/uploads\/2026\/03\/AESMIDE_partner_web-1.jpg","width":948,"height":600,"caption":"Plexus Tech se incorpora a AESMIDE, la Asociaci\u00f3n de Empresas Contratistas con las Administraciones P\u00fablicas, reforzando su posici\u00f3n en defensa."},{"@type":"WebPage","@id":"https:\/\/www.plexus.es\/aesmide-plexus-tech-incorporacion-refuerzo-industria-defensa\/#webpage","url":"https:\/\/www.plexus.es\/aesmide-plexus-tech-incorporacion-refuerzo-industria-defensa\/","name":"Reforzamos nuestra posici\u00f3n en Defensa con la incorporaci\u00f3n a AESMIDE","isPartOf":{"@id":"https:\/\/www.plexus.es\/#website"},"primaryImageOfPage":{"@id":"https:\/\/www.plexus.es\/aesmide-plexus-tech-incorporacion-refuerzo-industria-defensa\/#primaryimage"},"datePublished":"2026-01-16T11:00:29+00:00","dateModified":"2026-03-04T12:01:46+00:00","description":"Formar parte de AESMIDE nos aporta mayor fortaleza en la industria y nos abre nuevas oportunidades de crecimiento y colaboraci\u00f3n.","breadcrumb":{"@id":"https:\/\/www.plexus.es\/aesmide-plexus-tech-incorporacion-refuerzo-industria-defensa\/#breadcrumb"},"inLanguage":"pl-PL","potentialAction":[{"@type":"ReadAction","target":["https:\/\/www.plexus.es\/aesmide-plexus-tech-incorporacion-refuerzo-industria-defensa\/"]}]},{"@type":"BreadcrumbList","@id":"https:\/\/www.plexus.es\/aesmide-plexus-tech-incorporacion-refuerzo-industria-defensa\/#breadcrumb","itemListElement":[{"@type":"ListItem","position":1,"name":"Home","item":"https:\/\/www.plexus.es\/"},{"@type":"ListItem","position":2,"name":"Reforzamos nuestra posici\u00f3n en Defensa con la incorporaci\u00f3n a AESMIDE"}]},{"@type":"Article","@id":"https:\/\/www.plexus.es\/aesmide-plexus-tech-incorporacion-refuerzo-industria-defensa\/#article","isPartOf":{"@id":"https:\/\/www.plexus.es\/aesmide-plexus-tech-incorporacion-refuerzo-industria-defensa\/#webpage"},"author":{"@id":"https:\/\/www.plexus.es\/#\/schema\/person\/8f02d5ce6d7b659fa68b0e90317c5171"},"headline":"Reforzamos nuestra posici\u00f3n en Defensa con la incorporaci\u00f3n a AESMIDE","datePublished":"2026-01-16T11:00:29+00:00","dateModified":"2026-03-04T12:01:46+00:00","mainEntityOfPage":{"@id":"https:\/\/www.plexus.es\/aesmide-plexus-tech-incorporacion-refuerzo-industria-defensa\/#webpage"},"wordCount":1333,"commentCount":0,"publisher":{"@id":"https:\/\/www.plexus.es\/#organization"},"image":{"@id":"https:\/\/www.plexus.es\/aesmide-plexus-tech-incorporacion-refuerzo-industria-defensa\/#primaryimage"},"thumbnailUrl":"https:\/\/www.plexus.es\/wp-content\/uploads\/2026\/03\/AESMIDE_partner_web-1.jpg","articleSection":["Compromiso","Defensa","Aktualno\u015bci"],"inLanguage":"pl-PL","potentialAction":[{"@type":"CommentAction","name":"Comment","target":["https:\/\/www.plexus.es\/aesmide-plexus-tech-incorporacion-refuerzo-industria-defensa\/#respond"]}]},{"@type":"Person","@id":"https:\/\/www.plexus.es\/#\/schema\/person\/8f02d5ce6d7b659fa68b0e90317c5171","name":"admin_plexus","image":{"@type":"ImageObject","@id":"https:\/\/www.plexus.es\/#personlogo","inLanguage":"pl-PL","url":"https:\/\/secure.gravatar.com\/avatar\/c1d7caf9a4063a74393abcf91991e9cd?s=96&d=mm&r=g","contentUrl":"https:\/\/secure.gravatar.com\/avatar\/c1d7caf9a4063a74393abcf91991e9cd?s=96&d=mm&r=g","caption":"admin_plexus"},"sameAs":["https:\/\/www.plexus.es"]}]}},"_links":{"self":[{"href":"https:\/\/www.plexus.es\/pl\/wp-json\/wp\/v2\/posts\/50974"}],"collection":[{"href":"https:\/\/www.plexus.es\/pl\/wp-json\/wp\/v2\/posts"}],"about":[{"href":"https:\/\/www.plexus.es\/pl\/wp-json\/wp\/v2\/types\/post"}],"author":[{"embeddable":true,"href":"https:\/\/www.plexus.es\/pl\/wp-json\/wp\/v2\/users\/1"}],"replies":[{"embeddable":true,"href":"https:\/\/www.plexus.es\/pl\/wp-json\/wp\/v2\/comments?post=50974"}],"version-history":[{"count":1,"href":"https:\/\/www.plexus.es\/pl\/wp-json\/wp\/v2\/posts\/50974\/revisions"}],"predecessor-version":[{"id":50993,"href":"https:\/\/www.plexus.es\/pl\/wp-json\/wp\/v2\/posts\/50974\/revisions\/50993"}],"wp:featuredmedia":[{"embeddable":true,"href":"https:\/\/www.plexus.es\/pl\/wp-json\/wp\/v2\/media\/50975"}],"wp:attachment":[{"href":"https:\/\/www.plexus.es\/pl\/wp-json\/wp\/v2\/media?parent=50974"}],"wp:term":[{"taxonomy":"category","embeddable":true,"href":"https:\/\/www.plexus.es\/pl\/wp-json\/wp\/v2\/categories?post=50974"},{"taxonomy":"post_tag","embeddable":true,"href":"https:\/\/www.plexus.es\/pl\/wp-json\/wp\/v2\/tags?post=50974"}],"curies":[{"name":"wp","href":"https:\/\/api.w.org\/{rel}","templated":true}]}}