{"id":52709,"date":"2026-04-13T12:00:41","date_gmt":"2026-04-13T10:00:41","guid":{"rendered":"https:\/\/www.plexus.es\/?p=52709"},"modified":"2026-04-23T17:28:34","modified_gmt":"2026-04-23T15:28:34","slug":"acercar-modelo-plexus-talento-del-futuro-usc","status":"publish","type":"post","link":"https:\/\/www.plexus.es\/pl\/acercar-modelo-plexus-talento-del-futuro-usc\/","title":{"rendered":"Acercando al talento del futuro c\u00f3mo es el d\u00eda a d\u00eda en el \u00e1rea de Cultura y Talento"},"content":{"rendered":"<div class=\"fusion-fullwidth fullwidth-box fusion-builder-row-1 fusion-flex-container container-detail-news plexus_css nonhundred-percent-fullwidth non-hundred-percent-height-scrolling\" style=\"background-color: rgba(255,255,255,0);background-position: center center;background-repeat: no-repeat;border-width: 0px 0px 0px 0px;border-color:#e8ebef;border-style:solid;\" ><div class=\"fusion-builder-row fusion-row fusion-flex-align-items-flex-start\" style=\"max-width:1310.4px;margin-left: calc(-4% \/ 2 );margin-right: calc(-4% \/ 2 );\"><div class=\"fusion-layout-column fusion_builder_column fusion-builder-column-0 fusion_builder_column_1_1 1_1 fusion-flex-column fusion-flex-align-self-stretch\"><div class=\"fusion-column-wrapper fusion-flex-justify-content-center fusion-content-layout-column\" style=\"background-position:left top;background-repeat:no-repeat;-webkit-background-size:cover;-moz-background-size:cover;-o-background-size:cover;background-size:cover;padding: 0px 0px 0px 0px;\"><div style=\"text-align:center;\"><span class=\" fusion-imageframe imageframe-none imageframe-1 hover-type-none\" style=\"border-radius:12px;margin-top:0px;margin-right:0px;margin-bottom:0px;margin-left:0px;\"><a class=\"fusion-no-lightbox\" href=\"https:\/\/www.linkedin.com\/posts\/plexus-tech_goodnews-gemelosdigitales-platgdia-activity-7146514515004735488-uBrB?utm_source=share&amp;utm_medium=member_desktop\" target=\"_self\" aria-label=\"Evento Cultura y Talento\"><img width=\"652\" height=\"489\" alt=\"Marta Lasarte, izquierda, y L\u00eda Souto, durante su exposici\u00f3n en la jornada \u201cSalidas Profesionales en Relaciones Laborales y Recursos Humanos\u201d, de la USC, en la que pudieron conectar con el talento del futuro. \" src=\"https:\/\/www.plexus.es\/wp-content\/uploads\/2026\/04\/Evento-Cultura-y-Talento.jpg\" data-orig-src=\"https:\/\/www.plexus.es\/wp-content\/uploads\/2026\/04\/Evento-Cultura-y-Talento.jpg\" class=\"lazyload img-responsive wp-image-52714\" srcset=\"data:image\/svg+xml,%3Csvg%20xmlns%3D%27http%3A%2F%2Fwww.w3.org%2F2000%2Fsvg%27%20width%3D%27652%27%20height%3D%27489%27%20viewBox%3D%270%200%20652%20489%27%3E%3Crect%20width%3D%27652%27%20height%3D%27489%27%20fill-opacity%3D%220%22%2F%3E%3C%2Fsvg%3E\" data-srcset=\"https:\/\/www.plexus.es\/wp-content\/uploads\/2026\/04\/Evento-Cultura-y-Talento-200x150.jpg 200w, https:\/\/www.plexus.es\/wp-content\/uploads\/2026\/04\/Evento-Cultura-y-Talento-400x300.jpg 400w, https:\/\/www.plexus.es\/wp-content\/uploads\/2026\/04\/Evento-Cultura-y-Talento-600x450.jpg 600w, https:\/\/www.plexus.es\/wp-content\/uploads\/2026\/04\/Evento-Cultura-y-Talento.jpg 652w\" data-sizes=\"auto\" data-orig-sizes=\"(max-width: 640px) 100vw, 652px\" \/><\/a><\/span><\/div><\/div><style type=\"text\/css\">.fusion-body .fusion-builder-column-0{width:100% !important;margin-top : 0px;margin-bottom : 0px;}.fusion-builder-column-0 > .fusion-column-wrapper {padding-top : 0 !important;padding-right : 0px !important;margin-right : 1.92%;padding-bottom : 0 !important;padding-left : 0px !important;margin-left : 1.92%;}@media only screen and (max-width:1200px) {.fusion-body .fusion-builder-column-0{width:100% !important;order : 0;}.fusion-builder-column-0 > .fusion-column-wrapper {margin-right : 1.92%;margin-left : 1.92%;}}@media only screen and (max-width:640px) {.fusion-body .fusion-builder-column-0{width:100% !important;order : 0;}.fusion-builder-column-0 > .fusion-column-wrapper {margin-right : 1.92%;margin-left : 1.92%;}}<\/style><\/div><div class=\"fusion-layout-column fusion_builder_column fusion-builder-column-1 fusion_builder_column_1_1 1_1 fusion-flex-column\"><div class=\"fusion-column-wrapper fusion-flex-justify-content-flex-start fusion-content-layout-column\" style=\"background-position:left top;background-repeat:no-repeat;-webkit-background-size:cover;-moz-background-size:cover;-o-background-size:cover;background-size:cover;padding: 0px 0px 0px 0px;\"><div class=\"fusion-text fusion-text-1\"><h2>L\u00eda Souto y Marta Lasarte, de Cultura y Talento, mostraron su experiencia en nuestra compa\u00f1\u00eda al talento del futuro en las jornadas de recursos humanos de la USC.<\/h2>\n<p>En Plexus Tech nos encanta poder conectar con el talento del futuro, acercando experiencias reales. En esta l\u00ednea, se enmarc\u00f3 la participaci\u00f3n de L\u00eda Souto y Marta Lasarte, del \u00e1rea de Cultura y Talento, en la <strong>jornada \u201cSalidas Profesionales en Relaciones Laborales y Recursos Humanos\u201d<\/strong>, organizada por la Universidad de Santiago de Compostela (<a href=\"https:\/\/www.usc.gal\/es\" target=\"_blank\" rel=\"noopener\"><strong>USC<\/strong><\/a>).<\/p>\n<p>Nuestras compa\u00f1eras regresaron a la Facultad de Relaciones Laborales para <strong>trasladar<\/strong> <strong>su experiencia laboral en Plexus Tech.<\/strong> As\u00ed, ambas volvieron a las aulas en las que estudiaron hace unos a\u00f1os, para compartir c\u00f3mo es el d\u00eda a d\u00eda de un perfil de RRHH.<\/p>\n<p>Durante el encuentro, celebrado este viernes 10 de abril, ambas detallaron, desde su propia experiencia, cuestiones como:<\/p>\n<ul>\n<li>Qu\u00e9 implica el <strong>rol en una compa\u00f1\u00eda tecnol\u00f3gica.<\/strong><\/li>\n<li>Qu\u00e9 <strong>habilidades<\/strong> marcan la diferencia.<\/li>\n<li>O <strong>c\u00f3mo evoluciona este perfil<\/strong> en un entorno cada vez m\u00e1s digital.<\/li>\n<\/ul>\n<p>Sin duda, fue una oportunidad muy buena para mostrar al talento del futuro, desde un punto de vista pr\u00e1ctico, las <a href=\"https:\/\/www.plexus.es\/unete-al-equipo\/\" target=\"_blank\" rel=\"noopener\">salidas profesionales de esta carrera.<\/a><\/p>\n<p>Una gran jornada, con la que <strong>seguimos mostrando nuestra apuesta por conectar el talento, la universidad y la empresa.<\/strong><\/p>\n<\/div><\/div><style type=\"text\/css\">.fusion-body .fusion-builder-column-1{width:100% !important;margin-top : 20px;margin-bottom : 20px;}.fusion-builder-column-1 > .fusion-column-wrapper {padding-top : 0px !important;padding-right : 0px !important;margin-right : 1.92%;padding-bottom : 0px !important;padding-left : 0px !important;margin-left : 1.92%;}@media only screen and (max-width:1200px) {.fusion-body .fusion-builder-column-1{width:100% !important;order : 0;}.fusion-builder-column-1 > .fusion-column-wrapper {margin-right : 1.92%;margin-left : 1.92%;}}@media only screen and (max-width:640px) {.fusion-body .fusion-builder-column-1{width:100% !important;order : 0;}.fusion-builder-column-1 > .fusion-column-wrapper {margin-right : 1.92%;margin-left : 1.92%;}}<\/style><\/div><div class=\"fusion-layout-column fusion_builder_column fusion-builder-column-2 fusion_builder_column_1_2 1_2 fusion-flex-column fusion-flex-align-self-stretch\"><div class=\"fusion-column-wrapper fusion-flex-justify-content-center fusion-content-layout-column\" style=\"background-position:left top;background-repeat:no-repeat;-webkit-background-size:cover;-moz-background-size:cover;-o-background-size:cover;background-size:cover;padding: 0px 0px 0px 0px;\"><div style=\"text-align:center;\"><span class=\" fusion-imageframe imageframe-none imageframe-2 hover-type-none\" style=\"border-radius:12px;margin-top:0px;margin-right:0px;margin-bottom:0px;margin-left:0px;\"><a class=\"fusion-no-lightbox\" href=\"https:\/\/www.linkedin.com\/posts\/plexus-tech_goodnews-gemelosdigitales-platgdia-activity-7146514515004735488-uBrB?utm_source=share&amp;utm_medium=member_desktop\" target=\"_self\" aria-label=\"Evento 2\"><img width=\"1280\" height=\"960\" alt=\"El evento, celebrado el viernes 10 de abril, tuvo lugar en la Facultad de Relaciones Laborales.\" src=\"https:\/\/www.plexus.es\/wp-content\/uploads\/2026\/04\/Evento-2.jpg\" data-orig-src=\"https:\/\/www.plexus.es\/wp-content\/uploads\/2026\/04\/Evento-2.jpg\" class=\"lazyload img-responsive wp-image-52726\" srcset=\"data:image\/svg+xml,%3Csvg%20xmlns%3D%27http%3A%2F%2Fwww.w3.org%2F2000%2Fsvg%27%20width%3D%271280%27%20height%3D%27960%27%20viewBox%3D%270%200%201280%20960%27%3E%3Crect%20width%3D%271280%27%20height%3D%27960%27%20fill-opacity%3D%220%22%2F%3E%3C%2Fsvg%3E\" data-srcset=\"https:\/\/www.plexus.es\/wp-content\/uploads\/2026\/04\/Evento-2-200x150.jpg 200w, https:\/\/www.plexus.es\/wp-content\/uploads\/2026\/04\/Evento-2-400x300.jpg 400w, https:\/\/www.plexus.es\/wp-content\/uploads\/2026\/04\/Evento-2-600x450.jpg 600w, https:\/\/www.plexus.es\/wp-content\/uploads\/2026\/04\/Evento-2-800x600.jpg 800w, https:\/\/www.plexus.es\/wp-content\/uploads\/2026\/04\/Evento-2-1200x900.jpg 1200w, https:\/\/www.plexus.es\/wp-content\/uploads\/2026\/04\/Evento-2.jpg 1280w\" data-sizes=\"auto\" data-orig-sizes=\"(max-width: 640px) 100vw, 600px\" \/><\/a><\/span><\/div><\/div><style type=\"text\/css\">.fusion-body .fusion-builder-column-2{width:50% !important;margin-top : 0px;margin-bottom : 0px;}.fusion-builder-column-2 > .fusion-column-wrapper {padding-top : 0 !important;padding-right : 0px !important;margin-right : 3.84%;padding-bottom : 0 !important;padding-left : 0px !important;margin-left : 3.84%;}@media only screen and (max-width:1200px) {.fusion-body .fusion-builder-column-2{width:50% !important;order : 0;}.fusion-builder-column-2 > .fusion-column-wrapper {margin-right : 3.84%;margin-left : 3.84%;}}@media only screen and (max-width:640px) {.fusion-body .fusion-builder-column-2{width:100% !important;order : 0;}.fusion-builder-column-2 > .fusion-column-wrapper {margin-right : 1.92%;margin-left : 1.92%;}}<\/style><\/div><div class=\"fusion-layout-column fusion_builder_column fusion-builder-column-3 fusion_builder_column_1_2 1_2 fusion-flex-column fusion-flex-align-self-stretch\"><div class=\"fusion-column-wrapper fusion-flex-justify-content-center fusion-content-layout-column\" style=\"background-position:left top;background-repeat:no-repeat;-webkit-background-size:cover;-moz-background-size:cover;-o-background-size:cover;background-size:cover;padding: 0px 0px 0px 0px;\"><div style=\"text-align:center;\"><span class=\" fusion-imageframe imageframe-none imageframe-3 hover-type-none\" style=\"border-radius:12px;margin-top:0px;margin-right:0px;margin-bottom:0px;margin-left:0px;\"><a class=\"fusion-no-lightbox\" href=\"https:\/\/www.linkedin.com\/posts\/plexus-tech_goodnews-gemelosdigitales-platgdia-activity-7146514515004735488-uBrB?utm_source=share&amp;utm_medium=member_desktop\" target=\"_self\" aria-label=\"Evento 3\"><img width=\"800\" height=\"600\" alt=\"L\u00eda Souto y Marta Lasarte, como el alumnado presente en la jornada, estudiaron en esas mismas aulas hace unos a\u00f1os.\" src=\"https:\/\/www.plexus.es\/wp-content\/uploads\/2026\/04\/Evento-3.jpg\" data-orig-src=\"https:\/\/www.plexus.es\/wp-content\/uploads\/2026\/04\/Evento-3.jpg\" class=\"lazyload img-responsive wp-image-52732\" srcset=\"data:image\/svg+xml,%3Csvg%20xmlns%3D%27http%3A%2F%2Fwww.w3.org%2F2000%2Fsvg%27%20width%3D%27800%27%20height%3D%27600%27%20viewBox%3D%270%200%20800%20600%27%3E%3Crect%20width%3D%27800%27%20height%3D%27600%27%20fill-opacity%3D%220%22%2F%3E%3C%2Fsvg%3E\" data-srcset=\"https:\/\/www.plexus.es\/wp-content\/uploads\/2026\/04\/Evento-3-200x150.jpg 200w, https:\/\/www.plexus.es\/wp-content\/uploads\/2026\/04\/Evento-3-400x300.jpg 400w, https:\/\/www.plexus.es\/wp-content\/uploads\/2026\/04\/Evento-3-600x450.jpg 600w, https:\/\/www.plexus.es\/wp-content\/uploads\/2026\/04\/Evento-3.jpg 800w\" data-sizes=\"auto\" data-orig-sizes=\"(max-width: 640px) 100vw, 600px\" \/><\/a><\/span><\/div><\/div><style type=\"text\/css\">.fusion-body .fusion-builder-column-3{width:50% !important;margin-top : 0px;margin-bottom : 0px;}.fusion-builder-column-3 > .fusion-column-wrapper {padding-top : 0 !important;padding-right : 0px !important;margin-right : 3.84%;padding-bottom : 0 !important;padding-left : 0px !important;margin-left : 3.84%;}@media only screen and (max-width:1200px) {.fusion-body .fusion-builder-column-3{width:50% !important;order : 0;}.fusion-builder-column-3 > .fusion-column-wrapper {margin-right : 3.84%;margin-left : 3.84%;}}@media only screen and (max-width:640px) {.fusion-body .fusion-builder-column-3{width:100% !important;order : 0;}.fusion-builder-column-3 > .fusion-column-wrapper {margin-right : 1.92%;margin-left : 1.92%;}}<\/style><\/div><\/div><style type=\"text\/css\">.fusion-body .fusion-flex-container.fusion-builder-row-1{ padding-top : 0px;margin-top : 0;padding-right : 0px;padding-bottom : 0px;margin-bottom : 0;padding-left : 0px;}<\/style><\/div>\n","protected":false},"excerpt":{"rendered":"<p>Nuestras compa\u00f1eras L\u00eda Souto y Marta Lasarte contaron su experiencia en la compa\u00f1\u00eda en la jornada de RRHH de la USC.<\/p>\n","protected":false},"author":1,"featured_media":52716,"comment_status":"open","ping_status":"open","sticky":false,"template":"","format":"standard","meta":[],"categories":[107,212,105],"tags":[],"yoast_head":"<!-- This site is optimized with the Yoast SEO plugin v17.4 - https:\/\/yoast.com\/wordpress\/plugins\/seo\/ -->\n<title>Acercando el modelo Plexus al talento del futuro<\/title>\n<meta name=\"description\" content=\"L\u00eda Souto y Marta Lasarte, de Cultura y Talento, mostraron su experiencia en Plexus al talento del futuro en la jornada de RRHH de la USC.\" \/>\n<meta name=\"robots\" content=\"index, follow, max-snippet:-1, max-image-preview:large, max-video-preview:-1\" \/>\n<link rel=\"canonical\" href=\"https:\/\/www.plexus.es\/acercar-modelo-plexus-talento-del-futuro-usc\/\" \/>\n<meta property=\"og:locale\" content=\"pl_PL\" \/>\n<meta property=\"og:type\" content=\"article\" \/>\n<meta property=\"og:title\" content=\"Acercando el modelo Plexus al talento del futuro\" \/>\n<meta property=\"og:description\" content=\"L\u00eda Souto y Marta Lasarte, de Cultura y Talento, mostraron su experiencia en Plexus al talento del futuro en la jornada de RRHH de la USC.\" \/>\n<meta property=\"og:url\" content=\"https:\/\/www.plexus.es\/acercar-modelo-plexus-talento-del-futuro-usc\/\" \/>\n<meta property=\"og:site_name\" content=\"Plexus Tech\" \/>\n<meta property=\"article:publisher\" content=\"https:\/\/www.facebook.com\/Plexus.Techno\" \/>\n<meta property=\"article:published_time\" content=\"2026-04-13T10:00:41+00:00\" \/>\n<meta property=\"article:modified_time\" content=\"2026-04-23T15:28:34+00:00\" \/>\n<meta property=\"og:image\" content=\"https:\/\/www.plexus.es\/wp-content\/uploads\/2026\/04\/Evento-Cultura-y-Talento-Web.jpg\" \/>\n\t<meta property=\"og:image:width\" content=\"948\" \/>\n\t<meta property=\"og:image:height\" content=\"600\" \/>\n<meta name=\"twitter:card\" content=\"summary_large_image\" \/>\n<meta name=\"twitter:creator\" content=\"@plexustech_\" \/>\n<meta name=\"twitter:site\" content=\"@plexustech_\" \/>\n<meta name=\"twitter:label1\" content=\"Napisane przez\" \/>\n\t<meta name=\"twitter:data1\" content=\"admin_plexus\" \/>\n\t<meta name=\"twitter:label2\" content=\"Szacowany czas czytania\" \/>\n\t<meta name=\"twitter:data2\" content=\"4 minuty\" \/>\n<script type=\"application\/ld+json\" class=\"yoast-schema-graph\">{\"@context\":\"https:\/\/schema.org\",\"@graph\":[{\"@type\":\"Organization\",\"@id\":\"https:\/\/www.plexus.es\/#organization\",\"name\":\"Plexus Tech\",\"url\":\"https:\/\/www.plexus.es\/\",\"sameAs\":[\"https:\/\/www.facebook.com\/Plexus.Techno\",\"https:\/\/www.instagram.com\/plexus.tech\/\",\"https:\/\/www.linkedin.com\/company\/plexus-tech\/mycompany\/\",\"https:\/\/www.youtube.com\/user\/tecnologiasplexus\",\"https:\/\/twitter.com\/plexustech_\"],\"logo\":{\"@type\":\"ImageObject\",\"@id\":\"https:\/\/www.plexus.es\/#logo\",\"inLanguage\":\"pl-PL\",\"url\":\"https:\/\/www.plexus.es\/wp-content\/uploads\/2021\/11\/logo-plexus-2021.png\",\"contentUrl\":\"https:\/\/www.plexus.es\/wp-content\/uploads\/2021\/11\/logo-plexus-2021.png\",\"width\":600,\"height\":600,\"caption\":\"Plexus Tech\"},\"image\":{\"@id\":\"https:\/\/www.plexus.es\/#logo\"}},{\"@type\":\"WebSite\",\"@id\":\"https:\/\/www.plexus.es\/#website\",\"url\":\"https:\/\/www.plexus.es\/\",\"name\":\"Plexus Tech\",\"description\":\"Tecnolog\\u00eda con Alma\",\"publisher\":{\"@id\":\"https:\/\/www.plexus.es\/#organization\"},\"potentialAction\":[{\"@type\":\"SearchAction\",\"target\":{\"@type\":\"EntryPoint\",\"urlTemplate\":\"https:\/\/www.plexus.es\/?s={search_term_string}\"},\"query-input\":\"required name=search_term_string\"}],\"inLanguage\":\"pl-PL\"},{\"@type\":\"ImageObject\",\"@id\":\"https:\/\/www.plexus.es\/acercar-modelo-plexus-talento-del-futuro-usc\/#primaryimage\",\"inLanguage\":\"pl-PL\",\"url\":\"https:\/\/www.plexus.es\/wp-content\/uploads\/2026\/04\/Evento-Cultura-y-Talento-Web.jpg\",\"contentUrl\":\"https:\/\/www.plexus.es\/wp-content\/uploads\/2026\/04\/Evento-Cultura-y-Talento-Web.jpg\",\"width\":948,\"height\":600,\"caption\":\"Marta Lasarte, izquierda, y L\\u00eda Souto, durante su exposici\\u00f3n en la jornada \\u201cSalidas Profesionales en Relaciones Laborales y Recursos Humanos\\u201d, de la USC, en la que pudieron conectar con el talento del futuro.\"},{\"@type\":\"WebPage\",\"@id\":\"https:\/\/www.plexus.es\/acercar-modelo-plexus-talento-del-futuro-usc\/#webpage\",\"url\":\"https:\/\/www.plexus.es\/acercar-modelo-plexus-talento-del-futuro-usc\/\",\"name\":\"Acercando el modelo Plexus al talento del futuro\",\"isPartOf\":{\"@id\":\"https:\/\/www.plexus.es\/#website\"},\"primaryImageOfPage\":{\"@id\":\"https:\/\/www.plexus.es\/acercar-modelo-plexus-talento-del-futuro-usc\/#primaryimage\"},\"datePublished\":\"2026-04-13T10:00:41+00:00\",\"dateModified\":\"2026-04-23T15:28:34+00:00\",\"description\":\"L\\u00eda Souto y Marta Lasarte, de Cultura y Talento, mostraron su experiencia en Plexus al talento del futuro en la jornada de RRHH de la USC.\",\"breadcrumb\":{\"@id\":\"https:\/\/www.plexus.es\/acercar-modelo-plexus-talento-del-futuro-usc\/#breadcrumb\"},\"inLanguage\":\"pl-PL\",\"potentialAction\":[{\"@type\":\"ReadAction\",\"target\":[\"https:\/\/www.plexus.es\/acercar-modelo-plexus-talento-del-futuro-usc\/\"]}]},{\"@type\":\"BreadcrumbList\",\"@id\":\"https:\/\/www.plexus.es\/acercar-modelo-plexus-talento-del-futuro-usc\/#breadcrumb\",\"itemListElement\":[{\"@type\":\"ListItem\",\"position\":1,\"name\":\"Home\",\"item\":\"https:\/\/www.plexus.es\/\"},{\"@type\":\"ListItem\",\"position\":2,\"name\":\"Acercando al talento del futuro c\\u00f3mo es el d\\u00eda a d\\u00eda en el \\u00e1rea de Cultura y Talento\"}]},{\"@type\":\"Article\",\"@id\":\"https:\/\/www.plexus.es\/acercar-modelo-plexus-talento-del-futuro-usc\/#article\",\"isPartOf\":{\"@id\":\"https:\/\/www.plexus.es\/acercar-modelo-plexus-talento-del-futuro-usc\/#webpage\"},\"author\":{\"@id\":\"https:\/\/www.plexus.es\/#\/schema\/person\/8f02d5ce6d7b659fa68b0e90317c5171\"},\"headline\":\"Acercando al talento del futuro c\\u00f3mo es el d\\u00eda a d\\u00eda en el \\u00e1rea de Cultura y Talento\",\"datePublished\":\"2026-04-13T10:00:41+00:00\",\"dateModified\":\"2026-04-23T15:28:34+00:00\",\"mainEntityOfPage\":{\"@id\":\"https:\/\/www.plexus.es\/acercar-modelo-plexus-talento-del-futuro-usc\/#webpage\"},\"wordCount\":2157,\"commentCount\":0,\"publisher\":{\"@id\":\"https:\/\/www.plexus.es\/#organization\"},\"image\":{\"@id\":\"https:\/\/www.plexus.es\/acercar-modelo-plexus-talento-del-futuro-usc\/#primaryimage\"},\"thumbnailUrl\":\"https:\/\/www.plexus.es\/wp-content\/uploads\/2026\/04\/Evento-Cultura-y-Talento-Web.jpg\",\"articleSection\":[\"Eventos\",\"Aktualno\\u015bci\",\"Tech&amp;Innovaci\\u00f3n\"],\"inLanguage\":\"pl-PL\",\"potentialAction\":[{\"@type\":\"CommentAction\",\"name\":\"Comment\",\"target\":[\"https:\/\/www.plexus.es\/acercar-modelo-plexus-talento-del-futuro-usc\/#respond\"]}]},{\"@type\":\"Person\",\"@id\":\"https:\/\/www.plexus.es\/#\/schema\/person\/8f02d5ce6d7b659fa68b0e90317c5171\",\"name\":\"admin_plexus\",\"image\":{\"@type\":\"ImageObject\",\"@id\":\"https:\/\/www.plexus.es\/#personlogo\",\"inLanguage\":\"pl-PL\",\"url\":\"https:\/\/secure.gravatar.com\/avatar\/c1d7caf9a4063a74393abcf91991e9cd?s=96&d=mm&r=g\",\"contentUrl\":\"https:\/\/secure.gravatar.com\/avatar\/c1d7caf9a4063a74393abcf91991e9cd?s=96&d=mm&r=g\",\"caption\":\"admin_plexus\"},\"sameAs\":[\"https:\/\/www.plexus.es\"]}]}<\/script>\n<!-- \/ Yoast SEO plugin. -->","yoast_head_json":{"title":"Acercando el modelo Plexus al talento del futuro","description":"L\u00eda Souto y Marta Lasarte, de Cultura y Talento, mostraron su experiencia en Plexus al talento del futuro en la jornada de RRHH de la USC.","robots":{"index":"index","follow":"follow","max-snippet":"max-snippet:-1","max-image-preview":"max-image-preview:large","max-video-preview":"max-video-preview:-1"},"canonical":"https:\/\/www.plexus.es\/acercar-modelo-plexus-talento-del-futuro-usc\/","og_locale":"pl_PL","og_type":"article","og_title":"Acercando el modelo Plexus al talento del futuro","og_description":"L\u00eda Souto y Marta Lasarte, de Cultura y Talento, mostraron su experiencia en Plexus al talento del futuro en la jornada de RRHH de la USC.","og_url":"https:\/\/www.plexus.es\/acercar-modelo-plexus-talento-del-futuro-usc\/","og_site_name":"Plexus Tech","article_publisher":"https:\/\/www.facebook.com\/Plexus.Techno","article_published_time":"2026-04-13T10:00:41+00:00","article_modified_time":"2026-04-23T15:28:34+00:00","og_image":[{"width":948,"height":600,"url":"https:\/\/www.plexus.es\/wp-content\/uploads\/2026\/04\/Evento-Cultura-y-Talento-Web.jpg","type":"image\/jpeg"}],"twitter_card":"summary_large_image","twitter_creator":"@plexustech_","twitter_site":"@plexustech_","twitter_misc":{"Napisane przez":"admin_plexus","Szacowany czas czytania":"4 minuty"},"schema":{"@context":"https:\/\/schema.org","@graph":[{"@type":"Organization","@id":"https:\/\/www.plexus.es\/#organization","name":"Plexus Tech","url":"https:\/\/www.plexus.es\/","sameAs":["https:\/\/www.facebook.com\/Plexus.Techno","https:\/\/www.instagram.com\/plexus.tech\/","https:\/\/www.linkedin.com\/company\/plexus-tech\/mycompany\/","https:\/\/www.youtube.com\/user\/tecnologiasplexus","https:\/\/twitter.com\/plexustech_"],"logo":{"@type":"ImageObject","@id":"https:\/\/www.plexus.es\/#logo","inLanguage":"pl-PL","url":"https:\/\/www.plexus.es\/wp-content\/uploads\/2021\/11\/logo-plexus-2021.png","contentUrl":"https:\/\/www.plexus.es\/wp-content\/uploads\/2021\/11\/logo-plexus-2021.png","width":600,"height":600,"caption":"Plexus Tech"},"image":{"@id":"https:\/\/www.plexus.es\/#logo"}},{"@type":"WebSite","@id":"https:\/\/www.plexus.es\/#website","url":"https:\/\/www.plexus.es\/","name":"Plexus Tech","description":"Tecnolog\u00eda con Alma","publisher":{"@id":"https:\/\/www.plexus.es\/#organization"},"potentialAction":[{"@type":"SearchAction","target":{"@type":"EntryPoint","urlTemplate":"https:\/\/www.plexus.es\/?s={search_term_string}"},"query-input":"required name=search_term_string"}],"inLanguage":"pl-PL"},{"@type":"ImageObject","@id":"https:\/\/www.plexus.es\/acercar-modelo-plexus-talento-del-futuro-usc\/#primaryimage","inLanguage":"pl-PL","url":"https:\/\/www.plexus.es\/wp-content\/uploads\/2026\/04\/Evento-Cultura-y-Talento-Web.jpg","contentUrl":"https:\/\/www.plexus.es\/wp-content\/uploads\/2026\/04\/Evento-Cultura-y-Talento-Web.jpg","width":948,"height":600,"caption":"Marta Lasarte, izquierda, y L\u00eda Souto, durante su exposici\u00f3n en la jornada \u201cSalidas Profesionales en Relaciones Laborales y Recursos Humanos\u201d, de la USC, en la que pudieron conectar con el talento del futuro."},{"@type":"WebPage","@id":"https:\/\/www.plexus.es\/acercar-modelo-plexus-talento-del-futuro-usc\/#webpage","url":"https:\/\/www.plexus.es\/acercar-modelo-plexus-talento-del-futuro-usc\/","name":"Acercando el modelo Plexus al talento del futuro","isPartOf":{"@id":"https:\/\/www.plexus.es\/#website"},"primaryImageOfPage":{"@id":"https:\/\/www.plexus.es\/acercar-modelo-plexus-talento-del-futuro-usc\/#primaryimage"},"datePublished":"2026-04-13T10:00:41+00:00","dateModified":"2026-04-23T15:28:34+00:00","description":"L\u00eda Souto y Marta Lasarte, de Cultura y Talento, mostraron su experiencia en Plexus al talento del futuro en la jornada de RRHH de la USC.","breadcrumb":{"@id":"https:\/\/www.plexus.es\/acercar-modelo-plexus-talento-del-futuro-usc\/#breadcrumb"},"inLanguage":"pl-PL","potentialAction":[{"@type":"ReadAction","target":["https:\/\/www.plexus.es\/acercar-modelo-plexus-talento-del-futuro-usc\/"]}]},{"@type":"BreadcrumbList","@id":"https:\/\/www.plexus.es\/acercar-modelo-plexus-talento-del-futuro-usc\/#breadcrumb","itemListElement":[{"@type":"ListItem","position":1,"name":"Home","item":"https:\/\/www.plexus.es\/"},{"@type":"ListItem","position":2,"name":"Acercando al talento del futuro c\u00f3mo es el d\u00eda a d\u00eda en el \u00e1rea de Cultura y Talento"}]},{"@type":"Article","@id":"https:\/\/www.plexus.es\/acercar-modelo-plexus-talento-del-futuro-usc\/#article","isPartOf":{"@id":"https:\/\/www.plexus.es\/acercar-modelo-plexus-talento-del-futuro-usc\/#webpage"},"author":{"@id":"https:\/\/www.plexus.es\/#\/schema\/person\/8f02d5ce6d7b659fa68b0e90317c5171"},"headline":"Acercando al talento del futuro c\u00f3mo es el d\u00eda a d\u00eda en el \u00e1rea de Cultura y Talento","datePublished":"2026-04-13T10:00:41+00:00","dateModified":"2026-04-23T15:28:34+00:00","mainEntityOfPage":{"@id":"https:\/\/www.plexus.es\/acercar-modelo-plexus-talento-del-futuro-usc\/#webpage"},"wordCount":2157,"commentCount":0,"publisher":{"@id":"https:\/\/www.plexus.es\/#organization"},"image":{"@id":"https:\/\/www.plexus.es\/acercar-modelo-plexus-talento-del-futuro-usc\/#primaryimage"},"thumbnailUrl":"https:\/\/www.plexus.es\/wp-content\/uploads\/2026\/04\/Evento-Cultura-y-Talento-Web.jpg","articleSection":["Eventos","Aktualno\u015bci","Tech&amp;Innovaci\u00f3n"],"inLanguage":"pl-PL","potentialAction":[{"@type":"CommentAction","name":"Comment","target":["https:\/\/www.plexus.es\/acercar-modelo-plexus-talento-del-futuro-usc\/#respond"]}]},{"@type":"Person","@id":"https:\/\/www.plexus.es\/#\/schema\/person\/8f02d5ce6d7b659fa68b0e90317c5171","name":"admin_plexus","image":{"@type":"ImageObject","@id":"https:\/\/www.plexus.es\/#personlogo","inLanguage":"pl-PL","url":"https:\/\/secure.gravatar.com\/avatar\/c1d7caf9a4063a74393abcf91991e9cd?s=96&d=mm&r=g","contentUrl":"https:\/\/secure.gravatar.com\/avatar\/c1d7caf9a4063a74393abcf91991e9cd?s=96&d=mm&r=g","caption":"admin_plexus"},"sameAs":["https:\/\/www.plexus.es"]}]}},"_links":{"self":[{"href":"https:\/\/www.plexus.es\/pl\/wp-json\/wp\/v2\/posts\/52709"}],"collection":[{"href":"https:\/\/www.plexus.es\/pl\/wp-json\/wp\/v2\/posts"}],"about":[{"href":"https:\/\/www.plexus.es\/pl\/wp-json\/wp\/v2\/types\/post"}],"author":[{"embeddable":true,"href":"https:\/\/www.plexus.es\/pl\/wp-json\/wp\/v2\/users\/1"}],"replies":[{"embeddable":true,"href":"https:\/\/www.plexus.es\/pl\/wp-json\/wp\/v2\/comments?post=52709"}],"version-history":[{"count":5,"href":"https:\/\/www.plexus.es\/pl\/wp-json\/wp\/v2\/posts\/52709\/revisions"}],"predecessor-version":[{"id":52738,"href":"https:\/\/www.plexus.es\/pl\/wp-json\/wp\/v2\/posts\/52709\/revisions\/52738"}],"wp:featuredmedia":[{"embeddable":true,"href":"https:\/\/www.plexus.es\/pl\/wp-json\/wp\/v2\/media\/52716"}],"wp:attachment":[{"href":"https:\/\/www.plexus.es\/pl\/wp-json\/wp\/v2\/media?parent=52709"}],"wp:term":[{"taxonomy":"category","embeddable":true,"href":"https:\/\/www.plexus.es\/pl\/wp-json\/wp\/v2\/categories?post=52709"},{"taxonomy":"post_tag","embeddable":true,"href":"https:\/\/www.plexus.es\/pl\/wp-json\/wp\/v2\/tags?post=52709"}],"curies":[{"name":"wp","href":"https:\/\/api.w.org\/{rel}","templated":true}]}}