{"id":52949,"date":"2026-04-27T12:00:04","date_gmt":"2026-04-27T10:00:04","guid":{"rendered":"https:\/\/www.plexus.es\/?p=52949"},"modified":"2026-04-28T17:14:13","modified_gmt":"2026-04-28T15:14:13","slug":"avanzamos-transformacion-digital-sanidad-espana-plexus-tech","status":"publish","type":"post","link":"https:\/\/www.plexus.es\/pl\/avanzamos-transformacion-digital-sanidad-espana-plexus-tech\/","title":{"rendered":"Avanzamos hacia la transformaci\u00f3n digital de la atenci\u00f3n sanitaria en Espa\u00f1a"},"content":{"rendered":"<div class=\"fusion-fullwidth fullwidth-box fusion-builder-row-1 fusion-flex-container container-detail-news plexus_css nonhundred-percent-fullwidth non-hundred-percent-height-scrolling\" style=\"background-color: rgba(255,255,255,0);background-position: center center;background-repeat: no-repeat;border-width: 0px 0px 0px 0px;border-color:#e8ebef;border-style:solid;\" ><div class=\"fusion-builder-row fusion-row fusion-flex-align-items-flex-start\" style=\"max-width:1310.4px;margin-left: calc(-4% \/ 2 );margin-right: calc(-4% \/ 2 );\"><div class=\"fusion-layout-column fusion_builder_column fusion-builder-column-0 fusion_builder_column_1_1 1_1 fusion-flex-column fusion-flex-align-self-stretch\"><div class=\"fusion-column-wrapper fusion-flex-justify-content-center fusion-content-layout-column\" style=\"background-position:left top;background-repeat:no-repeat;-webkit-background-size:cover;-moz-background-size:cover;-o-background-size:cover;background-size:cover;padding: 0px 0px 0px 0px;\"><div style=\"text-align:center;\"><span class=\" fusion-imageframe imageframe-none imageframe-1 hover-type-none\" style=\"border-radius:12px;margin-top:0px;margin-right:0px;margin-bottom:0px;margin-left:0px;\"><a class=\"fusion-no-lightbox\" href=\"https:\/\/www.linkedin.com\/posts\/plexus-tech_goodnews-gemelosdigitales-platgdia-activity-7146514515004735488-uBrB?utm_source=share&amp;utm_medium=member_desktop\" target=\"_self\" aria-label=\"Medical Forum\"><img width=\"1600\" height=\"1200\" alt=\"Plexus Tech particip\u00f3 activamente en el debate sobre la transformaci\u00f3n digital de la sanidad en el Foro Tecnolog\u00eda Sanitaria en Espa\u00f1a Medical Forum.\" src=\"https:\/\/www.plexus.es\/wp-content\/uploads\/2026\/04\/Medical-Forum.jpg\" data-orig-src=\"https:\/\/www.plexus.es\/wp-content\/uploads\/2026\/04\/Medical-Forum.jpg\" class=\"lazyload img-responsive wp-image-52977\" srcset=\"data:image\/svg+xml,%3Csvg%20xmlns%3D%27http%3A%2F%2Fwww.w3.org%2F2000%2Fsvg%27%20width%3D%271600%27%20height%3D%271200%27%20viewBox%3D%270%200%201600%201200%27%3E%3Crect%20width%3D%271600%27%20height%3D%271200%27%20fill-opacity%3D%220%22%2F%3E%3C%2Fsvg%3E\" data-srcset=\"https:\/\/www.plexus.es\/wp-content\/uploads\/2026\/04\/Medical-Forum-200x150.jpg 200w, https:\/\/www.plexus.es\/wp-content\/uploads\/2026\/04\/Medical-Forum-400x300.jpg 400w, https:\/\/www.plexus.es\/wp-content\/uploads\/2026\/04\/Medical-Forum-600x450.jpg 600w, https:\/\/www.plexus.es\/wp-content\/uploads\/2026\/04\/Medical-Forum-800x600.jpg 800w, https:\/\/www.plexus.es\/wp-content\/uploads\/2026\/04\/Medical-Forum-1200x900.jpg 1200w, https:\/\/www.plexus.es\/wp-content\/uploads\/2026\/04\/Medical-Forum.jpg 1600w\" data-sizes=\"auto\" data-orig-sizes=\"(max-width: 640px) 100vw, 1600px\" \/><\/a><\/span><\/div><\/div><style type=\"text\/css\">.fusion-body .fusion-builder-column-0{width:100% !important;margin-top : 0px;margin-bottom : 0px;}.fusion-builder-column-0 > .fusion-column-wrapper {padding-top : 0 !important;padding-right : 0px !important;margin-right : 1.92%;padding-bottom : 0 !important;padding-left : 0px !important;margin-left : 1.92%;}@media only screen and (max-width:1200px) {.fusion-body .fusion-builder-column-0{width:100% !important;order : 0;}.fusion-builder-column-0 > .fusion-column-wrapper {margin-right : 1.92%;margin-left : 1.92%;}}@media only screen and (max-width:640px) {.fusion-body .fusion-builder-column-0{width:100% !important;order : 0;}.fusion-builder-column-0 > .fusion-column-wrapper {margin-right : 1.92%;margin-left : 1.92%;}}<\/style><\/div><div class=\"fusion-layout-column fusion_builder_column fusion-builder-column-1 fusion_builder_column_1_1 1_1 fusion-flex-column\"><div class=\"fusion-column-wrapper fusion-flex-justify-content-flex-start fusion-content-layout-column\" style=\"background-position:left top;background-repeat:no-repeat;-webkit-background-size:cover;-moz-background-size:cover;-o-background-size:cover;background-size:cover;padding: 0px 0px 0px 0px;\"><div class=\"fusion-text fusion-text-1\"><h2>En Plexus Tech participamos en el Foro de Tecnolog\u00eda Sanitaria Medical F\u00f3rum como actores fundamentales del futuro tecnol\u00f3gico del sector.<\/h2>\n<p>En Plexus Tech avanzamos hacia la transformaci\u00f3n digital de la sanidad. Y es que en nuestra compa\u00f1\u00eda <a href=\"https:\/\/www.plexus.es\/servicios\/i-d-i\/\" target=\"_blank\" rel=\"noopener\"><strong>desarrollamos soluciones en el \u00e1rea sanitaria que no s\u00f3lo digitalizan<\/strong><\/a>, sino que ayudan a transformar c\u00f3mo se presta la atenci\u00f3n al paciente. En esta l\u00ednea, este pasado 21 y 22 de abril participamos en el <a href=\"https:\/\/medicalforum.es\/\" target=\"_blank\" rel=\"noopener\"><strong>Foro de Tecnolog\u00eda Sanitaria en Espa\u00f1a Medical Forum.<\/strong><\/a><\/p>\n<p>De la mano Jos\u00e9 Manuel Chao Ardao y Martin L\u00f3pez, del \u00e1rea de Salud, pudimos <strong>compartir nuestra visi\u00f3n en este encuentro<\/strong> que reuni\u00f3 en Barcelona a todo el ecosistema sanitario. <strong>Nuestros directores formaron parte de uno de los talleres clave del evento<\/strong>, abordando hacia d\u00f3nde va la sanidad y c\u00f3mo avanzar en su transformaci\u00f3n digital.<\/p>\n<p>Desde nuestra experiencia, mostramos <strong>c\u00f3mo aplicar tecnolog\u00eda en entornos sanitarios reales.<\/strong> Y es que, en este \u00e1mbito, cada decisi\u00f3n impacta directamente en la experiencia y el cuidado de las personas.<\/p>\n<h3>La vanguardia en el \u00e1mbito de la salud.<\/h3>\n<p>El Foro de Tecnolog\u00eda Sanitaria en Espa\u00f1a ha permitido <strong>mostrar la vanguardia de la tecnolog\u00eda aplicada al \u00e1mbito de la salud<\/strong>. Un punto de encuentro donde se presentaron las \u00faltimas innovaciones en equipos, dispositivos y procedimientos sanitarios.<\/p>\n<p>Por ello, para nuestra compa\u00f1\u00eda, estar en esta conversaci\u00f3n era clave. En este sentido, en Plexus Tech trabajamos precisamente en ese punto en el que la tecnolog\u00eda deja de ser una capa y pasa a <strong>formar parte del propio modelo asistencial.<\/strong><\/p>\n<p>Porque la digitalizaci\u00f3n va m\u00e1s all\u00e1 de tecnolog\u00eda. Son nuevos modelos de atenci\u00f3n y cuidado al servicio de las personas y de los profesionales de la salud.<\/p>\n<\/div><\/div><style type=\"text\/css\">.fusion-body .fusion-builder-column-1{width:100% !important;margin-top : 20px;margin-bottom : 20px;}.fusion-builder-column-1 > .fusion-column-wrapper {padding-top : 0px !important;padding-right : 0px !important;margin-right : 1.92%;padding-bottom : 0px !important;padding-left : 0px !important;margin-left : 1.92%;}@media only screen and (max-width:1200px) {.fusion-body .fusion-builder-column-1{width:100% !important;order : 0;}.fusion-builder-column-1 > .fusion-column-wrapper {margin-right : 1.92%;margin-left : 1.92%;}}@media only screen and (max-width:640px) {.fusion-body .fusion-builder-column-1{width:100% !important;order : 0;}.fusion-builder-column-1 > .fusion-column-wrapper {margin-right : 1.92%;margin-left : 1.92%;}}<\/style><\/div><\/div><style type=\"text\/css\">.fusion-body .fusion-flex-container.fusion-builder-row-1{ padding-top : 0px;margin-top : 0;padding-right : 0px;padding-bottom : 0px;margin-bottom : 0;padding-left : 0px;}<\/style><\/div>\n","protected":false},"excerpt":{"rendered":"<p>Participamos en el Foro de Tecnolog\u00eda Sanitaria Medical F\u00f3rum como parte fundamental del futuro tecnol\u00f3gico del sector.<\/p>\n","protected":false},"author":1,"featured_media":52973,"comment_status":"open","ping_status":"open","sticky":false,"template":"","format":"standard","meta":[],"categories":[107,212,42,105],"tags":[],"yoast_head":"<!-- This site is optimized with the Yoast SEO plugin v17.4 - https:\/\/yoast.com\/wordpress\/plugins\/seo\/ -->\n<title>Avanzamos en la transformaci\u00f3n digital de la sanidad<\/title>\n<meta name=\"description\" content=\"Participamos en el Foro de Tecnolog\u00eda Sanitaria Hospital F\u00f3rum como actores fundamentales en la transformaci\u00f3n digital del sector.\" \/>\n<meta name=\"robots\" content=\"index, follow, max-snippet:-1, max-image-preview:large, max-video-preview:-1\" \/>\n<link rel=\"canonical\" href=\"https:\/\/www.plexus.es\/avanzamos-transformacion-digital-sanidad-espana-plexus-tech\/\" \/>\n<meta property=\"og:locale\" content=\"pl_PL\" \/>\n<meta property=\"og:type\" content=\"article\" \/>\n<meta property=\"og:title\" content=\"Avanzamos en la transformaci\u00f3n digital de la sanidad\" \/>\n<meta property=\"og:description\" content=\"Participamos en el Foro de Tecnolog\u00eda Sanitaria Hospital F\u00f3rum como actores fundamentales en la transformaci\u00f3n digital del sector.\" \/>\n<meta property=\"og:url\" content=\"https:\/\/www.plexus.es\/avanzamos-transformacion-digital-sanidad-espana-plexus-tech\/\" \/>\n<meta property=\"og:site_name\" content=\"Plexus Tech\" \/>\n<meta property=\"article:publisher\" content=\"https:\/\/www.facebook.com\/Plexus.Techno\" \/>\n<meta property=\"article:published_time\" content=\"2026-04-27T10:00:04+00:00\" \/>\n<meta property=\"article:modified_time\" content=\"2026-04-28T15:14:13+00:00\" \/>\n<meta property=\"og:image\" content=\"https:\/\/www.plexus.es\/wp-content\/uploads\/2026\/04\/Medical-Forum.jpg\" \/>\n\t<meta property=\"og:image:width\" content=\"1600\" \/>\n\t<meta property=\"og:image:height\" content=\"1200\" \/>\n<meta name=\"twitter:card\" content=\"summary_large_image\" \/>\n<meta name=\"twitter:creator\" content=\"@plexustech_\" \/>\n<meta name=\"twitter:site\" content=\"@plexustech_\" \/>\n<meta name=\"twitter:label1\" content=\"Napisane przez\" \/>\n\t<meta name=\"twitter:data1\" content=\"admin_plexus\" \/>\n\t<meta name=\"twitter:label2\" content=\"Szacowany czas czytania\" \/>\n\t<meta name=\"twitter:data2\" content=\"5 minut\" \/>\n<script type=\"application\/ld+json\" class=\"yoast-schema-graph\">{\"@context\":\"https:\/\/schema.org\",\"@graph\":[{\"@type\":\"Organization\",\"@id\":\"https:\/\/www.plexus.es\/#organization\",\"name\":\"Plexus Tech\",\"url\":\"https:\/\/www.plexus.es\/\",\"sameAs\":[\"https:\/\/www.facebook.com\/Plexus.Techno\",\"https:\/\/www.instagram.com\/plexus.tech\/\",\"https:\/\/www.linkedin.com\/company\/plexus-tech\/mycompany\/\",\"https:\/\/www.youtube.com\/user\/tecnologiasplexus\",\"https:\/\/twitter.com\/plexustech_\"],\"logo\":{\"@type\":\"ImageObject\",\"@id\":\"https:\/\/www.plexus.es\/#logo\",\"inLanguage\":\"pl-PL\",\"url\":\"https:\/\/www.plexus.es\/wp-content\/uploads\/2021\/11\/logo-plexus-2021.png\",\"contentUrl\":\"https:\/\/www.plexus.es\/wp-content\/uploads\/2021\/11\/logo-plexus-2021.png\",\"width\":600,\"height\":600,\"caption\":\"Plexus Tech\"},\"image\":{\"@id\":\"https:\/\/www.plexus.es\/#logo\"}},{\"@type\":\"WebSite\",\"@id\":\"https:\/\/www.plexus.es\/#website\",\"url\":\"https:\/\/www.plexus.es\/\",\"name\":\"Plexus Tech\",\"description\":\"Tecnolog\\u00eda con Alma\",\"publisher\":{\"@id\":\"https:\/\/www.plexus.es\/#organization\"},\"potentialAction\":[{\"@type\":\"SearchAction\",\"target\":{\"@type\":\"EntryPoint\",\"urlTemplate\":\"https:\/\/www.plexus.es\/?s={search_term_string}\"},\"query-input\":\"required name=search_term_string\"}],\"inLanguage\":\"pl-PL\"},{\"@type\":\"ImageObject\",\"@id\":\"https:\/\/www.plexus.es\/avanzamos-transformacion-digital-sanidad-espana-plexus-tech\/#primaryimage\",\"inLanguage\":\"pl-PL\",\"url\":\"https:\/\/www.plexus.es\/wp-content\/uploads\/2026\/04\/Medical-Forum.jpg\",\"contentUrl\":\"https:\/\/www.plexus.es\/wp-content\/uploads\/2026\/04\/Medical-Forum.jpg\",\"width\":1600,\"height\":1200,\"caption\":\"Plexus Tech particip\\u00f3 activamente en el debate sobre la transformaci\\u00f3n digital de la sanidad en el Foro Tecnolog\\u00eda Sanitaria en Espa\\u00f1a Medical Forum.\"},{\"@type\":\"WebPage\",\"@id\":\"https:\/\/www.plexus.es\/avanzamos-transformacion-digital-sanidad-espana-plexus-tech\/#webpage\",\"url\":\"https:\/\/www.plexus.es\/avanzamos-transformacion-digital-sanidad-espana-plexus-tech\/\",\"name\":\"Avanzamos en la transformaci\\u00f3n digital de la sanidad\",\"isPartOf\":{\"@id\":\"https:\/\/www.plexus.es\/#website\"},\"primaryImageOfPage\":{\"@id\":\"https:\/\/www.plexus.es\/avanzamos-transformacion-digital-sanidad-espana-plexus-tech\/#primaryimage\"},\"datePublished\":\"2026-04-27T10:00:04+00:00\",\"dateModified\":\"2026-04-28T15:14:13+00:00\",\"description\":\"Participamos en el Foro de Tecnolog\\u00eda Sanitaria Hospital F\\u00f3rum como actores fundamentales en la transformaci\\u00f3n digital del sector.\",\"breadcrumb\":{\"@id\":\"https:\/\/www.plexus.es\/avanzamos-transformacion-digital-sanidad-espana-plexus-tech\/#breadcrumb\"},\"inLanguage\":\"pl-PL\",\"potentialAction\":[{\"@type\":\"ReadAction\",\"target\":[\"https:\/\/www.plexus.es\/avanzamos-transformacion-digital-sanidad-espana-plexus-tech\/\"]}]},{\"@type\":\"BreadcrumbList\",\"@id\":\"https:\/\/www.plexus.es\/avanzamos-transformacion-digital-sanidad-espana-plexus-tech\/#breadcrumb\",\"itemListElement\":[{\"@type\":\"ListItem\",\"position\":1,\"name\":\"Home\",\"item\":\"https:\/\/www.plexus.es\/\"},{\"@type\":\"ListItem\",\"position\":2,\"name\":\"Avanzamos hacia la transformaci\\u00f3n digital de la atenci\\u00f3n sanitaria en Espa\\u00f1a\"}]},{\"@type\":\"Article\",\"@id\":\"https:\/\/www.plexus.es\/avanzamos-transformacion-digital-sanidad-espana-plexus-tech\/#article\",\"isPartOf\":{\"@id\":\"https:\/\/www.plexus.es\/avanzamos-transformacion-digital-sanidad-espana-plexus-tech\/#webpage\"},\"author\":{\"@id\":\"https:\/\/www.plexus.es\/#\/schema\/person\/8f02d5ce6d7b659fa68b0e90317c5171\"},\"headline\":\"Avanzamos hacia la transformaci\\u00f3n digital de la atenci\\u00f3n sanitaria en Espa\\u00f1a\",\"datePublished\":\"2026-04-27T10:00:04+00:00\",\"dateModified\":\"2026-04-28T15:14:13+00:00\",\"mainEntityOfPage\":{\"@id\":\"https:\/\/www.plexus.es\/avanzamos-transformacion-digital-sanidad-espana-plexus-tech\/#webpage\"},\"wordCount\":1400,\"commentCount\":0,\"publisher\":{\"@id\":\"https:\/\/www.plexus.es\/#organization\"},\"image\":{\"@id\":\"https:\/\/www.plexus.es\/avanzamos-transformacion-digital-sanidad-espana-plexus-tech\/#primaryimage\"},\"thumbnailUrl\":\"https:\/\/www.plexus.es\/wp-content\/uploads\/2026\/04\/Medical-Forum.jpg\",\"articleSection\":[\"Eventos\",\"Aktualno\\u015bci\",\"Sanidad\",\"Tech&amp;Innovaci\\u00f3n\"],\"inLanguage\":\"pl-PL\",\"potentialAction\":[{\"@type\":\"CommentAction\",\"name\":\"Comment\",\"target\":[\"https:\/\/www.plexus.es\/avanzamos-transformacion-digital-sanidad-espana-plexus-tech\/#respond\"]}]},{\"@type\":\"Person\",\"@id\":\"https:\/\/www.plexus.es\/#\/schema\/person\/8f02d5ce6d7b659fa68b0e90317c5171\",\"name\":\"admin_plexus\",\"image\":{\"@type\":\"ImageObject\",\"@id\":\"https:\/\/www.plexus.es\/#personlogo\",\"inLanguage\":\"pl-PL\",\"url\":\"https:\/\/secure.gravatar.com\/avatar\/c1d7caf9a4063a74393abcf91991e9cd?s=96&d=mm&r=g\",\"contentUrl\":\"https:\/\/secure.gravatar.com\/avatar\/c1d7caf9a4063a74393abcf91991e9cd?s=96&d=mm&r=g\",\"caption\":\"admin_plexus\"},\"sameAs\":[\"https:\/\/www.plexus.es\"]}]}<\/script>\n<!-- \/ Yoast SEO plugin. -->","yoast_head_json":{"title":"Avanzamos en la transformaci\u00f3n digital de la sanidad","description":"Participamos en el Foro de Tecnolog\u00eda Sanitaria Hospital F\u00f3rum como actores fundamentales en la transformaci\u00f3n digital del sector.","robots":{"index":"index","follow":"follow","max-snippet":"max-snippet:-1","max-image-preview":"max-image-preview:large","max-video-preview":"max-video-preview:-1"},"canonical":"https:\/\/www.plexus.es\/avanzamos-transformacion-digital-sanidad-espana-plexus-tech\/","og_locale":"pl_PL","og_type":"article","og_title":"Avanzamos en la transformaci\u00f3n digital de la sanidad","og_description":"Participamos en el Foro de Tecnolog\u00eda Sanitaria Hospital F\u00f3rum como actores fundamentales en la transformaci\u00f3n digital del sector.","og_url":"https:\/\/www.plexus.es\/avanzamos-transformacion-digital-sanidad-espana-plexus-tech\/","og_site_name":"Plexus Tech","article_publisher":"https:\/\/www.facebook.com\/Plexus.Techno","article_published_time":"2026-04-27T10:00:04+00:00","article_modified_time":"2026-04-28T15:14:13+00:00","og_image":[{"width":1600,"height":1200,"url":"https:\/\/www.plexus.es\/wp-content\/uploads\/2026\/04\/Medical-Forum.jpg","type":"image\/jpeg"}],"twitter_card":"summary_large_image","twitter_creator":"@plexustech_","twitter_site":"@plexustech_","twitter_misc":{"Napisane przez":"admin_plexus","Szacowany czas czytania":"5 minut"},"schema":{"@context":"https:\/\/schema.org","@graph":[{"@type":"Organization","@id":"https:\/\/www.plexus.es\/#organization","name":"Plexus Tech","url":"https:\/\/www.plexus.es\/","sameAs":["https:\/\/www.facebook.com\/Plexus.Techno","https:\/\/www.instagram.com\/plexus.tech\/","https:\/\/www.linkedin.com\/company\/plexus-tech\/mycompany\/","https:\/\/www.youtube.com\/user\/tecnologiasplexus","https:\/\/twitter.com\/plexustech_"],"logo":{"@type":"ImageObject","@id":"https:\/\/www.plexus.es\/#logo","inLanguage":"pl-PL","url":"https:\/\/www.plexus.es\/wp-content\/uploads\/2021\/11\/logo-plexus-2021.png","contentUrl":"https:\/\/www.plexus.es\/wp-content\/uploads\/2021\/11\/logo-plexus-2021.png","width":600,"height":600,"caption":"Plexus Tech"},"image":{"@id":"https:\/\/www.plexus.es\/#logo"}},{"@type":"WebSite","@id":"https:\/\/www.plexus.es\/#website","url":"https:\/\/www.plexus.es\/","name":"Plexus Tech","description":"Tecnolog\u00eda con Alma","publisher":{"@id":"https:\/\/www.plexus.es\/#organization"},"potentialAction":[{"@type":"SearchAction","target":{"@type":"EntryPoint","urlTemplate":"https:\/\/www.plexus.es\/?s={search_term_string}"},"query-input":"required name=search_term_string"}],"inLanguage":"pl-PL"},{"@type":"ImageObject","@id":"https:\/\/www.plexus.es\/avanzamos-transformacion-digital-sanidad-espana-plexus-tech\/#primaryimage","inLanguage":"pl-PL","url":"https:\/\/www.plexus.es\/wp-content\/uploads\/2026\/04\/Medical-Forum.jpg","contentUrl":"https:\/\/www.plexus.es\/wp-content\/uploads\/2026\/04\/Medical-Forum.jpg","width":1600,"height":1200,"caption":"Plexus Tech particip\u00f3 activamente en el debate sobre la transformaci\u00f3n digital de la sanidad en el Foro Tecnolog\u00eda Sanitaria en Espa\u00f1a Medical Forum."},{"@type":"WebPage","@id":"https:\/\/www.plexus.es\/avanzamos-transformacion-digital-sanidad-espana-plexus-tech\/#webpage","url":"https:\/\/www.plexus.es\/avanzamos-transformacion-digital-sanidad-espana-plexus-tech\/","name":"Avanzamos en la transformaci\u00f3n digital de la sanidad","isPartOf":{"@id":"https:\/\/www.plexus.es\/#website"},"primaryImageOfPage":{"@id":"https:\/\/www.plexus.es\/avanzamos-transformacion-digital-sanidad-espana-plexus-tech\/#primaryimage"},"datePublished":"2026-04-27T10:00:04+00:00","dateModified":"2026-04-28T15:14:13+00:00","description":"Participamos en el Foro de Tecnolog\u00eda Sanitaria Hospital F\u00f3rum como actores fundamentales en la transformaci\u00f3n digital del sector.","breadcrumb":{"@id":"https:\/\/www.plexus.es\/avanzamos-transformacion-digital-sanidad-espana-plexus-tech\/#breadcrumb"},"inLanguage":"pl-PL","potentialAction":[{"@type":"ReadAction","target":["https:\/\/www.plexus.es\/avanzamos-transformacion-digital-sanidad-espana-plexus-tech\/"]}]},{"@type":"BreadcrumbList","@id":"https:\/\/www.plexus.es\/avanzamos-transformacion-digital-sanidad-espana-plexus-tech\/#breadcrumb","itemListElement":[{"@type":"ListItem","position":1,"name":"Home","item":"https:\/\/www.plexus.es\/"},{"@type":"ListItem","position":2,"name":"Avanzamos hacia la transformaci\u00f3n digital de la atenci\u00f3n sanitaria en Espa\u00f1a"}]},{"@type":"Article","@id":"https:\/\/www.plexus.es\/avanzamos-transformacion-digital-sanidad-espana-plexus-tech\/#article","isPartOf":{"@id":"https:\/\/www.plexus.es\/avanzamos-transformacion-digital-sanidad-espana-plexus-tech\/#webpage"},"author":{"@id":"https:\/\/www.plexus.es\/#\/schema\/person\/8f02d5ce6d7b659fa68b0e90317c5171"},"headline":"Avanzamos hacia la transformaci\u00f3n digital de la atenci\u00f3n sanitaria en Espa\u00f1a","datePublished":"2026-04-27T10:00:04+00:00","dateModified":"2026-04-28T15:14:13+00:00","mainEntityOfPage":{"@id":"https:\/\/www.plexus.es\/avanzamos-transformacion-digital-sanidad-espana-plexus-tech\/#webpage"},"wordCount":1400,"commentCount":0,"publisher":{"@id":"https:\/\/www.plexus.es\/#organization"},"image":{"@id":"https:\/\/www.plexus.es\/avanzamos-transformacion-digital-sanidad-espana-plexus-tech\/#primaryimage"},"thumbnailUrl":"https:\/\/www.plexus.es\/wp-content\/uploads\/2026\/04\/Medical-Forum.jpg","articleSection":["Eventos","Aktualno\u015bci","Sanidad","Tech&amp;Innovaci\u00f3n"],"inLanguage":"pl-PL","potentialAction":[{"@type":"CommentAction","name":"Comment","target":["https:\/\/www.plexus.es\/avanzamos-transformacion-digital-sanidad-espana-plexus-tech\/#respond"]}]},{"@type":"Person","@id":"https:\/\/www.plexus.es\/#\/schema\/person\/8f02d5ce6d7b659fa68b0e90317c5171","name":"admin_plexus","image":{"@type":"ImageObject","@id":"https:\/\/www.plexus.es\/#personlogo","inLanguage":"pl-PL","url":"https:\/\/secure.gravatar.com\/avatar\/c1d7caf9a4063a74393abcf91991e9cd?s=96&d=mm&r=g","contentUrl":"https:\/\/secure.gravatar.com\/avatar\/c1d7caf9a4063a74393abcf91991e9cd?s=96&d=mm&r=g","caption":"admin_plexus"},"sameAs":["https:\/\/www.plexus.es"]}]}},"_links":{"self":[{"href":"https:\/\/www.plexus.es\/pl\/wp-json\/wp\/v2\/posts\/52949"}],"collection":[{"href":"https:\/\/www.plexus.es\/pl\/wp-json\/wp\/v2\/posts"}],"about":[{"href":"https:\/\/www.plexus.es\/pl\/wp-json\/wp\/v2\/types\/post"}],"author":[{"embeddable":true,"href":"https:\/\/www.plexus.es\/pl\/wp-json\/wp\/v2\/users\/1"}],"replies":[{"embeddable":true,"href":"https:\/\/www.plexus.es\/pl\/wp-json\/wp\/v2\/comments?post=52949"}],"version-history":[{"count":4,"href":"https:\/\/www.plexus.es\/pl\/wp-json\/wp\/v2\/posts\/52949\/revisions"}],"predecessor-version":[{"id":52989,"href":"https:\/\/www.plexus.es\/pl\/wp-json\/wp\/v2\/posts\/52949\/revisions\/52989"}],"wp:featuredmedia":[{"embeddable":true,"href":"https:\/\/www.plexus.es\/pl\/wp-json\/wp\/v2\/media\/52973"}],"wp:attachment":[{"href":"https:\/\/www.plexus.es\/pl\/wp-json\/wp\/v2\/media?parent=52949"}],"wp:term":[{"taxonomy":"category","embeddable":true,"href":"https:\/\/www.plexus.es\/pl\/wp-json\/wp\/v2\/categories?post=52949"},{"taxonomy":"post_tag","embeddable":true,"href":"https:\/\/www.plexus.es\/pl\/wp-json\/wp\/v2\/tags?post=52949"}],"curies":[{"name":"wp","href":"https:\/\/api.w.org\/{rel}","templated":true}]}}