{"id":30690,"date":"2022-12-12T19:01:48","date_gmt":"2022-12-12T18:01:48","guid":{"rendered":"https:\/\/www.plexus.es\/?p=30690"},"modified":"2023-02-27T12:25:47","modified_gmt":"2023-02-27T11:25:47","slug":"plexus-tech-sigue-liderando-la-creacion-de-empleo-tecnologico-en-galicia","status":"publish","type":"post","link":"https:\/\/www.plexus.es\/pt-pt\/plexus-tech-sigue-liderando-la-creacion-de-empleo-tecnologico-en-galicia\/","title":{"rendered":"Plexus Tech, l\u00edder en la creaci\u00f3n de empleo tecnol\u00f3gico en Galicia"},"content":{"rendered":"<div class=\"fusion-fullwidth fullwidth-box fusion-builder-row-1 fusion-flex-container nonhundred-percent-fullwidth non-hundred-percent-height-scrolling\" style=\"background-color: rgba(255,255,255,0);background-position: center center;background-repeat: no-repeat;border-width: 0px 0px 0px 0px;border-color:#e8ebef;border-style:solid;\" ><div class=\"fusion-builder-row fusion-row fusion-flex-align-items-flex-start\" style=\"max-width:1310.4px;margin-left: calc(-4% \/ 2 );margin-right: calc(-4% \/ 2 );\"><div class=\"fusion-layout-column fusion_builder_column fusion-builder-column-0 fusion_builder_column_1_2 1_2 fusion-flex-column\"><div class=\"fusion-column-wrapper fusion-flex-justify-content-flex-start fusion-content-layout-column\" style=\"background-position:left top;background-repeat:no-repeat;-webkit-background-size:cover;-moz-background-size:cover;-o-background-size:cover;background-size:cover;padding: 0px 0px 0px 0px;\"><div class=\"fusion-text fusion-text-1\"><p>El pasado s\u00e1bado, La Voz de Galicia recogi\u00f3 en un art\u00edculo de su versi\u00f3n digital un an\u00e1lisis de la empleabilidad del sector tecnol\u00f3gico en la comunidad gallega. <strong>Plexus Tech contin\u00faa un a\u00f1o m\u00e1s en el podio de las empresas que m\u00e1s puestos aportan a la comunidad<\/strong>, con m\u00e1s de 950 de sus profesionales afincados en Galicia seg\u00fan datos del Cluster TIC Galicia.<\/p>\n<p>Plexus Tech cuenta con 30 sedes y presencia en distintos pa\u00edses a uno y otro lado del Atl\u00e1ntico. Cerca de 2500 personas hay en su plantilla por todo el mundo, y alrededor del 40% de estas reside y trabaja en la comunidad gallega.<\/p>\n<p><strong>Esta cifra, sin embargo, no para de crecer d\u00eda tras d\u00eda.<\/strong> A la par que el mercado se vuelve m\u00e1s y m\u00e1s grande, la compa\u00f1\u00eda busca nuevos perfiles para reforzar nuestros equipos y as\u00ed poder dar el mejor servicio a los cada vez m\u00e1s clientes que depositan su confianza en nosotros para sus m\u00e1s importantes proyectos.<\/p>\n<p>El art\u00edculo adem\u00e1s destaca la falta de oferta en cuanto a los perfiles tecnol\u00f3gicos m\u00e1s demandados del sector, ya que la cifra de empleo vinculado a las TIC en Galicia se ha triplicado en la \u00faltima d\u00e9cada. Esta se ver\u00e1 incrementada a\u00fan m\u00e1s favorablemente con la reciente noticia de que A Coru\u00f1a ser\u00e1 la sede de la Agencia Espa\u00f1ola de Supervisi\u00f3n de Inteligencia Artificial, AESIA.<\/p>\n<\/div><\/div><style type=\"text\/css\">.fusion-body .fusion-builder-column-0{width:50% !important;margin-top : 20px;margin-bottom : 20px;}.fusion-builder-column-0 > .fusion-column-wrapper {padding-top : 0px !important;padding-right : 0px !important;margin-right : 3.84%;padding-bottom : 0px !important;padding-left : 0px !important;margin-left : 3.84%;}@media only screen and (max-width:1200px) {.fusion-body .fusion-builder-column-0{width:50% !important;order : 0;}.fusion-builder-column-0 > .fusion-column-wrapper {margin-right : 3.84%;margin-left : 3.84%;}}@media only screen and (max-width:640px) {.fusion-body .fusion-builder-column-0{width:100% !important;order : 0;}.fusion-builder-column-0 > .fusion-column-wrapper {margin-right : 1.92%;margin-left : 1.92%;}}<\/style><\/div><div class=\"fusion-layout-column fusion_builder_column fusion-builder-column-1 fusion_builder_column_1_2 1_2 fusion-flex-column\"><div class=\"fusion-column-wrapper fusion-flex-justify-content-flex-start fusion-content-layout-column\" style=\"background-position:left top;background-repeat:no-repeat;-webkit-background-size:cover;-moz-background-size:cover;-o-background-size:cover;background-size:cover;padding: 0px 0px 0px 0px;\"><div ><span class=\" fusion-imageframe imageframe-none imageframe-1 hover-type-none\" style=\"border-radius:12px;\"><img width=\"600\" height=\"338\" alt=\"Imagen de la oficina Plexus de Santiago de Compostela.\" title=\"J22J7085\" src=\"https:\/\/www.plexus.es\/wp-content\/uploads\/2022\/12\/J22J7085.webp\" data-orig-src=\"https:\/\/www.plexus.es\/wp-content\/uploads\/2022\/12\/J22J7085-600x338.webp\" class=\"lazyload img-responsive wp-image-30696\" srcset=\"data:image\/svg+xml,%3Csvg%20xmlns%3D%27http%3A%2F%2Fwww.w3.org%2F2000%2Fsvg%27%20width%3D%271280%27%20height%3D%27720%27%20viewBox%3D%270%200%201280%20720%27%3E%3Crect%20width%3D%271280%27%20height%3D%27720%27%20fill-opacity%3D%220%22%2F%3E%3C%2Fsvg%3E\" data-srcset=\"https:\/\/www.plexus.es\/wp-content\/uploads\/2022\/12\/J22J7085-200x113.webp 200w, https:\/\/www.plexus.es\/wp-content\/uploads\/2022\/12\/J22J7085-300x169.webp 300w, https:\/\/www.plexus.es\/wp-content\/uploads\/2022\/12\/J22J7085-400x225.webp 400w, https:\/\/www.plexus.es\/wp-content\/uploads\/2022\/12\/J22J7085-600x338.webp 600w, https:\/\/www.plexus.es\/wp-content\/uploads\/2022\/12\/J22J7085-768x432.webp 768w, https:\/\/www.plexus.es\/wp-content\/uploads\/2022\/12\/J22J7085-800x450.webp 800w, https:\/\/www.plexus.es\/wp-content\/uploads\/2022\/12\/J22J7085-1024x576.webp 1024w, https:\/\/www.plexus.es\/wp-content\/uploads\/2022\/12\/J22J7085-1200x675.webp 1200w, https:\/\/www.plexus.es\/wp-content\/uploads\/2022\/12\/J22J7085.webp 1280w\" data-sizes=\"auto\" data-orig-sizes=\"(max-width: 640px) 100vw, 600px\" \/><\/span><\/div><\/div><style type=\"text\/css\">.fusion-body .fusion-builder-column-1{width:50% !important;margin-top : 20px;margin-bottom : 20px;}.fusion-builder-column-1 > .fusion-column-wrapper {padding-top : 0px !important;padding-right : 0px !important;margin-right : 3.84%;padding-bottom : 0px !important;padding-left : 0px !important;margin-left : 3.84%;}@media only screen and (max-width:1200px) {.fusion-body .fusion-builder-column-1{width:50% !important;order : 0;}.fusion-builder-column-1 > .fusion-column-wrapper {margin-right : 3.84%;margin-left : 3.84%;}}@media only screen and (max-width:640px) {.fusion-body .fusion-builder-column-1{width:100% !important;order : 0;}.fusion-builder-column-1 > .fusion-column-wrapper {margin-right : 1.92%;margin-left : 1.92%;}}<\/style><\/div><\/div><style type=\"text\/css\">.fusion-body .fusion-flex-container.fusion-builder-row-1{ padding-top : 0px;margin-top : 0px;padding-right : 0px;padding-bottom : 0px;margin-bottom : 0px;padding-left : 0px;}<\/style><\/div>\n","protected":false},"excerpt":{"rendered":"<p>La compa\u00f1\u00eda se sit\u00faa una vez m\u00e1s en el podio de las empresas que m\u00e1s empleos aportan en el sector tecnol\u00f3gico a la comunidad.<\/p>\n","protected":false},"author":1,"featured_media":32294,"comment_status":"open","ping_status":"open","sticky":false,"template":"","format":"standard","meta":[],"categories":[111],"tags":[],"yoast_head":"<!-- This site is optimized with the Yoast SEO plugin v17.4 - https:\/\/yoast.com\/wordpress\/plugins\/seo\/ -->\n<title>Plexus Tech, l\u00edder en la creaci\u00f3n de empleo tecnol\u00f3gico en Galicia<\/title>\n<meta name=\"description\" content=\"La compa\u00f1\u00eda se sit\u00faa una vez m\u00e1s en el podio de las empresas que m\u00e1s empleos aportan en el sector tecnol\u00f3gico a la comunidad.\" \/>\n<meta name=\"robots\" content=\"index, follow, max-snippet:-1, max-image-preview:large, max-video-preview:-1\" \/>\n<link rel=\"canonical\" href=\"https:\/\/www.plexus.es\/plexus-tech-sigue-liderando-la-creacion-de-empleo-tecnologico-en-galicia\/\" \/>\n<meta property=\"og:locale\" content=\"pt_PT\" \/>\n<meta property=\"og:type\" content=\"article\" \/>\n<meta property=\"og:title\" content=\"Plexus Tech, l\u00edder en la creaci\u00f3n de empleo tecnol\u00f3gico en Galicia\" \/>\n<meta property=\"og:description\" content=\"La compa\u00f1\u00eda se sit\u00faa una vez m\u00e1s en el podio de las empresas que m\u00e1s empleos aportan en el sector tecnol\u00f3gico a la comunidad.\" \/>\n<meta property=\"og:url\" content=\"https:\/\/www.plexus.es\/plexus-tech-sigue-liderando-la-creacion-de-empleo-tecnologico-en-galicia\/\" \/>\n<meta property=\"og:site_name\" content=\"Plexus Tech\" \/>\n<meta property=\"article:publisher\" content=\"https:\/\/www.facebook.com\/Plexus.Techno\" \/>\n<meta property=\"article:published_time\" content=\"2022-12-12T18:01:48+00:00\" \/>\n<meta property=\"article:modified_time\" content=\"2023-02-27T11:25:47+00:00\" \/>\n<meta property=\"og:image\" content=\"https:\/\/www.plexus.es\/wp-content\/uploads\/2022\/12\/plexus-tech-lider-empleo-galicia.png\" \/>\n\t<meta property=\"og:image:width\" content=\"900\" \/>\n\t<meta property=\"og:image:height\" content=\"567\" \/>\n<meta name=\"twitter:card\" content=\"summary_large_image\" \/>\n<meta name=\"twitter:creator\" content=\"@plexustech_\" \/>\n<meta name=\"twitter:site\" content=\"@plexustech_\" \/>\n<meta name=\"twitter:label1\" content=\"Escrito por\" \/>\n\t<meta name=\"twitter:data1\" content=\"admin_plexus\" \/>\n\t<meta name=\"twitter:label2\" content=\"Tempo estimado de leitura\" \/>\n\t<meta name=\"twitter:data2\" content=\"3 minutos\" \/>\n<script type=\"application\/ld+json\" class=\"yoast-schema-graph\">{\"@context\":\"https:\/\/schema.org\",\"@graph\":[{\"@type\":\"Organization\",\"@id\":\"https:\/\/www.plexus.es\/#organization\",\"name\":\"Plexus Tech\",\"url\":\"https:\/\/www.plexus.es\/\",\"sameAs\":[\"https:\/\/www.facebook.com\/Plexus.Techno\",\"https:\/\/www.instagram.com\/plexus.tech\/\",\"https:\/\/www.linkedin.com\/company\/plexus-tech\/mycompany\/\",\"https:\/\/www.youtube.com\/user\/tecnologiasplexus\",\"https:\/\/twitter.com\/plexustech_\"],\"logo\":{\"@type\":\"ImageObject\",\"@id\":\"https:\/\/www.plexus.es\/#logo\",\"inLanguage\":\"pt-PT\",\"url\":\"https:\/\/www.plexus.es\/wp-content\/uploads\/2021\/11\/logo-plexus-2021.png\",\"contentUrl\":\"https:\/\/www.plexus.es\/wp-content\/uploads\/2021\/11\/logo-plexus-2021.png\",\"width\":600,\"height\":600,\"caption\":\"Plexus Tech\"},\"image\":{\"@id\":\"https:\/\/www.plexus.es\/#logo\"}},{\"@type\":\"WebSite\",\"@id\":\"https:\/\/www.plexus.es\/#website\",\"url\":\"https:\/\/www.plexus.es\/\",\"name\":\"Plexus Tech\",\"description\":\"Tecnolog\\u00eda con Alma\",\"publisher\":{\"@id\":\"https:\/\/www.plexus.es\/#organization\"},\"potentialAction\":[{\"@type\":\"SearchAction\",\"target\":{\"@type\":\"EntryPoint\",\"urlTemplate\":\"https:\/\/www.plexus.es\/?s={search_term_string}\"},\"query-input\":\"required name=search_term_string\"}],\"inLanguage\":\"pt-PT\"},{\"@type\":\"ImageObject\",\"@id\":\"https:\/\/www.plexus.es\/plexus-tech-sigue-liderando-la-creacion-de-empleo-tecnologico-en-galicia\/#primaryimage\",\"inLanguage\":\"pt-PT\",\"url\":\"https:\/\/www.plexus.es\/wp-content\/uploads\/2022\/12\/plexus-tech-lider-empleo-galicia.png\",\"contentUrl\":\"https:\/\/www.plexus.es\/wp-content\/uploads\/2022\/12\/plexus-tech-lider-empleo-galicia.png\",\"width\":900,\"height\":567,\"caption\":\"Plexus Tech es l\\u00edder en creaci\\u00f3n de empleo en Galicia.\"},{\"@type\":\"WebPage\",\"@id\":\"https:\/\/www.plexus.es\/plexus-tech-sigue-liderando-la-creacion-de-empleo-tecnologico-en-galicia\/#webpage\",\"url\":\"https:\/\/www.plexus.es\/plexus-tech-sigue-liderando-la-creacion-de-empleo-tecnologico-en-galicia\/\",\"name\":\"Plexus Tech, l\\u00edder en la creaci\\u00f3n de empleo tecnol\\u00f3gico en Galicia\",\"isPartOf\":{\"@id\":\"https:\/\/www.plexus.es\/#website\"},\"primaryImageOfPage\":{\"@id\":\"https:\/\/www.plexus.es\/plexus-tech-sigue-liderando-la-creacion-de-empleo-tecnologico-en-galicia\/#primaryimage\"},\"datePublished\":\"2022-12-12T18:01:48+00:00\",\"dateModified\":\"2023-02-27T11:25:47+00:00\",\"description\":\"La compa\\u00f1\\u00eda se sit\\u00faa una vez m\\u00e1s en el podio de las empresas que m\\u00e1s empleos aportan en el sector tecnol\\u00f3gico a la comunidad.\",\"breadcrumb\":{\"@id\":\"https:\/\/www.plexus.es\/plexus-tech-sigue-liderando-la-creacion-de-empleo-tecnologico-en-galicia\/#breadcrumb\"},\"inLanguage\":\"pt-PT\",\"potentialAction\":[{\"@type\":\"ReadAction\",\"target\":[\"https:\/\/www.plexus.es\/plexus-tech-sigue-liderando-la-creacion-de-empleo-tecnologico-en-galicia\/\"]}]},{\"@type\":\"BreadcrumbList\",\"@id\":\"https:\/\/www.plexus.es\/plexus-tech-sigue-liderando-la-creacion-de-empleo-tecnologico-en-galicia\/#breadcrumb\",\"itemListElement\":[{\"@type\":\"ListItem\",\"position\":1,\"name\":\"Home\",\"item\":\"https:\/\/www.plexus.es\/\"},{\"@type\":\"ListItem\",\"position\":2,\"name\":\"Plexus Tech, l\\u00edder en la creaci\\u00f3n de empleo tecnol\\u00f3gico en Galicia\"}]},{\"@type\":\"Article\",\"@id\":\"https:\/\/www.plexus.es\/plexus-tech-sigue-liderando-la-creacion-de-empleo-tecnologico-en-galicia\/#article\",\"isPartOf\":{\"@id\":\"https:\/\/www.plexus.es\/plexus-tech-sigue-liderando-la-creacion-de-empleo-tecnologico-en-galicia\/#webpage\"},\"author\":{\"@id\":\"https:\/\/www.plexus.es\/#\/schema\/person\/8f02d5ce6d7b659fa68b0e90317c5171\"},\"headline\":\"Plexus Tech, l\\u00edder en la creaci\\u00f3n de empleo tecnol\\u00f3gico en Galicia\",\"datePublished\":\"2022-12-12T18:01:48+00:00\",\"dateModified\":\"2023-02-27T11:25:47+00:00\",\"mainEntityOfPage\":{\"@id\":\"https:\/\/www.plexus.es\/plexus-tech-sigue-liderando-la-creacion-de-empleo-tecnologico-en-galicia\/#webpage\"},\"wordCount\":1075,\"commentCount\":0,\"publisher\":{\"@id\":\"https:\/\/www.plexus.es\/#organization\"},\"image\":{\"@id\":\"https:\/\/www.plexus.es\/plexus-tech-sigue-liderando-la-creacion-de-empleo-tecnologico-en-galicia\/#primaryimage\"},\"thumbnailUrl\":\"https:\/\/www.plexus.es\/wp-content\/uploads\/2022\/12\/plexus-tech-lider-empleo-galicia.png\",\"inLanguage\":\"pt-PT\",\"potentialAction\":[{\"@type\":\"CommentAction\",\"name\":\"Comment\",\"target\":[\"https:\/\/www.plexus.es\/plexus-tech-sigue-liderando-la-creacion-de-empleo-tecnologico-en-galicia\/#respond\"]}]},{\"@type\":\"Person\",\"@id\":\"https:\/\/www.plexus.es\/#\/schema\/person\/8f02d5ce6d7b659fa68b0e90317c5171\",\"name\":\"admin_plexus\",\"image\":{\"@type\":\"ImageObject\",\"@id\":\"https:\/\/www.plexus.es\/#personlogo\",\"inLanguage\":\"pt-PT\",\"url\":\"https:\/\/secure.gravatar.com\/avatar\/c1d7caf9a4063a74393abcf91991e9cd?s=96&d=mm&r=g\",\"contentUrl\":\"https:\/\/secure.gravatar.com\/avatar\/c1d7caf9a4063a74393abcf91991e9cd?s=96&d=mm&r=g\",\"caption\":\"admin_plexus\"},\"sameAs\":[\"https:\/\/www.plexus.es\"]}]}<\/script>\n<!-- \/ Yoast SEO plugin. -->","yoast_head_json":{"title":"Plexus Tech, l\u00edder en la creaci\u00f3n de empleo tecnol\u00f3gico en Galicia","description":"La compa\u00f1\u00eda se sit\u00faa una vez m\u00e1s en el podio de las empresas que m\u00e1s empleos aportan en el sector tecnol\u00f3gico a la comunidad.","robots":{"index":"index","follow":"follow","max-snippet":"max-snippet:-1","max-image-preview":"max-image-preview:large","max-video-preview":"max-video-preview:-1"},"canonical":"https:\/\/www.plexus.es\/plexus-tech-sigue-liderando-la-creacion-de-empleo-tecnologico-en-galicia\/","og_locale":"pt_PT","og_type":"article","og_title":"Plexus Tech, l\u00edder en la creaci\u00f3n de empleo tecnol\u00f3gico en Galicia","og_description":"La compa\u00f1\u00eda se sit\u00faa una vez m\u00e1s en el podio de las empresas que m\u00e1s empleos aportan en el sector tecnol\u00f3gico a la comunidad.","og_url":"https:\/\/www.plexus.es\/plexus-tech-sigue-liderando-la-creacion-de-empleo-tecnologico-en-galicia\/","og_site_name":"Plexus Tech","article_publisher":"https:\/\/www.facebook.com\/Plexus.Techno","article_published_time":"2022-12-12T18:01:48+00:00","article_modified_time":"2023-02-27T11:25:47+00:00","og_image":[{"width":900,"height":567,"url":"https:\/\/www.plexus.es\/wp-content\/uploads\/2022\/12\/plexus-tech-lider-empleo-galicia.png","type":"image\/png"}],"twitter_card":"summary_large_image","twitter_creator":"@plexustech_","twitter_site":"@plexustech_","twitter_misc":{"Escrito por":"admin_plexus","Tempo estimado de leitura":"3 minutos"},"schema":{"@context":"https:\/\/schema.org","@graph":[{"@type":"Organization","@id":"https:\/\/www.plexus.es\/#organization","name":"Plexus Tech","url":"https:\/\/www.plexus.es\/","sameAs":["https:\/\/www.facebook.com\/Plexus.Techno","https:\/\/www.instagram.com\/plexus.tech\/","https:\/\/www.linkedin.com\/company\/plexus-tech\/mycompany\/","https:\/\/www.youtube.com\/user\/tecnologiasplexus","https:\/\/twitter.com\/plexustech_"],"logo":{"@type":"ImageObject","@id":"https:\/\/www.plexus.es\/#logo","inLanguage":"pt-PT","url":"https:\/\/www.plexus.es\/wp-content\/uploads\/2021\/11\/logo-plexus-2021.png","contentUrl":"https:\/\/www.plexus.es\/wp-content\/uploads\/2021\/11\/logo-plexus-2021.png","width":600,"height":600,"caption":"Plexus Tech"},"image":{"@id":"https:\/\/www.plexus.es\/#logo"}},{"@type":"WebSite","@id":"https:\/\/www.plexus.es\/#website","url":"https:\/\/www.plexus.es\/","name":"Plexus Tech","description":"Tecnolog\u00eda con Alma","publisher":{"@id":"https:\/\/www.plexus.es\/#organization"},"potentialAction":[{"@type":"SearchAction","target":{"@type":"EntryPoint","urlTemplate":"https:\/\/www.plexus.es\/?s={search_term_string}"},"query-input":"required name=search_term_string"}],"inLanguage":"pt-PT"},{"@type":"ImageObject","@id":"https:\/\/www.plexus.es\/plexus-tech-sigue-liderando-la-creacion-de-empleo-tecnologico-en-galicia\/#primaryimage","inLanguage":"pt-PT","url":"https:\/\/www.plexus.es\/wp-content\/uploads\/2022\/12\/plexus-tech-lider-empleo-galicia.png","contentUrl":"https:\/\/www.plexus.es\/wp-content\/uploads\/2022\/12\/plexus-tech-lider-empleo-galicia.png","width":900,"height":567,"caption":"Plexus Tech es l\u00edder en creaci\u00f3n de empleo en Galicia."},{"@type":"WebPage","@id":"https:\/\/www.plexus.es\/plexus-tech-sigue-liderando-la-creacion-de-empleo-tecnologico-en-galicia\/#webpage","url":"https:\/\/www.plexus.es\/plexus-tech-sigue-liderando-la-creacion-de-empleo-tecnologico-en-galicia\/","name":"Plexus Tech, l\u00edder en la creaci\u00f3n de empleo tecnol\u00f3gico en Galicia","isPartOf":{"@id":"https:\/\/www.plexus.es\/#website"},"primaryImageOfPage":{"@id":"https:\/\/www.plexus.es\/plexus-tech-sigue-liderando-la-creacion-de-empleo-tecnologico-en-galicia\/#primaryimage"},"datePublished":"2022-12-12T18:01:48+00:00","dateModified":"2023-02-27T11:25:47+00:00","description":"La compa\u00f1\u00eda se sit\u00faa una vez m\u00e1s en el podio de las empresas que m\u00e1s empleos aportan en el sector tecnol\u00f3gico a la comunidad.","breadcrumb":{"@id":"https:\/\/www.plexus.es\/plexus-tech-sigue-liderando-la-creacion-de-empleo-tecnologico-en-galicia\/#breadcrumb"},"inLanguage":"pt-PT","potentialAction":[{"@type":"ReadAction","target":["https:\/\/www.plexus.es\/plexus-tech-sigue-liderando-la-creacion-de-empleo-tecnologico-en-galicia\/"]}]},{"@type":"BreadcrumbList","@id":"https:\/\/www.plexus.es\/plexus-tech-sigue-liderando-la-creacion-de-empleo-tecnologico-en-galicia\/#breadcrumb","itemListElement":[{"@type":"ListItem","position":1,"name":"Home","item":"https:\/\/www.plexus.es\/"},{"@type":"ListItem","position":2,"name":"Plexus Tech, l\u00edder en la creaci\u00f3n de empleo tecnol\u00f3gico en Galicia"}]},{"@type":"Article","@id":"https:\/\/www.plexus.es\/plexus-tech-sigue-liderando-la-creacion-de-empleo-tecnologico-en-galicia\/#article","isPartOf":{"@id":"https:\/\/www.plexus.es\/plexus-tech-sigue-liderando-la-creacion-de-empleo-tecnologico-en-galicia\/#webpage"},"author":{"@id":"https:\/\/www.plexus.es\/#\/schema\/person\/8f02d5ce6d7b659fa68b0e90317c5171"},"headline":"Plexus Tech, l\u00edder en la creaci\u00f3n de empleo tecnol\u00f3gico en Galicia","datePublished":"2022-12-12T18:01:48+00:00","dateModified":"2023-02-27T11:25:47+00:00","mainEntityOfPage":{"@id":"https:\/\/www.plexus.es\/plexus-tech-sigue-liderando-la-creacion-de-empleo-tecnologico-en-galicia\/#webpage"},"wordCount":1075,"commentCount":0,"publisher":{"@id":"https:\/\/www.plexus.es\/#organization"},"image":{"@id":"https:\/\/www.plexus.es\/plexus-tech-sigue-liderando-la-creacion-de-empleo-tecnologico-en-galicia\/#primaryimage"},"thumbnailUrl":"https:\/\/www.plexus.es\/wp-content\/uploads\/2022\/12\/plexus-tech-lider-empleo-galicia.png","inLanguage":"pt-PT","potentialAction":[{"@type":"CommentAction","name":"Comment","target":["https:\/\/www.plexus.es\/plexus-tech-sigue-liderando-la-creacion-de-empleo-tecnologico-en-galicia\/#respond"]}]},{"@type":"Person","@id":"https:\/\/www.plexus.es\/#\/schema\/person\/8f02d5ce6d7b659fa68b0e90317c5171","name":"admin_plexus","image":{"@type":"ImageObject","@id":"https:\/\/www.plexus.es\/#personlogo","inLanguage":"pt-PT","url":"https:\/\/secure.gravatar.com\/avatar\/c1d7caf9a4063a74393abcf91991e9cd?s=96&d=mm&r=g","contentUrl":"https:\/\/secure.gravatar.com\/avatar\/c1d7caf9a4063a74393abcf91991e9cd?s=96&d=mm&r=g","caption":"admin_plexus"},"sameAs":["https:\/\/www.plexus.es"]}]}},"_links":{"self":[{"href":"https:\/\/www.plexus.es\/pt-pt\/wp-json\/wp\/v2\/posts\/30690"}],"collection":[{"href":"https:\/\/www.plexus.es\/pt-pt\/wp-json\/wp\/v2\/posts"}],"about":[{"href":"https:\/\/www.plexus.es\/pt-pt\/wp-json\/wp\/v2\/types\/post"}],"author":[{"embeddable":true,"href":"https:\/\/www.plexus.es\/pt-pt\/wp-json\/wp\/v2\/users\/1"}],"replies":[{"embeddable":true,"href":"https:\/\/www.plexus.es\/pt-pt\/wp-json\/wp\/v2\/comments?post=30690"}],"version-history":[{"count":5,"href":"https:\/\/www.plexus.es\/pt-pt\/wp-json\/wp\/v2\/posts\/30690\/revisions"}],"predecessor-version":[{"id":31419,"href":"https:\/\/www.plexus.es\/pt-pt\/wp-json\/wp\/v2\/posts\/30690\/revisions\/31419"}],"wp:featuredmedia":[{"embeddable":true,"href":"https:\/\/www.plexus.es\/pt-pt\/wp-json\/wp\/v2\/media\/32294"}],"wp:attachment":[{"href":"https:\/\/www.plexus.es\/pt-pt\/wp-json\/wp\/v2\/media?parent=30690"}],"wp:term":[{"taxonomy":"category","embeddable":true,"href":"https:\/\/www.plexus.es\/pt-pt\/wp-json\/wp\/v2\/categories?post=30690"},{"taxonomy":"post_tag","embeddable":true,"href":"https:\/\/www.plexus.es\/pt-pt\/wp-json\/wp\/v2\/tags?post=30690"}],"curies":[{"name":"wp","href":"https:\/\/api.w.org\/{rel}","templated":true}]}}