{"id":33575,"date":"2023-05-03T09:08:27","date_gmt":"2023-05-03T07:08:27","guid":{"rendered":"https:\/\/www.plexus.es\/?p=33575"},"modified":"2024-05-23T13:14:42","modified_gmt":"2024-05-23T11:14:42","slug":"david-padilla-experto-ciberseguridad-plexus-organizador-hacken","status":"publish","type":"post","link":"https:\/\/www.plexus.es\/pt-pt\/david-padilla-experto-ciberseguridad-plexus-organizador-hacken\/","title":{"rendered":"David Padilla: Hack-\u00e9n une talento y empresas l\u00edderes en ciberseguridad"},"content":{"rendered":"<div class=\"fusion-fullwidth fullwidth-box fusion-builder-row-1 fusion-flex-container nonhundred-percent-fullwidth non-hundred-percent-height-scrolling\" style=\"background-color: rgba(255,255,255,0);background-position: center center;background-repeat: no-repeat;border-width: 0px 0px 0px 0px;border-color:#e8ebef;border-style:solid;\" ><div class=\"fusion-builder-row fusion-row fusion-flex-align-items-flex-start\" style=\"max-width:1310.4px;margin-left: calc(-4% \/ 2 );margin-right: calc(-4% \/ 2 );\"><div class=\"fusion-layout-column fusion_builder_column fusion-builder-column-0 fusion_builder_column_1_1 1_1 fusion-flex-column fusion-flex-align-self-center\"><div class=\"fusion-column-wrapper fusion-flex-justify-content-center fusion-content-layout-column\" style=\"background-position:left top;background-repeat:no-repeat;-webkit-background-size:cover;-moz-background-size:cover;-o-background-size:cover;background-size:cover;padding: 0px 0px 0px 0px;\"><div style=\"text-align:center;\"><span class=\" fusion-imageframe imageframe-none imageframe-1 hover-type-none\" style=\"border-radius:12px;\"><img width=\"300\" height=\"190\" alt=\"David Padilla, organizador del congreso Hack-\u00e9n sobre ciberseguridad de Ja\u00e9n.\" title=\"Entrevista a David Padilla\" src=\"https:\/\/www.plexus.es\/wp-content\/uploads\/2023\/05\/Entrevista-a-David-Padilla.png\" data-orig-src=\"https:\/\/www.plexus.es\/wp-content\/uploads\/2023\/05\/Entrevista-a-David-Padilla-300x190.png\" class=\"lazyload img-responsive wp-image-33672\" srcset=\"data:image\/svg+xml,%3Csvg%20xmlns%3D%27http%3A%2F%2Fwww.w3.org%2F2000%2Fsvg%27%20width%3D%27948%27%20height%3D%27600%27%20viewBox%3D%270%200%20948%20600%27%3E%3Crect%20width%3D%27948%27%20height%3D%27600%27%20fill-opacity%3D%220%22%2F%3E%3C%2Fsvg%3E\" data-srcset=\"https:\/\/www.plexus.es\/wp-content\/uploads\/2023\/05\/Entrevista-a-David-Padilla-200x127.png 200w, https:\/\/www.plexus.es\/wp-content\/uploads\/2023\/05\/Entrevista-a-David-Padilla-400x253.png 400w, https:\/\/www.plexus.es\/wp-content\/uploads\/2023\/05\/Entrevista-a-David-Padilla-600x380.png 600w, https:\/\/www.plexus.es\/wp-content\/uploads\/2023\/05\/Entrevista-a-David-Padilla-800x506.png 800w, https:\/\/www.plexus.es\/wp-content\/uploads\/2023\/05\/Entrevista-a-David-Padilla.png 948w\" data-sizes=\"auto\" data-orig-sizes=\"(max-width: 640px) 100vw, 300px\" \/><\/span><\/div><\/div><style type=\"text\/css\">.fusion-body .fusion-builder-column-0{width:100% !important;margin-top : 20px;margin-bottom : 20px;}.fusion-builder-column-0 > .fusion-column-wrapper {padding-top : 0px !important;padding-right : 0px !important;margin-right : 1.92%;padding-bottom : 0px !important;padding-left : 0px !important;margin-left : 1.92%;}@media only screen and (max-width:1200px) {.fusion-body .fusion-builder-column-0{width:100% !important;order : 0;}.fusion-builder-column-0 > .fusion-column-wrapper {margin-right : 1.92%;margin-left : 1.92%;}}@media only screen and (max-width:640px) {.fusion-body .fusion-builder-column-0{width:100% !important;order : 0;}.fusion-builder-column-0 > .fusion-column-wrapper {margin-right : 1.92%;margin-left : 1.92%;}}<\/style><\/div><div class=\"fusion-layout-column fusion_builder_column fusion-builder-column-1 fusion_builder_column_1_1 1_1 fusion-flex-column\"><div class=\"fusion-column-wrapper fusion-flex-justify-content-flex-start fusion-content-layout-column\" style=\"background-position:left top;background-repeat:no-repeat;-webkit-background-size:cover;-moz-background-size:cover;-o-background-size:cover;background-size:cover;padding: 0px 0px 0px 0px;\"><div class=\"fusion-text fusion-text-1\"><p>Este fin de semana, Plexus Tech estar\u00e1 presente en Ja\u00e9n para hablar de ciberseguridad en el <a href=\"https:\/\/hack-en.org\/\" target=\"_blank\" rel=\"noopener\"><strong><span style=\"color: #000080;\">Congreso Hack-\u00e9n<\/span><\/strong><\/a>, cita que patrocina. Del viernes 5 al domingo 7 de mayo, el Campus Cient\u00edfico &#8211; Tecnol\u00f3gico de Linares acoger\u00e1 un evento de primer nivel, que contar\u00e1 con expertos de reconocido prestigio en esta \u00e1rea tecnol\u00f3gica.<\/p>\n<p>Esta primera edici\u00f3n ha sido todo un \u00e9xito. En primer lugar, por el importante elenco de ponentes, entre los que se encuentra Omar Orta, director de ciberseguridad de Plexus Tech. Y, en segundo t\u00e9rmino, por el gran inter\u00e9s generado, logrando un lleno absoluto con un mes de antelaci\u00f3n.<\/p>\n<p>Detr\u00e1s de esos logros se encuentra David Padilla. El integrante del \u00e1rea de ciberseguridad de Plexus Tech es uno de los mentores de este gran congreso. Y como organizador, nos ha desvelado alguna de las sorpresas de esta edici\u00f3n.<\/p>\n<h2>Hack-\u00e9n, el evento de referencia en Espa\u00f1a.<\/h2>\n<p><strong>En primer lugar, \u00bfqu\u00e9 es Hack-\u00e9n?<\/strong><\/p>\n<p>Hack-\u00e9n es el evento l\u00edder en ciberseguridad de \u00e1mbito nacional desarrollado en Ja\u00e9n, donde <a href=\"https:\/\/hack-en.org\/calendario-hacken\/\" target=\"_blank\" rel=\"noopener\"><span style=\"color: #000080;\"><strong>se abordar\u00e1n las \u00faltimas tendencias y soluciones en tecnolog\u00eda de la informaci\u00f3n<\/strong><\/span><\/a>.<\/p>\n<p>Este congreso brinda un ambiente altamente profesional para ponentes y asistentes y ofrece la oportunidad \u00fanica de establecer relaciones valiosas con empresas patrocinadoras l\u00edderes en la industria.<\/p>\n<p><strong>\u00bfA qui\u00e9n est\u00e1 destinado?<\/strong><\/p>\n<p>El congreso est\u00e1 destinado tanto a profesionales del sector, as\u00ed como a estudiantes, empresas que tengan inter\u00e9s en implementar servicios de ciberseguridad y, en general, a cualquiera persona que tenga alg\u00fan tipo de inquietud con el mundo de la ciberseguridad.<\/p>\n<p><strong>\u00bfC\u00f3mo surge la idea de este evento?<\/strong><\/p>\n<p>La idea surge por una experiencia pasada. En mi caso, obtuve mi primer puesto de trabajo acudiendo a uno de estos congresos de ciberseguridad y se me ocurri\u00f3 la idea de brindar la misma oportunidad a los habitantes de mi provincia, sin tener que desplazarse para acudir a un congreso de ciberseguridad. Y qui\u00e9n sabe, incluso les puede permitir la obtenci\u00f3n de un primer puesto de trabajo.<\/p>\n<p><strong>\u00bfCu\u00e1l es el objetivo?<\/strong><\/p>\n<p>El objetivo es establecer una sinergia entre el tejido empresarial, a trav\u00e9s de los patrocinadores, y el p\u00fablico. Que ambos se nutran de esa captaci\u00f3n de talento joven, as\u00ed como que los asistentes tengan la oportunidad de conocer, de primera mano, a las empresas lideres en el sector.<\/p>\n<p><strong>\u00bfQu\u00e9 destacar\u00eda del elenco de ponentes del evento?<\/strong><\/p>\n<p>En este sentido, hemos tenido una gran suerte. Hemos llegado hasta el punto de que se han superado nuestras expectativas y eso nos ha obligado a buscar un recinto m\u00e1s grande. Vamos a contar con los m\u00e1ximos referentes de Espa\u00f1a en el \u00e1mbito de la ciberseguridad cubriendo todas las \u00e1reas: desde Red Team pasando por Blue Team, forense, compliance y cumplimiento normativo, y muchos m\u00e1s.<\/p>\n<p><strong>Tambi\u00e9n habr\u00e1 talleres con actividades. \u00bfQu\u00e9 se podr\u00e1 hacer en ellos?<\/strong><\/p>\n<p>Tendremos talleres con distintos niveles de dificultad. Habr\u00e1 desde talleres con un punto de vista inicial, para personas que quieran introducirse en este campo; pasando por otros liderados por fuerzas y cuerpos de seguridad del Estado, en los que se expondr\u00e1n casos reales relacionados con el ciberdelito; hasta talleres con un nivel m\u00e1s avanzado, enfocado en un nivel ofensivo.<\/p>\n<p>Pero no va a ser lo \u00fanico, ya que tambi\u00e9n tendremos un CTF, con un ranking con distintas pruebas multinivel. En funci\u00f3n de esa clasificaci\u00f3n habr\u00e1 premios, sorteos y muchas sorpresas m\u00e1s.<\/p>\n<p><strong>\u00bfC\u00f3mo se elaborar\u00e1 ese ranking? \u00bfQu\u00e9 son los Hack-\u00e9nCOINS?<\/strong><\/p>\n<p>El congreso de ciberseguridad Hack-\u00e9n trae una novedad emocionante para sus asistentes: la puntuaci\u00f3n virtual Hack-\u00e9nCOINS. Los usuarios acumular\u00e1n puntos durante el evento y podr\u00e1n canjearlos por recompensas exclusivas en la jornada de clausura.<\/p>\n<p>Hay varias formas de ganar Hack-\u00e9nCOINS, como asistir a ponencias y talleres, participar en competiciones de Capture the Flag (CTF) y obtener los primeros puestos. Adem\u00e1s, la asistencia a la jornada completa tambi\u00e9n se premiar\u00e1.<\/p>\n<p><strong>\u00bfQu\u00e9 se busca con esta novedad?<\/strong><\/p>\n<p>Esta puntuaci\u00f3n virtual no solo a\u00f1ade un elemento de diversi\u00f3n al congreso, sino que tambi\u00e9n fomenta la participaci\u00f3n y el compromiso de los asistentes. Adem\u00e1s, las recompensas disponibles, como blockerset, botellas, tazas y pegatinas, son un recordatorio tangible del evento y un incentivo adicional para acumular Hack-\u00e9nCOINS.<\/p>\n<p>En definitiva, es una forma emocionante de involucrar a los asistentes y les brinda la oportunidad de llevar recompensas \u00fanicas y memorables.<\/p>\n<h3>Ciberseguridad: \u00bfA qu\u00e9 problemas nos enfrentamos?<\/h3>\n<p><strong>En materia de ciberseguridad, \u00bfcu\u00e1les son los retos para este 2023?<\/strong><\/p>\n<p>Considero que el \u2018boom\u2019 de la inteligencia artificial y herramientas como ChatGPT est\u00e1n marcando una \u2018era\u2019 con respecto a la inform\u00e1tica y, por lo tanto, afecta de manera indirecta en el mundo de la ciberseguridad. Se ha comprobado que los ciberdelincuentes utilizan este tipo de herramientas a golpe de clic para generar scripts maliciosos, que puedan impactar de manera directa contra la organizaci\u00f3n. En consecuencia, esto puede generar una p\u00e9rdida potencial de activos en las empresas.<\/p>\n<p><strong>\u00bfA qu\u00e9 peligros se enfrentan los usuarios hoy en d\u00eda? \u00bfTenemos conocimientos suficientes para <a href=\"https:\/\/www.plexus.es\/consejos-para-evitar-ciberestafas-semana-santa\/\" target=\"_blank\" rel=\"noopener\"><span style=\"color: #000080;\">evitar las ciberestafas<\/span><\/a>?<\/strong><\/p>\n<p>Hoy en d\u00eda estamos viendo como los ataques de suplantaci\u00f3n de identidad est\u00e1n en un nivel superior. Hemos llegado al punto de poder enga\u00f1ar a la sociedad, por ejemplo, con los llamados ataques \u2018<em>DeppFake<\/em>\u2019. En ellos, por medio de la generaci\u00f3n de im\u00e1genes, un algoritmo puede reemplazar en un v\u00eddeo la imagen de una persona por otra. Por este motivo, el punto m\u00e1s fuerte que tiene una organizaci\u00f3n para protegerse contra este tipo de ataques es la concienciaci\u00f3n, ya que el humano es el eslab\u00f3n m\u00e1s d\u00e9bil de la seguridad.<\/p>\n<p>En este sentido, para las empresas, de nada vale una inversi\u00f3n enorme a nivel de infraestructura o herramientas para proteger sus activos, si luego un empleado tiene su contrase\u00f1a de administrador en un post-it pegado en el monitor.<\/p>\n<p><strong>Por \u00faltimo, \u00bfexiste alguna forma de parar o controlar los m\u00faltiples casos de <em>phishing<\/em>?<\/strong><\/p>\n<p>La seguridad al 100% no existe. Teniendo en cuenta esta premisa, sabemos que el principal vector de ataque que tienen los ciberdelincuentes para perpetrar sus acciones es por medio del <em>phishing<\/em>. Existen medidas t\u00e9cnicas que nos pueden alertar de que un correo electr\u00f3nico es <em>phishing<\/em> o no. Desde ver la direcci\u00f3n del remitente, el contenido del email, si tiene faltas ortogr\u00e1ficas o no, implementaci\u00f3n o no de SPF\u2026<\/p>\n<p>En todo caso, considero que la mejor forma de acotar el riesgo es que el empleado tenga este tipo de nociones b\u00e1sicas. Y, en caso de duda, que nunca se ingrese ning\u00fan tipo de credenciales ni se haga clic en el correo.<\/p>\n<\/div><\/div><style type=\"text\/css\">.fusion-body .fusion-builder-column-1{width:100% !important;margin-top : 20px;margin-bottom : 20px;}.fusion-builder-column-1 > .fusion-column-wrapper {padding-top : 0px !important;padding-right : 0px !important;margin-right : 1.92%;padding-bottom : 0px !important;padding-left : 0px !important;margin-left : 1.92%;}@media only screen and (max-width:1200px) {.fusion-body .fusion-builder-column-1{width:100% !important;order : 0;}.fusion-builder-column-1 > .fusion-column-wrapper {margin-right : 1.92%;margin-left : 1.92%;}}@media only screen and (max-width:640px) {.fusion-body .fusion-builder-column-1{width:100% !important;order : 0;}.fusion-builder-column-1 > .fusion-column-wrapper {margin-right : 1.92%;margin-left : 1.92%;}}<\/style><\/div><\/div><style type=\"text\/css\">.fusion-body .fusion-flex-container.fusion-builder-row-1{ padding-top : 0px;margin-top : 0px;padding-right : 0px;padding-bottom : 0px;margin-bottom : 0px;padding-left : 0px;}<\/style><\/div>\n","protected":false},"excerpt":{"rendered":"<p>David Padilla, del \u00e1rea de ciberseguridad de Plexus Tech y organizador de Hack-\u00e9n, pone en valor el \u00e9xito de la primera edici\u00f3n de este gran evento.<\/p>\n","protected":false},"author":1,"featured_media":33667,"comment_status":"open","ping_status":"open","sticky":false,"template":"","format":"standard","meta":[],"categories":[40,107],"tags":[],"yoast_head":"<!-- This site is optimized with the Yoast SEO plugin v17.4 - https:\/\/yoast.com\/wordpress\/plugins\/seo\/ -->\n<title>David Padilla: &quot;Hack-\u00e9n une talento y empresas l\u00edderes en ciberseguridad&quot;<\/title>\n<meta name=\"description\" content=\"Charlamos con David Padilla, del \u00e1rea de ciberseguridad de Plexus Tech y organizador del primer congreso Hack-\u00e9n,del 5 al 7 de mayo.\" \/>\n<meta name=\"robots\" content=\"index, follow, max-snippet:-1, max-image-preview:large, max-video-preview:-1\" \/>\n<link rel=\"canonical\" href=\"https:\/\/www.plexus.es\/david-padilla-experto-ciberseguridad-plexus-organizador-hacken\/\" \/>\n<meta property=\"og:locale\" content=\"pt_PT\" \/>\n<meta property=\"og:type\" content=\"article\" \/>\n<meta property=\"og:title\" content=\"David Padilla: &quot;Hack-\u00e9n une talento y empresas l\u00edderes en ciberseguridad&quot;\" \/>\n<meta property=\"og:description\" content=\"Charlamos con David Padilla, del \u00e1rea de ciberseguridad de Plexus Tech y organizador del primer congreso Hack-\u00e9n,del 5 al 7 de mayo.\" \/>\n<meta property=\"og:url\" content=\"https:\/\/www.plexus.es\/david-padilla-experto-ciberseguridad-plexus-organizador-hacken\/\" \/>\n<meta property=\"og:site_name\" content=\"Plexus Tech\" \/>\n<meta property=\"article:publisher\" content=\"https:\/\/www.facebook.com\/Plexus.Techno\" \/>\n<meta property=\"article:published_time\" content=\"2023-05-03T07:08:27+00:00\" \/>\n<meta property=\"article:modified_time\" content=\"2024-05-23T11:14:42+00:00\" \/>\n<meta property=\"og:image\" content=\"https:\/\/www.plexus.es\/wp-content\/uploads\/2023\/05\/Entrevista-a-David-Padilla.png\" \/>\n\t<meta property=\"og:image:width\" content=\"948\" \/>\n\t<meta property=\"og:image:height\" content=\"600\" \/>\n<meta name=\"twitter:card\" content=\"summary_large_image\" \/>\n<meta name=\"twitter:creator\" content=\"@plexustech_\" \/>\n<meta name=\"twitter:site\" content=\"@plexustech_\" \/>\n<meta name=\"twitter:label1\" content=\"Escrito por\" \/>\n\t<meta name=\"twitter:data1\" content=\"admin_plexus\" \/>\n\t<meta name=\"twitter:label2\" content=\"Tempo estimado de leitura\" \/>\n\t<meta name=\"twitter:data2\" content=\"4 minutos\" \/>\n<script type=\"application\/ld+json\" class=\"yoast-schema-graph\">{\"@context\":\"https:\/\/schema.org\",\"@graph\":[{\"@type\":\"Organization\",\"@id\":\"https:\/\/www.plexus.es\/#organization\",\"name\":\"Plexus Tech\",\"url\":\"https:\/\/www.plexus.es\/\",\"sameAs\":[\"https:\/\/www.facebook.com\/Plexus.Techno\",\"https:\/\/www.instagram.com\/plexus.tech\/\",\"https:\/\/www.linkedin.com\/company\/plexus-tech\/mycompany\/\",\"https:\/\/www.youtube.com\/user\/tecnologiasplexus\",\"https:\/\/twitter.com\/plexustech_\"],\"logo\":{\"@type\":\"ImageObject\",\"@id\":\"https:\/\/www.plexus.es\/#logo\",\"inLanguage\":\"pt-PT\",\"url\":\"https:\/\/www.plexus.es\/wp-content\/uploads\/2021\/11\/logo-plexus-2021.png\",\"contentUrl\":\"https:\/\/www.plexus.es\/wp-content\/uploads\/2021\/11\/logo-plexus-2021.png\",\"width\":600,\"height\":600,\"caption\":\"Plexus Tech\"},\"image\":{\"@id\":\"https:\/\/www.plexus.es\/#logo\"}},{\"@type\":\"WebSite\",\"@id\":\"https:\/\/www.plexus.es\/#website\",\"url\":\"https:\/\/www.plexus.es\/\",\"name\":\"Plexus Tech\",\"description\":\"Tecnolog\\u00eda con Alma\",\"publisher\":{\"@id\":\"https:\/\/www.plexus.es\/#organization\"},\"potentialAction\":[{\"@type\":\"SearchAction\",\"target\":{\"@type\":\"EntryPoint\",\"urlTemplate\":\"https:\/\/www.plexus.es\/?s={search_term_string}\"},\"query-input\":\"required name=search_term_string\"}],\"inLanguage\":\"pt-PT\"},{\"@type\":\"ImageObject\",\"@id\":\"https:\/\/www.plexus.es\/david-padilla-experto-ciberseguridad-plexus-organizador-hacken\/#primaryimage\",\"inLanguage\":\"pt-PT\",\"url\":\"https:\/\/www.plexus.es\/wp-content\/uploads\/2023\/05\/Entrevista-a-David-Padilla.png\",\"contentUrl\":\"https:\/\/www.plexus.es\/wp-content\/uploads\/2023\/05\/Entrevista-a-David-Padilla.png\",\"width\":948,\"height\":600,\"caption\":\"Charlamos con David Padilla, \\u00c1rea de Ciberseguridad de Plexus Tech. Organizador de Congreso Hack-\\u00e9n.\"},{\"@type\":\"WebPage\",\"@id\":\"https:\/\/www.plexus.es\/david-padilla-experto-ciberseguridad-plexus-organizador-hacken\/#webpage\",\"url\":\"https:\/\/www.plexus.es\/david-padilla-experto-ciberseguridad-plexus-organizador-hacken\/\",\"name\":\"David Padilla: \\\"Hack-\\u00e9n une talento y empresas l\\u00edderes en ciberseguridad\\\"\",\"isPartOf\":{\"@id\":\"https:\/\/www.plexus.es\/#website\"},\"primaryImageOfPage\":{\"@id\":\"https:\/\/www.plexus.es\/david-padilla-experto-ciberseguridad-plexus-organizador-hacken\/#primaryimage\"},\"datePublished\":\"2023-05-03T07:08:27+00:00\",\"dateModified\":\"2024-05-23T11:14:42+00:00\",\"description\":\"Charlamos con David Padilla, del \\u00e1rea de ciberseguridad de Plexus Tech y organizador del primer congreso Hack-\\u00e9n,del 5 al 7 de mayo.\",\"breadcrumb\":{\"@id\":\"https:\/\/www.plexus.es\/david-padilla-experto-ciberseguridad-plexus-organizador-hacken\/#breadcrumb\"},\"inLanguage\":\"pt-PT\",\"potentialAction\":[{\"@type\":\"ReadAction\",\"target\":[\"https:\/\/www.plexus.es\/david-padilla-experto-ciberseguridad-plexus-organizador-hacken\/\"]}]},{\"@type\":\"BreadcrumbList\",\"@id\":\"https:\/\/www.plexus.es\/david-padilla-experto-ciberseguridad-plexus-organizador-hacken\/#breadcrumb\",\"itemListElement\":[{\"@type\":\"ListItem\",\"position\":1,\"name\":\"Home\",\"item\":\"https:\/\/www.plexus.es\/\"},{\"@type\":\"ListItem\",\"position\":2,\"name\":\"David Padilla: Hack-\\u00e9n une talento y empresas l\\u00edderes en ciberseguridad\"}]},{\"@type\":\"Article\",\"@id\":\"https:\/\/www.plexus.es\/david-padilla-experto-ciberseguridad-plexus-organizador-hacken\/#article\",\"isPartOf\":{\"@id\":\"https:\/\/www.plexus.es\/david-padilla-experto-ciberseguridad-plexus-organizador-hacken\/#webpage\"},\"author\":{\"@id\":\"https:\/\/www.plexus.es\/#\/schema\/person\/8f02d5ce6d7b659fa68b0e90317c5171\"},\"headline\":\"David Padilla: Hack-\\u00e9n une talento y empresas l\\u00edderes en ciberseguridad\",\"datePublished\":\"2023-05-03T07:08:27+00:00\",\"dateModified\":\"2024-05-23T11:14:42+00:00\",\"mainEntityOfPage\":{\"@id\":\"https:\/\/www.plexus.es\/david-padilla-experto-ciberseguridad-plexus-organizador-hacken\/#webpage\"},\"wordCount\":2238,\"commentCount\":0,\"publisher\":{\"@id\":\"https:\/\/www.plexus.es\/#organization\"},\"image\":{\"@id\":\"https:\/\/www.plexus.es\/david-padilla-experto-ciberseguridad-plexus-organizador-hacken\/#primaryimage\"},\"thumbnailUrl\":\"https:\/\/www.plexus.es\/wp-content\/uploads\/2023\/05\/Entrevista-a-David-Padilla.png\",\"articleSection\":[\"Ciberseguridad\",\"Eventos\"],\"inLanguage\":\"pt-PT\",\"potentialAction\":[{\"@type\":\"CommentAction\",\"name\":\"Comment\",\"target\":[\"https:\/\/www.plexus.es\/david-padilla-experto-ciberseguridad-plexus-organizador-hacken\/#respond\"]}]},{\"@type\":\"Person\",\"@id\":\"https:\/\/www.plexus.es\/#\/schema\/person\/8f02d5ce6d7b659fa68b0e90317c5171\",\"name\":\"admin_plexus\",\"image\":{\"@type\":\"ImageObject\",\"@id\":\"https:\/\/www.plexus.es\/#personlogo\",\"inLanguage\":\"pt-PT\",\"url\":\"https:\/\/secure.gravatar.com\/avatar\/c1d7caf9a4063a74393abcf91991e9cd?s=96&d=mm&r=g\",\"contentUrl\":\"https:\/\/secure.gravatar.com\/avatar\/c1d7caf9a4063a74393abcf91991e9cd?s=96&d=mm&r=g\",\"caption\":\"admin_plexus\"},\"sameAs\":[\"https:\/\/www.plexus.es\"]}]}<\/script>\n<!-- \/ Yoast SEO plugin. -->","yoast_head_json":{"title":"David Padilla: \"Hack-\u00e9n une talento y empresas l\u00edderes en ciberseguridad\"","description":"Charlamos con David Padilla, del \u00e1rea de ciberseguridad de Plexus Tech y organizador del primer congreso Hack-\u00e9n,del 5 al 7 de mayo.","robots":{"index":"index","follow":"follow","max-snippet":"max-snippet:-1","max-image-preview":"max-image-preview:large","max-video-preview":"max-video-preview:-1"},"canonical":"https:\/\/www.plexus.es\/david-padilla-experto-ciberseguridad-plexus-organizador-hacken\/","og_locale":"pt_PT","og_type":"article","og_title":"David Padilla: \"Hack-\u00e9n une talento y empresas l\u00edderes en ciberseguridad\"","og_description":"Charlamos con David Padilla, del \u00e1rea de ciberseguridad de Plexus Tech y organizador del primer congreso Hack-\u00e9n,del 5 al 7 de mayo.","og_url":"https:\/\/www.plexus.es\/david-padilla-experto-ciberseguridad-plexus-organizador-hacken\/","og_site_name":"Plexus Tech","article_publisher":"https:\/\/www.facebook.com\/Plexus.Techno","article_published_time":"2023-05-03T07:08:27+00:00","article_modified_time":"2024-05-23T11:14:42+00:00","og_image":[{"width":948,"height":600,"url":"https:\/\/www.plexus.es\/wp-content\/uploads\/2023\/05\/Entrevista-a-David-Padilla.png","type":"image\/png"}],"twitter_card":"summary_large_image","twitter_creator":"@plexustech_","twitter_site":"@plexustech_","twitter_misc":{"Escrito por":"admin_plexus","Tempo estimado de leitura":"4 minutos"},"schema":{"@context":"https:\/\/schema.org","@graph":[{"@type":"Organization","@id":"https:\/\/www.plexus.es\/#organization","name":"Plexus Tech","url":"https:\/\/www.plexus.es\/","sameAs":["https:\/\/www.facebook.com\/Plexus.Techno","https:\/\/www.instagram.com\/plexus.tech\/","https:\/\/www.linkedin.com\/company\/plexus-tech\/mycompany\/","https:\/\/www.youtube.com\/user\/tecnologiasplexus","https:\/\/twitter.com\/plexustech_"],"logo":{"@type":"ImageObject","@id":"https:\/\/www.plexus.es\/#logo","inLanguage":"pt-PT","url":"https:\/\/www.plexus.es\/wp-content\/uploads\/2021\/11\/logo-plexus-2021.png","contentUrl":"https:\/\/www.plexus.es\/wp-content\/uploads\/2021\/11\/logo-plexus-2021.png","width":600,"height":600,"caption":"Plexus Tech"},"image":{"@id":"https:\/\/www.plexus.es\/#logo"}},{"@type":"WebSite","@id":"https:\/\/www.plexus.es\/#website","url":"https:\/\/www.plexus.es\/","name":"Plexus Tech","description":"Tecnolog\u00eda con Alma","publisher":{"@id":"https:\/\/www.plexus.es\/#organization"},"potentialAction":[{"@type":"SearchAction","target":{"@type":"EntryPoint","urlTemplate":"https:\/\/www.plexus.es\/?s={search_term_string}"},"query-input":"required name=search_term_string"}],"inLanguage":"pt-PT"},{"@type":"ImageObject","@id":"https:\/\/www.plexus.es\/david-padilla-experto-ciberseguridad-plexus-organizador-hacken\/#primaryimage","inLanguage":"pt-PT","url":"https:\/\/www.plexus.es\/wp-content\/uploads\/2023\/05\/Entrevista-a-David-Padilla.png","contentUrl":"https:\/\/www.plexus.es\/wp-content\/uploads\/2023\/05\/Entrevista-a-David-Padilla.png","width":948,"height":600,"caption":"Charlamos con David Padilla, \u00c1rea de Ciberseguridad de Plexus Tech. Organizador de Congreso Hack-\u00e9n."},{"@type":"WebPage","@id":"https:\/\/www.plexus.es\/david-padilla-experto-ciberseguridad-plexus-organizador-hacken\/#webpage","url":"https:\/\/www.plexus.es\/david-padilla-experto-ciberseguridad-plexus-organizador-hacken\/","name":"David Padilla: \"Hack-\u00e9n une talento y empresas l\u00edderes en ciberseguridad\"","isPartOf":{"@id":"https:\/\/www.plexus.es\/#website"},"primaryImageOfPage":{"@id":"https:\/\/www.plexus.es\/david-padilla-experto-ciberseguridad-plexus-organizador-hacken\/#primaryimage"},"datePublished":"2023-05-03T07:08:27+00:00","dateModified":"2024-05-23T11:14:42+00:00","description":"Charlamos con David Padilla, del \u00e1rea de ciberseguridad de Plexus Tech y organizador del primer congreso Hack-\u00e9n,del 5 al 7 de mayo.","breadcrumb":{"@id":"https:\/\/www.plexus.es\/david-padilla-experto-ciberseguridad-plexus-organizador-hacken\/#breadcrumb"},"inLanguage":"pt-PT","potentialAction":[{"@type":"ReadAction","target":["https:\/\/www.plexus.es\/david-padilla-experto-ciberseguridad-plexus-organizador-hacken\/"]}]},{"@type":"BreadcrumbList","@id":"https:\/\/www.plexus.es\/david-padilla-experto-ciberseguridad-plexus-organizador-hacken\/#breadcrumb","itemListElement":[{"@type":"ListItem","position":1,"name":"Home","item":"https:\/\/www.plexus.es\/"},{"@type":"ListItem","position":2,"name":"David Padilla: Hack-\u00e9n une talento y empresas l\u00edderes en ciberseguridad"}]},{"@type":"Article","@id":"https:\/\/www.plexus.es\/david-padilla-experto-ciberseguridad-plexus-organizador-hacken\/#article","isPartOf":{"@id":"https:\/\/www.plexus.es\/david-padilla-experto-ciberseguridad-plexus-organizador-hacken\/#webpage"},"author":{"@id":"https:\/\/www.plexus.es\/#\/schema\/person\/8f02d5ce6d7b659fa68b0e90317c5171"},"headline":"David Padilla: Hack-\u00e9n une talento y empresas l\u00edderes en ciberseguridad","datePublished":"2023-05-03T07:08:27+00:00","dateModified":"2024-05-23T11:14:42+00:00","mainEntityOfPage":{"@id":"https:\/\/www.plexus.es\/david-padilla-experto-ciberseguridad-plexus-organizador-hacken\/#webpage"},"wordCount":2238,"commentCount":0,"publisher":{"@id":"https:\/\/www.plexus.es\/#organization"},"image":{"@id":"https:\/\/www.plexus.es\/david-padilla-experto-ciberseguridad-plexus-organizador-hacken\/#primaryimage"},"thumbnailUrl":"https:\/\/www.plexus.es\/wp-content\/uploads\/2023\/05\/Entrevista-a-David-Padilla.png","articleSection":["Ciberseguridad","Eventos"],"inLanguage":"pt-PT","potentialAction":[{"@type":"CommentAction","name":"Comment","target":["https:\/\/www.plexus.es\/david-padilla-experto-ciberseguridad-plexus-organizador-hacken\/#respond"]}]},{"@type":"Person","@id":"https:\/\/www.plexus.es\/#\/schema\/person\/8f02d5ce6d7b659fa68b0e90317c5171","name":"admin_plexus","image":{"@type":"ImageObject","@id":"https:\/\/www.plexus.es\/#personlogo","inLanguage":"pt-PT","url":"https:\/\/secure.gravatar.com\/avatar\/c1d7caf9a4063a74393abcf91991e9cd?s=96&d=mm&r=g","contentUrl":"https:\/\/secure.gravatar.com\/avatar\/c1d7caf9a4063a74393abcf91991e9cd?s=96&d=mm&r=g","caption":"admin_plexus"},"sameAs":["https:\/\/www.plexus.es"]}]}},"_links":{"self":[{"href":"https:\/\/www.plexus.es\/pt-pt\/wp-json\/wp\/v2\/posts\/33575"}],"collection":[{"href":"https:\/\/www.plexus.es\/pt-pt\/wp-json\/wp\/v2\/posts"}],"about":[{"href":"https:\/\/www.plexus.es\/pt-pt\/wp-json\/wp\/v2\/types\/post"}],"author":[{"embeddable":true,"href":"https:\/\/www.plexus.es\/pt-pt\/wp-json\/wp\/v2\/users\/1"}],"replies":[{"embeddable":true,"href":"https:\/\/www.plexus.es\/pt-pt\/wp-json\/wp\/v2\/comments?post=33575"}],"version-history":[{"count":28,"href":"https:\/\/www.plexus.es\/pt-pt\/wp-json\/wp\/v2\/posts\/33575\/revisions"}],"predecessor-version":[{"id":42504,"href":"https:\/\/www.plexus.es\/pt-pt\/wp-json\/wp\/v2\/posts\/33575\/revisions\/42504"}],"wp:featuredmedia":[{"embeddable":true,"href":"https:\/\/www.plexus.es\/pt-pt\/wp-json\/wp\/v2\/media\/33667"}],"wp:attachment":[{"href":"https:\/\/www.plexus.es\/pt-pt\/wp-json\/wp\/v2\/media?parent=33575"}],"wp:term":[{"taxonomy":"category","embeddable":true,"href":"https:\/\/www.plexus.es\/pt-pt\/wp-json\/wp\/v2\/categories?post=33575"},{"taxonomy":"post_tag","embeddable":true,"href":"https:\/\/www.plexus.es\/pt-pt\/wp-json\/wp\/v2\/tags?post=33575"}],"curies":[{"name":"wp","href":"https:\/\/api.w.org\/{rel}","templated":true}]}}