{"id":34284,"date":"2023-07-10T11:04:37","date_gmt":"2023-07-10T09:04:37","guid":{"rendered":"https:\/\/www.plexus.es\/?p=34284"},"modified":"2023-07-17T14:46:24","modified_gmt":"2023-07-17T12:46:24","slug":"plexus-tech-preparado-para-el-gran-reto-de-la-accesibilidad-digital","status":"publish","type":"post","link":"https:\/\/www.plexus.es\/pt-pt\/plexus-tech-preparado-para-el-gran-reto-de-la-accesibilidad-digital\/","title":{"rendered":"Plexus Tech, preparado para el gran reto de la accesibilidad digital"},"content":{"rendered":"<div class=\"fusion-fullwidth fullwidth-box fusion-builder-row-1 fusion-flex-container nonhundred-percent-fullwidth non-hundred-percent-height-scrolling\" style=\"background-color: rgba(255,255,255,0);background-position: center center;background-repeat: no-repeat;border-width: 0px 0px 0px 0px;border-color:#e8ebef;border-style:solid;\" ><div class=\"fusion-builder-row fusion-row fusion-flex-align-items-flex-start\" style=\"max-width:1310.4px;margin-left: calc(-4% \/ 2 );margin-right: calc(-4% \/ 2 );\"><div class=\"fusion-layout-column fusion_builder_column fusion-builder-column-0 fusion_builder_column_1_1 1_1 fusion-flex-column fusion-flex-align-self-center\"><div class=\"fusion-column-wrapper fusion-flex-justify-content-center fusion-content-layout-column\" style=\"background-position:left top;background-repeat:no-repeat;-webkit-background-size:cover;-moz-background-size:cover;-o-background-size:cover;background-size:cover;padding: 0px 0px 0px 0px;\"><div style=\"text-align:center;\"><span class=\" fusion-imageframe imageframe-none imageframe-1 hover-type-none\" style=\"border-radius:12px;\"><img width=\"2082\" height=\"1562\" alt=\"Virginia Sorlino y Gloria Romero, en la presentaci\u00f3n del Centro Europeo de Accesibilidad\" title=\"1 &#8211; Gloria y Virginia\" src=\"https:\/\/www.plexus.es\/wp-content\/uploads\/2023\/07\/1-Gloria-y-Virginia.png\" data-orig-src=\"https:\/\/www.plexus.es\/wp-content\/uploads\/2023\/07\/1-Gloria-y-Virginia.png\" class=\"lazyload img-responsive wp-image-34303\" srcset=\"data:image\/svg+xml,%3Csvg%20xmlns%3D%27http%3A%2F%2Fwww.w3.org%2F2000%2Fsvg%27%20width%3D%272082%27%20height%3D%271562%27%20viewBox%3D%270%200%202082%201562%27%3E%3Crect%20width%3D%272082%27%20height%3D%271562%27%20fill-opacity%3D%220%22%2F%3E%3C%2Fsvg%3E\" data-srcset=\"https:\/\/www.plexus.es\/wp-content\/uploads\/2023\/07\/1-Gloria-y-Virginia-200x150.png 200w, https:\/\/www.plexus.es\/wp-content\/uploads\/2023\/07\/1-Gloria-y-Virginia-400x300.png 400w, https:\/\/www.plexus.es\/wp-content\/uploads\/2023\/07\/1-Gloria-y-Virginia-600x450.png 600w, https:\/\/www.plexus.es\/wp-content\/uploads\/2023\/07\/1-Gloria-y-Virginia-800x600.png 800w, https:\/\/www.plexus.es\/wp-content\/uploads\/2023\/07\/1-Gloria-y-Virginia-1200x900.png 1200w, https:\/\/www.plexus.es\/wp-content\/uploads\/2023\/07\/1-Gloria-y-Virginia.png 2082w\" data-sizes=\"auto\" data-orig-sizes=\"(max-width: 640px) 100vw, 2082px\" \/><\/span><\/div><\/div><style type=\"text\/css\">.fusion-body .fusion-builder-column-0{width:100% !important;margin-top : 20px;margin-bottom : 20px;}.fusion-builder-column-0 > .fusion-column-wrapper {padding-top : 0px !important;padding-right : 0px !important;margin-right : 1.92%;padding-bottom : 0px !important;padding-left : 0px !important;margin-left : 1.92%;}@media only screen and (max-width:1200px) {.fusion-body .fusion-builder-column-0{width:100% !important;order : 0;}.fusion-builder-column-0 > .fusion-column-wrapper {margin-right : 1.92%;margin-left : 1.92%;}}@media only screen and (max-width:640px) {.fusion-body .fusion-builder-column-0{width:100% !important;order : 0;}.fusion-builder-column-0 > .fusion-column-wrapper {margin-right : 1.92%;margin-left : 1.92%;}}<\/style><\/div><div class=\"fusion-layout-column fusion_builder_column fusion-builder-column-1 fusion_builder_column_1_1 1_1 fusion-flex-column\"><div class=\"fusion-column-wrapper fusion-flex-justify-content-flex-start fusion-content-layout-column\" style=\"background-position:left top;background-repeat:no-repeat;-webkit-background-size:cover;-moz-background-size:cover;-o-background-size:cover;background-size:cover;padding: 0px 0px 0px 0px;\"><div class=\"fusion-text fusion-text-1\"><h2>Plexus Tech desarrolla proyectos para empresas y organizaciones con criterios de accesibilidad<\/h2>\n<p><strong>El nuevo paradigma digital europeo estar\u00e1 marcado por la Accesibilidad.<\/strong> Las autoridades comunitarias han dado un paso adelante en su compromiso de crear una red para tod@s y Plexus Tech est\u00e1 preparado. <strong>Nuestra compa\u00f1\u00eda est\u00e1 especializada en la creaci\u00f3n y adaptaci\u00f3n de <a href=\"https:\/\/www.plexus.es\/digital\/\" target=\"_blank\" rel=\"noopener\"><span style=\"color: #000080;\">proyectos digitales accesibles<\/span><\/a>.<\/strong> Con un equipo especializado, llevamos a\u00f1os desarrollando proyectos en esta \u00e1rea para empresas y organizaciones.<\/p>\n<p>En este sentido, el <strong>Parlamento Europeo<\/strong> aboga por la <strong>accesibilidad en las herramientas y aplicaciones digitales <\/strong>como un <strong>requisito obligatorio<\/strong>. Para ello, ha lanzado el <strong><span style=\"color: #333333;\">Centro Europeo <em>AccesibleEU<\/em><\/span><\/strong>, un ente, con el que colaboramos, que pretende establecer un marco com\u00fan para todos los estados miembros.<\/p>\n<p>Esta noticia, muy esperada por tod@s, viene a reforzar la labor que realizamos desde Plexus Tech. As\u00ed, dentro de nuestra amplia gama de servicios tecnol\u00f3gicos, <strong>estamos especializados en garantizar la accesibilidad en todas las etapas del proceso digital<\/strong>, con:<\/p>\n<ul>\n<li>Auditor\u00edas<\/li>\n<li>Consultor\u00eda para el desarrollo<\/li>\n<li>Optimizaci\u00f3n<\/li>\n<li>Creaci\u00f3n o mejora de soluciones accesibles<\/li>\n<\/ul>\n<p>Por un lado, desarrollamos <strong>estrategias efectivas<\/strong>, adaptadas a las necesidades y objetivos de nuestros clientes. Y, por el otro, <strong>cumplimos con todos los est\u00e1ndares y requerimientos de la normativa europea<\/strong> en materia de accesibilidad.<\/p>\n<p>Estos se refuerzan adem\u00e1s con el apoyo del \u00e1rea de M\u00e1rketing Digital, integr\u00e1ndose en nuestros servicios digitales transversales. As\u00ed, desarrollamos una estrategia online completa, innovadora y ajustada a cada negocio. Esta va desde el an\u00e1lisis de tendencias hasta el an\u00e1lisis de resultados.<\/p>\n<h3>Plexus Tech participa en la presentaci\u00f3n del Centro Europeo &#8216;AccesibleEU&#8217;.<\/h3>\n<p>En base a ese compromiso por la accesibilidad, <strong>Plexus Tech ha tenido el honor de participar y estar presente esta semana en Bruselas en la presentaci\u00f3n del nuevo Centro Europeo de Accesibilidad<\/strong> <em>AccesibleEU<\/em>. La comunidad europea apoya la inclusi\u00f3n de todas las personas y lo hace con un nuevo ente. Este busca ser un nexo de uni\u00f3n para la aplicaci\u00f3n pr\u00e1ctica de las pol\u00edticas comunitarias en esta materia.<\/p>\n<p>A nivel digital, la accesibilidad marcar\u00e1 el futuro de las webs de organizaciones y empresas, por lo que este era un paso muy importante. En este camino, <strong>en Plexus Tech participaremos en la nueva plataforma<\/strong>. Con ella nos pondremos en contacto con las autoridades europeas, aportando valor a nuestros proyectos.<\/p>\n<p>Por ello, representando a la compa\u00f1\u00eda, Gloria Romero, del \u00e1rea de Accesibilidad, y Virginia Sorlino, del \u00e1rea de UX UI, asistieron a la puesta de largo de <em>AccesibleEU<\/em>. Nuestras compa\u00f1eras no quisieron perderse el evento del a\u00f1o y acompa\u00f1aron a los responsables de la plataforma en su presentaci\u00f3n p\u00fablica.<\/p>\n<p>En este sentido, <strong>el Centro promover\u00e1 la implementaci\u00f3n de pol\u00edticas sobre accesibilidad en todos los estados miembros de la Uni\u00f3n Europea<\/strong>. Esto era muy necesario no s\u00f3lo para las personas con discapacidad, sino tambi\u00e9n para los profesionales que trabajan en este mundo desde hace unos a\u00f1os. Expertos como los que conforman los equipos de Plexus Tech.<\/p>\n<h3>Por una Europa m\u00e1s inclusiva<\/h3>\n<p>El esperado lanzamiento del Centro Europeo de Accesibilidad tuvo lugar en la sede del Comit\u00e9 Econ\u00f3mico y Social Europeo. El acto estuvo presidido por la comisaria europea de Igualdad, Helena Dalli. La mandataria destac\u00f3 la <strong>funci\u00f3n de la plataforma para mejorar la calidad de vida de 87 millones de ciudadanos europeos con discapacidad.<\/strong><\/p>\n<p>Asimismo, su impulso responde a uno de los objetivos principales de la <strong><a href=\"https:\/\/ec.europa.eu\/social\/main.jsp?catId=738&amp;langId=en&amp;pubId=8376&amp;furtherPubs=yes\" target=\"_blank\" rel=\"noopener\"><span style=\"color: #000080;\">Estrategia para los Derechos de las Personas con Discapacidad 2021-2030<\/span><\/a>.<\/strong> Esta iniciativa de la Comisi\u00f3n Europea servir\u00e1 para aumentar la coherencia de las pol\u00edticas comunitarias y facilitar el acceso a los conocimientos pertinentes.<\/p>\n<p>En esta l\u00ednea, se ven\u00eda percibiendo la necesidad de un marco europeo com\u00fan en este sector. Y es que cabe destacar que la accesibilidad digital ser\u00e1 un requisito obligatorio para todas las empresas y organizaciones p\u00fablicas en unos a\u00f1os.<\/p>\n<p>Dentro de este nuevo ente <strong>se reunir\u00e1n a las autoridades nacionales responsables de implementar y garantizar el cumplimiento de las normas con los expertos y profesionales de todos los \u00e1mbitos de la accesibilidad.<\/strong> Juntos tenemos la misi\u00f3n de compartir buenas pr\u00e1cticas, inspirar el desarrollo de pol\u00edticas, a todos los niveles, e impulsar herramientas y normativas orientadas a facilitar la implementaci\u00f3n del Derecho de la Uni\u00f3n Europea.<\/p>\n<h4>Rompiendo barreras en Internet<\/h4>\n<p>El nuevo centro tiene un objetivo muy importante para el futuro digital: <strong>romper las barreras que se encuentran las personas con discapacidad en Internet<\/strong>. Este es un reto al que tambi\u00e9n se enfrentan las empresas. As\u00ed, deben garantizar que las p\u00e1ginas web, aplicaciones m\u00f3viles, software y hardware sean accesibles.<\/p>\n<p>Por ello, para dotar de recursos claros a las firmas especializadas en la implantaci\u00f3n de proyectos de accesibilidad, como Plexus Tech, surge <em>AccesibleEU<\/em>. Con \u00e9l <strong>se pretende mejorar la disponibilidad de productos, servicios e infraestructuras para tod@s en la UE<\/strong>.<\/p>\n<p>Con esta misi\u00f3n, se pondr\u00e1 en marcha una biblioteca online sobre accesibilidad. Esta incluir\u00e1 acceso directo a las bases de datos m\u00e1s importantes. Entre otros temas incluir\u00e1n informaci\u00f3n sobre:<\/p>\n<ul>\n<li>Legislaci\u00f3n<\/li>\n<li>Est\u00e1ndares<\/li>\n<li>Documentaci\u00f3n<\/li>\n<li>Productos<\/li>\n<li>Tecnolog\u00edas de asistencia<\/li>\n<\/ul>\n<p>Adem\u00e1s, se propone la creaci\u00f3n de una comunidad de expertos y conectar a todas las partes interesadas en esta materia. Se pretende, por tanto, una <strong>ventanilla \u00fanica de conocimiento, desarrollar un programa de formaci\u00f3n de profesionales y fomentar la estandarizaci\u00f3n t\u00e9cnica y la participaci\u00f3n de las personas con discapacidad<\/strong> en sus mecanismos.<\/p>\n<p>Por \u00faltimo, ofrecer\u00e1 directrices sobre c\u00f3mo implementar pol\u00edticas de discapacidad en los distintos sectores. Asimismo, velar\u00e1 por el cumplimiento de los diferentes est\u00e1ndares. Para ello, se dise\u00f1ar\u00e1 una metodolog\u00eda innovadora que permita a las organizaciones autoevaluarse.<\/p>\n<\/div><\/div><style type=\"text\/css\">.fusion-body .fusion-builder-column-1{width:100% !important;margin-top : 20px;margin-bottom : 20px;}.fusion-builder-column-1 > .fusion-column-wrapper {padding-top : 0px !important;padding-right : 0px !important;margin-right : 1.92%;padding-bottom : 0px !important;padding-left : 0px !important;margin-left : 1.92%;}@media only screen and (max-width:1200px) {.fusion-body .fusion-builder-column-1{width:100% !important;order : 0;}.fusion-builder-column-1 > .fusion-column-wrapper {margin-right : 1.92%;margin-left : 1.92%;}}@media only screen and (max-width:640px) {.fusion-body .fusion-builder-column-1{width:100% !important;order : 0;}.fusion-builder-column-1 > .fusion-column-wrapper {margin-right : 1.92%;margin-left : 1.92%;}}<\/style><\/div><div class=\"fusion-layout-column fusion_builder_column fusion-builder-column-2 fusion_builder_column_1_2 1_2 fusion-flex-column fusion-flex-align-self-center\"><div class=\"fusion-column-wrapper fusion-flex-justify-content-center fusion-content-layout-column\" style=\"background-position:left top;background-repeat:no-repeat;-webkit-background-size:cover;-moz-background-size:cover;-o-background-size:cover;background-size:cover;padding: 0px 0px 0px 0px;\"><div style=\"text-align:center;\"><span class=\" fusion-imageframe imageframe-none imageframe-2 hover-type-none\" style=\"border-radius:12px;\"><img width=\"1655\" height=\"1241\" alt=\"Plexus Tech lleva a\u00f1os realizando proyectos de implantaci\u00f3n de accesibilidad\" title=\"2 &#8211; Gloria en el evento\" src=\"https:\/\/www.plexus.es\/wp-content\/uploads\/2023\/07\/2-Gloria-en-el-evento.png\" data-orig-src=\"https:\/\/www.plexus.es\/wp-content\/uploads\/2023\/07\/2-Gloria-en-el-evento.png\" class=\"lazyload img-responsive wp-image-34297\" srcset=\"data:image\/svg+xml,%3Csvg%20xmlns%3D%27http%3A%2F%2Fwww.w3.org%2F2000%2Fsvg%27%20width%3D%271655%27%20height%3D%271241%27%20viewBox%3D%270%200%201655%201241%27%3E%3Crect%20width%3D%271655%27%20height%3D%271241%27%20fill-opacity%3D%220%22%2F%3E%3C%2Fsvg%3E\" data-srcset=\"https:\/\/www.plexus.es\/wp-content\/uploads\/2023\/07\/2-Gloria-en-el-evento-200x150.png 200w, https:\/\/www.plexus.es\/wp-content\/uploads\/2023\/07\/2-Gloria-en-el-evento-400x300.png 400w, https:\/\/www.plexus.es\/wp-content\/uploads\/2023\/07\/2-Gloria-en-el-evento-600x450.png 600w, https:\/\/www.plexus.es\/wp-content\/uploads\/2023\/07\/2-Gloria-en-el-evento-800x600.png 800w, https:\/\/www.plexus.es\/wp-content\/uploads\/2023\/07\/2-Gloria-en-el-evento-1200x900.png 1200w, https:\/\/www.plexus.es\/wp-content\/uploads\/2023\/07\/2-Gloria-en-el-evento.png 1655w\" data-sizes=\"auto\" data-orig-sizes=\"(max-width: 640px) 100vw, 600px\" \/><\/span><\/div><\/div><style type=\"text\/css\">.fusion-body .fusion-builder-column-2{width:50% !important;margin-top : 20px;margin-bottom : 20px;}.fusion-builder-column-2 > .fusion-column-wrapper {padding-top : 0px !important;padding-right : 0px !important;margin-right : 3.84%;padding-bottom : 0px !important;padding-left : 0px !important;margin-left : 3.84%;}@media only screen and (max-width:1200px) {.fusion-body .fusion-builder-column-2{width:50% !important;order : 0;}.fusion-builder-column-2 > .fusion-column-wrapper {margin-right : 3.84%;margin-left : 3.84%;}}@media only screen and (max-width:640px) {.fusion-body .fusion-builder-column-2{width:100% !important;order : 0;}.fusion-builder-column-2 > .fusion-column-wrapper {margin-right : 1.92%;margin-left : 1.92%;}}<\/style><\/div><div class=\"fusion-layout-column fusion_builder_column fusion-builder-column-3 fusion_builder_column_1_2 1_2 fusion-flex-column fusion-flex-align-self-center\"><div class=\"fusion-column-wrapper fusion-flex-justify-content-center fusion-content-layout-column\" style=\"background-position:left top;background-repeat:no-repeat;-webkit-background-size:cover;-moz-background-size:cover;-o-background-size:cover;background-size:cover;padding: 0px 0px 0px 0px;\"><div style=\"text-align:center;\"><span class=\" fusion-imageframe imageframe-none imageframe-3 hover-type-none\" style=\"border-radius:12px;\"><img width=\"1600\" height=\"1200\" alt=\"Gloria Romero, del \u00c1rea de Accesibilidad de Plexus Tech\" title=\"3 &#8211; Gloria\" src=\"https:\/\/www.plexus.es\/wp-content\/uploads\/2023\/07\/3-Gloria.jpg\" data-orig-src=\"https:\/\/www.plexus.es\/wp-content\/uploads\/2023\/07\/3-Gloria.jpg\" class=\"lazyload img-responsive wp-image-34309\" srcset=\"data:image\/svg+xml,%3Csvg%20xmlns%3D%27http%3A%2F%2Fwww.w3.org%2F2000%2Fsvg%27%20width%3D%271600%27%20height%3D%271200%27%20viewBox%3D%270%200%201600%201200%27%3E%3Crect%20width%3D%271600%27%20height%3D%271200%27%20fill-opacity%3D%220%22%2F%3E%3C%2Fsvg%3E\" data-srcset=\"https:\/\/www.plexus.es\/wp-content\/uploads\/2023\/07\/3-Gloria-200x150.jpg 200w, https:\/\/www.plexus.es\/wp-content\/uploads\/2023\/07\/3-Gloria-400x300.jpg 400w, https:\/\/www.plexus.es\/wp-content\/uploads\/2023\/07\/3-Gloria-600x450.jpg 600w, https:\/\/www.plexus.es\/wp-content\/uploads\/2023\/07\/3-Gloria-800x600.jpg 800w, https:\/\/www.plexus.es\/wp-content\/uploads\/2023\/07\/3-Gloria-1200x900.jpg 1200w, https:\/\/www.plexus.es\/wp-content\/uploads\/2023\/07\/3-Gloria.jpg 1600w\" data-sizes=\"auto\" data-orig-sizes=\"(max-width: 640px) 100vw, 600px\" \/><\/span><\/div><\/div><style type=\"text\/css\">.fusion-body .fusion-builder-column-3{width:50% !important;margin-top : 20px;margin-bottom : 20px;}.fusion-builder-column-3 > .fusion-column-wrapper {padding-top : 0px !important;padding-right : 0px !important;margin-right : 3.84%;padding-bottom : 0px !important;padding-left : 0px !important;margin-left : 3.84%;}@media only screen and (max-width:1200px) {.fusion-body .fusion-builder-column-3{width:50% !important;order : 0;}.fusion-builder-column-3 > .fusion-column-wrapper {margin-right : 3.84%;margin-left : 3.84%;}}@media only screen and (max-width:640px) {.fusion-body .fusion-builder-column-3{width:100% !important;order : 0;}.fusion-builder-column-3 > .fusion-column-wrapper {margin-right : 1.92%;margin-left : 1.92%;}}<\/style><\/div><\/div><style type=\"text\/css\">.fusion-body .fusion-flex-container.fusion-builder-row-1{ padding-top : 0px;margin-top : 0px;padding-right : 0px;padding-bottom : 0px;margin-bottom : 0px;padding-left : 0px;}<\/style><\/div>\n","protected":false},"excerpt":{"rendered":"<p>Plexus Tech desarrolla proyectos de accesibilidad para empresas y organizaciones, creando y adaptando webs a los criterios que exige Europa<\/p>\n","protected":false},"author":1,"featured_media":34375,"comment_status":"open","ping_status":"open","sticky":false,"template":"","format":"standard","meta":[],"categories":[109,107],"tags":[],"yoast_head":"<!-- This site is optimized with the Yoast SEO plugin v17.4 - https:\/\/yoast.com\/wordpress\/plugins\/seo\/ -->\n<title>Plexus Tech, preparado para el gran reto de la accesibilidad digital<\/title>\n<meta name=\"description\" content=\"Plexus Tech desarrolla proyectos de accesibilidad para empresas y organizaciones, creando y adaptando webs a los criterios que exige Europa\" \/>\n<meta name=\"robots\" content=\"index, follow, max-snippet:-1, max-image-preview:large, max-video-preview:-1\" \/>\n<link rel=\"canonical\" href=\"https:\/\/www.plexus.es\/plexus-tech-preparado-para-el-gran-reto-de-la-accesibilidad-digital\/\" \/>\n<meta property=\"og:locale\" content=\"pt_PT\" \/>\n<meta property=\"og:type\" content=\"article\" \/>\n<meta property=\"og:title\" content=\"Plexus Tech, preparado para el gran reto de la accesibilidad digital\" \/>\n<meta property=\"og:description\" content=\"Plexus Tech desarrolla proyectos de accesibilidad para empresas y organizaciones, creando y adaptando webs a los criterios que exige Europa\" \/>\n<meta property=\"og:url\" content=\"https:\/\/www.plexus.es\/plexus-tech-preparado-para-el-gran-reto-de-la-accesibilidad-digital\/\" \/>\n<meta property=\"og:site_name\" content=\"Plexus Tech\" \/>\n<meta property=\"article:publisher\" content=\"https:\/\/www.facebook.com\/Plexus.Techno\" \/>\n<meta property=\"article:published_time\" content=\"2023-07-10T09:04:37+00:00\" \/>\n<meta property=\"article:modified_time\" content=\"2023-07-17T12:46:24+00:00\" \/>\n<meta property=\"og:image\" content=\"https:\/\/www.plexus.es\/wp-content\/uploads\/2023\/06\/Accesibilidad.png\" \/>\n\t<meta property=\"og:image:width\" content=\"948\" \/>\n\t<meta property=\"og:image:height\" content=\"600\" \/>\n<meta name=\"twitter:card\" content=\"summary_large_image\" \/>\n<meta name=\"twitter:creator\" content=\"@plexustech_\" \/>\n<meta name=\"twitter:site\" content=\"@plexustech_\" \/>\n<meta name=\"twitter:label1\" content=\"Escrito por\" \/>\n\t<meta name=\"twitter:data1\" content=\"admin_plexus\" \/>\n\t<meta name=\"twitter:label2\" content=\"Tempo estimado de leitura\" \/>\n\t<meta name=\"twitter:data2\" content=\"4 minutos\" \/>\n<script type=\"application\/ld+json\" class=\"yoast-schema-graph\">{\"@context\":\"https:\/\/schema.org\",\"@graph\":[{\"@type\":\"Organization\",\"@id\":\"https:\/\/www.plexus.es\/#organization\",\"name\":\"Plexus Tech\",\"url\":\"https:\/\/www.plexus.es\/\",\"sameAs\":[\"https:\/\/www.facebook.com\/Plexus.Techno\",\"https:\/\/www.instagram.com\/plexus.tech\/\",\"https:\/\/www.linkedin.com\/company\/plexus-tech\/mycompany\/\",\"https:\/\/www.youtube.com\/user\/tecnologiasplexus\",\"https:\/\/twitter.com\/plexustech_\"],\"logo\":{\"@type\":\"ImageObject\",\"@id\":\"https:\/\/www.plexus.es\/#logo\",\"inLanguage\":\"pt-PT\",\"url\":\"https:\/\/www.plexus.es\/wp-content\/uploads\/2021\/11\/logo-plexus-2021.png\",\"contentUrl\":\"https:\/\/www.plexus.es\/wp-content\/uploads\/2021\/11\/logo-plexus-2021.png\",\"width\":600,\"height\":600,\"caption\":\"Plexus Tech\"},\"image\":{\"@id\":\"https:\/\/www.plexus.es\/#logo\"}},{\"@type\":\"WebSite\",\"@id\":\"https:\/\/www.plexus.es\/#website\",\"url\":\"https:\/\/www.plexus.es\/\",\"name\":\"Plexus Tech\",\"description\":\"Tecnolog\\u00eda con Alma\",\"publisher\":{\"@id\":\"https:\/\/www.plexus.es\/#organization\"},\"potentialAction\":[{\"@type\":\"SearchAction\",\"target\":{\"@type\":\"EntryPoint\",\"urlTemplate\":\"https:\/\/www.plexus.es\/?s={search_term_string}\"},\"query-input\":\"required name=search_term_string\"}],\"inLanguage\":\"pt-PT\"},{\"@type\":\"ImageObject\",\"@id\":\"https:\/\/www.plexus.es\/plexus-tech-preparado-para-el-gran-reto-de-la-accesibilidad-digital\/#primaryimage\",\"inLanguage\":\"pt-PT\",\"url\":\"https:\/\/www.plexus.es\/wp-content\/uploads\/2023\/06\/Accesibilidad.png\",\"contentUrl\":\"https:\/\/www.plexus.es\/wp-content\/uploads\/2023\/06\/Accesibilidad.png\",\"width\":948,\"height\":600,\"caption\":\"La accesibilidad, una prioridad para Plexus Tech\"},{\"@type\":\"WebPage\",\"@id\":\"https:\/\/www.plexus.es\/plexus-tech-preparado-para-el-gran-reto-de-la-accesibilidad-digital\/#webpage\",\"url\":\"https:\/\/www.plexus.es\/plexus-tech-preparado-para-el-gran-reto-de-la-accesibilidad-digital\/\",\"name\":\"Plexus Tech, preparado para el gran reto de la accesibilidad digital\",\"isPartOf\":{\"@id\":\"https:\/\/www.plexus.es\/#website\"},\"primaryImageOfPage\":{\"@id\":\"https:\/\/www.plexus.es\/plexus-tech-preparado-para-el-gran-reto-de-la-accesibilidad-digital\/#primaryimage\"},\"datePublished\":\"2023-07-10T09:04:37+00:00\",\"dateModified\":\"2023-07-17T12:46:24+00:00\",\"description\":\"Plexus Tech desarrolla proyectos de accesibilidad para empresas y organizaciones, creando y adaptando webs a los criterios que exige Europa\",\"breadcrumb\":{\"@id\":\"https:\/\/www.plexus.es\/plexus-tech-preparado-para-el-gran-reto-de-la-accesibilidad-digital\/#breadcrumb\"},\"inLanguage\":\"pt-PT\",\"potentialAction\":[{\"@type\":\"ReadAction\",\"target\":[\"https:\/\/www.plexus.es\/plexus-tech-preparado-para-el-gran-reto-de-la-accesibilidad-digital\/\"]}]},{\"@type\":\"BreadcrumbList\",\"@id\":\"https:\/\/www.plexus.es\/plexus-tech-preparado-para-el-gran-reto-de-la-accesibilidad-digital\/#breadcrumb\",\"itemListElement\":[{\"@type\":\"ListItem\",\"position\":1,\"name\":\"Home\",\"item\":\"https:\/\/www.plexus.es\/\"},{\"@type\":\"ListItem\",\"position\":2,\"name\":\"Plexus Tech, preparado para el gran reto de la accesibilidad digital\"}]},{\"@type\":\"Article\",\"@id\":\"https:\/\/www.plexus.es\/plexus-tech-preparado-para-el-gran-reto-de-la-accesibilidad-digital\/#article\",\"isPartOf\":{\"@id\":\"https:\/\/www.plexus.es\/plexus-tech-preparado-para-el-gran-reto-de-la-accesibilidad-digital\/#webpage\"},\"author\":{\"@id\":\"https:\/\/www.plexus.es\/#\/schema\/person\/8f02d5ce6d7b659fa68b0e90317c5171\"},\"headline\":\"Plexus Tech, preparado para el gran reto de la accesibilidad digital\",\"datePublished\":\"2023-07-10T09:04:37+00:00\",\"dateModified\":\"2023-07-17T12:46:24+00:00\",\"mainEntityOfPage\":{\"@id\":\"https:\/\/www.plexus.es\/plexus-tech-preparado-para-el-gran-reto-de-la-accesibilidad-digital\/#webpage\"},\"wordCount\":2861,\"commentCount\":0,\"publisher\":{\"@id\":\"https:\/\/www.plexus.es\/#organization\"},\"image\":{\"@id\":\"https:\/\/www.plexus.es\/plexus-tech-preparado-para-el-gran-reto-de-la-accesibilidad-digital\/#primaryimage\"},\"thumbnailUrl\":\"https:\/\/www.plexus.es\/wp-content\/uploads\/2023\/06\/Accesibilidad.png\",\"articleSection\":[\"Compromiso\",\"Eventos\"],\"inLanguage\":\"pt-PT\",\"potentialAction\":[{\"@type\":\"CommentAction\",\"name\":\"Comment\",\"target\":[\"https:\/\/www.plexus.es\/plexus-tech-preparado-para-el-gran-reto-de-la-accesibilidad-digital\/#respond\"]}]},{\"@type\":\"Person\",\"@id\":\"https:\/\/www.plexus.es\/#\/schema\/person\/8f02d5ce6d7b659fa68b0e90317c5171\",\"name\":\"admin_plexus\",\"image\":{\"@type\":\"ImageObject\",\"@id\":\"https:\/\/www.plexus.es\/#personlogo\",\"inLanguage\":\"pt-PT\",\"url\":\"https:\/\/secure.gravatar.com\/avatar\/c1d7caf9a4063a74393abcf91991e9cd?s=96&d=mm&r=g\",\"contentUrl\":\"https:\/\/secure.gravatar.com\/avatar\/c1d7caf9a4063a74393abcf91991e9cd?s=96&d=mm&r=g\",\"caption\":\"admin_plexus\"},\"sameAs\":[\"https:\/\/www.plexus.es\"]}]}<\/script>\n<!-- \/ Yoast SEO plugin. -->","yoast_head_json":{"title":"Plexus Tech, preparado para el gran reto de la accesibilidad digital","description":"Plexus Tech desarrolla proyectos de accesibilidad para empresas y organizaciones, creando y adaptando webs a los criterios que exige Europa","robots":{"index":"index","follow":"follow","max-snippet":"max-snippet:-1","max-image-preview":"max-image-preview:large","max-video-preview":"max-video-preview:-1"},"canonical":"https:\/\/www.plexus.es\/plexus-tech-preparado-para-el-gran-reto-de-la-accesibilidad-digital\/","og_locale":"pt_PT","og_type":"article","og_title":"Plexus Tech, preparado para el gran reto de la accesibilidad digital","og_description":"Plexus Tech desarrolla proyectos de accesibilidad para empresas y organizaciones, creando y adaptando webs a los criterios que exige Europa","og_url":"https:\/\/www.plexus.es\/plexus-tech-preparado-para-el-gran-reto-de-la-accesibilidad-digital\/","og_site_name":"Plexus Tech","article_publisher":"https:\/\/www.facebook.com\/Plexus.Techno","article_published_time":"2023-07-10T09:04:37+00:00","article_modified_time":"2023-07-17T12:46:24+00:00","og_image":[{"width":948,"height":600,"url":"https:\/\/www.plexus.es\/wp-content\/uploads\/2023\/06\/Accesibilidad.png","type":"image\/png"}],"twitter_card":"summary_large_image","twitter_creator":"@plexustech_","twitter_site":"@plexustech_","twitter_misc":{"Escrito por":"admin_plexus","Tempo estimado de leitura":"4 minutos"},"schema":{"@context":"https:\/\/schema.org","@graph":[{"@type":"Organization","@id":"https:\/\/www.plexus.es\/#organization","name":"Plexus Tech","url":"https:\/\/www.plexus.es\/","sameAs":["https:\/\/www.facebook.com\/Plexus.Techno","https:\/\/www.instagram.com\/plexus.tech\/","https:\/\/www.linkedin.com\/company\/plexus-tech\/mycompany\/","https:\/\/www.youtube.com\/user\/tecnologiasplexus","https:\/\/twitter.com\/plexustech_"],"logo":{"@type":"ImageObject","@id":"https:\/\/www.plexus.es\/#logo","inLanguage":"pt-PT","url":"https:\/\/www.plexus.es\/wp-content\/uploads\/2021\/11\/logo-plexus-2021.png","contentUrl":"https:\/\/www.plexus.es\/wp-content\/uploads\/2021\/11\/logo-plexus-2021.png","width":600,"height":600,"caption":"Plexus Tech"},"image":{"@id":"https:\/\/www.plexus.es\/#logo"}},{"@type":"WebSite","@id":"https:\/\/www.plexus.es\/#website","url":"https:\/\/www.plexus.es\/","name":"Plexus Tech","description":"Tecnolog\u00eda con Alma","publisher":{"@id":"https:\/\/www.plexus.es\/#organization"},"potentialAction":[{"@type":"SearchAction","target":{"@type":"EntryPoint","urlTemplate":"https:\/\/www.plexus.es\/?s={search_term_string}"},"query-input":"required name=search_term_string"}],"inLanguage":"pt-PT"},{"@type":"ImageObject","@id":"https:\/\/www.plexus.es\/plexus-tech-preparado-para-el-gran-reto-de-la-accesibilidad-digital\/#primaryimage","inLanguage":"pt-PT","url":"https:\/\/www.plexus.es\/wp-content\/uploads\/2023\/06\/Accesibilidad.png","contentUrl":"https:\/\/www.plexus.es\/wp-content\/uploads\/2023\/06\/Accesibilidad.png","width":948,"height":600,"caption":"La accesibilidad, una prioridad para Plexus Tech"},{"@type":"WebPage","@id":"https:\/\/www.plexus.es\/plexus-tech-preparado-para-el-gran-reto-de-la-accesibilidad-digital\/#webpage","url":"https:\/\/www.plexus.es\/plexus-tech-preparado-para-el-gran-reto-de-la-accesibilidad-digital\/","name":"Plexus Tech, preparado para el gran reto de la accesibilidad digital","isPartOf":{"@id":"https:\/\/www.plexus.es\/#website"},"primaryImageOfPage":{"@id":"https:\/\/www.plexus.es\/plexus-tech-preparado-para-el-gran-reto-de-la-accesibilidad-digital\/#primaryimage"},"datePublished":"2023-07-10T09:04:37+00:00","dateModified":"2023-07-17T12:46:24+00:00","description":"Plexus Tech desarrolla proyectos de accesibilidad para empresas y organizaciones, creando y adaptando webs a los criterios que exige Europa","breadcrumb":{"@id":"https:\/\/www.plexus.es\/plexus-tech-preparado-para-el-gran-reto-de-la-accesibilidad-digital\/#breadcrumb"},"inLanguage":"pt-PT","potentialAction":[{"@type":"ReadAction","target":["https:\/\/www.plexus.es\/plexus-tech-preparado-para-el-gran-reto-de-la-accesibilidad-digital\/"]}]},{"@type":"BreadcrumbList","@id":"https:\/\/www.plexus.es\/plexus-tech-preparado-para-el-gran-reto-de-la-accesibilidad-digital\/#breadcrumb","itemListElement":[{"@type":"ListItem","position":1,"name":"Home","item":"https:\/\/www.plexus.es\/"},{"@type":"ListItem","position":2,"name":"Plexus Tech, preparado para el gran reto de la accesibilidad digital"}]},{"@type":"Article","@id":"https:\/\/www.plexus.es\/plexus-tech-preparado-para-el-gran-reto-de-la-accesibilidad-digital\/#article","isPartOf":{"@id":"https:\/\/www.plexus.es\/plexus-tech-preparado-para-el-gran-reto-de-la-accesibilidad-digital\/#webpage"},"author":{"@id":"https:\/\/www.plexus.es\/#\/schema\/person\/8f02d5ce6d7b659fa68b0e90317c5171"},"headline":"Plexus Tech, preparado para el gran reto de la accesibilidad digital","datePublished":"2023-07-10T09:04:37+00:00","dateModified":"2023-07-17T12:46:24+00:00","mainEntityOfPage":{"@id":"https:\/\/www.plexus.es\/plexus-tech-preparado-para-el-gran-reto-de-la-accesibilidad-digital\/#webpage"},"wordCount":2861,"commentCount":0,"publisher":{"@id":"https:\/\/www.plexus.es\/#organization"},"image":{"@id":"https:\/\/www.plexus.es\/plexus-tech-preparado-para-el-gran-reto-de-la-accesibilidad-digital\/#primaryimage"},"thumbnailUrl":"https:\/\/www.plexus.es\/wp-content\/uploads\/2023\/06\/Accesibilidad.png","articleSection":["Compromiso","Eventos"],"inLanguage":"pt-PT","potentialAction":[{"@type":"CommentAction","name":"Comment","target":["https:\/\/www.plexus.es\/plexus-tech-preparado-para-el-gran-reto-de-la-accesibilidad-digital\/#respond"]}]},{"@type":"Person","@id":"https:\/\/www.plexus.es\/#\/schema\/person\/8f02d5ce6d7b659fa68b0e90317c5171","name":"admin_plexus","image":{"@type":"ImageObject","@id":"https:\/\/www.plexus.es\/#personlogo","inLanguage":"pt-PT","url":"https:\/\/secure.gravatar.com\/avatar\/c1d7caf9a4063a74393abcf91991e9cd?s=96&d=mm&r=g","contentUrl":"https:\/\/secure.gravatar.com\/avatar\/c1d7caf9a4063a74393abcf91991e9cd?s=96&d=mm&r=g","caption":"admin_plexus"},"sameAs":["https:\/\/www.plexus.es"]}]}},"_links":{"self":[{"href":"https:\/\/www.plexus.es\/pt-pt\/wp-json\/wp\/v2\/posts\/34284"}],"collection":[{"href":"https:\/\/www.plexus.es\/pt-pt\/wp-json\/wp\/v2\/posts"}],"about":[{"href":"https:\/\/www.plexus.es\/pt-pt\/wp-json\/wp\/v2\/types\/post"}],"author":[{"embeddable":true,"href":"https:\/\/www.plexus.es\/pt-pt\/wp-json\/wp\/v2\/users\/1"}],"replies":[{"embeddable":true,"href":"https:\/\/www.plexus.es\/pt-pt\/wp-json\/wp\/v2\/comments?post=34284"}],"version-history":[{"count":8,"href":"https:\/\/www.plexus.es\/pt-pt\/wp-json\/wp\/v2\/posts\/34284\/revisions"}],"predecessor-version":[{"id":34316,"href":"https:\/\/www.plexus.es\/pt-pt\/wp-json\/wp\/v2\/posts\/34284\/revisions\/34316"}],"wp:featuredmedia":[{"embeddable":true,"href":"https:\/\/www.plexus.es\/pt-pt\/wp-json\/wp\/v2\/media\/34375"}],"wp:attachment":[{"href":"https:\/\/www.plexus.es\/pt-pt\/wp-json\/wp\/v2\/media?parent=34284"}],"wp:term":[{"taxonomy":"category","embeddable":true,"href":"https:\/\/www.plexus.es\/pt-pt\/wp-json\/wp\/v2\/categories?post=34284"},{"taxonomy":"post_tag","embeddable":true,"href":"https:\/\/www.plexus.es\/pt-pt\/wp-json\/wp\/v2\/tags?post=34284"}],"curies":[{"name":"wp","href":"https:\/\/api.w.org\/{rel}","templated":true}]}}