{"id":34388,"date":"2023-07-11T11:12:56","date_gmt":"2023-07-11T09:12:56","guid":{"rendered":"https:\/\/www.plexus.es\/?p=34388"},"modified":"2024-05-22T15:04:10","modified_gmt":"2024-05-22T13:04:10","slug":"oracle-formara-nuevo-talento-tecnologico-galicia-impulsado-plexus-tech","status":"publish","type":"post","link":"https:\/\/www.plexus.es\/pt-pt\/oracle-formara-nuevo-talento-tecnologico-galicia-impulsado-plexus-tech\/","title":{"rendered":"Oracle formar\u00e1 talento tecnol\u00f3gico en Galicia, impulsado por Plexus"},"content":{"rendered":"<div class=\"fusion-fullwidth fullwidth-box fusion-builder-row-1 fusion-flex-container nonhundred-percent-fullwidth non-hundred-percent-height-scrolling\" style=\"background-color: rgba(255,255,255,0);background-position: center center;background-repeat: no-repeat;border-width: 0px 0px 0px 0px;border-color:#e8ebef;border-style:solid;\" ><div class=\"fusion-builder-row fusion-row fusion-flex-align-items-flex-start\" style=\"max-width:1310.4px;margin-left: calc(-4% \/ 2 );margin-right: calc(-4% \/ 2 );\"><div class=\"fusion-layout-column fusion_builder_column fusion-builder-column-0 fusion_builder_column_1_1 1_1 fusion-flex-column fusion-flex-align-self-center\"><div class=\"fusion-column-wrapper fusion-flex-justify-content-center fusion-content-layout-column\" style=\"background-position:left top;background-repeat:no-repeat;-webkit-background-size:cover;-moz-background-size:cover;-o-background-size:cover;background-size:cover;padding: 0px 0px 0px 0px;\"><div style=\"text-align:center;\"><span class=\" fusion-imageframe imageframe-none imageframe-1 hover-type-none\" style=\"border-radius:12px;\"><img width=\"300\" height=\"190\" alt=\"Oracle fomentar\u00e1 nuevo talento tecnol\u00f3gico en Galicia\" title=\"Oracle y Plexus tech\" src=\"https:\/\/www.plexus.es\/wp-content\/uploads\/2023\/07\/Oracle-y-Plexus-tech.png\" data-orig-src=\"https:\/\/www.plexus.es\/wp-content\/uploads\/2023\/07\/Oracle-y-Plexus-tech-300x190.png\" class=\"lazyload img-responsive wp-image-34394\" srcset=\"data:image\/svg+xml,%3Csvg%20xmlns%3D%27http%3A%2F%2Fwww.w3.org%2F2000%2Fsvg%27%20width%3D%27948%27%20height%3D%27600%27%20viewBox%3D%270%200%20948%20600%27%3E%3Crect%20width%3D%27948%27%20height%3D%27600%27%20fill-opacity%3D%220%22%2F%3E%3C%2Fsvg%3E\" data-srcset=\"https:\/\/www.plexus.es\/wp-content\/uploads\/2023\/07\/Oracle-y-Plexus-tech-200x127.png 200w, https:\/\/www.plexus.es\/wp-content\/uploads\/2023\/07\/Oracle-y-Plexus-tech-400x253.png 400w, https:\/\/www.plexus.es\/wp-content\/uploads\/2023\/07\/Oracle-y-Plexus-tech-600x380.png 600w, https:\/\/www.plexus.es\/wp-content\/uploads\/2023\/07\/Oracle-y-Plexus-tech-800x506.png 800w, https:\/\/www.plexus.es\/wp-content\/uploads\/2023\/07\/Oracle-y-Plexus-tech.png 948w\" data-sizes=\"auto\" data-orig-sizes=\"(max-width: 640px) 100vw, 300px\" \/><\/span><\/div><\/div><style type=\"text\/css\">.fusion-body .fusion-builder-column-0{width:100% !important;margin-top : 20px;margin-bottom : 20px;}.fusion-builder-column-0 > .fusion-column-wrapper {padding-top : 0px !important;padding-right : 0px !important;margin-right : 1.92%;padding-bottom : 0px !important;padding-left : 0px !important;margin-left : 1.92%;}@media only screen and (max-width:1200px) {.fusion-body .fusion-builder-column-0{width:100% !important;order : 0;}.fusion-builder-column-0 > .fusion-column-wrapper {margin-right : 1.92%;margin-left : 1.92%;}}@media only screen and (max-width:640px) {.fusion-body .fusion-builder-column-0{width:100% !important;order : 0;}.fusion-builder-column-0 > .fusion-column-wrapper {margin-right : 1.92%;margin-left : 1.92%;}}<\/style><\/div><div class=\"fusion-layout-column fusion_builder_column fusion-builder-column-1 fusion_builder_column_1_1 1_1 fusion-flex-column\"><div class=\"fusion-column-wrapper fusion-flex-justify-content-flex-start fusion-content-layout-column\" style=\"background-position:left top;background-repeat:no-repeat;-webkit-background-size:cover;-moz-background-size:cover;-o-background-size:cover;background-size:cover;padding: 0px 0px 0px 0px;\"><div class=\"fusion-text fusion-text-1\"><h2>El talento tecnol\u00f3gico acreditado por Oracle podr\u00e1 desarrollarse en los equipos de Data de Plexus Tech<\/h2>\n<p>Los j\u00f3venes que quieran enfocar sus estudios a las \u00e1reas STEM est\u00e1n de enhorabuena. <strong>Como impulsores del nuevo talento tecnol\u00f3gico, la llegada de Oracle a Galicia supone una gran noticia<\/strong>. La multinacional apuesta por la comunidad para desarrollar sus cursos oficiales. Esto supone <strong>una oportunidad \u00fanica para que los estudiantes se formen y adquieran <a href=\"https:\/\/www.plexus.es\/data\/\" target=\"_blank\" rel=\"noopener\"><span>conocimientos de Data<\/span><\/a><\/strong>.<\/p>\n<p><strong><a href=\"https:\/\/partner-finder.oracle.com\/catalog\/Partner\/SCPP-PLEXUS#profile-solutions\" target=\"_blank\" rel=\"noopener\"><span>Nuestro partner<\/span><\/a> ha firmado un acuerdo de colaboraci\u00f3n con la Universidade da Coru\u00f1a<\/strong> (UDC), el cual consideramos muy positivo para el sector. Este convenio sit\u00faa a la ciudad coru\u00f1esa como nuevo polo de talento tecnol\u00f3gico en Espa\u00f1a.<\/p>\n<p>Sin duda, <strong>esta uni\u00f3n resultar\u00e1 muy positiva para conseguir m\u00e1s y nuevos perfiles en el \u00e1rea de Data<\/strong>. Estamos convencidos de ello, ya que en Plexus Tech somos firmes defensores de la necesaria colaboraci\u00f3n p\u00fablico \u2013 privada. Esto lo consideramos vital para que se enfoquen los estudios de los j\u00f3venes a las demandas empresariales.<\/p>\n<p>En esta l\u00ednea, llevamos a\u00f1os colaborando con la multinacional tecnol\u00f3gica para desarrollar nuestras innovadoras soluciones. <strong>Nuestros equipos est\u00e1n especializados en las herramientas que ofrece Oracle. <\/strong>Por ello, <strong>los nuevos graduados encontrar\u00e1n en Plexus Tech un espacio en el que desarrollar sus carreras profesionales<\/strong>.<\/p>\n<h3>Expertos en Data, ayudamos en la transformaci\u00f3n digital de las empresas<\/h3>\n<p>Dentro de nuestra experiencia, en Plexus Tech <strong>ayudamos a transformar la cultura empresarial y a consolidar los cambios de la transformaci\u00f3n digital<\/strong>. Para ello contamos con perfiles expertos en Data:<\/p>\n<ul>\n<li>Architects<\/li>\n<li>Engineers<\/li>\n<li>Scientist<\/li>\n<li>Analyst<\/li>\n<li>Business Analyst<\/li>\n<\/ul>\n<p>Gracias a ello, estamos <strong>especializados en la realizaci\u00f3n de una revisi\u00f3n 360\u00ba de la estrategia y procesos de negocio actuales<\/strong>. Asimismo, ayudamos a redefinir los objetivos, KPIs y el roadmap de evoluci\u00f3n hacia procesos dirigidos por el dato. Fruto de nuestro trabajo, apoyamos a los equipos directivos <strong>utilizando anal\u00edtica avanzada, modelizaci\u00f3n predictiva y herramientas de visualizaci\u00f3n atractivas<\/strong>. En este sentido, ponemos en valor los datos para dirigir la toma de decisiones, para que sean m\u00e1s \u00e1giles y eficientes.<\/p>\n<h4>A Coru\u00f1a, polo de nuevo talento tecnol\u00f3gico<\/h4>\n<p>El acuerdo de Oracle con la UDC sit\u00faa A Coru\u00f1a, donde tenemos una de nuestras 24 oficinas en Espa\u00f1a, como polo de talento tecnol\u00f3gico. La empresa estadounidense desarrollar\u00e1 en el centro sus cursos oficiales <em><strong>Oracle University<\/strong><\/em> y <em><strong>Oracle Academy<\/strong><\/em>. Estas acreditaciones se incorporar\u00e1n tanto a los grados como a los postgrados.<\/p>\n<p>Para ello, los estudiantes tendr\u00e1n a su disposici\u00f3n un programa completo con acceso a todo el material formativo. Con \u00e9l <strong>se promover\u00e1 el conocimiento en Tecnolog\u00edas de la Informaci\u00f3n a diferentes escalas<\/strong>.<\/p>\n<p>De este modo, supone una gran oportunidad para que j\u00f3venes gallegos puedan formarse en un <strong>\u00e1mbito tecnol\u00f3gico lleno de oportunidades<\/strong>. Asimismo, <strong>facilita su inserci\u00f3n laboral con una prestigiosa acreditaci\u00f3n oficial<\/strong>.<\/p>\n<p>Por todo ello, supone una gran noticia para <strong>Galicia<\/strong>. La comunidad es en la actualidad una <strong>referencia el sector tecnol\u00f3gico<\/strong>, pero para mantener esa posici\u00f3n de liderazgo necesitamos potenciar el nuevo talento. <strong>Entramos en una dimensi\u00f3n tecnol\u00f3gica que requiere un conocimiento muy grande en \u00e1reas STEM<\/strong> y tenemos que estar preparados.<\/p>\n<p>Con este reto, la colaboraci\u00f3n entre la Administraci\u00f3n y las empresas es fundamental para que los j\u00f3venes enfoquen sus estudios a demandas laborales presentes y, sobre todo, futuras. En este punto, <strong>la propuesta de Oracle encaja a la perfecci\u00f3n en estas necesidades de fomentar nuevo talento<\/strong>.<\/p>\n<h4>En Plexus Tech acompa\u00f1amos a nuestro partner tecnol\u00f3gico<\/h4>\n<p>Para darle forma al convenio, Oracle y la UDC lo rubricaron a comienzos de este mes de julio. En un acto p\u00fablico realizado en A Coru\u00f1a, en el que estuvimos presentes, ambas entidades sellaron su acuerdo.<\/p>\n<p>En esta presentaci\u00f3n oficial, en Plexus Tech acompa\u00f1amos a nuestro partner. Lo hicimos de la mano de una gran dupla: <strong>Rodrigo Rodr\u00edguez-Navas, director de Industria; y Nicol\u00e1s S\u00e1nchez, chief digital officer.<\/strong><\/p>\n<p>Ambos asistieron, en primer lugar, al acto de firma, sellado por Julio Abalde, rector de la UDC, y Albert Triola, director general de Oracle Ib\u00e9rica. Y, a continuaci\u00f3n, participaron en la visita a las obras de la futura Ciudad de las TIC.<\/p>\n<\/div><\/div><style type=\"text\/css\">.fusion-body .fusion-builder-column-1{width:100% !important;margin-top : 20px;margin-bottom : 20px;}.fusion-builder-column-1 > .fusion-column-wrapper {padding-top : 0px !important;padding-right : 0px !important;margin-right : 1.92%;padding-bottom : 0px !important;padding-left : 0px !important;margin-left : 1.92%;}@media only screen and (max-width:1200px) {.fusion-body .fusion-builder-column-1{width:100% !important;order : 0;}.fusion-builder-column-1 > .fusion-column-wrapper {margin-right : 1.92%;margin-left : 1.92%;}}@media only screen and (max-width:640px) {.fusion-body .fusion-builder-column-1{width:100% !important;order : 0;}.fusion-builder-column-1 > .fusion-column-wrapper {margin-right : 1.92%;margin-left : 1.92%;}}<\/style><\/div><\/div><style type=\"text\/css\">.fusion-body .fusion-flex-container.fusion-builder-row-1{ padding-top : 0px;margin-top : 0px;padding-right : 0px;padding-bottom : 0px;margin-bottom : 0px;padding-left : 0px;}<\/style><\/div>\n","protected":false},"excerpt":{"rendered":"<p>Nuestro partner Oracle desarrollar\u00e1 sus cursos oficiales en la UDC, una oportunidad para que j\u00f3venes se formen en Data, \u00e1rea en la que somos expertos<\/p>\n","protected":false},"author":1,"featured_media":34389,"comment_status":"open","ping_status":"open","sticky":false,"template":"","format":"standard","meta":[],"categories":[107,45,222],"tags":[],"yoast_head":"<!-- This site is optimized with the Yoast SEO plugin v17.4 - https:\/\/yoast.com\/wordpress\/plugins\/seo\/ -->\n<title>Oracle formar\u00e1 nuevo talento tecnol\u00f3gico en Galicia, impulsado por Plexus<\/title>\n<meta name=\"description\" content=\"Nuestro partner Oracle desarrollar\u00e1 sus cursos oficiales en la UDC, una oportunidad para que talento tecnol\u00f3gico se formen en el \u00e1rea de Data\" \/>\n<meta name=\"robots\" content=\"index, follow, max-snippet:-1, max-image-preview:large, max-video-preview:-1\" \/>\n<link rel=\"canonical\" href=\"https:\/\/www.plexus.es\/oracle-formara-nuevo-talento-tecnologico-galicia-impulsado-plexus-tech\/\" \/>\n<meta property=\"og:locale\" content=\"pt_PT\" \/>\n<meta property=\"og:type\" content=\"article\" \/>\n<meta property=\"og:title\" content=\"Oracle formar\u00e1 nuevo talento tecnol\u00f3gico en Galicia, impulsado por Plexus\" \/>\n<meta property=\"og:description\" content=\"Nuestro partner Oracle desarrollar\u00e1 sus cursos oficiales en la UDC, una oportunidad para que talento tecnol\u00f3gico se formen en el \u00e1rea de Data\" \/>\n<meta property=\"og:url\" content=\"https:\/\/www.plexus.es\/oracle-formara-nuevo-talento-tecnologico-galicia-impulsado-plexus-tech\/\" \/>\n<meta property=\"og:site_name\" content=\"Plexus Tech\" \/>\n<meta property=\"article:publisher\" content=\"https:\/\/www.facebook.com\/Plexus.Techno\" \/>\n<meta property=\"article:published_time\" content=\"2023-07-11T09:12:56+00:00\" \/>\n<meta property=\"article:modified_time\" content=\"2024-05-22T13:04:10+00:00\" \/>\n<meta property=\"og:image\" content=\"https:\/\/www.plexus.es\/wp-content\/uploads\/2023\/07\/Oracle-y-Plexus-tech.png\" \/>\n\t<meta property=\"og:image:width\" content=\"948\" \/>\n\t<meta property=\"og:image:height\" content=\"600\" \/>\n<meta name=\"twitter:card\" content=\"summary_large_image\" \/>\n<meta name=\"twitter:creator\" content=\"@plexustech_\" \/>\n<meta name=\"twitter:site\" content=\"@plexustech_\" \/>\n<meta name=\"twitter:label1\" content=\"Escrito por\" \/>\n\t<meta name=\"twitter:data1\" content=\"admin_plexus\" \/>\n\t<meta name=\"twitter:label2\" content=\"Tempo estimado de leitura\" \/>\n\t<meta name=\"twitter:data2\" content=\"4 minutos\" \/>\n<script type=\"application\/ld+json\" class=\"yoast-schema-graph\">{\"@context\":\"https:\/\/schema.org\",\"@graph\":[{\"@type\":\"Organization\",\"@id\":\"https:\/\/www.plexus.es\/#organization\",\"name\":\"Plexus Tech\",\"url\":\"https:\/\/www.plexus.es\/\",\"sameAs\":[\"https:\/\/www.facebook.com\/Plexus.Techno\",\"https:\/\/www.instagram.com\/plexus.tech\/\",\"https:\/\/www.linkedin.com\/company\/plexus-tech\/mycompany\/\",\"https:\/\/www.youtube.com\/user\/tecnologiasplexus\",\"https:\/\/twitter.com\/plexustech_\"],\"logo\":{\"@type\":\"ImageObject\",\"@id\":\"https:\/\/www.plexus.es\/#logo\",\"inLanguage\":\"pt-PT\",\"url\":\"https:\/\/www.plexus.es\/wp-content\/uploads\/2021\/11\/logo-plexus-2021.png\",\"contentUrl\":\"https:\/\/www.plexus.es\/wp-content\/uploads\/2021\/11\/logo-plexus-2021.png\",\"width\":600,\"height\":600,\"caption\":\"Plexus Tech\"},\"image\":{\"@id\":\"https:\/\/www.plexus.es\/#logo\"}},{\"@type\":\"WebSite\",\"@id\":\"https:\/\/www.plexus.es\/#website\",\"url\":\"https:\/\/www.plexus.es\/\",\"name\":\"Plexus Tech\",\"description\":\"Tecnolog\\u00eda con Alma\",\"publisher\":{\"@id\":\"https:\/\/www.plexus.es\/#organization\"},\"potentialAction\":[{\"@type\":\"SearchAction\",\"target\":{\"@type\":\"EntryPoint\",\"urlTemplate\":\"https:\/\/www.plexus.es\/?s={search_term_string}\"},\"query-input\":\"required name=search_term_string\"}],\"inLanguage\":\"pt-PT\"},{\"@type\":\"ImageObject\",\"@id\":\"https:\/\/www.plexus.es\/oracle-formara-nuevo-talento-tecnologico-galicia-impulsado-plexus-tech\/#primaryimage\",\"inLanguage\":\"pt-PT\",\"url\":\"https:\/\/www.plexus.es\/wp-content\/uploads\/2023\/07\/Oracle-y-Plexus-tech.png\",\"contentUrl\":\"https:\/\/www.plexus.es\/wp-content\/uploads\/2023\/07\/Oracle-y-Plexus-tech.png\",\"width\":948,\"height\":600,\"caption\":\"Oracle partern tecnologico de Plexus tech\"},{\"@type\":\"WebPage\",\"@id\":\"https:\/\/www.plexus.es\/oracle-formara-nuevo-talento-tecnologico-galicia-impulsado-plexus-tech\/#webpage\",\"url\":\"https:\/\/www.plexus.es\/oracle-formara-nuevo-talento-tecnologico-galicia-impulsado-plexus-tech\/\",\"name\":\"Oracle formar\\u00e1 nuevo talento tecnol\\u00f3gico en Galicia, impulsado por Plexus\",\"isPartOf\":{\"@id\":\"https:\/\/www.plexus.es\/#website\"},\"primaryImageOfPage\":{\"@id\":\"https:\/\/www.plexus.es\/oracle-formara-nuevo-talento-tecnologico-galicia-impulsado-plexus-tech\/#primaryimage\"},\"datePublished\":\"2023-07-11T09:12:56+00:00\",\"dateModified\":\"2024-05-22T13:04:10+00:00\",\"description\":\"Nuestro partner Oracle desarrollar\\u00e1 sus cursos oficiales en la UDC, una oportunidad para que talento tecnol\\u00f3gico se formen en el \\u00e1rea de Data\",\"breadcrumb\":{\"@id\":\"https:\/\/www.plexus.es\/oracle-formara-nuevo-talento-tecnologico-galicia-impulsado-plexus-tech\/#breadcrumb\"},\"inLanguage\":\"pt-PT\",\"potentialAction\":[{\"@type\":\"ReadAction\",\"target\":[\"https:\/\/www.plexus.es\/oracle-formara-nuevo-talento-tecnologico-galicia-impulsado-plexus-tech\/\"]}]},{\"@type\":\"BreadcrumbList\",\"@id\":\"https:\/\/www.plexus.es\/oracle-formara-nuevo-talento-tecnologico-galicia-impulsado-plexus-tech\/#breadcrumb\",\"itemListElement\":[{\"@type\":\"ListItem\",\"position\":1,\"name\":\"Home\",\"item\":\"https:\/\/www.plexus.es\/\"},{\"@type\":\"ListItem\",\"position\":2,\"name\":\"Oracle formar\\u00e1 talento tecnol\\u00f3gico en Galicia, impulsado por Plexus\"}]},{\"@type\":\"Article\",\"@id\":\"https:\/\/www.plexus.es\/oracle-formara-nuevo-talento-tecnologico-galicia-impulsado-plexus-tech\/#article\",\"isPartOf\":{\"@id\":\"https:\/\/www.plexus.es\/oracle-formara-nuevo-talento-tecnologico-galicia-impulsado-plexus-tech\/#webpage\"},\"author\":{\"@id\":\"https:\/\/www.plexus.es\/#\/schema\/person\/8f02d5ce6d7b659fa68b0e90317c5171\"},\"headline\":\"Oracle formar\\u00e1 talento tecnol\\u00f3gico en Galicia, impulsado por Plexus\",\"datePublished\":\"2023-07-11T09:12:56+00:00\",\"dateModified\":\"2024-05-22T13:04:10+00:00\",\"mainEntityOfPage\":{\"@id\":\"https:\/\/www.plexus.es\/oracle-formara-nuevo-talento-tecnologico-galicia-impulsado-plexus-tech\/#webpage\"},\"wordCount\":1811,\"commentCount\":0,\"publisher\":{\"@id\":\"https:\/\/www.plexus.es\/#organization\"},\"image\":{\"@id\":\"https:\/\/www.plexus.es\/oracle-formara-nuevo-talento-tecnologico-galicia-impulsado-plexus-tech\/#primaryimage\"},\"thumbnailUrl\":\"https:\/\/www.plexus.es\/wp-content\/uploads\/2023\/07\/Oracle-y-Plexus-tech.png\",\"articleSection\":[\"Eventos\",\"Talento\",\"Tech&amp;Innovaci\\u00f3n\"],\"inLanguage\":\"pt-PT\",\"potentialAction\":[{\"@type\":\"CommentAction\",\"name\":\"Comment\",\"target\":[\"https:\/\/www.plexus.es\/oracle-formara-nuevo-talento-tecnologico-galicia-impulsado-plexus-tech\/#respond\"]}]},{\"@type\":\"Person\",\"@id\":\"https:\/\/www.plexus.es\/#\/schema\/person\/8f02d5ce6d7b659fa68b0e90317c5171\",\"name\":\"admin_plexus\",\"image\":{\"@type\":\"ImageObject\",\"@id\":\"https:\/\/www.plexus.es\/#personlogo\",\"inLanguage\":\"pt-PT\",\"url\":\"https:\/\/secure.gravatar.com\/avatar\/c1d7caf9a4063a74393abcf91991e9cd?s=96&d=mm&r=g\",\"contentUrl\":\"https:\/\/secure.gravatar.com\/avatar\/c1d7caf9a4063a74393abcf91991e9cd?s=96&d=mm&r=g\",\"caption\":\"admin_plexus\"},\"sameAs\":[\"https:\/\/www.plexus.es\"]}]}<\/script>\n<!-- \/ Yoast SEO plugin. -->","yoast_head_json":{"title":"Oracle formar\u00e1 nuevo talento tecnol\u00f3gico en Galicia, impulsado por Plexus","description":"Nuestro partner Oracle desarrollar\u00e1 sus cursos oficiales en la UDC, una oportunidad para que talento tecnol\u00f3gico se formen en el \u00e1rea de Data","robots":{"index":"index","follow":"follow","max-snippet":"max-snippet:-1","max-image-preview":"max-image-preview:large","max-video-preview":"max-video-preview:-1"},"canonical":"https:\/\/www.plexus.es\/oracle-formara-nuevo-talento-tecnologico-galicia-impulsado-plexus-tech\/","og_locale":"pt_PT","og_type":"article","og_title":"Oracle formar\u00e1 nuevo talento tecnol\u00f3gico en Galicia, impulsado por Plexus","og_description":"Nuestro partner Oracle desarrollar\u00e1 sus cursos oficiales en la UDC, una oportunidad para que talento tecnol\u00f3gico se formen en el \u00e1rea de Data","og_url":"https:\/\/www.plexus.es\/oracle-formara-nuevo-talento-tecnologico-galicia-impulsado-plexus-tech\/","og_site_name":"Plexus Tech","article_publisher":"https:\/\/www.facebook.com\/Plexus.Techno","article_published_time":"2023-07-11T09:12:56+00:00","article_modified_time":"2024-05-22T13:04:10+00:00","og_image":[{"width":948,"height":600,"url":"https:\/\/www.plexus.es\/wp-content\/uploads\/2023\/07\/Oracle-y-Plexus-tech.png","type":"image\/png"}],"twitter_card":"summary_large_image","twitter_creator":"@plexustech_","twitter_site":"@plexustech_","twitter_misc":{"Escrito por":"admin_plexus","Tempo estimado de leitura":"4 minutos"},"schema":{"@context":"https:\/\/schema.org","@graph":[{"@type":"Organization","@id":"https:\/\/www.plexus.es\/#organization","name":"Plexus Tech","url":"https:\/\/www.plexus.es\/","sameAs":["https:\/\/www.facebook.com\/Plexus.Techno","https:\/\/www.instagram.com\/plexus.tech\/","https:\/\/www.linkedin.com\/company\/plexus-tech\/mycompany\/","https:\/\/www.youtube.com\/user\/tecnologiasplexus","https:\/\/twitter.com\/plexustech_"],"logo":{"@type":"ImageObject","@id":"https:\/\/www.plexus.es\/#logo","inLanguage":"pt-PT","url":"https:\/\/www.plexus.es\/wp-content\/uploads\/2021\/11\/logo-plexus-2021.png","contentUrl":"https:\/\/www.plexus.es\/wp-content\/uploads\/2021\/11\/logo-plexus-2021.png","width":600,"height":600,"caption":"Plexus Tech"},"image":{"@id":"https:\/\/www.plexus.es\/#logo"}},{"@type":"WebSite","@id":"https:\/\/www.plexus.es\/#website","url":"https:\/\/www.plexus.es\/","name":"Plexus Tech","description":"Tecnolog\u00eda con Alma","publisher":{"@id":"https:\/\/www.plexus.es\/#organization"},"potentialAction":[{"@type":"SearchAction","target":{"@type":"EntryPoint","urlTemplate":"https:\/\/www.plexus.es\/?s={search_term_string}"},"query-input":"required name=search_term_string"}],"inLanguage":"pt-PT"},{"@type":"ImageObject","@id":"https:\/\/www.plexus.es\/oracle-formara-nuevo-talento-tecnologico-galicia-impulsado-plexus-tech\/#primaryimage","inLanguage":"pt-PT","url":"https:\/\/www.plexus.es\/wp-content\/uploads\/2023\/07\/Oracle-y-Plexus-tech.png","contentUrl":"https:\/\/www.plexus.es\/wp-content\/uploads\/2023\/07\/Oracle-y-Plexus-tech.png","width":948,"height":600,"caption":"Oracle partern tecnologico de Plexus tech"},{"@type":"WebPage","@id":"https:\/\/www.plexus.es\/oracle-formara-nuevo-talento-tecnologico-galicia-impulsado-plexus-tech\/#webpage","url":"https:\/\/www.plexus.es\/oracle-formara-nuevo-talento-tecnologico-galicia-impulsado-plexus-tech\/","name":"Oracle formar\u00e1 nuevo talento tecnol\u00f3gico en Galicia, impulsado por Plexus","isPartOf":{"@id":"https:\/\/www.plexus.es\/#website"},"primaryImageOfPage":{"@id":"https:\/\/www.plexus.es\/oracle-formara-nuevo-talento-tecnologico-galicia-impulsado-plexus-tech\/#primaryimage"},"datePublished":"2023-07-11T09:12:56+00:00","dateModified":"2024-05-22T13:04:10+00:00","description":"Nuestro partner Oracle desarrollar\u00e1 sus cursos oficiales en la UDC, una oportunidad para que talento tecnol\u00f3gico se formen en el \u00e1rea de Data","breadcrumb":{"@id":"https:\/\/www.plexus.es\/oracle-formara-nuevo-talento-tecnologico-galicia-impulsado-plexus-tech\/#breadcrumb"},"inLanguage":"pt-PT","potentialAction":[{"@type":"ReadAction","target":["https:\/\/www.plexus.es\/oracle-formara-nuevo-talento-tecnologico-galicia-impulsado-plexus-tech\/"]}]},{"@type":"BreadcrumbList","@id":"https:\/\/www.plexus.es\/oracle-formara-nuevo-talento-tecnologico-galicia-impulsado-plexus-tech\/#breadcrumb","itemListElement":[{"@type":"ListItem","position":1,"name":"Home","item":"https:\/\/www.plexus.es\/"},{"@type":"ListItem","position":2,"name":"Oracle formar\u00e1 talento tecnol\u00f3gico en Galicia, impulsado por Plexus"}]},{"@type":"Article","@id":"https:\/\/www.plexus.es\/oracle-formara-nuevo-talento-tecnologico-galicia-impulsado-plexus-tech\/#article","isPartOf":{"@id":"https:\/\/www.plexus.es\/oracle-formara-nuevo-talento-tecnologico-galicia-impulsado-plexus-tech\/#webpage"},"author":{"@id":"https:\/\/www.plexus.es\/#\/schema\/person\/8f02d5ce6d7b659fa68b0e90317c5171"},"headline":"Oracle formar\u00e1 talento tecnol\u00f3gico en Galicia, impulsado por Plexus","datePublished":"2023-07-11T09:12:56+00:00","dateModified":"2024-05-22T13:04:10+00:00","mainEntityOfPage":{"@id":"https:\/\/www.plexus.es\/oracle-formara-nuevo-talento-tecnologico-galicia-impulsado-plexus-tech\/#webpage"},"wordCount":1811,"commentCount":0,"publisher":{"@id":"https:\/\/www.plexus.es\/#organization"},"image":{"@id":"https:\/\/www.plexus.es\/oracle-formara-nuevo-talento-tecnologico-galicia-impulsado-plexus-tech\/#primaryimage"},"thumbnailUrl":"https:\/\/www.plexus.es\/wp-content\/uploads\/2023\/07\/Oracle-y-Plexus-tech.png","articleSection":["Eventos","Talento","Tech&amp;Innovaci\u00f3n"],"inLanguage":"pt-PT","potentialAction":[{"@type":"CommentAction","name":"Comment","target":["https:\/\/www.plexus.es\/oracle-formara-nuevo-talento-tecnologico-galicia-impulsado-plexus-tech\/#respond"]}]},{"@type":"Person","@id":"https:\/\/www.plexus.es\/#\/schema\/person\/8f02d5ce6d7b659fa68b0e90317c5171","name":"admin_plexus","image":{"@type":"ImageObject","@id":"https:\/\/www.plexus.es\/#personlogo","inLanguage":"pt-PT","url":"https:\/\/secure.gravatar.com\/avatar\/c1d7caf9a4063a74393abcf91991e9cd?s=96&d=mm&r=g","contentUrl":"https:\/\/secure.gravatar.com\/avatar\/c1d7caf9a4063a74393abcf91991e9cd?s=96&d=mm&r=g","caption":"admin_plexus"},"sameAs":["https:\/\/www.plexus.es"]}]}},"_links":{"self":[{"href":"https:\/\/www.plexus.es\/pt-pt\/wp-json\/wp\/v2\/posts\/34388"}],"collection":[{"href":"https:\/\/www.plexus.es\/pt-pt\/wp-json\/wp\/v2\/posts"}],"about":[{"href":"https:\/\/www.plexus.es\/pt-pt\/wp-json\/wp\/v2\/types\/post"}],"author":[{"embeddable":true,"href":"https:\/\/www.plexus.es\/pt-pt\/wp-json\/wp\/v2\/users\/1"}],"replies":[{"embeddable":true,"href":"https:\/\/www.plexus.es\/pt-pt\/wp-json\/wp\/v2\/comments?post=34388"}],"version-history":[{"count":12,"href":"https:\/\/www.plexus.es\/pt-pt\/wp-json\/wp\/v2\/posts\/34388\/revisions"}],"predecessor-version":[{"id":42369,"href":"https:\/\/www.plexus.es\/pt-pt\/wp-json\/wp\/v2\/posts\/34388\/revisions\/42369"}],"wp:featuredmedia":[{"embeddable":true,"href":"https:\/\/www.plexus.es\/pt-pt\/wp-json\/wp\/v2\/media\/34389"}],"wp:attachment":[{"href":"https:\/\/www.plexus.es\/pt-pt\/wp-json\/wp\/v2\/media?parent=34388"}],"wp:term":[{"taxonomy":"category","embeddable":true,"href":"https:\/\/www.plexus.es\/pt-pt\/wp-json\/wp\/v2\/categories?post=34388"},{"taxonomy":"post_tag","embeddable":true,"href":"https:\/\/www.plexus.es\/pt-pt\/wp-json\/wp\/v2\/tags?post=34388"}],"curies":[{"name":"wp","href":"https:\/\/api.w.org\/{rel}","templated":true}]}}