{"id":35197,"date":"2023-10-28T17:21:20","date_gmt":"2023-10-28T15:21:20","guid":{"rendered":"https:\/\/www.plexus.es\/?p=35197"},"modified":"2023-11-08T10:40:43","modified_gmt":"2023-11-08T09:40:43","slug":"plexus-tech-como-experto-en-ia-participa-en-el-i-foro-empresa-de-quincemil","status":"publish","type":"post","link":"https:\/\/www.plexus.es\/pt-pt\/plexus-tech-como-experto-en-ia-participa-en-el-i-foro-empresa-de-quincemil\/","title":{"rendered":"Plexus Tech, experto en IA, participa en el I Foro Empresa de Quincemil"},"content":{"rendered":"<div class=\"fusion-fullwidth fullwidth-box fusion-builder-row-1 fusion-flex-container nonhundred-percent-fullwidth non-hundred-percent-height-scrolling\" style=\"background-color: rgba(255,255,255,0);background-position: center center;background-repeat: no-repeat;border-width: 0px 0px 0px 0px;border-color:#e8ebef;border-style:solid;\" ><div class=\"fusion-builder-row fusion-row fusion-flex-align-items-flex-start\" style=\"max-width:1310.4px;margin-left: calc(-4% \/ 2 );margin-right: calc(-4% \/ 2 );\"><div class=\"fusion-layout-column fusion_builder_column fusion-builder-column-0 fusion_builder_column_1_1 1_1 fusion-flex-column fusion-flex-align-self-center\"><div class=\"fusion-column-wrapper fusion-flex-justify-content-center fusion-content-layout-column\" style=\"background-position:left top;background-repeat:no-repeat;-webkit-background-size:cover;-moz-background-size:cover;-o-background-size:cover;background-size:cover;padding: 0px 0px 0px 0px;\"><div class=\"fusion-image-carousel fusion-image-carousel-auto fusion-carousel-border\"><div class=\"fusion-carousel\" data-autoplay=\"no\" data-columns=\"1\" data-itemmargin=\"13\" data-itemwidth=\"180\" data-touchscroll=\"no\" data-imagesize=\"auto\"><div class=\"fusion-carousel-positioner\"><ul class=\"fusion-carousel-holder\"><li class=\"fusion-carousel-item\"><div class=\"fusion-carousel-item-wrapper\"><div class=\"fusion-image-wrapper hover-type-none\"><img width=\"1440\" height=\"1080\" src=\"https:\/\/www.plexus.es\/wp-content\/uploads\/2023\/11\/I-Foro-Empresa-e-IA-Quincemil-_-IA0_2409-copia-1.jpg\" class=\"attachment-full size-full lazyload\" alt=\"Nicol\u00e1s S\u00e1nchez Roel, chief data officer de Plexus Tech\" srcset=\"data:image\/svg+xml,%3Csvg%20xmlns%3D%27http%3A%2F%2Fwww.w3.org%2F2000%2Fsvg%27%20width%3D%271440%27%20height%3D%271080%27%20viewBox%3D%270%200%201440%201080%27%3E%3Crect%20width%3D%271440%27%20height%3D%271080%27%20fill-opacity%3D%220%22%2F%3E%3C%2Fsvg%3E\" data-orig-src=\"https:\/\/www.plexus.es\/wp-content\/uploads\/2023\/11\/I-Foro-Empresa-e-IA-Quincemil-_-IA0_2409-copia-1.jpg\" data-srcset=\"https:\/\/www.plexus.es\/wp-content\/uploads\/2023\/11\/I-Foro-Empresa-e-IA-Quincemil-_-IA0_2409-copia-1-200x150.jpg 200w, https:\/\/www.plexus.es\/wp-content\/uploads\/2023\/11\/I-Foro-Empresa-e-IA-Quincemil-_-IA0_2409-copia-1-300x225.jpg 300w, https:\/\/www.plexus.es\/wp-content\/uploads\/2023\/11\/I-Foro-Empresa-e-IA-Quincemil-_-IA0_2409-copia-1-400x300.jpg 400w, https:\/\/www.plexus.es\/wp-content\/uploads\/2023\/11\/I-Foro-Empresa-e-IA-Quincemil-_-IA0_2409-copia-1-600x450.jpg 600w, https:\/\/www.plexus.es\/wp-content\/uploads\/2023\/11\/I-Foro-Empresa-e-IA-Quincemil-_-IA0_2409-copia-1-768x576.jpg 768w, https:\/\/www.plexus.es\/wp-content\/uploads\/2023\/11\/I-Foro-Empresa-e-IA-Quincemil-_-IA0_2409-copia-1-800x600.jpg 800w, https:\/\/www.plexus.es\/wp-content\/uploads\/2023\/11\/I-Foro-Empresa-e-IA-Quincemil-_-IA0_2409-copia-1-1024x768.jpg 1024w, https:\/\/www.plexus.es\/wp-content\/uploads\/2023\/11\/I-Foro-Empresa-e-IA-Quincemil-_-IA0_2409-copia-1-1200x900.jpg 1200w, https:\/\/www.plexus.es\/wp-content\/uploads\/2023\/11\/I-Foro-Empresa-e-IA-Quincemil-_-IA0_2409-copia-1.jpg 1440w\" data-sizes=\"auto\" \/><\/div><\/div><\/li><li class=\"fusion-carousel-item\"><div class=\"fusion-carousel-item-wrapper\"><div class=\"fusion-image-wrapper hover-type-none\"><img width=\"1440\" height=\"1080\" src=\"https:\/\/www.plexus.es\/wp-content\/uploads\/2023\/11\/I-Foro-Empresa-e-IA-Quincemil-_-IA0_2406-copia-1.jpg\" class=\"attachment-full size-full lazyload\" alt=\"Mesa de debate sobre IA Generativa, con Nicol\u00e1s S\u00e1nchez Roel, en el I Foro Empresa e IA del diario Quincemil\" srcset=\"data:image\/svg+xml,%3Csvg%20xmlns%3D%27http%3A%2F%2Fwww.w3.org%2F2000%2Fsvg%27%20width%3D%271440%27%20height%3D%271080%27%20viewBox%3D%270%200%201440%201080%27%3E%3Crect%20width%3D%271440%27%20height%3D%271080%27%20fill-opacity%3D%220%22%2F%3E%3C%2Fsvg%3E\" data-orig-src=\"https:\/\/www.plexus.es\/wp-content\/uploads\/2023\/11\/I-Foro-Empresa-e-IA-Quincemil-_-IA0_2406-copia-1.jpg\" data-srcset=\"https:\/\/www.plexus.es\/wp-content\/uploads\/2023\/11\/I-Foro-Empresa-e-IA-Quincemil-_-IA0_2406-copia-1-200x150.jpg 200w, https:\/\/www.plexus.es\/wp-content\/uploads\/2023\/11\/I-Foro-Empresa-e-IA-Quincemil-_-IA0_2406-copia-1-300x225.jpg 300w, https:\/\/www.plexus.es\/wp-content\/uploads\/2023\/11\/I-Foro-Empresa-e-IA-Quincemil-_-IA0_2406-copia-1-400x300.jpg 400w, https:\/\/www.plexus.es\/wp-content\/uploads\/2023\/11\/I-Foro-Empresa-e-IA-Quincemil-_-IA0_2406-copia-1-600x450.jpg 600w, https:\/\/www.plexus.es\/wp-content\/uploads\/2023\/11\/I-Foro-Empresa-e-IA-Quincemil-_-IA0_2406-copia-1-768x576.jpg 768w, https:\/\/www.plexus.es\/wp-content\/uploads\/2023\/11\/I-Foro-Empresa-e-IA-Quincemil-_-IA0_2406-copia-1-800x600.jpg 800w, https:\/\/www.plexus.es\/wp-content\/uploads\/2023\/11\/I-Foro-Empresa-e-IA-Quincemil-_-IA0_2406-copia-1-1024x768.jpg 1024w, https:\/\/www.plexus.es\/wp-content\/uploads\/2023\/11\/I-Foro-Empresa-e-IA-Quincemil-_-IA0_2406-copia-1-1200x900.jpg 1200w, https:\/\/www.plexus.es\/wp-content\/uploads\/2023\/11\/I-Foro-Empresa-e-IA-Quincemil-_-IA0_2406-copia-1.jpg 1440w\" data-sizes=\"auto\" \/><\/div><\/div><\/li><\/ul><div class=\"fusion-carousel-nav\"><span class=\"fusion-nav-prev\"><\/span><span class=\"fusion-nav-next\"><\/span><\/div><\/div><\/div><\/div><\/div><style type=\"text\/css\">.fusion-body .fusion-builder-column-0{width:100% !important;margin-top : 20px;margin-bottom : 0px;}.fusion-builder-column-0 > .fusion-column-wrapper {padding-top : 0px !important;padding-right : 0px !important;margin-right : 1.92%;padding-bottom : 0 !important;padding-left : 0px !important;margin-left : 1.92%;}@media only screen and (max-width:1200px) {.fusion-body .fusion-builder-column-0{width:100% !important;order : 0;}.fusion-builder-column-0 > .fusion-column-wrapper {margin-right : 1.92%;margin-left : 1.92%;}}@media only screen and (max-width:640px) {.fusion-body .fusion-builder-column-0{width:100% !important;order : 0;}.fusion-builder-column-0 > .fusion-column-wrapper {margin-right : 1.92%;margin-left : 1.92%;}}<\/style><\/div><div class=\"fusion-layout-column fusion_builder_column fusion-builder-column-1 fusion_builder_column_1_1 1_1 fusion-flex-column\"><div class=\"fusion-column-wrapper fusion-flex-justify-content-flex-start fusion-content-layout-column\" style=\"background-position:left top;background-repeat:no-repeat;-webkit-background-size:cover;-moz-background-size:cover;-o-background-size:cover;background-size:cover;padding: 0px 0px 0px 0px;\"><div class=\"fusion-text fusion-text-1\"><h2 data-fontsize=\"40\" data-lineheight=\"40px\" class=\"fusion-responsive-typography-calculated\" style=\"--fontSize: 40; line-height: 1;\">Nicol\u00e1s S\u00e1nchez, de Plexus Tech, debati\u00f3 sobre los beneficios de la IA Generativa en el I Foro Empresa de Quincemil<\/h2>\n<p><strong><br \/><\/strong><\/p>\n<p><strong>Como expertos en Inteligencia Artificial (IA), participamos y colaboramos en la organizaci\u00f3n del I Foro Empresa IA del diario <a href=\"https:\/\/www.elespanol.com\/quincemil\/\" target=\"_blank\" rel=\"noopener\"><span style=\"color: #000080;\">Quincemil<\/span><\/a><\/strong>. El evento, celebrado en A Coru\u00f1a el 26 de octubre, sirvi\u00f3 para debatir sobre las aplicaciones de esta nueva herramienta, de la que somos expertos en Plexus Tech, as\u00ed como de su posible regulaci\u00f3n, especialmente de la IA Generativa.<\/p>\n<p>Para el gran encuentro organizado por el diario digital, <strong>contamos con la presencia de nuestro chief data officer, Nicol\u00e1s S\u00e1nchez Roel<\/strong>. Como voz experta en esta materia, su participaci\u00f3n estuvo enmarcada en una mesa redonda titulada <em>Inteligencia Artificial Generativa: retos, oportunidades y el papel de la AESIA en su regulaci\u00f3n<\/em>.<\/p>\n<p>En este sentido, <strong>contamos con la capacidad de introducir la IA en todo tipo de proyectos tecnol\u00f3gicos<\/strong>.<\/p>\n<p>Asimismo, con nuestra colaboraci\u00f3n con eventos como el organizado por el diario Quincemil, en Plexus Tech <strong>demostramos nuestro <span style=\"color: #000080;\"><a href=\"https:\/\/www.plexus.es\/productos-propios\/\" target=\"_blank\" rel=\"noopener\">compromiso con la<\/a> innovaci\u00f3n,<\/span> en general, y la aplicaci\u00f3n de la IA, en particular<\/strong>.<\/p>\n<\/p>\n<h3 data-fontsize=\"40\" data-lineheight=\"40px\" class=\"fusion-responsive-typography-calculated\" style=\"--fontSize: 40; line-height: 1;\">La Inteligencia Artificial Generativa<\/h3>\n<p>La irrupci\u00f3n de Chat GPT entre la sociedad ha puesto sobre la mesa <strong>un nuevo concepto tecnol\u00f3gico: la IA generativa<\/strong>. En este sentido, la inteligencia artificial generativa es aquella que <strong>permite la generaci\u00f3n de contenido a partir de datos existentes, sin necesidad de intervenci\u00f3n humana<\/strong>. Se trata de un modelo de innovaci\u00f3n que utiliza algoritmos para generar contenido nuevo y \u00fanico.<\/p>\n<p>Si bien supone una evoluci\u00f3n en el mundo tech muy importante, su empleo discriminado <strong>requiere una regulaci\u00f3n<\/strong>. Por ello, dadas sus oportunidades, pero tambi\u00e9n sus retos, el I Foro Empresa e IA de Quincemil debati\u00f3 sobre esta cuesti\u00f3n.<\/p>\n<p>Para <strong>tratarlo<\/strong>, el diario cont\u00f3 con <strong>expertos de reconocido prestigio<\/strong>, entre los que <strong>se encontraba nuestro compa\u00f1ero Nicol\u00e1s S\u00e1nchez<\/strong> Roel. Junto a \u00e9l: Rafael Fern\u00e1ndez Campos, presidente del Club de CDOs de Espa\u00f1a; Nuria \u00c1valos, directora general de Indesia y directora de Consorcios Digitales en Repsol; Antonio Soto, director de Verne Tech en A Coru\u00f1a; y Marcos Ortega, coordinador del nodo de Inteligencia Artificial del DIHGIGAL y profesor e investigador de la Universidad de A Coru\u00f1a (UDC).<\/p>\n<p>Durante su intervenci\u00f3n, Nicol\u00e1s S\u00e1nchez quiso destacar que<strong> el reto para las compa\u00f1\u00edas tecnol\u00f3gicas, como Plexus Tech, pasa por dar respuesta a las elevadas expectativas de los clientes con herramientas como Chat GPT<\/strong>.<\/p>\n<p>En esta misma l\u00ednea, se remarc\u00f3 la <strong>necesidad de que el abordaje de estos avances tecnol\u00f3gicos venga acompa\u00f1ado de seguridad y \u00e9tica profesional<\/strong>. Asimismo, resultar\u00e1 esencial, apuntaron, una gesti\u00f3n eficiente de los recursos para que las empresas sigan innovando con garant\u00edas.<\/p>\n<p>Adem\u00e1s, tambi\u00e9n se destac\u00f3 que la Agencia Espa\u00f1ola de Supervisi\u00f3n de la Inteligencia Artificial (<strong>Aesia<\/strong>), que estar\u00e1 ubicada en la Ciudad de las TIC de A Coru\u00f1a, <strong>jugar\u00e1 un papel fundamental en la regulaci\u00f3n de estos avances<\/strong>. As\u00ed, todos y todas las presentes coincidieron en que el uso de la IA Generativa debe ir acompa\u00f1ado de un correcto control normativo.<\/p>\n<p>Puedes encontrar <a href=\"https:\/\/www.elespanol.com\/quincemil\/articulos\/economia\/asi-fue-el-primer-foro-empresa-e-inteligencia-artificial-de-a-coruna\" target=\"_blank\" rel=\"noopener\"><span style=\"color: #000080;\"><strong>m\u00e1s informaci\u00f3n sobre el evento aqu\u00ed<\/strong><\/span><\/a>.<\/p>\n<\/div><\/div><style type=\"text\/css\">.fusion-body .fusion-builder-column-1{width:100% !important;margin-top : 20px;margin-bottom : 20px;}.fusion-builder-column-1 > .fusion-column-wrapper {padding-top : 0px !important;padding-right : 0px !important;margin-right : 1.92%;padding-bottom : 0px !important;padding-left : 0px !important;margin-left : 1.92%;}@media only screen and (max-width:1200px) {.fusion-body .fusion-builder-column-1{width:100% !important;order : 0;}.fusion-builder-column-1 > .fusion-column-wrapper {margin-right : 1.92%;margin-left : 1.92%;}}@media only screen and (max-width:640px) {.fusion-body .fusion-builder-column-1{width:100% !important;order : 0;}.fusion-builder-column-1 > .fusion-column-wrapper {margin-right : 1.92%;margin-left : 1.92%;}}<\/style><\/div><\/div><style type=\"text\/css\">.fusion-body .fusion-flex-container.fusion-builder-row-1{ padding-top : 0px;margin-top : 0px;padding-right : 0px;padding-bottom : 0px;margin-bottom : 0px;padding-left : 0px;}<\/style><\/div>\n","protected":false},"excerpt":{"rendered":"<p>Nicol\u00e1s S\u00e1nchez, chief data officer de Plexus Tech, debati\u00f3 sobre los beneficios de la IA Generativa en el primer Foro Empresa e IA del diario Quincemil<\/p>\n","protected":false},"author":1,"featured_media":35216,"comment_status":"open","ping_status":"open","sticky":false,"template":"","format":"standard","meta":[],"categories":[51,107,222],"tags":[],"yoast_head":"<!-- This site is optimized with the Yoast SEO plugin v17.4 - https:\/\/yoast.com\/wordpress\/plugins\/seo\/ -->\n<title>Plexus Tech, experto en IA, participa en el I Foro Empresa de Quincemil<\/title>\n<meta name=\"description\" content=\"Nicol\u00e1s S\u00e1nchez, de Plexus Tech, debati\u00f3 sobre los beneficios de la IA Generativa en el I Foro Empresa de Quincemil\" \/>\n<meta name=\"robots\" content=\"index, follow, max-snippet:-1, max-image-preview:large, max-video-preview:-1\" \/>\n<link rel=\"canonical\" href=\"https:\/\/www.plexus.es\/plexus-tech-como-experto-en-ia-participa-en-el-i-foro-empresa-de-quincemil\/\" \/>\n<meta property=\"og:locale\" content=\"pt_PT\" \/>\n<meta property=\"og:type\" content=\"article\" \/>\n<meta property=\"og:title\" content=\"Plexus Tech, experto en IA, participa en el I Foro Empresa de Quincemil\" \/>\n<meta property=\"og:description\" content=\"Nicol\u00e1s S\u00e1nchez, de Plexus Tech, debati\u00f3 sobre los beneficios de la IA Generativa en el I Foro Empresa de Quincemil\" \/>\n<meta property=\"og:url\" content=\"https:\/\/www.plexus.es\/plexus-tech-como-experto-en-ia-participa-en-el-i-foro-empresa-de-quincemil\/\" \/>\n<meta property=\"og:site_name\" content=\"Plexus Tech\" \/>\n<meta property=\"article:publisher\" content=\"https:\/\/www.facebook.com\/Plexus.Techno\" \/>\n<meta property=\"article:published_time\" content=\"2023-10-28T15:21:20+00:00\" \/>\n<meta property=\"article:modified_time\" content=\"2023-11-08T09:40:43+00:00\" \/>\n<meta property=\"og:image\" content=\"https:\/\/www.plexus.es\/wp-content\/uploads\/2023\/10\/web_01-copia.png\" \/>\n\t<meta property=\"og:image:width\" content=\"949\" \/>\n\t<meta property=\"og:image:height\" content=\"600\" \/>\n<meta name=\"twitter:card\" content=\"summary_large_image\" \/>\n<meta name=\"twitter:creator\" content=\"@plexustech_\" \/>\n<meta name=\"twitter:site\" content=\"@plexustech_\" \/>\n<meta name=\"twitter:label1\" content=\"Escrito por\" \/>\n\t<meta name=\"twitter:data1\" content=\"admin_plexus\" \/>\n\t<meta name=\"twitter:label2\" content=\"Tempo estimado de leitura\" \/>\n\t<meta name=\"twitter:data2\" content=\"6 minutos\" \/>\n<script type=\"application\/ld+json\" class=\"yoast-schema-graph\">{\"@context\":\"https:\/\/schema.org\",\"@graph\":[{\"@type\":\"Organization\",\"@id\":\"https:\/\/www.plexus.es\/#organization\",\"name\":\"Plexus Tech\",\"url\":\"https:\/\/www.plexus.es\/\",\"sameAs\":[\"https:\/\/www.facebook.com\/Plexus.Techno\",\"https:\/\/www.instagram.com\/plexus.tech\/\",\"https:\/\/www.linkedin.com\/company\/plexus-tech\/mycompany\/\",\"https:\/\/www.youtube.com\/user\/tecnologiasplexus\",\"https:\/\/twitter.com\/plexustech_\"],\"logo\":{\"@type\":\"ImageObject\",\"@id\":\"https:\/\/www.plexus.es\/#logo\",\"inLanguage\":\"pt-PT\",\"url\":\"https:\/\/www.plexus.es\/wp-content\/uploads\/2021\/11\/logo-plexus-2021.png\",\"contentUrl\":\"https:\/\/www.plexus.es\/wp-content\/uploads\/2021\/11\/logo-plexus-2021.png\",\"width\":600,\"height\":600,\"caption\":\"Plexus Tech\"},\"image\":{\"@id\":\"https:\/\/www.plexus.es\/#logo\"}},{\"@type\":\"WebSite\",\"@id\":\"https:\/\/www.plexus.es\/#website\",\"url\":\"https:\/\/www.plexus.es\/\",\"name\":\"Plexus Tech\",\"description\":\"Tecnolog\\u00eda con Alma\",\"publisher\":{\"@id\":\"https:\/\/www.plexus.es\/#organization\"},\"potentialAction\":[{\"@type\":\"SearchAction\",\"target\":{\"@type\":\"EntryPoint\",\"urlTemplate\":\"https:\/\/www.plexus.es\/?s={search_term_string}\"},\"query-input\":\"required name=search_term_string\"}],\"inLanguage\":\"pt-PT\"},{\"@type\":\"ImageObject\",\"@id\":\"https:\/\/www.plexus.es\/plexus-tech-como-experto-en-ia-participa-en-el-i-foro-empresa-de-quincemil\/#primaryimage\",\"inLanguage\":\"pt-PT\",\"url\":\"https:\/\/www.plexus.es\/wp-content\/uploads\/2023\/10\/web_01-copia.png\",\"contentUrl\":\"https:\/\/www.plexus.es\/wp-content\/uploads\/2023\/10\/web_01-copia.png\",\"width\":949,\"height\":600,\"caption\":\"Mesa de debate sobre IA Generativa, con Nicol\\u00e1s S\\u00e1nchez Roel, en el I Foro Empresa e IA del diario Quincemil\"},{\"@type\":\"WebPage\",\"@id\":\"https:\/\/www.plexus.es\/plexus-tech-como-experto-en-ia-participa-en-el-i-foro-empresa-de-quincemil\/#webpage\",\"url\":\"https:\/\/www.plexus.es\/plexus-tech-como-experto-en-ia-participa-en-el-i-foro-empresa-de-quincemil\/\",\"name\":\"Plexus Tech, experto en IA, participa en el I Foro Empresa de Quincemil\",\"isPartOf\":{\"@id\":\"https:\/\/www.plexus.es\/#website\"},\"primaryImageOfPage\":{\"@id\":\"https:\/\/www.plexus.es\/plexus-tech-como-experto-en-ia-participa-en-el-i-foro-empresa-de-quincemil\/#primaryimage\"},\"datePublished\":\"2023-10-28T15:21:20+00:00\",\"dateModified\":\"2023-11-08T09:40:43+00:00\",\"description\":\"Nicol\\u00e1s S\\u00e1nchez, de Plexus Tech, debati\\u00f3 sobre los beneficios de la IA Generativa en el I Foro Empresa de Quincemil\",\"breadcrumb\":{\"@id\":\"https:\/\/www.plexus.es\/plexus-tech-como-experto-en-ia-participa-en-el-i-foro-empresa-de-quincemil\/#breadcrumb\"},\"inLanguage\":\"pt-PT\",\"potentialAction\":[{\"@type\":\"ReadAction\",\"target\":[\"https:\/\/www.plexus.es\/plexus-tech-como-experto-en-ia-participa-en-el-i-foro-empresa-de-quincemil\/\"]}]},{\"@type\":\"BreadcrumbList\",\"@id\":\"https:\/\/www.plexus.es\/plexus-tech-como-experto-en-ia-participa-en-el-i-foro-empresa-de-quincemil\/#breadcrumb\",\"itemListElement\":[{\"@type\":\"ListItem\",\"position\":1,\"name\":\"Home\",\"item\":\"https:\/\/www.plexus.es\/\"},{\"@type\":\"ListItem\",\"position\":2,\"name\":\"Plexus Tech, experto en IA, participa en el I Foro Empresa de Quincemil\"}]},{\"@type\":\"Article\",\"@id\":\"https:\/\/www.plexus.es\/plexus-tech-como-experto-en-ia-participa-en-el-i-foro-empresa-de-quincemil\/#article\",\"isPartOf\":{\"@id\":\"https:\/\/www.plexus.es\/plexus-tech-como-experto-en-ia-participa-en-el-i-foro-empresa-de-quincemil\/#webpage\"},\"author\":{\"@id\":\"https:\/\/www.plexus.es\/#\/schema\/person\/8f02d5ce6d7b659fa68b0e90317c5171\"},\"headline\":\"Plexus Tech, experto en IA, participa en el I Foro Empresa de Quincemil\",\"datePublished\":\"2023-10-28T15:21:20+00:00\",\"dateModified\":\"2023-11-08T09:40:43+00:00\",\"mainEntityOfPage\":{\"@id\":\"https:\/\/www.plexus.es\/plexus-tech-como-experto-en-ia-participa-en-el-i-foro-empresa-de-quincemil\/#webpage\"},\"wordCount\":1440,\"commentCount\":0,\"publisher\":{\"@id\":\"https:\/\/www.plexus.es\/#organization\"},\"image\":{\"@id\":\"https:\/\/www.plexus.es\/plexus-tech-como-experto-en-ia-participa-en-el-i-foro-empresa-de-quincemil\/#primaryimage\"},\"thumbnailUrl\":\"https:\/\/www.plexus.es\/wp-content\/uploads\/2023\/10\/web_01-copia.png\",\"articleSection\":[\"En los medios\",\"Eventos\",\"Tech&amp;Innovaci\\u00f3n\"],\"inLanguage\":\"pt-PT\",\"potentialAction\":[{\"@type\":\"CommentAction\",\"name\":\"Comment\",\"target\":[\"https:\/\/www.plexus.es\/plexus-tech-como-experto-en-ia-participa-en-el-i-foro-empresa-de-quincemil\/#respond\"]}]},{\"@type\":\"Person\",\"@id\":\"https:\/\/www.plexus.es\/#\/schema\/person\/8f02d5ce6d7b659fa68b0e90317c5171\",\"name\":\"admin_plexus\",\"image\":{\"@type\":\"ImageObject\",\"@id\":\"https:\/\/www.plexus.es\/#personlogo\",\"inLanguage\":\"pt-PT\",\"url\":\"https:\/\/secure.gravatar.com\/avatar\/c1d7caf9a4063a74393abcf91991e9cd?s=96&d=mm&r=g\",\"contentUrl\":\"https:\/\/secure.gravatar.com\/avatar\/c1d7caf9a4063a74393abcf91991e9cd?s=96&d=mm&r=g\",\"caption\":\"admin_plexus\"},\"sameAs\":[\"https:\/\/www.plexus.es\"]}]}<\/script>\n<!-- \/ Yoast SEO plugin. -->","yoast_head_json":{"title":"Plexus Tech, experto en IA, participa en el I Foro Empresa de Quincemil","description":"Nicol\u00e1s S\u00e1nchez, de Plexus Tech, debati\u00f3 sobre los beneficios de la IA Generativa en el I Foro Empresa de Quincemil","robots":{"index":"index","follow":"follow","max-snippet":"max-snippet:-1","max-image-preview":"max-image-preview:large","max-video-preview":"max-video-preview:-1"},"canonical":"https:\/\/www.plexus.es\/plexus-tech-como-experto-en-ia-participa-en-el-i-foro-empresa-de-quincemil\/","og_locale":"pt_PT","og_type":"article","og_title":"Plexus Tech, experto en IA, participa en el I Foro Empresa de Quincemil","og_description":"Nicol\u00e1s S\u00e1nchez, de Plexus Tech, debati\u00f3 sobre los beneficios de la IA Generativa en el I Foro Empresa de Quincemil","og_url":"https:\/\/www.plexus.es\/plexus-tech-como-experto-en-ia-participa-en-el-i-foro-empresa-de-quincemil\/","og_site_name":"Plexus Tech","article_publisher":"https:\/\/www.facebook.com\/Plexus.Techno","article_published_time":"2023-10-28T15:21:20+00:00","article_modified_time":"2023-11-08T09:40:43+00:00","og_image":[{"width":949,"height":600,"url":"https:\/\/www.plexus.es\/wp-content\/uploads\/2023\/10\/web_01-copia.png","type":"image\/png"}],"twitter_card":"summary_large_image","twitter_creator":"@plexustech_","twitter_site":"@plexustech_","twitter_misc":{"Escrito por":"admin_plexus","Tempo estimado de leitura":"6 minutos"},"schema":{"@context":"https:\/\/schema.org","@graph":[{"@type":"Organization","@id":"https:\/\/www.plexus.es\/#organization","name":"Plexus Tech","url":"https:\/\/www.plexus.es\/","sameAs":["https:\/\/www.facebook.com\/Plexus.Techno","https:\/\/www.instagram.com\/plexus.tech\/","https:\/\/www.linkedin.com\/company\/plexus-tech\/mycompany\/","https:\/\/www.youtube.com\/user\/tecnologiasplexus","https:\/\/twitter.com\/plexustech_"],"logo":{"@type":"ImageObject","@id":"https:\/\/www.plexus.es\/#logo","inLanguage":"pt-PT","url":"https:\/\/www.plexus.es\/wp-content\/uploads\/2021\/11\/logo-plexus-2021.png","contentUrl":"https:\/\/www.plexus.es\/wp-content\/uploads\/2021\/11\/logo-plexus-2021.png","width":600,"height":600,"caption":"Plexus Tech"},"image":{"@id":"https:\/\/www.plexus.es\/#logo"}},{"@type":"WebSite","@id":"https:\/\/www.plexus.es\/#website","url":"https:\/\/www.plexus.es\/","name":"Plexus Tech","description":"Tecnolog\u00eda con Alma","publisher":{"@id":"https:\/\/www.plexus.es\/#organization"},"potentialAction":[{"@type":"SearchAction","target":{"@type":"EntryPoint","urlTemplate":"https:\/\/www.plexus.es\/?s={search_term_string}"},"query-input":"required name=search_term_string"}],"inLanguage":"pt-PT"},{"@type":"ImageObject","@id":"https:\/\/www.plexus.es\/plexus-tech-como-experto-en-ia-participa-en-el-i-foro-empresa-de-quincemil\/#primaryimage","inLanguage":"pt-PT","url":"https:\/\/www.plexus.es\/wp-content\/uploads\/2023\/10\/web_01-copia.png","contentUrl":"https:\/\/www.plexus.es\/wp-content\/uploads\/2023\/10\/web_01-copia.png","width":949,"height":600,"caption":"Mesa de debate sobre IA Generativa, con Nicol\u00e1s S\u00e1nchez Roel, en el I Foro Empresa e IA del diario Quincemil"},{"@type":"WebPage","@id":"https:\/\/www.plexus.es\/plexus-tech-como-experto-en-ia-participa-en-el-i-foro-empresa-de-quincemil\/#webpage","url":"https:\/\/www.plexus.es\/plexus-tech-como-experto-en-ia-participa-en-el-i-foro-empresa-de-quincemil\/","name":"Plexus Tech, experto en IA, participa en el I Foro Empresa de Quincemil","isPartOf":{"@id":"https:\/\/www.plexus.es\/#website"},"primaryImageOfPage":{"@id":"https:\/\/www.plexus.es\/plexus-tech-como-experto-en-ia-participa-en-el-i-foro-empresa-de-quincemil\/#primaryimage"},"datePublished":"2023-10-28T15:21:20+00:00","dateModified":"2023-11-08T09:40:43+00:00","description":"Nicol\u00e1s S\u00e1nchez, de Plexus Tech, debati\u00f3 sobre los beneficios de la IA Generativa en el I Foro Empresa de Quincemil","breadcrumb":{"@id":"https:\/\/www.plexus.es\/plexus-tech-como-experto-en-ia-participa-en-el-i-foro-empresa-de-quincemil\/#breadcrumb"},"inLanguage":"pt-PT","potentialAction":[{"@type":"ReadAction","target":["https:\/\/www.plexus.es\/plexus-tech-como-experto-en-ia-participa-en-el-i-foro-empresa-de-quincemil\/"]}]},{"@type":"BreadcrumbList","@id":"https:\/\/www.plexus.es\/plexus-tech-como-experto-en-ia-participa-en-el-i-foro-empresa-de-quincemil\/#breadcrumb","itemListElement":[{"@type":"ListItem","position":1,"name":"Home","item":"https:\/\/www.plexus.es\/"},{"@type":"ListItem","position":2,"name":"Plexus Tech, experto en IA, participa en el I Foro Empresa de Quincemil"}]},{"@type":"Article","@id":"https:\/\/www.plexus.es\/plexus-tech-como-experto-en-ia-participa-en-el-i-foro-empresa-de-quincemil\/#article","isPartOf":{"@id":"https:\/\/www.plexus.es\/plexus-tech-como-experto-en-ia-participa-en-el-i-foro-empresa-de-quincemil\/#webpage"},"author":{"@id":"https:\/\/www.plexus.es\/#\/schema\/person\/8f02d5ce6d7b659fa68b0e90317c5171"},"headline":"Plexus Tech, experto en IA, participa en el I Foro Empresa de Quincemil","datePublished":"2023-10-28T15:21:20+00:00","dateModified":"2023-11-08T09:40:43+00:00","mainEntityOfPage":{"@id":"https:\/\/www.plexus.es\/plexus-tech-como-experto-en-ia-participa-en-el-i-foro-empresa-de-quincemil\/#webpage"},"wordCount":1440,"commentCount":0,"publisher":{"@id":"https:\/\/www.plexus.es\/#organization"},"image":{"@id":"https:\/\/www.plexus.es\/plexus-tech-como-experto-en-ia-participa-en-el-i-foro-empresa-de-quincemil\/#primaryimage"},"thumbnailUrl":"https:\/\/www.plexus.es\/wp-content\/uploads\/2023\/10\/web_01-copia.png","articleSection":["En los medios","Eventos","Tech&amp;Innovaci\u00f3n"],"inLanguage":"pt-PT","potentialAction":[{"@type":"CommentAction","name":"Comment","target":["https:\/\/www.plexus.es\/plexus-tech-como-experto-en-ia-participa-en-el-i-foro-empresa-de-quincemil\/#respond"]}]},{"@type":"Person","@id":"https:\/\/www.plexus.es\/#\/schema\/person\/8f02d5ce6d7b659fa68b0e90317c5171","name":"admin_plexus","image":{"@type":"ImageObject","@id":"https:\/\/www.plexus.es\/#personlogo","inLanguage":"pt-PT","url":"https:\/\/secure.gravatar.com\/avatar\/c1d7caf9a4063a74393abcf91991e9cd?s=96&d=mm&r=g","contentUrl":"https:\/\/secure.gravatar.com\/avatar\/c1d7caf9a4063a74393abcf91991e9cd?s=96&d=mm&r=g","caption":"admin_plexus"},"sameAs":["https:\/\/www.plexus.es"]}]}},"_links":{"self":[{"href":"https:\/\/www.plexus.es\/pt-pt\/wp-json\/wp\/v2\/posts\/35197"}],"collection":[{"href":"https:\/\/www.plexus.es\/pt-pt\/wp-json\/wp\/v2\/posts"}],"about":[{"href":"https:\/\/www.plexus.es\/pt-pt\/wp-json\/wp\/v2\/types\/post"}],"author":[{"embeddable":true,"href":"https:\/\/www.plexus.es\/pt-pt\/wp-json\/wp\/v2\/users\/1"}],"replies":[{"embeddable":true,"href":"https:\/\/www.plexus.es\/pt-pt\/wp-json\/wp\/v2\/comments?post=35197"}],"version-history":[{"count":7,"href":"https:\/\/www.plexus.es\/pt-pt\/wp-json\/wp\/v2\/posts\/35197\/revisions"}],"predecessor-version":[{"id":35324,"href":"https:\/\/www.plexus.es\/pt-pt\/wp-json\/wp\/v2\/posts\/35197\/revisions\/35324"}],"wp:featuredmedia":[{"embeddable":true,"href":"https:\/\/www.plexus.es\/pt-pt\/wp-json\/wp\/v2\/media\/35216"}],"wp:attachment":[{"href":"https:\/\/www.plexus.es\/pt-pt\/wp-json\/wp\/v2\/media?parent=35197"}],"wp:term":[{"taxonomy":"category","embeddable":true,"href":"https:\/\/www.plexus.es\/pt-pt\/wp-json\/wp\/v2\/categories?post=35197"},{"taxonomy":"post_tag","embeddable":true,"href":"https:\/\/www.plexus.es\/pt-pt\/wp-json\/wp\/v2\/tags?post=35197"}],"curies":[{"name":"wp","href":"https:\/\/api.w.org\/{rel}","templated":true}]}}