{"id":44405,"date":"2024-06-21T16:22:24","date_gmt":"2024-06-21T14:22:24","guid":{"rendered":"https:\/\/www.plexus.es\/?p=44405"},"modified":"2024-10-03T13:35:28","modified_gmt":"2024-10-03T11:35:28","slug":"liferay-reconoce-nuestro-servicio-como-partners","status":"publish","type":"post","link":"https:\/\/www.plexus.es\/pt-pt\/liferay-reconoce-nuestro-servicio-como-partners\/","title":{"rendered":"Liferay reconoce nuestro servicio como partners en el Customer Summit"},"content":{"rendered":"<div class=\"fusion-fullwidth fullwidth-box fusion-builder-row-1 fusion-flex-container container-detail-news plexus_css nonhundred-percent-fullwidth non-hundred-percent-height-scrolling\" style=\"background-color: rgba(255,255,255,0);background-position: center center;background-repeat: no-repeat;border-width: 0px 0px 0px 0px;border-color:#e8ebef;border-style:solid;\" ><div class=\"fusion-builder-row fusion-row fusion-flex-align-items-flex-start\" style=\"max-width:1310.4px;margin-left: calc(-4% \/ 2 );margin-right: calc(-4% \/ 2 );\"><div class=\"fusion-layout-column fusion_builder_column fusion-builder-column-0 fusion_builder_column_1_1 1_1 fusion-flex-column fusion-flex-align-self-stretch\"><div class=\"fusion-column-wrapper fusion-flex-justify-content-center fusion-content-layout-column\" style=\"background-position:left top;background-repeat:no-repeat;-webkit-background-size:cover;-moz-background-size:cover;-o-background-size:cover;background-size:cover;padding: 0px 0px 0px 0px;\"><div style=\"text-align:center;\"><span class=\" fusion-imageframe imageframe-none imageframe-1 hover-type-none\" style=\"border-radius:12px;margin-top:0px;margin-right:0px;margin-bottom:0px;margin-left:0px;\"><a class=\"fusion-no-lightbox\" href=\"https:\/\/www.linkedin.com\/posts\/plexus-tech_goodnews-gemelosdigitales-platgdia-activity-7146514515004735488-uBrB?utm_source=share&amp;utm_medium=member_desktop\" target=\"_self\" aria-label=\"IMG_2746\"><img width=\"1640\" height=\"1242\" alt=\"Christian Rodr\u00edguez, director de Alianzas, y Alberto Llanos, director del \u00e1rea de Desarrollo y Negocio, representando a Plexus Tech, en el Liferay Customer Summit 2024\" src=\"https:\/\/www.plexus.es\/wp-content\/uploads\/2024\/10\/IMG_2746.jpeg\" data-orig-src=\"https:\/\/www.plexus.es\/wp-content\/uploads\/2024\/10\/IMG_2746.jpeg\" class=\"lazyload img-responsive wp-image-44411\" srcset=\"data:image\/svg+xml,%3Csvg%20xmlns%3D%27http%3A%2F%2Fwww.w3.org%2F2000%2Fsvg%27%20width%3D%271640%27%20height%3D%271242%27%20viewBox%3D%270%200%201640%201242%27%3E%3Crect%20width%3D%271640%27%20height%3D%271242%27%20fill-opacity%3D%220%22%2F%3E%3C%2Fsvg%3E\" data-srcset=\"https:\/\/www.plexus.es\/wp-content\/uploads\/2024\/10\/IMG_2746-200x151.jpeg 200w, https:\/\/www.plexus.es\/wp-content\/uploads\/2024\/10\/IMG_2746-400x303.jpeg 400w, https:\/\/www.plexus.es\/wp-content\/uploads\/2024\/10\/IMG_2746-600x454.jpeg 600w, https:\/\/www.plexus.es\/wp-content\/uploads\/2024\/10\/IMG_2746-800x606.jpeg 800w, https:\/\/www.plexus.es\/wp-content\/uploads\/2024\/10\/IMG_2746-1200x909.jpeg 1200w, https:\/\/www.plexus.es\/wp-content\/uploads\/2024\/10\/IMG_2746.jpeg 1640w\" data-sizes=\"auto\" data-orig-sizes=\"(max-width: 640px) 100vw, 1640px\" \/><\/a><\/span><\/div><\/div><style type=\"text\/css\">.fusion-body .fusion-builder-column-0{width:100% !important;margin-top : 0px;margin-bottom : 0px;}.fusion-builder-column-0 > .fusion-column-wrapper {padding-top : 0 !important;padding-right : 0px !important;margin-right : 1.92%;padding-bottom : 0 !important;padding-left : 0px !important;margin-left : 1.92%;}@media only screen and (max-width:1200px) {.fusion-body .fusion-builder-column-0{width:100% !important;order : 0;}.fusion-builder-column-0 > .fusion-column-wrapper {margin-right : 1.92%;margin-left : 1.92%;}}@media only screen and (max-width:640px) {.fusion-body .fusion-builder-column-0{width:100% !important;order : 0;}.fusion-builder-column-0 > .fusion-column-wrapper {margin-right : 1.92%;margin-left : 1.92%;}}<\/style><\/div><div class=\"fusion-layout-column fusion_builder_column fusion-builder-column-1 fusion_builder_column_1_1 1_1 fusion-flex-column\"><div class=\"fusion-column-wrapper fusion-flex-justify-content-flex-start fusion-content-layout-column\" style=\"background-position:left top;background-repeat:no-repeat;-webkit-background-size:cover;-moz-background-size:cover;-o-background-size:cover;background-size:cover;padding: 0px 0px 0px 0px;\"><div class=\"fusion-text fusion-text-1\"><ul>\n<li>\n<h2>Alberto Llanos, en nombre del equipo que trabaja con Liferay, recibi\u00f3 el reconocimiento en el Customer Summit 2024.<\/h2>\n<\/li>\n<\/ul>\n<p>Un reconocimiento que nos llena de orgullo. Con motivo de su evento anual para clientes, el <a href=\"https:\/\/www.liferay.com\/es\/web\/events\/customer-summit-madrid-2024\" target=\"_blank\" rel=\"noopener\"><strong>Customer Summit 2024<\/strong><\/a>, <strong>Liferay nos ha reconocido por nuestro gran servicio<\/strong>. Nuestro <a href=\"https:\/\/www.plexus.es\/corporativo\/partners\/\" target=\"_blank\" rel=\"noopener\"><strong>partner<\/strong><\/a>\u00a0ha puesto en valor el trabajo que realizamos junto a ellos en todos estos a\u00f1os.<\/p>\n<p>El reconocimiento <strong>fue otorgado a nuestro gerente del \u00e1rea de Desarrollo y Negocio, Alberto Llanos<\/strong>, en representaci\u00f3n de todo el equipo de Plexus Tech que trabaja con Liferay. Este destaca nuestro compromiso con ellos y esa pasi\u00f3n que compartimos por hacer <strong>tecnolog\u00eda que mejore la vida de las personas y las empresas<\/strong>.<\/p>\n<p>Desde Plexus Tech <strong>estamos muy agradecidos a Liferay<\/strong> por darnos este premio. Asimismo, ha sido un honor haberlo recibido de manos de <strong>Miguel \u00c1ngel Echeverr\u00eda<\/strong>, Alliance Director y Senior Account Manager de la compa\u00f1\u00eda.<\/p>\n<p>Cabe destacar que la entrega se produjo en el marco de<strong> un Customer Summit que, un a\u00f1o m\u00e1s, hemos patrocinado<\/strong>. El encuentro exclusivo celebrado en Madrid sirvi\u00f3 para conectar con expertos del sector y <strong>descubrir las nuevas experiencias digitales en un entorno tecnol\u00f3gico en el que la IA Generativa<\/strong> es la gran protagonista.<\/p>\n<p>Adem\u00e1s, tambi\u00e9n pudimos sacar valiosa informaci\u00f3n sobre la plataforma de experiencia digital de Liferay, conocer las novedades que traer\u00e1 este a\u00f1o y abordar <strong>los retos de futuro<\/strong>.<\/p>\n<p>Para ello, acompa\u00f1ando a Alberto Llanos, estuvo tambi\u00e9n nuestro director de Alianzas, Christian Rodr\u00edguez.<\/p>\n<\/div><\/div><style type=\"text\/css\">.fusion-body .fusion-builder-column-1{width:100% !important;margin-top : 20px;margin-bottom : 20px;}.fusion-builder-column-1 > .fusion-column-wrapper {padding-top : 0px !important;padding-right : 0px !important;margin-right : 1.92%;padding-bottom : 0px !important;padding-left : 0px !important;margin-left : 1.92%;}@media only screen and (max-width:1200px) {.fusion-body .fusion-builder-column-1{width:100% !important;order : 0;}.fusion-builder-column-1 > .fusion-column-wrapper {margin-right : 1.92%;margin-left : 1.92%;}}@media only screen and (max-width:640px) {.fusion-body .fusion-builder-column-1{width:100% !important;order : 0;}.fusion-builder-column-1 > .fusion-column-wrapper {margin-right : 1.92%;margin-left : 1.92%;}}<\/style><\/div><\/div><style type=\"text\/css\">.fusion-body .fusion-flex-container.fusion-builder-row-1{ padding-top : 0px;margin-top : 0;padding-right : 0px;padding-bottom : 0px;margin-bottom : 0;padding-left : 0px;}<\/style><\/div>\n","protected":false},"excerpt":{"rendered":"<p>Alberto Llanos, en nombre del equipo de Plexus Tech que trabaja con Liferay, recibi\u00f3 el reconocimiento en el Customer Summit 2024.<\/p>\n","protected":false},"author":1,"featured_media":44418,"comment_status":"open","ping_status":"open","sticky":false,"template":"","format":"standard","meta":[],"categories":[107,222],"tags":[],"yoast_head":"<!-- This site is optimized with the Yoast SEO plugin v17.4 - https:\/\/yoast.com\/wordpress\/plugins\/seo\/ -->\n<title>Liferay reconoce nuestro servicio como partners en el Customer Summit<\/title>\n<meta name=\"description\" content=\"Alberto Llanos, en nombre del equipo de Plexus Tech que trabaja con Liferay, recibi\u00f3 el reconocimiento en el Customer Summit 2024.\" \/>\n<meta name=\"robots\" content=\"index, follow, max-snippet:-1, max-image-preview:large, max-video-preview:-1\" \/>\n<link rel=\"canonical\" href=\"https:\/\/www.plexus.es\/liferay-reconoce-nuestro-servicio-como-partners\/\" \/>\n<meta property=\"og:locale\" content=\"pt_PT\" \/>\n<meta property=\"og:type\" content=\"article\" \/>\n<meta property=\"og:title\" content=\"Liferay reconoce nuestro servicio como partners en el Customer Summit\" \/>\n<meta property=\"og:description\" content=\"Alberto Llanos, en nombre del equipo de Plexus Tech que trabaja con Liferay, recibi\u00f3 el reconocimiento en el Customer Summit 2024.\" \/>\n<meta property=\"og:url\" content=\"https:\/\/www.plexus.es\/liferay-reconoce-nuestro-servicio-como-partners\/\" \/>\n<meta property=\"og:site_name\" content=\"Plexus Tech\" \/>\n<meta property=\"article:publisher\" content=\"https:\/\/www.facebook.com\/Plexus.Techno\" \/>\n<meta property=\"article:published_time\" content=\"2024-06-21T14:22:24+00:00\" \/>\n<meta property=\"article:modified_time\" content=\"2024-10-03T11:35:28+00:00\" \/>\n<meta property=\"og:image\" content=\"https:\/\/www.plexus.es\/wp-content\/uploads\/2024\/10\/web_01-1.png\" \/>\n\t<meta property=\"og:image:width\" content=\"948\" \/>\n\t<meta property=\"og:image:height\" content=\"600\" \/>\n<meta name=\"twitter:card\" content=\"summary_large_image\" \/>\n<meta name=\"twitter:creator\" content=\"@plexustech_\" \/>\n<meta name=\"twitter:site\" content=\"@plexustech_\" \/>\n<meta name=\"twitter:label1\" content=\"Escrito por\" \/>\n\t<meta name=\"twitter:data1\" content=\"admin_plexus\" \/>\n\t<meta name=\"twitter:label2\" content=\"Tempo estimado de leitura\" \/>\n\t<meta name=\"twitter:data2\" content=\"5 minutos\" \/>\n<script type=\"application\/ld+json\" class=\"yoast-schema-graph\">{\"@context\":\"https:\/\/schema.org\",\"@graph\":[{\"@type\":\"Organization\",\"@id\":\"https:\/\/www.plexus.es\/#organization\",\"name\":\"Plexus Tech\",\"url\":\"https:\/\/www.plexus.es\/\",\"sameAs\":[\"https:\/\/www.facebook.com\/Plexus.Techno\",\"https:\/\/www.instagram.com\/plexus.tech\/\",\"https:\/\/www.linkedin.com\/company\/plexus-tech\/mycompany\/\",\"https:\/\/www.youtube.com\/user\/tecnologiasplexus\",\"https:\/\/twitter.com\/plexustech_\"],\"logo\":{\"@type\":\"ImageObject\",\"@id\":\"https:\/\/www.plexus.es\/#logo\",\"inLanguage\":\"pt-PT\",\"url\":\"https:\/\/www.plexus.es\/wp-content\/uploads\/2021\/11\/logo-plexus-2021.png\",\"contentUrl\":\"https:\/\/www.plexus.es\/wp-content\/uploads\/2021\/11\/logo-plexus-2021.png\",\"width\":600,\"height\":600,\"caption\":\"Plexus Tech\"},\"image\":{\"@id\":\"https:\/\/www.plexus.es\/#logo\"}},{\"@type\":\"WebSite\",\"@id\":\"https:\/\/www.plexus.es\/#website\",\"url\":\"https:\/\/www.plexus.es\/\",\"name\":\"Plexus Tech\",\"description\":\"Tecnolog\\u00eda con Alma\",\"publisher\":{\"@id\":\"https:\/\/www.plexus.es\/#organization\"},\"potentialAction\":[{\"@type\":\"SearchAction\",\"target\":{\"@type\":\"EntryPoint\",\"urlTemplate\":\"https:\/\/www.plexus.es\/?s={search_term_string}\"},\"query-input\":\"required name=search_term_string\"}],\"inLanguage\":\"pt-PT\"},{\"@type\":\"ImageObject\",\"@id\":\"https:\/\/www.plexus.es\/liferay-reconoce-nuestro-servicio-como-partners\/#primaryimage\",\"inLanguage\":\"pt-PT\",\"url\":\"https:\/\/www.plexus.es\/wp-content\/uploads\/2024\/10\/web_01-1.png\",\"contentUrl\":\"https:\/\/www.plexus.es\/wp-content\/uploads\/2024\/10\/web_01-1.png\",\"width\":948,\"height\":600,\"caption\":\"Christian Rodr\\u00edguez, director de Alianzas, y Alberto Llanos, director del \\u00e1rea de Desarrollo y Negocio, representando a Plexus Tech, en el Liferay Customer Summit 2024\"},{\"@type\":\"WebPage\",\"@id\":\"https:\/\/www.plexus.es\/liferay-reconoce-nuestro-servicio-como-partners\/#webpage\",\"url\":\"https:\/\/www.plexus.es\/liferay-reconoce-nuestro-servicio-como-partners\/\",\"name\":\"Liferay reconoce nuestro servicio como partners en el Customer Summit\",\"isPartOf\":{\"@id\":\"https:\/\/www.plexus.es\/#website\"},\"primaryImageOfPage\":{\"@id\":\"https:\/\/www.plexus.es\/liferay-reconoce-nuestro-servicio-como-partners\/#primaryimage\"},\"datePublished\":\"2024-06-21T14:22:24+00:00\",\"dateModified\":\"2024-10-03T11:35:28+00:00\",\"description\":\"Alberto Llanos, en nombre del equipo de Plexus Tech que trabaja con Liferay, recibi\\u00f3 el reconocimiento en el Customer Summit 2024.\",\"breadcrumb\":{\"@id\":\"https:\/\/www.plexus.es\/liferay-reconoce-nuestro-servicio-como-partners\/#breadcrumb\"},\"inLanguage\":\"pt-PT\",\"potentialAction\":[{\"@type\":\"ReadAction\",\"target\":[\"https:\/\/www.plexus.es\/liferay-reconoce-nuestro-servicio-como-partners\/\"]}]},{\"@type\":\"BreadcrumbList\",\"@id\":\"https:\/\/www.plexus.es\/liferay-reconoce-nuestro-servicio-como-partners\/#breadcrumb\",\"itemListElement\":[{\"@type\":\"ListItem\",\"position\":1,\"name\":\"Home\",\"item\":\"https:\/\/www.plexus.es\/\"},{\"@type\":\"ListItem\",\"position\":2,\"name\":\"Liferay reconoce nuestro servicio como partners en el Customer Summit\"}]},{\"@type\":\"Article\",\"@id\":\"https:\/\/www.plexus.es\/liferay-reconoce-nuestro-servicio-como-partners\/#article\",\"isPartOf\":{\"@id\":\"https:\/\/www.plexus.es\/liferay-reconoce-nuestro-servicio-como-partners\/#webpage\"},\"author\":{\"@id\":\"https:\/\/www.plexus.es\/#\/schema\/person\/8f02d5ce6d7b659fa68b0e90317c5171\"},\"headline\":\"Liferay reconoce nuestro servicio como partners en el Customer Summit\",\"datePublished\":\"2024-06-21T14:22:24+00:00\",\"dateModified\":\"2024-10-03T11:35:28+00:00\",\"mainEntityOfPage\":{\"@id\":\"https:\/\/www.plexus.es\/liferay-reconoce-nuestro-servicio-como-partners\/#webpage\"},\"wordCount\":1347,\"commentCount\":0,\"publisher\":{\"@id\":\"https:\/\/www.plexus.es\/#organization\"},\"image\":{\"@id\":\"https:\/\/www.plexus.es\/liferay-reconoce-nuestro-servicio-como-partners\/#primaryimage\"},\"thumbnailUrl\":\"https:\/\/www.plexus.es\/wp-content\/uploads\/2024\/10\/web_01-1.png\",\"articleSection\":[\"Eventos\",\"Tech&amp;Innovaci\\u00f3n\"],\"inLanguage\":\"pt-PT\",\"potentialAction\":[{\"@type\":\"CommentAction\",\"name\":\"Comment\",\"target\":[\"https:\/\/www.plexus.es\/liferay-reconoce-nuestro-servicio-como-partners\/#respond\"]}]},{\"@type\":\"Person\",\"@id\":\"https:\/\/www.plexus.es\/#\/schema\/person\/8f02d5ce6d7b659fa68b0e90317c5171\",\"name\":\"admin_plexus\",\"image\":{\"@type\":\"ImageObject\",\"@id\":\"https:\/\/www.plexus.es\/#personlogo\",\"inLanguage\":\"pt-PT\",\"url\":\"https:\/\/secure.gravatar.com\/avatar\/c1d7caf9a4063a74393abcf91991e9cd?s=96&d=mm&r=g\",\"contentUrl\":\"https:\/\/secure.gravatar.com\/avatar\/c1d7caf9a4063a74393abcf91991e9cd?s=96&d=mm&r=g\",\"caption\":\"admin_plexus\"},\"sameAs\":[\"https:\/\/www.plexus.es\"]}]}<\/script>\n<!-- \/ Yoast SEO plugin. -->","yoast_head_json":{"title":"Liferay reconoce nuestro servicio como partners en el Customer Summit","description":"Alberto Llanos, en nombre del equipo de Plexus Tech que trabaja con Liferay, recibi\u00f3 el reconocimiento en el Customer Summit 2024.","robots":{"index":"index","follow":"follow","max-snippet":"max-snippet:-1","max-image-preview":"max-image-preview:large","max-video-preview":"max-video-preview:-1"},"canonical":"https:\/\/www.plexus.es\/liferay-reconoce-nuestro-servicio-como-partners\/","og_locale":"pt_PT","og_type":"article","og_title":"Liferay reconoce nuestro servicio como partners en el Customer Summit","og_description":"Alberto Llanos, en nombre del equipo de Plexus Tech que trabaja con Liferay, recibi\u00f3 el reconocimiento en el Customer Summit 2024.","og_url":"https:\/\/www.plexus.es\/liferay-reconoce-nuestro-servicio-como-partners\/","og_site_name":"Plexus Tech","article_publisher":"https:\/\/www.facebook.com\/Plexus.Techno","article_published_time":"2024-06-21T14:22:24+00:00","article_modified_time":"2024-10-03T11:35:28+00:00","og_image":[{"width":948,"height":600,"url":"https:\/\/www.plexus.es\/wp-content\/uploads\/2024\/10\/web_01-1.png","type":"image\/png"}],"twitter_card":"summary_large_image","twitter_creator":"@plexustech_","twitter_site":"@plexustech_","twitter_misc":{"Escrito por":"admin_plexus","Tempo estimado de leitura":"5 minutos"},"schema":{"@context":"https:\/\/schema.org","@graph":[{"@type":"Organization","@id":"https:\/\/www.plexus.es\/#organization","name":"Plexus Tech","url":"https:\/\/www.plexus.es\/","sameAs":["https:\/\/www.facebook.com\/Plexus.Techno","https:\/\/www.instagram.com\/plexus.tech\/","https:\/\/www.linkedin.com\/company\/plexus-tech\/mycompany\/","https:\/\/www.youtube.com\/user\/tecnologiasplexus","https:\/\/twitter.com\/plexustech_"],"logo":{"@type":"ImageObject","@id":"https:\/\/www.plexus.es\/#logo","inLanguage":"pt-PT","url":"https:\/\/www.plexus.es\/wp-content\/uploads\/2021\/11\/logo-plexus-2021.png","contentUrl":"https:\/\/www.plexus.es\/wp-content\/uploads\/2021\/11\/logo-plexus-2021.png","width":600,"height":600,"caption":"Plexus Tech"},"image":{"@id":"https:\/\/www.plexus.es\/#logo"}},{"@type":"WebSite","@id":"https:\/\/www.plexus.es\/#website","url":"https:\/\/www.plexus.es\/","name":"Plexus Tech","description":"Tecnolog\u00eda con Alma","publisher":{"@id":"https:\/\/www.plexus.es\/#organization"},"potentialAction":[{"@type":"SearchAction","target":{"@type":"EntryPoint","urlTemplate":"https:\/\/www.plexus.es\/?s={search_term_string}"},"query-input":"required name=search_term_string"}],"inLanguage":"pt-PT"},{"@type":"ImageObject","@id":"https:\/\/www.plexus.es\/liferay-reconoce-nuestro-servicio-como-partners\/#primaryimage","inLanguage":"pt-PT","url":"https:\/\/www.plexus.es\/wp-content\/uploads\/2024\/10\/web_01-1.png","contentUrl":"https:\/\/www.plexus.es\/wp-content\/uploads\/2024\/10\/web_01-1.png","width":948,"height":600,"caption":"Christian Rodr\u00edguez, director de Alianzas, y Alberto Llanos, director del \u00e1rea de Desarrollo y Negocio, representando a Plexus Tech, en el Liferay Customer Summit 2024"},{"@type":"WebPage","@id":"https:\/\/www.plexus.es\/liferay-reconoce-nuestro-servicio-como-partners\/#webpage","url":"https:\/\/www.plexus.es\/liferay-reconoce-nuestro-servicio-como-partners\/","name":"Liferay reconoce nuestro servicio como partners en el Customer Summit","isPartOf":{"@id":"https:\/\/www.plexus.es\/#website"},"primaryImageOfPage":{"@id":"https:\/\/www.plexus.es\/liferay-reconoce-nuestro-servicio-como-partners\/#primaryimage"},"datePublished":"2024-06-21T14:22:24+00:00","dateModified":"2024-10-03T11:35:28+00:00","description":"Alberto Llanos, en nombre del equipo de Plexus Tech que trabaja con Liferay, recibi\u00f3 el reconocimiento en el Customer Summit 2024.","breadcrumb":{"@id":"https:\/\/www.plexus.es\/liferay-reconoce-nuestro-servicio-como-partners\/#breadcrumb"},"inLanguage":"pt-PT","potentialAction":[{"@type":"ReadAction","target":["https:\/\/www.plexus.es\/liferay-reconoce-nuestro-servicio-como-partners\/"]}]},{"@type":"BreadcrumbList","@id":"https:\/\/www.plexus.es\/liferay-reconoce-nuestro-servicio-como-partners\/#breadcrumb","itemListElement":[{"@type":"ListItem","position":1,"name":"Home","item":"https:\/\/www.plexus.es\/"},{"@type":"ListItem","position":2,"name":"Liferay reconoce nuestro servicio como partners en el Customer Summit"}]},{"@type":"Article","@id":"https:\/\/www.plexus.es\/liferay-reconoce-nuestro-servicio-como-partners\/#article","isPartOf":{"@id":"https:\/\/www.plexus.es\/liferay-reconoce-nuestro-servicio-como-partners\/#webpage"},"author":{"@id":"https:\/\/www.plexus.es\/#\/schema\/person\/8f02d5ce6d7b659fa68b0e90317c5171"},"headline":"Liferay reconoce nuestro servicio como partners en el Customer Summit","datePublished":"2024-06-21T14:22:24+00:00","dateModified":"2024-10-03T11:35:28+00:00","mainEntityOfPage":{"@id":"https:\/\/www.plexus.es\/liferay-reconoce-nuestro-servicio-como-partners\/#webpage"},"wordCount":1347,"commentCount":0,"publisher":{"@id":"https:\/\/www.plexus.es\/#organization"},"image":{"@id":"https:\/\/www.plexus.es\/liferay-reconoce-nuestro-servicio-como-partners\/#primaryimage"},"thumbnailUrl":"https:\/\/www.plexus.es\/wp-content\/uploads\/2024\/10\/web_01-1.png","articleSection":["Eventos","Tech&amp;Innovaci\u00f3n"],"inLanguage":"pt-PT","potentialAction":[{"@type":"CommentAction","name":"Comment","target":["https:\/\/www.plexus.es\/liferay-reconoce-nuestro-servicio-como-partners\/#respond"]}]},{"@type":"Person","@id":"https:\/\/www.plexus.es\/#\/schema\/person\/8f02d5ce6d7b659fa68b0e90317c5171","name":"admin_plexus","image":{"@type":"ImageObject","@id":"https:\/\/www.plexus.es\/#personlogo","inLanguage":"pt-PT","url":"https:\/\/secure.gravatar.com\/avatar\/c1d7caf9a4063a74393abcf91991e9cd?s=96&d=mm&r=g","contentUrl":"https:\/\/secure.gravatar.com\/avatar\/c1d7caf9a4063a74393abcf91991e9cd?s=96&d=mm&r=g","caption":"admin_plexus"},"sameAs":["https:\/\/www.plexus.es"]}]}},"_links":{"self":[{"href":"https:\/\/www.plexus.es\/pt-pt\/wp-json\/wp\/v2\/posts\/44405"}],"collection":[{"href":"https:\/\/www.plexus.es\/pt-pt\/wp-json\/wp\/v2\/posts"}],"about":[{"href":"https:\/\/www.plexus.es\/pt-pt\/wp-json\/wp\/v2\/types\/post"}],"author":[{"embeddable":true,"href":"https:\/\/www.plexus.es\/pt-pt\/wp-json\/wp\/v2\/users\/1"}],"replies":[{"embeddable":true,"href":"https:\/\/www.plexus.es\/pt-pt\/wp-json\/wp\/v2\/comments?post=44405"}],"version-history":[{"count":1,"href":"https:\/\/www.plexus.es\/pt-pt\/wp-json\/wp\/v2\/posts\/44405\/revisions"}],"predecessor-version":[{"id":44424,"href":"https:\/\/www.plexus.es\/pt-pt\/wp-json\/wp\/v2\/posts\/44405\/revisions\/44424"}],"wp:featuredmedia":[{"embeddable":true,"href":"https:\/\/www.plexus.es\/pt-pt\/wp-json\/wp\/v2\/media\/44418"}],"wp:attachment":[{"href":"https:\/\/www.plexus.es\/pt-pt\/wp-json\/wp\/v2\/media?parent=44405"}],"wp:term":[{"taxonomy":"category","embeddable":true,"href":"https:\/\/www.plexus.es\/pt-pt\/wp-json\/wp\/v2\/categories?post=44405"},{"taxonomy":"post_tag","embeddable":true,"href":"https:\/\/www.plexus.es\/pt-pt\/wp-json\/wp\/v2\/tags?post=44405"}],"curies":[{"name":"wp","href":"https:\/\/api.w.org\/{rel}","templated":true}]}}