{"id":44714,"date":"2024-03-25T11:00:37","date_gmt":"2024-03-25T10:00:37","guid":{"rendered":"https:\/\/www.plexus.es\/?p=44714"},"modified":"2024-10-08T17:20:02","modified_gmt":"2024-10-08T15:20:02","slug":"grado-empresa-y-tecnologia-usc-talento-plexus-tech","status":"publish","type":"post","link":"https:\/\/www.plexus.es\/pt-pt\/grado-empresa-y-tecnologia-usc-talento-plexus-tech\/","title":{"rendered":"El alumnado del Grado en Empresa y Tecnolog\u00eda de la USC visita Plexus Tech"},"content":{"rendered":"<div class=\"fusion-fullwidth fullwidth-box fusion-builder-row-1 fusion-flex-container container-detail-news plexus_css nonhundred-percent-fullwidth non-hundred-percent-height-scrolling\" style=\"background-color: rgba(255,255,255,0);background-position: center center;background-repeat: no-repeat;border-width: 0px 0px 0px 0px;border-color:#e8ebef;border-style:solid;\" ><div class=\"fusion-builder-row fusion-row fusion-flex-align-items-flex-start\" style=\"max-width:1310.4px;margin-left: calc(-4% \/ 2 );margin-right: calc(-4% \/ 2 );\"><div class=\"fusion-layout-column fusion_builder_column fusion-builder-column-0 fusion_builder_column_1_1 1_1 fusion-flex-column fusion-flex-align-self-stretch\"><div class=\"fusion-column-wrapper fusion-flex-justify-content-center fusion-content-layout-column\" style=\"background-position:left top;background-repeat:no-repeat;-webkit-background-size:cover;-moz-background-size:cover;-o-background-size:cover;background-size:cover;padding: 0px 0px 0px 0px;\"><div style=\"text-align:center;\"><span class=\" fusion-imageframe imageframe-none imageframe-1 hover-type-none\" style=\"border-radius:12px;margin-top:0px;margin-right:0px;margin-bottom:0px;margin-left:0px;\"><a class=\"fusion-no-lightbox\" href=\"https:\/\/www.linkedin.com\/posts\/plexus-tech_goodnews-gemelosdigitales-platgdia-activity-7146514515004735488-uBrB?utm_source=share&amp;utm_medium=member_desktop\" target=\"_self\" aria-label=\"Visita-Alumnos-USC-a-Plexus-Tech-800&#215;693\"><img width=\"800\" height=\"693\" alt=\"Visita de los alumnos del Grado en Empresa y Tecnolog\u00eda a la sede central de Plexus Tech\" src=\"https:\/\/www.plexus.es\/wp-content\/uploads\/2024\/10\/Visita-Alumnos-USC-a-Plexus-Tech-800x693-1.jpeg\" data-orig-src=\"https:\/\/www.plexus.es\/wp-content\/uploads\/2024\/10\/Visita-Alumnos-USC-a-Plexus-Tech-800x693-1.jpeg\" class=\"lazyload img-responsive wp-image-44720\" srcset=\"data:image\/svg+xml,%3Csvg%20xmlns%3D%27http%3A%2F%2Fwww.w3.org%2F2000%2Fsvg%27%20width%3D%27800%27%20height%3D%27693%27%20viewBox%3D%270%200%20800%20693%27%3E%3Crect%20width%3D%27800%27%20height%3D%27693%27%20fill-opacity%3D%220%22%2F%3E%3C%2Fsvg%3E\" data-srcset=\"https:\/\/www.plexus.es\/wp-content\/uploads\/2024\/10\/Visita-Alumnos-USC-a-Plexus-Tech-800x693-1-200x173.jpeg 200w, https:\/\/www.plexus.es\/wp-content\/uploads\/2024\/10\/Visita-Alumnos-USC-a-Plexus-Tech-800x693-1-400x347.jpeg 400w, https:\/\/www.plexus.es\/wp-content\/uploads\/2024\/10\/Visita-Alumnos-USC-a-Plexus-Tech-800x693-1-600x520.jpeg 600w, https:\/\/www.plexus.es\/wp-content\/uploads\/2024\/10\/Visita-Alumnos-USC-a-Plexus-Tech-800x693-1.jpeg 800w\" data-sizes=\"auto\" data-orig-sizes=\"(max-width: 640px) 100vw, 800px\" \/><\/a><\/span><\/div><\/div><style type=\"text\/css\">.fusion-body .fusion-builder-column-0{width:100% !important;margin-top : 0px;margin-bottom : 0px;}.fusion-builder-column-0 > .fusion-column-wrapper {padding-top : 0 !important;padding-right : 0px !important;margin-right : 1.92%;padding-bottom : 0 !important;padding-left : 0px !important;margin-left : 1.92%;}@media only screen and (max-width:1200px) {.fusion-body .fusion-builder-column-0{width:100% !important;order : 0;}.fusion-builder-column-0 > .fusion-column-wrapper {margin-right : 1.92%;margin-left : 1.92%;}}@media only screen and (max-width:640px) {.fusion-body .fusion-builder-column-0{width:100% !important;order : 0;}.fusion-builder-column-0 > .fusion-column-wrapper {margin-right : 1.92%;margin-left : 1.92%;}}<\/style><\/div><div class=\"fusion-layout-column fusion_builder_column fusion-builder-column-1 fusion_builder_column_1_1 1_1 fusion-flex-column\"><div class=\"fusion-column-wrapper fusion-flex-justify-content-flex-start fusion-content-layout-column\" style=\"background-position:left top;background-repeat:no-repeat;-webkit-background-size:cover;-moz-background-size:cover;-o-background-size:cover;background-size:cover;padding: 0px 0px 0px 0px;\"><div class=\"fusion-text fusion-text-1\"><ul>\n<li class=\"fusion-responsive-typography-calculated\" style=\"--fontsize: 24; line-height: 1;\" data-fontsize=\"24\" data-lineheight=\"24px\">\n<h2>El alumnado del Grado en Empresa y Tecnolog\u00eda de la USC descubri\u00f3 c\u00f3mo es trabajar en una compa\u00f1\u00eda tech y sus oportunidades profesionales.<\/h2>\n<\/li>\n<\/ul>\n<p><strong>Plexus Tech recibi\u00f3 el pasado 19 de marzo la visita del alumnado del Grado en Empresa y Tecnolog\u00eda de la USC a su sede central.<\/strong> Un importante grupo de cuarenta y tres estudiantes de la titulaci\u00f3n perteneciente a la Facultad de Administraci\u00f3n y Direcci\u00f3n de Empresas, situada en el Campus de Lugo, <strong>pudo conocer, de primera mano, c\u00f3mo es trabajar en una compa\u00f1\u00eda tech<\/strong>.<\/p>\n<p>Durante dos horas, el talento joven realiz\u00f3 una visita guiada por las instalaciones de la sede de Plexus Tech en Santiago de Compostela. <strong>En ella pudieron charlar con trabajadores de la compa\u00f1\u00eda, conocer las diferentes \u00e1reas y resolver todas sus dudas sobre el sector.<\/strong><\/p>\n<p>Actuando como <strong>anfitriones<\/strong> del grupo de estudiantes durante la visita estuvieron <strong>Juan Mart\u00ednez Neira, director del \u00e1rea de Desarrollo, y Nicolas S\u00e1nchez Roel, Chief Digital Officer<\/strong>. Ambos se encargaron de compartir la manera que tiene Plexus Tech de entender la tecnolog\u00eda y la innovaci\u00f3n. Adem\u00e1s, tambi\u00e9n trasladaron la metodolog\u00eda de trabajo de la compa\u00f1\u00eda y las <a href=\"https:\/\/www.plexus.es\/unete-al-equipo\/\" target=\"_blank\" rel=\"noopener\"><span style=\"color: #000080;\"><strong>oportunidades profesionales que presenta para graduados o graduadas en carreras como la suya<\/strong><\/span><\/a>.<\/p>\n<h3>Un grado de nueva implantaci\u00f3n para generar nuevo talento tech.<\/h3>\n<p>En este sentido, hay que destacar que el <a href=\"https:\/\/www.usc.gal\/es\/estudios\/grados\/ciencias-sociales-juridicas\/grado-empresa-tecnologia\" target=\"_blank\" rel=\"noopener\"><span style=\"color: #000080;\"><strong>Grado de Empresa y Tecnolog\u00eda es de nueva implantaci\u00f3n en la USC<\/strong><\/span><\/a>. Un t\u00edtulo que s\u00f3lo est\u00e1 presente en tres universidades de Espa\u00f1a. Este tiene como objetivo formar profesionales capaces de gestionar la innovaci\u00f3n tecnol\u00f3gica en las empresas, con amplios conocimientos en la aplicaci\u00f3n de las soluciones de la tecnolog\u00eda a la gesti\u00f3n empresarial.<\/p>\n<p>As\u00ed, <strong>este grado aportar\u00e1 nuevos perfiles a las compa\u00f1\u00edas tecnol\u00f3gicas. Una apuesta de la USC que aplauden desde Plexus Tech<\/strong> y que supone una gran noticia para el sector, que adolece de la necesidad de nuevo talento.<\/p>\n<p>Por todo ello, <strong>esta visita tambi\u00e9n sirvi\u00f3 de inspiraci\u00f3n para el alumnado presente<\/strong>. Fue una forma de presentarles lo mucho que pueden aportar a la tecnolog\u00eda, de la mano de compa\u00f1\u00edas como Plexus Tech.<\/p>\n<p>Asimismo, cabe citar que la visita del Grado de Empresa y Tecnolog\u00eda <strong>se enmarc\u00f3 en los encuentros de Plexus Tech para conectar con nuevo talento<\/strong>. Unas sesiones motivadoras con las que buscan compartir su experiencia y conocimiento para que cada vez sean m\u00e1s las personas que apuestan por este sector.<\/p>\n<\/div><\/div><style type=\"text\/css\">.fusion-body .fusion-builder-column-1{width:100% !important;margin-top : 20px;margin-bottom : 20px;}.fusion-builder-column-1 > .fusion-column-wrapper {padding-top : 0px !important;padding-right : 0px !important;margin-right : 1.92%;padding-bottom : 0px !important;padding-left : 0px !important;margin-left : 1.92%;}@media only screen and (max-width:1200px) {.fusion-body .fusion-builder-column-1{width:100% !important;order : 0;}.fusion-builder-column-1 > .fusion-column-wrapper {margin-right : 1.92%;margin-left : 1.92%;}}@media only screen and (max-width:640px) {.fusion-body .fusion-builder-column-1{width:100% !important;order : 0;}.fusion-builder-column-1 > .fusion-column-wrapper {margin-right : 1.92%;margin-left : 1.92%;}}<\/style><\/div><\/div><style type=\"text\/css\">.fusion-body .fusion-flex-container.fusion-builder-row-1{ padding-top : 0px;margin-top : 0;padding-right : 0px;padding-bottom : 0px;margin-bottom : 0;padding-left : 0px;}<\/style><\/div>\n","protected":false},"excerpt":{"rendered":"<p>El alumnado descubri\u00f3 c\u00f3mo es trabajar en una compa\u00f1\u00eda tech y sus oportunidades profesionales.<\/p>\n","protected":false},"author":1,"featured_media":44721,"comment_status":"open","ping_status":"open","sticky":false,"template":"","format":"standard","meta":[],"categories":[41,45],"tags":[],"yoast_head":"<!-- This site is optimized with the Yoast SEO plugin v17.4 - https:\/\/yoast.com\/wordpress\/plugins\/seo\/ -->\n<title>El Grado en Empresa y Tecnolog\u00eda de la USC visita Plexus Tech<\/title>\n<meta name=\"description\" content=\"El alumnado del Grado en Empresa y tecnolog\u00eda de la USC visit\u00f3 la sede central de Plexus para conocer c\u00f3mo es trabajar en una compa\u00f1\u00eda tech\" \/>\n<meta name=\"robots\" content=\"index, follow, max-snippet:-1, max-image-preview:large, max-video-preview:-1\" \/>\n<link rel=\"canonical\" href=\"https:\/\/www.plexus.es\/grado-empresa-y-tecnologia-usc-talento-plexus-tech\/\" \/>\n<meta property=\"og:locale\" content=\"pt_PT\" \/>\n<meta property=\"og:type\" content=\"article\" \/>\n<meta property=\"og:title\" content=\"El Grado en Empresa y Tecnolog\u00eda de la USC visita Plexus Tech\" \/>\n<meta property=\"og:description\" content=\"El alumnado del Grado en Empresa y tecnolog\u00eda de la USC visit\u00f3 la sede central de Plexus para conocer c\u00f3mo es trabajar en una compa\u00f1\u00eda tech\" \/>\n<meta property=\"og:url\" content=\"https:\/\/www.plexus.es\/grado-empresa-y-tecnologia-usc-talento-plexus-tech\/\" \/>\n<meta property=\"og:site_name\" content=\"Plexus Tech\" \/>\n<meta property=\"article:publisher\" content=\"https:\/\/www.facebook.com\/Plexus.Techno\" \/>\n<meta property=\"article:published_time\" content=\"2024-03-25T10:00:37+00:00\" \/>\n<meta property=\"article:modified_time\" content=\"2024-10-08T15:20:02+00:00\" \/>\n<meta property=\"og:image\" content=\"https:\/\/www.plexus.es\/wp-content\/uploads\/2024\/10\/948x600_PlexusVisitaAlumnosUSC.jpg\" \/>\n\t<meta property=\"og:image:width\" content=\"948\" \/>\n\t<meta property=\"og:image:height\" content=\"600\" \/>\n<meta name=\"twitter:card\" content=\"summary_large_image\" \/>\n<meta name=\"twitter:creator\" content=\"@plexustech_\" \/>\n<meta name=\"twitter:site\" content=\"@plexustech_\" \/>\n<meta name=\"twitter:label1\" content=\"Escrito por\" \/>\n\t<meta name=\"twitter:data1\" content=\"admin_plexus\" \/>\n\t<meta name=\"twitter:label2\" content=\"Tempo estimado de leitura\" \/>\n\t<meta name=\"twitter:data2\" content=\"4 minutos\" \/>\n<script type=\"application\/ld+json\" class=\"yoast-schema-graph\">{\"@context\":\"https:\/\/schema.org\",\"@graph\":[{\"@type\":\"Organization\",\"@id\":\"https:\/\/www.plexus.es\/#organization\",\"name\":\"Plexus Tech\",\"url\":\"https:\/\/www.plexus.es\/\",\"sameAs\":[\"https:\/\/www.facebook.com\/Plexus.Techno\",\"https:\/\/www.instagram.com\/plexus.tech\/\",\"https:\/\/www.linkedin.com\/company\/plexus-tech\/mycompany\/\",\"https:\/\/www.youtube.com\/user\/tecnologiasplexus\",\"https:\/\/twitter.com\/plexustech_\"],\"logo\":{\"@type\":\"ImageObject\",\"@id\":\"https:\/\/www.plexus.es\/#logo\",\"inLanguage\":\"pt-PT\",\"url\":\"https:\/\/www.plexus.es\/wp-content\/uploads\/2021\/11\/logo-plexus-2021.png\",\"contentUrl\":\"https:\/\/www.plexus.es\/wp-content\/uploads\/2021\/11\/logo-plexus-2021.png\",\"width\":600,\"height\":600,\"caption\":\"Plexus Tech\"},\"image\":{\"@id\":\"https:\/\/www.plexus.es\/#logo\"}},{\"@type\":\"WebSite\",\"@id\":\"https:\/\/www.plexus.es\/#website\",\"url\":\"https:\/\/www.plexus.es\/\",\"name\":\"Plexus Tech\",\"description\":\"Tecnolog\\u00eda con Alma\",\"publisher\":{\"@id\":\"https:\/\/www.plexus.es\/#organization\"},\"potentialAction\":[{\"@type\":\"SearchAction\",\"target\":{\"@type\":\"EntryPoint\",\"urlTemplate\":\"https:\/\/www.plexus.es\/?s={search_term_string}\"},\"query-input\":\"required name=search_term_string\"}],\"inLanguage\":\"pt-PT\"},{\"@type\":\"ImageObject\",\"@id\":\"https:\/\/www.plexus.es\/grado-empresa-y-tecnologia-usc-talento-plexus-tech\/#primaryimage\",\"inLanguage\":\"pt-PT\",\"url\":\"https:\/\/www.plexus.es\/wp-content\/uploads\/2024\/10\/948x600_PlexusVisitaAlumnosUSC.jpg\",\"contentUrl\":\"https:\/\/www.plexus.es\/wp-content\/uploads\/2024\/10\/948x600_PlexusVisitaAlumnosUSC.jpg\",\"width\":948,\"height\":600,\"caption\":\"Foto de familia del alumnado del Grado de Empresa y Tecnolog\\u00eda a la sede de Plexus Tech.\"},{\"@type\":\"WebPage\",\"@id\":\"https:\/\/www.plexus.es\/grado-empresa-y-tecnologia-usc-talento-plexus-tech\/#webpage\",\"url\":\"https:\/\/www.plexus.es\/grado-empresa-y-tecnologia-usc-talento-plexus-tech\/\",\"name\":\"El Grado en Empresa y Tecnolog\\u00eda de la USC visita Plexus Tech\",\"isPartOf\":{\"@id\":\"https:\/\/www.plexus.es\/#website\"},\"primaryImageOfPage\":{\"@id\":\"https:\/\/www.plexus.es\/grado-empresa-y-tecnologia-usc-talento-plexus-tech\/#primaryimage\"},\"datePublished\":\"2024-03-25T10:00:37+00:00\",\"dateModified\":\"2024-10-08T15:20:02+00:00\",\"description\":\"El alumnado del Grado en Empresa y tecnolog\\u00eda de la USC visit\\u00f3 la sede central de Plexus para conocer c\\u00f3mo es trabajar en una compa\\u00f1\\u00eda tech\",\"breadcrumb\":{\"@id\":\"https:\/\/www.plexus.es\/grado-empresa-y-tecnologia-usc-talento-plexus-tech\/#breadcrumb\"},\"inLanguage\":\"pt-PT\",\"potentialAction\":[{\"@type\":\"ReadAction\",\"target\":[\"https:\/\/www.plexus.es\/grado-empresa-y-tecnologia-usc-talento-plexus-tech\/\"]}]},{\"@type\":\"BreadcrumbList\",\"@id\":\"https:\/\/www.plexus.es\/grado-empresa-y-tecnologia-usc-talento-plexus-tech\/#breadcrumb\",\"itemListElement\":[{\"@type\":\"ListItem\",\"position\":1,\"name\":\"Home\",\"item\":\"https:\/\/www.plexus.es\/\"},{\"@type\":\"ListItem\",\"position\":2,\"name\":\"El alumnado del Grado en Empresa y Tecnolog\\u00eda de la USC visita Plexus Tech\"}]},{\"@type\":\"Article\",\"@id\":\"https:\/\/www.plexus.es\/grado-empresa-y-tecnologia-usc-talento-plexus-tech\/#article\",\"isPartOf\":{\"@id\":\"https:\/\/www.plexus.es\/grado-empresa-y-tecnologia-usc-talento-plexus-tech\/#webpage\"},\"author\":{\"@id\":\"https:\/\/www.plexus.es\/#\/schema\/person\/8f02d5ce6d7b659fa68b0e90317c5171\"},\"headline\":\"El alumnado del Grado en Empresa y Tecnolog\\u00eda de la USC visita Plexus Tech\",\"datePublished\":\"2024-03-25T10:00:37+00:00\",\"dateModified\":\"2024-10-08T15:20:02+00:00\",\"mainEntityOfPage\":{\"@id\":\"https:\/\/www.plexus.es\/grado-empresa-y-tecnologia-usc-talento-plexus-tech\/#webpage\"},\"wordCount\":1527,\"commentCount\":0,\"publisher\":{\"@id\":\"https:\/\/www.plexus.es\/#organization\"},\"image\":{\"@id\":\"https:\/\/www.plexus.es\/grado-empresa-y-tecnologia-usc-talento-plexus-tech\/#primaryimage\"},\"thumbnailUrl\":\"https:\/\/www.plexus.es\/wp-content\/uploads\/2024\/10\/948x600_PlexusVisitaAlumnosUSC.jpg\",\"articleSection\":[\"Educaci\\u00f3n\",\"Talento\"],\"inLanguage\":\"pt-PT\",\"potentialAction\":[{\"@type\":\"CommentAction\",\"name\":\"Comment\",\"target\":[\"https:\/\/www.plexus.es\/grado-empresa-y-tecnologia-usc-talento-plexus-tech\/#respond\"]}]},{\"@type\":\"Person\",\"@id\":\"https:\/\/www.plexus.es\/#\/schema\/person\/8f02d5ce6d7b659fa68b0e90317c5171\",\"name\":\"admin_plexus\",\"image\":{\"@type\":\"ImageObject\",\"@id\":\"https:\/\/www.plexus.es\/#personlogo\",\"inLanguage\":\"pt-PT\",\"url\":\"https:\/\/secure.gravatar.com\/avatar\/c1d7caf9a4063a74393abcf91991e9cd?s=96&d=mm&r=g\",\"contentUrl\":\"https:\/\/secure.gravatar.com\/avatar\/c1d7caf9a4063a74393abcf91991e9cd?s=96&d=mm&r=g\",\"caption\":\"admin_plexus\"},\"sameAs\":[\"https:\/\/www.plexus.es\"]}]}<\/script>\n<!-- \/ Yoast SEO plugin. -->","yoast_head_json":{"title":"El Grado en Empresa y Tecnolog\u00eda de la USC visita Plexus Tech","description":"El alumnado del Grado en Empresa y tecnolog\u00eda de la USC visit\u00f3 la sede central de Plexus para conocer c\u00f3mo es trabajar en una compa\u00f1\u00eda tech","robots":{"index":"index","follow":"follow","max-snippet":"max-snippet:-1","max-image-preview":"max-image-preview:large","max-video-preview":"max-video-preview:-1"},"canonical":"https:\/\/www.plexus.es\/grado-empresa-y-tecnologia-usc-talento-plexus-tech\/","og_locale":"pt_PT","og_type":"article","og_title":"El Grado en Empresa y Tecnolog\u00eda de la USC visita Plexus Tech","og_description":"El alumnado del Grado en Empresa y tecnolog\u00eda de la USC visit\u00f3 la sede central de Plexus para conocer c\u00f3mo es trabajar en una compa\u00f1\u00eda tech","og_url":"https:\/\/www.plexus.es\/grado-empresa-y-tecnologia-usc-talento-plexus-tech\/","og_site_name":"Plexus Tech","article_publisher":"https:\/\/www.facebook.com\/Plexus.Techno","article_published_time":"2024-03-25T10:00:37+00:00","article_modified_time":"2024-10-08T15:20:02+00:00","og_image":[{"width":948,"height":600,"url":"https:\/\/www.plexus.es\/wp-content\/uploads\/2024\/10\/948x600_PlexusVisitaAlumnosUSC.jpg","type":"image\/jpeg"}],"twitter_card":"summary_large_image","twitter_creator":"@plexustech_","twitter_site":"@plexustech_","twitter_misc":{"Escrito por":"admin_plexus","Tempo estimado de leitura":"4 minutos"},"schema":{"@context":"https:\/\/schema.org","@graph":[{"@type":"Organization","@id":"https:\/\/www.plexus.es\/#organization","name":"Plexus Tech","url":"https:\/\/www.plexus.es\/","sameAs":["https:\/\/www.facebook.com\/Plexus.Techno","https:\/\/www.instagram.com\/plexus.tech\/","https:\/\/www.linkedin.com\/company\/plexus-tech\/mycompany\/","https:\/\/www.youtube.com\/user\/tecnologiasplexus","https:\/\/twitter.com\/plexustech_"],"logo":{"@type":"ImageObject","@id":"https:\/\/www.plexus.es\/#logo","inLanguage":"pt-PT","url":"https:\/\/www.plexus.es\/wp-content\/uploads\/2021\/11\/logo-plexus-2021.png","contentUrl":"https:\/\/www.plexus.es\/wp-content\/uploads\/2021\/11\/logo-plexus-2021.png","width":600,"height":600,"caption":"Plexus Tech"},"image":{"@id":"https:\/\/www.plexus.es\/#logo"}},{"@type":"WebSite","@id":"https:\/\/www.plexus.es\/#website","url":"https:\/\/www.plexus.es\/","name":"Plexus Tech","description":"Tecnolog\u00eda con Alma","publisher":{"@id":"https:\/\/www.plexus.es\/#organization"},"potentialAction":[{"@type":"SearchAction","target":{"@type":"EntryPoint","urlTemplate":"https:\/\/www.plexus.es\/?s={search_term_string}"},"query-input":"required name=search_term_string"}],"inLanguage":"pt-PT"},{"@type":"ImageObject","@id":"https:\/\/www.plexus.es\/grado-empresa-y-tecnologia-usc-talento-plexus-tech\/#primaryimage","inLanguage":"pt-PT","url":"https:\/\/www.plexus.es\/wp-content\/uploads\/2024\/10\/948x600_PlexusVisitaAlumnosUSC.jpg","contentUrl":"https:\/\/www.plexus.es\/wp-content\/uploads\/2024\/10\/948x600_PlexusVisitaAlumnosUSC.jpg","width":948,"height":600,"caption":"Foto de familia del alumnado del Grado de Empresa y Tecnolog\u00eda a la sede de Plexus Tech."},{"@type":"WebPage","@id":"https:\/\/www.plexus.es\/grado-empresa-y-tecnologia-usc-talento-plexus-tech\/#webpage","url":"https:\/\/www.plexus.es\/grado-empresa-y-tecnologia-usc-talento-plexus-tech\/","name":"El Grado en Empresa y Tecnolog\u00eda de la USC visita Plexus Tech","isPartOf":{"@id":"https:\/\/www.plexus.es\/#website"},"primaryImageOfPage":{"@id":"https:\/\/www.plexus.es\/grado-empresa-y-tecnologia-usc-talento-plexus-tech\/#primaryimage"},"datePublished":"2024-03-25T10:00:37+00:00","dateModified":"2024-10-08T15:20:02+00:00","description":"El alumnado del Grado en Empresa y tecnolog\u00eda de la USC visit\u00f3 la sede central de Plexus para conocer c\u00f3mo es trabajar en una compa\u00f1\u00eda tech","breadcrumb":{"@id":"https:\/\/www.plexus.es\/grado-empresa-y-tecnologia-usc-talento-plexus-tech\/#breadcrumb"},"inLanguage":"pt-PT","potentialAction":[{"@type":"ReadAction","target":["https:\/\/www.plexus.es\/grado-empresa-y-tecnologia-usc-talento-plexus-tech\/"]}]},{"@type":"BreadcrumbList","@id":"https:\/\/www.plexus.es\/grado-empresa-y-tecnologia-usc-talento-plexus-tech\/#breadcrumb","itemListElement":[{"@type":"ListItem","position":1,"name":"Home","item":"https:\/\/www.plexus.es\/"},{"@type":"ListItem","position":2,"name":"El alumnado del Grado en Empresa y Tecnolog\u00eda de la USC visita Plexus Tech"}]},{"@type":"Article","@id":"https:\/\/www.plexus.es\/grado-empresa-y-tecnologia-usc-talento-plexus-tech\/#article","isPartOf":{"@id":"https:\/\/www.plexus.es\/grado-empresa-y-tecnologia-usc-talento-plexus-tech\/#webpage"},"author":{"@id":"https:\/\/www.plexus.es\/#\/schema\/person\/8f02d5ce6d7b659fa68b0e90317c5171"},"headline":"El alumnado del Grado en Empresa y Tecnolog\u00eda de la USC visita Plexus Tech","datePublished":"2024-03-25T10:00:37+00:00","dateModified":"2024-10-08T15:20:02+00:00","mainEntityOfPage":{"@id":"https:\/\/www.plexus.es\/grado-empresa-y-tecnologia-usc-talento-plexus-tech\/#webpage"},"wordCount":1527,"commentCount":0,"publisher":{"@id":"https:\/\/www.plexus.es\/#organization"},"image":{"@id":"https:\/\/www.plexus.es\/grado-empresa-y-tecnologia-usc-talento-plexus-tech\/#primaryimage"},"thumbnailUrl":"https:\/\/www.plexus.es\/wp-content\/uploads\/2024\/10\/948x600_PlexusVisitaAlumnosUSC.jpg","articleSection":["Educaci\u00f3n","Talento"],"inLanguage":"pt-PT","potentialAction":[{"@type":"CommentAction","name":"Comment","target":["https:\/\/www.plexus.es\/grado-empresa-y-tecnologia-usc-talento-plexus-tech\/#respond"]}]},{"@type":"Person","@id":"https:\/\/www.plexus.es\/#\/schema\/person\/8f02d5ce6d7b659fa68b0e90317c5171","name":"admin_plexus","image":{"@type":"ImageObject","@id":"https:\/\/www.plexus.es\/#personlogo","inLanguage":"pt-PT","url":"https:\/\/secure.gravatar.com\/avatar\/c1d7caf9a4063a74393abcf91991e9cd?s=96&d=mm&r=g","contentUrl":"https:\/\/secure.gravatar.com\/avatar\/c1d7caf9a4063a74393abcf91991e9cd?s=96&d=mm&r=g","caption":"admin_plexus"},"sameAs":["https:\/\/www.plexus.es"]}]}},"_links":{"self":[{"href":"https:\/\/www.plexus.es\/pt-pt\/wp-json\/wp\/v2\/posts\/44714"}],"collection":[{"href":"https:\/\/www.plexus.es\/pt-pt\/wp-json\/wp\/v2\/posts"}],"about":[{"href":"https:\/\/www.plexus.es\/pt-pt\/wp-json\/wp\/v2\/types\/post"}],"author":[{"embeddable":true,"href":"https:\/\/www.plexus.es\/pt-pt\/wp-json\/wp\/v2\/users\/1"}],"replies":[{"embeddable":true,"href":"https:\/\/www.plexus.es\/pt-pt\/wp-json\/wp\/v2\/comments?post=44714"}],"version-history":[{"count":3,"href":"https:\/\/www.plexus.es\/pt-pt\/wp-json\/wp\/v2\/posts\/44714\/revisions"}],"predecessor-version":[{"id":44729,"href":"https:\/\/www.plexus.es\/pt-pt\/wp-json\/wp\/v2\/posts\/44714\/revisions\/44729"}],"wp:featuredmedia":[{"embeddable":true,"href":"https:\/\/www.plexus.es\/pt-pt\/wp-json\/wp\/v2\/media\/44721"}],"wp:attachment":[{"href":"https:\/\/www.plexus.es\/pt-pt\/wp-json\/wp\/v2\/media?parent=44714"}],"wp:term":[{"taxonomy":"category","embeddable":true,"href":"https:\/\/www.plexus.es\/pt-pt\/wp-json\/wp\/v2\/categories?post=44714"},{"taxonomy":"post_tag","embeddable":true,"href":"https:\/\/www.plexus.es\/pt-pt\/wp-json\/wp\/v2\/tags?post=44714"}],"curies":[{"name":"wp","href":"https:\/\/api.w.org\/{rel}","templated":true}]}}