{"id":47763,"date":"2025-05-29T10:29:53","date_gmt":"2025-05-29T08:29:53","guid":{"rendered":"https:\/\/www.plexus.es\/?p=47763"},"modified":"2025-05-30T11:14:34","modified_gmt":"2025-05-30T09:14:34","slug":"plexus-tech-usc-crean-cameia","status":"publish","type":"post","link":"https:\/\/www.plexus.es\/pt-pt\/plexus-tech-usc-crean-cameia\/","title":{"rendered":"Plexus y USC crean CAME&#038;IA: C\u00e1tedra de IA en Medicina Personalizada de Precisi\u00f3n"},"content":{"rendered":"<div class=\"fusion-fullwidth fullwidth-box fusion-builder-row-1 fusion-flex-container container-detail-news plexus_css nonhundred-percent-fullwidth non-hundred-percent-height-scrolling\" style=\"background-color: rgba(255,255,255,0);background-position: center center;background-repeat: no-repeat;border-width: 0px 0px 0px 0px;border-color:#e8ebef;border-style:solid;\" ><div class=\"fusion-builder-row fusion-row fusion-flex-align-items-flex-start\" style=\"max-width:1310.4px;margin-left: calc(-4% \/ 2 );margin-right: calc(-4% \/ 2 );\"><div class=\"fusion-layout-column fusion_builder_column fusion-builder-column-0 fusion_builder_column_1_3 1_3 fusion-flex-column fusion-flex-align-self-stretch\"><div class=\"fusion-column-wrapper fusion-flex-justify-content-center fusion-content-layout-column\" style=\"background-position:left top;background-repeat:no-repeat;-webkit-background-size:cover;-moz-background-size:cover;-o-background-size:cover;background-size:cover;padding: 0px 0px 0px 0px;\"><div style=\"text-align:center;\"><span class=\" fusion-imageframe imageframe-none imageframe-1 hover-type-none\" style=\"border-radius:12px;margin-top:0px;margin-right:0px;margin-bottom:0px;margin-left:0px;\"><a class=\"fusion-no-lightbox\" href=\"https:\/\/www.linkedin.com\/posts\/plexus-tech_goodnews-gemelosdigitales-platgdia-activity-7146514515004735488-uBrB?utm_source=share&amp;utm_medium=member_desktop\" target=\"_self\" aria-label=\"Foto Oficial Interior 3\"><img width=\"2560\" height=\"1649\" alt=\"Presentaci\u00f3n de CAME&amp;IA, C\u00e1tedra pionera liderada por Plexus Tech y la USC, en el Paraninfo de la USC.\" src=\"https:\/\/www.plexus.es\/wp-content\/uploads\/2025\/05\/Foto-Oficial-Interior-3-scaled.jpg\" data-orig-src=\"https:\/\/www.plexus.es\/wp-content\/uploads\/2025\/05\/Foto-Oficial-Interior-3-scaled.jpg\" class=\"lazyload img-responsive wp-image-47781\" srcset=\"data:image\/svg+xml,%3Csvg%20xmlns%3D%27http%3A%2F%2Fwww.w3.org%2F2000%2Fsvg%27%20width%3D%272560%27%20height%3D%271649%27%20viewBox%3D%270%200%202560%201649%27%3E%3Crect%20width%3D%272560%27%20height%3D%271649%27%20fill-opacity%3D%220%22%2F%3E%3C%2Fsvg%3E\" data-srcset=\"https:\/\/www.plexus.es\/wp-content\/uploads\/2025\/05\/Foto-Oficial-Interior-3-200x129.jpg 200w, https:\/\/www.plexus.es\/wp-content\/uploads\/2025\/05\/Foto-Oficial-Interior-3-400x258.jpg 400w, https:\/\/www.plexus.es\/wp-content\/uploads\/2025\/05\/Foto-Oficial-Interior-3-600x386.jpg 600w, https:\/\/www.plexus.es\/wp-content\/uploads\/2025\/05\/Foto-Oficial-Interior-3-800x515.jpg 800w, https:\/\/www.plexus.es\/wp-content\/uploads\/2025\/05\/Foto-Oficial-Interior-3-1200x773.jpg 1200w, https:\/\/www.plexus.es\/wp-content\/uploads\/2025\/05\/Foto-Oficial-Interior-3-scaled.jpg 2560w\" data-sizes=\"auto\" data-orig-sizes=\"(max-width: 640px) 100vw, 400px\" \/><\/a><\/span><\/div><\/div><style type=\"text\/css\">.fusion-body .fusion-builder-column-0{width:33.333333333333% !important;margin-top : 0px;margin-bottom : 0px;}.fusion-builder-column-0 > .fusion-column-wrapper {padding-top : 0 !important;padding-right : 0px !important;margin-right : 5.76%;padding-bottom : 0 !important;padding-left : 0px !important;margin-left : 5.76%;}@media only screen and (max-width:1200px) {.fusion-body .fusion-builder-column-0{width:33.333333333333% !important;order : 0;}.fusion-builder-column-0 > .fusion-column-wrapper {margin-right : 5.76%;margin-left : 5.76%;}}@media only screen and (max-width:640px) {.fusion-body .fusion-builder-column-0{width:100% !important;order : 0;}.fusion-builder-column-0 > .fusion-column-wrapper {margin-right : 1.92%;margin-left : 1.92%;}}<\/style><\/div><div class=\"fusion-layout-column fusion_builder_column fusion-builder-column-1 fusion_builder_column_1_3 1_3 fusion-flex-column fusion-flex-align-self-stretch\"><div class=\"fusion-column-wrapper fusion-flex-justify-content-center fusion-content-layout-column\" style=\"background-position:left top;background-repeat:no-repeat;-webkit-background-size:cover;-moz-background-size:cover;-o-background-size:cover;background-size:cover;padding: 0px 0px 0px 0px;\"><div style=\"text-align:center;\"><span class=\" fusion-imageframe imageframe-none imageframe-2 hover-type-none\" style=\"border-radius:12px;margin-top:0px;margin-right:0px;margin-bottom:0px;margin-left:0px;\"><a class=\"fusion-no-lightbox\" href=\"https:\/\/www.linkedin.com\/posts\/plexus-tech_goodnews-gemelosdigitales-platgdia-activity-7146514515004735488-uBrB?utm_source=share&amp;utm_medium=member_desktop\" target=\"_self\" aria-label=\"Foto Oficial Entrada 1\"><img width=\"2560\" height=\"1707\" alt=\"El acto tuvo lugar en la Facultad de Historia de la USC y en \u00e9l participaron, entre otros, el rector de la USC, Antonio L\u00f3pez; y la secretaria de Estado\" src=\"https:\/\/www.plexus.es\/wp-content\/uploads\/2025\/05\/Foto-Oficial-Entrada-1-scaled.jpg\" data-orig-src=\"https:\/\/www.plexus.es\/wp-content\/uploads\/2025\/05\/Foto-Oficial-Entrada-1-scaled.jpg\" class=\"lazyload img-responsive wp-image-47775\" srcset=\"data:image\/svg+xml,%3Csvg%20xmlns%3D%27http%3A%2F%2Fwww.w3.org%2F2000%2Fsvg%27%20width%3D%272560%27%20height%3D%271707%27%20viewBox%3D%270%200%202560%201707%27%3E%3Crect%20width%3D%272560%27%20height%3D%271707%27%20fill-opacity%3D%220%22%2F%3E%3C%2Fsvg%3E\" data-srcset=\"https:\/\/www.plexus.es\/wp-content\/uploads\/2025\/05\/Foto-Oficial-Entrada-1-200x133.jpg 200w, https:\/\/www.plexus.es\/wp-content\/uploads\/2025\/05\/Foto-Oficial-Entrada-1-400x267.jpg 400w, https:\/\/www.plexus.es\/wp-content\/uploads\/2025\/05\/Foto-Oficial-Entrada-1-600x400.jpg 600w, https:\/\/www.plexus.es\/wp-content\/uploads\/2025\/05\/Foto-Oficial-Entrada-1-800x533.jpg 800w, https:\/\/www.plexus.es\/wp-content\/uploads\/2025\/05\/Foto-Oficial-Entrada-1-1200x800.jpg 1200w, https:\/\/www.plexus.es\/wp-content\/uploads\/2025\/05\/Foto-Oficial-Entrada-1-scaled.jpg 2560w\" data-sizes=\"auto\" data-orig-sizes=\"(max-width: 640px) 100vw, 400px\" \/><\/a><\/span><\/div><\/div><style type=\"text\/css\">.fusion-body .fusion-builder-column-1{width:33.333333333333% !important;margin-top : 0px;margin-bottom : 0px;}.fusion-builder-column-1 > .fusion-column-wrapper {padding-top : 0 !important;padding-right : 0px !important;margin-right : 5.76%;padding-bottom : 0 !important;padding-left : 0px !important;margin-left : 5.76%;}@media only screen and (max-width:1200px) {.fusion-body .fusion-builder-column-1{width:33.333333333333% !important;order : 0;}.fusion-builder-column-1 > .fusion-column-wrapper {margin-right : 5.76%;margin-left : 5.76%;}}@media only screen and (max-width:640px) {.fusion-body .fusion-builder-column-1{width:100% !important;order : 0;}.fusion-builder-column-1 > .fusion-column-wrapper {margin-right : 1.92%;margin-left : 1.92%;}}<\/style><\/div><div class=\"fusion-layout-column fusion_builder_column fusion-builder-column-2 fusion_builder_column_1_3 1_3 fusion-flex-column fusion-flex-align-self-stretch\"><div class=\"fusion-column-wrapper fusion-flex-justify-content-center fusion-content-layout-column\" style=\"background-position:left top;background-repeat:no-repeat;-webkit-background-size:cover;-moz-background-size:cover;-o-background-size:cover;background-size:cover;padding: 0px 0px 0px 0px;\"><div style=\"text-align:center;\"><span class=\" fusion-imageframe imageframe-none imageframe-3 hover-type-none\" style=\"border-radius:12px;margin-top:0px;margin-right:0px;margin-bottom:0px;margin-left:0px;\"><a class=\"fusion-no-lightbox\" href=\"https:\/\/www.linkedin.com\/posts\/plexus-tech_goodnews-gemelosdigitales-platgdia-activity-7146514515004735488-uBrB?utm_source=share&amp;utm_medium=member_desktop\" target=\"_self\" aria-label=\"Jose Vi\u00f1a con Rector y Secretaria\"><img width=\"2560\" height=\"1707\" alt=\"Jos\u00e9 Vi\u00f1a, director xeral de Plexus Tech, saludando a la secretaria de Estado de Digitalizaci\u00f3n e Inteligencia Artificial, Mar\u00eda Gonz\u00e1lez Veracruz, en el inicio de la presentaci\u00f3n de CAME&amp;IA:\" src=\"https:\/\/www.plexus.es\/wp-content\/uploads\/2025\/05\/Jose-Vina-con-Rector-y-Secretaria-scaled.jpg\" data-orig-src=\"https:\/\/www.plexus.es\/wp-content\/uploads\/2025\/05\/Jose-Vina-con-Rector-y-Secretaria-scaled.jpg\" class=\"lazyload img-responsive wp-image-47787\" srcset=\"data:image\/svg+xml,%3Csvg%20xmlns%3D%27http%3A%2F%2Fwww.w3.org%2F2000%2Fsvg%27%20width%3D%272560%27%20height%3D%271707%27%20viewBox%3D%270%200%202560%201707%27%3E%3Crect%20width%3D%272560%27%20height%3D%271707%27%20fill-opacity%3D%220%22%2F%3E%3C%2Fsvg%3E\" data-srcset=\"https:\/\/www.plexus.es\/wp-content\/uploads\/2025\/05\/Jose-Vina-con-Rector-y-Secretaria-200x133.jpg 200w, https:\/\/www.plexus.es\/wp-content\/uploads\/2025\/05\/Jose-Vina-con-Rector-y-Secretaria-400x267.jpg 400w, https:\/\/www.plexus.es\/wp-content\/uploads\/2025\/05\/Jose-Vina-con-Rector-y-Secretaria-600x400.jpg 600w, https:\/\/www.plexus.es\/wp-content\/uploads\/2025\/05\/Jose-Vina-con-Rector-y-Secretaria-800x533.jpg 800w, https:\/\/www.plexus.es\/wp-content\/uploads\/2025\/05\/Jose-Vina-con-Rector-y-Secretaria-1200x800.jpg 1200w, https:\/\/www.plexus.es\/wp-content\/uploads\/2025\/05\/Jose-Vina-con-Rector-y-Secretaria-scaled.jpg 2560w\" data-sizes=\"auto\" data-orig-sizes=\"(max-width: 640px) 100vw, 400px\" \/><\/a><\/span><\/div><\/div><style type=\"text\/css\">.fusion-body .fusion-builder-column-2{width:33.333333333333% !important;margin-top : 0px;margin-bottom : 0px;}.fusion-builder-column-2 > .fusion-column-wrapper {padding-top : 0 !important;padding-right : 0px !important;margin-right : 5.76%;padding-bottom : 0 !important;padding-left : 0px !important;margin-left : 5.76%;}@media only screen and (max-width:1200px) {.fusion-body .fusion-builder-column-2{width:33.333333333333% !important;order : 0;}.fusion-builder-column-2 > .fusion-column-wrapper {margin-right : 5.76%;margin-left : 5.76%;}}@media only screen and (max-width:640px) {.fusion-body .fusion-builder-column-2{width:100% !important;order : 0;}.fusion-builder-column-2 > .fusion-column-wrapper {margin-right : 1.92%;margin-left : 1.92%;}}<\/style><\/div><div class=\"fusion-layout-column fusion_builder_column fusion-builder-column-3 fusion_builder_column_1_1 1_1 fusion-flex-column\"><div class=\"fusion-column-wrapper fusion-flex-justify-content-flex-start fusion-content-layout-column\" style=\"background-position:left top;background-repeat:no-repeat;-webkit-background-size:cover;-moz-background-size:cover;-o-background-size:cover;background-size:cover;padding: 0px 0px 0px 0px;\"><div class=\"fusion-text fusion-text-1\"><h2>USC y Plexus Tech, con el respaldo de la Secretar\u00eda de Estado de Digitalizaci\u00f3n e IA, promueven CAME&amp;IA, iniciativa \u00fanica en Espa\u00f1a en la personalizaci\u00f3n de los procesos asistenciales.<\/h2>\n<p>De la mano de Plexus Tech y la Universidad de Santiago de Compostela (USC), nace la <a href=\"https:\/\/camelia.usc.gal\/\" target=\"_blank\" rel=\"noopener\"><strong>C\u00e1tedra de Inteligencia Artificial en Medicina Personalizada de Precisi\u00f3n<\/strong><\/a> (CAME&amp;IA). Esta iniciativa, <a href=\"https:\/\/www.plexus.es\/plexus-tech-compromiso-innovacion-catedra-ia-medicina-personalizada\/\" target=\"_blank\" rel=\"noopener\"><strong>\u00fanica en Espa\u00f1a<\/strong><\/a>, optimizar\u00e1 la toma decisiones cl\u00ednicas aplicando la IA a la medicina personalizada.<\/p>\n<p>La puesta de largo de la C\u00e1tedra tuvo lugar este mi\u00e9rcoles 29 de mayo en el Paraninfo de la USC. En el acto, se destac\u00f3 el objetivo de este proyecto de generar, en los pr\u00f3ximos cuatro a\u00f1os, nuevo conocimiento a trav\u00e9s del uso de tecnolog\u00edas inteligentes y la explotaci\u00f3n avanzada de datos m\u00e9dicos para <strong>mejorar la toma de decisiones cl\u00ednicas<\/strong>.<\/p>\n<p><strong>En este sentido, USC y la empresa tecnol\u00f3gica Plexus Tech caminan juntan en la creaci\u00f3n de CAME&amp;IA<\/strong>. Se trata de una iniciativa liderada por el Centro Singular de Investigaci\u00f3n en Tecnolog\u00edas Inteligentes de la USC (CiTIUS) para \u201csituar Galicia y Espa\u00f1a a la vanguardia de la aplicaci\u00f3n de la Inteligencia Artificial en el \u00e1mbito sanitario\u201d, como destac\u00f3 en el acto el <strong>rector de la USC, Antonio L\u00f3pez D\u00edaz.<\/strong><\/p>\n<p>El rector puso en valor esta colaboraci\u00f3n p\u00fablico-privada. Adem\u00e1s, subray\u00f3 la conexi\u00f3n que en la Universidad se teje entre la investigaci\u00f3n cient\u00edfica, especialmente en IA, sum\u00e1ndole las potencialidades de la investigaci\u00f3n biosanitaria. \u201c<strong>La aplicaci\u00f3n de la IA al campo de la medicina permite gestionar una inmensidad de datos<\/strong> sobre cada paciente para afinar los diagn\u00f3sticos, los tratamientos y mejorar, en definitiva, la calidad de vida de las personas, algo que ser\u00eda inimaginable a trav\u00e9s de las v\u00edas tradicionales. Ese manejo de datos s\u00f3lo es posible aplicando herramientas de Inteligencia Artificial\u201d, destac\u00f3 el rector.<\/p>\n<h3>Presentaci\u00f3n de una c\u00e1tedra pionera.<\/h3>\n<p>La c\u00e1tedra CAME&amp;IA, financiada con 1,2 millones de euros, cuenta con el <strong>respaldo del Ministerio para la Transformaci\u00f3n Digital y de la Funci\u00f3n P\u00fablica<\/strong>. Para ello, el ente p\u00fablico realiza una aportaci\u00f3n pr\u00f3xima a los 900.000 euros. Adem\u00e1s, cabe destacar que est\u00e1 creada en el contexto de la candidatura de la USC a las ayudas para la creaci\u00f3n de las C\u00e1tedras ENIA. Estas est\u00e1n convocadas por la Secretar\u00eda de Estado de Digitalizaci\u00f3n e Inteligencia Artificial, en el marco de la Agenda Espa\u00f1a Digital 2025, y del Componente 16 del Plan de Recuperaci\u00f3n, Transformaci\u00f3n y Resiliencia.<\/p>\n<p>&#8220;Esta c\u00e1tedra refleja el <strong>papel fundamental que desempe\u00f1a la investigaci\u00f3n para construir un pa\u00eds mejor<\/strong>, que abrace la tecnolog\u00eda con una mirada humanista, centrada en las personas y en la defensa de sus derechos&#8221;, destac\u00f3 durante la sesi\u00f3n la <strong>secretaria de Estado de Digitalizaci\u00f3n e Inteligencia Artificial, Mar\u00eda Gonz\u00e1lez Veracruz<\/strong>. Asimismo, defendi\u00f3 el compromiso firme del Gobierno de Espa\u00f1a con la universidad p\u00fablica, la investigaci\u00f3n cient\u00edfica y el desarrollo tecnol\u00f3gico como: &#8220;pilares de un pa\u00eds m\u00e1s justo, innovador y preparado para liderar el futuro digital&#8221;.<\/p>\n<p>&#8220;La c\u00e1tedra naci\u00f3 con la convicci\u00f3n de que s\u00f3lo desde una <strong>perspectiva integradora y multidisciplinar<\/strong> se puede construir un entorno de investigaci\u00f3n que transforme el conocimiento en mejoras tangibles para la pr\u00e1ctica cl\u00ednica&#8221;, afirm\u00f3 <strong>Sen\u00e9n Barro, director cient\u00edfico del CiTIUS<\/strong> y responsable de la c\u00e1tedra. &#8220;<strong>Entendemos la tecnolog\u00eda como una gran herramienta para mejorar el mundo<\/strong>, y la medicina es un campo donde los avances tecnol\u00f3gicos tienen un impacto directo en la calidad de vida de las personas&#8221;, subray\u00f3, por su parte, <strong>Jos\u00e9 Manuel Vi\u00f1a Bravo, director general de Plexus Tech<\/strong>. El acto cont\u00f3 adem\u00e1s con la conferencia del catedr\u00e1tico de la USC, \u00c1ngel Carracedo.<\/p>\n<h4>Tiempo r\u00e9cord.<\/h4>\n<p>La aplicaci\u00f3n de la IA a la medicina personalizada ya es una realidad. <strong>La capacidad de analizar grandes vol\u00famenes de datos<\/strong> en tiempo r\u00e9cord <strong>permite:<\/strong><\/p>\n<ul>\n<li><strong>Diagn\u00f3sticos m\u00e1s r\u00e1pidos y precisos.<\/strong><\/li>\n<li>Favorece la medicina predictiva.<\/li>\n<li>Y optimiza los tratamientos para cada paciente.<\/li>\n<\/ul>\n<p>As\u00ed, entre las l\u00edneas de investigaci\u00f3n de CAME&amp;IA destacan:<\/p>\n<ul>\n<li>El aprendizaje autom\u00e1tico y modelos predictivos para la personalizaci\u00f3n de tratamientos.<\/li>\n<li>El procesamiento de im\u00e1genes m\u00e9dicas y an\u00e1lisis de se\u00f1ales biom\u00e9dicas.<\/li>\n<li>O la integraci\u00f3n de datos multimodales para mejorar diagn\u00f3sticos y tratamientos.<\/li>\n<\/ul>\n<p>El proyecto cuenta con un <strong>comit\u00e9 de garantes formado por referentes en investigaci\u00f3n biosanitaria y tecnolog\u00eda.<\/strong> Este comit\u00e9 de expertos procede no solo del CiTIUS -centro singular de la USC que se visit\u00f3 al finalizar el acto-, sino tambi\u00e9n del:<\/p>\n<ul>\n<li>Centro Singular de Investigaci\u00f3n en Medicina Molecular y Enfermedades Cr\u00f3nicas de la USC (CiMUS).<\/li>\n<li>Centro de Investigaci\u00f3n y Tecnolog\u00eda Matem\u00e1tica de Galicia (CITMAGA).<\/li>\n<li>Instituto de Investigaci\u00f3n Sanitaria de Santiago de Compostela (IDIS).<\/li>\n<li>Fundaci\u00f3n P\u00fablica Gallega de Medicina Gen\u00f3mica.<\/li>\n<li>Adem\u00e1s, colaborar\u00e1 con el Centro de Supercomputaci\u00f3n de Galicia (CESGA) y con diversos agentes p\u00fablicos y privados del sector de la salud.<\/li>\n<\/ul>\n<p>M\u00e1s all\u00e1 de su actividad investigadora, <strong>la c\u00e1tedra desarrollar\u00e1 una amplia programaci\u00f3n formativa<\/strong>. En esta l\u00ednea, se har\u00e1 un especial \u00e9nfasis en los aspectos \u00e9ticos y legales del uso de la IA en medicina. La transferencia de conocimiento a la sociedad y la colaboraci\u00f3n con centros estatales e internacionales ser\u00e1n aspectos clave en su hoja de ruta. <strong>Esta iniciativa universidad-empresa representa una apuesta a largo plazo<\/strong> para integrar el conocimiento de los profesionales TIC, investigaci\u00f3n en salud y medicina asistencial.<\/p>\n<\/div><\/div><style type=\"text\/css\">.fusion-body .fusion-builder-column-3{width:100% !important;margin-top : 20px;margin-bottom : 20px;}.fusion-builder-column-3 > .fusion-column-wrapper {padding-top : 0px !important;padding-right : 0px !important;margin-right : 1.92%;padding-bottom : 0px !important;padding-left : 0px !important;margin-left : 1.92%;}@media only screen and (max-width:1200px) {.fusion-body .fusion-builder-column-3{width:100% !important;order : 0;}.fusion-builder-column-3 > .fusion-column-wrapper {margin-right : 1.92%;margin-left : 1.92%;}}@media only screen and (max-width:640px) {.fusion-body .fusion-builder-column-3{width:100% !important;order : 0;}.fusion-builder-column-3 > .fusion-column-wrapper {margin-right : 1.92%;margin-left : 1.92%;}}<\/style><\/div><\/div><style type=\"text\/css\">.fusion-body .fusion-flex-container.fusion-builder-row-1{ padding-top : 0px;margin-top : 0;padding-right : 0px;padding-bottom : 0px;margin-bottom : 0;padding-left : 0px;}<\/style><\/div>\n","protected":false},"excerpt":{"rendered":"<p> CAME&#038;IA es una iniciativa \u00fanica en Espa\u00f1a, con el respaldo del Gobierno, en la personalizaci\u00f3n de los procesos asistenciales.<\/p>\n","protected":false},"author":1,"featured_media":47764,"comment_status":"open","ping_status":"open","sticky":false,"template":"","format":"standard","meta":[],"categories":[41,107,222],"tags":[],"yoast_head":"<!-- This site is optimized with the Yoast SEO plugin v17.4 - https:\/\/yoast.com\/wordpress\/plugins\/seo\/ -->\n<title>Plexus Tech y la USC crean CAME&amp;IA, la primera C\u00e1tedra de IA en MMP<\/title>\n<meta name=\"description\" content=\"USC y Plexus Tech promueven CAME&amp;IA, iniciativa \u00fanica en Espa\u00f1a en la personalizaci\u00f3n de procesos asistenciales.\" \/>\n<meta name=\"robots\" content=\"index, follow, max-snippet:-1, max-image-preview:large, max-video-preview:-1\" \/>\n<link rel=\"canonical\" href=\"https:\/\/www.plexus.es\/plexus-tech-usc-crean-cameia\/\" \/>\n<meta property=\"og:locale\" content=\"pt_PT\" \/>\n<meta property=\"og:type\" content=\"article\" \/>\n<meta property=\"og:title\" content=\"Plexus Tech y la USC crean CAME&amp;IA, la primera C\u00e1tedra de IA en MMP\" \/>\n<meta property=\"og:description\" content=\"USC y Plexus Tech promueven CAME&amp;IA, iniciativa \u00fanica en Espa\u00f1a en la personalizaci\u00f3n de procesos asistenciales.\" \/>\n<meta property=\"og:url\" content=\"https:\/\/www.plexus.es\/plexus-tech-usc-crean-cameia\/\" \/>\n<meta property=\"og:site_name\" content=\"Plexus Tech\" \/>\n<meta property=\"article:publisher\" content=\"https:\/\/www.facebook.com\/Plexus.Techno\" \/>\n<meta property=\"article:published_time\" content=\"2025-05-29T08:29:53+00:00\" \/>\n<meta property=\"article:modified_time\" content=\"2025-05-30T09:14:34+00:00\" \/>\n<meta property=\"og:image\" content=\"https:\/\/www.plexus.es\/wp-content\/uploads\/2025\/05\/Mesa-de-trabajo-2-19.png\" \/>\n\t<meta property=\"og:image:width\" content=\"949\" \/>\n\t<meta property=\"og:image:height\" content=\"601\" \/>\n<meta name=\"twitter:card\" content=\"summary_large_image\" \/>\n<meta name=\"twitter:creator\" content=\"@plexustech_\" \/>\n<meta name=\"twitter:site\" content=\"@plexustech_\" \/>\n<meta name=\"twitter:label1\" content=\"Escrito por\" \/>\n\t<meta name=\"twitter:data1\" content=\"admin_plexus\" \/>\n\t<meta name=\"twitter:label2\" content=\"Tempo estimado de leitura\" \/>\n\t<meta name=\"twitter:data2\" content=\"3 minutos\" \/>\n<script type=\"application\/ld+json\" class=\"yoast-schema-graph\">{\"@context\":\"https:\/\/schema.org\",\"@graph\":[{\"@type\":\"Organization\",\"@id\":\"https:\/\/www.plexus.es\/#organization\",\"name\":\"Plexus Tech\",\"url\":\"https:\/\/www.plexus.es\/\",\"sameAs\":[\"https:\/\/www.facebook.com\/Plexus.Techno\",\"https:\/\/www.instagram.com\/plexus.tech\/\",\"https:\/\/www.linkedin.com\/company\/plexus-tech\/mycompany\/\",\"https:\/\/www.youtube.com\/user\/tecnologiasplexus\",\"https:\/\/twitter.com\/plexustech_\"],\"logo\":{\"@type\":\"ImageObject\",\"@id\":\"https:\/\/www.plexus.es\/#logo\",\"inLanguage\":\"pt-PT\",\"url\":\"https:\/\/www.plexus.es\/wp-content\/uploads\/2021\/11\/logo-plexus-2021.png\",\"contentUrl\":\"https:\/\/www.plexus.es\/wp-content\/uploads\/2021\/11\/logo-plexus-2021.png\",\"width\":600,\"height\":600,\"caption\":\"Plexus Tech\"},\"image\":{\"@id\":\"https:\/\/www.plexus.es\/#logo\"}},{\"@type\":\"WebSite\",\"@id\":\"https:\/\/www.plexus.es\/#website\",\"url\":\"https:\/\/www.plexus.es\/\",\"name\":\"Plexus Tech\",\"description\":\"Tecnolog\\u00eda con Alma\",\"publisher\":{\"@id\":\"https:\/\/www.plexus.es\/#organization\"},\"potentialAction\":[{\"@type\":\"SearchAction\",\"target\":{\"@type\":\"EntryPoint\",\"urlTemplate\":\"https:\/\/www.plexus.es\/?s={search_term_string}\"},\"query-input\":\"required name=search_term_string\"}],\"inLanguage\":\"pt-PT\"},{\"@type\":\"ImageObject\",\"@id\":\"https:\/\/www.plexus.es\/plexus-tech-usc-crean-cameia\/#primaryimage\",\"inLanguage\":\"pt-PT\",\"url\":\"https:\/\/www.plexus.es\/wp-content\/uploads\/2025\/05\/Mesa-de-trabajo-2-19.png\",\"contentUrl\":\"https:\/\/www.plexus.es\/wp-content\/uploads\/2025\/05\/Mesa-de-trabajo-2-19.png\",\"width\":949,\"height\":601,\"caption\":\"Presentaci\\u00f3n de CAME&IA, C\\u00e1tedra pionera liderada por Plexus Tech y la USC, en el Paraninfo de la USC.\"},{\"@type\":\"WebPage\",\"@id\":\"https:\/\/www.plexus.es\/plexus-tech-usc-crean-cameia\/#webpage\",\"url\":\"https:\/\/www.plexus.es\/plexus-tech-usc-crean-cameia\/\",\"name\":\"Plexus Tech y la USC crean CAME&IA, la primera C\\u00e1tedra de IA en MMP\",\"isPartOf\":{\"@id\":\"https:\/\/www.plexus.es\/#website\"},\"primaryImageOfPage\":{\"@id\":\"https:\/\/www.plexus.es\/plexus-tech-usc-crean-cameia\/#primaryimage\"},\"datePublished\":\"2025-05-29T08:29:53+00:00\",\"dateModified\":\"2025-05-30T09:14:34+00:00\",\"description\":\"USC y Plexus Tech promueven CAME&IA, iniciativa \\u00fanica en Espa\\u00f1a en la personalizaci\\u00f3n de procesos asistenciales.\",\"breadcrumb\":{\"@id\":\"https:\/\/www.plexus.es\/plexus-tech-usc-crean-cameia\/#breadcrumb\"},\"inLanguage\":\"pt-PT\",\"potentialAction\":[{\"@type\":\"ReadAction\",\"target\":[\"https:\/\/www.plexus.es\/plexus-tech-usc-crean-cameia\/\"]}]},{\"@type\":\"BreadcrumbList\",\"@id\":\"https:\/\/www.plexus.es\/plexus-tech-usc-crean-cameia\/#breadcrumb\",\"itemListElement\":[{\"@type\":\"ListItem\",\"position\":1,\"name\":\"Home\",\"item\":\"https:\/\/www.plexus.es\/\"},{\"@type\":\"ListItem\",\"position\":2,\"name\":\"Plexus y USC crean CAME&#038;IA: C\\u00e1tedra de IA en Medicina Personalizada de Precisi\\u00f3n\"}]},{\"@type\":\"Article\",\"@id\":\"https:\/\/www.plexus.es\/plexus-tech-usc-crean-cameia\/#article\",\"isPartOf\":{\"@id\":\"https:\/\/www.plexus.es\/plexus-tech-usc-crean-cameia\/#webpage\"},\"author\":{\"@id\":\"https:\/\/www.plexus.es\/#\/schema\/person\/8f02d5ce6d7b659fa68b0e90317c5171\"},\"headline\":\"Plexus y USC crean CAME&#038;IA: C\\u00e1tedra de IA en Medicina Personalizada de Precisi\\u00f3n\",\"datePublished\":\"2025-05-29T08:29:53+00:00\",\"dateModified\":\"2025-05-30T09:14:34+00:00\",\"mainEntityOfPage\":{\"@id\":\"https:\/\/www.plexus.es\/plexus-tech-usc-crean-cameia\/#webpage\"},\"wordCount\":2908,\"commentCount\":0,\"publisher\":{\"@id\":\"https:\/\/www.plexus.es\/#organization\"},\"image\":{\"@id\":\"https:\/\/www.plexus.es\/plexus-tech-usc-crean-cameia\/#primaryimage\"},\"thumbnailUrl\":\"https:\/\/www.plexus.es\/wp-content\/uploads\/2025\/05\/Mesa-de-trabajo-2-19.png\",\"articleSection\":[\"Educaci\\u00f3n\",\"Eventos\",\"Tech&amp;Innovaci\\u00f3n\"],\"inLanguage\":\"pt-PT\",\"potentialAction\":[{\"@type\":\"CommentAction\",\"name\":\"Comment\",\"target\":[\"https:\/\/www.plexus.es\/plexus-tech-usc-crean-cameia\/#respond\"]}]},{\"@type\":\"Person\",\"@id\":\"https:\/\/www.plexus.es\/#\/schema\/person\/8f02d5ce6d7b659fa68b0e90317c5171\",\"name\":\"admin_plexus\",\"image\":{\"@type\":\"ImageObject\",\"@id\":\"https:\/\/www.plexus.es\/#personlogo\",\"inLanguage\":\"pt-PT\",\"url\":\"https:\/\/secure.gravatar.com\/avatar\/c1d7caf9a4063a74393abcf91991e9cd?s=96&d=mm&r=g\",\"contentUrl\":\"https:\/\/secure.gravatar.com\/avatar\/c1d7caf9a4063a74393abcf91991e9cd?s=96&d=mm&r=g\",\"caption\":\"admin_plexus\"},\"sameAs\":[\"https:\/\/www.plexus.es\"]}]}<\/script>\n<!-- \/ Yoast SEO plugin. -->","yoast_head_json":{"title":"Plexus Tech y la USC crean CAME&IA, la primera C\u00e1tedra de IA en MMP","description":"USC y Plexus Tech promueven CAME&IA, iniciativa \u00fanica en Espa\u00f1a en la personalizaci\u00f3n de procesos asistenciales.","robots":{"index":"index","follow":"follow","max-snippet":"max-snippet:-1","max-image-preview":"max-image-preview:large","max-video-preview":"max-video-preview:-1"},"canonical":"https:\/\/www.plexus.es\/plexus-tech-usc-crean-cameia\/","og_locale":"pt_PT","og_type":"article","og_title":"Plexus Tech y la USC crean CAME&IA, la primera C\u00e1tedra de IA en MMP","og_description":"USC y Plexus Tech promueven CAME&IA, iniciativa \u00fanica en Espa\u00f1a en la personalizaci\u00f3n de procesos asistenciales.","og_url":"https:\/\/www.plexus.es\/plexus-tech-usc-crean-cameia\/","og_site_name":"Plexus Tech","article_publisher":"https:\/\/www.facebook.com\/Plexus.Techno","article_published_time":"2025-05-29T08:29:53+00:00","article_modified_time":"2025-05-30T09:14:34+00:00","og_image":[{"width":949,"height":601,"url":"https:\/\/www.plexus.es\/wp-content\/uploads\/2025\/05\/Mesa-de-trabajo-2-19.png","type":"image\/png"}],"twitter_card":"summary_large_image","twitter_creator":"@plexustech_","twitter_site":"@plexustech_","twitter_misc":{"Escrito por":"admin_plexus","Tempo estimado de leitura":"3 minutos"},"schema":{"@context":"https:\/\/schema.org","@graph":[{"@type":"Organization","@id":"https:\/\/www.plexus.es\/#organization","name":"Plexus Tech","url":"https:\/\/www.plexus.es\/","sameAs":["https:\/\/www.facebook.com\/Plexus.Techno","https:\/\/www.instagram.com\/plexus.tech\/","https:\/\/www.linkedin.com\/company\/plexus-tech\/mycompany\/","https:\/\/www.youtube.com\/user\/tecnologiasplexus","https:\/\/twitter.com\/plexustech_"],"logo":{"@type":"ImageObject","@id":"https:\/\/www.plexus.es\/#logo","inLanguage":"pt-PT","url":"https:\/\/www.plexus.es\/wp-content\/uploads\/2021\/11\/logo-plexus-2021.png","contentUrl":"https:\/\/www.plexus.es\/wp-content\/uploads\/2021\/11\/logo-plexus-2021.png","width":600,"height":600,"caption":"Plexus Tech"},"image":{"@id":"https:\/\/www.plexus.es\/#logo"}},{"@type":"WebSite","@id":"https:\/\/www.plexus.es\/#website","url":"https:\/\/www.plexus.es\/","name":"Plexus Tech","description":"Tecnolog\u00eda con Alma","publisher":{"@id":"https:\/\/www.plexus.es\/#organization"},"potentialAction":[{"@type":"SearchAction","target":{"@type":"EntryPoint","urlTemplate":"https:\/\/www.plexus.es\/?s={search_term_string}"},"query-input":"required name=search_term_string"}],"inLanguage":"pt-PT"},{"@type":"ImageObject","@id":"https:\/\/www.plexus.es\/plexus-tech-usc-crean-cameia\/#primaryimage","inLanguage":"pt-PT","url":"https:\/\/www.plexus.es\/wp-content\/uploads\/2025\/05\/Mesa-de-trabajo-2-19.png","contentUrl":"https:\/\/www.plexus.es\/wp-content\/uploads\/2025\/05\/Mesa-de-trabajo-2-19.png","width":949,"height":601,"caption":"Presentaci\u00f3n de CAME&IA, C\u00e1tedra pionera liderada por Plexus Tech y la USC, en el Paraninfo de la USC."},{"@type":"WebPage","@id":"https:\/\/www.plexus.es\/plexus-tech-usc-crean-cameia\/#webpage","url":"https:\/\/www.plexus.es\/plexus-tech-usc-crean-cameia\/","name":"Plexus Tech y la USC crean CAME&IA, la primera C\u00e1tedra de IA en MMP","isPartOf":{"@id":"https:\/\/www.plexus.es\/#website"},"primaryImageOfPage":{"@id":"https:\/\/www.plexus.es\/plexus-tech-usc-crean-cameia\/#primaryimage"},"datePublished":"2025-05-29T08:29:53+00:00","dateModified":"2025-05-30T09:14:34+00:00","description":"USC y Plexus Tech promueven CAME&IA, iniciativa \u00fanica en Espa\u00f1a en la personalizaci\u00f3n de procesos asistenciales.","breadcrumb":{"@id":"https:\/\/www.plexus.es\/plexus-tech-usc-crean-cameia\/#breadcrumb"},"inLanguage":"pt-PT","potentialAction":[{"@type":"ReadAction","target":["https:\/\/www.plexus.es\/plexus-tech-usc-crean-cameia\/"]}]},{"@type":"BreadcrumbList","@id":"https:\/\/www.plexus.es\/plexus-tech-usc-crean-cameia\/#breadcrumb","itemListElement":[{"@type":"ListItem","position":1,"name":"Home","item":"https:\/\/www.plexus.es\/"},{"@type":"ListItem","position":2,"name":"Plexus y USC crean CAME&#038;IA: C\u00e1tedra de IA en Medicina Personalizada de Precisi\u00f3n"}]},{"@type":"Article","@id":"https:\/\/www.plexus.es\/plexus-tech-usc-crean-cameia\/#article","isPartOf":{"@id":"https:\/\/www.plexus.es\/plexus-tech-usc-crean-cameia\/#webpage"},"author":{"@id":"https:\/\/www.plexus.es\/#\/schema\/person\/8f02d5ce6d7b659fa68b0e90317c5171"},"headline":"Plexus y USC crean CAME&#038;IA: C\u00e1tedra de IA en Medicina Personalizada de Precisi\u00f3n","datePublished":"2025-05-29T08:29:53+00:00","dateModified":"2025-05-30T09:14:34+00:00","mainEntityOfPage":{"@id":"https:\/\/www.plexus.es\/plexus-tech-usc-crean-cameia\/#webpage"},"wordCount":2908,"commentCount":0,"publisher":{"@id":"https:\/\/www.plexus.es\/#organization"},"image":{"@id":"https:\/\/www.plexus.es\/plexus-tech-usc-crean-cameia\/#primaryimage"},"thumbnailUrl":"https:\/\/www.plexus.es\/wp-content\/uploads\/2025\/05\/Mesa-de-trabajo-2-19.png","articleSection":["Educaci\u00f3n","Eventos","Tech&amp;Innovaci\u00f3n"],"inLanguage":"pt-PT","potentialAction":[{"@type":"CommentAction","name":"Comment","target":["https:\/\/www.plexus.es\/plexus-tech-usc-crean-cameia\/#respond"]}]},{"@type":"Person","@id":"https:\/\/www.plexus.es\/#\/schema\/person\/8f02d5ce6d7b659fa68b0e90317c5171","name":"admin_plexus","image":{"@type":"ImageObject","@id":"https:\/\/www.plexus.es\/#personlogo","inLanguage":"pt-PT","url":"https:\/\/secure.gravatar.com\/avatar\/c1d7caf9a4063a74393abcf91991e9cd?s=96&d=mm&r=g","contentUrl":"https:\/\/secure.gravatar.com\/avatar\/c1d7caf9a4063a74393abcf91991e9cd?s=96&d=mm&r=g","caption":"admin_plexus"},"sameAs":["https:\/\/www.plexus.es"]}]}},"_links":{"self":[{"href":"https:\/\/www.plexus.es\/pt-pt\/wp-json\/wp\/v2\/posts\/47763"}],"collection":[{"href":"https:\/\/www.plexus.es\/pt-pt\/wp-json\/wp\/v2\/posts"}],"about":[{"href":"https:\/\/www.plexus.es\/pt-pt\/wp-json\/wp\/v2\/types\/post"}],"author":[{"embeddable":true,"href":"https:\/\/www.plexus.es\/pt-pt\/wp-json\/wp\/v2\/users\/1"}],"replies":[{"embeddable":true,"href":"https:\/\/www.plexus.es\/pt-pt\/wp-json\/wp\/v2\/comments?post=47763"}],"version-history":[{"count":17,"href":"https:\/\/www.plexus.es\/pt-pt\/wp-json\/wp\/v2\/posts\/47763\/revisions"}],"predecessor-version":[{"id":47804,"href":"https:\/\/www.plexus.es\/pt-pt\/wp-json\/wp\/v2\/posts\/47763\/revisions\/47804"}],"wp:featuredmedia":[{"embeddable":true,"href":"https:\/\/www.plexus.es\/pt-pt\/wp-json\/wp\/v2\/media\/47764"}],"wp:attachment":[{"href":"https:\/\/www.plexus.es\/pt-pt\/wp-json\/wp\/v2\/media?parent=47763"}],"wp:term":[{"taxonomy":"category","embeddable":true,"href":"https:\/\/www.plexus.es\/pt-pt\/wp-json\/wp\/v2\/categories?post=47763"},{"taxonomy":"post_tag","embeddable":true,"href":"https:\/\/www.plexus.es\/pt-pt\/wp-json\/wp\/v2\/tags?post=47763"}],"curies":[{"name":"wp","href":"https:\/\/api.w.org\/{rel}","templated":true}]}}