{"id":47911,"date":"2025-05-15T11:05:18","date_gmt":"2025-05-15T09:05:18","guid":{"rendered":"https:\/\/www.plexus.es\/?p=47911"},"modified":"2025-06-05T16:42:11","modified_gmt":"2025-06-05T14:42:11","slug":"plexus-tech-foro-noroeste-prensa-iberica","status":"publish","type":"post","link":"https:\/\/www.plexus.es\/pt-pt\/plexus-tech-foro-noroeste-prensa-iberica\/","title":{"rendered":"Plexus Tech participa en la primera edici\u00f3n del Foro Noroeste de Prensa Ib\u00e9rica"},"content":{"rendered":"<div class=\"fusion-fullwidth fullwidth-box fusion-builder-row-1 fusion-flex-container container-detail-news plexus_css nonhundred-percent-fullwidth non-hundred-percent-height-scrolling\" style=\"background-color: rgba(255,255,255,0);background-position: center center;background-repeat: no-repeat;border-width: 0px 0px 0px 0px;border-color:#e8ebef;border-style:solid;\" ><div class=\"fusion-builder-row fusion-row fusion-flex-align-items-flex-start\" style=\"max-width:1310.4px;margin-left: calc(-4% \/ 2 );margin-right: calc(-4% \/ 2 );\"><div class=\"fusion-layout-column fusion_builder_column fusion-builder-column-0 fusion_builder_column_1_1 1_1 fusion-flex-column fusion-flex-align-self-stretch\"><div class=\"fusion-column-wrapper fusion-flex-justify-content-center fusion-content-layout-column\" style=\"background-position:left top;background-repeat:no-repeat;-webkit-background-size:cover;-moz-background-size:cover;-o-background-size:cover;background-size:cover;padding: 0px 0px 0px 0px;\"><div style=\"text-align:center;\"><span class=\" fusion-imageframe imageframe-none imageframe-1 hover-type-none\" style=\"border-radius:12px;margin-top:0px;margin-right:0px;margin-bottom:0px;margin-left:0px;\"><a class=\"fusion-no-lightbox\" href=\"https:\/\/www.linkedin.com\/posts\/plexus-tech_goodnews-gemelosdigitales-platgdia-activity-7146514515004735488-uBrB?utm_source=share&amp;utm_medium=member_desktop\" target=\"_self\" aria-label=\"7e507454-2be8-45cd-b777-980752789265_source-aspect-ratio_default_0\"><img width=\"2000\" height=\"1174\" alt=\"Foto oficial del Foro Noroeste. Fuente foto: El Correo Gallego.\" src=\"https:\/\/www.plexus.es\/wp-content\/uploads\/2025\/06\/7e507454-2be8-45cd-b777-980752789265_source-aspect-ratio_default_0.jpg\" data-orig-src=\"https:\/\/www.plexus.es\/wp-content\/uploads\/2025\/06\/7e507454-2be8-45cd-b777-980752789265_source-aspect-ratio_default_0.jpg\" class=\"lazyload img-responsive wp-image-47917\" srcset=\"data:image\/svg+xml,%3Csvg%20xmlns%3D%27http%3A%2F%2Fwww.w3.org%2F2000%2Fsvg%27%20width%3D%272000%27%20height%3D%271174%27%20viewBox%3D%270%200%202000%201174%27%3E%3Crect%20width%3D%272000%27%20height%3D%271174%27%20fill-opacity%3D%220%22%2F%3E%3C%2Fsvg%3E\" data-srcset=\"https:\/\/www.plexus.es\/wp-content\/uploads\/2025\/06\/7e507454-2be8-45cd-b777-980752789265_source-aspect-ratio_default_0-200x117.jpg 200w, https:\/\/www.plexus.es\/wp-content\/uploads\/2025\/06\/7e507454-2be8-45cd-b777-980752789265_source-aspect-ratio_default_0-400x235.jpg 400w, https:\/\/www.plexus.es\/wp-content\/uploads\/2025\/06\/7e507454-2be8-45cd-b777-980752789265_source-aspect-ratio_default_0-600x352.jpg 600w, https:\/\/www.plexus.es\/wp-content\/uploads\/2025\/06\/7e507454-2be8-45cd-b777-980752789265_source-aspect-ratio_default_0-800x470.jpg 800w, https:\/\/www.plexus.es\/wp-content\/uploads\/2025\/06\/7e507454-2be8-45cd-b777-980752789265_source-aspect-ratio_default_0-1200x704.jpg 1200w, https:\/\/www.plexus.es\/wp-content\/uploads\/2025\/06\/7e507454-2be8-45cd-b777-980752789265_source-aspect-ratio_default_0.jpg 2000w\" data-sizes=\"auto\" data-orig-sizes=\"(max-width: 640px) 100vw, 2000px\" \/><\/a><\/span><\/div><\/div><style type=\"text\/css\">.fusion-body .fusion-builder-column-0{width:100% !important;margin-top : 0px;margin-bottom : 0px;}.fusion-builder-column-0 > .fusion-column-wrapper {padding-top : 0 !important;padding-right : 0px !important;margin-right : 1.92%;padding-bottom : 0 !important;padding-left : 0px !important;margin-left : 1.92%;}@media only screen and (max-width:1200px) {.fusion-body .fusion-builder-column-0{width:100% !important;order : 0;}.fusion-builder-column-0 > .fusion-column-wrapper {margin-right : 1.92%;margin-left : 1.92%;}}@media only screen and (max-width:640px) {.fusion-body .fusion-builder-column-0{width:100% !important;order : 0;}.fusion-builder-column-0 > .fusion-column-wrapper {margin-right : 1.92%;margin-left : 1.92%;}}<\/style><\/div><div class=\"fusion-layout-column fusion_builder_column fusion-builder-column-1 fusion_builder_column_1_1 1_1 fusion-flex-column\"><div class=\"fusion-column-wrapper fusion-flex-justify-content-flex-start fusion-content-layout-column\" style=\"background-position:left top;background-repeat:no-repeat;-webkit-background-size:cover;-moz-background-size:cover;-o-background-size:cover;background-size:cover;padding: 0px 0px 0px 0px;\"><div class=\"fusion-text fusion-text-1\"><h2>En el Foro Noroeste, Antonio Agrasar, fundador y CEO de la compa\u00f1\u00eda, habl\u00f3 sobre el poder de la innovaci\u00f3n para el crecimiento de la regi\u00f3n.<\/h2>\n<p>Un <strong>encuentro de referencia para hablar de econom\u00eda, innovaci\u00f3n y futuro<\/strong>. Destacando el poder y la capacidad de generar prosperidad desde Galicia, Asturias y Castilla y Le\u00f3n, <strong>Plexus Tech estuvo presente<\/strong> el pasado 12 de marzo en la primera edici\u00f3n del <strong>Foro Noroeste<\/strong>, celebrado en Santiago de Compostela. Nuestro fundador y CEO, Antonio Agrasar, particip\u00f3 en una de las mesas de debate del encuentro, abordando el papel de la tecnolog\u00eda gallega en el futuro del sector.<\/p>\n<p>Este prestigioso foro de debate, <strong>organizado por el grupo editorial Prensa Ib\u00e9rica<\/strong>, sirvi\u00f3 como plataforma ideal para diseccionar la realidad social, pol\u00edtica y econ\u00f3mica y lanzar propuestas para fortalecer y revitalizar el tri\u00e1ngulo noroccidental de Espa\u00f1a.<\/p>\n<p>La intensa jornada, con cerca de 300 invitados en la sala de la Ciudad de la Cultura, <strong>estuvo dividida en mesas redondas y di\u00e1logos<\/strong>. En ellos participaron, entre otros:<\/p>\n<ul>\n<li>Los presidentes auton\u00f3micos de Galicia, Asturias y Castilla y Le\u00f3n, Alfonso Rueda, Adri\u00e1n Barb\u00f3n y Alfonso Fern\u00e1ndez Ma\u00f1ueco.<\/li>\n<li>La alcaldesa de Santiago, Goretti Sanmart\u00edn.<\/li>\n<li>El regidor de Oporto, Rui Moreira.<\/li>\n<li>Y<strong> representantes de las grandes empresas del pa\u00eds<\/strong> y con presencia en las tres autonom\u00edas, <strong>entre ellas, <a href=\"https:\/\/www.plexus.es\/servicios\/\" target=\"_blank\" rel=\"noopener\">Plexus Tech<\/a>.<\/strong><\/li>\n<\/ul>\n<h3>Innovaci\u00f3n para competir.<\/h3>\n<p>En lo que respecta a la participaci\u00f3n de la compa\u00f1\u00eda tecnol\u00f3gica en el Foro Noroeste, lo hizo, de la mano de su fundador y CEO, en la conversaci\u00f3n titulada \u201cInnovaci\u00f3n y conectividad para competir\u201d. En ella, <strong>Antonio Agrasar<\/strong> estuvo acompa\u00f1ado por Jacobo Cosmen, presidente de Alsa, y Manuel Men\u00e9ndez, presidente de EDP Espa\u00f1a.<\/p>\n<p>Durante su intervenci\u00f3n, Agrasar ha abogado por &#8220;<strong>impulsar a las empresas que generan innovaci\u00f3n con medidas fiscales, ya que contamos con el talento<\/strong>, y eso es lo m\u00e1s dif\u00edcil de encontrar&#8221;. En este sentido, recalc\u00f3 tambi\u00e9n la importancia de &#8220;la industria en esta innovaci\u00f3n, ya que la tecnolog\u00eda es el medio, pero la industria es la que pone las capacidades para llevar a cabo los grandes proyectos&#8221;.<\/p>\n<p>Por otra parte, remarc\u00f3 la necesidad de mejorar la conectividad de las infraestructuras. As\u00ed, se\u00f1al\u00f3 que vivimos en un mundo en el que &#8220;podemos trabajar entre China, USA y Espa\u00f1a&#8221; desde cualquier sitio, &#8220;algo que ya estamos haciendo&#8221;. Asimismo, pidi\u00f3 una <strong>apuesta por mejorar la educaci\u00f3n y la formaci\u00f3n del talento<\/strong> con los medios actuales, para que no se queden atr\u00e1s.<\/p>\n<p>Por \u00faltimo, el CEO de Plexus Tech se\u00f1al\u00f3 los <strong>efectos negativos de la hiperregulaci\u00f3n en Europa en materia de inteligencia artificial<\/strong>. Esto est\u00e1 afectando a la competitividad sector, destac\u00f3, impactando en sectores como la banca.<\/p>\n<h4>La infraestructura digital para el crecimiento de la regi\u00f3n.<\/h4>\n<p>De este modo, <a href=\"https:\/\/www.elcorreogallego.es\/galicia\/2025\/05\/18\/diez-lecciones-foro-noroeste-117511279.html\" target=\"_blank\" rel=\"noopener\">como destacan los organizadores<\/a>, una de las lecciones que ha dejado esta primera edici\u00f3n del Foro Noroeste es la <strong>importancia de la infraestructura digital<\/strong> para el crecimiento de la regi\u00f3n.<\/p>\n<p>En esta l\u00ednea, qued\u00f3 patente la <strong>capacidad del Noroeste para el almacenamiento y gesti\u00f3n de datos.<\/strong> Una disponibilidad que resulta vital para ser l\u00edderes en infraestructura digital.<\/p>\n<p>Adem\u00e1s, se dej\u00f3 claro la eficiencia que permite la IA en los procesos, pero los efectos negativos de su hiperregulaci\u00f3n. Esto supone un riesgo para Espa\u00f1a de quedarse atr\u00e1s respecto a otros pa\u00edses.<\/p>\n<\/div><\/div><style type=\"text\/css\">.fusion-body .fusion-builder-column-1{width:100% !important;margin-top : 20px;margin-bottom : 20px;}.fusion-builder-column-1 > .fusion-column-wrapper {padding-top : 0px !important;padding-right : 0px !important;margin-right : 1.92%;padding-bottom : 0px !important;padding-left : 0px !important;margin-left : 1.92%;}@media only screen and (max-width:1200px) {.fusion-body .fusion-builder-column-1{width:100% !important;order : 0;}.fusion-builder-column-1 > .fusion-column-wrapper {margin-right : 1.92%;margin-left : 1.92%;}}@media only screen and (max-width:640px) {.fusion-body .fusion-builder-column-1{width:100% !important;order : 0;}.fusion-builder-column-1 > .fusion-column-wrapper {margin-right : 1.92%;margin-left : 1.92%;}}<\/style><\/div><div class=\"fusion-layout-column fusion_builder_column fusion-builder-column-2 fusion_builder_column_1_2 1_2 fusion-flex-column fusion-flex-align-self-stretch\"><div class=\"fusion-column-wrapper fusion-flex-justify-content-center fusion-content-layout-column\" style=\"background-position:left top;background-repeat:no-repeat;-webkit-background-size:cover;-moz-background-size:cover;-o-background-size:cover;background-size:cover;padding: 0px 0px 0px 0px;\"><div style=\"text-align:center;\"><span class=\" fusion-imageframe imageframe-none imageframe-2 hover-type-none\" style=\"border-radius:12px;margin-top:0px;margin-right:0px;margin-bottom:0px;margin-left:0px;\"><a class=\"fusion-no-lightbox\" href=\"https:\/\/www.linkedin.com\/posts\/plexus-tech_goodnews-gemelosdigitales-platgdia-activity-7146514515004735488-uBrB?utm_source=share&amp;utm_medium=member_desktop\" target=\"_self\" aria-label=\"Foto web\"><img width=\"1653\" height=\"1240\" alt=\"Antonio Agrasar, fundador y CEO de Plexus Tech, en la mesa de debate \u201cInnovaci\u00f3n y conectividad para competir\u201d.\" src=\"https:\/\/www.plexus.es\/wp-content\/uploads\/2025\/06\/Foto-web.jpg\" data-orig-src=\"https:\/\/www.plexus.es\/wp-content\/uploads\/2025\/06\/Foto-web.jpg\" class=\"lazyload img-responsive wp-image-47929\" srcset=\"data:image\/svg+xml,%3Csvg%20xmlns%3D%27http%3A%2F%2Fwww.w3.org%2F2000%2Fsvg%27%20width%3D%271653%27%20height%3D%271240%27%20viewBox%3D%270%200%201653%201240%27%3E%3Crect%20width%3D%271653%27%20height%3D%271240%27%20fill-opacity%3D%220%22%2F%3E%3C%2Fsvg%3E\" data-srcset=\"https:\/\/www.plexus.es\/wp-content\/uploads\/2025\/06\/Foto-web-200x150.jpg 200w, https:\/\/www.plexus.es\/wp-content\/uploads\/2025\/06\/Foto-web-400x300.jpg 400w, https:\/\/www.plexus.es\/wp-content\/uploads\/2025\/06\/Foto-web-600x450.jpg 600w, https:\/\/www.plexus.es\/wp-content\/uploads\/2025\/06\/Foto-web-800x600.jpg 800w, https:\/\/www.plexus.es\/wp-content\/uploads\/2025\/06\/Foto-web-1200x900.jpg 1200w, https:\/\/www.plexus.es\/wp-content\/uploads\/2025\/06\/Foto-web.jpg 1653w\" data-sizes=\"auto\" data-orig-sizes=\"(max-width: 640px) 100vw, 600px\" \/><\/a><\/span><\/div><\/div><style type=\"text\/css\">.fusion-body .fusion-builder-column-2{width:50% !important;margin-top : 0px;margin-bottom : 0px;}.fusion-builder-column-2 > .fusion-column-wrapper {padding-top : 0 !important;padding-right : 0px !important;margin-right : 3.84%;padding-bottom : 0 !important;padding-left : 0px !important;margin-left : 3.84%;}@media only screen and (max-width:1200px) {.fusion-body .fusion-builder-column-2{width:50% !important;order : 0;}.fusion-builder-column-2 > .fusion-column-wrapper {margin-right : 3.84%;margin-left : 3.84%;}}@media only screen and (max-width:640px) {.fusion-body .fusion-builder-column-2{width:100% !important;order : 0;}.fusion-builder-column-2 > .fusion-column-wrapper {margin-right : 1.92%;margin-left : 1.92%;}}<\/style><\/div><div class=\"fusion-layout-column fusion_builder_column fusion-builder-column-3 fusion_builder_column_1_2 1_2 fusion-flex-column fusion-flex-align-self-stretch\"><div class=\"fusion-column-wrapper fusion-flex-justify-content-center fusion-content-layout-column\" style=\"background-position:left top;background-repeat:no-repeat;-webkit-background-size:cover;-moz-background-size:cover;-o-background-size:cover;background-size:cover;padding: 0px 0px 0px 0px;\"><div style=\"text-align:center;\"><span class=\" fusion-imageframe imageframe-none imageframe-3 hover-type-none\" style=\"border-radius:12px;margin-top:0px;margin-right:0px;margin-bottom:0px;margin-left:0px;\"><a class=\"fusion-no-lightbox\" href=\"https:\/\/www.linkedin.com\/posts\/plexus-tech_goodnews-gemelosdigitales-platgdia-activity-7146514515004735488-uBrB?utm_source=share&amp;utm_medium=member_desktop\" target=\"_self\" aria-label=\"Foto web 2\"><img width=\"1592\" height=\"1194\" alt=\"Antonio Agrasar, fundador y CEO de Plexus Tech, fue uno de los participantes del Foro Noroeste.\" src=\"https:\/\/www.plexus.es\/wp-content\/uploads\/2025\/06\/Foto-web-2.jpg\" data-orig-src=\"https:\/\/www.plexus.es\/wp-content\/uploads\/2025\/06\/Foto-web-2.jpg\" class=\"lazyload img-responsive wp-image-47923\" srcset=\"data:image\/svg+xml,%3Csvg%20xmlns%3D%27http%3A%2F%2Fwww.w3.org%2F2000%2Fsvg%27%20width%3D%271592%27%20height%3D%271194%27%20viewBox%3D%270%200%201592%201194%27%3E%3Crect%20width%3D%271592%27%20height%3D%271194%27%20fill-opacity%3D%220%22%2F%3E%3C%2Fsvg%3E\" data-srcset=\"https:\/\/www.plexus.es\/wp-content\/uploads\/2025\/06\/Foto-web-2-200x150.jpg 200w, https:\/\/www.plexus.es\/wp-content\/uploads\/2025\/06\/Foto-web-2-400x300.jpg 400w, https:\/\/www.plexus.es\/wp-content\/uploads\/2025\/06\/Foto-web-2-600x450.jpg 600w, https:\/\/www.plexus.es\/wp-content\/uploads\/2025\/06\/Foto-web-2-800x600.jpg 800w, https:\/\/www.plexus.es\/wp-content\/uploads\/2025\/06\/Foto-web-2-1200x900.jpg 1200w, https:\/\/www.plexus.es\/wp-content\/uploads\/2025\/06\/Foto-web-2.jpg 1592w\" data-sizes=\"auto\" data-orig-sizes=\"(max-width: 640px) 100vw, 600px\" \/><\/a><\/span><\/div><\/div><style type=\"text\/css\">.fusion-body .fusion-builder-column-3{width:50% !important;margin-top : 0px;margin-bottom : 0px;}.fusion-builder-column-3 > .fusion-column-wrapper {padding-top : 0 !important;padding-right : 0px !important;margin-right : 3.84%;padding-bottom : 0 !important;padding-left : 0px !important;margin-left : 3.84%;}@media only screen and (max-width:1200px) {.fusion-body .fusion-builder-column-3{width:50% !important;order : 0;}.fusion-builder-column-3 > .fusion-column-wrapper {margin-right : 3.84%;margin-left : 3.84%;}}@media only screen and (max-width:640px) {.fusion-body .fusion-builder-column-3{width:100% !important;order : 0;}.fusion-builder-column-3 > .fusion-column-wrapper {margin-right : 1.92%;margin-left : 1.92%;}}<\/style><\/div><\/div><style type=\"text\/css\">.fusion-body .fusion-flex-container.fusion-builder-row-1{ padding-top : 0px;margin-top : 0;padding-right : 0px;padding-bottom : 0px;margin-bottom : 0;padding-left : 0px;}<\/style><\/div>\n","protected":false},"excerpt":{"rendered":"<p>Antonio Agrasar, fundador y CEO de la compa\u00f1\u00eda, habl\u00f3 sobre el poder de la innovaci\u00f3n para el crecimiento de la regi\u00f3n.<\/p>\n","protected":false},"author":1,"featured_media":47966,"comment_status":"open","ping_status":"open","sticky":false,"template":"","format":"standard","meta":[],"categories":[107,222],"tags":[],"yoast_head":"<!-- This site is optimized with the Yoast SEO plugin v17.4 - https:\/\/yoast.com\/wordpress\/plugins\/seo\/ -->\n<title>Plexus Tech participa en el Foro Noroeste de Prensa Ib\u00e9rica<\/title>\n<meta name=\"description\" content=\"En el Foro Noroeste, Antonio Agrasar, fundador y CEO de Plexus Tech, habl\u00f3 sobre el poder de la innovaci\u00f3n para el crecimiento de la regi\u00f3n.\" \/>\n<meta name=\"robots\" content=\"index, follow, max-snippet:-1, max-image-preview:large, max-video-preview:-1\" \/>\n<link rel=\"canonical\" href=\"https:\/\/www.plexus.es\/plexus-tech-foro-noroeste-prensa-iberica\/\" \/>\n<meta property=\"og:locale\" content=\"pt_PT\" \/>\n<meta property=\"og:type\" content=\"article\" \/>\n<meta property=\"og:title\" content=\"Plexus Tech participa en el Foro Noroeste de Prensa Ib\u00e9rica\" \/>\n<meta property=\"og:description\" content=\"En el Foro Noroeste, Antonio Agrasar, fundador y CEO de Plexus Tech, habl\u00f3 sobre el poder de la innovaci\u00f3n para el crecimiento de la regi\u00f3n.\" \/>\n<meta property=\"og:url\" content=\"https:\/\/www.plexus.es\/plexus-tech-foro-noroeste-prensa-iberica\/\" \/>\n<meta property=\"og:site_name\" content=\"Plexus Tech\" \/>\n<meta property=\"article:publisher\" content=\"https:\/\/www.facebook.com\/Plexus.Techno\" \/>\n<meta property=\"article:published_time\" content=\"2025-05-15T09:05:18+00:00\" \/>\n<meta property=\"article:modified_time\" content=\"2025-06-05T14:42:11+00:00\" \/>\n<meta property=\"og:image\" content=\"https:\/\/www.plexus.es\/wp-content\/uploads\/2025\/05\/Mesa-de-trabajo-2-20.png\" \/>\n\t<meta property=\"og:image:width\" content=\"949\" \/>\n\t<meta property=\"og:image:height\" content=\"601\" \/>\n<meta name=\"twitter:card\" content=\"summary_large_image\" \/>\n<meta name=\"twitter:creator\" content=\"@plexustech_\" \/>\n<meta name=\"twitter:site\" content=\"@plexustech_\" \/>\n<meta name=\"twitter:label1\" content=\"Escrito por\" \/>\n\t<meta name=\"twitter:data1\" content=\"admin_plexus\" \/>\n\t<meta name=\"twitter:label2\" content=\"Tempo estimado de leitura\" \/>\n\t<meta name=\"twitter:data2\" content=\"6 minutos\" \/>\n<script type=\"application\/ld+json\" class=\"yoast-schema-graph\">{\"@context\":\"https:\/\/schema.org\",\"@graph\":[{\"@type\":\"Organization\",\"@id\":\"https:\/\/www.plexus.es\/#organization\",\"name\":\"Plexus Tech\",\"url\":\"https:\/\/www.plexus.es\/\",\"sameAs\":[\"https:\/\/www.facebook.com\/Plexus.Techno\",\"https:\/\/www.instagram.com\/plexus.tech\/\",\"https:\/\/www.linkedin.com\/company\/plexus-tech\/mycompany\/\",\"https:\/\/www.youtube.com\/user\/tecnologiasplexus\",\"https:\/\/twitter.com\/plexustech_\"],\"logo\":{\"@type\":\"ImageObject\",\"@id\":\"https:\/\/www.plexus.es\/#logo\",\"inLanguage\":\"pt-PT\",\"url\":\"https:\/\/www.plexus.es\/wp-content\/uploads\/2021\/11\/logo-plexus-2021.png\",\"contentUrl\":\"https:\/\/www.plexus.es\/wp-content\/uploads\/2021\/11\/logo-plexus-2021.png\",\"width\":600,\"height\":600,\"caption\":\"Plexus Tech\"},\"image\":{\"@id\":\"https:\/\/www.plexus.es\/#logo\"}},{\"@type\":\"WebSite\",\"@id\":\"https:\/\/www.plexus.es\/#website\",\"url\":\"https:\/\/www.plexus.es\/\",\"name\":\"Plexus Tech\",\"description\":\"Tecnolog\\u00eda con Alma\",\"publisher\":{\"@id\":\"https:\/\/www.plexus.es\/#organization\"},\"potentialAction\":[{\"@type\":\"SearchAction\",\"target\":{\"@type\":\"EntryPoint\",\"urlTemplate\":\"https:\/\/www.plexus.es\/?s={search_term_string}\"},\"query-input\":\"required name=search_term_string\"}],\"inLanguage\":\"pt-PT\"},{\"@type\":\"ImageObject\",\"@id\":\"https:\/\/www.plexus.es\/plexus-tech-foro-noroeste-prensa-iberica\/#primaryimage\",\"inLanguage\":\"pt-PT\",\"url\":\"https:\/\/www.plexus.es\/wp-content\/uploads\/2025\/05\/Mesa-de-trabajo-2-20.png\",\"contentUrl\":\"https:\/\/www.plexus.es\/wp-content\/uploads\/2025\/05\/Mesa-de-trabajo-2-20.png\",\"width\":949,\"height\":601,\"caption\":\"Antonio Agrasar, fundador y CEO de Plexus Tech, en la mesa de debate \\u201cInnovaci\\u00f3n y conectividad para competir\\u201d.\"},{\"@type\":\"WebPage\",\"@id\":\"https:\/\/www.plexus.es\/plexus-tech-foro-noroeste-prensa-iberica\/#webpage\",\"url\":\"https:\/\/www.plexus.es\/plexus-tech-foro-noroeste-prensa-iberica\/\",\"name\":\"Plexus Tech participa en el Foro Noroeste de Prensa Ib\\u00e9rica\",\"isPartOf\":{\"@id\":\"https:\/\/www.plexus.es\/#website\"},\"primaryImageOfPage\":{\"@id\":\"https:\/\/www.plexus.es\/plexus-tech-foro-noroeste-prensa-iberica\/#primaryimage\"},\"datePublished\":\"2025-05-15T09:05:18+00:00\",\"dateModified\":\"2025-06-05T14:42:11+00:00\",\"description\":\"En el Foro Noroeste, Antonio Agrasar, fundador y CEO de Plexus Tech, habl\\u00f3 sobre el poder de la innovaci\\u00f3n para el crecimiento de la regi\\u00f3n.\",\"breadcrumb\":{\"@id\":\"https:\/\/www.plexus.es\/plexus-tech-foro-noroeste-prensa-iberica\/#breadcrumb\"},\"inLanguage\":\"pt-PT\",\"potentialAction\":[{\"@type\":\"ReadAction\",\"target\":[\"https:\/\/www.plexus.es\/plexus-tech-foro-noroeste-prensa-iberica\/\"]}]},{\"@type\":\"BreadcrumbList\",\"@id\":\"https:\/\/www.plexus.es\/plexus-tech-foro-noroeste-prensa-iberica\/#breadcrumb\",\"itemListElement\":[{\"@type\":\"ListItem\",\"position\":1,\"name\":\"Home\",\"item\":\"https:\/\/www.plexus.es\/\"},{\"@type\":\"ListItem\",\"position\":2,\"name\":\"Plexus Tech participa en la primera edici\\u00f3n del Foro Noroeste de Prensa Ib\\u00e9rica\"}]},{\"@type\":\"Article\",\"@id\":\"https:\/\/www.plexus.es\/plexus-tech-foro-noroeste-prensa-iberica\/#article\",\"isPartOf\":{\"@id\":\"https:\/\/www.plexus.es\/plexus-tech-foro-noroeste-prensa-iberica\/#webpage\"},\"author\":{\"@id\":\"https:\/\/www.plexus.es\/#\/schema\/person\/8f02d5ce6d7b659fa68b0e90317c5171\"},\"headline\":\"Plexus Tech participa en la primera edici\\u00f3n del Foro Noroeste de Prensa Ib\\u00e9rica\",\"datePublished\":\"2025-05-15T09:05:18+00:00\",\"dateModified\":\"2025-06-05T14:42:11+00:00\",\"mainEntityOfPage\":{\"@id\":\"https:\/\/www.plexus.es\/plexus-tech-foro-noroeste-prensa-iberica\/#webpage\"},\"wordCount\":2524,\"commentCount\":0,\"publisher\":{\"@id\":\"https:\/\/www.plexus.es\/#organization\"},\"image\":{\"@id\":\"https:\/\/www.plexus.es\/plexus-tech-foro-noroeste-prensa-iberica\/#primaryimage\"},\"thumbnailUrl\":\"https:\/\/www.plexus.es\/wp-content\/uploads\/2025\/05\/Mesa-de-trabajo-2-20.png\",\"articleSection\":[\"Eventos\",\"Tech&amp;Innovaci\\u00f3n\"],\"inLanguage\":\"pt-PT\",\"potentialAction\":[{\"@type\":\"CommentAction\",\"name\":\"Comment\",\"target\":[\"https:\/\/www.plexus.es\/plexus-tech-foro-noroeste-prensa-iberica\/#respond\"]}]},{\"@type\":\"Person\",\"@id\":\"https:\/\/www.plexus.es\/#\/schema\/person\/8f02d5ce6d7b659fa68b0e90317c5171\",\"name\":\"admin_plexus\",\"image\":{\"@type\":\"ImageObject\",\"@id\":\"https:\/\/www.plexus.es\/#personlogo\",\"inLanguage\":\"pt-PT\",\"url\":\"https:\/\/secure.gravatar.com\/avatar\/c1d7caf9a4063a74393abcf91991e9cd?s=96&d=mm&r=g\",\"contentUrl\":\"https:\/\/secure.gravatar.com\/avatar\/c1d7caf9a4063a74393abcf91991e9cd?s=96&d=mm&r=g\",\"caption\":\"admin_plexus\"},\"sameAs\":[\"https:\/\/www.plexus.es\"]}]}<\/script>\n<!-- \/ Yoast SEO plugin. -->","yoast_head_json":{"title":"Plexus Tech participa en el Foro Noroeste de Prensa Ib\u00e9rica","description":"En el Foro Noroeste, Antonio Agrasar, fundador y CEO de Plexus Tech, habl\u00f3 sobre el poder de la innovaci\u00f3n para el crecimiento de la regi\u00f3n.","robots":{"index":"index","follow":"follow","max-snippet":"max-snippet:-1","max-image-preview":"max-image-preview:large","max-video-preview":"max-video-preview:-1"},"canonical":"https:\/\/www.plexus.es\/plexus-tech-foro-noroeste-prensa-iberica\/","og_locale":"pt_PT","og_type":"article","og_title":"Plexus Tech participa en el Foro Noroeste de Prensa Ib\u00e9rica","og_description":"En el Foro Noroeste, Antonio Agrasar, fundador y CEO de Plexus Tech, habl\u00f3 sobre el poder de la innovaci\u00f3n para el crecimiento de la regi\u00f3n.","og_url":"https:\/\/www.plexus.es\/plexus-tech-foro-noroeste-prensa-iberica\/","og_site_name":"Plexus Tech","article_publisher":"https:\/\/www.facebook.com\/Plexus.Techno","article_published_time":"2025-05-15T09:05:18+00:00","article_modified_time":"2025-06-05T14:42:11+00:00","og_image":[{"width":949,"height":601,"url":"https:\/\/www.plexus.es\/wp-content\/uploads\/2025\/05\/Mesa-de-trabajo-2-20.png","type":"image\/png"}],"twitter_card":"summary_large_image","twitter_creator":"@plexustech_","twitter_site":"@plexustech_","twitter_misc":{"Escrito por":"admin_plexus","Tempo estimado de leitura":"6 minutos"},"schema":{"@context":"https:\/\/schema.org","@graph":[{"@type":"Organization","@id":"https:\/\/www.plexus.es\/#organization","name":"Plexus Tech","url":"https:\/\/www.plexus.es\/","sameAs":["https:\/\/www.facebook.com\/Plexus.Techno","https:\/\/www.instagram.com\/plexus.tech\/","https:\/\/www.linkedin.com\/company\/plexus-tech\/mycompany\/","https:\/\/www.youtube.com\/user\/tecnologiasplexus","https:\/\/twitter.com\/plexustech_"],"logo":{"@type":"ImageObject","@id":"https:\/\/www.plexus.es\/#logo","inLanguage":"pt-PT","url":"https:\/\/www.plexus.es\/wp-content\/uploads\/2021\/11\/logo-plexus-2021.png","contentUrl":"https:\/\/www.plexus.es\/wp-content\/uploads\/2021\/11\/logo-plexus-2021.png","width":600,"height":600,"caption":"Plexus Tech"},"image":{"@id":"https:\/\/www.plexus.es\/#logo"}},{"@type":"WebSite","@id":"https:\/\/www.plexus.es\/#website","url":"https:\/\/www.plexus.es\/","name":"Plexus Tech","description":"Tecnolog\u00eda con Alma","publisher":{"@id":"https:\/\/www.plexus.es\/#organization"},"potentialAction":[{"@type":"SearchAction","target":{"@type":"EntryPoint","urlTemplate":"https:\/\/www.plexus.es\/?s={search_term_string}"},"query-input":"required name=search_term_string"}],"inLanguage":"pt-PT"},{"@type":"ImageObject","@id":"https:\/\/www.plexus.es\/plexus-tech-foro-noroeste-prensa-iberica\/#primaryimage","inLanguage":"pt-PT","url":"https:\/\/www.plexus.es\/wp-content\/uploads\/2025\/05\/Mesa-de-trabajo-2-20.png","contentUrl":"https:\/\/www.plexus.es\/wp-content\/uploads\/2025\/05\/Mesa-de-trabajo-2-20.png","width":949,"height":601,"caption":"Antonio Agrasar, fundador y CEO de Plexus Tech, en la mesa de debate \u201cInnovaci\u00f3n y conectividad para competir\u201d."},{"@type":"WebPage","@id":"https:\/\/www.plexus.es\/plexus-tech-foro-noroeste-prensa-iberica\/#webpage","url":"https:\/\/www.plexus.es\/plexus-tech-foro-noroeste-prensa-iberica\/","name":"Plexus Tech participa en el Foro Noroeste de Prensa Ib\u00e9rica","isPartOf":{"@id":"https:\/\/www.plexus.es\/#website"},"primaryImageOfPage":{"@id":"https:\/\/www.plexus.es\/plexus-tech-foro-noroeste-prensa-iberica\/#primaryimage"},"datePublished":"2025-05-15T09:05:18+00:00","dateModified":"2025-06-05T14:42:11+00:00","description":"En el Foro Noroeste, Antonio Agrasar, fundador y CEO de Plexus Tech, habl\u00f3 sobre el poder de la innovaci\u00f3n para el crecimiento de la regi\u00f3n.","breadcrumb":{"@id":"https:\/\/www.plexus.es\/plexus-tech-foro-noroeste-prensa-iberica\/#breadcrumb"},"inLanguage":"pt-PT","potentialAction":[{"@type":"ReadAction","target":["https:\/\/www.plexus.es\/plexus-tech-foro-noroeste-prensa-iberica\/"]}]},{"@type":"BreadcrumbList","@id":"https:\/\/www.plexus.es\/plexus-tech-foro-noroeste-prensa-iberica\/#breadcrumb","itemListElement":[{"@type":"ListItem","position":1,"name":"Home","item":"https:\/\/www.plexus.es\/"},{"@type":"ListItem","position":2,"name":"Plexus Tech participa en la primera edici\u00f3n del Foro Noroeste de Prensa Ib\u00e9rica"}]},{"@type":"Article","@id":"https:\/\/www.plexus.es\/plexus-tech-foro-noroeste-prensa-iberica\/#article","isPartOf":{"@id":"https:\/\/www.plexus.es\/plexus-tech-foro-noroeste-prensa-iberica\/#webpage"},"author":{"@id":"https:\/\/www.plexus.es\/#\/schema\/person\/8f02d5ce6d7b659fa68b0e90317c5171"},"headline":"Plexus Tech participa en la primera edici\u00f3n del Foro Noroeste de Prensa Ib\u00e9rica","datePublished":"2025-05-15T09:05:18+00:00","dateModified":"2025-06-05T14:42:11+00:00","mainEntityOfPage":{"@id":"https:\/\/www.plexus.es\/plexus-tech-foro-noroeste-prensa-iberica\/#webpage"},"wordCount":2524,"commentCount":0,"publisher":{"@id":"https:\/\/www.plexus.es\/#organization"},"image":{"@id":"https:\/\/www.plexus.es\/plexus-tech-foro-noroeste-prensa-iberica\/#primaryimage"},"thumbnailUrl":"https:\/\/www.plexus.es\/wp-content\/uploads\/2025\/05\/Mesa-de-trabajo-2-20.png","articleSection":["Eventos","Tech&amp;Innovaci\u00f3n"],"inLanguage":"pt-PT","potentialAction":[{"@type":"CommentAction","name":"Comment","target":["https:\/\/www.plexus.es\/plexus-tech-foro-noroeste-prensa-iberica\/#respond"]}]},{"@type":"Person","@id":"https:\/\/www.plexus.es\/#\/schema\/person\/8f02d5ce6d7b659fa68b0e90317c5171","name":"admin_plexus","image":{"@type":"ImageObject","@id":"https:\/\/www.plexus.es\/#personlogo","inLanguage":"pt-PT","url":"https:\/\/secure.gravatar.com\/avatar\/c1d7caf9a4063a74393abcf91991e9cd?s=96&d=mm&r=g","contentUrl":"https:\/\/secure.gravatar.com\/avatar\/c1d7caf9a4063a74393abcf91991e9cd?s=96&d=mm&r=g","caption":"admin_plexus"},"sameAs":["https:\/\/www.plexus.es"]}]}},"_links":{"self":[{"href":"https:\/\/www.plexus.es\/pt-pt\/wp-json\/wp\/v2\/posts\/47911"}],"collection":[{"href":"https:\/\/www.plexus.es\/pt-pt\/wp-json\/wp\/v2\/posts"}],"about":[{"href":"https:\/\/www.plexus.es\/pt-pt\/wp-json\/wp\/v2\/types\/post"}],"author":[{"embeddable":true,"href":"https:\/\/www.plexus.es\/pt-pt\/wp-json\/wp\/v2\/users\/1"}],"replies":[{"embeddable":true,"href":"https:\/\/www.plexus.es\/pt-pt\/wp-json\/wp\/v2\/comments?post=47911"}],"version-history":[{"count":3,"href":"https:\/\/www.plexus.es\/pt-pt\/wp-json\/wp\/v2\/posts\/47911\/revisions"}],"predecessor-version":[{"id":47932,"href":"https:\/\/www.plexus.es\/pt-pt\/wp-json\/wp\/v2\/posts\/47911\/revisions\/47932"}],"wp:featuredmedia":[{"embeddable":true,"href":"https:\/\/www.plexus.es\/pt-pt\/wp-json\/wp\/v2\/media\/47966"}],"wp:attachment":[{"href":"https:\/\/www.plexus.es\/pt-pt\/wp-json\/wp\/v2\/media?parent=47911"}],"wp:term":[{"taxonomy":"category","embeddable":true,"href":"https:\/\/www.plexus.es\/pt-pt\/wp-json\/wp\/v2\/categories?post=47911"},{"taxonomy":"post_tag","embeddable":true,"href":"https:\/\/www.plexus.es\/pt-pt\/wp-json\/wp\/v2\/tags?post=47911"}],"curies":[{"name":"wp","href":"https:\/\/api.w.org\/{rel}","templated":true}]}}